{"id":955,"date":"2022-07-09T12:00:12","date_gmt":"2022-07-09T10:00:12","guid":{"rendered":"https:\/\/lanuitdesours.lautre.net\/?p=955"},"modified":"2022-07-26T14:59:35","modified_gmt":"2022-07-26T12:59:35","slug":"les-journees-dete","status":"publish","type":"post","link":"https:\/\/lanuitdesours.lautre.net\/?p=955","title":{"rendered":"Les Journ\u00e9es d&rsquo;Et\u00e9"},"content":{"rendered":"\n<h1 class=\"wp-block-heading\">LES JOURN\u00c9ES D&rsquo;\u00c9T\u00c9 DE VALLORCINE, <br>LES 11, 12 &amp; 13 AO\u00dbT 2022 : <br>UKRAINE \/ EXIL \/ ACCUEIL<\/h1>\n\n\n\n<div style=\"height:30px\" aria-hidden=\"true\" class=\"wp-block-spacer\"><\/div>\n\n\n\n<h5 class=\"wp-block-heading\">Rester Vivant. Trois journ\u00e9es en bleu et jaune, avec l\u2019Ukraine<\/h5>\n\n\n\n<p class=\"wp-block-paragraph\">Terre de refuges, terre d\u2019accueil, la vall\u00e9e de Chamonix-Mont-Blanc s\u2019est spontan\u00e9ment mobilis\u00e9e, au tout d\u00e9but de la guerre en Ukraine pour h\u00e9berger des familles contraintes \u00e0 l\u2019exil. La Nuit des Ours, festival en mouvement, festival des \u00ab arts du chemin \u00bb, joint sa voix \u00e0 cette essentielle solidarit\u00e9 en actes.<\/p>\n\n\n\n<p class=\"wp-block-paragraph\">Puisqu\u2019il s\u2019agit de \u00ab Rester vivant \u00bb, nos Journ\u00e9es d\u2019\u00e9t\u00e9 se mettront au diapason du bleu et du jaune, les couleurs du drapeau ukrainien : les bandes horizontales bleue et jaune symbolisent le ciel bleu au-dessus des champs de bl\u00e9 m\u00fbrissant, avant la moisson, dans les steppes. En associant les r\u00e9fugi\u00e9.e.s d\u2019Ukraine pr\u00e9sent.e.s dans la vall\u00e9e de Chamonix-Mont-Blanc, ces trois journ\u00e9es, anim\u00e9es par <strong>Jean-Marc Adolphe <\/strong>r\u00e9dacteur en chef des humanit\u00e9s, assist\u00e9 de <strong>Alo\u00efke Tapo <\/strong>accueilleront des actes artistiques, des interventions graphiques avec <strong>Yeva Yasynetska<\/strong>, des ateliers et des rencontres avec des personnalit\u00e9s telles que le po\u00e8te et traducteur <strong>Andr\u00e9 Markowicz <\/strong>ou <strong>Iryna Dmytrychyn<\/strong>, ma\u00eetre de conf\u00e9rences \u00e0 l\u2019INALCO et d\u2019autres invit\u00e9s surprises.<\/p>\n\n\n\n<h5 class=\"wp-block-heading\">Avec :<\/h5>\n\n\n\n<p class=\"wp-block-paragraph\"><strong>Andr\u00e9 Markowicz<\/strong>, \u00e9crivain et traducteur de Tchekov et Shakespeare<br><strong>Iryna Dmytrychyn<\/strong>, historienne, Maitre de conf\u00e9rence \u00e0 l\u2019 INALCO<br><strong>R\u00e9mi Boissonnas<\/strong>, t\u00e9moin de retour d\u2019Ukraine<br><strong>Olena et Yeva Yasynetska<\/strong>, r\u00e9fugi\u00e9es dans la Vall\u00e9e<br><strong>Jean-Marc Adolphe<\/strong>, r\u00e9dacteur en chef des humanit\u00e9s<br><strong>Dominique Derda<\/strong>, ancien correspondant de France t\u00e9l\u00e9vision \u00e0 Moscou<\/p>\n\n\n\n<h5 class=\"wp-block-heading\">Horaire :<\/h5>\n\n\n\n<ul class=\"wp-block-list\"><li><strong>10h \u00e0 13h :<\/strong> conf\u00e9rence\/d\u00e9bat<\/li><li><strong>14h30 \u00e0 16h30 :<\/strong> temps libre ou <strong><a href=\"https:\/\/nuit-des-ours.com\/2022\/les-ateliers\/\">ATELIERS<\/a><\/strong> de LA NUIT DES OURS<\/li><li><strong>17h \u00e0 19h :<\/strong> suite conf\u00e9rence\/d\u00e9bat <\/li><li><strong>Soir\u00e9e du 11 :<\/strong> rencontre avec les r\u00e9fugi\u00e9.e.s<\/li><\/ul>\n\n\n\n<h5 class=\"wp-block-heading\"><strong>Informations pratiques :<\/strong><\/h5>\n\n\n\n<ul class=\"wp-block-list\"><li>A partir de 14 ans<\/li><li><strong>Lieu:<\/strong> La Poya, Vallorcine (gare du Buet)<\/li><li><strong>Participation aux frais :<\/strong> 30\u20ac \/ jour (90\u20ac pour les 3 jours)<\/li><li><strong>R\u00e9servations :<\/strong> UNIQUEMENT en ligne sur HelloAsso<\/li><li>Pension possible \u00e0 SKIROC, Vallorcine (nous contacter directement <a href=\"mailto:lanuitdesours@gmail.com\" target=\"_blank\" rel=\"noreferrer noopener\">lanuitdesours@gmail.com<\/a>)<\/li><\/ul>\n\n\n\n<hr class=\"wp-block-separator has-alpha-channel-opacity is-style-dots\"\/>\n\n\n\n<div class=\"wp-block-buttons is-content-justification-center is-layout-flex wp-container-core-buttons-is-layout-fe48e5de wp-block-buttons-is-layout-flex\">\n<div class=\"wp-block-button is-style-outline is-style-outline--1\"><a class=\"wp-block-button__link has-accent-1-color has-accent-2-background-color has-text-color has-background\" href=\"https:\/\/www.helloasso.com\/associations\/la-nuit-des-ours\/evenements\/la-nuits-des-ours-2022\" style=\"border-radius:0px\" target=\"_blank\" rel=\"noreferrer noopener\">R\u00c9SERVER<\/a><\/div>\n<\/div>\n\n\n\n<hr class=\"wp-block-separator has-alpha-channel-opacity is-style-dots\"\/>\n","protected":false},"excerpt":{"rendered":"<p>LES 11, 12 &#038; 13 AO\u00dbT 2022. Rester Vivant. Trois journ\u00e9es en bleu et jaune : conf\u00e9rences \/ d\u00e9bats, actes artistique et ateliers sur le th\u00e8me de l&rsquo;Ukraine, l&rsquo;exil et l&rsquo;accueil. Rencontre avec les r\u00e9fugi\u00e9.e.s ukrainien.e.s de la vall\u00e9e. Sur r\u00e9servation (30\u20ac\/jour).<\/p>\n","protected":false},"author":1,"featured_media":279,"comment_status":"closed","ping_status":"closed","sticky":false,"template":"","format":"standard","meta":{"footnotes":""},"categories":[9],"tags":[],"class_list":["post-955","post","type-post","status-publish","format-standard","has-post-thumbnail","hentry","category-edition-2022"],"yoast_head":"<!-- This site is optimized with the Yoast SEO plugin v28.3 - https:\/\/yoast.com\/product\/yoast-seo-wordpress\/ -->\n<title>Les Journ\u00e9es d&#039;Et\u00e9 - La Nuit des Ours<\/title>\n<meta name=\"robots\" content=\"index, follow, max-snippet:-1, max-image-preview:large, max-video-preview:-1\" \/>\n<link rel=\"canonical\" href=\"https:\/\/lanuitdesours.lautre.net\/?p=955\" \/>\n<meta property=\"og:locale\" content=\"fr_FR\" \/>\n<meta property=\"og:type\" content=\"article\" \/>\n<meta property=\"og:title\" content=\"Les Journ\u00e9es d&#039;Et\u00e9 - La Nuit des Ours\" \/>\n<meta property=\"og:description\" content=\"LES 11, 12 &amp; 13 AO\u00dbT 2022. Rester Vivant. Trois journ\u00e9es en bleu et jaune : conf\u00e9rences \/ d\u00e9bats, actes artistique et ateliers sur le th\u00e8me de l&#039;Ukraine, l&#039;exil et l&#039;accueil. Rencontre avec les r\u00e9fugi\u00e9.e.s ukrainien.e.s de la vall\u00e9e. Sur r\u00e9servation (30\u20ac\/jour).\" \/>\n<meta property=\"og:url\" content=\"https:\/\/lanuitdesours.lautre.net\/?p=955\" \/>\n<meta property=\"og:site_name\" content=\"La Nuit des Ours\" \/>\n<meta property=\"article:publisher\" content=\"https:\/\/www.facebook.com\/lanuitdesours\/\" \/>\n<meta property=\"article:published_time\" content=\"2022-07-09T10:00:12+00:00\" \/>\n<meta property=\"article:modified_time\" content=\"2022-07-26T12:59:35+00:00\" \/>\n<meta property=\"og:image\" content=\"https:\/\/lanuitdesours.lautre.net\/wp-content\/uploads\/2022\/07\/Rester-vivant_J1.jpg\" \/>\n\t<meta property=\"og:image:width\" content=\"1600\" \/>\n\t<meta property=\"og:image:height\" content=\"450\" \/>\n\t<meta property=\"og:image:type\" content=\"image\/jpeg\" \/>\n<meta name=\"author\" content=\"Cr\u00e9er c&#039;est R\u00e9sister\" \/>\n<meta name=\"twitter:card\" content=\"summary_large_image\" \/>\n<meta name=\"twitter:label1\" content=\"\u00c9crit par\" \/>\n\t<meta name=\"twitter:data1\" content=\"Cr\u00e9er c&#039;est R\u00e9sister\" \/>\n\t<meta name=\"twitter:label2\" content=\"Dur\u00e9e de lecture estim\u00e9e\" \/>\n\t<meta name=\"twitter:data2\" content=\"2 minutes\" \/>\n<script type=\"application\/ld+json\" class=\"yoast-schema-graph\">{\"@context\":\"https:\\\/\\\/schema.org\",\"@graph\":[{\"@type\":\"Article\",\"@id\":\"https:\\\/\\\/lanuitdesours.lautre.net\\\/?p=955#article\",\"isPartOf\":{\"@id\":\"https:\\\/\\\/lanuitdesours.lautre.net\\\/?p=955\"},\"author\":{\"name\":\"Cr\u00e9er c'est R\u00e9sister\",\"@id\":\"https:\\\/\\\/lanuitdesours.lautre.net\\\/#\\\/schema\\\/person\\\/1f4500f2f631d9916d6b39f1c0ba934c\"},\"headline\":\"Les Journ\u00e9es d&rsquo;Et\u00e9\",\"datePublished\":\"2022-07-09T10:00:12+00:00\",\"dateModified\":\"2022-07-26T12:59:35+00:00\",\"mainEntityOfPage\":{\"@id\":\"https:\\\/\\\/lanuitdesours.lautre.net\\\/?p=955\"},\"wordCount\":347,\"publisher\":{\"@id\":\"https:\\\/\\\/lanuitdesours.lautre.net\\\/#organization\"},\"image\":{\"@id\":\"https:\\\/\\\/lanuitdesours.lautre.net\\\/?p=955#primaryimage\"},\"thumbnailUrl\":\"https:\\\/\\\/lanuitdesours.lautre.net\\\/wp-content\\\/uploads\\\/2022\\\/07\\\/Rester-vivant_J1.jpg\",\"articleSection\":[\"Edition 2022\"],\"inLanguage\":\"fr-FR\"},{\"@type\":\"WebPage\",\"@id\":\"https:\\\/\\\/lanuitdesours.lautre.net\\\/?p=955\",\"url\":\"https:\\\/\\\/lanuitdesours.lautre.net\\\/?p=955\",\"name\":\"Les Journ\u00e9es d'Et\u00e9 - La Nuit des Ours\",\"isPartOf\":{\"@id\":\"https:\\\/\\\/lanuitdesours.lautre.net\\\/#website\"},\"primaryImageOfPage\":{\"@id\":\"https:\\\/\\\/lanuitdesours.lautre.net\\\/?p=955#primaryimage\"},\"image\":{\"@id\":\"https:\\\/\\\/lanuitdesours.lautre.net\\\/?p=955#primaryimage\"},\"thumbnailUrl\":\"https:\\\/\\\/lanuitdesours.lautre.net\\\/wp-content\\\/uploads\\\/2022\\\/07\\\/Rester-vivant_J1.jpg\",\"datePublished\":\"2022-07-09T10:00:12+00:00\",\"dateModified\":\"2022-07-26T12:59:35+00:00\",\"breadcrumb\":{\"@id\":\"https:\\\/\\\/lanuitdesours.lautre.net\\\/?p=955#breadcrumb\"},\"inLanguage\":\"fr-FR\",\"potentialAction\":[{\"@type\":\"ReadAction\",\"target\":[\"https:\\\/\\\/lanuitdesours.lautre.net\\\/?p=955\"]}]},{\"@type\":\"ImageObject\",\"inLanguage\":\"fr-FR\",\"@id\":\"https:\\\/\\\/lanuitdesours.lautre.net\\\/?p=955#primaryimage\",\"url\":\"https:\\\/\\\/lanuitdesours.lautre.net\\\/wp-content\\\/uploads\\\/2022\\\/07\\\/Rester-vivant_J1.jpg\",\"contentUrl\":\"https:\\\/\\\/lanuitdesours.lautre.net\\\/wp-content\\\/uploads\\\/2022\\\/07\\\/Rester-vivant_J1.jpg\",\"width\":1600,\"height\":450,\"caption\":\"\u24b8 Kyo Acerbis Kitayama @kyoak\"},{\"@type\":\"BreadcrumbList\",\"@id\":\"https:\\\/\\\/lanuitdesours.lautre.net\\\/?p=955#breadcrumb\",\"itemListElement\":[{\"@type\":\"ListItem\",\"position\":1,\"name\":\"Accueil\",\"item\":\"https:\\\/\\\/lanuitdesours.lautre.net\\\/\"},{\"@type\":\"ListItem\",\"position\":2,\"name\":\"Les Journ\u00e9es d&rsquo;Et\u00e9\"}]},{\"@type\":\"WebSite\",\"@id\":\"https:\\\/\\\/lanuitdesours.lautre.net\\\/#website\",\"url\":\"https:\\\/\\\/lanuitdesours.lautre.net\\\/\",\"name\":\"La Nuit des Ours\",\"description\":\"CR\u00c9ER C&#039;EST R\u00c9SISTER | R\u00c9SISTER C&#039;EST CR\u00c9ER\",\"publisher\":{\"@id\":\"https:\\\/\\\/lanuitdesours.lautre.net\\\/#organization\"},\"potentialAction\":[{\"@type\":\"SearchAction\",\"target\":{\"@type\":\"EntryPoint\",\"urlTemplate\":\"https:\\\/\\\/lanuitdesours.lautre.net\\\/?s={search_term_string}\"},\"query-input\":{\"@type\":\"PropertyValueSpecification\",\"valueRequired\":true,\"valueName\":\"search_term_string\"}}],\"inLanguage\":\"fr-FR\"},{\"@type\":\"Organization\",\"@id\":\"https:\\\/\\\/lanuitdesours.lautre.net\\\/#organization\",\"name\":\"Association LA NUIT DES OURS\",\"url\":\"https:\\\/\\\/lanuitdesours.lautre.net\\\/\",\"logo\":{\"@type\":\"ImageObject\",\"inLanguage\":\"fr-FR\",\"@id\":\"https:\\\/\\\/lanuitdesours.lautre.net\\\/#\\\/schema\\\/logo\\\/image\\\/\",\"url\":\"https:\\\/\\\/nuit-des-ours.com\\\/wp-content\\\/uploads\\\/2022\\\/07\\\/cropped-NDO_logo-noir_jaune.jpg\",\"contentUrl\":\"https:\\\/\\\/nuit-des-ours.com\\\/wp-content\\\/uploads\\\/2022\\\/07\\\/cropped-NDO_logo-noir_jaune.jpg\",\"width\":512,\"height\":512,\"caption\":\"Association LA NUIT DES OURS\"},\"image\":{\"@id\":\"https:\\\/\\\/lanuitdesours.lautre.net\\\/#\\\/schema\\\/logo\\\/image\\\/\"},\"sameAs\":[\"https:\\\/\\\/www.facebook.com\\\/lanuitdesours\\\/\",\"https:\\\/\\\/www.instagram.com\\\/lanuitdesours\\\/\"]},{\"@type\":\"Person\",\"@id\":\"https:\\\/\\\/lanuitdesours.lautre.net\\\/#\\\/schema\\\/person\\\/1f4500f2f631d9916d6b39f1c0ba934c\",\"name\":\"Cr\u00e9er c'est R\u00e9sister\",\"image\":{\"@type\":\"ImageObject\",\"inLanguage\":\"fr-FR\",\"@id\":\"https:\\\/\\\/secure.gravatar.com\\\/avatar\\\/08f4e38908e105d843bc2bab0e7af2243257415b61b5fe99e955c21a5f61fc2b?s=96&d=mm&r=g\",\"url\":\"https:\\\/\\\/secure.gravatar.com\\\/avatar\\\/08f4e38908e105d843bc2bab0e7af2243257415b61b5fe99e955c21a5f61fc2b?s=96&d=mm&r=g\",\"contentUrl\":\"https:\\\/\\\/secure.gravatar.com\\\/avatar\\\/08f4e38908e105d843bc2bab0e7af2243257415b61b5fe99e955c21a5f61fc2b?s=96&d=mm&r=g\",\"caption\":\"Cr\u00e9er c'est R\u00e9sister\"},\"sameAs\":[\"http:\\\/\\\/www.lanuitdesours.lautre.net\"],\"url\":\"https:\\\/\\\/lanuitdesours.lautre.net\\\/?author=1\"}]}<\/script>\n<!-- \/ Yoast SEO plugin. -->","yoast_head_json":{"title":"Les Journ\u00e9es d'Et\u00e9 - La Nuit des Ours","robots":{"index":"index","follow":"follow","max-snippet":"max-snippet:-1","max-image-preview":"max-image-preview:large","max-video-preview":"max-video-preview:-1"},"canonical":"https:\/\/lanuitdesours.lautre.net\/?p=955","og_locale":"fr_FR","og_type":"article","og_title":"Les Journ\u00e9es d'Et\u00e9 - La Nuit des Ours","og_description":"LES 11, 12 & 13 AO\u00dbT 2022. Rester Vivant. Trois journ\u00e9es en bleu et jaune : conf\u00e9rences \/ d\u00e9bats, actes artistique et ateliers sur le th\u00e8me de l'Ukraine, l'exil et l'accueil. Rencontre avec les r\u00e9fugi\u00e9.e.s ukrainien.e.s de la vall\u00e9e. Sur r\u00e9servation (30\u20ac\/jour).","og_url":"https:\/\/lanuitdesours.lautre.net\/?p=955","og_site_name":"La Nuit des Ours","article_publisher":"https:\/\/www.facebook.com\/lanuitdesours\/","article_published_time":"2022-07-09T10:00:12+00:00","article_modified_time":"2022-07-26T12:59:35+00:00","og_image":[{"width":1600,"height":450,"url":"https:\/\/lanuitdesours.lautre.net\/wp-content\/uploads\/2022\/07\/Rester-vivant_J1.jpg","type":"image\/jpeg"}],"author":"Cr\u00e9er c'est R\u00e9sister","twitter_card":"summary_large_image","twitter_misc":{"\u00c9crit par":"Cr\u00e9er c'est R\u00e9sister","Dur\u00e9e de lecture estim\u00e9e":"2 minutes"},"schema":{"@context":"https:\/\/schema.org","@graph":[{"@type":"Article","@id":"https:\/\/lanuitdesours.lautre.net\/?p=955#article","isPartOf":{"@id":"https:\/\/lanuitdesours.lautre.net\/?p=955"},"author":{"name":"Cr\u00e9er c'est R\u00e9sister","@id":"https:\/\/lanuitdesours.lautre.net\/#\/schema\/person\/1f4500f2f631d9916d6b39f1c0ba934c"},"headline":"Les Journ\u00e9es d&rsquo;Et\u00e9","datePublished":"2022-07-09T10:00:12+00:00","dateModified":"2022-07-26T12:59:35+00:00","mainEntityOfPage":{"@id":"https:\/\/lanuitdesours.lautre.net\/?p=955"},"wordCount":347,"publisher":{"@id":"https:\/\/lanuitdesours.lautre.net\/#organization"},"image":{"@id":"https:\/\/lanuitdesours.lautre.net\/?p=955#primaryimage"},"thumbnailUrl":"https:\/\/lanuitdesours.lautre.net\/wp-content\/uploads\/2022\/07\/Rester-vivant_J1.jpg","articleSection":["Edition 2022"],"inLanguage":"fr-FR"},{"@type":"WebPage","@id":"https:\/\/lanuitdesours.lautre.net\/?p=955","url":"https:\/\/lanuitdesours.lautre.net\/?p=955","name":"Les Journ\u00e9es d'Et\u00e9 - La Nuit des Ours","isPartOf":{"@id":"https:\/\/lanuitdesours.lautre.net\/#website"},"primaryImageOfPage":{"@id":"https:\/\/lanuitdesours.lautre.net\/?p=955#primaryimage"},"image":{"@id":"https:\/\/lanuitdesours.lautre.net\/?p=955#primaryimage"},"thumbnailUrl":"https:\/\/lanuitdesours.lautre.net\/wp-content\/uploads\/2022\/07\/Rester-vivant_J1.jpg","datePublished":"2022-07-09T10:00:12+00:00","dateModified":"2022-07-26T12:59:35+00:00","breadcrumb":{"@id":"https:\/\/lanuitdesours.lautre.net\/?p=955#breadcrumb"},"inLanguage":"fr-FR","potentialAction":[{"@type":"ReadAction","target":["https:\/\/lanuitdesours.lautre.net\/?p=955"]}]},{"@type":"ImageObject","inLanguage":"fr-FR","@id":"https:\/\/lanuitdesours.lautre.net\/?p=955#primaryimage","url":"https:\/\/lanuitdesours.lautre.net\/wp-content\/uploads\/2022\/07\/Rester-vivant_J1.jpg","contentUrl":"https:\/\/lanuitdesours.lautre.net\/wp-content\/uploads\/2022\/07\/Rester-vivant_J1.jpg","width":1600,"height":450,"caption":"\u24b8 Kyo Acerbis Kitayama @kyoak"},{"@type":"BreadcrumbList","@id":"https:\/\/lanuitdesours.lautre.net\/?p=955#breadcrumb","itemListElement":[{"@type":"ListItem","position":1,"name":"Accueil","item":"https:\/\/lanuitdesours.lautre.net\/"},{"@type":"ListItem","position":2,"name":"Les Journ\u00e9es d&rsquo;Et\u00e9"}]},{"@type":"WebSite","@id":"https:\/\/lanuitdesours.lautre.net\/#website","url":"https:\/\/lanuitdesours.lautre.net\/","name":"La Nuit des Ours","description":"CR\u00c9ER C&#039;EST R\u00c9SISTER | R\u00c9SISTER C&#039;EST CR\u00c9ER","publisher":{"@id":"https:\/\/lanuitdesours.lautre.net\/#organization"},"potentialAction":[{"@type":"SearchAction","target":{"@type":"EntryPoint","urlTemplate":"https:\/\/lanuitdesours.lautre.net\/?s={search_term_string}"},"query-input":{"@type":"PropertyValueSpecification","valueRequired":true,"valueName":"search_term_string"}}],"inLanguage":"fr-FR"},{"@type":"Organization","@id":"https:\/\/lanuitdesours.lautre.net\/#organization","name":"Association LA NUIT DES OURS","url":"https:\/\/lanuitdesours.lautre.net\/","logo":{"@type":"ImageObject","inLanguage":"fr-FR","@id":"https:\/\/lanuitdesours.lautre.net\/#\/schema\/logo\/image\/","url":"https:\/\/nuit-des-ours.com\/wp-content\/uploads\/2022\/07\/cropped-NDO_logo-noir_jaune.jpg","contentUrl":"https:\/\/nuit-des-ours.com\/wp-content\/uploads\/2022\/07\/cropped-NDO_logo-noir_jaune.jpg","width":512,"height":512,"caption":"Association LA NUIT DES OURS"},"image":{"@id":"https:\/\/lanuitdesours.lautre.net\/#\/schema\/logo\/image\/"},"sameAs":["https:\/\/www.facebook.com\/lanuitdesours\/","https:\/\/www.instagram.com\/lanuitdesours\/"]},{"@type":"Person","@id":"https:\/\/lanuitdesours.lautre.net\/#\/schema\/person\/1f4500f2f631d9916d6b39f1c0ba934c","name":"Cr\u00e9er c'est R\u00e9sister","image":{"@type":"ImageObject","inLanguage":"fr-FR","@id":"https:\/\/secure.gravatar.com\/avatar\/08f4e38908e105d843bc2bab0e7af2243257415b61b5fe99e955c21a5f61fc2b?s=96&d=mm&r=g","url":"https:\/\/secure.gravatar.com\/avatar\/08f4e38908e105d843bc2bab0e7af2243257415b61b5fe99e955c21a5f61fc2b?s=96&d=mm&r=g","contentUrl":"https:\/\/secure.gravatar.com\/avatar\/08f4e38908e105d843bc2bab0e7af2243257415b61b5fe99e955c21a5f61fc2b?s=96&d=mm&r=g","caption":"Cr\u00e9er c'est R\u00e9sister"},"sameAs":["http:\/\/www.lanuitdesours.lautre.net"],"url":"https:\/\/lanuitdesours.lautre.net\/?author=1"}]}},"_links":{"self":[{"href":"https:\/\/lanuitdesours.lautre.net\/index.php?rest_route=\/wp\/v2\/posts\/955","targetHints":{"allow":["GET"]}}],"collection":[{"href":"https:\/\/lanuitdesours.lautre.net\/index.php?rest_route=\/wp\/v2\/posts"}],"about":[{"href":"https:\/\/lanuitdesours.lautre.net\/index.php?rest_route=\/wp\/v2\/types\/post"}],"author":[{"embeddable":true,"href":"https:\/\/lanuitdesours.lautre.net\/index.php?rest_route=\/wp\/v2\/users\/1"}],"replies":[{"embeddable":true,"href":"https:\/\/lanuitdesours.lautre.net\/index.php?rest_route=%2Fwp%2Fv2%2Fcomments&post=955"}],"version-history":[{"count":7,"href":"https:\/\/lanuitdesours.lautre.net\/index.php?rest_route=\/wp\/v2\/posts\/955\/revisions"}],"predecessor-version":[{"id":1419,"href":"https:\/\/lanuitdesours.lautre.net\/index.php?rest_route=\/wp\/v2\/posts\/955\/revisions\/1419"}],"wp:featuredmedia":[{"embeddable":true,"href":"https:\/\/lanuitdesours.lautre.net\/index.php?rest_route=\/wp\/v2\/media\/279"}],"wp:attachment":[{"href":"https:\/\/lanuitdesours.lautre.net\/index.php?rest_route=%2Fwp%2Fv2%2Fmedia&parent=955"}],"wp:term":[{"taxonomy":"category","embeddable":true,"href":"https:\/\/lanuitdesours.lautre.net\/index.php?rest_route=%2Fwp%2Fv2%2Fcategories&post=955"},{"taxonomy":"post_tag","embeddable":true,"href":"https:\/\/lanuitdesours.lautre.net\/index.php?rest_route=%2Fwp%2Fv2%2Ftags&post=955"}],"curies":[{"name":"wp","href":"https:\/\/api.w.org\/{rel}","templated":true}]}}