{"id":913,"date":"2022-07-08T12:00:52","date_gmt":"2022-07-08T10:00:52","guid":{"rendered":"https:\/\/lanuitdesours.lautre.net\/?p=913"},"modified":"2022-08-03T17:29:33","modified_gmt":"2022-08-03T15:29:33","slug":"la-soiree-des-oursons","status":"publish","type":"post","link":"https:\/\/lanuitdesours.lautre.net\/?p=913","title":{"rendered":"La Soir\u00e9e des Oursons"},"content":{"rendered":"\n<h2 class=\"wp-block-heading\"><strong>LA SOIR\u00c9E DES OURSONS, LE 11 AO\u00dbT 2022<\/strong><\/h2>\n\n\n\n<p class=\"wp-block-paragraph\"><strong>La Soir\u00e9e des Oursons, c&rsquo;est une exp\u00e9rience artistique en pleine nature sp\u00e9cialement con\u00e7ue pour les enfants, avec leurs parents. Danse, spectacle et casse-cro\u00fbte &#8211; un moment de d\u00e9tente et d\u00e9couverte artistique \u00e0 partager en famille !<\/strong><\/p>\n\n\n\n<div class=\"wp-block-columns is-layout-flex wp-container-core-columns-is-layout-8f761849 wp-block-columns-is-layout-flex\">\n<div class=\"wp-block-column is-layout-flow wp-block-column-is-layout-flow\" style=\"flex-basis:50%\">\n<div class=\"wp-block-group\"><div class=\"wp-block-group__inner-container is-layout-flow wp-block-group-is-layout-flow\">\n<h5 class=\"wp-block-heading\"><strong>Avec :<\/strong><\/h5>\n\n\n\n<p class=\"wp-block-paragraph\"><strong>LA COMPAGNIE CHORYPH\u00c9E<\/strong><br><a href=\"https:\/\/www.choryphee.fr\/\" target=\"_blank\" rel=\"noreferrer noopener\">https:\/\/www.choryphee.fr\/<\/a><strong><br><\/strong><br>La SOIR\u00c9E DES OURSONS commencera par <strong>un atelier du corps en mouvement<\/strong> avec les danseurs de la compagnie Choryph\u00e9e. Vous pourrez d\u00e9couvrir des sensations in\u00e9dites, tout en contraste et en nuance. Plier pour sauter, balancer pour tourner, prendre pour donner&#8230; vous serez vous-m\u00eame surpris des possibilit\u00e9s \u00e0 l\u2019infini ! Sans d\u00e9fi technique, vous savourerez un moment hors du temps dans l\u2019univers sonore et gestuel du chor\u00e9graphe Matthieu Barrucand. <\/p>\n\n\n\n<p class=\"wp-block-paragraph\">Puis en prime, un moment dans\u00e9 &#8211; tout simple et tous ensemble &#8211; vous attend en fin du <strong>spectacle L\u2019OURS QUI VOULAIT VIVRE EN FOR\u00caT<\/strong>. Les danseurs nous entra\u00eenent en for\u00eat avec po\u00e9sie pour suivre les aventures d\u2019un petit ours qui voulait quitter sa condition de peluche pour devenir un vrai et grand ours. <\/p>\n\n\n\n<p class=\"wp-block-paragraph\">On termine cette SOIR\u00c9E DES OURSONS avec <strong>un casse-cro\u00fbte<\/strong> constitu\u00e9 de produits du pays et partag\u00e9 avec les artistes. <\/p>\n<\/div><\/div>\n<\/div>\n\n\n\n<div class=\"wp-block-column is-vertically-aligned-center is-layout-flow wp-block-column-is-layout-flow\" style=\"flex-basis:50%\"><div class=\"wp-block-image\">\n<figure class=\"aligncenter size-full\"><img loading=\"lazy\" decoding=\"async\" width=\"233\" height=\"320\" src=\"https:\/\/lanuitdesours.lautre.net\/wp-content\/uploads\/2022\/07\/nuit3.png\" alt=\"\" class=\"wp-image-1033\" srcset=\"https:\/\/lanuitdesours.lautre.net\/wp-content\/uploads\/2022\/07\/nuit3.png 233w, https:\/\/lanuitdesours.lautre.net\/wp-content\/uploads\/2022\/07\/nuit3-218x300.png 218w\" sizes=\"auto, (max-width: 233px) 100vw, 233px\" \/><\/figure>\n<\/div><\/div>\n<\/div>\n\n\n\n<h5 class=\"wp-block-heading\"><strong>Informations pratiques :<\/strong> <\/h5>\n\n\n\n<ul class=\"wp-block-list\"><li>A partir de 3 ans*<\/li><li><mark style=\"background-color:#ffd700\" class=\"has-inline-color\">Les enfants doivent \u00eatre accompagn\u00e9.e.s d&rsquo;au moins un de leurs parents ou r\u00e9f\u00e9rent.e<\/mark><\/li><li><strong>RDV \u00e0 16h <strong>\u00e0 la buvette <\/strong>au pied des pistes de La Poya (cabane de l&rsquo;ESF) \u00e0 Vallorcine (gare du Buet)<\/strong><\/li><li>Danse, spectacle et casse-cro\u00fbte de 16h \u00e0 20h<\/li><li>Participation aux frais : 15\u20ac\/personne (tarif unique tout compris)<\/li><li>R\u00e9servations \u00e0 l\u2019Office de tourisme de Vallorcine (\u00e0 partir du 18 juillet) ou en ligne sur HelloAsso<\/li><\/ul>\n\n\n\n<hr class=\"wp-block-separator has-alpha-channel-opacity is-style-dots\"\/>\n\n\n\n<div class=\"wp-block-buttons is-content-justification-center is-layout-flex wp-container-core-buttons-is-layout-fe48e5de wp-block-buttons-is-layout-flex\">\n<div class=\"wp-block-button is-style-outline is-style-outline--1\"><a class=\"wp-block-button__link has-accent-1-color has-accent-2-background-color has-text-color has-background\" href=\"https:\/\/www.helloasso.com\/associations\/la-nuit-des-ours\/evenements\/la-nuits-des-ours-2022\" style=\"border-radius:0px\" target=\"_blank\" rel=\"noreferrer noopener\">R\u00c9SERVER<\/a><\/div>\n<\/div>\n\n\n\n<div style=\"height:30px\" aria-hidden=\"true\" class=\"wp-block-spacer\"><\/div>\n\n\n\n<p class=\"wp-block-paragraph\">*<strong>POUR LES B\u00c9B\u00c9S <\/strong>: un concert promenade (voir <a href=\"https:\/\/lanuitdesours.lautre.net\/2022\/les-ateliers\/\" data-type=\"post\" data-id=\"843\">LES ATELIERS<\/a>) r\u00e9serv\u00e9 aux b\u00e9b\u00e9s, leurs parents et aux femmes enceintes est propos\u00e9 gratuitement le vendredi 12 de 9h30 \u00e0 11h (avant les grandes chaleurs) par les musiciennes Val\u00e9rie Bernard et Priscille Oehninger .<\/p>\n","protected":false},"excerpt":{"rendered":"<p>LE 11 AO\u00dbT 2022. Pour les plus petits aussi ! D\u00e8s 3 ans avec leurs parents. Une exp\u00e9rience artistique en pleine nature. Danse, spectacle et casse-cro\u00fbte avec la Cie Choryph\u00e9e. Sur r\u00e9servation (15\u20ac\/personne, tarif unique).<\/p>\n","protected":false},"author":1,"featured_media":925,"comment_status":"closed","ping_status":"closed","sticky":false,"template":"","format":"standard","meta":{"footnotes":""},"categories":[9],"tags":[],"class_list":["post-913","post","type-post","status-publish","format-standard","has-post-thumbnail","hentry","category-edition-2022"],"yoast_head":"<!-- This site is optimized with the Yoast SEO plugin v28.3 - https:\/\/yoast.com\/product\/yoast-seo-wordpress\/ -->\n<title>La Soir\u00e9e des Oursons - La Nuit des Ours<\/title>\n<meta name=\"description\" content=\"11 AO\u00dbT 2022. Pour les enfants, d\u00e8s 3 ans avec leurs parents. Une exp\u00e9rience artistique en pleine nature : danse, spectacle et casse-cro\u00fbte.\" \/>\n<meta name=\"robots\" content=\"index, follow, max-snippet:-1, max-image-preview:large, max-video-preview:-1\" \/>\n<link rel=\"canonical\" href=\"https:\/\/lanuitdesours.lautre.net\/?p=913\" \/>\n<meta property=\"og:locale\" content=\"fr_FR\" \/>\n<meta property=\"og:type\" content=\"article\" \/>\n<meta property=\"og:title\" content=\"La Soir\u00e9e des Oursons - La Nuit des Ours\" \/>\n<meta property=\"og:description\" content=\"11 AO\u00dbT 2022. Pour les enfants, d\u00e8s 3 ans avec leurs parents. Une exp\u00e9rience artistique en pleine nature : danse, spectacle et casse-cro\u00fbte.\" \/>\n<meta property=\"og:url\" content=\"https:\/\/lanuitdesours.lautre.net\/?p=913\" \/>\n<meta property=\"og:site_name\" content=\"La Nuit des Ours\" \/>\n<meta property=\"article:publisher\" content=\"https:\/\/www.facebook.com\/lanuitdesours\/\" \/>\n<meta property=\"article:published_time\" content=\"2022-07-08T10:00:52+00:00\" \/>\n<meta property=\"article:modified_time\" content=\"2022-08-03T15:29:33+00:00\" \/>\n<meta property=\"og:image\" content=\"https:\/\/lanuitdesours.lautre.net\/wp-content\/uploads\/2022\/07\/choryphe\u0301e_scolaire-2.png\" \/>\n\t<meta property=\"og:image:width\" content=\"978\" \/>\n\t<meta property=\"og:image:height\" content=\"441\" \/>\n\t<meta property=\"og:image:type\" content=\"image\/png\" \/>\n<meta name=\"author\" content=\"Cr\u00e9er c&#039;est R\u00e9sister\" \/>\n<meta name=\"twitter:card\" content=\"summary_large_image\" \/>\n<meta name=\"twitter:label1\" content=\"\u00c9crit par\" \/>\n\t<meta name=\"twitter:data1\" content=\"Cr\u00e9er c&#039;est R\u00e9sister\" \/>\n\t<meta name=\"twitter:label2\" content=\"Dur\u00e9e de lecture estim\u00e9e\" \/>\n\t<meta name=\"twitter:data2\" content=\"2 minutes\" \/>\n<script type=\"application\/ld+json\" class=\"yoast-schema-graph\">{\"@context\":\"https:\\\/\\\/schema.org\",\"@graph\":[{\"@type\":\"Article\",\"@id\":\"https:\\\/\\\/lanuitdesours.lautre.net\\\/?p=913#article\",\"isPartOf\":{\"@id\":\"https:\\\/\\\/lanuitdesours.lautre.net\\\/?p=913\"},\"author\":{\"name\":\"Cr\u00e9er c'est R\u00e9sister\",\"@id\":\"https:\\\/\\\/lanuitdesours.lautre.net\\\/#\\\/schema\\\/person\\\/1f4500f2f631d9916d6b39f1c0ba934c\"},\"headline\":\"La Soir\u00e9e des Oursons\",\"datePublished\":\"2022-07-08T10:00:52+00:00\",\"dateModified\":\"2022-08-03T15:29:33+00:00\",\"mainEntityOfPage\":{\"@id\":\"https:\\\/\\\/lanuitdesours.lautre.net\\\/?p=913\"},\"wordCount\":338,\"publisher\":{\"@id\":\"https:\\\/\\\/lanuitdesours.lautre.net\\\/#organization\"},\"image\":{\"@id\":\"https:\\\/\\\/lanuitdesours.lautre.net\\\/?p=913#primaryimage\"},\"thumbnailUrl\":\"https:\\\/\\\/lanuitdesours.lautre.net\\\/wp-content\\\/uploads\\\/2022\\\/07\\\/choryphe\u0301e_scolaire-2.png\",\"articleSection\":[\"Edition 2022\"],\"inLanguage\":\"fr-FR\"},{\"@type\":\"WebPage\",\"@id\":\"https:\\\/\\\/lanuitdesours.lautre.net\\\/?p=913\",\"url\":\"https:\\\/\\\/lanuitdesours.lautre.net\\\/?p=913\",\"name\":\"La Soir\u00e9e des Oursons - La Nuit des Ours\",\"isPartOf\":{\"@id\":\"https:\\\/\\\/lanuitdesours.lautre.net\\\/#website\"},\"primaryImageOfPage\":{\"@id\":\"https:\\\/\\\/lanuitdesours.lautre.net\\\/?p=913#primaryimage\"},\"image\":{\"@id\":\"https:\\\/\\\/lanuitdesours.lautre.net\\\/?p=913#primaryimage\"},\"thumbnailUrl\":\"https:\\\/\\\/lanuitdesours.lautre.net\\\/wp-content\\\/uploads\\\/2022\\\/07\\\/choryphe\u0301e_scolaire-2.png\",\"datePublished\":\"2022-07-08T10:00:52+00:00\",\"dateModified\":\"2022-08-03T15:29:33+00:00\",\"description\":\"11 AO\u00dbT 2022. Pour les enfants, d\u00e8s 3 ans avec leurs parents. Une exp\u00e9rience artistique en pleine nature : danse, spectacle et casse-cro\u00fbte.\",\"breadcrumb\":{\"@id\":\"https:\\\/\\\/lanuitdesours.lautre.net\\\/?p=913#breadcrumb\"},\"inLanguage\":\"fr-FR\",\"potentialAction\":[{\"@type\":\"ReadAction\",\"target\":[\"https:\\\/\\\/lanuitdesours.lautre.net\\\/?p=913\"]}]},{\"@type\":\"ImageObject\",\"inLanguage\":\"fr-FR\",\"@id\":\"https:\\\/\\\/lanuitdesours.lautre.net\\\/?p=913#primaryimage\",\"url\":\"https:\\\/\\\/lanuitdesours.lautre.net\\\/wp-content\\\/uploads\\\/2022\\\/07\\\/choryphe\u0301e_scolaire-2.png\",\"contentUrl\":\"https:\\\/\\\/lanuitdesours.lautre.net\\\/wp-content\\\/uploads\\\/2022\\\/07\\\/choryphe\u0301e_scolaire-2.png\",\"width\":978,\"height\":441,\"caption\":\"\u24b8 Cie Choryph\u00e9e\"},{\"@type\":\"BreadcrumbList\",\"@id\":\"https:\\\/\\\/lanuitdesours.lautre.net\\\/?p=913#breadcrumb\",\"itemListElement\":[{\"@type\":\"ListItem\",\"position\":1,\"name\":\"Accueil\",\"item\":\"https:\\\/\\\/lanuitdesours.lautre.net\\\/\"},{\"@type\":\"ListItem\",\"position\":2,\"name\":\"La Soir\u00e9e des Oursons\"}]},{\"@type\":\"WebSite\",\"@id\":\"https:\\\/\\\/lanuitdesours.lautre.net\\\/#website\",\"url\":\"https:\\\/\\\/lanuitdesours.lautre.net\\\/\",\"name\":\"La Nuit des Ours\",\"description\":\"CR\u00c9ER C&#039;EST R\u00c9SISTER | R\u00c9SISTER C&#039;EST CR\u00c9ER\",\"publisher\":{\"@id\":\"https:\\\/\\\/lanuitdesours.lautre.net\\\/#organization\"},\"potentialAction\":[{\"@type\":\"SearchAction\",\"target\":{\"@type\":\"EntryPoint\",\"urlTemplate\":\"https:\\\/\\\/lanuitdesours.lautre.net\\\/?s={search_term_string}\"},\"query-input\":{\"@type\":\"PropertyValueSpecification\",\"valueRequired\":true,\"valueName\":\"search_term_string\"}}],\"inLanguage\":\"fr-FR\"},{\"@type\":\"Organization\",\"@id\":\"https:\\\/\\\/lanuitdesours.lautre.net\\\/#organization\",\"name\":\"Association LA NUIT DES OURS\",\"url\":\"https:\\\/\\\/lanuitdesours.lautre.net\\\/\",\"logo\":{\"@type\":\"ImageObject\",\"inLanguage\":\"fr-FR\",\"@id\":\"https:\\\/\\\/lanuitdesours.lautre.net\\\/#\\\/schema\\\/logo\\\/image\\\/\",\"url\":\"https:\\\/\\\/nuit-des-ours.com\\\/wp-content\\\/uploads\\\/2022\\\/07\\\/cropped-NDO_logo-noir_jaune.jpg\",\"contentUrl\":\"https:\\\/\\\/nuit-des-ours.com\\\/wp-content\\\/uploads\\\/2022\\\/07\\\/cropped-NDO_logo-noir_jaune.jpg\",\"width\":512,\"height\":512,\"caption\":\"Association LA NUIT DES OURS\"},\"image\":{\"@id\":\"https:\\\/\\\/lanuitdesours.lautre.net\\\/#\\\/schema\\\/logo\\\/image\\\/\"},\"sameAs\":[\"https:\\\/\\\/www.facebook.com\\\/lanuitdesours\\\/\",\"https:\\\/\\\/www.instagram.com\\\/lanuitdesours\\\/\"]},{\"@type\":\"Person\",\"@id\":\"https:\\\/\\\/lanuitdesours.lautre.net\\\/#\\\/schema\\\/person\\\/1f4500f2f631d9916d6b39f1c0ba934c\",\"name\":\"Cr\u00e9er c'est R\u00e9sister\",\"image\":{\"@type\":\"ImageObject\",\"inLanguage\":\"fr-FR\",\"@id\":\"https:\\\/\\\/secure.gravatar.com\\\/avatar\\\/08f4e38908e105d843bc2bab0e7af2243257415b61b5fe99e955c21a5f61fc2b?s=96&d=mm&r=g\",\"url\":\"https:\\\/\\\/secure.gravatar.com\\\/avatar\\\/08f4e38908e105d843bc2bab0e7af2243257415b61b5fe99e955c21a5f61fc2b?s=96&d=mm&r=g\",\"contentUrl\":\"https:\\\/\\\/secure.gravatar.com\\\/avatar\\\/08f4e38908e105d843bc2bab0e7af2243257415b61b5fe99e955c21a5f61fc2b?s=96&d=mm&r=g\",\"caption\":\"Cr\u00e9er c'est R\u00e9sister\"},\"sameAs\":[\"http:\\\/\\\/www.lanuitdesours.lautre.net\"],\"url\":\"https:\\\/\\\/lanuitdesours.lautre.net\\\/?author=1\"}]}<\/script>\n<!-- \/ Yoast SEO plugin. -->","yoast_head_json":{"title":"La Soir\u00e9e des Oursons - La Nuit des Ours","description":"11 AO\u00dbT 2022. Pour les enfants, d\u00e8s 3 ans avec leurs parents. Une exp\u00e9rience artistique en pleine nature : danse, spectacle et casse-cro\u00fbte.","robots":{"index":"index","follow":"follow","max-snippet":"max-snippet:-1","max-image-preview":"max-image-preview:large","max-video-preview":"max-video-preview:-1"},"canonical":"https:\/\/lanuitdesours.lautre.net\/?p=913","og_locale":"fr_FR","og_type":"article","og_title":"La Soir\u00e9e des Oursons - La Nuit des Ours","og_description":"11 AO\u00dbT 2022. Pour les enfants, d\u00e8s 3 ans avec leurs parents. Une exp\u00e9rience artistique en pleine nature : danse, spectacle et casse-cro\u00fbte.","og_url":"https:\/\/lanuitdesours.lautre.net\/?p=913","og_site_name":"La Nuit des Ours","article_publisher":"https:\/\/www.facebook.com\/lanuitdesours\/","article_published_time":"2022-07-08T10:00:52+00:00","article_modified_time":"2022-08-03T15:29:33+00:00","og_image":[{"width":978,"height":441,"url":"https:\/\/lanuitdesours.lautre.net\/wp-content\/uploads\/2022\/07\/choryphe\u0301e_scolaire-2.png","type":"image\/png"}],"author":"Cr\u00e9er c'est R\u00e9sister","twitter_card":"summary_large_image","twitter_misc":{"\u00c9crit par":"Cr\u00e9er c'est R\u00e9sister","Dur\u00e9e de lecture estim\u00e9e":"2 minutes"},"schema":{"@context":"https:\/\/schema.org","@graph":[{"@type":"Article","@id":"https:\/\/lanuitdesours.lautre.net\/?p=913#article","isPartOf":{"@id":"https:\/\/lanuitdesours.lautre.net\/?p=913"},"author":{"name":"Cr\u00e9er c'est R\u00e9sister","@id":"https:\/\/lanuitdesours.lautre.net\/#\/schema\/person\/1f4500f2f631d9916d6b39f1c0ba934c"},"headline":"La Soir\u00e9e des Oursons","datePublished":"2022-07-08T10:00:52+00:00","dateModified":"2022-08-03T15:29:33+00:00","mainEntityOfPage":{"@id":"https:\/\/lanuitdesours.lautre.net\/?p=913"},"wordCount":338,"publisher":{"@id":"https:\/\/lanuitdesours.lautre.net\/#organization"},"image":{"@id":"https:\/\/lanuitdesours.lautre.net\/?p=913#primaryimage"},"thumbnailUrl":"https:\/\/lanuitdesours.lautre.net\/wp-content\/uploads\/2022\/07\/choryphe\u0301e_scolaire-2.png","articleSection":["Edition 2022"],"inLanguage":"fr-FR"},{"@type":"WebPage","@id":"https:\/\/lanuitdesours.lautre.net\/?p=913","url":"https:\/\/lanuitdesours.lautre.net\/?p=913","name":"La Soir\u00e9e des Oursons - La Nuit des Ours","isPartOf":{"@id":"https:\/\/lanuitdesours.lautre.net\/#website"},"primaryImageOfPage":{"@id":"https:\/\/lanuitdesours.lautre.net\/?p=913#primaryimage"},"image":{"@id":"https:\/\/lanuitdesours.lautre.net\/?p=913#primaryimage"},"thumbnailUrl":"https:\/\/lanuitdesours.lautre.net\/wp-content\/uploads\/2022\/07\/choryphe\u0301e_scolaire-2.png","datePublished":"2022-07-08T10:00:52+00:00","dateModified":"2022-08-03T15:29:33+00:00","description":"11 AO\u00dbT 2022. Pour les enfants, d\u00e8s 3 ans avec leurs parents. Une exp\u00e9rience artistique en pleine nature : danse, spectacle et casse-cro\u00fbte.","breadcrumb":{"@id":"https:\/\/lanuitdesours.lautre.net\/?p=913#breadcrumb"},"inLanguage":"fr-FR","potentialAction":[{"@type":"ReadAction","target":["https:\/\/lanuitdesours.lautre.net\/?p=913"]}]},{"@type":"ImageObject","inLanguage":"fr-FR","@id":"https:\/\/lanuitdesours.lautre.net\/?p=913#primaryimage","url":"https:\/\/lanuitdesours.lautre.net\/wp-content\/uploads\/2022\/07\/choryphe\u0301e_scolaire-2.png","contentUrl":"https:\/\/lanuitdesours.lautre.net\/wp-content\/uploads\/2022\/07\/choryphe\u0301e_scolaire-2.png","width":978,"height":441,"caption":"\u24b8 Cie Choryph\u00e9e"},{"@type":"BreadcrumbList","@id":"https:\/\/lanuitdesours.lautre.net\/?p=913#breadcrumb","itemListElement":[{"@type":"ListItem","position":1,"name":"Accueil","item":"https:\/\/lanuitdesours.lautre.net\/"},{"@type":"ListItem","position":2,"name":"La Soir\u00e9e des Oursons"}]},{"@type":"WebSite","@id":"https:\/\/lanuitdesours.lautre.net\/#website","url":"https:\/\/lanuitdesours.lautre.net\/","name":"La Nuit des Ours","description":"CR\u00c9ER C&#039;EST R\u00c9SISTER | R\u00c9SISTER C&#039;EST CR\u00c9ER","publisher":{"@id":"https:\/\/lanuitdesours.lautre.net\/#organization"},"potentialAction":[{"@type":"SearchAction","target":{"@type":"EntryPoint","urlTemplate":"https:\/\/lanuitdesours.lautre.net\/?s={search_term_string}"},"query-input":{"@type":"PropertyValueSpecification","valueRequired":true,"valueName":"search_term_string"}}],"inLanguage":"fr-FR"},{"@type":"Organization","@id":"https:\/\/lanuitdesours.lautre.net\/#organization","name":"Association LA NUIT DES OURS","url":"https:\/\/lanuitdesours.lautre.net\/","logo":{"@type":"ImageObject","inLanguage":"fr-FR","@id":"https:\/\/lanuitdesours.lautre.net\/#\/schema\/logo\/image\/","url":"https:\/\/nuit-des-ours.com\/wp-content\/uploads\/2022\/07\/cropped-NDO_logo-noir_jaune.jpg","contentUrl":"https:\/\/nuit-des-ours.com\/wp-content\/uploads\/2022\/07\/cropped-NDO_logo-noir_jaune.jpg","width":512,"height":512,"caption":"Association LA NUIT DES OURS"},"image":{"@id":"https:\/\/lanuitdesours.lautre.net\/#\/schema\/logo\/image\/"},"sameAs":["https:\/\/www.facebook.com\/lanuitdesours\/","https:\/\/www.instagram.com\/lanuitdesours\/"]},{"@type":"Person","@id":"https:\/\/lanuitdesours.lautre.net\/#\/schema\/person\/1f4500f2f631d9916d6b39f1c0ba934c","name":"Cr\u00e9er c'est R\u00e9sister","image":{"@type":"ImageObject","inLanguage":"fr-FR","@id":"https:\/\/secure.gravatar.com\/avatar\/08f4e38908e105d843bc2bab0e7af2243257415b61b5fe99e955c21a5f61fc2b?s=96&d=mm&r=g","url":"https:\/\/secure.gravatar.com\/avatar\/08f4e38908e105d843bc2bab0e7af2243257415b61b5fe99e955c21a5f61fc2b?s=96&d=mm&r=g","contentUrl":"https:\/\/secure.gravatar.com\/avatar\/08f4e38908e105d843bc2bab0e7af2243257415b61b5fe99e955c21a5f61fc2b?s=96&d=mm&r=g","caption":"Cr\u00e9er c'est R\u00e9sister"},"sameAs":["http:\/\/www.lanuitdesours.lautre.net"],"url":"https:\/\/lanuitdesours.lautre.net\/?author=1"}]}},"_links":{"self":[{"href":"https:\/\/lanuitdesours.lautre.net\/index.php?rest_route=\/wp\/v2\/posts\/913","targetHints":{"allow":["GET"]}}],"collection":[{"href":"https:\/\/lanuitdesours.lautre.net\/index.php?rest_route=\/wp\/v2\/posts"}],"about":[{"href":"https:\/\/lanuitdesours.lautre.net\/index.php?rest_route=\/wp\/v2\/types\/post"}],"author":[{"embeddable":true,"href":"https:\/\/lanuitdesours.lautre.net\/index.php?rest_route=\/wp\/v2\/users\/1"}],"replies":[{"embeddable":true,"href":"https:\/\/lanuitdesours.lautre.net\/index.php?rest_route=%2Fwp%2Fv2%2Fcomments&post=913"}],"version-history":[{"count":16,"href":"https:\/\/lanuitdesours.lautre.net\/index.php?rest_route=\/wp\/v2\/posts\/913\/revisions"}],"predecessor-version":[{"id":1571,"href":"https:\/\/lanuitdesours.lautre.net\/index.php?rest_route=\/wp\/v2\/posts\/913\/revisions\/1571"}],"wp:featuredmedia":[{"embeddable":true,"href":"https:\/\/lanuitdesours.lautre.net\/index.php?rest_route=\/wp\/v2\/media\/925"}],"wp:attachment":[{"href":"https:\/\/lanuitdesours.lautre.net\/index.php?rest_route=%2Fwp%2Fv2%2Fmedia&parent=913"}],"wp:term":[{"taxonomy":"category","embeddable":true,"href":"https:\/\/lanuitdesours.lautre.net\/index.php?rest_route=%2Fwp%2Fv2%2Fcategories&post=913"},{"taxonomy":"post_tag","embeddable":true,"href":"https:\/\/lanuitdesours.lautre.net\/index.php?rest_route=%2Fwp%2Fv2%2Ftags&post=913"}],"curies":[{"name":"wp","href":"https:\/\/api.w.org\/{rel}","templated":true}]}}