{"id":907,"date":"2022-07-14T12:00:30","date_gmt":"2022-07-14T10:00:30","guid":{"rendered":"https:\/\/lanuitdesours.lautre.net\/?p=907"},"modified":"2024-07-15T13:23:32","modified_gmt":"2024-07-15T11:23:32","slug":"edito","status":"publish","type":"post","link":"https:\/\/lanuitdesours.lautre.net\/?p=907","title":{"rendered":"Edito 2022"},"content":{"rendered":"\n<h1 class=\"wp-block-heading\">EDITO<\/h1>\n\n\n\n<p class=\"wp-block-paragraph\">Cette \u00e9dition de <strong>LA NUIT DES OURS<\/strong> se souvient et rend hommage \u00e0 Oksana Chatchko fondatrice des FEMEN.<\/p>\n\n\n\n<p class=\"wp-block-paragraph\"><strong>LA NUIT DES OURS<\/strong> est un mouvement artistique et culturel innovant propos\u00e9 pour le quatri\u00e8me \u00e9t\u00e9 cons\u00e9cutif par des habitants de Vallorcine. Il a vite trouv\u00e9 sa place parmi les \u00e9v\u00e8nements importants de la Vall\u00e9e de Chamonix \u2013 Mont-Blanc. L\u2019architecture populaire, l\u2019artisanat paysan, les liens telluriques avec la montagne, la terre et l\u2019eau unissent depuis toujours cette population des confins de la Haute Savoie, et forment son \u00ab paysage \u00bb singulier. Il est le \u00ab th\u00e9\u00e2tre \u00bb de cet \u00e9v\u00e8nement.<\/p>\n\n\n\n<h5 class=\"wp-block-heading\"><strong>50 PROPOSITIONS ARTISTIQUES ET CULTURELLES<\/strong><\/h5>\n\n\n\n<ul class=\"wp-block-list\">\n<li>D\u00e9s le 8 ao\u00fbt, 14 concerts de la \u00ab Tourn\u00e9e des Bistrots \u00bb auront lieu dans des bistrots, buvettes et restaurants d\u2019un bout \u00e0 l\u2019autre de la Vall\u00e9e, de Servoz (France) au Trient (Suisse).<\/li>\n\n\n\n<li>Nous appuyant sur une transmission h\u00e9rit\u00e9e de l\u2019\u00e9ducation populaire, nous proposons une quinzaine d\u2019ateliers gratuits ouverts \u00e0 tous du 8 au 13 ao\u00fbt.<\/li>\n\n\n\n<li>Les \u00ab Journ\u00e9es d\u2019\u00e9t\u00e9 de Vallorcine \/ Rester Vivant \u00bb seront d\u00e9clin\u00e9es les 11, 12 et 13 ao\u00fbt et consacr\u00e9es \u00e0 l\u2019Ukraine, l\u2019exil et l\u2019accueil.<\/li>\n\n\n\n<li>Le 11 ao\u00fbt, la \u00ab Soir\u00e9e des Oursons \u00bb s\u2019adressera aux enfants d\u00e8s 3 ans avec leurs parents.<\/li>\n\n\n\n<li>La semaine culminera avec les fameuses \u00ab Nuits des Ours \u00bb des 12 et 13 ao\u00fbt, vir\u00e9es nocturnes guid\u00e9es \u00e0 travers la montagne, ponctu\u00e9es de spectacles et performances, de sculptures (les \u00ab Arts du Chemin \u00bb), d\u2019exp\u00e9riences originales d\u2019immersion entre for\u00eat, chemins et bosquets.<\/li>\n<\/ul>\n\n\n\n<h5 class=\"wp-block-heading\"><strong>LE POINT DE RENDEZ VOUS : LA BUVETTE DE LA POYA<\/strong><\/h5>\n\n\n\n<p class=\"wp-block-paragraph\">Du 8 au 13 ao\u00fbt et de 12h30 \u00e0 20h30, le centre n\u00e9vralgique du festival se situera \u00e0 la Poya, au pied des pistes de ski. Une restauration rapide, une librairie et le \u00ab rendez-vous des ateliers \u00bb vous y attendent. Vous y retrouverez \u00e9galement les studios de <strong>LA RADIO DES OURS<\/strong> car cette ann\u00e9e Vallorcine s\u2019offre une radio \u00e9ph\u00e9m\u00e8re sur 90.7 FM \u00e0 partir du 27 juillet. <\/p>\n\n\n\n<h5 class=\"wp-block-heading\"><strong>UNE SEMAINE POUR TOUTES ET TOUS<\/strong><\/h5>\n\n\n\n<p class=\"wp-block-paragraph\">Nous nous adressons autant \u00e0 la population de la Vall\u00e9e qu\u2019\u00e0 celles et ceux qui nous rendent visite, aux b\u00e9b\u00e9s (promenade\/concert d\u00e9di\u00e9e), aux jeunes enfants (\u00ab soir\u00e9e des oursons \u00bb du 11) comme aux adultes.<\/p>\n\n\n\n<h5 class=\"wp-block-heading\"><strong>SOUCIEUSE DE NOTRE IMPACT CARBONE<\/strong><\/h5>\n\n\n\n<p class=\"wp-block-paragraph\">La Nuit des Ours mise sur les mobilit\u00e9s douces et le sens des responsabilit\u00e9s de chacun. Gr\u00e2ce \u00e0 un partenariat avec la SNCF, le Mont-Blanc Express vous propose une desserte exceptionnelle de la Vall\u00e9e depuis Le Buet jusqu\u2019\u00e0 Vallorcine et jusqu\u2019aux Houches les nuits des 12 et 13 ao\u00fbt (d\u00e9parts direction Vallorcine \u00e0 00h15 et 02h et direction les Houches \u00e0 00h30 et 2h15). Inutile donc de prendre votre voiture : nous vous emmenons et vous ramenons avec le train, en toute s\u00e9curit\u00e9 !<\/p>\n\n\n\n<blockquote class=\"wp-block-quote is-layout-flow wp-block-quote-is-layout-flow\">\n<p class=\"wp-block-paragraph\"><strong>\u00ab NOUS NE DEFENDONS PAS LA NATURE, NOUS SOMMES LA NATURE QUI SE DEFEND \u00bb<\/strong><\/p>\n<\/blockquote>\n\n\n\n<div class=\"wp-block-buttons is-content-justification-left is-layout-flex wp-container-core-buttons-is-layout-63375db1 wp-block-buttons-is-layout-flex\">\n<div class=\"wp-block-button is-style-outline is-style-outline--1\"><a class=\"wp-block-button__link wp-element-button\" href=\"https:\/\/nuit-des-ours.com\/category\/edition-2022\/\" style=\"border-radius:0px\">Voir le PROGRAMME<\/a><\/div>\n\n\n\n<div class=\"wp-block-button is-style-outline is-style-outline--2\"><a class=\"wp-block-button__link wp-element-button\" href=\"https:\/\/nuit-des-ours.com\/wp-content\/uploads\/2022\/08\/PROGRAMME2022_NDO_versionfinale.pdf\" style=\"border-radius:0px\" target=\"_blank\" rel=\"noreferrer noopener\">T\u00e9l\u00e9charger le PROGRAMME<\/a><\/div>\n<\/div>\n","protected":false},"excerpt":{"rendered":"<p>LA NUIT DES OURS est un mouvement artistique et culturel innovant propos\u00e9 \u00e0 Vallorcine pour le quatri\u00e8me \u00e9t\u00e9 cons\u00e9cutif. Il a vite trouv\u00e9 sa place parmi les \u00e9v\u00e8nements importants de la Vall\u00e9e de Chamonix \u2013 Mont-Blanc. DU 8 AU 13 AO\u00dbT 2022. PR\u00c9AMBULES DU 1er AU 3.<\/p>\n","protected":false},"author":1,"featured_media":929,"comment_status":"closed","ping_status":"closed","sticky":false,"template":"","format":"standard","meta":{"footnotes":""},"categories":[9],"tags":[],"class_list":["post-907","post","type-post","status-publish","format-standard","has-post-thumbnail","hentry","category-edition-2022"],"yoast_head":"<!-- This site is optimized with the Yoast SEO plugin v28.3 - https:\/\/yoast.com\/product\/yoast-seo-wordpress\/ -->\n<title>Edito 2022 - La Nuit des Ours<\/title>\n<meta name=\"robots\" content=\"index, follow, max-snippet:-1, max-image-preview:large, max-video-preview:-1\" \/>\n<link rel=\"canonical\" href=\"https:\/\/lanuitdesours.lautre.net\/?p=907\" \/>\n<meta property=\"og:locale\" content=\"fr_FR\" \/>\n<meta property=\"og:type\" content=\"article\" \/>\n<meta property=\"og:title\" content=\"Edito 2022 - La Nuit des Ours\" \/>\n<meta property=\"og:description\" content=\"LA NUIT DES OURS est un mouvement artistique et culturel innovant propos\u00e9 \u00e0 Vallorcine pour le quatri\u00e8me \u00e9t\u00e9 cons\u00e9cutif. Il a vite trouv\u00e9 sa place parmi les \u00e9v\u00e8nements importants de la Vall\u00e9e de Chamonix \u2013 Mont-Blanc. DU 8 AU 13 AO\u00dbT 2022. PR\u00c9AMBULES DU 1er AU 3.\" \/>\n<meta property=\"og:url\" content=\"https:\/\/lanuitdesours.lautre.net\/?p=907\" \/>\n<meta property=\"og:site_name\" content=\"La Nuit des Ours\" \/>\n<meta property=\"article:publisher\" content=\"https:\/\/www.facebook.com\/lanuitdesours\/\" \/>\n<meta property=\"article:published_time\" content=\"2022-07-14T10:00:30+00:00\" \/>\n<meta property=\"article:modified_time\" content=\"2024-07-15T11:23:32+00:00\" \/>\n<meta property=\"og:image\" content=\"https:\/\/lanuitdesours.lautre.net\/wp-content\/uploads\/2022\/07\/Edition-2022-1024x932.jpg\" \/>\n\t<meta property=\"og:image:width\" content=\"1024\" \/>\n\t<meta property=\"og:image:height\" content=\"932\" \/>\n\t<meta property=\"og:image:type\" content=\"image\/jpeg\" \/>\n<meta name=\"author\" content=\"Cr\u00e9er c&#039;est R\u00e9sister\" \/>\n<meta name=\"twitter:card\" content=\"summary_large_image\" \/>\n<meta name=\"twitter:label1\" content=\"\u00c9crit par\" \/>\n\t<meta name=\"twitter:data1\" content=\"Cr\u00e9er c&#039;est R\u00e9sister\" \/>\n\t<meta name=\"twitter:label2\" content=\"Dur\u00e9e de lecture estim\u00e9e\" \/>\n\t<meta name=\"twitter:data2\" content=\"3 minutes\" \/>\n<script type=\"application\/ld+json\" class=\"yoast-schema-graph\">{\"@context\":\"https:\\\/\\\/schema.org\",\"@graph\":[{\"@type\":\"Article\",\"@id\":\"https:\\\/\\\/lanuitdesours.lautre.net\\\/?p=907#article\",\"isPartOf\":{\"@id\":\"https:\\\/\\\/lanuitdesours.lautre.net\\\/?p=907\"},\"author\":{\"name\":\"Cr\u00e9er c'est R\u00e9sister\",\"@id\":\"https:\\\/\\\/lanuitdesours.lautre.net\\\/#\\\/schema\\\/person\\\/1f4500f2f631d9916d6b39f1c0ba934c\"},\"headline\":\"Edito 2022\",\"datePublished\":\"2022-07-14T10:00:30+00:00\",\"dateModified\":\"2024-07-15T11:23:32+00:00\",\"mainEntityOfPage\":{\"@id\":\"https:\\\/\\\/lanuitdesours.lautre.net\\\/?p=907\"},\"wordCount\":487,\"publisher\":{\"@id\":\"https:\\\/\\\/lanuitdesours.lautre.net\\\/#organization\"},\"image\":{\"@id\":\"https:\\\/\\\/lanuitdesours.lautre.net\\\/?p=907#primaryimage\"},\"thumbnailUrl\":\"https:\\\/\\\/lanuitdesours.lautre.net\\\/wp-content\\\/uploads\\\/2022\\\/07\\\/Edition-2022.jpg\",\"articleSection\":[\"Edition 2022\"],\"inLanguage\":\"fr-FR\"},{\"@type\":\"WebPage\",\"@id\":\"https:\\\/\\\/lanuitdesours.lautre.net\\\/?p=907\",\"url\":\"https:\\\/\\\/lanuitdesours.lautre.net\\\/?p=907\",\"name\":\"Edito 2022 - La Nuit des Ours\",\"isPartOf\":{\"@id\":\"https:\\\/\\\/lanuitdesours.lautre.net\\\/#website\"},\"primaryImageOfPage\":{\"@id\":\"https:\\\/\\\/lanuitdesours.lautre.net\\\/?p=907#primaryimage\"},\"image\":{\"@id\":\"https:\\\/\\\/lanuitdesours.lautre.net\\\/?p=907#primaryimage\"},\"thumbnailUrl\":\"https:\\\/\\\/lanuitdesours.lautre.net\\\/wp-content\\\/uploads\\\/2022\\\/07\\\/Edition-2022.jpg\",\"datePublished\":\"2022-07-14T10:00:30+00:00\",\"dateModified\":\"2024-07-15T11:23:32+00:00\",\"breadcrumb\":{\"@id\":\"https:\\\/\\\/lanuitdesours.lautre.net\\\/?p=907#breadcrumb\"},\"inLanguage\":\"fr-FR\",\"potentialAction\":[{\"@type\":\"ReadAction\",\"target\":[\"https:\\\/\\\/lanuitdesours.lautre.net\\\/?p=907\"]}]},{\"@type\":\"ImageObject\",\"inLanguage\":\"fr-FR\",\"@id\":\"https:\\\/\\\/lanuitdesours.lautre.net\\\/?p=907#primaryimage\",\"url\":\"https:\\\/\\\/lanuitdesours.lautre.net\\\/wp-content\\\/uploads\\\/2022\\\/07\\\/Edition-2022.jpg\",\"contentUrl\":\"https:\\\/\\\/lanuitdesours.lautre.net\\\/wp-content\\\/uploads\\\/2022\\\/07\\\/Edition-2022.jpg\",\"width\":1510,\"height\":1374},{\"@type\":\"BreadcrumbList\",\"@id\":\"https:\\\/\\\/lanuitdesours.lautre.net\\\/?p=907#breadcrumb\",\"itemListElement\":[{\"@type\":\"ListItem\",\"position\":1,\"name\":\"Accueil\",\"item\":\"https:\\\/\\\/lanuitdesours.lautre.net\\\/\"},{\"@type\":\"ListItem\",\"position\":2,\"name\":\"Edito 2022\"}]},{\"@type\":\"WebSite\",\"@id\":\"https:\\\/\\\/lanuitdesours.lautre.net\\\/#website\",\"url\":\"https:\\\/\\\/lanuitdesours.lautre.net\\\/\",\"name\":\"La Nuit des Ours\",\"description\":\"CR\u00c9ER C&#039;EST R\u00c9SISTER | R\u00c9SISTER C&#039;EST CR\u00c9ER\",\"publisher\":{\"@id\":\"https:\\\/\\\/lanuitdesours.lautre.net\\\/#organization\"},\"potentialAction\":[{\"@type\":\"SearchAction\",\"target\":{\"@type\":\"EntryPoint\",\"urlTemplate\":\"https:\\\/\\\/lanuitdesours.lautre.net\\\/?s={search_term_string}\"},\"query-input\":{\"@type\":\"PropertyValueSpecification\",\"valueRequired\":true,\"valueName\":\"search_term_string\"}}],\"inLanguage\":\"fr-FR\"},{\"@type\":\"Organization\",\"@id\":\"https:\\\/\\\/lanuitdesours.lautre.net\\\/#organization\",\"name\":\"Association LA NUIT DES OURS\",\"url\":\"https:\\\/\\\/lanuitdesours.lautre.net\\\/\",\"logo\":{\"@type\":\"ImageObject\",\"inLanguage\":\"fr-FR\",\"@id\":\"https:\\\/\\\/lanuitdesours.lautre.net\\\/#\\\/schema\\\/logo\\\/image\\\/\",\"url\":\"https:\\\/\\\/nuit-des-ours.com\\\/wp-content\\\/uploads\\\/2022\\\/07\\\/cropped-NDO_logo-noir_jaune.jpg\",\"contentUrl\":\"https:\\\/\\\/nuit-des-ours.com\\\/wp-content\\\/uploads\\\/2022\\\/07\\\/cropped-NDO_logo-noir_jaune.jpg\",\"width\":512,\"height\":512,\"caption\":\"Association LA NUIT DES OURS\"},\"image\":{\"@id\":\"https:\\\/\\\/lanuitdesours.lautre.net\\\/#\\\/schema\\\/logo\\\/image\\\/\"},\"sameAs\":[\"https:\\\/\\\/www.facebook.com\\\/lanuitdesours\\\/\",\"https:\\\/\\\/www.instagram.com\\\/lanuitdesours\\\/\"]},{\"@type\":\"Person\",\"@id\":\"https:\\\/\\\/lanuitdesours.lautre.net\\\/#\\\/schema\\\/person\\\/1f4500f2f631d9916d6b39f1c0ba934c\",\"name\":\"Cr\u00e9er c'est R\u00e9sister\",\"image\":{\"@type\":\"ImageObject\",\"inLanguage\":\"fr-FR\",\"@id\":\"https:\\\/\\\/secure.gravatar.com\\\/avatar\\\/08f4e38908e105d843bc2bab0e7af2243257415b61b5fe99e955c21a5f61fc2b?s=96&d=mm&r=g\",\"url\":\"https:\\\/\\\/secure.gravatar.com\\\/avatar\\\/08f4e38908e105d843bc2bab0e7af2243257415b61b5fe99e955c21a5f61fc2b?s=96&d=mm&r=g\",\"contentUrl\":\"https:\\\/\\\/secure.gravatar.com\\\/avatar\\\/08f4e38908e105d843bc2bab0e7af2243257415b61b5fe99e955c21a5f61fc2b?s=96&d=mm&r=g\",\"caption\":\"Cr\u00e9er c'est R\u00e9sister\"},\"sameAs\":[\"http:\\\/\\\/www.lanuitdesours.lautre.net\"],\"url\":\"https:\\\/\\\/lanuitdesours.lautre.net\\\/?author=1\"}]}<\/script>\n<!-- \/ Yoast SEO plugin. -->","yoast_head_json":{"title":"Edito 2022 - La Nuit des Ours","robots":{"index":"index","follow":"follow","max-snippet":"max-snippet:-1","max-image-preview":"max-image-preview:large","max-video-preview":"max-video-preview:-1"},"canonical":"https:\/\/lanuitdesours.lautre.net\/?p=907","og_locale":"fr_FR","og_type":"article","og_title":"Edito 2022 - La Nuit des Ours","og_description":"LA NUIT DES OURS est un mouvement artistique et culturel innovant propos\u00e9 \u00e0 Vallorcine pour le quatri\u00e8me \u00e9t\u00e9 cons\u00e9cutif. Il a vite trouv\u00e9 sa place parmi les \u00e9v\u00e8nements importants de la Vall\u00e9e de Chamonix \u2013 Mont-Blanc. DU 8 AU 13 AO\u00dbT 2022. PR\u00c9AMBULES DU 1er AU 3.","og_url":"https:\/\/lanuitdesours.lautre.net\/?p=907","og_site_name":"La Nuit des Ours","article_publisher":"https:\/\/www.facebook.com\/lanuitdesours\/","article_published_time":"2022-07-14T10:00:30+00:00","article_modified_time":"2024-07-15T11:23:32+00:00","og_image":[{"width":1024,"height":932,"url":"https:\/\/lanuitdesours.lautre.net\/wp-content\/uploads\/2022\/07\/Edition-2022-1024x932.jpg","type":"image\/jpeg"}],"author":"Cr\u00e9er c'est R\u00e9sister","twitter_card":"summary_large_image","twitter_misc":{"\u00c9crit par":"Cr\u00e9er c'est R\u00e9sister","Dur\u00e9e de lecture estim\u00e9e":"3 minutes"},"schema":{"@context":"https:\/\/schema.org","@graph":[{"@type":"Article","@id":"https:\/\/lanuitdesours.lautre.net\/?p=907#article","isPartOf":{"@id":"https:\/\/lanuitdesours.lautre.net\/?p=907"},"author":{"name":"Cr\u00e9er c'est R\u00e9sister","@id":"https:\/\/lanuitdesours.lautre.net\/#\/schema\/person\/1f4500f2f631d9916d6b39f1c0ba934c"},"headline":"Edito 2022","datePublished":"2022-07-14T10:00:30+00:00","dateModified":"2024-07-15T11:23:32+00:00","mainEntityOfPage":{"@id":"https:\/\/lanuitdesours.lautre.net\/?p=907"},"wordCount":487,"publisher":{"@id":"https:\/\/lanuitdesours.lautre.net\/#organization"},"image":{"@id":"https:\/\/lanuitdesours.lautre.net\/?p=907#primaryimage"},"thumbnailUrl":"https:\/\/lanuitdesours.lautre.net\/wp-content\/uploads\/2022\/07\/Edition-2022.jpg","articleSection":["Edition 2022"],"inLanguage":"fr-FR"},{"@type":"WebPage","@id":"https:\/\/lanuitdesours.lautre.net\/?p=907","url":"https:\/\/lanuitdesours.lautre.net\/?p=907","name":"Edito 2022 - La Nuit des Ours","isPartOf":{"@id":"https:\/\/lanuitdesours.lautre.net\/#website"},"primaryImageOfPage":{"@id":"https:\/\/lanuitdesours.lautre.net\/?p=907#primaryimage"},"image":{"@id":"https:\/\/lanuitdesours.lautre.net\/?p=907#primaryimage"},"thumbnailUrl":"https:\/\/lanuitdesours.lautre.net\/wp-content\/uploads\/2022\/07\/Edition-2022.jpg","datePublished":"2022-07-14T10:00:30+00:00","dateModified":"2024-07-15T11:23:32+00:00","breadcrumb":{"@id":"https:\/\/lanuitdesours.lautre.net\/?p=907#breadcrumb"},"inLanguage":"fr-FR","potentialAction":[{"@type":"ReadAction","target":["https:\/\/lanuitdesours.lautre.net\/?p=907"]}]},{"@type":"ImageObject","inLanguage":"fr-FR","@id":"https:\/\/lanuitdesours.lautre.net\/?p=907#primaryimage","url":"https:\/\/lanuitdesours.lautre.net\/wp-content\/uploads\/2022\/07\/Edition-2022.jpg","contentUrl":"https:\/\/lanuitdesours.lautre.net\/wp-content\/uploads\/2022\/07\/Edition-2022.jpg","width":1510,"height":1374},{"@type":"BreadcrumbList","@id":"https:\/\/lanuitdesours.lautre.net\/?p=907#breadcrumb","itemListElement":[{"@type":"ListItem","position":1,"name":"Accueil","item":"https:\/\/lanuitdesours.lautre.net\/"},{"@type":"ListItem","position":2,"name":"Edito 2022"}]},{"@type":"WebSite","@id":"https:\/\/lanuitdesours.lautre.net\/#website","url":"https:\/\/lanuitdesours.lautre.net\/","name":"La Nuit des Ours","description":"CR\u00c9ER C&#039;EST R\u00c9SISTER | R\u00c9SISTER C&#039;EST CR\u00c9ER","publisher":{"@id":"https:\/\/lanuitdesours.lautre.net\/#organization"},"potentialAction":[{"@type":"SearchAction","target":{"@type":"EntryPoint","urlTemplate":"https:\/\/lanuitdesours.lautre.net\/?s={search_term_string}"},"query-input":{"@type":"PropertyValueSpecification","valueRequired":true,"valueName":"search_term_string"}}],"inLanguage":"fr-FR"},{"@type":"Organization","@id":"https:\/\/lanuitdesours.lautre.net\/#organization","name":"Association LA NUIT DES OURS","url":"https:\/\/lanuitdesours.lautre.net\/","logo":{"@type":"ImageObject","inLanguage":"fr-FR","@id":"https:\/\/lanuitdesours.lautre.net\/#\/schema\/logo\/image\/","url":"https:\/\/nuit-des-ours.com\/wp-content\/uploads\/2022\/07\/cropped-NDO_logo-noir_jaune.jpg","contentUrl":"https:\/\/nuit-des-ours.com\/wp-content\/uploads\/2022\/07\/cropped-NDO_logo-noir_jaune.jpg","width":512,"height":512,"caption":"Association LA NUIT DES OURS"},"image":{"@id":"https:\/\/lanuitdesours.lautre.net\/#\/schema\/logo\/image\/"},"sameAs":["https:\/\/www.facebook.com\/lanuitdesours\/","https:\/\/www.instagram.com\/lanuitdesours\/"]},{"@type":"Person","@id":"https:\/\/lanuitdesours.lautre.net\/#\/schema\/person\/1f4500f2f631d9916d6b39f1c0ba934c","name":"Cr\u00e9er c'est R\u00e9sister","image":{"@type":"ImageObject","inLanguage":"fr-FR","@id":"https:\/\/secure.gravatar.com\/avatar\/08f4e38908e105d843bc2bab0e7af2243257415b61b5fe99e955c21a5f61fc2b?s=96&d=mm&r=g","url":"https:\/\/secure.gravatar.com\/avatar\/08f4e38908e105d843bc2bab0e7af2243257415b61b5fe99e955c21a5f61fc2b?s=96&d=mm&r=g","contentUrl":"https:\/\/secure.gravatar.com\/avatar\/08f4e38908e105d843bc2bab0e7af2243257415b61b5fe99e955c21a5f61fc2b?s=96&d=mm&r=g","caption":"Cr\u00e9er c'est R\u00e9sister"},"sameAs":["http:\/\/www.lanuitdesours.lautre.net"],"url":"https:\/\/lanuitdesours.lautre.net\/?author=1"}]}},"_links":{"self":[{"href":"https:\/\/lanuitdesours.lautre.net\/index.php?rest_route=\/wp\/v2\/posts\/907","targetHints":{"allow":["GET"]}}],"collection":[{"href":"https:\/\/lanuitdesours.lautre.net\/index.php?rest_route=\/wp\/v2\/posts"}],"about":[{"href":"https:\/\/lanuitdesours.lautre.net\/index.php?rest_route=\/wp\/v2\/types\/post"}],"author":[{"embeddable":true,"href":"https:\/\/lanuitdesours.lautre.net\/index.php?rest_route=\/wp\/v2\/users\/1"}],"replies":[{"embeddable":true,"href":"https:\/\/lanuitdesours.lautre.net\/index.php?rest_route=%2Fwp%2Fv2%2Fcomments&post=907"}],"version-history":[{"count":12,"href":"https:\/\/lanuitdesours.lautre.net\/index.php?rest_route=\/wp\/v2\/posts\/907\/revisions"}],"predecessor-version":[{"id":2869,"href":"https:\/\/lanuitdesours.lautre.net\/index.php?rest_route=\/wp\/v2\/posts\/907\/revisions\/2869"}],"wp:featuredmedia":[{"embeddable":true,"href":"https:\/\/lanuitdesours.lautre.net\/index.php?rest_route=\/wp\/v2\/media\/929"}],"wp:attachment":[{"href":"https:\/\/lanuitdesours.lautre.net\/index.php?rest_route=%2Fwp%2Fv2%2Fmedia&parent=907"}],"wp:term":[{"taxonomy":"category","embeddable":true,"href":"https:\/\/lanuitdesours.lautre.net\/index.php?rest_route=%2Fwp%2Fv2%2Fcategories&post=907"},{"taxonomy":"post_tag","embeddable":true,"href":"https:\/\/lanuitdesours.lautre.net\/index.php?rest_route=%2Fwp%2Fv2%2Ftags&post=907"}],"curies":[{"name":"wp","href":"https:\/\/api.w.org\/{rel}","templated":true}]}}