{"id":879,"date":"2022-07-07T12:00:00","date_gmt":"2022-07-07T10:00:00","guid":{"rendered":"https:\/\/lanuitdesours.lautre.net\/?p=879"},"modified":"2024-08-04T14:58:08","modified_gmt":"2024-08-04T12:58:08","slug":"deux-nuits-des-ours","status":"publish","type":"post","link":"https:\/\/lanuitdesours.lautre.net\/?p=879","title":{"rendered":"Deux Nuits des Ours"},"content":{"rendered":"\n<h2 class=\"wp-block-heading\">DEUX NUITS DES OURS, LES 12 &amp; 13 AO\u00dbT 2022<\/h2>\n\n\n\n<blockquote class=\"wp-block-quote is-layout-flow wp-block-quote-is-layout-flow\">\n<p class=\"wp-block-paragraph\">LA NUIT DES OURS, c&rsquo;est une exp\u00e9rience artistique nocturne en pleine nature o\u00f9 tous les sens sont sollicit\u00e9s\u2026<\/p>\n<\/blockquote>\n\n\n\n<p class=\"wp-block-paragraph\"><strong>D\u00e8s la tomb\u00e9e du jour et jusqu&rsquo;au milieu de la nuit, un guide vous accompagnera le long d&rsquo;un parcours \u00e0 travers la montagne sous la pleine lune, ponctu\u00e9 de spectacles et performances, de sculptures d&rsquo; \u00ab Arts du Chemin \u00bb et d\u2019exp\u00e9riences originales d\u2019immersion entre for\u00eat, chemins et bosquets.<\/strong><\/p>\n\n\n\n<h5 class=\"wp-block-heading\"><strong>Deux nouveaut\u00e9s pour les NUITS DES OURS cette Edition 2022 :<\/strong><\/h5>\n\n\n\n<ul class=\"wp-block-list\">\n<li><strong>Des spectacles diff\u00e9rents chaque soir !! <\/strong>Vous pouvez donc venir \u00e0 l&rsquo;une, l&rsquo;autre ou AUX DEUX Nuits des Ours.<\/li>\n\n\n\n<li><strong><a href=\"https:\/\/nuit-des-ours.com\/2022\/le-train\/\" target=\"_blank\" rel=\"noreferrer noopener\">LE TRAIN !!<\/a> <\/strong>Gr\u00e2ce \u00e0 un partenariat avec la SNCF, le Mont-Blanc Express vous propose une desserte exceptionnelle de la Vall\u00e9e depuis Le Buet jusqu\u2019\u00e0 Vallorcine et jusqu\u2019aux Houches les nuits des 12 et 13 ao\u00fbt. Inutile donc de prendre votre voiture : nous vous emmenons et vous ramenons avec le train, en toute s\u00e9curit\u00e9 !<\/li>\n<\/ul>\n\n\n\n<h5 class=\"wp-block-heading\"><strong>Informations pratiques :<\/strong><\/h5>\n\n\n\n<ul class=\"wp-block-list\">\n<li>D\u00e8s 12 ans<\/li>\n\n\n\n<li><strong><mark style=\"background-color:#ffd700\" class=\"has-inline-color\">ATTENTION :<\/mark> le choix de votre guide se fait lors de la r\u00e9servation !<\/strong><\/li>\n\n\n\n<li>Groupes limit\u00e9s \u00e0 50 personnes par guide<\/li>\n\n\n\n<li><strong>RDV \u00e0 20h15 \u00e0 la Buvette au pied des t\u00e9l\u00e9skis de La Poya \u00e0 Vallorcine (gare du Buet)<\/strong><\/li>\n\n\n\n<li>D\u00e9ambulation &amp; spectacles de 20h30 \u00e0 1h30 du matin<\/li>\n\n\n\n<li>D\u00e9parts des trains de retour direction Vallorcine \u00e0 00h15 et 02h et direction les Houches \u00e0 00h30 et 2h15<\/li>\n\n\n\n<li><strong>Participation aux frais :<\/strong> 20\u20ac (15\u20ac tarif r\u00e9duit pour les moins de 18 ans et d\u00e9tenteurs de la carte ViaCham)<\/li>\n\n\n\n<li><strong>R\u00e9servations<\/strong> \u00e0 l\u2019Office de Tourisme de Vallorcine (\u00e0 partir du 18 juillet) ou en ligne sur HelloAsso<\/li>\n\n\n\n<li><strong>Billetterie sur place<\/strong> le soir m\u00eame jusque 20h<\/li>\n<\/ul>\n\n\n\n<hr class=\"wp-block-separator has-alpha-channel-opacity is-style-dots\"\/>\n\n\n\n<h5 class=\"wp-block-heading\">Programme d\u00e9taill\u00e9 :<\/h5>\n\n\n\n<div class=\"wp-block-columns is-layout-flex wp-container-core-columns-is-layout-8f761849 wp-block-columns-is-layout-flex\">\n<div class=\"wp-block-column is-layout-flow wp-block-column-is-layout-flow\" style=\"flex-basis:50%\">\n<h2 class=\"wp-block-heading\"><strong>VENDREDI 12 AO\u00dbT<\/strong><br><strong>20h15\/ 0h15<\/strong><br><strong>\u00ab After \u00bb jusqu\u2019\u00e0 2h<\/strong><\/h2>\n\n\n\n<h5 class=\"wp-block-heading\"><strong>LES GUIDES (\u00e0 choisir lors de la r\u00e9servation)<\/strong> :<\/h5>\n\n\n\n<p class=\"wp-block-paragraph\"><strong>1 &#8211; Remi Boissonnas, <\/strong>t\u00e9moin<br><em>Th\u00e8me : Retour d\u2019Ukraine<\/em><\/p>\n\n\n\n<p class=\"wp-block-paragraph\"><strong>2 &#8211; Jean Marc Adolphe, <\/strong>journaliste<br><em>Th\u00e8me : \u00c9tat de la danse contemporaine<\/em><\/p>\n\n\n\n<p class=\"wp-block-paragraph\"><strong>3 &#8211; \u00c9milie G\u00e9linas, <\/strong>sociologue<br><em>Th\u00e8me : Pornographie de masse sur internet: une lib\u00e9ration ?<\/em><\/p>\n\n\n\n<p class=\"wp-block-paragraph\"><strong>4 &#8211; Odile Le Falher, <\/strong>musicienne <br><em>Th\u00e8me : \u00ab Si on chantait \u00bb<\/em><\/p>\n\n\n\n<p class=\"wp-block-paragraph\"><strong>5 &#8211; Pierre Andr\u00e9 Bonaglia, <\/strong>retrait\u00e9 de l\u2019\u00e9ducation sociale<br><em>Th\u00e8me : Pleine lune, astronomie, astrologie<\/em><\/p>\n\n\n\n<p class=\"has-accent-2-color has-text-color wp-block-paragraph\"><strong><em>RDV avec votre guide \u00e0 20h15 \u00e0 la Buvette au pied des pistes de La Poya, Vallorcine (gare du Buet), d\u00e9parts \u00e0 20h30<\/em><\/strong><\/p>\n\n\n\n<h5 class=\"wp-block-heading\"><strong>LES SPECTACLES<\/strong> :<\/h5>\n\n\n\n<p class=\"wp-block-paragraph\"><strong>VIEILLE(S) <\/strong>| th\u00e9\u00e2tre<br>Circonvolutions fantasmagoriques peut-\u00eatre bien visionnaires mais franchement \u00e9thyliques d\u2019une vieille dame qui se prenait pour la terre &#8211; <strong>De et avec Th\u00e9r\u00e8se Bosc<\/strong><\/p>\n\n\n\n<p class=\"wp-block-paragraph\"><strong>VOIX D\u2019UKRAINE <\/strong>| concert<br>Chants sacr\u00e9s en exil &#8211; <strong>Avec Olena Yasynetska <\/strong>chant, <strong>Svetlana Kavka <\/strong>bandura<\/p>\n\n\n\n<p class=\"wp-block-paragraph\"><strong>MANIV\u2019ELLES <\/strong>| cr\u00e9ation musicale<br>Autour de la bo\u00eete \u00e0 musique &#8211; <strong>De et avec Val\u00e9rie Bernard et Priscille Oehninger <\/strong>violonistes<\/p>\n\n\n\n<p class=\"wp-block-paragraph\"><strong>CE QUE LES ENFANTS SAVENT D\u00c9J\u00c0&#8230;<\/strong><br>Entretien interrompu &#8211; <strong>De et par Robert Drost <\/strong>86 ans, n\u00e9erlandais, th\u00e9ologien<\/p>\n\n\n\n<p class=\"wp-block-paragraph\"><strong>JAKI M\u00f8V O\u2019STICK <\/strong>| concert <br><strong>Avec A naka <\/strong>chant, <strong>Jean Pierre Frelezeau <\/strong>percussions, <strong>Jean Marc Ozanne <\/strong>sax soprano, <strong>Jacky Mouvillat <\/strong>Stick Chapman<\/p>\n\n\n\n<p class=\"has-accent-2-color has-text-color wp-block-paragraph\"><strong><em>Premier train de retour (gare du Buet) : 0h15 vers Vallorcine et 0h30 jusqu\u2019aux Houches<\/em><\/strong><\/p>\n\n\n\n<p class=\"wp-block-paragraph\"><strong>\u00ab AFTER<strong> \u00bb<\/strong>: Soupe\/Spectacle final<\/strong><\/p>\n\n\n\n<p class=\"wp-block-paragraph\"><strong>SUNSHINE IN OHIO <\/strong>| concert<br>Musique des Appalaches &#8211; l\u00e0 o\u00f9 le ciel donne \u00e0 l\u2019herbe des reflets bleus au coucher du soleil&#8230;<\/p>\n\n\n\n<p class=\"has-accent-2-color has-text-color wp-block-paragraph\"><em><strong>Deuxi\u00e8me train de retour<\/strong><\/em><strong><em> (gare du Buet)<\/em><\/strong><em><strong><strong><em>: <\/em><\/strong> 2h00 vers Vallorcine et 2h15 jusqu\u2019aux Houches<\/strong><\/em><\/p>\n<\/div>\n\n\n\n<div class=\"wp-block-column is-layout-flow wp-block-column-is-layout-flow\" style=\"flex-basis:50%\">\n<h2 class=\"wp-block-heading\"><strong>SAMEDI 13 AO\u00dbT<\/strong><br><strong>20h15\/ 0h15 <\/strong><br><strong>\u00ab After \u00bb jusqu\u2019\u00e0 2h<\/strong><\/h2>\n\n\n\n<h5 class=\"wp-block-heading\"><strong><strong>LES GUIDES (\u00e0 choisir lors de la r\u00e9servation)<\/strong><\/strong> :<\/h5>\n\n\n\n<p class=\"wp-block-paragraph\"><strong>6 &#8211; Andr\u00e9 Larivi\u00e8re, <\/strong>activiste internationaliste<br><em>Th\u00e8me : Militances visc\u00e9rales et \u00e9thique de la d\u00e9sob\u00e9issance civile<\/em><\/p>\n\n\n\n<p class=\"wp-block-paragraph\"><strong>7 &#8211; Nicolas Judin, <\/strong>g\u00e9ographe<br><em>Th\u00e8me : Une ville apr\u00e8s la guerre : reconstruire ou b\u00e2tir ?<\/em><\/p>\n\n\n\n<p class=\"wp-block-paragraph\"><strong>8 &#8211; Camille L\u00e9cuyer, <\/strong>enseignante en litt\u00e9rature<br><em>Th\u00e8me : Les \u00e9critures de l\u2019exil: \u00e9crire pour habiter<\/em><\/p>\n\n\n\n<p class=\"wp-block-paragraph\"><strong>9 &#8211; Martin Dubois, <\/strong>musicien<br><em>Th\u00e8me : Magie des voix d\u2019Inde et de Mongolie<\/em><\/p>\n\n\n\n<p class=\"wp-block-paragraph\"><strong>10 &#8211; Juliette Craplet, <\/strong>sociologue<br><em>Th\u00e8me : Les repr\u00e9sentations sociales de la mort en montagne<\/em><\/p>\n\n\n\n<p class=\"has-accent-2-color has-text-color wp-block-paragraph\"><strong><em>RDV avec votre guide \u00e0 20h15 \u00e0 la Buvette au pied des pistes de La Poya, Vallorcine (gare du Buet), d\u00e9parts \u00e0 20h30<\/em><\/strong><\/p>\n\n\n\n<h5 class=\"wp-block-heading\"><strong>LES SPECTACLES<\/strong> :<\/h5>\n\n\n\n<p class=\"wp-block-paragraph\"><strong>PETITE HISTOIRE AU HASARD <\/strong>| cirque<br>C\u2019est avant tout l\u2019histoire d\u2019une rencontre\u2026 &#8211; <strong>Avec D\u00e9borah Mantione <\/strong>cordiste et <strong>Cl\u00e9ment Husson <\/strong>guitariste<\/p>\n\n\n\n<p class=\"wp-block-paragraph\"><strong>PASSIO <\/strong>| concert<br>Chants sacr\u00e9s de la tradition orale italienne &#8211; <strong>Avec Anna Andreotti, Jos\u00e9phine Lazzarino, Margherita Trefoloni<\/strong><\/p>\n\n\n\n<p class=\"wp-block-paragraph\"><strong>L\u2019IMPOSSIBLE QUESTIONNAIRE DE PROUST <\/strong>| th\u00e9\u00e2tre<br>Et si vous \u00e9tiez Stroma\u00eb, Anais Nin, une fleur, un regret, Peter Pan, qui seriez-vous ? &#8211; <strong>De et par Apolline Andrieu<\/strong><\/p>\n\n\n\n<p class=\"wp-block-paragraph\"><strong>VIOLON EN MONTAGNE <\/strong>| concert<br>Une petite musique de nuit &#8211; <strong>Avec Kaori Yokoyama <\/strong>violon, <strong>Francesco Bartoletti <\/strong>violon- celle et <strong>Sonia Laziz <\/strong>violon alto<\/p>\n\n\n\n<p class=\"wp-block-paragraph\"><strong>OPHELIE <\/strong>| th\u00e9\u00e2tre<br>Installation fantasmagorique &#8211; <strong>Une cr\u00e9ation\/cr\u00e9ature de Nina Bompard <\/strong>collaboration avec B. Boussagol<\/p>\n\n\n\n<p class=\"has-accent-2-color has-text-color wp-block-paragraph\"><strong><em><strong><em>Premier train de retour (gare du Buet) : 0h15 vers Vallorcine et 0h30 jusqu\u2019aux Houches<\/em><\/strong><\/em><\/strong><\/p>\n\n\n\n<p class=\"wp-block-paragraph\"><strong>AFTER : Soupe\/Spectacle final<\/strong><\/p>\n\n\n\n<p class=\"wp-block-paragraph\">SPECTACLE SURPRISE<br>***<br>***<\/p>\n\n\n\n<p class=\"has-accent-2-color has-text-color wp-block-paragraph\"><strong><em>Deuxi\u00e8me train de retour (gare du Buet) : 2h00 vers Vallorcine et 2h15 jusqu\u2019aux Houches<\/em><\/strong><\/p>\n<\/div>\n<\/div>\n\n\n\n<h5 class=\"wp-block-heading\">Recommandations pour votre NUIT DES OURS :<\/h5>\n\n\n\n<ul class=\"wp-block-list\">\n<li>De bonnes chaussures de marche et des v\u00eatements chauds pour la nuit<\/li>\n\n\n\n<li>De l\u2019eau et des fruits secs<\/li>\n\n\n\n<li>Lampes de poche appr\u00e9ci\u00e9es pour \u00e9clairer les pieds lorsqu\u2019on marche et ainsi pr\u00e9server la magie de ces nuits de pleine lune<\/li>\n\n\n\n<li>Nous pr\u00e9f\u00e9rons ne pas \u00eatre accompagn\u00e9.e.s de chiens<\/li>\n\n\n\n<li>Oublions t\u00e9l\u00e9phone et appareil photo et profitons de l\u2019instant !<\/li>\n<\/ul>\n\n\n\n<div style=\"height:30px\" aria-hidden=\"true\" class=\"wp-block-spacer\"><\/div>\n","protected":false},"excerpt":{"rendered":"<p>LES 12 &#038; 13 AO\u00dbT 2022. Une exp\u00e9rience artistique nocturne en pleine nature, \u00e0 la d\u00e9couverte de spectacles, de sculptures d\u2019 \u00abArts du Chemin\u00bb et d\u2019exp\u00e9riences originales d\u2019immersion entre for\u00eat, chemins et bosquets. Sur r\u00e9servation (20\u20ac\/15\u20ac tarif r\u00e9duit).<\/p>\n","protected":false},"author":1,"featured_media":55,"comment_status":"closed","ping_status":"closed","sticky":false,"template":"","format":"standard","meta":{"footnotes":""},"categories":[9],"tags":[],"class_list":["post-879","post","type-post","status-publish","format-standard","has-post-thumbnail","hentry","category-edition-2022"],"yoast_head":"<!-- This site is optimized with the Yoast SEO plugin v28.3 - https:\/\/yoast.com\/product\/yoast-seo-wordpress\/ -->\n<title>Deux Nuits des Ours - La Nuit des Ours Edition 2022<\/title>\n<meta name=\"description\" content=\"NUITS DES OURS, 12 &amp; 13 AO\u00dbT 2022. Balades nocturnes en immersion entre for\u00eat et bosquets, \u00e0 la d\u00e9couverte de spectacles et Arts du Chemin.\" \/>\n<meta name=\"robots\" content=\"noindex, follow\" \/>\n<meta property=\"og:locale\" content=\"fr_FR\" \/>\n<meta property=\"og:type\" content=\"article\" \/>\n<meta property=\"og:title\" content=\"Deux Nuits des Ours - La Nuit des Ours Edition 2022\" \/>\n<meta property=\"og:description\" content=\"NUITS DES OURS, 12 &amp; 13 AO\u00dbT 2022. Balades nocturnes en immersion entre for\u00eat et bosquets, \u00e0 la d\u00e9couverte de spectacles et Arts du Chemin.\" \/>\n<meta property=\"og:url\" content=\"https:\/\/lanuitdesours.lautre.net\/?p=879\" \/>\n<meta property=\"og:site_name\" content=\"La Nuit des Ours\" \/>\n<meta property=\"article:publisher\" content=\"https:\/\/www.facebook.com\/lanuitdesours\/\" \/>\n<meta property=\"article:published_time\" content=\"2022-07-07T10:00:00+00:00\" \/>\n<meta property=\"article:modified_time\" content=\"2024-08-04T12:58:08+00:00\" \/>\n<meta property=\"og:image\" content=\"https:\/\/lanuitdesours.lautre.net\/wp-content\/uploads\/2022\/07\/2019_tipi-lumie\u0300res.jpg\" \/>\n\t<meta property=\"og:image:width\" content=\"2048\" \/>\n\t<meta property=\"og:image:height\" content=\"1365\" \/>\n\t<meta property=\"og:image:type\" content=\"image\/jpeg\" \/>\n<meta name=\"author\" content=\"Cr\u00e9er c&#039;est R\u00e9sister\" \/>\n<meta name=\"twitter:card\" content=\"summary_large_image\" \/>\n<meta name=\"twitter:label1\" content=\"\u00c9crit par\" \/>\n\t<meta name=\"twitter:data1\" content=\"Cr\u00e9er c&#039;est R\u00e9sister\" \/>\n\t<meta name=\"twitter:label2\" content=\"Dur\u00e9e de lecture estim\u00e9e\" \/>\n\t<meta name=\"twitter:data2\" content=\"5 minutes\" \/>\n<script type=\"application\/ld+json\" class=\"yoast-schema-graph\">{\"@context\":\"https:\\\/\\\/schema.org\",\"@graph\":[{\"@type\":\"Article\",\"@id\":\"https:\\\/\\\/lanuitdesours.lautre.net\\\/?p=879#article\",\"isPartOf\":{\"@id\":\"https:\\\/\\\/lanuitdesours.lautre.net\\\/?p=879\"},\"author\":{\"name\":\"Cr\u00e9er c'est R\u00e9sister\",\"@id\":\"https:\\\/\\\/lanuitdesours.lautre.net\\\/#\\\/schema\\\/person\\\/1f4500f2f631d9916d6b39f1c0ba934c\"},\"headline\":\"Deux Nuits des Ours\",\"datePublished\":\"2022-07-07T10:00:00+00:00\",\"dateModified\":\"2024-08-04T12:58:08+00:00\",\"mainEntityOfPage\":{\"@id\":\"https:\\\/\\\/lanuitdesours.lautre.net\\\/?p=879\"},\"wordCount\":890,\"publisher\":{\"@id\":\"https:\\\/\\\/lanuitdesours.lautre.net\\\/#organization\"},\"image\":{\"@id\":\"https:\\\/\\\/lanuitdesours.lautre.net\\\/?p=879#primaryimage\"},\"thumbnailUrl\":\"https:\\\/\\\/lanuitdesours.lautre.net\\\/wp-content\\\/uploads\\\/2022\\\/07\\\/2019_tipi-lumie\u0300res.jpg\",\"articleSection\":[\"Edition 2022\"],\"inLanguage\":\"fr-FR\"},{\"@type\":\"WebPage\",\"@id\":\"https:\\\/\\\/lanuitdesours.lautre.net\\\/?p=879\",\"url\":\"https:\\\/\\\/lanuitdesours.lautre.net\\\/?p=879\",\"name\":\"Deux Nuits des Ours - La Nuit des Ours Edition 2022\",\"isPartOf\":{\"@id\":\"https:\\\/\\\/lanuitdesours.lautre.net\\\/#website\"},\"primaryImageOfPage\":{\"@id\":\"https:\\\/\\\/lanuitdesours.lautre.net\\\/?p=879#primaryimage\"},\"image\":{\"@id\":\"https:\\\/\\\/lanuitdesours.lautre.net\\\/?p=879#primaryimage\"},\"thumbnailUrl\":\"https:\\\/\\\/lanuitdesours.lautre.net\\\/wp-content\\\/uploads\\\/2022\\\/07\\\/2019_tipi-lumie\u0300res.jpg\",\"datePublished\":\"2022-07-07T10:00:00+00:00\",\"dateModified\":\"2024-08-04T12:58:08+00:00\",\"description\":\"NUITS DES OURS, 12 & 13 AO\u00dbT 2022. Balades nocturnes en immersion entre for\u00eat et bosquets, \u00e0 la d\u00e9couverte de spectacles et Arts du Chemin.\",\"breadcrumb\":{\"@id\":\"https:\\\/\\\/lanuitdesours.lautre.net\\\/?p=879#breadcrumb\"},\"inLanguage\":\"fr-FR\",\"potentialAction\":[{\"@type\":\"ReadAction\",\"target\":[\"https:\\\/\\\/lanuitdesours.lautre.net\\\/?p=879\"]}]},{\"@type\":\"ImageObject\",\"inLanguage\":\"fr-FR\",\"@id\":\"https:\\\/\\\/lanuitdesours.lautre.net\\\/?p=879#primaryimage\",\"url\":\"https:\\\/\\\/lanuitdesours.lautre.net\\\/wp-content\\\/uploads\\\/2022\\\/07\\\/2019_tipi-lumie\u0300res.jpg\",\"contentUrl\":\"https:\\\/\\\/lanuitdesours.lautre.net\\\/wp-content\\\/uploads\\\/2022\\\/07\\\/2019_tipi-lumie\u0300res.jpg\",\"width\":2048,\"height\":1365,\"caption\":\"La Nuit des Ours 2019 \u00a9 Eric Courcier\"},{\"@type\":\"BreadcrumbList\",\"@id\":\"https:\\\/\\\/lanuitdesours.lautre.net\\\/?p=879#breadcrumb\",\"itemListElement\":[{\"@type\":\"ListItem\",\"position\":1,\"name\":\"Accueil\",\"item\":\"https:\\\/\\\/lanuitdesours.lautre.net\\\/\"},{\"@type\":\"ListItem\",\"position\":2,\"name\":\"Deux Nuits des Ours\"}]},{\"@type\":\"WebSite\",\"@id\":\"https:\\\/\\\/lanuitdesours.lautre.net\\\/#website\",\"url\":\"https:\\\/\\\/lanuitdesours.lautre.net\\\/\",\"name\":\"La Nuit des Ours\",\"description\":\"CR\u00c9ER C&#039;EST R\u00c9SISTER | R\u00c9SISTER C&#039;EST CR\u00c9ER\",\"publisher\":{\"@id\":\"https:\\\/\\\/lanuitdesours.lautre.net\\\/#organization\"},\"potentialAction\":[{\"@type\":\"SearchAction\",\"target\":{\"@type\":\"EntryPoint\",\"urlTemplate\":\"https:\\\/\\\/lanuitdesours.lautre.net\\\/?s={search_term_string}\"},\"query-input\":{\"@type\":\"PropertyValueSpecification\",\"valueRequired\":true,\"valueName\":\"search_term_string\"}}],\"inLanguage\":\"fr-FR\"},{\"@type\":\"Organization\",\"@id\":\"https:\\\/\\\/lanuitdesours.lautre.net\\\/#organization\",\"name\":\"Association LA NUIT DES OURS\",\"url\":\"https:\\\/\\\/lanuitdesours.lautre.net\\\/\",\"logo\":{\"@type\":\"ImageObject\",\"inLanguage\":\"fr-FR\",\"@id\":\"https:\\\/\\\/lanuitdesours.lautre.net\\\/#\\\/schema\\\/logo\\\/image\\\/\",\"url\":\"https:\\\/\\\/nuit-des-ours.com\\\/wp-content\\\/uploads\\\/2022\\\/07\\\/cropped-NDO_logo-noir_jaune.jpg\",\"contentUrl\":\"https:\\\/\\\/nuit-des-ours.com\\\/wp-content\\\/uploads\\\/2022\\\/07\\\/cropped-NDO_logo-noir_jaune.jpg\",\"width\":512,\"height\":512,\"caption\":\"Association LA NUIT DES OURS\"},\"image\":{\"@id\":\"https:\\\/\\\/lanuitdesours.lautre.net\\\/#\\\/schema\\\/logo\\\/image\\\/\"},\"sameAs\":[\"https:\\\/\\\/www.facebook.com\\\/lanuitdesours\\\/\",\"https:\\\/\\\/www.instagram.com\\\/lanuitdesours\\\/\"]},{\"@type\":\"Person\",\"@id\":\"https:\\\/\\\/lanuitdesours.lautre.net\\\/#\\\/schema\\\/person\\\/1f4500f2f631d9916d6b39f1c0ba934c\",\"name\":\"Cr\u00e9er c'est R\u00e9sister\",\"image\":{\"@type\":\"ImageObject\",\"inLanguage\":\"fr-FR\",\"@id\":\"https:\\\/\\\/secure.gravatar.com\\\/avatar\\\/08f4e38908e105d843bc2bab0e7af2243257415b61b5fe99e955c21a5f61fc2b?s=96&d=mm&r=g\",\"url\":\"https:\\\/\\\/secure.gravatar.com\\\/avatar\\\/08f4e38908e105d843bc2bab0e7af2243257415b61b5fe99e955c21a5f61fc2b?s=96&d=mm&r=g\",\"contentUrl\":\"https:\\\/\\\/secure.gravatar.com\\\/avatar\\\/08f4e38908e105d843bc2bab0e7af2243257415b61b5fe99e955c21a5f61fc2b?s=96&d=mm&r=g\",\"caption\":\"Cr\u00e9er c'est R\u00e9sister\"},\"sameAs\":[\"http:\\\/\\\/www.lanuitdesours.lautre.net\"],\"url\":\"https:\\\/\\\/lanuitdesours.lautre.net\\\/?author=1\"}]}<\/script>\n<!-- \/ Yoast SEO plugin. -->","yoast_head_json":{"title":"Deux Nuits des Ours - La Nuit des Ours Edition 2022","description":"NUITS DES OURS, 12 & 13 AO\u00dbT 2022. Balades nocturnes en immersion entre for\u00eat et bosquets, \u00e0 la d\u00e9couverte de spectacles et Arts du Chemin.","robots":{"index":"noindex","follow":"follow"},"og_locale":"fr_FR","og_type":"article","og_title":"Deux Nuits des Ours - La Nuit des Ours Edition 2022","og_description":"NUITS DES OURS, 12 & 13 AO\u00dbT 2022. Balades nocturnes en immersion entre for\u00eat et bosquets, \u00e0 la d\u00e9couverte de spectacles et Arts du Chemin.","og_url":"https:\/\/lanuitdesours.lautre.net\/?p=879","og_site_name":"La Nuit des Ours","article_publisher":"https:\/\/www.facebook.com\/lanuitdesours\/","article_published_time":"2022-07-07T10:00:00+00:00","article_modified_time":"2024-08-04T12:58:08+00:00","og_image":[{"width":2048,"height":1365,"url":"https:\/\/lanuitdesours.lautre.net\/wp-content\/uploads\/2022\/07\/2019_tipi-lumie\u0300res.jpg","type":"image\/jpeg"}],"author":"Cr\u00e9er c'est R\u00e9sister","twitter_card":"summary_large_image","twitter_misc":{"\u00c9crit par":"Cr\u00e9er c'est R\u00e9sister","Dur\u00e9e de lecture estim\u00e9e":"5 minutes"},"schema":{"@context":"https:\/\/schema.org","@graph":[{"@type":"Article","@id":"https:\/\/lanuitdesours.lautre.net\/?p=879#article","isPartOf":{"@id":"https:\/\/lanuitdesours.lautre.net\/?p=879"},"author":{"name":"Cr\u00e9er c'est R\u00e9sister","@id":"https:\/\/lanuitdesours.lautre.net\/#\/schema\/person\/1f4500f2f631d9916d6b39f1c0ba934c"},"headline":"Deux Nuits des Ours","datePublished":"2022-07-07T10:00:00+00:00","dateModified":"2024-08-04T12:58:08+00:00","mainEntityOfPage":{"@id":"https:\/\/lanuitdesours.lautre.net\/?p=879"},"wordCount":890,"publisher":{"@id":"https:\/\/lanuitdesours.lautre.net\/#organization"},"image":{"@id":"https:\/\/lanuitdesours.lautre.net\/?p=879#primaryimage"},"thumbnailUrl":"https:\/\/lanuitdesours.lautre.net\/wp-content\/uploads\/2022\/07\/2019_tipi-lumie\u0300res.jpg","articleSection":["Edition 2022"],"inLanguage":"fr-FR"},{"@type":"WebPage","@id":"https:\/\/lanuitdesours.lautre.net\/?p=879","url":"https:\/\/lanuitdesours.lautre.net\/?p=879","name":"Deux Nuits des Ours - La Nuit des Ours Edition 2022","isPartOf":{"@id":"https:\/\/lanuitdesours.lautre.net\/#website"},"primaryImageOfPage":{"@id":"https:\/\/lanuitdesours.lautre.net\/?p=879#primaryimage"},"image":{"@id":"https:\/\/lanuitdesours.lautre.net\/?p=879#primaryimage"},"thumbnailUrl":"https:\/\/lanuitdesours.lautre.net\/wp-content\/uploads\/2022\/07\/2019_tipi-lumie\u0300res.jpg","datePublished":"2022-07-07T10:00:00+00:00","dateModified":"2024-08-04T12:58:08+00:00","description":"NUITS DES OURS, 12 & 13 AO\u00dbT 2022. Balades nocturnes en immersion entre for\u00eat et bosquets, \u00e0 la d\u00e9couverte de spectacles et Arts du Chemin.","breadcrumb":{"@id":"https:\/\/lanuitdesours.lautre.net\/?p=879#breadcrumb"},"inLanguage":"fr-FR","potentialAction":[{"@type":"ReadAction","target":["https:\/\/lanuitdesours.lautre.net\/?p=879"]}]},{"@type":"ImageObject","inLanguage":"fr-FR","@id":"https:\/\/lanuitdesours.lautre.net\/?p=879#primaryimage","url":"https:\/\/lanuitdesours.lautre.net\/wp-content\/uploads\/2022\/07\/2019_tipi-lumie\u0300res.jpg","contentUrl":"https:\/\/lanuitdesours.lautre.net\/wp-content\/uploads\/2022\/07\/2019_tipi-lumie\u0300res.jpg","width":2048,"height":1365,"caption":"La Nuit des Ours 2019 \u00a9 Eric Courcier"},{"@type":"BreadcrumbList","@id":"https:\/\/lanuitdesours.lautre.net\/?p=879#breadcrumb","itemListElement":[{"@type":"ListItem","position":1,"name":"Accueil","item":"https:\/\/lanuitdesours.lautre.net\/"},{"@type":"ListItem","position":2,"name":"Deux Nuits des Ours"}]},{"@type":"WebSite","@id":"https:\/\/lanuitdesours.lautre.net\/#website","url":"https:\/\/lanuitdesours.lautre.net\/","name":"La Nuit des Ours","description":"CR\u00c9ER C&#039;EST R\u00c9SISTER | R\u00c9SISTER C&#039;EST CR\u00c9ER","publisher":{"@id":"https:\/\/lanuitdesours.lautre.net\/#organization"},"potentialAction":[{"@type":"SearchAction","target":{"@type":"EntryPoint","urlTemplate":"https:\/\/lanuitdesours.lautre.net\/?s={search_term_string}"},"query-input":{"@type":"PropertyValueSpecification","valueRequired":true,"valueName":"search_term_string"}}],"inLanguage":"fr-FR"},{"@type":"Organization","@id":"https:\/\/lanuitdesours.lautre.net\/#organization","name":"Association LA NUIT DES OURS","url":"https:\/\/lanuitdesours.lautre.net\/","logo":{"@type":"ImageObject","inLanguage":"fr-FR","@id":"https:\/\/lanuitdesours.lautre.net\/#\/schema\/logo\/image\/","url":"https:\/\/nuit-des-ours.com\/wp-content\/uploads\/2022\/07\/cropped-NDO_logo-noir_jaune.jpg","contentUrl":"https:\/\/nuit-des-ours.com\/wp-content\/uploads\/2022\/07\/cropped-NDO_logo-noir_jaune.jpg","width":512,"height":512,"caption":"Association LA NUIT DES OURS"},"image":{"@id":"https:\/\/lanuitdesours.lautre.net\/#\/schema\/logo\/image\/"},"sameAs":["https:\/\/www.facebook.com\/lanuitdesours\/","https:\/\/www.instagram.com\/lanuitdesours\/"]},{"@type":"Person","@id":"https:\/\/lanuitdesours.lautre.net\/#\/schema\/person\/1f4500f2f631d9916d6b39f1c0ba934c","name":"Cr\u00e9er c'est R\u00e9sister","image":{"@type":"ImageObject","inLanguage":"fr-FR","@id":"https:\/\/secure.gravatar.com\/avatar\/08f4e38908e105d843bc2bab0e7af2243257415b61b5fe99e955c21a5f61fc2b?s=96&d=mm&r=g","url":"https:\/\/secure.gravatar.com\/avatar\/08f4e38908e105d843bc2bab0e7af2243257415b61b5fe99e955c21a5f61fc2b?s=96&d=mm&r=g","contentUrl":"https:\/\/secure.gravatar.com\/avatar\/08f4e38908e105d843bc2bab0e7af2243257415b61b5fe99e955c21a5f61fc2b?s=96&d=mm&r=g","caption":"Cr\u00e9er c'est R\u00e9sister"},"sameAs":["http:\/\/www.lanuitdesours.lautre.net"],"url":"https:\/\/lanuitdesours.lautre.net\/?author=1"}]}},"_links":{"self":[{"href":"https:\/\/lanuitdesours.lautre.net\/index.php?rest_route=\/wp\/v2\/posts\/879","targetHints":{"allow":["GET"]}}],"collection":[{"href":"https:\/\/lanuitdesours.lautre.net\/index.php?rest_route=\/wp\/v2\/posts"}],"about":[{"href":"https:\/\/lanuitdesours.lautre.net\/index.php?rest_route=\/wp\/v2\/types\/post"}],"author":[{"embeddable":true,"href":"https:\/\/lanuitdesours.lautre.net\/index.php?rest_route=\/wp\/v2\/users\/1"}],"replies":[{"embeddable":true,"href":"https:\/\/lanuitdesours.lautre.net\/index.php?rest_route=%2Fwp%2Fv2%2Fcomments&post=879"}],"version-history":[{"count":29,"href":"https:\/\/lanuitdesours.lautre.net\/index.php?rest_route=\/wp\/v2\/posts\/879\/revisions"}],"predecessor-version":[{"id":1981,"href":"https:\/\/lanuitdesours.lautre.net\/index.php?rest_route=\/wp\/v2\/posts\/879\/revisions\/1981"}],"wp:featuredmedia":[{"embeddable":true,"href":"https:\/\/lanuitdesours.lautre.net\/index.php?rest_route=\/wp\/v2\/media\/55"}],"wp:attachment":[{"href":"https:\/\/lanuitdesours.lautre.net\/index.php?rest_route=%2Fwp%2Fv2%2Fmedia&parent=879"}],"wp:term":[{"taxonomy":"category","embeddable":true,"href":"https:\/\/lanuitdesours.lautre.net\/index.php?rest_route=%2Fwp%2Fv2%2Fcategories&post=879"},{"taxonomy":"post_tag","embeddable":true,"href":"https:\/\/lanuitdesours.lautre.net\/index.php?rest_route=%2Fwp%2Fv2%2Ftags&post=879"}],"curies":[{"name":"wp","href":"https:\/\/api.w.org\/{rel}","templated":true}]}}