{"id":843,"date":"2022-07-11T12:00:46","date_gmt":"2022-07-11T10:00:46","guid":{"rendered":"https:\/\/lanuitdesours.lautre.net\/?p=843"},"modified":"2024-07-30T14:48:16","modified_gmt":"2024-07-30T12:48:16","slug":"les-ateliers","status":"publish","type":"post","link":"https:\/\/lanuitdesours.lautre.net\/?p=843","title":{"rendered":"Les Ateliers"},"content":{"rendered":"\n<h1 class=\"wp-block-heading\">15 ATELIERS, DU 8 AU 13 AO\u00dbT 2022<\/h1>\n\n\n\n<p class=\"wp-block-paragraph\">Comme chaque ann\u00e9e, <strong>LA NUIT DES OURS<\/strong> propose des ateliers culture &amp; bien-\u00eatre gratuits \u00e0 Vallorcine. <\/p>\n\n\n\n<h5 class=\"wp-block-heading\">Informations pratiques :<\/h5>\n\n\n\n<ul class=\"wp-block-list\"><li>Gratuits<\/li><li><mark style=\"background-color:#ffd700\" class=\"has-inline-color\">Inscription obligatoire \u00e0 l\u2019Office de Tourisme de Vallorcine<\/mark> (<strong>04 50 54 60 71<\/strong>) \u00e0 partir du 18 juillet (jauges limit\u00e9es !)<\/li><li><strong>Rendez-vous <strong>15mn avant l\u2019heure indiqu\u00e9e<\/strong><\/strong>, <strong>au pied des t\u00e9l\u00e9skis de La Poya (cabane de l&rsquo;ESF)<\/strong> \u00e0Vallorcine (gare du Buet)<\/li><\/ul>\n\n\n\n<h5 class=\"wp-block-heading\">Le programme des ATELIERS (ordre chronologique) :<\/h5>\n\n\n\n<div class=\"wp-block-columns is-layout-flex wp-container-core-columns-is-layout-8f761849 wp-block-columns-is-layout-flex\">\n<div class=\"wp-block-column is-layout-flow wp-block-column-is-layout-flow\">\n<h3 class=\"wp-block-heading\">\ud83d\udcfb Apprendre et r\u00e9aliser une \u00e9mission de radio de A \u00e0 Z<\/h3>\n\n\n\n<p class=\"wp-block-paragraph\">Avec <strong><a href=\"https:\/\/nuit-des-ours.com\/2022\/la-radio-des-ours\/\">LA RADIO DES OURS<\/a><\/strong><\/p>\n\n\n\n<ul class=\"wp-block-list\"><li>Pour 9 personnes, \u00e0 partir de 9 ans<\/li><li>Les partcipant.e.s apportent leur casse-cr\u00f4ute<\/li><li>Du mercredi 10 ao\u00fbt au vendredi 12 ao\u00fbt de 10h \u00e0 16h30<\/li><\/ul>\n\n\n\n<h3 class=\"wp-block-heading\">\ud83c\udfa8 \ud83c\uddfa\ud83c\udde6 Peindre la nature, peindre dans la nature<\/h3>\n\n\n\n<p class=\"wp-block-paragraph\">Avec <strong><a href=\"https:\/\/nuit-des-ours.com\/2022\/les-preambules\/\" target=\"_blank\" rel=\"noreferrer noopener\">Yeva Yasynetska<\/a>, <\/strong>artiste peintre ukrainienne <\/p>\n\n\n\n<ul class=\"wp-block-list\"><li>Venir avec pinceaux et gouaches, aquarelles, craies diverses\u2026<\/li><li>Pour 15 personnes, tout public<\/li><li>Lundi 8 et 9 ao\u00fbt de 10h \u00e0 13h<\/li><\/ul>\n\n\n\n<h3 class=\"wp-block-heading\">\ud83c\udfa8 \ud83c\uddfa\ud83c\udde6 R\u00e9alisation de marionnettes g\u00e9antes (poup\u00e9es ukrainiennes)<\/h3>\n\n\n\n<p class=\"wp-block-paragraph\">Avec <strong><a href=\"https:\/\/nuit-des-ours.com\/2022\/les-preambules\/\" target=\"_blank\" rel=\"noreferrer noopener\">Yeva Yasynetska<\/a>, <\/strong>artiste peintre ukrainienne<\/p>\n\n\n\n<ul class=\"wp-block-list\"><li>Pour 15 personnes, tout public<\/li><li>Du lundi 8 au samedi 13 ao\u00fbt de 14h \u00e0 18h<\/li><\/ul>\n\n\n\n<h3 class=\"wp-block-heading\">\ud83c\udfa8 Cr\u00e9ation de masques en argile <\/h3>\n\n\n\n<p class=\"wp-block-paragraph\">Avec <strong>Nina Bompard<\/strong>, plasticienne<\/p>\n\n\n\n<ul class=\"wp-block-list\"><li>En vue de la r\u00e9alisation d\u2019une \u00ab&nbsp;grande porte\/sculpture&nbsp;\u00bb dans la for\u00eat.<\/li><li>Pour 15 personnes, tout public<\/li><li>Du lundi 8 au jeudi 11 ao\u00fbt de 9h30 \u00e0 12h30<\/li><\/ul>\n\n\n\n<h3 class=\"wp-block-heading\">\ud83c\udfa8 R\u00e9alisation d\u2019une oeuvre plastique avec 200 clochettes<\/h3>\n\n\n\n<p class=\"wp-block-paragraph\">Avec <strong>Bruno Boussagol<\/strong>, metteur en sc\u00e8ne<\/p>\n\n\n\n<ul class=\"wp-block-list\"><li>Hommage \u00e0 Christian Boltanski<\/li><li>Pour 20 personnes, tout public<\/li><li>Lundi 8, 9 et 10 ao\u00fbt de 11h \u00e0 13h<\/li><\/ul>\n\n\n\n<h3 class=\"wp-block-heading\">\u262f\ufe0f Tai-chi dans la nature<\/h3>\n\n\n\n<p class=\"wp-block-paragraph\">Avec <strong>Fran\u00e7oise Feraud<\/strong>, chor\u00e9graphe<\/p>\n\n\n\n<ul class=\"wp-block-list\"><li>Pour 10 personnes, \u00e0 partir de 16 ans<\/li><li>Mercredi 10 ao\u00fbt de 9h30 \u00e0 12h<\/li><\/ul>\n\n\n\n<h3 class=\"wp-block-heading\">\u26ea Visite racont\u00e9e de l\u2019\u00e9glise de Vallorcine<\/h3>\n\n\n\n<p class=\"wp-block-paragraph\">Avec <strong><a href=\"https:\/\/www.vallorcine.fr\/Valorsna-racines-et-patrimoines-374\" target=\"_blank\" rel=\"noreferrer noopener\">Dominique Ancey<\/a><\/strong>, m\u00e9moire de Vallorcine<\/p>\n\n\n\n<ul class=\"wp-block-list\"><li><strong>ATTENTION : rendez vous \u00e0 l\u2019\u00e9glise de Vallorcine<\/strong><\/li><li>Sans limite de nombre, \u00e0 partir de 10 ans<\/li><li>Mercredi 10 ao\u00fbt de 10h30 \u00e0 12h<\/li><\/ul>\n\n\n\n<h3 class=\"wp-block-heading\">\ud83c\udfa8 V\u00e9g\u00e9talisation d\u2019objets r\u00e9cup\u00e9r\u00e9s (chaussures, sacs\u2026)<\/h3>\n\n\n\n<p class=\"wp-block-paragraph\">Avec le <strong>Collectif \u00ab&nbsp;parce qu\u2019on est l\u00e0&nbsp;\u00bb<\/strong><\/p>\n\n\n\n<ul class=\"wp-block-list\"><li>Pour 10 personnes, \u00e0 partir de 10 ans<\/li><li>Du mercredi 10 au 12 ao\u00fbt de 14h \u00e0 16h30<\/li><\/ul>\n\n\n\n<h3 class=\"wp-block-heading\">\u262f\ufe0f Yoga dans la montagne<\/h3>\n\n\n\n<p class=\"wp-block-paragraph\">Avec <strong><a href=\"http:\/\/www.xavierdun.com\/\" target=\"_blank\" rel=\"noreferrer noopener\">Xavier Dunand<\/a><\/strong>, enseignant de Yoga<\/p>\n\n\n\n<ul class=\"wp-block-list\"><li>Pour 10 personnes, \u00e0 partir de 16 ans<\/li><li>Mercredi 10 ao\u00fbt de 14h \u00e0 16h<\/li><\/ul>\n<\/div>\n\n\n\n<div class=\"wp-block-column is-layout-flow wp-block-column-is-layout-flow\">\n<h3 class=\"wp-block-heading\">\ud83c\uddfa\ud83c\udde6 Qu\u2019est ce que \u00ab&nbsp;traduire&nbsp;\u00bb ?<\/h3>\n\n\n\n<p class=\"wp-block-paragraph\">Avec <strong>Andr\u00e9 Markowitz<\/strong>, auteur et traducteur<\/p>\n\n\n\n<ul class=\"wp-block-list\"><li>Pour 15 personnes, \u00e0 partir de 16 ans<\/li><li>Jeudi 11 ao\u00fbt de 14h30 \u00e0 16h30<\/li><\/ul>\n\n\n\n<h3 class=\"wp-block-heading\">\ud83c\uddfa\ud83c\udde6 Rencontre avec les exil\u00e9.e.s ukrainien.ne.s de la Vall\u00e9e<\/h3>\n\n\n\n<p class=\"wp-block-paragraph\">Avec <strong>Andr\u00e9 Markowitz<\/strong>, auteur et traducteur<\/p>\n\n\n\n<ul class=\"wp-block-list\"><li>Pour 15 personnes, \u00e0 partir de 16 ans<\/li><li>Jeudi 11 ao\u00fbt de 20h \u00e0 1h30<\/li><\/ul>\n\n\n\n<h3 class=\"wp-block-heading\">\ud83c\udfb6 Mini concert pour b\u00e9b\u00e9s et femmes enceintes<\/h3>\n\n\n\n<p class=\"wp-block-paragraph\">Avec <strong>Val\u00e9rie Bernard<\/strong> et <strong>Priscille Oehninger<\/strong>, violonistes<\/p>\n\n\n\n<ul class=\"wp-block-list\"><li>Pour b\u00e9b\u00e9s et femmes enceintes, sans limite de nombre<\/li><li>Vendredi 12 Ao\u00fbt de 9h30 \u00e0 11h (avant les grandes chaleurs de la journ\u00e9e)<\/li><\/ul>\n\n\n\n<h3 class=\"wp-block-heading\">\ud83c\uddfa\ud83c\udde6 La d\u00e9sinformation est elle de l\u2019information ?<\/h3>\n\n\n\n<p class=\"wp-block-paragraph\">Avec <strong><a href=\"https:\/\/www.leshumanites-media.com\/\" target=\"_blank\" rel=\"noreferrer noopener\">Jean Marc Adolphe<\/a><\/strong>, journaliste<\/p>\n\n\n\n<ul class=\"wp-block-list\"><li>Pour 15 personnes, \u00e0 partir de 16 ans<\/li><li>Vendredi 12 ao\u00fbt de 14h30 \u00e0 16h30<\/li><\/ul>\n\n\n\n<h3 class=\"wp-block-heading\">\u262f\ufe0f Qi gong et bain de for\u00eat<\/h3>\n\n\n\n<p class=\"wp-block-paragraph\">Avec <strong><a href=\"https:\/\/qi-gong-nature.fr\/\" target=\"_blank\" rel=\"noreferrer noopener\">Tiphaine Breillot<\/a><\/strong>, enseignante de Qi Gong<\/p>\n\n\n\n<ul class=\"wp-block-list\"><li>S\u2019ouvrir \u00e0 tout ce qui nous entoure et aller \u00e0 la rencontre des arbres<\/li><li>Pour 10 personnes, \u00e0 partir de 16 ans<\/li><li>Vendredi 12 ao\u00fbt de 14h30 \u00e0 16h30<\/li><\/ul>\n\n\n\n<h3 class=\"wp-block-heading\">\ud83c\udfb6 <strong>Chant mongol<\/strong><\/h3>\n\n\n\n<p class=\"wp-block-paragraph\">Avec <strong><a href=\"https:\/\/mdub-music.com\/\" target=\"_blank\" rel=\"noreferrer noopener\">Martin Dubois<\/a><\/strong>, musicien<\/p>\n\n\n\n<ul class=\"wp-block-list\"><li>Souffle, tempo, harmonie, p\u00e9n\u00e9trer dans l\u2019univers du chant de gorge mongol<\/li><li>Pour 10 personnes, \u00e0 partir de 16 ans<\/li><li>Samedi 13 ao\u00fbt de 10h \u00e0 12h<\/li><\/ul>\n\n\n\n<h3 class=\"wp-block-heading\">\ud83c\uddfa\ud83c\udde6 La d\u00e9sob\u00e9issance civile&nbsp;\u00e0 l\u2019\u00e9preuve de la r\u00e9alit\u00e9<\/h3>\n\n\n\n<p class=\"wp-block-paragraph\">Avec <strong><a href=\"https:\/\/www.andre-lariviere.fr\/\" target=\"_blank\" rel=\"noreferrer noopener\">Andr\u00e9 Larivi\u00e8re<\/a><\/strong>, activiste mondialiste non violent<\/p>\n\n\n\n<ul class=\"wp-block-list\"><li>Boycott, je\u00fbne politique, non violence, \u00e9change d\u2019exp\u00e9rience<\/li><li>Pour 15 personnes, \u00e0 partir de 16 ans<\/li><li>Samedi 13 ao\u00fbt de 14h30 \u00e0 16h30<\/li><\/ul>\n\n\n\n<h3 class=\"wp-block-heading\">\u262f\ufe0f <strong>Lu Jong <\/strong>ou \u00ab&nbsp;transformation du corps&nbsp;\u00bb<\/h3>\n\n\n\n<p class=\"wp-block-paragraph\">Avec <strong>Valentine Burkhaler<\/strong>, enseignante de Yoga tib\u00e9tain<\/p>\n\n\n\n<ul class=\"wp-block-list\"><li>Yoga \u00e9nerg\u00e9tique tib\u00e9tain<\/li><li>Pour 10 personnes, \u00e0 partir de 16 ans<\/li><li>Samedi 13 ao\u00fbt de 17h \u00e0 19h<\/li><\/ul>\n\n\n\n<hr class=\"wp-block-separator has-alpha-channel-opacity\"\/>\n\n\n\n<h6 class=\"wp-block-heading\"><strong>L\u00c9GENDE :<\/strong><\/h6>\n\n\n\n<p class=\"wp-block-paragraph\">\ud83d\udcfb Radio &#8212; \ud83c\udfa8 Arts plastiques &#8212; \ud83c\uddfa\ud83c\udde6 En lien avec les Journ\u00e9es d&rsquo;Et\u00e9 de Vallorcine (Ukraine) &#8212; \u262f\ufe0f Bien-\u00eatre &#8212; \u26ea H\u00e9ritage vallorcin &#8212; \ud83c\udfb6 Musique<\/p>\n<\/div>\n<\/div>\n\n\n\n<hr class=\"wp-block-separator has-alpha-channel-opacity is-style-dots\"\/>\n\n\n\n<h5 class=\"wp-block-heading\">Les ATELIERS gratuits de LA NUIT DES OURS sont soutenus par des financements publics dans le cadre du dispositif \u00ab\u00a0\u00c9t\u00e9 culturel 2022 &#8211; PRENDRE L\u2019AIR (du temps) 3 \u00bb :<\/h5>\n\n\n\n<div class=\"wp-block-columns are-vertically-aligned-center is-layout-flex wp-container-core-columns-is-layout-8f761849 wp-block-columns-is-layout-flex\">\n<div class=\"wp-block-column is-vertically-aligned-center is-layout-flow wp-block-column-is-layout-flow\" style=\"flex-basis:33.33%\">\n<figure class=\"wp-block-image size-full\"><img decoding=\"async\" src=\"https:\/\/nuit-des-ours.com\/wp-content\/uploads\/2022\/07\/Logo-coupl_-minist_re-culture-_t_-culturel.png\" alt=\"\" class=\"wp-image-1303\"\/><\/figure>\n<\/div>\n\n\n\n<div class=\"wp-block-column is-vertically-aligned-center is-layout-flow wp-block-column-is-layout-flow\" style=\"flex-basis:33.33%\">\n<figure class=\"wp-block-image size-thumbnail\"><img loading=\"lazy\" decoding=\"async\" width=\"150\" height=\"150\" src=\"https:\/\/nuit-des-ours.com\/wp-content\/uploads\/2022\/07\/PREF_region_Auvergne_Rhone_Alpes_RVB-150x150.png\" alt=\"\" class=\"wp-image-1301\"\/><\/figure>\n<\/div>\n\n\n\n<div class=\"wp-block-column is-vertically-aligned-center is-layout-flow wp-block-column-is-layout-flow\" style=\"flex-basis:33.33%\"><\/div>\n<\/div>\n","protected":false},"excerpt":{"rendered":"<p>DU 8 AU 13 AO\u00dbT 2022. 15 ateliers. Bien-\u00eatre, musique, radio, arts plastiques, h\u00e9ritage vallorcin, ou en lien avec les Journ\u00e9es d&rsquo;Et\u00e9 de Vallorcine (Ukraine)\u2026 il y en a pour tous les go\u00fbts ! Gratuits, inscription obligatoire (jauges limit\u00e9es).<\/p>\n","protected":false},"author":1,"featured_media":727,"comment_status":"closed","ping_status":"closed","sticky":false,"template":"","format":"standard","meta":{"footnotes":""},"categories":[9],"tags":[],"class_list":["post-843","post","type-post","status-publish","format-standard","has-post-thumbnail","hentry","category-edition-2022"],"yoast_head":"<!-- This site is optimized with the Yoast SEO plugin v28.3 - https:\/\/yoast.com\/product\/yoast-seo-wordpress\/ -->\n<title>Les Ateliers - La Nuit des Ours Edition 2022<\/title>\n<meta name=\"description\" content=\"8-13 AO\u00dbT. 15 ateliers gratuits \u00e0 Vallorcine. Bien-\u00eatre, musique, radio, arts plastiques, h\u00e9ritage vallorcin, ou sur le th\u00e8me de l&#039;Ukraine\u2026\" \/>\n<meta name=\"robots\" content=\"index, follow, max-snippet:-1, max-image-preview:large, max-video-preview:-1\" \/>\n<link rel=\"canonical\" href=\"https:\/\/lanuitdesours.lautre.net\/?p=843\" \/>\n<meta property=\"og:locale\" content=\"fr_FR\" \/>\n<meta property=\"og:type\" content=\"article\" \/>\n<meta property=\"og:title\" content=\"Les Ateliers - La Nuit des Ours Edition 2022\" \/>\n<meta property=\"og:description\" content=\"8-13 AO\u00dbT. 15 ateliers gratuits \u00e0 Vallorcine. Bien-\u00eatre, musique, radio, arts plastiques, h\u00e9ritage vallorcin, ou sur le th\u00e8me de l&#039;Ukraine\u2026\" \/>\n<meta property=\"og:url\" content=\"https:\/\/lanuitdesours.lautre.net\/?p=843\" \/>\n<meta property=\"og:site_name\" content=\"La Nuit des Ours\" \/>\n<meta property=\"article:publisher\" content=\"https:\/\/www.facebook.com\/lanuitdesours\/\" \/>\n<meta property=\"article:published_time\" content=\"2022-07-11T10:00:46+00:00\" \/>\n<meta property=\"article:modified_time\" content=\"2024-07-30T12:48:16+00:00\" \/>\n<meta property=\"og:image\" content=\"https:\/\/lanuitdesours.lautre.net\/wp-content\/uploads\/2022\/07\/297-scaled.jpg\" \/>\n\t<meta property=\"og:image:width\" content=\"2560\" \/>\n\t<meta property=\"og:image:height\" content=\"1707\" \/>\n\t<meta property=\"og:image:type\" content=\"image\/jpeg\" \/>\n<meta name=\"author\" content=\"Cr\u00e9er c&#039;est R\u00e9sister\" \/>\n<meta name=\"twitter:card\" content=\"summary_large_image\" \/>\n<meta name=\"twitter:label1\" content=\"\u00c9crit par\" \/>\n\t<meta name=\"twitter:data1\" content=\"Cr\u00e9er c&#039;est R\u00e9sister\" \/>\n\t<meta name=\"twitter:label2\" content=\"Dur\u00e9e de lecture estim\u00e9e\" \/>\n\t<meta name=\"twitter:data2\" content=\"5 minutes\" \/>\n<script type=\"application\/ld+json\" class=\"yoast-schema-graph\">{\"@context\":\"https:\\\/\\\/schema.org\",\"@graph\":[{\"@type\":\"Article\",\"@id\":\"https:\\\/\\\/lanuitdesours.lautre.net\\\/?p=843#article\",\"isPartOf\":{\"@id\":\"https:\\\/\\\/lanuitdesours.lautre.net\\\/?p=843\"},\"author\":{\"name\":\"Cr\u00e9er c'est R\u00e9sister\",\"@id\":\"https:\\\/\\\/lanuitdesours.lautre.net\\\/#\\\/schema\\\/person\\\/1f4500f2f631d9916d6b39f1c0ba934c\"},\"headline\":\"Les Ateliers\",\"datePublished\":\"2022-07-11T10:00:46+00:00\",\"dateModified\":\"2024-07-30T12:48:16+00:00\",\"mainEntityOfPage\":{\"@id\":\"https:\\\/\\\/lanuitdesours.lautre.net\\\/?p=843\"},\"wordCount\":665,\"publisher\":{\"@id\":\"https:\\\/\\\/lanuitdesours.lautre.net\\\/#organization\"},\"image\":{\"@id\":\"https:\\\/\\\/lanuitdesours.lautre.net\\\/?p=843#primaryimage\"},\"thumbnailUrl\":\"https:\\\/\\\/lanuitdesours.lautre.net\\\/wp-content\\\/uploads\\\/2022\\\/07\\\/297-scaled.jpg\",\"articleSection\":[\"Edition 2022\"],\"inLanguage\":\"fr-FR\"},{\"@type\":\"WebPage\",\"@id\":\"https:\\\/\\\/lanuitdesours.lautre.net\\\/?p=843\",\"url\":\"https:\\\/\\\/lanuitdesours.lautre.net\\\/?p=843\",\"name\":\"Les Ateliers - La Nuit des Ours Edition 2022\",\"isPartOf\":{\"@id\":\"https:\\\/\\\/lanuitdesours.lautre.net\\\/#website\"},\"primaryImageOfPage\":{\"@id\":\"https:\\\/\\\/lanuitdesours.lautre.net\\\/?p=843#primaryimage\"},\"image\":{\"@id\":\"https:\\\/\\\/lanuitdesours.lautre.net\\\/?p=843#primaryimage\"},\"thumbnailUrl\":\"https:\\\/\\\/lanuitdesours.lautre.net\\\/wp-content\\\/uploads\\\/2022\\\/07\\\/297-scaled.jpg\",\"datePublished\":\"2022-07-11T10:00:46+00:00\",\"dateModified\":\"2024-07-30T12:48:16+00:00\",\"description\":\"8-13 AO\u00dbT. 15 ateliers gratuits \u00e0 Vallorcine. Bien-\u00eatre, musique, radio, arts plastiques, h\u00e9ritage vallorcin, ou sur le th\u00e8me de l'Ukraine\u2026\",\"breadcrumb\":{\"@id\":\"https:\\\/\\\/lanuitdesours.lautre.net\\\/?p=843#breadcrumb\"},\"inLanguage\":\"fr-FR\",\"potentialAction\":[{\"@type\":\"ReadAction\",\"target\":[\"https:\\\/\\\/lanuitdesours.lautre.net\\\/?p=843\"]}]},{\"@type\":\"ImageObject\",\"inLanguage\":\"fr-FR\",\"@id\":\"https:\\\/\\\/lanuitdesours.lautre.net\\\/?p=843#primaryimage\",\"url\":\"https:\\\/\\\/lanuitdesours.lautre.net\\\/wp-content\\\/uploads\\\/2022\\\/07\\\/297-scaled.jpg\",\"contentUrl\":\"https:\\\/\\\/lanuitdesours.lautre.net\\\/wp-content\\\/uploads\\\/2022\\\/07\\\/297-scaled.jpg\",\"width\":2560,\"height\":1707,\"caption\":\"\u24b8 Nina Bompard\"},{\"@type\":\"BreadcrumbList\",\"@id\":\"https:\\\/\\\/lanuitdesours.lautre.net\\\/?p=843#breadcrumb\",\"itemListElement\":[{\"@type\":\"ListItem\",\"position\":1,\"name\":\"Accueil\",\"item\":\"https:\\\/\\\/lanuitdesours.lautre.net\\\/\"},{\"@type\":\"ListItem\",\"position\":2,\"name\":\"Les Ateliers\"}]},{\"@type\":\"WebSite\",\"@id\":\"https:\\\/\\\/lanuitdesours.lautre.net\\\/#website\",\"url\":\"https:\\\/\\\/lanuitdesours.lautre.net\\\/\",\"name\":\"La Nuit des Ours\",\"description\":\"CR\u00c9ER C&#039;EST R\u00c9SISTER | R\u00c9SISTER C&#039;EST CR\u00c9ER\",\"publisher\":{\"@id\":\"https:\\\/\\\/lanuitdesours.lautre.net\\\/#organization\"},\"potentialAction\":[{\"@type\":\"SearchAction\",\"target\":{\"@type\":\"EntryPoint\",\"urlTemplate\":\"https:\\\/\\\/lanuitdesours.lautre.net\\\/?s={search_term_string}\"},\"query-input\":{\"@type\":\"PropertyValueSpecification\",\"valueRequired\":true,\"valueName\":\"search_term_string\"}}],\"inLanguage\":\"fr-FR\"},{\"@type\":\"Organization\",\"@id\":\"https:\\\/\\\/lanuitdesours.lautre.net\\\/#organization\",\"name\":\"Association LA NUIT DES OURS\",\"url\":\"https:\\\/\\\/lanuitdesours.lautre.net\\\/\",\"logo\":{\"@type\":\"ImageObject\",\"inLanguage\":\"fr-FR\",\"@id\":\"https:\\\/\\\/lanuitdesours.lautre.net\\\/#\\\/schema\\\/logo\\\/image\\\/\",\"url\":\"https:\\\/\\\/nuit-des-ours.com\\\/wp-content\\\/uploads\\\/2022\\\/07\\\/cropped-NDO_logo-noir_jaune.jpg\",\"contentUrl\":\"https:\\\/\\\/nuit-des-ours.com\\\/wp-content\\\/uploads\\\/2022\\\/07\\\/cropped-NDO_logo-noir_jaune.jpg\",\"width\":512,\"height\":512,\"caption\":\"Association LA NUIT DES OURS\"},\"image\":{\"@id\":\"https:\\\/\\\/lanuitdesours.lautre.net\\\/#\\\/schema\\\/logo\\\/image\\\/\"},\"sameAs\":[\"https:\\\/\\\/www.facebook.com\\\/lanuitdesours\\\/\",\"https:\\\/\\\/www.instagram.com\\\/lanuitdesours\\\/\"]},{\"@type\":\"Person\",\"@id\":\"https:\\\/\\\/lanuitdesours.lautre.net\\\/#\\\/schema\\\/person\\\/1f4500f2f631d9916d6b39f1c0ba934c\",\"name\":\"Cr\u00e9er c'est R\u00e9sister\",\"image\":{\"@type\":\"ImageObject\",\"inLanguage\":\"fr-FR\",\"@id\":\"https:\\\/\\\/secure.gravatar.com\\\/avatar\\\/08f4e38908e105d843bc2bab0e7af2243257415b61b5fe99e955c21a5f61fc2b?s=96&d=mm&r=g\",\"url\":\"https:\\\/\\\/secure.gravatar.com\\\/avatar\\\/08f4e38908e105d843bc2bab0e7af2243257415b61b5fe99e955c21a5f61fc2b?s=96&d=mm&r=g\",\"contentUrl\":\"https:\\\/\\\/secure.gravatar.com\\\/avatar\\\/08f4e38908e105d843bc2bab0e7af2243257415b61b5fe99e955c21a5f61fc2b?s=96&d=mm&r=g\",\"caption\":\"Cr\u00e9er c'est R\u00e9sister\"},\"sameAs\":[\"http:\\\/\\\/www.lanuitdesours.lautre.net\"],\"url\":\"https:\\\/\\\/lanuitdesours.lautre.net\\\/?author=1\"}]}<\/script>\n<!-- \/ Yoast SEO plugin. -->","yoast_head_json":{"title":"Les Ateliers - La Nuit des Ours Edition 2022","description":"8-13 AO\u00dbT. 15 ateliers gratuits \u00e0 Vallorcine. Bien-\u00eatre, musique, radio, arts plastiques, h\u00e9ritage vallorcin, ou sur le th\u00e8me de l'Ukraine\u2026","robots":{"index":"index","follow":"follow","max-snippet":"max-snippet:-1","max-image-preview":"max-image-preview:large","max-video-preview":"max-video-preview:-1"},"canonical":"https:\/\/lanuitdesours.lautre.net\/?p=843","og_locale":"fr_FR","og_type":"article","og_title":"Les Ateliers - La Nuit des Ours Edition 2022","og_description":"8-13 AO\u00dbT. 15 ateliers gratuits \u00e0 Vallorcine. Bien-\u00eatre, musique, radio, arts plastiques, h\u00e9ritage vallorcin, ou sur le th\u00e8me de l'Ukraine\u2026","og_url":"https:\/\/lanuitdesours.lautre.net\/?p=843","og_site_name":"La Nuit des Ours","article_publisher":"https:\/\/www.facebook.com\/lanuitdesours\/","article_published_time":"2022-07-11T10:00:46+00:00","article_modified_time":"2024-07-30T12:48:16+00:00","og_image":[{"width":2560,"height":1707,"url":"https:\/\/lanuitdesours.lautre.net\/wp-content\/uploads\/2022\/07\/297-scaled.jpg","type":"image\/jpeg"}],"author":"Cr\u00e9er c'est R\u00e9sister","twitter_card":"summary_large_image","twitter_misc":{"\u00c9crit par":"Cr\u00e9er c'est R\u00e9sister","Dur\u00e9e de lecture estim\u00e9e":"5 minutes"},"schema":{"@context":"https:\/\/schema.org","@graph":[{"@type":"Article","@id":"https:\/\/lanuitdesours.lautre.net\/?p=843#article","isPartOf":{"@id":"https:\/\/lanuitdesours.lautre.net\/?p=843"},"author":{"name":"Cr\u00e9er c'est R\u00e9sister","@id":"https:\/\/lanuitdesours.lautre.net\/#\/schema\/person\/1f4500f2f631d9916d6b39f1c0ba934c"},"headline":"Les Ateliers","datePublished":"2022-07-11T10:00:46+00:00","dateModified":"2024-07-30T12:48:16+00:00","mainEntityOfPage":{"@id":"https:\/\/lanuitdesours.lautre.net\/?p=843"},"wordCount":665,"publisher":{"@id":"https:\/\/lanuitdesours.lautre.net\/#organization"},"image":{"@id":"https:\/\/lanuitdesours.lautre.net\/?p=843#primaryimage"},"thumbnailUrl":"https:\/\/lanuitdesours.lautre.net\/wp-content\/uploads\/2022\/07\/297-scaled.jpg","articleSection":["Edition 2022"],"inLanguage":"fr-FR"},{"@type":"WebPage","@id":"https:\/\/lanuitdesours.lautre.net\/?p=843","url":"https:\/\/lanuitdesours.lautre.net\/?p=843","name":"Les Ateliers - La Nuit des Ours Edition 2022","isPartOf":{"@id":"https:\/\/lanuitdesours.lautre.net\/#website"},"primaryImageOfPage":{"@id":"https:\/\/lanuitdesours.lautre.net\/?p=843#primaryimage"},"image":{"@id":"https:\/\/lanuitdesours.lautre.net\/?p=843#primaryimage"},"thumbnailUrl":"https:\/\/lanuitdesours.lautre.net\/wp-content\/uploads\/2022\/07\/297-scaled.jpg","datePublished":"2022-07-11T10:00:46+00:00","dateModified":"2024-07-30T12:48:16+00:00","description":"8-13 AO\u00dbT. 15 ateliers gratuits \u00e0 Vallorcine. Bien-\u00eatre, musique, radio, arts plastiques, h\u00e9ritage vallorcin, ou sur le th\u00e8me de l'Ukraine\u2026","breadcrumb":{"@id":"https:\/\/lanuitdesours.lautre.net\/?p=843#breadcrumb"},"inLanguage":"fr-FR","potentialAction":[{"@type":"ReadAction","target":["https:\/\/lanuitdesours.lautre.net\/?p=843"]}]},{"@type":"ImageObject","inLanguage":"fr-FR","@id":"https:\/\/lanuitdesours.lautre.net\/?p=843#primaryimage","url":"https:\/\/lanuitdesours.lautre.net\/wp-content\/uploads\/2022\/07\/297-scaled.jpg","contentUrl":"https:\/\/lanuitdesours.lautre.net\/wp-content\/uploads\/2022\/07\/297-scaled.jpg","width":2560,"height":1707,"caption":"\u24b8 Nina Bompard"},{"@type":"BreadcrumbList","@id":"https:\/\/lanuitdesours.lautre.net\/?p=843#breadcrumb","itemListElement":[{"@type":"ListItem","position":1,"name":"Accueil","item":"https:\/\/lanuitdesours.lautre.net\/"},{"@type":"ListItem","position":2,"name":"Les Ateliers"}]},{"@type":"WebSite","@id":"https:\/\/lanuitdesours.lautre.net\/#website","url":"https:\/\/lanuitdesours.lautre.net\/","name":"La Nuit des Ours","description":"CR\u00c9ER C&#039;EST R\u00c9SISTER | R\u00c9SISTER C&#039;EST CR\u00c9ER","publisher":{"@id":"https:\/\/lanuitdesours.lautre.net\/#organization"},"potentialAction":[{"@type":"SearchAction","target":{"@type":"EntryPoint","urlTemplate":"https:\/\/lanuitdesours.lautre.net\/?s={search_term_string}"},"query-input":{"@type":"PropertyValueSpecification","valueRequired":true,"valueName":"search_term_string"}}],"inLanguage":"fr-FR"},{"@type":"Organization","@id":"https:\/\/lanuitdesours.lautre.net\/#organization","name":"Association LA NUIT DES OURS","url":"https:\/\/lanuitdesours.lautre.net\/","logo":{"@type":"ImageObject","inLanguage":"fr-FR","@id":"https:\/\/lanuitdesours.lautre.net\/#\/schema\/logo\/image\/","url":"https:\/\/nuit-des-ours.com\/wp-content\/uploads\/2022\/07\/cropped-NDO_logo-noir_jaune.jpg","contentUrl":"https:\/\/nuit-des-ours.com\/wp-content\/uploads\/2022\/07\/cropped-NDO_logo-noir_jaune.jpg","width":512,"height":512,"caption":"Association LA NUIT DES OURS"},"image":{"@id":"https:\/\/lanuitdesours.lautre.net\/#\/schema\/logo\/image\/"},"sameAs":["https:\/\/www.facebook.com\/lanuitdesours\/","https:\/\/www.instagram.com\/lanuitdesours\/"]},{"@type":"Person","@id":"https:\/\/lanuitdesours.lautre.net\/#\/schema\/person\/1f4500f2f631d9916d6b39f1c0ba934c","name":"Cr\u00e9er c'est R\u00e9sister","image":{"@type":"ImageObject","inLanguage":"fr-FR","@id":"https:\/\/secure.gravatar.com\/avatar\/08f4e38908e105d843bc2bab0e7af2243257415b61b5fe99e955c21a5f61fc2b?s=96&d=mm&r=g","url":"https:\/\/secure.gravatar.com\/avatar\/08f4e38908e105d843bc2bab0e7af2243257415b61b5fe99e955c21a5f61fc2b?s=96&d=mm&r=g","contentUrl":"https:\/\/secure.gravatar.com\/avatar\/08f4e38908e105d843bc2bab0e7af2243257415b61b5fe99e955c21a5f61fc2b?s=96&d=mm&r=g","caption":"Cr\u00e9er c'est R\u00e9sister"},"sameAs":["http:\/\/www.lanuitdesours.lautre.net"],"url":"https:\/\/lanuitdesours.lautre.net\/?author=1"}]}},"_links":{"self":[{"href":"https:\/\/lanuitdesours.lautre.net\/index.php?rest_route=\/wp\/v2\/posts\/843","targetHints":{"allow":["GET"]}}],"collection":[{"href":"https:\/\/lanuitdesours.lautre.net\/index.php?rest_route=\/wp\/v2\/posts"}],"about":[{"href":"https:\/\/lanuitdesours.lautre.net\/index.php?rest_route=\/wp\/v2\/types\/post"}],"author":[{"embeddable":true,"href":"https:\/\/lanuitdesours.lautre.net\/index.php?rest_route=\/wp\/v2\/users\/1"}],"replies":[{"embeddable":true,"href":"https:\/\/lanuitdesours.lautre.net\/index.php?rest_route=%2Fwp%2Fv2%2Fcomments&post=843"}],"version-history":[{"count":38,"href":"https:\/\/lanuitdesours.lautre.net\/index.php?rest_route=\/wp\/v2\/posts\/843\/revisions"}],"predecessor-version":[{"id":1633,"href":"https:\/\/lanuitdesours.lautre.net\/index.php?rest_route=\/wp\/v2\/posts\/843\/revisions\/1633"}],"wp:featuredmedia":[{"embeddable":true,"href":"https:\/\/lanuitdesours.lautre.net\/index.php?rest_route=\/wp\/v2\/media\/727"}],"wp:attachment":[{"href":"https:\/\/lanuitdesours.lautre.net\/index.php?rest_route=%2Fwp%2Fv2%2Fmedia&parent=843"}],"wp:term":[{"taxonomy":"category","embeddable":true,"href":"https:\/\/lanuitdesours.lautre.net\/index.php?rest_route=%2Fwp%2Fv2%2Fcategories&post=843"},{"taxonomy":"post_tag","embeddable":true,"href":"https:\/\/lanuitdesours.lautre.net\/index.php?rest_route=%2Fwp%2Fv2%2Ftags&post=843"}],"curies":[{"name":"wp","href":"https:\/\/api.w.org\/{rel}","templated":true}]}}