{"id":4230,"date":"2025-07-16T05:30:45","date_gmt":"2025-07-16T03:30:45","guid":{"rendered":"https:\/\/nuit-des-ours.com\/?p=4230"},"modified":"2025-07-26T05:31:18","modified_gmt":"2025-07-26T03:31:18","slug":"cinema-2025","status":"publish","type":"post","link":"https:\/\/lanuitdesours.lautre.net\/?p=4230","title":{"rendered":"Au cin\u00e9ma"},"content":{"rendered":"\n<h2 class=\"wp-block-heading\">PROGRAMMATION CINEMA, \u00e9t\u00e9 2025<\/h2>\n\n\n\n<p class=\"wp-block-paragraph\"><strong>LA NUIT DES OURS<\/strong> propose une programmation engag\u00e9e accueillie par le <br><strong><a href=\"https:\/\/www.cinemavox-chamonix.com\/\">CIN\u00c9MA VOX<\/a> \u00e0 Chamonix<\/strong>, 22 cour du Bartavel, 74400 Chamonix.<\/p>\n\n\n\n<div class=\"wp-block-columns has-background is-layout-flex wp-container-core-columns-is-layout-8f761849 wp-block-columns-is-layout-flex\" style=\"background-color:#00baba2e\">\n<div class=\"wp-block-column is-vertically-aligned-center is-layout-flow wp-block-column-is-layout-flow\">\n<h3 class=\"wp-block-heading\">RESSACS, une histoire touar\u00e8gue<\/h3>\n\n\n\n<h6 class=\"wp-block-heading\"><mark style=\"background-color:rgba(0, 0, 0, 0)\" class=\"has-inline-color has-accent-2-color\">En pr\u00e9ambule de la NUIT DES OURS<br>17 juillet &#8211; 20h<\/mark><\/h6>\n\n\n\n<p class=\"wp-block-paragraph\"><strong>2025<mark style=\"background-color:rgba(0, 0, 0, 0)\" class=\"has-inline-color has-accent-1-color\"><br>Documentaire de Intagrist el Ansari<\/mark><\/strong><br>Le film raconte l\u2019histoire, la r\u00e9sistance et la culture touar\u00e8gues.<br>Ebranl\u00e9s par la colonisation, la s\u00e9dentarisation, les s\u00e8cheresses, les rebellions et exils cycliques, les touaregs tentent leur ultime survie.<br>A la fois t\u00e9moignage des conflits en cours et r\u00e9cit cont\u00e9, le film est aussi un voyage existentiel, entre sable et mer, exil et m\u00e9moire vivante.<br><strong>D\u00e9bat en pr\u00e9sence du r\u00e9alisateur &amp; invit\u00e9s \u00e0 l\u2019issue de la projection.<\/strong><\/p>\n\n\n\n<div class=\"wp-block-buttons is-layout-flex wp-block-buttons-is-layout-flex\">\n<div class=\"wp-block-button is-style-outline is-style-outline--1\"><a class=\"wp-block-button__link has-accent-2-color has-text-color has-link-color has-normal-font-size has-custom-font-size wp-element-button\" href=\"https:\/\/www.cinemavox-chamonix.com\/reserver\/F569552\/D1722882600\/VO\/271481\/\" style=\"border-radius:0px\">R\u00e9server<\/a><\/div>\n<\/div>\n<\/div>\n\n\n\n<div class=\"wp-block-column is-vertically-aligned-center is-layout-flow wp-block-column-is-layout-flow\"><div class=\"wp-block-image\">\n<figure class=\"aligncenter size-medium is-resized\"><img loading=\"lazy\" decoding=\"async\" width=\"212\" height=\"300\" src=\"https:\/\/nuit-des-ours.com\/wp-content\/uploads\/2025\/07\/Films_Ressacs-212x300.jpg\" alt=\"\" class=\"wp-image-4231\" style=\"width:300px\" srcset=\"https:\/\/lanuitdesours.lautre.net\/wp-content\/uploads\/2025\/07\/Films_Ressacs-212x300.jpg 212w, https:\/\/lanuitdesours.lautre.net\/wp-content\/uploads\/2025\/07\/Films_Ressacs-724x1024.jpg 724w, https:\/\/lanuitdesours.lautre.net\/wp-content\/uploads\/2025\/07\/Films_Ressacs-768x1086.jpg 768w, https:\/\/lanuitdesours.lautre.net\/wp-content\/uploads\/2025\/07\/Films_Ressacs-1086x1536.jpg 1086w, https:\/\/lanuitdesours.lautre.net\/wp-content\/uploads\/2025\/07\/Films_Ressacs-1448x2048.jpg 1448w, https:\/\/lanuitdesours.lautre.net\/wp-content\/uploads\/2025\/07\/Films_Ressacs.jpg 1800w\" sizes=\"auto, (max-width: 212px) 100vw, 212px\" \/><\/figure>\n<\/div><\/div>\n<\/div>\n\n\n\n<div class=\"wp-block-columns is-layout-flex wp-container-core-columns-is-layout-8f761849 wp-block-columns-is-layout-flex\">\n<div class=\"wp-block-column is-vertically-aligned-center is-layout-flow wp-block-column-is-layout-flow\">\n<h2 class=\"wp-block-heading\">PUT YOUR SOUL ON YOUR HAND AND WALK<\/h2>\n\n\n\n<h6 class=\"wp-block-heading\">Mercredi 13 ao\u00fbt &#8211; 20h<\/h6>\n\n\n\n<p class=\"wp-block-paragraph\"><strong>2025<\/strong><br><strong>Projection\/d\u00e9bat en avant-premi\u00e8re<\/strong><br><strong><mark style=\"background-color:rgba(0, 0, 0, 0)\" class=\"has-inline-color has-accent-1-color\">Film documentaire fran\u00e7ais, palestinien et iranien r\u00e9alis\u00e9 par Sepideh Farsi<\/mark><\/strong><br>Propos de la r\u00e9alisatrice Sepideh Farsi :<br><em>\u00ab Put your soul on your hand and walk est ma r\u00e9ponse en tant que cin\u00e9aste, aux massacres en cours des Palestiniens. Un miracle a eu lieu lorsque j\u2019ai rencontr\u00e9 Fatem Hassona. Elle m\u2019a pr\u00eat\u00e9 ses yeux pour voir Gaza o\u00f9 elle r\u00e9sistait en documentant la guerre, et moi, je suis devenue un lien entre elle et le reste du monde, depuis sa \u00ab prison de Gaza \u00bb comme elle le disait. Nous avons maintenu cette ligne de vie pendant plus de 200 jours. Les bouts de pixels et sons que l\u2019on a \u00e9chang\u00e9s sont devenus le film que vous voyez. L\u2019assassinat de Fatem le 16 avril 2025 suite \u00e0 une attaque isra\u00e9lienne sur sa maison en change \u00e0 jamais le sens \u00bb.<\/em><\/p>\n\n\n\n<div class=\"wp-block-buttons is-layout-flex wp-block-buttons-is-layout-flex\">\n<div class=\"wp-block-button is-style-outline is-style-outline--2\"><a class=\"wp-block-button__link has-accent-2-color has-text-color has-link-color has-normal-font-size has-custom-font-size wp-element-button\" href=\"https:\/\/www.cinemavox-chamonix.com\/reserver\/\" style=\"border-radius:0px\">R\u00e9server<\/a><\/div>\n<\/div>\n<\/div>\n\n\n\n<div class=\"wp-block-column is-vertically-aligned-center is-layout-flow wp-block-column-is-layout-flow\"><div class=\"wp-block-image\">\n<figure class=\"aligncenter size-medium is-resized\"><img loading=\"lazy\" decoding=\"async\" width=\"200\" height=\"300\" src=\"https:\/\/nuit-des-ours.com\/wp-content\/uploads\/2025\/07\/Film_Put-your-soul-on-your-hand-and-walk-200x300.jpg\" alt=\"\" class=\"wp-image-4232\" style=\"width:300px\" srcset=\"https:\/\/lanuitdesours.lautre.net\/wp-content\/uploads\/2025\/07\/Film_Put-your-soul-on-your-hand-and-walk-200x300.jpg 200w, https:\/\/lanuitdesours.lautre.net\/wp-content\/uploads\/2025\/07\/Film_Put-your-soul-on-your-hand-and-walk.jpg 625w\" sizes=\"auto, (max-width: 200px) 100vw, 200px\" \/><\/figure>\n<\/div><\/div>\n<\/div>\n\n\n\n<div class=\"wp-block-columns is-layout-flex wp-container-core-columns-is-layout-8f761849 wp-block-columns-is-layout-flex\">\n<div class=\"wp-block-column is-vertically-aligned-center is-layout-flow wp-block-column-is-layout-flow\">\n<h3 class=\"wp-block-heading\">ICI ET AILLEURS<\/h3>\n\n\n\n<h6 class=\"wp-block-heading\">Lundi 25 ao\u00fbt &#8211; 18h<\/h6>\n\n\n\n<p class=\"wp-block-paragraph\"><strong>1976<mark style=\"background-color:rgba(0, 0, 0, 0)\" class=\"has-inline-color has-accent-1-color\"><br>Documentaire fran\u00e7ais r\u00e9alis\u00e9 par Anne-Marie Mi\u00e9ville<br>et Jean-Luc Godard<\/mark><\/strong><br>Tourn\u00e9 en 1971 sur base d\u2019images de 1970, le film sort en 1976.<br>Anne-Marie Mi\u00e9ville, Jean-Luc Godard et les membres du Groupe Dziga Vertov re\u00e7oivent en 1970 une commande du comit\u00e9 central de l\u2019Organisation de lib\u00e9ration de la Palestine (l\u2019OLP) d\u2019un film sur le camp palestinien d\u2019Amman en Jordanie. Apr\u00e8s le \u00ab Septembre noir \u00bb, le projet de film sign\u00e9 par le Groupe Dziga Vertov et qui devait s\u2019intituler Jusqu\u2019\u00e0 la victoire est mis de c\u00f4t\u00e9. Quatre ans plus tard, Mi\u00e9ville et Godard reprennent ces images, proposent un montage, avec d\u00e9sormais pour titre Ici et ailleurs. Les deux r\u00e9alisateurs mettent en sc\u00e8ne et critiquent de mani\u00e8re dialectique des images que Godard avait lui-m\u00eame tourn\u00e9es en Palestine pour le compte de l\u2019OLP. Le film utilise nouvelles traductions de l\u2019arabe parl\u00e9 par les protagonistes film\u00e9s \u00e0 l\u2019\u00e9poque et qui laissent appara\u00eetre une r\u00e9alit\u00e9 manipul\u00e9e \u00e0 plusieurs niveaux. Ce re-montage est passionnant et permet de saisir le processus de d\u00e9construction cher \u00e0 Godard. Il prend tout son sens \u00e0 la lumi\u00e8re de l\u2019actualit\u00e9.<br><\/p>\n\n\n\n<div class=\"wp-block-buttons is-layout-flex wp-block-buttons-is-layout-flex\">\n<div class=\"wp-block-button is-style-outline is-style-outline--3\"><a class=\"wp-block-button__link has-accent-2-color has-text-color has-link-color has-normal-font-size has-custom-font-size wp-element-button\" href=\"https:\/\/www.cinemavox-chamonix.com\/reserver\/\" style=\"border-radius:0px\">R\u00e9server<\/a><\/div>\n<\/div>\n<\/div>\n\n\n\n<div class=\"wp-block-column is-vertically-aligned-center is-layout-flow wp-block-column-is-layout-flow\"><div class=\"wp-block-image\">\n<figure class=\"aligncenter size-medium is-resized\"><img loading=\"lazy\" decoding=\"async\" width=\"221\" height=\"300\" src=\"https:\/\/nuit-des-ours.com\/wp-content\/uploads\/2025\/07\/Film_Ici-et-ailleurs-221x300.jpg\" alt=\"\" class=\"wp-image-4233\" style=\"width:300px\" srcset=\"https:\/\/lanuitdesours.lautre.net\/wp-content\/uploads\/2025\/07\/Film_Ici-et-ailleurs-221x300.jpg 221w, https:\/\/lanuitdesours.lautre.net\/wp-content\/uploads\/2025\/07\/Film_Ici-et-ailleurs.jpg 280w\" sizes=\"auto, (max-width: 221px) 100vw, 221px\" \/><\/figure>\n<\/div><\/div>\n<\/div>\n\n\n\n<div class=\"wp-block-columns are-vertically-aligned-center is-layout-flex wp-container-core-columns-is-layout-8f761849 wp-block-columns-is-layout-flex\">\n<div class=\"wp-block-column is-vertically-aligned-center is-layout-flow wp-block-column-is-layout-flow\">\n<h3 class=\"wp-block-heading\">LE DERNIER JOUR D\u2019YITZHAK RABIN<\/h3>\n\n\n\n<h6 class=\"wp-block-heading\">Mercredi 10 septembre &#8211; 20h30<\/h6>\n\n\n\n<p class=\"wp-block-paragraph\"><strong>1995<mark style=\"background-color:rgba(0, 0, 0, 0)\" class=\"has-inline-color has-accent-1-color\"><br>Film franco-isra\u00e9lien r\u00e9alis\u00e9 par Amos Gitai<\/mark><\/strong><br>M\u00ealant des images d\u2019archives, des interviews (Shimon Peres, Leah Rabin) et des sc\u00e8nes de fiction, le film d\u00e9crit les \u00e9v\u00e9nements entourant les derniers jours du Premier ministre isra\u00e9lien Yitzhak Rabin, assassin\u00e9 le 4 novembre 1995 par Ygal Amir, un extr\u00e9miste juif oppos\u00e9 aux accords d\u2019Oslo.<\/p>\n\n\n\n<div class=\"wp-block-buttons is-layout-flex wp-block-buttons-is-layout-flex\">\n<div class=\"wp-block-button is-style-outline is-style-outline--4\"><a class=\"wp-block-button__link has-accent-2-color has-text-color has-link-color has-normal-font-size has-custom-font-size wp-element-button\" href=\"https:\/\/www.cinemavox-chamonix.com\/reserver\/\" style=\"border-radius:0px\">R\u00e9server<\/a><\/div>\n<\/div>\n<\/div>\n\n\n\n<div class=\"wp-block-column is-vertically-aligned-center is-layout-flow wp-block-column-is-layout-flow\"><div class=\"wp-block-image\">\n<figure class=\"aligncenter size-medium is-resized\"><img loading=\"lazy\" decoding=\"async\" width=\"228\" height=\"300\" src=\"https:\/\/nuit-des-ours.com\/wp-content\/uploads\/2025\/07\/Film-LE-DERNIER-JOUR-DYITZHAK-RABIN-228x300.jpg\" alt=\"\" class=\"wp-image-4234\" style=\"width:300px\" srcset=\"https:\/\/lanuitdesours.lautre.net\/wp-content\/uploads\/2025\/07\/Film-LE-DERNIER-JOUR-DYITZHAK-RABIN-228x300.jpg 228w, https:\/\/lanuitdesours.lautre.net\/wp-content\/uploads\/2025\/07\/Film-LE-DERNIER-JOUR-DYITZHAK-RABIN.jpg 446w\" sizes=\"auto, (max-width: 228px) 100vw, 228px\" \/><\/figure>\n<\/div><\/div>\n<\/div>\n\n\n\n<div class=\"wp-block-columns are-vertically-aligned-center is-layout-flex wp-container-core-columns-is-layout-8f761849 wp-block-columns-is-layout-flex\">\n<div class=\"wp-block-column is-vertically-aligned-center is-layout-flow wp-block-column-is-layout-flow\">\n<h3 class=\"wp-block-heading\">NO OTHER LAND<\/h3>\n\n\n\n<h6 class=\"wp-block-heading\">Mercredi 24 septembre &#8211; 20h30<\/h6>\n\n\n\n<p class=\"wp-block-paragraph\"><strong>2024<mark style=\"background-color:rgba(0, 0, 0, 0)\" class=\"has-inline-color has-accent-1-color\"><br>Documentaire palestino-norv\u00e9gien r\u00e9alis\u00e9 par Basel Adra, Hamdan Ballal, Yuval Abraham et Rachel Szor<\/mark><\/strong><br>Un collectif isra\u00e9lo-palestinien de quatre militants traite de l\u2019occupation<br>isra\u00e9lienne en Cisjordanie, territoire palestinien, et des destructions de propri\u00e9t\u00e9s palestiniennes par Isra\u00ebl.<br>Prix du public Panorama du meilleur film documentaire<br>Prix du meilleur documentaire de la Berlinale <br>Oscar du meilleur film documentaire lors de la 97e c\u00e9r\u00e9monie des Oscars le 2 mars 2025. <br>Nous proposons de nouveau ce film au regard de l\u2019importance qu\u2019il a pris et de son actualit\u00e9.<\/p>\n\n\n\n<div class=\"wp-block-buttons is-layout-flex wp-block-buttons-is-layout-flex\">\n<div class=\"wp-block-button is-style-outline is-style-outline--5\"><a class=\"wp-block-button__link has-accent-2-color has-text-color has-link-color has-normal-font-size has-custom-font-size wp-element-button\" href=\"https:\/\/www.cinemavox-chamonix.com\/reserver\/\" style=\"border-radius:0px\">R\u00e9server<\/a><\/div>\n<\/div>\n<\/div>\n\n\n\n<div class=\"wp-block-column is-vertically-aligned-center is-layout-flow wp-block-column-is-layout-flow\"><div class=\"wp-block-image\">\n<figure class=\"aligncenter size-medium is-resized\"><img loading=\"lazy\" decoding=\"async\" width=\"220\" height=\"300\" src=\"https:\/\/nuit-des-ours.com\/wp-content\/uploads\/2025\/07\/Film-No-other-land-220x300.jpg\" alt=\"\" class=\"wp-image-4235\" style=\"width:300px\" srcset=\"https:\/\/lanuitdesours.lautre.net\/wp-content\/uploads\/2025\/07\/Film-No-other-land-220x300.jpg 220w, https:\/\/lanuitdesours.lautre.net\/wp-content\/uploads\/2025\/07\/Film-No-other-land-752x1024.jpg 752w, https:\/\/lanuitdesours.lautre.net\/wp-content\/uploads\/2025\/07\/Film-No-other-land-768x1046.jpg 768w, https:\/\/lanuitdesours.lautre.net\/wp-content\/uploads\/2025\/07\/Film-No-other-land-1128x1536.jpg 1128w, https:\/\/lanuitdesours.lautre.net\/wp-content\/uploads\/2025\/07\/Film-No-other-land-1504x2048.jpg 1504w, https:\/\/lanuitdesours.lautre.net\/wp-content\/uploads\/2025\/07\/Film-No-other-land.jpg 1880w\" sizes=\"auto, (max-width: 220px) 100vw, 220px\" \/><\/figure>\n<\/div><\/div>\n<\/div>\n","protected":false},"excerpt":{"rendered":"<p>Cet \u00e9t\u00e9, LA NUIT DES OURS propose une programmation engag\u00e9e accueillie par le Cin\u00e9ma Vox \u00e0 Chamonix. <\/p>\n","protected":false},"author":1,"featured_media":4231,"comment_status":"closed","ping_status":"closed","sticky":false,"template":"","format":"standard","meta":{"footnotes":""},"categories":[62],"tags":[],"class_list":["post-4230","post","type-post","status-publish","format-standard","has-post-thumbnail","hentry","category-edition-2025"],"yoast_head":"<!-- This site is optimized with the Yoast SEO plugin v28.3 - https:\/\/yoast.com\/product\/yoast-seo-wordpress\/ -->\n<title>Au cin\u00e9ma - La Nuit des Ours Edition 2025<\/title>\n<meta name=\"description\" content=\"Cet \u00e9t\u00e9, LA NUIT DES OURS propose une programmation engag\u00e9e accueillie par le Cin\u00e9ma Vox \u00e0 Chamonix.\" \/>\n<meta name=\"robots\" content=\"index, follow, max-snippet:-1, max-image-preview:large, max-video-preview:-1\" \/>\n<link rel=\"canonical\" href=\"https:\/\/lanuitdesours.lautre.net\/?p=4230\" \/>\n<meta property=\"og:locale\" content=\"fr_FR\" \/>\n<meta property=\"og:type\" content=\"article\" \/>\n<meta property=\"og:title\" content=\"Au cin\u00e9ma - La Nuit des Ours Edition 2025\" \/>\n<meta property=\"og:description\" content=\"Cet \u00e9t\u00e9, LA NUIT DES OURS propose une programmation engag\u00e9e accueillie par le Cin\u00e9ma Vox \u00e0 Chamonix.\" \/>\n<meta property=\"og:url\" content=\"https:\/\/lanuitdesours.lautre.net\/?p=4230\" \/>\n<meta property=\"og:site_name\" content=\"La Nuit des Ours\" \/>\n<meta property=\"article:publisher\" content=\"https:\/\/www.facebook.com\/lanuitdesours\/\" \/>\n<meta property=\"article:published_time\" content=\"2025-07-16T03:30:45+00:00\" \/>\n<meta property=\"article:modified_time\" content=\"2025-07-26T03:31:18+00:00\" \/>\n<meta property=\"og:image\" content=\"https:\/\/lanuitdesours.lautre.net\/wp-content\/uploads\/2025\/07\/Films_Ressacs.jpg\" \/>\n\t<meta property=\"og:image:width\" content=\"1800\" \/>\n\t<meta property=\"og:image:height\" content=\"2545\" \/>\n\t<meta property=\"og:image:type\" content=\"image\/jpeg\" \/>\n<meta name=\"author\" content=\"Cr\u00e9er c&#039;est R\u00e9sister\" \/>\n<meta name=\"twitter:card\" content=\"summary_large_image\" \/>\n<meta name=\"twitter:label1\" content=\"\u00c9crit par\" \/>\n\t<meta name=\"twitter:data1\" content=\"Cr\u00e9er c&#039;est R\u00e9sister\" \/>\n\t<meta name=\"twitter:label2\" content=\"Dur\u00e9e de lecture estim\u00e9e\" \/>\n\t<meta name=\"twitter:data2\" content=\"5 minutes\" \/>\n<script type=\"application\/ld+json\" class=\"yoast-schema-graph\">{\"@context\":\"https:\\\/\\\/schema.org\",\"@graph\":[{\"@type\":\"Article\",\"@id\":\"https:\\\/\\\/lanuitdesours.lautre.net\\\/?p=4230#article\",\"isPartOf\":{\"@id\":\"https:\\\/\\\/lanuitdesours.lautre.net\\\/?p=4230\"},\"author\":{\"name\":\"Cr\u00e9er c'est R\u00e9sister\",\"@id\":\"https:\\\/\\\/lanuitdesours.lautre.net\\\/#\\\/schema\\\/person\\\/1f4500f2f631d9916d6b39f1c0ba934c\"},\"headline\":\"Au cin\u00e9ma\",\"datePublished\":\"2025-07-16T03:30:45+00:00\",\"dateModified\":\"2025-07-26T03:31:18+00:00\",\"mainEntityOfPage\":{\"@id\":\"https:\\\/\\\/lanuitdesours.lautre.net\\\/?p=4230\"},\"wordCount\":673,\"publisher\":{\"@id\":\"https:\\\/\\\/lanuitdesours.lautre.net\\\/#organization\"},\"image\":{\"@id\":\"https:\\\/\\\/lanuitdesours.lautre.net\\\/?p=4230#primaryimage\"},\"thumbnailUrl\":\"https:\\\/\\\/lanuitdesours.lautre.net\\\/wp-content\\\/uploads\\\/2025\\\/07\\\/Films_Ressacs.jpg\",\"articleSection\":[\"Edition 2025\"],\"inLanguage\":\"fr-FR\"},{\"@type\":\"WebPage\",\"@id\":\"https:\\\/\\\/lanuitdesours.lautre.net\\\/?p=4230\",\"url\":\"https:\\\/\\\/lanuitdesours.lautre.net\\\/?p=4230\",\"name\":\"Au cin\u00e9ma - La Nuit des Ours Edition 2025\",\"isPartOf\":{\"@id\":\"https:\\\/\\\/lanuitdesours.lautre.net\\\/#website\"},\"primaryImageOfPage\":{\"@id\":\"https:\\\/\\\/lanuitdesours.lautre.net\\\/?p=4230#primaryimage\"},\"image\":{\"@id\":\"https:\\\/\\\/lanuitdesours.lautre.net\\\/?p=4230#primaryimage\"},\"thumbnailUrl\":\"https:\\\/\\\/lanuitdesours.lautre.net\\\/wp-content\\\/uploads\\\/2025\\\/07\\\/Films_Ressacs.jpg\",\"datePublished\":\"2025-07-16T03:30:45+00:00\",\"dateModified\":\"2025-07-26T03:31:18+00:00\",\"description\":\"Cet \u00e9t\u00e9, LA NUIT DES OURS propose une programmation engag\u00e9e accueillie par le Cin\u00e9ma Vox \u00e0 Chamonix.\",\"breadcrumb\":{\"@id\":\"https:\\\/\\\/lanuitdesours.lautre.net\\\/?p=4230#breadcrumb\"},\"inLanguage\":\"fr-FR\",\"potentialAction\":[{\"@type\":\"ReadAction\",\"target\":[\"https:\\\/\\\/lanuitdesours.lautre.net\\\/?p=4230\"]}]},{\"@type\":\"ImageObject\",\"inLanguage\":\"fr-FR\",\"@id\":\"https:\\\/\\\/lanuitdesours.lautre.net\\\/?p=4230#primaryimage\",\"url\":\"https:\\\/\\\/lanuitdesours.lautre.net\\\/wp-content\\\/uploads\\\/2025\\\/07\\\/Films_Ressacs.jpg\",\"contentUrl\":\"https:\\\/\\\/lanuitdesours.lautre.net\\\/wp-content\\\/uploads\\\/2025\\\/07\\\/Films_Ressacs.jpg\",\"width\":1800,\"height\":2545},{\"@type\":\"BreadcrumbList\",\"@id\":\"https:\\\/\\\/lanuitdesours.lautre.net\\\/?p=4230#breadcrumb\",\"itemListElement\":[{\"@type\":\"ListItem\",\"position\":1,\"name\":\"Accueil\",\"item\":\"https:\\\/\\\/lanuitdesours.lautre.net\\\/\"},{\"@type\":\"ListItem\",\"position\":2,\"name\":\"Au cin\u00e9ma\"}]},{\"@type\":\"WebSite\",\"@id\":\"https:\\\/\\\/lanuitdesours.lautre.net\\\/#website\",\"url\":\"https:\\\/\\\/lanuitdesours.lautre.net\\\/\",\"name\":\"La Nuit des Ours\",\"description\":\"CR\u00c9ER C&#039;EST R\u00c9SISTER | R\u00c9SISTER C&#039;EST CR\u00c9ER\",\"publisher\":{\"@id\":\"https:\\\/\\\/lanuitdesours.lautre.net\\\/#organization\"},\"potentialAction\":[{\"@type\":\"SearchAction\",\"target\":{\"@type\":\"EntryPoint\",\"urlTemplate\":\"https:\\\/\\\/lanuitdesours.lautre.net\\\/?s={search_term_string}\"},\"query-input\":{\"@type\":\"PropertyValueSpecification\",\"valueRequired\":true,\"valueName\":\"search_term_string\"}}],\"inLanguage\":\"fr-FR\"},{\"@type\":\"Organization\",\"@id\":\"https:\\\/\\\/lanuitdesours.lautre.net\\\/#organization\",\"name\":\"Association LA NUIT DES OURS\",\"url\":\"https:\\\/\\\/lanuitdesours.lautre.net\\\/\",\"logo\":{\"@type\":\"ImageObject\",\"inLanguage\":\"fr-FR\",\"@id\":\"https:\\\/\\\/lanuitdesours.lautre.net\\\/#\\\/schema\\\/logo\\\/image\\\/\",\"url\":\"https:\\\/\\\/nuit-des-ours.com\\\/wp-content\\\/uploads\\\/2022\\\/07\\\/cropped-NDO_logo-noir_jaune.jpg\",\"contentUrl\":\"https:\\\/\\\/nuit-des-ours.com\\\/wp-content\\\/uploads\\\/2022\\\/07\\\/cropped-NDO_logo-noir_jaune.jpg\",\"width\":512,\"height\":512,\"caption\":\"Association LA NUIT DES OURS\"},\"image\":{\"@id\":\"https:\\\/\\\/lanuitdesours.lautre.net\\\/#\\\/schema\\\/logo\\\/image\\\/\"},\"sameAs\":[\"https:\\\/\\\/www.facebook.com\\\/lanuitdesours\\\/\",\"https:\\\/\\\/www.instagram.com\\\/lanuitdesours\\\/\"]},{\"@type\":\"Person\",\"@id\":\"https:\\\/\\\/lanuitdesours.lautre.net\\\/#\\\/schema\\\/person\\\/1f4500f2f631d9916d6b39f1c0ba934c\",\"name\":\"Cr\u00e9er c'est R\u00e9sister\",\"image\":{\"@type\":\"ImageObject\",\"inLanguage\":\"fr-FR\",\"@id\":\"https:\\\/\\\/secure.gravatar.com\\\/avatar\\\/08f4e38908e105d843bc2bab0e7af2243257415b61b5fe99e955c21a5f61fc2b?s=96&d=mm&r=g\",\"url\":\"https:\\\/\\\/secure.gravatar.com\\\/avatar\\\/08f4e38908e105d843bc2bab0e7af2243257415b61b5fe99e955c21a5f61fc2b?s=96&d=mm&r=g\",\"contentUrl\":\"https:\\\/\\\/secure.gravatar.com\\\/avatar\\\/08f4e38908e105d843bc2bab0e7af2243257415b61b5fe99e955c21a5f61fc2b?s=96&d=mm&r=g\",\"caption\":\"Cr\u00e9er c'est R\u00e9sister\"},\"sameAs\":[\"http:\\\/\\\/www.lanuitdesours.lautre.net\"],\"url\":\"https:\\\/\\\/lanuitdesours.lautre.net\\\/?author=1\"}]}<\/script>\n<!-- \/ Yoast SEO plugin. -->","yoast_head_json":{"title":"Au cin\u00e9ma - La Nuit des Ours Edition 2025","description":"Cet \u00e9t\u00e9, LA NUIT DES OURS propose une programmation engag\u00e9e accueillie par le Cin\u00e9ma Vox \u00e0 Chamonix.","robots":{"index":"index","follow":"follow","max-snippet":"max-snippet:-1","max-image-preview":"max-image-preview:large","max-video-preview":"max-video-preview:-1"},"canonical":"https:\/\/lanuitdesours.lautre.net\/?p=4230","og_locale":"fr_FR","og_type":"article","og_title":"Au cin\u00e9ma - La Nuit des Ours Edition 2025","og_description":"Cet \u00e9t\u00e9, LA NUIT DES OURS propose une programmation engag\u00e9e accueillie par le Cin\u00e9ma Vox \u00e0 Chamonix.","og_url":"https:\/\/lanuitdesours.lautre.net\/?p=4230","og_site_name":"La Nuit des Ours","article_publisher":"https:\/\/www.facebook.com\/lanuitdesours\/","article_published_time":"2025-07-16T03:30:45+00:00","article_modified_time":"2025-07-26T03:31:18+00:00","og_image":[{"width":1800,"height":2545,"url":"https:\/\/lanuitdesours.lautre.net\/wp-content\/uploads\/2025\/07\/Films_Ressacs.jpg","type":"image\/jpeg"}],"author":"Cr\u00e9er c'est R\u00e9sister","twitter_card":"summary_large_image","twitter_misc":{"\u00c9crit par":"Cr\u00e9er c'est R\u00e9sister","Dur\u00e9e de lecture estim\u00e9e":"5 minutes"},"schema":{"@context":"https:\/\/schema.org","@graph":[{"@type":"Article","@id":"https:\/\/lanuitdesours.lautre.net\/?p=4230#article","isPartOf":{"@id":"https:\/\/lanuitdesours.lautre.net\/?p=4230"},"author":{"name":"Cr\u00e9er c'est R\u00e9sister","@id":"https:\/\/lanuitdesours.lautre.net\/#\/schema\/person\/1f4500f2f631d9916d6b39f1c0ba934c"},"headline":"Au cin\u00e9ma","datePublished":"2025-07-16T03:30:45+00:00","dateModified":"2025-07-26T03:31:18+00:00","mainEntityOfPage":{"@id":"https:\/\/lanuitdesours.lautre.net\/?p=4230"},"wordCount":673,"publisher":{"@id":"https:\/\/lanuitdesours.lautre.net\/#organization"},"image":{"@id":"https:\/\/lanuitdesours.lautre.net\/?p=4230#primaryimage"},"thumbnailUrl":"https:\/\/lanuitdesours.lautre.net\/wp-content\/uploads\/2025\/07\/Films_Ressacs.jpg","articleSection":["Edition 2025"],"inLanguage":"fr-FR"},{"@type":"WebPage","@id":"https:\/\/lanuitdesours.lautre.net\/?p=4230","url":"https:\/\/lanuitdesours.lautre.net\/?p=4230","name":"Au cin\u00e9ma - La Nuit des Ours Edition 2025","isPartOf":{"@id":"https:\/\/lanuitdesours.lautre.net\/#website"},"primaryImageOfPage":{"@id":"https:\/\/lanuitdesours.lautre.net\/?p=4230#primaryimage"},"image":{"@id":"https:\/\/lanuitdesours.lautre.net\/?p=4230#primaryimage"},"thumbnailUrl":"https:\/\/lanuitdesours.lautre.net\/wp-content\/uploads\/2025\/07\/Films_Ressacs.jpg","datePublished":"2025-07-16T03:30:45+00:00","dateModified":"2025-07-26T03:31:18+00:00","description":"Cet \u00e9t\u00e9, LA NUIT DES OURS propose une programmation engag\u00e9e accueillie par le Cin\u00e9ma Vox \u00e0 Chamonix.","breadcrumb":{"@id":"https:\/\/lanuitdesours.lautre.net\/?p=4230#breadcrumb"},"inLanguage":"fr-FR","potentialAction":[{"@type":"ReadAction","target":["https:\/\/lanuitdesours.lautre.net\/?p=4230"]}]},{"@type":"ImageObject","inLanguage":"fr-FR","@id":"https:\/\/lanuitdesours.lautre.net\/?p=4230#primaryimage","url":"https:\/\/lanuitdesours.lautre.net\/wp-content\/uploads\/2025\/07\/Films_Ressacs.jpg","contentUrl":"https:\/\/lanuitdesours.lautre.net\/wp-content\/uploads\/2025\/07\/Films_Ressacs.jpg","width":1800,"height":2545},{"@type":"BreadcrumbList","@id":"https:\/\/lanuitdesours.lautre.net\/?p=4230#breadcrumb","itemListElement":[{"@type":"ListItem","position":1,"name":"Accueil","item":"https:\/\/lanuitdesours.lautre.net\/"},{"@type":"ListItem","position":2,"name":"Au cin\u00e9ma"}]},{"@type":"WebSite","@id":"https:\/\/lanuitdesours.lautre.net\/#website","url":"https:\/\/lanuitdesours.lautre.net\/","name":"La Nuit des Ours","description":"CR\u00c9ER C&#039;EST R\u00c9SISTER | R\u00c9SISTER C&#039;EST CR\u00c9ER","publisher":{"@id":"https:\/\/lanuitdesours.lautre.net\/#organization"},"potentialAction":[{"@type":"SearchAction","target":{"@type":"EntryPoint","urlTemplate":"https:\/\/lanuitdesours.lautre.net\/?s={search_term_string}"},"query-input":{"@type":"PropertyValueSpecification","valueRequired":true,"valueName":"search_term_string"}}],"inLanguage":"fr-FR"},{"@type":"Organization","@id":"https:\/\/lanuitdesours.lautre.net\/#organization","name":"Association LA NUIT DES OURS","url":"https:\/\/lanuitdesours.lautre.net\/","logo":{"@type":"ImageObject","inLanguage":"fr-FR","@id":"https:\/\/lanuitdesours.lautre.net\/#\/schema\/logo\/image\/","url":"https:\/\/nuit-des-ours.com\/wp-content\/uploads\/2022\/07\/cropped-NDO_logo-noir_jaune.jpg","contentUrl":"https:\/\/nuit-des-ours.com\/wp-content\/uploads\/2022\/07\/cropped-NDO_logo-noir_jaune.jpg","width":512,"height":512,"caption":"Association LA NUIT DES OURS"},"image":{"@id":"https:\/\/lanuitdesours.lautre.net\/#\/schema\/logo\/image\/"},"sameAs":["https:\/\/www.facebook.com\/lanuitdesours\/","https:\/\/www.instagram.com\/lanuitdesours\/"]},{"@type":"Person","@id":"https:\/\/lanuitdesours.lautre.net\/#\/schema\/person\/1f4500f2f631d9916d6b39f1c0ba934c","name":"Cr\u00e9er c'est R\u00e9sister","image":{"@type":"ImageObject","inLanguage":"fr-FR","@id":"https:\/\/secure.gravatar.com\/avatar\/08f4e38908e105d843bc2bab0e7af2243257415b61b5fe99e955c21a5f61fc2b?s=96&d=mm&r=g","url":"https:\/\/secure.gravatar.com\/avatar\/08f4e38908e105d843bc2bab0e7af2243257415b61b5fe99e955c21a5f61fc2b?s=96&d=mm&r=g","contentUrl":"https:\/\/secure.gravatar.com\/avatar\/08f4e38908e105d843bc2bab0e7af2243257415b61b5fe99e955c21a5f61fc2b?s=96&d=mm&r=g","caption":"Cr\u00e9er c'est R\u00e9sister"},"sameAs":["http:\/\/www.lanuitdesours.lautre.net"],"url":"https:\/\/lanuitdesours.lautre.net\/?author=1"}]}},"_links":{"self":[{"href":"https:\/\/lanuitdesours.lautre.net\/index.php?rest_route=\/wp\/v2\/posts\/4230","targetHints":{"allow":["GET"]}}],"collection":[{"href":"https:\/\/lanuitdesours.lautre.net\/index.php?rest_route=\/wp\/v2\/posts"}],"about":[{"href":"https:\/\/lanuitdesours.lautre.net\/index.php?rest_route=\/wp\/v2\/types\/post"}],"author":[{"embeddable":true,"href":"https:\/\/lanuitdesours.lautre.net\/index.php?rest_route=\/wp\/v2\/users\/1"}],"replies":[{"embeddable":true,"href":"https:\/\/lanuitdesours.lautre.net\/index.php?rest_route=%2Fwp%2Fv2%2Fcomments&post=4230"}],"version-history":[{"count":1,"href":"https:\/\/lanuitdesours.lautre.net\/index.php?rest_route=\/wp\/v2\/posts\/4230\/revisions"}],"predecessor-version":[{"id":4236,"href":"https:\/\/lanuitdesours.lautre.net\/index.php?rest_route=\/wp\/v2\/posts\/4230\/revisions\/4236"}],"wp:featuredmedia":[{"embeddable":true,"href":"https:\/\/lanuitdesours.lautre.net\/index.php?rest_route=\/wp\/v2\/media\/4231"}],"wp:attachment":[{"href":"https:\/\/lanuitdesours.lautre.net\/index.php?rest_route=%2Fwp%2Fv2%2Fmedia&parent=4230"}],"wp:term":[{"taxonomy":"category","embeddable":true,"href":"https:\/\/lanuitdesours.lautre.net\/index.php?rest_route=%2Fwp%2Fv2%2Fcategories&post=4230"},{"taxonomy":"post_tag","embeddable":true,"href":"https:\/\/lanuitdesours.lautre.net\/index.php?rest_route=%2Fwp%2Fv2%2Ftags&post=4230"}],"curies":[{"name":"wp","href":"https:\/\/api.w.org\/{rel}","templated":true}]}}