{"id":4152,"date":"2025-07-20T01:11:48","date_gmt":"2025-07-19T23:11:48","guid":{"rendered":"https:\/\/nuit-des-ours.com\/?p=4152"},"modified":"2025-07-26T16:45:40","modified_gmt":"2025-07-26T14:45:40","slug":"les-arts-du-chemin-2025","status":"publish","type":"post","link":"https:\/\/lanuitdesours.lautre.net\/?p=4152","title":{"rendered":"Les Arts du Chemin"},"content":{"rendered":"\n<h2 class=\"wp-block-heading\">LES ARTS DU CHEMIN<\/h2>\n\n\n\n<p class=\"wp-block-paragraph\"><\/p>\n\n\n\n<div style=\"height:50px\" aria-hidden=\"true\" class=\"wp-block-spacer\"><\/div>\n\n\n\n<div class=\"wp-block-columns is-layout-flex wp-container-core-columns-is-layout-8f761849 wp-block-columns-is-layout-flex\">\n<div class=\"wp-block-column is-vertically-aligned-center is-layout-flow wp-block-column-is-layout-flow\">\n<figure class=\"wp-block-image size-full\"><img loading=\"lazy\" decoding=\"async\" width=\"797\" height=\"598\" src=\"https:\/\/nuit-des-ours.com\/wp-content\/uploads\/2024\/07\/IMG-20230808-WA0000.jpg\" alt=\"\" class=\"wp-image-3557\" srcset=\"https:\/\/lanuitdesours.lautre.net\/wp-content\/uploads\/2024\/07\/IMG-20230808-WA0000.jpg 797w, https:\/\/lanuitdesours.lautre.net\/wp-content\/uploads\/2024\/07\/IMG-20230808-WA0000-300x225.jpg 300w, https:\/\/lanuitdesours.lautre.net\/wp-content\/uploads\/2024\/07\/IMG-20230808-WA0000-768x576.jpg 768w, https:\/\/lanuitdesours.lautre.net\/wp-content\/uploads\/2024\/07\/IMG-20230808-WA0000-400x300.jpg 400w\" sizes=\"auto, (max-width: 797px) 100vw, 797px\" \/><figcaption class=\"wp-element-caption\"><strong><em><sup>Sculpture en cuivre d&rsquo;Andy Parkin pos\u00e9e sur un rocher sur fond de montagne<\/sup><\/em><\/strong><\/figcaption><\/figure>\n<\/div>\n\n\n\n<div class=\"wp-block-column is-layout-flow wp-block-column-is-layout-flow\">\n<p class=\"wp-block-paragraph\">Chaque \u00e9t\u00e9 nous accueillons des artistes en r\u00e9sidence. Ils et elles r\u00e9alisent une \u0153uvre \u00e0 la crois\u00e9e de l\u2019Art Brut, de l\u2019Art Contemporain et de l\u2019Art Populaire. L\u2019\u0153uvre est p\u00e9renne ou \u00e9ph\u00e9m\u00e8re. Elle est laiss\u00e9e l\u00e0 o\u00f9 elle a \u00e9t\u00e9 r\u00e9alis\u00e9e ou pos\u00e9e. Elle se d\u00e9grade au gr\u00e9 des intemp\u00e9ries. Si certaines disparaissent \u00e0 la premi\u00e8re pluie, d\u2019autres sont l\u00e0 depuis six ans et ne semblent pas pr\u00eates de disparaitre. C&rsquo;est ce qu&rsquo;on appelle les <strong><mark style=\"background-color:rgba(0, 0, 0, 0)\" class=\"has-inline-color has-accent-1-color\">ARTS DU CHEMIN<\/mark><\/strong>. Fresques, sculptures, photographie, \u00ab&nbsp;installations&nbsp;\u00bb, \u0153uvres v\u00e9g\u00e9tales : au total une bonne cinquantaine d\u2019\u0153uvres ont \u00e9t\u00e9 r\u00e9alis\u00e9es ces six derni\u00e8res ann\u00e9es.<\/p>\n\n\n\n<p class=\"wp-block-paragraph\">Cet \u00e9t\u00e9 encore, plusieurs artistes en exil r\u00e9aliseront une \u0153uvre en pleine nature.<\/p>\n<\/div>\n<\/div>\n\n\n\n<div class=\"wp-block-columns is-layout-flex wp-container-core-columns-is-layout-8f761849 wp-block-columns-is-layout-flex\">\n<div class=\"wp-block-column is-vertically-aligned-center is-layout-flow wp-block-column-is-layout-flow\">\n<h3 class=\"wp-block-heading\">Somayeh Pakar<br>Artiste iranienne<\/h3>\n\n\n\n<p class=\"wp-block-paragraph\"><strong>R\u00e9alisation d\u2019une installation, fusion de la Tradition Iranienne et de la Beaut\u00e9 Naturelle.<\/strong><br>Les arts traditionnels sont une manifestation des valeurs et croyances les plus profondes d\u2019une culture, transmises de g\u00e9n\u00e9ration en g\u00e9n\u00e9ration tout en \u00e9voluant pour r\u00e9pondre aux besoins changeants de la soci\u00e9t\u00e9. Dans la culture iranienne, cette double nature des arts traditionnels est particuli\u00e8rement \u00e9vidente : des motifs complexes, des couleurs vives, des rythmes m\u00e9lodiques et des symboles sacr\u00e9s.<\/p>\n\n\n\n<p class=\"wp-block-paragraph\">Pour ce projet, Somayeh Pakar s\u2019inspire de la profonde symbolique des motifs complexes trouv\u00e9s dans l\u2019art persan traditionnel comme un lien entre les cultures. Un des \u00e9l\u00e9ments les plus significatifs est l\u2019interaction avec la lumi\u00e8re du soleil. L\u2019installation est con\u00e7ue de mani\u00e8re \u00e0 ce que lorsque la lumi\u00e8re du soleil filtre \u00e0 travers les motifs, des ombres soient projet\u00e9es sur tout ce qui l\u2019entoure. Cette interaction dynamique entre lumi\u00e8re et ombre sert de rappel \u00e0 la signification spirituelle et physique du soleil dans les cultures de l\u2019Est et de l\u2019Ouest.<br>Les motifs soigneusement con\u00e7us pour capter l\u2019angle et l\u2019intensit\u00e9 du soleil \u00e9volueront tout au long de la journ\u00e9e, mettant ainsi en valeur le passage du temps et la nature cyclique de la vie. Ces ombres, qui s\u2019\u00e9tendent au-del\u00e0 des limites physiques, toucheront le monde autour d\u2019elles, symbolisant la mani\u00e8re dont l\u2019art, la culture et l\u2019histoire transcendent les fronti\u00e8res.<\/p>\n\n\n\n<p class=\"wp-block-paragraph\">Somayeh propose \u00e9galement un <strong><a href=\"https:\/\/nuit-des-ours.com\/2025\/ateliers-2025\/\">ATELIER d&rsquo;Aquarelle<\/a><\/strong> et une <strong><a href=\"https:\/\/nuit-des-ours.com\/2025\/memoires-et-resistances\/\">EXPOSITION \u00e0 l\u2019Office de Tourisme de Vallorcine<\/a><\/strong>. <\/p>\n<\/div>\n\n\n\n<div class=\"wp-block-column is-vertically-aligned-center is-layout-flow wp-block-column-is-layout-flow\"><div class=\"wp-block-image\">\n<figure class=\"aligncenter size-medium is-resized\"><img loading=\"lazy\" decoding=\"async\" width=\"225\" height=\"300\" src=\"https:\/\/nuit-des-ours.com\/wp-content\/uploads\/2025\/07\/SomayehPakar_porte1-225x300.jpg\" alt=\"\" class=\"wp-image-4168\" style=\"width:350px\" srcset=\"https:\/\/lanuitdesours.lautre.net\/wp-content\/uploads\/2025\/07\/SomayehPakar_porte1-225x300.jpg 225w, https:\/\/lanuitdesours.lautre.net\/wp-content\/uploads\/2025\/07\/SomayehPakar_porte1.jpg 600w\" sizes=\"auto, (max-width: 225px) 100vw, 225px\" \/><\/figure>\n<\/div><\/div>\n<\/div>\n\n\n\n<div class=\"wp-block-columns is-layout-flex wp-container-core-columns-is-layout-8f761849 wp-block-columns-is-layout-flex\">\n<div class=\"wp-block-column is-vertically-aligned-center is-layout-flow wp-block-column-is-layout-flow\">\n<h3 class=\"wp-block-heading\">Reem Al Natsheh<br>Artiste palestinienne<\/h3>\n\n\n\n<p class=\"wp-block-paragraph\">Ce projet explore la mythologie canan\u00e9enne et sa connexion avec les syst\u00e8mes naturels et \u00e9cologiques. \u00c0 travers les figures d\u2019Anath et de Baal, l\u2019artiste les r\u00e9interpr\u00e8te sous un prisme \u00e9cof\u00e9ministe, cherchant \u00e0 examiner comment les anciens syst\u00e8mes de croyance concevaient la nature, le pouvoir et la f\u00e9minit\u00e9. Elle met ainsi en lumi\u00e8re la lutte pour maintenir l\u2019\u00e9quilibre entre les forces naturelles, essentielles \u00e0 la survie de la civilisation.<\/p>\n<\/div>\n\n\n\n<div class=\"wp-block-column is-vertically-aligned-center is-layout-flow wp-block-column-is-layout-flow\"><div class=\"wp-block-image\">\n<figure class=\"aligncenter size-medium\"><img loading=\"lazy\" decoding=\"async\" width=\"265\" height=\"300\" src=\"https:\/\/nuit-des-ours.com\/wp-content\/uploads\/2025\/07\/ReemAlNatsheh-265x300.jpeg\" alt=\"\" class=\"wp-image-4154\" srcset=\"https:\/\/lanuitdesours.lautre.net\/wp-content\/uploads\/2025\/07\/ReemAlNatsheh-265x300.jpeg 265w, https:\/\/lanuitdesours.lautre.net\/wp-content\/uploads\/2025\/07\/ReemAlNatsheh.jpeg 593w\" sizes=\"auto, (max-width: 265px) 100vw, 265px\" \/><\/figure>\n<\/div><\/div>\n<\/div>\n\n\n\n<div class=\"wp-block-columns is-layout-flex wp-container-core-columns-is-layout-8f761849 wp-block-columns-is-layout-flex\">\n<div class=\"wp-block-column is-vertically-aligned-center is-layout-flow wp-block-column-is-layout-flow\">\n<h3 class=\"wp-block-heading\">Kim Dosoung<br>Plasticien cor\u00e9en<\/h3>\n\n\n\n<p class=\"wp-block-paragraph\"><strong>Installation : La pierre conna\u00eet la r\u00e9ponse.<\/strong><br>Il s\u2019agit d\u2019une installation sonore immersive de 5 minutes, int\u00e9gr\u00e9e au parcours de <strong><a href=\"https:\/\/nuit-des-ours.com\/2025\/la-nuit-des-ours-2025\/\">LA NUIT DES OURS<\/a><\/strong> du 8 et <a href=\"https:\/\/nuit-des-ours.com\/2025\/la-nuit-en-plein-jour-2025\/\"><strong>LA NUIT EN PLEIN JOUR<\/strong><\/a> du12 ao\u00fbt. Une sculpture en forme de pierre (30 x 20 x 20 cm), r\u00e9alis\u00e9e en r\u00e9sine et discr\u00e8tement plac\u00e9e dans le paysage, contient un haut-parleur. Lorsque les visiteurs s\u2019en approchent, un son exp\u00e9rimental se d\u00e9clenche \u2013 compos\u00e9 de frottements et de raclements inspir\u00e9s par la mati\u00e8re pierre. La pierre semble se d\u00e9placer seule, tir\u00e9e par un fil transparent manipul\u00e9e \u00e0 distance par une personne cach\u00e9e dans la for\u00eat. Le spectateur assiste alors \u00e0 une sc\u00e8ne \u00e9trange : la pierre s\u2019anime, avance lentement, puis dispara\u00eet dans la for\u00eat.<\/p>\n\n\n\n<p class=\"wp-block-paragraph\">Dosoung propose \u00e9galement une s\u00e9rie d&rsquo;<strong><a href=\"https:\/\/nuit-des-ours.com\/2025\/ateliers-2025\/\">ATELIERS intitul\u00e9e \u00ab D\u00e9placer la fronti\u00e8re \u00bb<\/a><\/strong> les 9, 10 et 11 ao\u00fbt.<\/p>\n<\/div>\n\n\n\n<div class=\"wp-block-column is-vertically-aligned-center is-layout-flow wp-block-column-is-layout-flow\"><div class=\"wp-block-image\">\n<figure class=\"aligncenter size-medium\"><img loading=\"lazy\" decoding=\"async\" width=\"300\" height=\"300\" src=\"https:\/\/nuit-des-ours.com\/wp-content\/uploads\/2025\/07\/dosoung-2-1000x1000-1-300x300.jpeg\" alt=\"\" class=\"wp-image-4099\" srcset=\"https:\/\/lanuitdesours.lautre.net\/wp-content\/uploads\/2025\/07\/dosoung-2-1000x1000-1-300x300.jpeg 300w, https:\/\/lanuitdesours.lautre.net\/wp-content\/uploads\/2025\/07\/dosoung-2-1000x1000-1-150x150.jpeg 150w, https:\/\/lanuitdesours.lautre.net\/wp-content\/uploads\/2025\/07\/dosoung-2-1000x1000-1-768x768.jpeg 768w, https:\/\/lanuitdesours.lautre.net\/wp-content\/uploads\/2025\/07\/dosoung-2-1000x1000-1.jpeg 1000w\" sizes=\"auto, (max-width: 300px) 100vw, 300px\" \/><\/figure>\n<\/div><\/div>\n<\/div>\n\n\n\n<div class=\"wp-block-columns is-layout-flex wp-container-core-columns-is-layout-8f761849 wp-block-columns-is-layout-flex\">\n<div class=\"wp-block-column is-vertically-aligned-center is-layout-flow wp-block-column-is-layout-flow\">\n<h3 class=\"wp-block-heading\">Ma\u00eft\u00e9 Brochard<br>Plasticienne fran\u00e7aise<\/h3>\n\n\n\n<p class=\"wp-block-paragraph\">Toulousaine d\u2019adoption, elle a v\u00e9cu ses six premi\u00e8res ann\u00e9es \u00e0 Vallorcine.<br>Apr\u00e8s 5 ans de nomadisme \u00e0 travers le monde, elle devient enseignante en arts appliqu\u00e9s. A c\u00f4t\u00e9 de \u00e7a, elle explore diff\u00e9rentes pratiques artistiques, allant du dessin \u00e0 l\u2019artisanat d\u2019art. Le partage, l\u2019apprentissage et les rencontres sont pour elle une source<br>infinie de motivation et de plaisir.<br>Elle nous propose pour cette ann\u00e9e la cr\u00e9ation d\u2019une s\u00e9rie d\u2019\u0153uvres graphiques explorant les principes de la linogravure \u00e0 d\u00e9couvrir sur le sentier de <a href=\"https:\/\/nuit-des-ours.com\/2025\/la-nuit-des-ours-2025\/\"><strong>LA NUIT DES OURS<\/strong><\/a>. Elle fera aussi des croquis en live pour documenter les diff\u00e9rents \u00e9v\u00e9nements.<\/p>\n<\/div>\n\n\n\n<div class=\"wp-block-column is-vertically-aligned-center is-layout-flow wp-block-column-is-layout-flow\"><div class=\"wp-block-image\">\n<figure class=\"aligncenter size-medium\"><img loading=\"lazy\" decoding=\"async\" width=\"300\" height=\"214\" src=\"https:\/\/nuit-des-ours.com\/wp-content\/uploads\/2025\/07\/MaiteBrochard-300x214.jpg\" alt=\"\" class=\"wp-image-4153\" srcset=\"https:\/\/lanuitdesours.lautre.net\/wp-content\/uploads\/2025\/07\/MaiteBrochard-300x214.jpg 300w, https:\/\/lanuitdesours.lautre.net\/wp-content\/uploads\/2025\/07\/MaiteBrochard-1024x729.jpg 1024w, https:\/\/lanuitdesours.lautre.net\/wp-content\/uploads\/2025\/07\/MaiteBrochard-768x547.jpg 768w, https:\/\/lanuitdesours.lautre.net\/wp-content\/uploads\/2025\/07\/MaiteBrochard-1536x1094.jpg 1536w, https:\/\/lanuitdesours.lautre.net\/wp-content\/uploads\/2025\/07\/MaiteBrochard-2048x1458.jpg 2048w, https:\/\/lanuitdesours.lautre.net\/wp-content\/uploads\/2025\/07\/MaiteBrochard-421x300.jpg 421w\" sizes=\"auto, (max-width: 300px) 100vw, 300px\" \/><\/figure>\n<\/div><\/div>\n<\/div>\n\n\n\n<div class=\"wp-block-columns is-layout-flex wp-container-core-columns-is-layout-8f761849 wp-block-columns-is-layout-flex\">\n<div class=\"wp-block-column is-vertically-aligned-center is-layout-flow wp-block-column-is-layout-flow\">\n<h3 class=\"wp-block-heading\">Cornelia Koller<br>Artiste\/psychiatre suisse<\/h3>\n\n\n\n<p class=\"wp-block-paragraph\">Chaque \u00e9t\u00e9 Cornelia Koller r\u00e9alise une \u0153uvre in\u00e9dite pour LES ARTS DU CHEMIN. Elle prend sa d\u00e9cision quelques jours avant le d\u00e9but de <a href=\"https:\/\/nuit-des-ours.com\/2025\/la-nuit-des-ours-2025\/\"><strong>LA NUIT DES OURS<\/strong><\/a>. C\u2019est toujours une \u0153uvre int\u00e9gr\u00e9e, \u00e0 la limite de la visibilit\u00e9.<\/p>\n<\/div>\n\n\n\n<div class=\"wp-block-column is-layout-flow wp-block-column-is-layout-flow\"><div class=\"wp-block-image\">\n<figure class=\"aligncenter size-large is-resized\"><img loading=\"lazy\" decoding=\"async\" width=\"1024\" height=\"682\" src=\"https:\/\/nuit-des-ours.com\/wp-content\/uploads\/2025\/07\/CorneliaKoller-1024x682.jpeg\" alt=\"\" class=\"wp-image-4157\" style=\"width:450px\" srcset=\"https:\/\/lanuitdesours.lautre.net\/wp-content\/uploads\/2025\/07\/CorneliaKoller-1024x682.jpeg 1024w, https:\/\/lanuitdesours.lautre.net\/wp-content\/uploads\/2025\/07\/CorneliaKoller-300x200.jpeg 300w, https:\/\/lanuitdesours.lautre.net\/wp-content\/uploads\/2025\/07\/CorneliaKoller-768x512.jpeg 768w, https:\/\/lanuitdesours.lautre.net\/wp-content\/uploads\/2025\/07\/CorneliaKoller-1536x1023.jpeg 1536w, https:\/\/lanuitdesours.lautre.net\/wp-content\/uploads\/2025\/07\/CorneliaKoller-450x300.jpeg 450w, https:\/\/lanuitdesours.lautre.net\/wp-content\/uploads\/2025\/07\/CorneliaKoller.jpeg 2048w\" sizes=\"auto, (max-width: 1024px) 100vw, 1024px\" \/><\/figure>\n<\/div><\/div>\n<\/div>\n\n\n\n<div class=\"wp-block-columns is-layout-flex wp-container-core-columns-is-layout-8f761849 wp-block-columns-is-layout-flex\">\n<div class=\"wp-block-column is-vertically-aligned-center is-layout-flow wp-block-column-is-layout-flow\">\n<h3 class=\"wp-block-heading\">Renaud Filippelli<br>Sculptures sur bois &amp; am\u00e9nagements<\/h3>\n\n\n\n<p class=\"wp-block-paragraph\">Initiateur du projet des ARTS DU CHEMIN. Renaud souhaitait sortir les \u0153uvres d\u2019art des mus\u00e9es afin de cr\u00e9er des sentiers ludiques et sans pr\u00e9tention, o\u00f9 les enfants courraient d\u2019une \u0153uvre \u00e0 l\u2019autre, tant\u00f4t celles d\u2019artistes reconnus, tant\u00f4t celles de parfaits inconnus.<\/p>\n\n\n\n<p class=\"wp-block-paragraph\">Enfant de Vallorcine, Renaud revendique surtout ne pas \u00eatre artiste\u2026 ce qui ne l\u2019emp\u00eache pas de \u00ab faire \u00bb.<\/p>\n\n\n\n<p class=\"wp-block-paragraph\">Nombre de ses r\u00e9alisations d\u00e9corent les chemins de La Poya : <strong>l\u2019octogone du chant des possibles<\/strong> (r\u00e9alis\u00e9 avec les copains), <strong>le temple des enfants<\/strong>, <strong>la for\u00eat de tikis<\/strong> (les visages qui font peur) ou encore <strong>la for\u00eat de totems<\/strong> (r\u00e9alis\u00e9e avec Kevin Churoux). <\/p>\n\n\n\n<p class=\"wp-block-paragraph\">Pour lui, une \u0153uvre ou implantation doit s\u2019int\u00e9grer dans son environnement et continuer \u00e0 vivre au del\u00e0 de <a href=\"https:\/\/nuit-des-ours.com\/2025\/la-nuit-des-ours-2025\/\"><strong>LA NUIT DES OURS<\/strong><\/a>, en harmonie avec le lieu.<\/p>\n<\/div>\n\n\n\n<div class=\"wp-block-column is-vertically-aligned-center is-layout-flow wp-block-column-is-layout-flow\"><div class=\"wp-block-image\">\n<figure class=\"aligncenter size-medium\"><img loading=\"lazy\" decoding=\"async\" width=\"225\" height=\"300\" src=\"https:\/\/nuit-des-ours.com\/wp-content\/uploads\/2024\/07\/RenaudFilippelli-225x300.jpg\" alt=\"\" class=\"wp-image-3549\" srcset=\"https:\/\/lanuitdesours.lautre.net\/wp-content\/uploads\/2024\/07\/RenaudFilippelli-225x300.jpg 225w, https:\/\/lanuitdesours.lautre.net\/wp-content\/uploads\/2024\/07\/RenaudFilippelli.jpg 411w\" sizes=\"auto, (max-width: 225px) 100vw, 225px\" \/><\/figure>\n<\/div><\/div>\n<\/div>\n","protected":false},"excerpt":{"rendered":"<p>LES ARTS DU CHEMIN sont des fresques, sculptures, photographies, installations, am\u00e9nagements et \u0153uvres \u00e9ph\u00e9m\u00e8res qui d\u00e9corent les chemins de Vallorcine pendant et apr\u00e8s LA NUIT DES OURS. <\/p>\n","protected":false},"author":1,"featured_media":4156,"comment_status":"closed","ping_status":"closed","sticky":false,"template":"","format":"standard","meta":{"footnotes":""},"categories":[62],"tags":[52],"class_list":["post-4152","post","type-post","status-publish","format-standard","has-post-thumbnail","hentry","category-edition-2025","tag-arts-du-chemin"],"yoast_head":"<!-- This site is optimized with the Yoast SEO plugin v28.3 - https:\/\/yoast.com\/product\/yoast-seo-wordpress\/ -->\n<title>Les Arts du Chemin - La Nuit des Ours Edition 2025<\/title>\n<meta name=\"description\" content=\"LES ARTS DU CHEMIN sont des fresques, sculptures, am\u00e9nagements, installations et \u0153uvres \u00e9ph\u00e9m\u00e8res qui d\u00e9corent les chemins de Vallorcine.\" \/>\n<meta name=\"robots\" content=\"index, follow, max-snippet:-1, max-image-preview:large, max-video-preview:-1\" \/>\n<link rel=\"canonical\" href=\"https:\/\/lanuitdesours.lautre.net\/?p=4152\" \/>\n<meta property=\"og:locale\" content=\"fr_FR\" \/>\n<meta property=\"og:type\" content=\"article\" \/>\n<meta property=\"og:title\" content=\"Les Arts du Chemin - La Nuit des Ours Edition 2025\" \/>\n<meta property=\"og:description\" content=\"LES ARTS DU CHEMIN sont des fresques, sculptures, am\u00e9nagements, installations et \u0153uvres \u00e9ph\u00e9m\u00e8res qui d\u00e9corent les chemins de Vallorcine.\" \/>\n<meta property=\"og:url\" content=\"https:\/\/lanuitdesours.lautre.net\/?p=4152\" \/>\n<meta property=\"og:site_name\" content=\"La Nuit des Ours\" \/>\n<meta property=\"article:publisher\" content=\"https:\/\/www.facebook.com\/lanuitdesours\/\" \/>\n<meta property=\"article:published_time\" content=\"2025-07-19T23:11:48+00:00\" \/>\n<meta property=\"article:modified_time\" content=\"2025-07-26T14:45:40+00:00\" \/>\n<meta property=\"og:image\" content=\"https:\/\/lanuitdesours.lautre.net\/wp-content\/uploads\/2025\/07\/416-scaled.jpg\" \/>\n\t<meta property=\"og:image:width\" content=\"2560\" \/>\n\t<meta property=\"og:image:height\" content=\"1707\" \/>\n\t<meta property=\"og:image:type\" content=\"image\/jpeg\" \/>\n<meta name=\"author\" content=\"Cr\u00e9er c&#039;est R\u00e9sister\" \/>\n<meta name=\"twitter:card\" content=\"summary_large_image\" \/>\n<meta name=\"twitter:label1\" content=\"\u00c9crit par\" \/>\n\t<meta name=\"twitter:data1\" content=\"Cr\u00e9er c&#039;est R\u00e9sister\" \/>\n\t<meta name=\"twitter:label2\" content=\"Dur\u00e9e de lecture estim\u00e9e\" \/>\n\t<meta name=\"twitter:data2\" content=\"6 minutes\" \/>\n<script type=\"application\/ld+json\" class=\"yoast-schema-graph\">{\"@context\":\"https:\\\/\\\/schema.org\",\"@graph\":[{\"@type\":\"Article\",\"@id\":\"https:\\\/\\\/lanuitdesours.lautre.net\\\/?p=4152#article\",\"isPartOf\":{\"@id\":\"https:\\\/\\\/lanuitdesours.lautre.net\\\/?p=4152\"},\"author\":{\"name\":\"Cr\u00e9er c'est R\u00e9sister\",\"@id\":\"https:\\\/\\\/lanuitdesours.lautre.net\\\/#\\\/schema\\\/person\\\/1f4500f2f631d9916d6b39f1c0ba934c\"},\"headline\":\"Les Arts du Chemin\",\"datePublished\":\"2025-07-19T23:11:48+00:00\",\"dateModified\":\"2025-07-26T14:45:40+00:00\",\"mainEntityOfPage\":{\"@id\":\"https:\\\/\\\/lanuitdesours.lautre.net\\\/?p=4152\"},\"wordCount\":985,\"publisher\":{\"@id\":\"https:\\\/\\\/lanuitdesours.lautre.net\\\/#organization\"},\"image\":{\"@id\":\"https:\\\/\\\/lanuitdesours.lautre.net\\\/?p=4152#primaryimage\"},\"thumbnailUrl\":\"https:\\\/\\\/lanuitdesours.lautre.net\\\/wp-content\\\/uploads\\\/2025\\\/07\\\/416-scaled.jpg\",\"keywords\":[\"ARTS DU CHEMIN\"],\"articleSection\":[\"Edition 2025\"],\"inLanguage\":\"fr-FR\"},{\"@type\":\"WebPage\",\"@id\":\"https:\\\/\\\/lanuitdesours.lautre.net\\\/?p=4152\",\"url\":\"https:\\\/\\\/lanuitdesours.lautre.net\\\/?p=4152\",\"name\":\"Les Arts du Chemin - La Nuit des Ours Edition 2025\",\"isPartOf\":{\"@id\":\"https:\\\/\\\/lanuitdesours.lautre.net\\\/#website\"},\"primaryImageOfPage\":{\"@id\":\"https:\\\/\\\/lanuitdesours.lautre.net\\\/?p=4152#primaryimage\"},\"image\":{\"@id\":\"https:\\\/\\\/lanuitdesours.lautre.net\\\/?p=4152#primaryimage\"},\"thumbnailUrl\":\"https:\\\/\\\/lanuitdesours.lautre.net\\\/wp-content\\\/uploads\\\/2025\\\/07\\\/416-scaled.jpg\",\"datePublished\":\"2025-07-19T23:11:48+00:00\",\"dateModified\":\"2025-07-26T14:45:40+00:00\",\"description\":\"LES ARTS DU CHEMIN sont des fresques, sculptures, am\u00e9nagements, installations et \u0153uvres \u00e9ph\u00e9m\u00e8res qui d\u00e9corent les chemins de Vallorcine.\",\"breadcrumb\":{\"@id\":\"https:\\\/\\\/lanuitdesours.lautre.net\\\/?p=4152#breadcrumb\"},\"inLanguage\":\"fr-FR\",\"potentialAction\":[{\"@type\":\"ReadAction\",\"target\":[\"https:\\\/\\\/lanuitdesours.lautre.net\\\/?p=4152\"]}]},{\"@type\":\"ImageObject\",\"inLanguage\":\"fr-FR\",\"@id\":\"https:\\\/\\\/lanuitdesours.lautre.net\\\/?p=4152#primaryimage\",\"url\":\"https:\\\/\\\/lanuitdesours.lautre.net\\\/wp-content\\\/uploads\\\/2025\\\/07\\\/416-scaled.jpg\",\"contentUrl\":\"https:\\\/\\\/lanuitdesours.lautre.net\\\/wp-content\\\/uploads\\\/2025\\\/07\\\/416-scaled.jpg\",\"width\":2560,\"height\":1707,\"caption\":\"\u00a9 Nina Bompard\"},{\"@type\":\"BreadcrumbList\",\"@id\":\"https:\\\/\\\/lanuitdesours.lautre.net\\\/?p=4152#breadcrumb\",\"itemListElement\":[{\"@type\":\"ListItem\",\"position\":1,\"name\":\"Accueil\",\"item\":\"https:\\\/\\\/lanuitdesours.lautre.net\\\/\"},{\"@type\":\"ListItem\",\"position\":2,\"name\":\"Les Arts du Chemin\"}]},{\"@type\":\"WebSite\",\"@id\":\"https:\\\/\\\/lanuitdesours.lautre.net\\\/#website\",\"url\":\"https:\\\/\\\/lanuitdesours.lautre.net\\\/\",\"name\":\"La Nuit des Ours\",\"description\":\"CR\u00c9ER C&#039;EST R\u00c9SISTER | R\u00c9SISTER C&#039;EST CR\u00c9ER\",\"publisher\":{\"@id\":\"https:\\\/\\\/lanuitdesours.lautre.net\\\/#organization\"},\"potentialAction\":[{\"@type\":\"SearchAction\",\"target\":{\"@type\":\"EntryPoint\",\"urlTemplate\":\"https:\\\/\\\/lanuitdesours.lautre.net\\\/?s={search_term_string}\"},\"query-input\":{\"@type\":\"PropertyValueSpecification\",\"valueRequired\":true,\"valueName\":\"search_term_string\"}}],\"inLanguage\":\"fr-FR\"},{\"@type\":\"Organization\",\"@id\":\"https:\\\/\\\/lanuitdesours.lautre.net\\\/#organization\",\"name\":\"Association LA NUIT DES OURS\",\"url\":\"https:\\\/\\\/lanuitdesours.lautre.net\\\/\",\"logo\":{\"@type\":\"ImageObject\",\"inLanguage\":\"fr-FR\",\"@id\":\"https:\\\/\\\/lanuitdesours.lautre.net\\\/#\\\/schema\\\/logo\\\/image\\\/\",\"url\":\"https:\\\/\\\/nuit-des-ours.com\\\/wp-content\\\/uploads\\\/2022\\\/07\\\/cropped-NDO_logo-noir_jaune.jpg\",\"contentUrl\":\"https:\\\/\\\/nuit-des-ours.com\\\/wp-content\\\/uploads\\\/2022\\\/07\\\/cropped-NDO_logo-noir_jaune.jpg\",\"width\":512,\"height\":512,\"caption\":\"Association LA NUIT DES OURS\"},\"image\":{\"@id\":\"https:\\\/\\\/lanuitdesours.lautre.net\\\/#\\\/schema\\\/logo\\\/image\\\/\"},\"sameAs\":[\"https:\\\/\\\/www.facebook.com\\\/lanuitdesours\\\/\",\"https:\\\/\\\/www.instagram.com\\\/lanuitdesours\\\/\"]},{\"@type\":\"Person\",\"@id\":\"https:\\\/\\\/lanuitdesours.lautre.net\\\/#\\\/schema\\\/person\\\/1f4500f2f631d9916d6b39f1c0ba934c\",\"name\":\"Cr\u00e9er c'est R\u00e9sister\",\"image\":{\"@type\":\"ImageObject\",\"inLanguage\":\"fr-FR\",\"@id\":\"https:\\\/\\\/secure.gravatar.com\\\/avatar\\\/08f4e38908e105d843bc2bab0e7af2243257415b61b5fe99e955c21a5f61fc2b?s=96&d=mm&r=g\",\"url\":\"https:\\\/\\\/secure.gravatar.com\\\/avatar\\\/08f4e38908e105d843bc2bab0e7af2243257415b61b5fe99e955c21a5f61fc2b?s=96&d=mm&r=g\",\"contentUrl\":\"https:\\\/\\\/secure.gravatar.com\\\/avatar\\\/08f4e38908e105d843bc2bab0e7af2243257415b61b5fe99e955c21a5f61fc2b?s=96&d=mm&r=g\",\"caption\":\"Cr\u00e9er c'est R\u00e9sister\"},\"sameAs\":[\"http:\\\/\\\/www.lanuitdesours.lautre.net\"],\"url\":\"https:\\\/\\\/lanuitdesours.lautre.net\\\/?author=1\"}]}<\/script>\n<!-- \/ Yoast SEO plugin. -->","yoast_head_json":{"title":"Les Arts du Chemin - La Nuit des Ours Edition 2025","description":"LES ARTS DU CHEMIN sont des fresques, sculptures, am\u00e9nagements, installations et \u0153uvres \u00e9ph\u00e9m\u00e8res qui d\u00e9corent les chemins de Vallorcine.","robots":{"index":"index","follow":"follow","max-snippet":"max-snippet:-1","max-image-preview":"max-image-preview:large","max-video-preview":"max-video-preview:-1"},"canonical":"https:\/\/lanuitdesours.lautre.net\/?p=4152","og_locale":"fr_FR","og_type":"article","og_title":"Les Arts du Chemin - La Nuit des Ours Edition 2025","og_description":"LES ARTS DU CHEMIN sont des fresques, sculptures, am\u00e9nagements, installations et \u0153uvres \u00e9ph\u00e9m\u00e8res qui d\u00e9corent les chemins de Vallorcine.","og_url":"https:\/\/lanuitdesours.lautre.net\/?p=4152","og_site_name":"La Nuit des Ours","article_publisher":"https:\/\/www.facebook.com\/lanuitdesours\/","article_published_time":"2025-07-19T23:11:48+00:00","article_modified_time":"2025-07-26T14:45:40+00:00","og_image":[{"width":2560,"height":1707,"url":"https:\/\/lanuitdesours.lautre.net\/wp-content\/uploads\/2025\/07\/416-scaled.jpg","type":"image\/jpeg"}],"author":"Cr\u00e9er c'est R\u00e9sister","twitter_card":"summary_large_image","twitter_misc":{"\u00c9crit par":"Cr\u00e9er c'est R\u00e9sister","Dur\u00e9e de lecture estim\u00e9e":"6 minutes"},"schema":{"@context":"https:\/\/schema.org","@graph":[{"@type":"Article","@id":"https:\/\/lanuitdesours.lautre.net\/?p=4152#article","isPartOf":{"@id":"https:\/\/lanuitdesours.lautre.net\/?p=4152"},"author":{"name":"Cr\u00e9er c'est R\u00e9sister","@id":"https:\/\/lanuitdesours.lautre.net\/#\/schema\/person\/1f4500f2f631d9916d6b39f1c0ba934c"},"headline":"Les Arts du Chemin","datePublished":"2025-07-19T23:11:48+00:00","dateModified":"2025-07-26T14:45:40+00:00","mainEntityOfPage":{"@id":"https:\/\/lanuitdesours.lautre.net\/?p=4152"},"wordCount":985,"publisher":{"@id":"https:\/\/lanuitdesours.lautre.net\/#organization"},"image":{"@id":"https:\/\/lanuitdesours.lautre.net\/?p=4152#primaryimage"},"thumbnailUrl":"https:\/\/lanuitdesours.lautre.net\/wp-content\/uploads\/2025\/07\/416-scaled.jpg","keywords":["ARTS DU CHEMIN"],"articleSection":["Edition 2025"],"inLanguage":"fr-FR"},{"@type":"WebPage","@id":"https:\/\/lanuitdesours.lautre.net\/?p=4152","url":"https:\/\/lanuitdesours.lautre.net\/?p=4152","name":"Les Arts du Chemin - La Nuit des Ours Edition 2025","isPartOf":{"@id":"https:\/\/lanuitdesours.lautre.net\/#website"},"primaryImageOfPage":{"@id":"https:\/\/lanuitdesours.lautre.net\/?p=4152#primaryimage"},"image":{"@id":"https:\/\/lanuitdesours.lautre.net\/?p=4152#primaryimage"},"thumbnailUrl":"https:\/\/lanuitdesours.lautre.net\/wp-content\/uploads\/2025\/07\/416-scaled.jpg","datePublished":"2025-07-19T23:11:48+00:00","dateModified":"2025-07-26T14:45:40+00:00","description":"LES ARTS DU CHEMIN sont des fresques, sculptures, am\u00e9nagements, installations et \u0153uvres \u00e9ph\u00e9m\u00e8res qui d\u00e9corent les chemins de Vallorcine.","breadcrumb":{"@id":"https:\/\/lanuitdesours.lautre.net\/?p=4152#breadcrumb"},"inLanguage":"fr-FR","potentialAction":[{"@type":"ReadAction","target":["https:\/\/lanuitdesours.lautre.net\/?p=4152"]}]},{"@type":"ImageObject","inLanguage":"fr-FR","@id":"https:\/\/lanuitdesours.lautre.net\/?p=4152#primaryimage","url":"https:\/\/lanuitdesours.lautre.net\/wp-content\/uploads\/2025\/07\/416-scaled.jpg","contentUrl":"https:\/\/lanuitdesours.lautre.net\/wp-content\/uploads\/2025\/07\/416-scaled.jpg","width":2560,"height":1707,"caption":"\u00a9 Nina Bompard"},{"@type":"BreadcrumbList","@id":"https:\/\/lanuitdesours.lautre.net\/?p=4152#breadcrumb","itemListElement":[{"@type":"ListItem","position":1,"name":"Accueil","item":"https:\/\/lanuitdesours.lautre.net\/"},{"@type":"ListItem","position":2,"name":"Les Arts du Chemin"}]},{"@type":"WebSite","@id":"https:\/\/lanuitdesours.lautre.net\/#website","url":"https:\/\/lanuitdesours.lautre.net\/","name":"La Nuit des Ours","description":"CR\u00c9ER C&#039;EST R\u00c9SISTER | R\u00c9SISTER C&#039;EST CR\u00c9ER","publisher":{"@id":"https:\/\/lanuitdesours.lautre.net\/#organization"},"potentialAction":[{"@type":"SearchAction","target":{"@type":"EntryPoint","urlTemplate":"https:\/\/lanuitdesours.lautre.net\/?s={search_term_string}"},"query-input":{"@type":"PropertyValueSpecification","valueRequired":true,"valueName":"search_term_string"}}],"inLanguage":"fr-FR"},{"@type":"Organization","@id":"https:\/\/lanuitdesours.lautre.net\/#organization","name":"Association LA NUIT DES OURS","url":"https:\/\/lanuitdesours.lautre.net\/","logo":{"@type":"ImageObject","inLanguage":"fr-FR","@id":"https:\/\/lanuitdesours.lautre.net\/#\/schema\/logo\/image\/","url":"https:\/\/nuit-des-ours.com\/wp-content\/uploads\/2022\/07\/cropped-NDO_logo-noir_jaune.jpg","contentUrl":"https:\/\/nuit-des-ours.com\/wp-content\/uploads\/2022\/07\/cropped-NDO_logo-noir_jaune.jpg","width":512,"height":512,"caption":"Association LA NUIT DES OURS"},"image":{"@id":"https:\/\/lanuitdesours.lautre.net\/#\/schema\/logo\/image\/"},"sameAs":["https:\/\/www.facebook.com\/lanuitdesours\/","https:\/\/www.instagram.com\/lanuitdesours\/"]},{"@type":"Person","@id":"https:\/\/lanuitdesours.lautre.net\/#\/schema\/person\/1f4500f2f631d9916d6b39f1c0ba934c","name":"Cr\u00e9er c'est R\u00e9sister","image":{"@type":"ImageObject","inLanguage":"fr-FR","@id":"https:\/\/secure.gravatar.com\/avatar\/08f4e38908e105d843bc2bab0e7af2243257415b61b5fe99e955c21a5f61fc2b?s=96&d=mm&r=g","url":"https:\/\/secure.gravatar.com\/avatar\/08f4e38908e105d843bc2bab0e7af2243257415b61b5fe99e955c21a5f61fc2b?s=96&d=mm&r=g","contentUrl":"https:\/\/secure.gravatar.com\/avatar\/08f4e38908e105d843bc2bab0e7af2243257415b61b5fe99e955c21a5f61fc2b?s=96&d=mm&r=g","caption":"Cr\u00e9er c'est R\u00e9sister"},"sameAs":["http:\/\/www.lanuitdesours.lautre.net"],"url":"https:\/\/lanuitdesours.lautre.net\/?author=1"}]}},"_links":{"self":[{"href":"https:\/\/lanuitdesours.lautre.net\/index.php?rest_route=\/wp\/v2\/posts\/4152","targetHints":{"allow":["GET"]}}],"collection":[{"href":"https:\/\/lanuitdesours.lautre.net\/index.php?rest_route=\/wp\/v2\/posts"}],"about":[{"href":"https:\/\/lanuitdesours.lautre.net\/index.php?rest_route=\/wp\/v2\/types\/post"}],"author":[{"embeddable":true,"href":"https:\/\/lanuitdesours.lautre.net\/index.php?rest_route=\/wp\/v2\/users\/1"}],"replies":[{"embeddable":true,"href":"https:\/\/lanuitdesours.lautre.net\/index.php?rest_route=%2Fwp%2Fv2%2Fcomments&post=4152"}],"version-history":[{"count":9,"href":"https:\/\/lanuitdesours.lautre.net\/index.php?rest_route=\/wp\/v2\/posts\/4152\/revisions"}],"predecessor-version":[{"id":4171,"href":"https:\/\/lanuitdesours.lautre.net\/index.php?rest_route=\/wp\/v2\/posts\/4152\/revisions\/4171"}],"wp:featuredmedia":[{"embeddable":true,"href":"https:\/\/lanuitdesours.lautre.net\/index.php?rest_route=\/wp\/v2\/media\/4156"}],"wp:attachment":[{"href":"https:\/\/lanuitdesours.lautre.net\/index.php?rest_route=%2Fwp%2Fv2%2Fmedia&parent=4152"}],"wp:term":[{"taxonomy":"category","embeddable":true,"href":"https:\/\/lanuitdesours.lautre.net\/index.php?rest_route=%2Fwp%2Fv2%2Fcategories&post=4152"},{"taxonomy":"post_tag","embeddable":true,"href":"https:\/\/lanuitdesours.lautre.net\/index.php?rest_route=%2Fwp%2Fv2%2Ftags&post=4152"}],"curies":[{"name":"wp","href":"https:\/\/api.w.org\/{rel}","templated":true}]}}