{"id":4134,"date":"2025-07-17T20:58:04","date_gmt":"2025-07-17T18:58:04","guid":{"rendered":"https:\/\/nuit-des-ours.com\/?p=4134"},"modified":"2025-07-28T01:23:45","modified_gmt":"2025-07-27T23:23:45","slug":"spectacles-autrement-2025","status":"publish","type":"post","link":"https:\/\/lanuitdesours.lautre.net\/?p=4134","title":{"rendered":"Des spectacles autrement"},"content":{"rendered":"\n<h2 class=\"wp-block-heading\">DES SPECTACLES AUTREMENT, DU 6 AU 11 AO\u00dbT<\/h2>\n\n\n\n<div style=\"height:100px\" aria-hidden=\"true\" class=\"wp-block-spacer\"><\/div>\n\n\n\n<div class=\"wp-block-columns is-layout-flex wp-container-core-columns-is-layout-8f761849 wp-block-columns-is-layout-flex\">\n<div class=\"wp-block-column is-layout-flow wp-block-column-is-layout-flow\" style=\"flex-basis:33.33%\">\n<p class=\"wp-block-paragraph\"><strong>Si vous aimez l\u2019insolite, la surprise, l\u2019impr\u00e9vu, nous vous proposons des spectacles \u00ab\u00a0autrement\u00a0\u00bb en fonction de vos envies, \u00e2ges et possibilit\u00e9s plusieurs exp\u00e9riences sensibles.<\/strong><\/p>\n<\/div>\n\n\n\n<div class=\"wp-block-column is-vertically-aligned-center is-layout-flow wp-block-column-is-layout-flow\" style=\"flex-basis:66.66%\"><div class=\"wp-block-image\">\n<figure class=\"aligncenter size-large\"><img loading=\"lazy\" decoding=\"async\" width=\"1024\" height=\"576\" src=\"https:\/\/nuit-des-ours.com\/wp-content\/uploads\/2025\/07\/Kyo_NDO2023_862116FA-3BF2-477E-8F01-02B1C9369065-1024x576.jpeg\" alt=\"\" class=\"wp-image-4135\" srcset=\"https:\/\/lanuitdesours.lautre.net\/wp-content\/uploads\/2025\/07\/Kyo_NDO2023_862116FA-3BF2-477E-8F01-02B1C9369065-1024x576.jpeg 1024w, https:\/\/lanuitdesours.lautre.net\/wp-content\/uploads\/2025\/07\/Kyo_NDO2023_862116FA-3BF2-477E-8F01-02B1C9369065-300x169.jpeg 300w, https:\/\/lanuitdesours.lautre.net\/wp-content\/uploads\/2025\/07\/Kyo_NDO2023_862116FA-3BF2-477E-8F01-02B1C9369065-768x432.jpeg 768w, https:\/\/lanuitdesours.lautre.net\/wp-content\/uploads\/2025\/07\/Kyo_NDO2023_862116FA-3BF2-477E-8F01-02B1C9369065-1536x864.jpeg 1536w, https:\/\/lanuitdesours.lautre.net\/wp-content\/uploads\/2025\/07\/Kyo_NDO2023_862116FA-3BF2-477E-8F01-02B1C9369065-2048x1152.jpeg 2048w, https:\/\/lanuitdesours.lautre.net\/wp-content\/uploads\/2025\/07\/Kyo_NDO2023_862116FA-3BF2-477E-8F01-02B1C9369065-496x279.jpeg 496w\" sizes=\"auto, (max-width: 1024px) 100vw, 1024px\" \/><figcaption class=\"wp-element-caption\"><strong><em><sup>\u00a9 Kyo AK<\/sup><\/em><\/strong><\/figcaption><\/figure>\n<\/div><\/div>\n<\/div>\n\n\n\n<div class=\"wp-block-columns is-layout-flex wp-container-core-columns-is-layout-8f761849 wp-block-columns-is-layout-flex\">\n<div class=\"wp-block-column is-layout-flow wp-block-column-is-layout-flow\">\n<h3 class=\"wp-block-heading\"><br>LECTURE dans le Mont-Blanc-Express<\/h3>\n\n\n\n<p class=\"wp-block-paragraph\"><strong><mark style=\"background-color:rgba(0, 0, 0, 0)\" class=\"has-inline-color has-accent-2-color\">Du 6 au 11 ao\u00fbt<br>Aller Vallorcine\/Chamonix de 14h10 \u00e0 14h45<br>Retour Chamonix\/Vallorcine de 15h28 \u00e0 16h01<\/mark><\/strong><\/p>\n\n\n\n<p class=\"wp-block-paragraph\">Cette ann\u00e9e, un temps de lecture est propos\u00e9 aux passagers le souhaitant \u00e0 bord du train Mont Blanc Express (titre de transport valable \u00e0 bord).<\/p>\n<\/div>\n\n\n\n<div class=\"wp-block-column is-vertically-aligned-center is-layout-flow wp-block-column-is-layout-flow\"><div class=\"wp-block-image\">\n<figure class=\"aligncenter size-medium\"><img loading=\"lazy\" decoding=\"async\" width=\"225\" height=\"300\" src=\"https:\/\/nuit-des-ours.com\/wp-content\/uploads\/2023\/07\/Mont-Blanc-Express-225x300.jpeg\" alt=\"\" class=\"wp-image-2561\" srcset=\"https:\/\/lanuitdesours.lautre.net\/wp-content\/uploads\/2023\/07\/Mont-Blanc-Express-225x300.jpeg 225w, https:\/\/lanuitdesours.lautre.net\/wp-content\/uploads\/2023\/07\/Mont-Blanc-Express-768x1024.jpeg 768w, https:\/\/lanuitdesours.lautre.net\/wp-content\/uploads\/2023\/07\/Mont-Blanc-Express-1152x1536.jpeg 1152w, https:\/\/lanuitdesours.lautre.net\/wp-content\/uploads\/2023\/07\/Mont-Blanc-Express.jpeg 1200w\" sizes=\"auto, (max-width: 225px) 100vw, 225px\" \/><\/figure>\n<\/div><\/div>\n<\/div>\n\n\n\n<ul class=\"wp-block-list\">\n<li><strong><mark style=\"background-color:rgba(0, 0, 0, 0)\" class=\"has-inline-color has-accent-2-color\">6 ao\u00fbt :<\/mark> <mark style=\"background-color:rgba(0, 0, 0, 0)\" class=\"has-inline-color has-accent-1-color\">Bruno Rosaz<\/mark>, <em>L\u2019ile Haute<\/em><\/strong> de Valentine Goby<\/li>\n\n\n\n<li><strong><mark style=\"background-color:rgba(0, 0, 0, 0)\" class=\"has-inline-color has-accent-2-color\">7 ao\u00fbt :<\/mark> <mark style=\"background-color:rgba(0, 0, 0, 0)\" class=\"has-inline-color has-accent-1-color\">Th\u00e9r\u00e8se Bosc<\/mark><\/strong> dit son propre texte : <strong><em>La vieille qui se prenait pour la terre<\/em><\/strong><\/li>\n\n\n\n<li><strong><mark style=\"background-color:rgba(0, 0, 0, 0)\" class=\"has-inline-color has-accent-2-color\">8 ao\u00fbt :<\/mark> <mark style=\"background-color:rgba(0, 0, 0, 0)\" class=\"has-inline-color has-accent-1-color\">Jacky Canton<\/mark><\/strong>, <strong><em>Mahmoud ou la mont\u00e9e des eaux<\/em><\/strong> d\u2019Antoine Walters<\/li>\n\n\n\n<li><strong><mark style=\"background-color:rgba(0, 0, 0, 0)\" class=\"has-inline-color has-accent-2-color\">9 ao\u00fbt :<\/mark> <mark style=\"background-color:rgba(0, 0, 0, 0)\" class=\"has-inline-color has-accent-1-color\">V\u00e9ronique Boussagol<\/mark><\/strong>, <strong><em>Barrage contre le Pacifique<\/em><\/strong> de Marguerite Duras<\/li>\n\n\n\n<li><strong><mark style=\"background-color:rgba(0, 0, 0, 0)\" class=\"has-inline-color has-accent-2-color\">10 ao\u00fbt :<\/mark> <mark style=\"background-color:rgba(0, 0, 0, 0)\" class=\"has-inline-color has-accent-1-color\">Emma<\/mark><\/strong>, <strong><em>Le chant de la rivi\u00e8re<\/em><\/strong> de Wendy Delorme<\/li>\n\n\n\n<li><strong><mark style=\"background-color:rgba(0, 0, 0, 0)\" class=\"has-inline-color has-accent-2-color\">11 ao\u00fbt :<\/mark> <mark style=\"background-color:rgba(0, 0, 0, 0)\" class=\"has-inline-color has-accent-1-color\">Timoth\u00e9e Laine<\/mark><\/strong>, po\u00e8mes choisis<\/li>\n<\/ul>\n\n\n\n<div class=\"wp-block-columns is-layout-flex wp-container-core-columns-is-layout-8f761849 wp-block-columns-is-layout-flex\">\n<div class=\"wp-block-column is-layout-flow wp-block-column-is-layout-flow\">\n<h3 class=\"wp-block-heading\"><br>HISTOIRES COMME CI dans une caravane<\/h3>\n\n\n\n<p class=\"wp-block-paragraph\"><strong><mark style=\"background-color:rgba(0, 0, 0, 0)\" class=\"has-inline-color has-accent-2-color\">Du 6 au 11 ao\u00fbt<br>\u00e0 16H30, 17H30, 18H30<br>\u00c0 la Petite Diligence de Vallorcine<\/mark><\/strong><\/p>\n\n\n\n<p class=\"wp-block-paragraph\"><mark style=\"background-color:rgba(0, 0, 0, 0)\" class=\"has-inline-color has-accent-1-color\">Texte de <strong>Rudyard KIPLING<\/strong> et musique de <strong>Bel\u00e0 BART\u00d2K<\/strong><br>Par <strong>Arnaud Lauras<\/strong> pianiste et conteur<\/mark><br>Les enfants comme les parents entrent dans la caravane et s\u2019assoient. Arnaud Lauras affubl\u00e9 d\u2019un v\u00e9ritable petit piano cherche ici \u00e0 trouver la relation particuli\u00e8re qui s\u2019installe en famille \u00e0 l\u2019heure de l\u2019histoire.<br>Le texte de KIPLING (d\u00e9di\u00e9 \u00e0 sa fille) est \u00e9crit avec des adresses directes et singuli\u00e8res du style : \u00ab n\u2019oublie surtout pas les bretelles, ma Mieux aim\u00e9e \u00bb.<br>La musique de Bel\u00e0 BART\u00d2K &#8211; tir\u00e9e de For Children et jou\u00e9e en direct &#8211; poss\u00e8de une parent\u00e9 avec l\u2019\u00e9criture de KIPLING. Elle est aussi d\u00e9licieusement mutine, irr\u00e9v\u00e9rencieuse, tendre, incisive.<\/p>\n\n\n\n<p class=\"wp-block-paragraph\"><strong><mark style=\"background-color:rgba(0, 0, 0, 0)\" class=\"has-inline-color has-accent-1-color\"><em>Jauge limit\u00e9e \u00e0 15 personnes : r\u00e9servation au 06 30 47 25 91<\/em><\/mark><\/strong><\/p>\n<\/div>\n\n\n\n<div class=\"wp-block-column is-vertically-aligned-center is-layout-flow wp-block-column-is-layout-flow\"><div class=\"wp-block-image\">\n<figure class=\"aligncenter size-large\"><img loading=\"lazy\" decoding=\"async\" width=\"1024\" height=\"666\" src=\"https:\/\/nuit-des-ours.com\/wp-content\/uploads\/2025\/07\/Caravane-1024x666.jpg\" alt=\"\" class=\"wp-image-4140\" srcset=\"https:\/\/lanuitdesours.lautre.net\/wp-content\/uploads\/2025\/07\/Caravane-1024x666.jpg 1024w, https:\/\/lanuitdesours.lautre.net\/wp-content\/uploads\/2025\/07\/Caravane-300x195.jpg 300w, https:\/\/lanuitdesours.lautre.net\/wp-content\/uploads\/2025\/07\/Caravane-768x499.jpg 768w, https:\/\/lanuitdesours.lautre.net\/wp-content\/uploads\/2025\/07\/Caravane-461x300.jpg 461w, https:\/\/lanuitdesours.lautre.net\/wp-content\/uploads\/2025\/07\/Caravane.jpg 1126w\" sizes=\"auto, (max-width: 1024px) 100vw, 1024px\" \/><\/figure>\n<\/div><\/div>\n<\/div>\n\n\n\n<div class=\"wp-block-columns is-layout-flex wp-container-core-columns-is-layout-8f761849 wp-block-columns-is-layout-flex\">\n<div class=\"wp-block-column is-layout-flow wp-block-column-is-layout-flow\">\n<h3 class=\"wp-block-heading\"><br>DEUXpointZERO<\/h3>\n\n\n\n<p class=\"wp-block-paragraph\"><strong><mark style=\"background-color:rgba(0, 0, 0, 0)\" class=\"has-inline-color has-accent-2-color\">7 et 10 ao\u00fbt \u00e0 18h<br>Rendez-vous aux Edelweiss<\/mark><\/strong><\/p>\n\n\n\n<p class=\"wp-block-paragraph\"><mark style=\"background-color:rgba(0, 0, 0, 0)\" class=\"has-inline-color has-accent-1-color\">Par le <strong>Collectif Parce qu\u2019on est l\u00e0<\/strong> avec <strong>Ren\u00e9e Defay<\/strong> et <strong>Zo\u00e9Z<\/strong><\/mark><br>Cr\u00e9\u00e9 lors de la derni\u00e8re NUIT DES OURS, ce spectacle a \u00e9t\u00e9 jou\u00e9 plusieurs fois dans l\u2019ann\u00e9e, y compris \u00e0 Paris. Il est propos\u00e9 de nouveau avec quelques modifications. <br>Les deux com\u00e9diennes sont assises face \u00e0 face dans le cercle des spectateurs.<br><em>\u00ab Je cours \u00e0 l\u2019apr\u00e8s-m\u00e9moire, celle qui me met en sc\u00e8ne. Le spectacle est une course permanente pour d\u00e9passer le trou noir avec lequel je dois composer \u00bb <\/em>annonce Zo\u00e9Z.<br>Trou de m\u00e9moire, trou dans la m\u00e9moire. C\u2019est par ce trou que remontent les souvenirs de l\u2019enfance, de la m\u00e8re, du trauma. La folie s\u2019y prom\u00e8ne et ramasse quelques fulgurances. <br>Bient\u00f4t le public se souvient aussi\u2026 et le dit !<\/p>\n\n\n\n<p class=\"wp-block-paragraph\"><strong><em><mark style=\"background-color:rgba(0, 0, 0, 0)\" class=\"has-inline-color has-accent-1-color\">Places limit\u00e9es &#8211; 15\u20ac<\/mark><\/em><\/strong><\/p>\n\n\n\n<div class=\"wp-block-buttons is-content-justification-left is-layout-flex wp-container-core-buttons-is-layout-63375db1 wp-block-buttons-is-layout-flex\">\n<div class=\"wp-block-button is-style-outline is-style-outline--1\"><a class=\"wp-block-button__link has-normal-font-size has-custom-font-size wp-element-button\" href=\"https:\/\/www.helloasso.com\/associations\/la-nuit-des-ours\/evenements\/evenements-artistiques-6-7-8-10-11-et-12-aout-edition-2025-1\" style=\"border-radius:0px\" target=\"_blank\" rel=\"noreferrer noopener\">R\u00c9SERVER<\/a><\/div>\n<\/div>\n<\/div>\n\n\n\n<div class=\"wp-block-column is-vertically-aligned-center is-layout-flow wp-block-column-is-layout-flow\">\n<figure class=\"wp-block-image size-full\"><img loading=\"lazy\" decoding=\"async\" width=\"2560\" height=\"1440\" src=\"https:\/\/nuit-des-ours.com\/wp-content\/uploads\/2025\/07\/DEUXpointZERO-scaled.jpg\" alt=\"\" class=\"wp-image-4141\" srcset=\"https:\/\/lanuitdesours.lautre.net\/wp-content\/uploads\/2025\/07\/DEUXpointZERO-scaled.jpg 2560w, https:\/\/lanuitdesours.lautre.net\/wp-content\/uploads\/2025\/07\/DEUXpointZERO-300x169.jpg 300w, https:\/\/lanuitdesours.lautre.net\/wp-content\/uploads\/2025\/07\/DEUXpointZERO-1024x576.jpg 1024w, https:\/\/lanuitdesours.lautre.net\/wp-content\/uploads\/2025\/07\/DEUXpointZERO-768x432.jpg 768w, https:\/\/lanuitdesours.lautre.net\/wp-content\/uploads\/2025\/07\/DEUXpointZERO-1536x864.jpg 1536w, https:\/\/lanuitdesours.lautre.net\/wp-content\/uploads\/2025\/07\/DEUXpointZERO-2048x1152.jpg 2048w, https:\/\/lanuitdesours.lautre.net\/wp-content\/uploads\/2025\/07\/DEUXpointZERO-496x279.jpg 496w\" sizes=\"auto, (max-width: 2560px) 100vw, 2560px\" \/><\/figure>\n<\/div>\n<\/div>\n\n\n\n<div class=\"wp-block-columns is-layout-flex wp-container-core-columns-is-layout-8f761849 wp-block-columns-is-layout-flex\">\n<div class=\"wp-block-column is-layout-flow wp-block-column-is-layout-flow\">\n<h3 class=\"wp-block-heading\">CONCERT POUR LES B\u00c9B\u00c9S<\/h3>\n\n\n\n<p class=\"wp-block-paragraph\"><strong><mark style=\"background-color:rgba(0, 0, 0, 0)\" class=\"has-inline-color has-accent-2-color\">Vendredi 8 ao\u00fbt<br>\u00c0 10h au P\u00f4le Culturel de Vallorcine<\/mark><\/strong><mark style=\"background-color:rgba(0, 0, 0, 0)\" class=\"has-inline-color has-accent-2-color\"> (au-dessus de l\u2019office de tourisme)<\/mark><\/p>\n\n\n\n<p class=\"wp-block-paragraph\">\u00c9coute musicale avec <strong><mark style=\"background-color:rgba(0, 0, 0, 0)\" class=\"has-inline-color has-accent-1-color\">Jean-Jacques Lem\u00eatre<\/mark><\/strong> qui f\u00fbt pendant plus de 30 ans le compositeur et musicien des spectacles d\u2019Ariane Mnouchkine et du Th\u00e9\u00e2tre du Soleil.<\/p>\n\n\n\n<p class=\"wp-block-paragraph\"><strong><em><mark style=\"background-color:rgba(0, 0, 0, 0)\" class=\"has-inline-color has-accent-1-color\">Places limit\u00e9es &#8211; 5\u20ac<\/mark><\/em><\/strong><\/p>\n\n\n\n<div class=\"wp-block-buttons is-content-justification-left is-layout-flex wp-container-core-buttons-is-layout-63375db1 wp-block-buttons-is-layout-flex\">\n<div class=\"wp-block-button is-style-outline is-style-outline--2\"><a class=\"wp-block-button__link has-normal-font-size has-custom-font-size wp-element-button\" href=\"https:\/\/www.helloasso.com\/associations\/la-nuit-des-ours\/evenements\/evenements-artistiques-6-7-8-10-11-et-12-aout-edition-2025-1\" style=\"border-radius:0px\" target=\"_blank\" rel=\"noreferrer noopener\">R\u00c9SERVER<\/a><\/div>\n<\/div>\n<\/div>\n\n\n\n<div class=\"wp-block-column is-vertically-aligned-center is-layout-flow wp-block-column-is-layout-flow\"><div class=\"wp-block-image\">\n<figure class=\"aligncenter size-full is-resized\"><img loading=\"lazy\" decoding=\"async\" width=\"544\" height=\"837\" src=\"https:\/\/nuit-des-ours.com\/wp-content\/uploads\/2025\/07\/Jean-Jacques-Lemetre_1.avif\" alt=\"\" class=\"wp-image-4142\" style=\"width:300px\"\/><\/figure>\n<\/div><\/div>\n<\/div>\n\n\n\n<div class=\"wp-block-columns is-layout-flex wp-container-core-columns-is-layout-8f761849 wp-block-columns-is-layout-flex\">\n<div class=\"wp-block-column is-layout-flow wp-block-column-is-layout-flow\">\n<h4 class=\"wp-block-heading\"><br>RANDONN\u00c9E jusqu\u2019au Vieux Emosson avec CHAEK SYLLA puis concert de MUSIQUE CLASSIQUE avec les fr\u00e8res ISPIR<\/h4>\n\n\n\n<p class=\"wp-block-paragraph\"><strong><mark style=\"background-color:rgba(0, 0, 0, 0)\" class=\"has-inline-color has-accent-2-color\">Samedi 9 ao\u00fbt<\/mark><\/strong><br><strong><mark style=\"background-color:rgba(0, 0, 0, 0)\" class=\"has-inline-color has-accent-2-color\">Rendez-nous \u00e0 9h en Suisse au bas du funiculaire de Chatelard village (\u00e0 c\u00f4t\u00e9 de l\u2019arr\u00eat du Mont-Blanc-Express)<\/mark><\/strong><\/p>\n\n\n\n<p class=\"wp-block-paragraph\"><mark style=\"background-color:rgba(0, 0, 0, 0)\" class=\"has-inline-color has-accent-1-color\">Avec le musicien voyageur du monde <strong>Chaek Sylla<\/strong><\/mark> <br>(voir sa <strong><a href=\"https:\/\/nuit-des-ours.com\/2025\/tournee-des-marches-et-des-bistrots-2025\/\">TOURN\u00c9E DES BISTROTS<\/a><\/strong>).<br>Randonn\u00e9e ponctu\u00e9e de r\u00e9cits de voyage et de chansons.<\/p>\n\n\n\n<p class=\"wp-block-paragraph\"><em><mark style=\"background-color:rgba(0, 0, 0, 0)\" class=\"has-inline-color has-accent-1-color\">Pr\u00e9voir de r\u00e9gler le prix du billet de transport (funiculaire, petit train panoramique et mini-funiculaire : 50 euros A\/R).<\/mark><\/em><\/p>\n\n\n\n<h4 class=\"wp-block-heading\">&gt; CONCERT de musique classique avec LUKA et L\u00c9O ISPIR<\/h4>\n\n\n\n<p class=\"wp-block-paragraph\"><strong><mark style=\"background-color:rgba(0, 0, 0, 0)\" class=\"has-inline-color has-accent-2-color\">Samedi 9 ao\u00fbt<\/mark><\/strong><br><strong><mark style=\"background-color:rgba(0, 0, 0, 0)\" class=\"has-inline-color has-accent-2-color\">\u00c0 14h30 au refuge du Vieux Emosson<\/mark><\/strong><\/p>\n\n\n\n<p class=\"wp-block-paragraph\">D\u00e9jeuner possible au refuge du Vieux Emosson. <br>Retour libre (\u00e0 pied, en petit train et funiculaire\u2026).<\/p>\n<\/div>\n\n\n\n<div class=\"wp-block-column is-vertically-aligned-center is-layout-flow wp-block-column-is-layout-flow\">\n<figure class=\"wp-block-image size-large\"><img loading=\"lazy\" decoding=\"async\" width=\"1024\" height=\"683\" src=\"https:\/\/nuit-des-ours.com\/wp-content\/uploads\/2025\/07\/Emossoncsavoie-mont-blanc.com_-1024x683.jpg\" alt=\"\" class=\"wp-image-4145\" srcset=\"https:\/\/lanuitdesours.lautre.net\/wp-content\/uploads\/2025\/07\/Emossoncsavoie-mont-blanc.com_-1024x683.jpg 1024w, https:\/\/lanuitdesours.lautre.net\/wp-content\/uploads\/2025\/07\/Emossoncsavoie-mont-blanc.com_-300x200.jpg 300w, https:\/\/lanuitdesours.lautre.net\/wp-content\/uploads\/2025\/07\/Emossoncsavoie-mont-blanc.com_-768x512.jpg 768w, https:\/\/lanuitdesours.lautre.net\/wp-content\/uploads\/2025\/07\/Emossoncsavoie-mont-blanc.com_-1536x1024.jpg 1536w, https:\/\/lanuitdesours.lautre.net\/wp-content\/uploads\/2025\/07\/Emossoncsavoie-mont-blanc.com_-450x300.jpg 450w, https:\/\/lanuitdesours.lautre.net\/wp-content\/uploads\/2025\/07\/Emossoncsavoie-mont-blanc.com_.jpg 1744w\" sizes=\"auto, (max-width: 1024px) 100vw, 1024px\" \/><figcaption class=\"wp-element-caption\"><a href=\"https:\/\/www.savoie-mont-blanc.com\/sites-culturels\/barrage-demosson-209225\/\" target=\"_blank\" rel=\"noreferrer noopener\"><strong><em><sup>www.savoie-mont-blanc.com<\/sup><\/em><\/strong><\/a><\/figcaption><\/figure>\n<\/div>\n<\/div>\n\n\n\n<div class=\"wp-block-columns is-layout-flex wp-container-core-columns-is-layout-8f761849 wp-block-columns-is-layout-flex\">\n<div class=\"wp-block-column is-layout-flow wp-block-column-is-layout-flow\">\n<h3 class=\"wp-block-heading\">SIESTE MUSICALE<\/h3>\n\n\n\n<p class=\"wp-block-paragraph\"><strong><mark style=\"background-color:rgba(0, 0, 0, 0)\" class=\"has-inline-color has-accent-2-color\">Lundi 11 ao\u00fbt \u00e0 14h30 &#8211; Rendez-vous aux Edelweiss<\/mark><\/strong><\/p>\n\n\n\n<p class=\"wp-block-paragraph\"><mark style=\"background-color:rgba(0, 0, 0, 0)\" class=\"has-inline-color has-accent-1-color\">Avec<strong> Estelle Giordani <\/strong>seule en sc\u00e8ne, accompagn\u00e9e par sa guitare.<\/mark><br>Elle propose les chansons de son nouvel album, port\u00e9es par des textes po\u00e9tiques en fran\u00e7ais et son timbre de voix doux et profond lors d\u2019un voyage-concert acoustique. Apportez vos plaids, vos tapis et vos coussins.<\/p>\n\n\n\n<p class=\"wp-block-paragraph\"><strong><mark style=\"background-color:rgba(0, 0, 0, 0)\" class=\"has-inline-color has-accent-1-color\"><em>Concert gratuit<\/em><\/mark><\/strong><\/p>\n<\/div>\n\n\n\n<div class=\"wp-block-column is-vertically-aligned-center is-layout-flow wp-block-column-is-layout-flow\"><div class=\"wp-block-image\">\n<figure class=\"aligncenter size-medium\"><img loading=\"lazy\" decoding=\"async\" width=\"300\" height=\"300\" src=\"https:\/\/nuit-des-ours.com\/wp-content\/uploads\/2025\/07\/Estelle-Giordani-Copyright-Charlotte-Brasseau-carre-45-300x300.jpg\" alt=\"\" class=\"wp-image-4146\" srcset=\"https:\/\/lanuitdesours.lautre.net\/wp-content\/uploads\/2025\/07\/Estelle-Giordani-Copyright-Charlotte-Brasseau-carre-45-300x300.jpg 300w, https:\/\/lanuitdesours.lautre.net\/wp-content\/uploads\/2025\/07\/Estelle-Giordani-Copyright-Charlotte-Brasseau-carre-45-1024x1024.jpg 1024w, https:\/\/lanuitdesours.lautre.net\/wp-content\/uploads\/2025\/07\/Estelle-Giordani-Copyright-Charlotte-Brasseau-carre-45-150x150.jpg 150w, https:\/\/lanuitdesours.lautre.net\/wp-content\/uploads\/2025\/07\/Estelle-Giordani-Copyright-Charlotte-Brasseau-carre-45-768x768.jpg 768w, https:\/\/lanuitdesours.lautre.net\/wp-content\/uploads\/2025\/07\/Estelle-Giordani-Copyright-Charlotte-Brasseau-carre-45-1536x1536.jpg 1536w, https:\/\/lanuitdesours.lautre.net\/wp-content\/uploads\/2025\/07\/Estelle-Giordani-Copyright-Charlotte-Brasseau-carre-45-2048x2048.jpg 2048w\" sizes=\"auto, (max-width: 300px) 100vw, 300px\" \/><\/figure>\n<\/div><\/div>\n<\/div>\n\n\n\n<p class=\"wp-block-paragraph\"><\/p>\n","protected":false},"excerpt":{"rendered":"<p>DU 6 AU 11 AO\u00dbT. Si vous aimez l\u2019insolite, la surprise, l\u2019impr\u00e9vu, nous vous proposons en fonction de vos envies, \u00e2ges et possibilit\u00e9s plusieurs exp\u00e9riences sensibles.<\/p>\n","protected":false},"author":1,"featured_media":4135,"comment_status":"closed","ping_status":"closed","sticky":false,"template":"","format":"standard","meta":{"footnotes":""},"categories":[62],"tags":[],"class_list":["post-4134","post","type-post","status-publish","format-standard","has-post-thumbnail","hentry","category-edition-2025"],"yoast_head":"<!-- This site is optimized with the Yoast SEO plugin v28.3 - https:\/\/yoast.com\/product\/yoast-seo-wordpress\/ -->\n<title>Des spectacles autrement - La Nuit des Ours Edition 2025<\/title>\n<meta name=\"description\" content=\"DU 6 AU 11 AO\u00dbT 2025. Si vous aimez l\u2019insolite, la surprise, l\u2019impr\u00e9vu, nous vous proposons DES SPECTACLES AUTREMENT pour petits et grands.\" \/>\n<meta name=\"robots\" content=\"index, follow, max-snippet:-1, max-image-preview:large, max-video-preview:-1\" \/>\n<link rel=\"canonical\" href=\"https:\/\/lanuitdesours.lautre.net\/?p=4134\" \/>\n<meta property=\"og:locale\" content=\"fr_FR\" \/>\n<meta property=\"og:type\" content=\"article\" \/>\n<meta property=\"og:title\" content=\"Des spectacles autrement - La Nuit des Ours Edition 2025\" \/>\n<meta property=\"og:description\" content=\"DU 6 AU 11 AO\u00dbT 2025. Si vous aimez l\u2019insolite, la surprise, l\u2019impr\u00e9vu, nous vous proposons DES SPECTACLES AUTREMENT pour petits et grands.\" \/>\n<meta property=\"og:url\" content=\"https:\/\/lanuitdesours.lautre.net\/?p=4134\" \/>\n<meta property=\"og:site_name\" content=\"La Nuit des Ours\" \/>\n<meta property=\"article:publisher\" content=\"https:\/\/www.facebook.com\/lanuitdesours\/\" \/>\n<meta property=\"article:published_time\" content=\"2025-07-17T18:58:04+00:00\" \/>\n<meta property=\"article:modified_time\" content=\"2025-07-27T23:23:45+00:00\" \/>\n<meta property=\"og:image\" content=\"https:\/\/lanuitdesours.lautre.net\/wp-content\/uploads\/2025\/07\/Kyo_NDO2023_862116FA-3BF2-477E-8F01-02B1C9369065-scaled.jpeg\" \/>\n\t<meta property=\"og:image:width\" content=\"2560\" \/>\n\t<meta property=\"og:image:height\" content=\"1440\" \/>\n\t<meta property=\"og:image:type\" content=\"image\/jpeg\" \/>\n<meta name=\"author\" content=\"Cr\u00e9er c&#039;est R\u00e9sister\" \/>\n<meta name=\"twitter:card\" content=\"summary_large_image\" \/>\n<meta name=\"twitter:label1\" content=\"\u00c9crit par\" \/>\n\t<meta name=\"twitter:data1\" content=\"Cr\u00e9er c&#039;est R\u00e9sister\" \/>\n\t<meta name=\"twitter:label2\" content=\"Dur\u00e9e de lecture estim\u00e9e\" \/>\n\t<meta name=\"twitter:data2\" content=\"15 minutes\" \/>\n<script type=\"application\/ld+json\" class=\"yoast-schema-graph\">{\"@context\":\"https:\\\/\\\/schema.org\",\"@graph\":[{\"@type\":\"Article\",\"@id\":\"https:\\\/\\\/lanuitdesours.lautre.net\\\/?p=4134#article\",\"isPartOf\":{\"@id\":\"https:\\\/\\\/lanuitdesours.lautre.net\\\/?p=4134\"},\"author\":{\"name\":\"Cr\u00e9er c'est R\u00e9sister\",\"@id\":\"https:\\\/\\\/lanuitdesours.lautre.net\\\/#\\\/schema\\\/person\\\/1f4500f2f631d9916d6b39f1c0ba934c\"},\"headline\":\"Des spectacles autrement\",\"datePublished\":\"2025-07-17T18:58:04+00:00\",\"dateModified\":\"2025-07-27T23:23:45+00:00\",\"mainEntityOfPage\":{\"@id\":\"https:\\\/\\\/lanuitdesours.lautre.net\\\/?p=4134\"},\"wordCount\":697,\"publisher\":{\"@id\":\"https:\\\/\\\/lanuitdesours.lautre.net\\\/#organization\"},\"image\":{\"@id\":\"https:\\\/\\\/lanuitdesours.lautre.net\\\/?p=4134#primaryimage\"},\"thumbnailUrl\":\"https:\\\/\\\/lanuitdesours.lautre.net\\\/wp-content\\\/uploads\\\/2025\\\/07\\\/Kyo_NDO2023_862116FA-3BF2-477E-8F01-02B1C9369065-scaled.jpeg\",\"articleSection\":[\"Edition 2025\"],\"inLanguage\":\"fr-FR\"},{\"@type\":\"WebPage\",\"@id\":\"https:\\\/\\\/lanuitdesours.lautre.net\\\/?p=4134\",\"url\":\"https:\\\/\\\/lanuitdesours.lautre.net\\\/?p=4134\",\"name\":\"Des spectacles autrement - La Nuit des Ours Edition 2025\",\"isPartOf\":{\"@id\":\"https:\\\/\\\/lanuitdesours.lautre.net\\\/#website\"},\"primaryImageOfPage\":{\"@id\":\"https:\\\/\\\/lanuitdesours.lautre.net\\\/?p=4134#primaryimage\"},\"image\":{\"@id\":\"https:\\\/\\\/lanuitdesours.lautre.net\\\/?p=4134#primaryimage\"},\"thumbnailUrl\":\"https:\\\/\\\/lanuitdesours.lautre.net\\\/wp-content\\\/uploads\\\/2025\\\/07\\\/Kyo_NDO2023_862116FA-3BF2-477E-8F01-02B1C9369065-scaled.jpeg\",\"datePublished\":\"2025-07-17T18:58:04+00:00\",\"dateModified\":\"2025-07-27T23:23:45+00:00\",\"description\":\"DU 6 AU 11 AO\u00dbT 2025. Si vous aimez l\u2019insolite, la surprise, l\u2019impr\u00e9vu, nous vous proposons DES SPECTACLES AUTREMENT pour petits et grands.\",\"breadcrumb\":{\"@id\":\"https:\\\/\\\/lanuitdesours.lautre.net\\\/?p=4134#breadcrumb\"},\"inLanguage\":\"fr-FR\",\"potentialAction\":[{\"@type\":\"ReadAction\",\"target\":[\"https:\\\/\\\/lanuitdesours.lautre.net\\\/?p=4134\"]}]},{\"@type\":\"ImageObject\",\"inLanguage\":\"fr-FR\",\"@id\":\"https:\\\/\\\/lanuitdesours.lautre.net\\\/?p=4134#primaryimage\",\"url\":\"https:\\\/\\\/lanuitdesours.lautre.net\\\/wp-content\\\/uploads\\\/2025\\\/07\\\/Kyo_NDO2023_862116FA-3BF2-477E-8F01-02B1C9369065-scaled.jpeg\",\"contentUrl\":\"https:\\\/\\\/lanuitdesours.lautre.net\\\/wp-content\\\/uploads\\\/2025\\\/07\\\/Kyo_NDO2023_862116FA-3BF2-477E-8F01-02B1C9369065-scaled.jpeg\",\"width\":2560,\"height\":1440,\"caption\":\"Processed with VSCO with c9 preset\"},{\"@type\":\"BreadcrumbList\",\"@id\":\"https:\\\/\\\/lanuitdesours.lautre.net\\\/?p=4134#breadcrumb\",\"itemListElement\":[{\"@type\":\"ListItem\",\"position\":1,\"name\":\"Accueil\",\"item\":\"https:\\\/\\\/lanuitdesours.lautre.net\\\/\"},{\"@type\":\"ListItem\",\"position\":2,\"name\":\"Des spectacles autrement\"}]},{\"@type\":\"WebSite\",\"@id\":\"https:\\\/\\\/lanuitdesours.lautre.net\\\/#website\",\"url\":\"https:\\\/\\\/lanuitdesours.lautre.net\\\/\",\"name\":\"La Nuit des Ours\",\"description\":\"CR\u00c9ER C&#039;EST R\u00c9SISTER | R\u00c9SISTER C&#039;EST CR\u00c9ER\",\"publisher\":{\"@id\":\"https:\\\/\\\/lanuitdesours.lautre.net\\\/#organization\"},\"potentialAction\":[{\"@type\":\"SearchAction\",\"target\":{\"@type\":\"EntryPoint\",\"urlTemplate\":\"https:\\\/\\\/lanuitdesours.lautre.net\\\/?s={search_term_string}\"},\"query-input\":{\"@type\":\"PropertyValueSpecification\",\"valueRequired\":true,\"valueName\":\"search_term_string\"}}],\"inLanguage\":\"fr-FR\"},{\"@type\":\"Organization\",\"@id\":\"https:\\\/\\\/lanuitdesours.lautre.net\\\/#organization\",\"name\":\"Association LA NUIT DES OURS\",\"url\":\"https:\\\/\\\/lanuitdesours.lautre.net\\\/\",\"logo\":{\"@type\":\"ImageObject\",\"inLanguage\":\"fr-FR\",\"@id\":\"https:\\\/\\\/lanuitdesours.lautre.net\\\/#\\\/schema\\\/logo\\\/image\\\/\",\"url\":\"https:\\\/\\\/nuit-des-ours.com\\\/wp-content\\\/uploads\\\/2022\\\/07\\\/cropped-NDO_logo-noir_jaune.jpg\",\"contentUrl\":\"https:\\\/\\\/nuit-des-ours.com\\\/wp-content\\\/uploads\\\/2022\\\/07\\\/cropped-NDO_logo-noir_jaune.jpg\",\"width\":512,\"height\":512,\"caption\":\"Association LA NUIT DES OURS\"},\"image\":{\"@id\":\"https:\\\/\\\/lanuitdesours.lautre.net\\\/#\\\/schema\\\/logo\\\/image\\\/\"},\"sameAs\":[\"https:\\\/\\\/www.facebook.com\\\/lanuitdesours\\\/\",\"https:\\\/\\\/www.instagram.com\\\/lanuitdesours\\\/\"]},{\"@type\":\"Person\",\"@id\":\"https:\\\/\\\/lanuitdesours.lautre.net\\\/#\\\/schema\\\/person\\\/1f4500f2f631d9916d6b39f1c0ba934c\",\"name\":\"Cr\u00e9er c'est R\u00e9sister\",\"image\":{\"@type\":\"ImageObject\",\"inLanguage\":\"fr-FR\",\"@id\":\"https:\\\/\\\/secure.gravatar.com\\\/avatar\\\/08f4e38908e105d843bc2bab0e7af2243257415b61b5fe99e955c21a5f61fc2b?s=96&d=mm&r=g\",\"url\":\"https:\\\/\\\/secure.gravatar.com\\\/avatar\\\/08f4e38908e105d843bc2bab0e7af2243257415b61b5fe99e955c21a5f61fc2b?s=96&d=mm&r=g\",\"contentUrl\":\"https:\\\/\\\/secure.gravatar.com\\\/avatar\\\/08f4e38908e105d843bc2bab0e7af2243257415b61b5fe99e955c21a5f61fc2b?s=96&d=mm&r=g\",\"caption\":\"Cr\u00e9er c'est R\u00e9sister\"},\"sameAs\":[\"http:\\\/\\\/www.lanuitdesours.lautre.net\"],\"url\":\"https:\\\/\\\/lanuitdesours.lautre.net\\\/?author=1\"}]}<\/script>\n<!-- \/ Yoast SEO plugin. -->","yoast_head_json":{"title":"Des spectacles autrement - La Nuit des Ours Edition 2025","description":"DU 6 AU 11 AO\u00dbT 2025. Si vous aimez l\u2019insolite, la surprise, l\u2019impr\u00e9vu, nous vous proposons DES SPECTACLES AUTREMENT pour petits et grands.","robots":{"index":"index","follow":"follow","max-snippet":"max-snippet:-1","max-image-preview":"max-image-preview:large","max-video-preview":"max-video-preview:-1"},"canonical":"https:\/\/lanuitdesours.lautre.net\/?p=4134","og_locale":"fr_FR","og_type":"article","og_title":"Des spectacles autrement - La Nuit des Ours Edition 2025","og_description":"DU 6 AU 11 AO\u00dbT 2025. Si vous aimez l\u2019insolite, la surprise, l\u2019impr\u00e9vu, nous vous proposons DES SPECTACLES AUTREMENT pour petits et grands.","og_url":"https:\/\/lanuitdesours.lautre.net\/?p=4134","og_site_name":"La Nuit des Ours","article_publisher":"https:\/\/www.facebook.com\/lanuitdesours\/","article_published_time":"2025-07-17T18:58:04+00:00","article_modified_time":"2025-07-27T23:23:45+00:00","og_image":[{"width":2560,"height":1440,"url":"https:\/\/lanuitdesours.lautre.net\/wp-content\/uploads\/2025\/07\/Kyo_NDO2023_862116FA-3BF2-477E-8F01-02B1C9369065-scaled.jpeg","type":"image\/jpeg"}],"author":"Cr\u00e9er c'est R\u00e9sister","twitter_card":"summary_large_image","twitter_misc":{"\u00c9crit par":"Cr\u00e9er c'est R\u00e9sister","Dur\u00e9e de lecture estim\u00e9e":"15 minutes"},"schema":{"@context":"https:\/\/schema.org","@graph":[{"@type":"Article","@id":"https:\/\/lanuitdesours.lautre.net\/?p=4134#article","isPartOf":{"@id":"https:\/\/lanuitdesours.lautre.net\/?p=4134"},"author":{"name":"Cr\u00e9er c'est R\u00e9sister","@id":"https:\/\/lanuitdesours.lautre.net\/#\/schema\/person\/1f4500f2f631d9916d6b39f1c0ba934c"},"headline":"Des spectacles autrement","datePublished":"2025-07-17T18:58:04+00:00","dateModified":"2025-07-27T23:23:45+00:00","mainEntityOfPage":{"@id":"https:\/\/lanuitdesours.lautre.net\/?p=4134"},"wordCount":697,"publisher":{"@id":"https:\/\/lanuitdesours.lautre.net\/#organization"},"image":{"@id":"https:\/\/lanuitdesours.lautre.net\/?p=4134#primaryimage"},"thumbnailUrl":"https:\/\/lanuitdesours.lautre.net\/wp-content\/uploads\/2025\/07\/Kyo_NDO2023_862116FA-3BF2-477E-8F01-02B1C9369065-scaled.jpeg","articleSection":["Edition 2025"],"inLanguage":"fr-FR"},{"@type":"WebPage","@id":"https:\/\/lanuitdesours.lautre.net\/?p=4134","url":"https:\/\/lanuitdesours.lautre.net\/?p=4134","name":"Des spectacles autrement - La Nuit des Ours Edition 2025","isPartOf":{"@id":"https:\/\/lanuitdesours.lautre.net\/#website"},"primaryImageOfPage":{"@id":"https:\/\/lanuitdesours.lautre.net\/?p=4134#primaryimage"},"image":{"@id":"https:\/\/lanuitdesours.lautre.net\/?p=4134#primaryimage"},"thumbnailUrl":"https:\/\/lanuitdesours.lautre.net\/wp-content\/uploads\/2025\/07\/Kyo_NDO2023_862116FA-3BF2-477E-8F01-02B1C9369065-scaled.jpeg","datePublished":"2025-07-17T18:58:04+00:00","dateModified":"2025-07-27T23:23:45+00:00","description":"DU 6 AU 11 AO\u00dbT 2025. Si vous aimez l\u2019insolite, la surprise, l\u2019impr\u00e9vu, nous vous proposons DES SPECTACLES AUTREMENT pour petits et grands.","breadcrumb":{"@id":"https:\/\/lanuitdesours.lautre.net\/?p=4134#breadcrumb"},"inLanguage":"fr-FR","potentialAction":[{"@type":"ReadAction","target":["https:\/\/lanuitdesours.lautre.net\/?p=4134"]}]},{"@type":"ImageObject","inLanguage":"fr-FR","@id":"https:\/\/lanuitdesours.lautre.net\/?p=4134#primaryimage","url":"https:\/\/lanuitdesours.lautre.net\/wp-content\/uploads\/2025\/07\/Kyo_NDO2023_862116FA-3BF2-477E-8F01-02B1C9369065-scaled.jpeg","contentUrl":"https:\/\/lanuitdesours.lautre.net\/wp-content\/uploads\/2025\/07\/Kyo_NDO2023_862116FA-3BF2-477E-8F01-02B1C9369065-scaled.jpeg","width":2560,"height":1440,"caption":"Processed with VSCO with c9 preset"},{"@type":"BreadcrumbList","@id":"https:\/\/lanuitdesours.lautre.net\/?p=4134#breadcrumb","itemListElement":[{"@type":"ListItem","position":1,"name":"Accueil","item":"https:\/\/lanuitdesours.lautre.net\/"},{"@type":"ListItem","position":2,"name":"Des spectacles autrement"}]},{"@type":"WebSite","@id":"https:\/\/lanuitdesours.lautre.net\/#website","url":"https:\/\/lanuitdesours.lautre.net\/","name":"La Nuit des Ours","description":"CR\u00c9ER C&#039;EST R\u00c9SISTER | R\u00c9SISTER C&#039;EST CR\u00c9ER","publisher":{"@id":"https:\/\/lanuitdesours.lautre.net\/#organization"},"potentialAction":[{"@type":"SearchAction","target":{"@type":"EntryPoint","urlTemplate":"https:\/\/lanuitdesours.lautre.net\/?s={search_term_string}"},"query-input":{"@type":"PropertyValueSpecification","valueRequired":true,"valueName":"search_term_string"}}],"inLanguage":"fr-FR"},{"@type":"Organization","@id":"https:\/\/lanuitdesours.lautre.net\/#organization","name":"Association LA NUIT DES OURS","url":"https:\/\/lanuitdesours.lautre.net\/","logo":{"@type":"ImageObject","inLanguage":"fr-FR","@id":"https:\/\/lanuitdesours.lautre.net\/#\/schema\/logo\/image\/","url":"https:\/\/nuit-des-ours.com\/wp-content\/uploads\/2022\/07\/cropped-NDO_logo-noir_jaune.jpg","contentUrl":"https:\/\/nuit-des-ours.com\/wp-content\/uploads\/2022\/07\/cropped-NDO_logo-noir_jaune.jpg","width":512,"height":512,"caption":"Association LA NUIT DES OURS"},"image":{"@id":"https:\/\/lanuitdesours.lautre.net\/#\/schema\/logo\/image\/"},"sameAs":["https:\/\/www.facebook.com\/lanuitdesours\/","https:\/\/www.instagram.com\/lanuitdesours\/"]},{"@type":"Person","@id":"https:\/\/lanuitdesours.lautre.net\/#\/schema\/person\/1f4500f2f631d9916d6b39f1c0ba934c","name":"Cr\u00e9er c'est R\u00e9sister","image":{"@type":"ImageObject","inLanguage":"fr-FR","@id":"https:\/\/secure.gravatar.com\/avatar\/08f4e38908e105d843bc2bab0e7af2243257415b61b5fe99e955c21a5f61fc2b?s=96&d=mm&r=g","url":"https:\/\/secure.gravatar.com\/avatar\/08f4e38908e105d843bc2bab0e7af2243257415b61b5fe99e955c21a5f61fc2b?s=96&d=mm&r=g","contentUrl":"https:\/\/secure.gravatar.com\/avatar\/08f4e38908e105d843bc2bab0e7af2243257415b61b5fe99e955c21a5f61fc2b?s=96&d=mm&r=g","caption":"Cr\u00e9er c'est R\u00e9sister"},"sameAs":["http:\/\/www.lanuitdesours.lautre.net"],"url":"https:\/\/lanuitdesours.lautre.net\/?author=1"}]}},"_links":{"self":[{"href":"https:\/\/lanuitdesours.lautre.net\/index.php?rest_route=\/wp\/v2\/posts\/4134","targetHints":{"allow":["GET"]}}],"collection":[{"href":"https:\/\/lanuitdesours.lautre.net\/index.php?rest_route=\/wp\/v2\/posts"}],"about":[{"href":"https:\/\/lanuitdesours.lautre.net\/index.php?rest_route=\/wp\/v2\/types\/post"}],"author":[{"embeddable":true,"href":"https:\/\/lanuitdesours.lautre.net\/index.php?rest_route=\/wp\/v2\/users\/1"}],"replies":[{"embeddable":true,"href":"https:\/\/lanuitdesours.lautre.net\/index.php?rest_route=%2Fwp%2Fv2%2Fcomments&post=4134"}],"version-history":[{"count":11,"href":"https:\/\/lanuitdesours.lautre.net\/index.php?rest_route=\/wp\/v2\/posts\/4134\/revisions"}],"predecessor-version":[{"id":4263,"href":"https:\/\/lanuitdesours.lautre.net\/index.php?rest_route=\/wp\/v2\/posts\/4134\/revisions\/4263"}],"wp:featuredmedia":[{"embeddable":true,"href":"https:\/\/lanuitdesours.lautre.net\/index.php?rest_route=\/wp\/v2\/media\/4135"}],"wp:attachment":[{"href":"https:\/\/lanuitdesours.lautre.net\/index.php?rest_route=%2Fwp%2Fv2%2Fmedia&parent=4134"}],"wp:term":[{"taxonomy":"category","embeddable":true,"href":"https:\/\/lanuitdesours.lautre.net\/index.php?rest_route=%2Fwp%2Fv2%2Fcategories&post=4134"},{"taxonomy":"post_tag","embeddable":true,"href":"https:\/\/lanuitdesours.lautre.net\/index.php?rest_route=%2Fwp%2Fv2%2Ftags&post=4134"}],"curies":[{"name":"wp","href":"https:\/\/api.w.org\/{rel}","templated":true}]}}