{"id":4112,"date":"2025-07-18T16:30:37","date_gmt":"2025-07-18T14:30:37","guid":{"rendered":"https:\/\/nuit-des-ours.com\/?p=4112"},"modified":"2025-07-28T01:11:56","modified_gmt":"2025-07-27T23:11:56","slug":"tournee-des-marches-et-des-bistrots-2025","status":"publish","type":"post","link":"https:\/\/lanuitdesours.lautre.net\/?p=4112","title":{"rendered":"La Tourn\u00e9e des March\u00e9s et des Bistrots"},"content":{"rendered":"\n<h2 class=\"wp-block-heading\">LA TOURN\u00c9E DES MARCH\u00c9S ET DES BISTROTS, DU 5 AU 12 AO\u00dbT 2025<\/h2>\n\n\n\n<p class=\"wp-block-paragraph\">Rendez-vous le matin (au march\u00e9), l\u2019apr\u00e8s-midi, \u00e0 l\u2019ap\u00e9ro ou le soir pour <strong>LA TOURN\u00c9E DES MARCH\u00c9S ET DES BISTROTS<\/strong>, des concerts <strong>gratuits<\/strong> (hors consommations) organis\u00e9s sur les march\u00e9s ou en partenariat avec les buvettes, bistrots et restaurants de toute la vall\u00e9e, de Servoz (France) \u00e0 Trient (Suisse).<\/p>\n\n\n\n<h5 class=\"wp-block-heading\">Programmation de la TOURN\u00c9E DES MARCH\u00c9S ET DES BISTROTS :<\/h5>\n\n\n\n<div class=\"wp-block-columns is-layout-flex wp-container-core-columns-is-layout-8f761849 wp-block-columns-is-layout-flex\">\n<div class=\"wp-block-column is-layout-flow wp-block-column-is-layout-flow\">\n<h3 class=\"wp-block-heading\"><a href=\"http:\/\/instagram.com\/choralelasmariposas\">LAS MARIPOSAS<\/a><br>ch\u0153ur f\u00e9ministe<\/h3>\n\n\n\n<p class=\"wp-block-paragraph\"><strong><mark style=\"background-color:rgba(0, 0, 0, 0)\" class=\"has-inline-color has-accent-1-color\">24 choristes<\/mark><\/strong><br>La chorale Las Mariposas est n\u00e9e du besoin de se retrouver entre femmes dans une ambiance joyeuse et de soutien mutuel dans les environs de Ch\u00e2teaubriant, une terre rurale entre Nantes, Rennes et Angers.<br>Depuis 2017, elles se retrouvent en mixit\u00e9 choisie, pour chanter les luttes, la joie, la col\u00e8re, l\u2019espoir, les peines\u2026 \u00e0 travers le monde. C\u2019est une puissance sororale qui nous fait passer des larmes \u00e0 l\u2019envie de danser, du groupe San Salvador \u00e0 la chanteuse Mar\u00eda M\u00e1rquez, de l\u2019Occitanie \u00e0 la Bulgarie.<\/p>\n<\/div>\n\n\n\n<div class=\"wp-block-column is-vertically-aligned-center is-layout-flow wp-block-column-is-layout-flow\"><div class=\"wp-block-image\">\n<figure class=\"aligncenter size-medium is-resized\"><img loading=\"lazy\" decoding=\"async\" width=\"300\" height=\"176\" src=\"https:\/\/nuit-des-ours.com\/wp-content\/uploads\/2025\/07\/Las-mariposas-1-300x176.jpg\" alt=\"\" class=\"wp-image-4113\" style=\"width:400px\" srcset=\"https:\/\/lanuitdesours.lautre.net\/wp-content\/uploads\/2025\/07\/Las-mariposas-1-300x176.jpg 300w, https:\/\/lanuitdesours.lautre.net\/wp-content\/uploads\/2025\/07\/Las-mariposas-1-1024x600.jpg 1024w, https:\/\/lanuitdesours.lautre.net\/wp-content\/uploads\/2025\/07\/Las-mariposas-1-768x450.jpg 768w, https:\/\/lanuitdesours.lautre.net\/wp-content\/uploads\/2025\/07\/Las-mariposas-1-1536x899.jpg 1536w, https:\/\/lanuitdesours.lautre.net\/wp-content\/uploads\/2025\/07\/Las-mariposas-1-2048x1199.jpg 2048w, https:\/\/lanuitdesours.lautre.net\/wp-content\/uploads\/2025\/07\/Las-mariposas-1-496x290.jpg 496w, https:\/\/lanuitdesours.lautre.net\/wp-content\/uploads\/2025\/07\/Las-mariposas-1-512x300.jpg 512w\" sizes=\"auto, (max-width: 300px) 100vw, 300px\" \/><\/figure>\n<\/div><\/div>\n<\/div>\n\n\n\n<h5 class=\"wp-block-heading\">Dates &amp; lieux :<\/h5>\n\n\n\n<ul class=\"wp-block-list\">\n<li><mark style=\"background-color:rgba(0, 0, 0, 0)\" class=\"has-inline-color has-accent-2-color\">Mardi 5 ao\u00fbt<\/mark> <mark style=\"background-color:rgba(0, 0, 0, 0)\" class=\"has-inline-color has-accent-2-color\">> 17h30 : <\/mark><strong><mark style=\"background-color:rgba(0, 0, 0, 0)\" class=\"has-inline-color has-accent-2-color\"><a href=\"https:\/\/nuit-des-ours.com\/2025\/memoires-et-resistances-\/\">INAUGURATION DE L&rsquo;EXPOSITION<\/a> \u00e0 l\u2019Office de tourisme<\/mark><\/strong>, 183 Route des Confins, Vallorcine<br><mark style=\"background-color:rgba(0, 0, 0, 0)\" class=\"has-inline-color has-accent-2-color\">> 18h30 : <\/mark><strong><mark style=\"background-color:rgba(0, 0, 0, 0)\" class=\"has-inline-color has-accent-2-color\">Au petit march\u00e9 de Vallorcine<\/mark><\/strong> En face de l\u2019office de tourisme de Vallorcine<br><mark style=\"background-color:rgba(0, 0, 0, 0)\" class=\"has-inline-color has-accent-2-color\">><\/mark> <mark style=\"background-color:rgba(0, 0, 0, 0)\" class=\"has-inline-color has-accent-2-color\">19h30<\/mark><strong><mark style=\"background-color:rgba(0, 0, 0, 0)\" class=\"has-inline-color has-accent-2-color\"> : Chez Guy<\/mark><\/strong> En face du petit march\u00e9 de Vallorcine<\/li>\n\n\n\n<li><mark style=\"background-color:rgba(0, 0, 0, 0)\" class=\"has-inline-color has-accent-2-color\">Mercredi 6 ao\u00fbt &gt; 15h\/19h : <strong>Pain de Chibon<\/strong><\/mark>, 427 route du Pont, Les Houches<\/li>\n\n\n\n<li><mark style=\"background-color:rgba(0, 0, 0, 0)\" class=\"has-inline-color has-accent-2-color\">Jeudi 7 ao\u00fbt &gt; 14h30 : <strong>EPHAD de Chamonix<\/strong><\/mark>, 110 Chemin Fran\u00e7ois Devouassoux, Chamonix<\/li>\n\n\n\n<li><mark style=\"background-color:rgba(0, 0, 0, 0)\" class=\"has-inline-color has-accent-2-color\">Vendredi 8 ao\u00fbt &gt; Minuit en <strong>cl\u00f4ture de <a href=\"https:\/\/nuit-des-ours.com\/2025\/la-nuit-des-ours-2025\/\">LA NUIT DES OURS<\/a><\/strong><\/mark>, aux Edelweiss, Le Plan de l\u2019Envers, Vallorcine<\/li>\n\n\n\n<li><mark style=\"background-color:rgba(0, 0, 0, 0)\" class=\"has-inline-color has-accent-2-color\">Samedi 9 ao\u00fbt &gt; 8h\/13h : <strong>March\u00e9 de Chamonix<\/strong><\/mark>, Place du Mont Blanc, Chamonix<\/li>\n\n\n\n<li><mark style=\"background-color:rgba(0, 0, 0, 0)\" class=\"has-inline-color has-accent-2-color\">Dimanche 10 ao\u00fbt &gt; 9h\/13h : <strong>March\u00e9 d\u2019Argenti\u00e8re<\/strong><\/mark>, Place du Village, Argenti\u00e8re<br><mark style=\"background-color:rgba(0, 0, 0, 0)\" class=\"has-inline-color has-accent-2-color\">&gt; 17h <strong>Esplanade de l\u2019\u00e9glise de Finhaut<\/strong>,<\/mark> 28 route du Village, Finhaut (Suisse)<\/li>\n<\/ul>\n\n\n\n<div class=\"wp-block-columns is-layout-flex wp-container-core-columns-is-layout-8f761849 wp-block-columns-is-layout-flex\">\n<div class=\"wp-block-column is-layout-flow wp-block-column-is-layout-flow\">\n<h3 class=\"wp-block-heading\"><a href=\"https:\/\/www.blues2men.com\/\">BLUES2MEN<\/a><br>Duo blues<\/h3>\n\n\n\n<p class=\"wp-block-paragraph\">N\u00e9 pendant le confinement 2020 (150 concerts depuis), le duo atypique Blues2Men, s\u2018est persuad\u00e9 de renouer avec ses profondes racines : le Blues. En effet, Zeb et Richie, tous deux leaders du groupe \u00ab Les Maudits Waters \u00bb, ont d\u00e9cid\u00e9 de remettre sur les rails leur esprit \u00ab Loco Motive \u00bb.<br>G\u00e9n\u00e9reusement impr\u00e9gn\u00e9s de culture blues noire am\u00e9ricaine, ils distillent une musique \u00e9pur\u00e9e, efficace, us\u00e9e par les affres du temps.<br>R\u00e9sonateur et harmonica impliquent notre imagination au plus profond des l\u00e9gendes du mythique delta du Mississippi jusqu\u2019au mystique \u00ab Crossroads \u00bb. Beats imperturbables, gros riffs arm\u00e9s de bottleneck et harmonicas tonitruants colorent les textes m\u00e9taphoriques scand\u00e9s dans la pure tradition de la musique du diable, mais toujours ancr\u00e9s dans la r\u00e9alit\u00e9.<\/p>\n<\/div>\n\n\n\n<div class=\"wp-block-column is-vertically-aligned-center is-layout-flow wp-block-column-is-layout-flow\"><div class=\"wp-block-image\">\n<figure class=\"aligncenter size-medium\"><img loading=\"lazy\" decoding=\"async\" width=\"300\" height=\"226\" src=\"https:\/\/nuit-des-ours.com\/wp-content\/uploads\/2025\/07\/BLUES2MEN-1-300x226.jpg\" alt=\"\" class=\"wp-image-4114\" srcset=\"https:\/\/lanuitdesours.lautre.net\/wp-content\/uploads\/2025\/07\/BLUES2MEN-1-300x226.jpg 300w, https:\/\/lanuitdesours.lautre.net\/wp-content\/uploads\/2025\/07\/BLUES2MEN-1-398x300.jpg 398w, https:\/\/lanuitdesours.lautre.net\/wp-content\/uploads\/2025\/07\/BLUES2MEN-1.jpg 608w\" sizes=\"auto, (max-width: 300px) 100vw, 300px\" \/><\/figure>\n<\/div><\/div>\n<\/div>\n\n\n\n<h5 class=\"wp-block-heading\">Dates &amp; lieux :<\/h5>\n\n\n\n<ul class=\"wp-block-list\">\n<li><mark style=\"background-color:rgba(0, 0, 0, 0)\" class=\"has-inline-color has-accent-2-color\">Mercredi 6 ao\u00fbt &gt; 19h30 : <strong>Maison des artistes<\/strong><\/mark>, 84 Chemin de la Tournette, Chamonix<\/li>\n\n\n\n<li><mark style=\"background-color:rgba(0, 0, 0, 0)\" class=\"has-inline-color has-accent-2-color\">Jeudi 7 ao\u00fbt &gt; 21h : <\/mark><strong><mark style=\"background-color:rgba(0, 0, 0, 0)\" class=\"has-inline-color has-accent-2-color\">Hydromel<\/mark>,<\/strong> 25 avenue Ravanel le Rouge, Chamonix<\/li>\n\n\n\n<li><mark style=\"background-color:rgba(0, 0, 0, 0)\" class=\"has-inline-color has-accent-2-color\">Lundi 11 ao\u00fbt &gt; 16h30 : <strong>H\u00f4tel la Couronne<\/strong><\/mark>, 285 rue Charlet Straton, Argenti\u00e8re<\/li>\n\n\n\n<li><mark style=\"background-color:rgba(0, 0, 0, 0)\" class=\"has-inline-color has-accent-2-color\">Mardi 12 ao\u00fbt &gt; 18h30 : <a href=\"https:\/\/nuit-des-ours.com\/2025\/ministival-2025\/\"><strong>MINI&rsquo;STIVAL<\/strong><\/a><\/mark>, Les Edelweiss, Plan de l&rsquo;Envers, Vallorcine<\/li>\n<\/ul>\n\n\n\n<div class=\"wp-block-columns is-layout-flex wp-container-core-columns-is-layout-8f761849 wp-block-columns-is-layout-flex\">\n<div class=\"wp-block-column is-layout-flow wp-block-column-is-layout-flow\">\n<h3 class=\"wp-block-heading\"><a href=\"https:\/\/www.shubiaoquartet.com\/\">SHUBIAO QUARTET<\/a><br>transe mongole et chants diphoniques<\/h3>\n\n\n\n<p class=\"wp-block-paragraph\">Shubiao Quartet c\u2019est la fusion de deux duos. D\u2019un c\u00f4t\u00e9, Shubiao, fra\u00eechement d\u00e9barqu\u00e9 de Mongolie int\u00e9rieure avec ses instruments de barde et sa gorge pleine d\u2019\u00e9pop\u00e9es et le chanteur aux multiples voix, Vincent Tournoud. De l\u2019autre, le duo \u00ab Floyyy \u00bb, form\u00e9 par le percussionniste Florent Diara et le guitariste Yoan Richard. Ce Quartet perp\u00e9tue l\u2019h\u00e9ritage mill\u00e9naire du chant diphonique (kh\u00f6\u00f6mii) et des instruments traditionnels de Mongolie. Dans leur univers, les louanges et les \u00e9pop\u00e9es se font transes douces, chants du c\u0153ur ou rythmes telluriques. Une musique puissante qui nous emm\u00e8ne vers un ailleurs mythique.<\/p>\n<\/div>\n\n\n\n<div class=\"wp-block-column is-vertically-aligned-center is-layout-flow wp-block-column-is-layout-flow\"><div class=\"wp-block-image\">\n<figure class=\"aligncenter size-medium is-resized\"><img loading=\"lazy\" decoding=\"async\" width=\"300\" height=\"171\" src=\"https:\/\/nuit-des-ours.com\/wp-content\/uploads\/2025\/07\/ShubiaoQuartet-1-300x171.png\" alt=\"\" class=\"wp-image-4120\" style=\"width:400px\" srcset=\"https:\/\/lanuitdesours.lautre.net\/wp-content\/uploads\/2025\/07\/ShubiaoQuartet-1-300x171.png 300w, https:\/\/lanuitdesours.lautre.net\/wp-content\/uploads\/2025\/07\/ShubiaoQuartet-1-496x283.png 496w, https:\/\/lanuitdesours.lautre.net\/wp-content\/uploads\/2025\/07\/ShubiaoQuartet-1.png 640w\" sizes=\"auto, (max-width: 300px) 100vw, 300px\" \/><\/figure>\n<\/div><\/div>\n<\/div>\n\n\n\n<h5 class=\"wp-block-heading\">Dates &amp; lieux :<\/h5>\n\n\n\n<ul class=\"wp-block-list\">\n<li><mark style=\"background-color:rgba(0, 0, 0, 0)\" class=\"has-inline-color has-accent-2-color\">Vendredi 8 ao\u00fbt &gt; 21h : <strong>F\u00eate de la Bi\u00e8<\/strong><\/mark><strong><mark style=\"background-color:rgba(0, 0, 0, 0)\" class=\"has-inline-color has-accent-2-color\">re (Bar Le Central)<\/mark><\/strong>, 13 Route du Village, Finhaut (Suisse)<\/li>\n\n\n\n<li><mark style=\"background-color:rgba(0, 0, 0, 0)\" class=\"has-inline-color has-accent-2-color\">Samedi 9 ao\u00fbt &gt; 21h : <strong>Maison du Lieutenant<\/strong><\/mark>, 2 231 le hameau du Mont, Servoz<\/li>\n\n\n\n<li><mark style=\"background-color:rgba(0, 0, 0, 0)\" class=\"has-inline-color has-accent-2-color\">Dimanche 10 ao\u00fbt &gt; 17h : <strong>Hydromel<\/strong><\/mark>, 25 avenue Ravanel le Rouge, Chamonix<\/li>\n\n\n\n<li><mark style=\"background-color:rgba(0, 0, 0, 0)\" class=\"has-inline-color has-accent-2-color\">Lundi 11 ao\u00fbt &gt; 18h30 : <strong>Parc de Merlet<\/strong><\/mark>, 2495 chemin de Merlet, Les Houches<br><mark style=\"background-color:rgba(0, 0, 0, 0)\" class=\"has-inline-color has-accent-1-color\"><em><strong>R\u00e9servation n\u00e9cessaire :<\/strong> https:\/\/reservation.parcdemerlet.com\/accueil\/donnees-formulaire<\/em><\/mark><\/li>\n\n\n\n<li><mark style=\"background-color:rgba(0, 0, 0, 0)\" class=\"has-inline-color has-accent-2-color\">Mardi 12 ao\u00fbt &gt; <strong><a href=\"https:\/\/nuit-des-ours.com\/2025\/ministival-2025\/\">MINI&rsquo;STIVAL<\/a><\/strong><\/mark>, Les Edelweiss, Plan de l&rsquo;Envers, Vallorcine<\/li>\n<\/ul>\n\n\n\n<div class=\"wp-block-columns is-layout-flex wp-container-core-columns-is-layout-8f761849 wp-block-columns-is-layout-flex\">\n<div class=\"wp-block-column is-layout-flow wp-block-column-is-layout-flow\">\n<h3 class=\"wp-block-heading\">LUKA violon &amp;<br>LEO ISPIR violoncelle<\/h3>\n\n\n\n<p class=\"wp-block-paragraph\">On retrouve ce duo d\u2019exception laur\u00e9ats de la Fondation Gauthier Capu\u00e7on dans des \u00ab environnements \u00bb \u00e9galement d\u2019exception. Ils ont opt\u00e9 pour une grande diversit\u00e9 esth\u00e9tique, allant de Bach, Ravel, et Elizondo \u00e0 Fazil Say. Il \u00e9tait crucial pour eux de couvrir un large \u00e9ventail stylistique afin d\u2019exprimer pleinement leur virtuosit\u00e9. <br>Quelques mots \u00e0 propos de leur premier album : <em>\u00ab Il \u00e9tait \u00e9vident d\u2019inclure le chef-d\u2019oeuvre du r\u00e9pertoire pour violon et violoncelle, la Sonate de Ravel. La composition \u00ab Street of Memories \u00bb de Fazil Say nous renvoie directement \u00e0 nos racines turques. \u00c0 travers cette oeuvre, nous avons voulu non seulement rendre hommage \u00e0 notre h\u00e9ritage, mais aussi contribuer \u00e0 l\u2019enrichissement du r\u00e9pertoire pour violon et violoncelle. <\/em><\/p>\n<\/div>\n\n\n\n<div class=\"wp-block-column is-vertically-aligned-center is-layout-flow wp-block-column-is-layout-flow\"><div class=\"wp-block-image\">\n<figure class=\"aligncenter size-medium is-resized\"><img loading=\"lazy\" decoding=\"async\" width=\"300\" height=\"280\" src=\"https:\/\/nuit-des-ours.com\/wp-content\/uploads\/2025\/07\/LukaLeoIspir-1-300x280.png\" alt=\"\" class=\"wp-image-4119\" style=\"width:400px\" srcset=\"https:\/\/lanuitdesours.lautre.net\/wp-content\/uploads\/2025\/07\/LukaLeoIspir-1-300x280.png 300w, https:\/\/lanuitdesours.lautre.net\/wp-content\/uploads\/2025\/07\/LukaLeoIspir-1-322x300.png 322w, https:\/\/lanuitdesours.lautre.net\/wp-content\/uploads\/2025\/07\/LukaLeoIspir-1.png 516w\" sizes=\"auto, (max-width: 300px) 100vw, 300px\" \/><\/figure>\n<\/div><\/div>\n<\/div>\n\n\n\n<h5 class=\"wp-block-heading\">Dates &amp; lieux :<\/h5>\n\n\n\n<ul class=\"wp-block-list\">\n<li><mark style=\"background-color:rgba(0, 0, 0, 0)\" class=\"has-inline-color has-accent-2-color\">Samedi 9 ao\u00fbt > 14h30 : <strong>Vieux Emosson<\/strong><\/mark> (Suisse) (voir <strong><a href=\"https:\/\/nuit-des-ours.com\/2025\/spectacles-autrement-2025\/\">DES SPECTACLES AUTREMENT<\/a><\/strong>)<\/li>\n\n\n\n<li><mark style=\"background-color:rgba(0, 0, 0, 0)\" class=\"has-inline-color has-accent-2-color\">Dimanche 10 ao\u00fbt &gt; 18h30 : <\/mark><strong><mark style=\"background-color:rgba(0, 0, 0, 0)\" class=\"has-inline-color has-accent-2-color\">Parc de Merlet<\/mark>,<\/strong> 2495 chemin de Merlet, Les Houches<br><mark style=\"background-color:rgba(0, 0, 0, 0)\" class=\"has-inline-color has-accent-1-color\"><em><strong>R\u00e9servation n\u00e9cessaire :<\/strong> https:\/\/reservation.parcdemerlet.com\/accueil\/donnees-formulaire <\/em><\/mark><\/li>\n\n\n\n<li><mark style=\"background-color:rgba(0, 0, 0, 0)\" class=\"has-inline-color has-accent-2-color\">Lundi 11 ao\u00fbt &gt; 17h : <strong>Chalet club du Golf<\/strong><\/mark>, 35 Route du Golf, Chamonix<\/li>\n\n\n\n<li><mark style=\"background-color:rgba(0, 0, 0, 0)\" class=\"has-inline-color has-accent-2-color\">Mardi 12 ao\u00fbt &gt; \u00e0 partir de 14h30<strong> durant <a href=\"https:\/\/nuit-des-ours.com\/2025\/la-nuit-en-plein-jour-2025\/\">LA NUIT EN PLEIN JOUR<\/a><\/strong><\/mark>, Vallorcine<br><mark style=\"background-color:rgba(0, 0, 0, 0)\" class=\"has-inline-color has-accent-1-color\"><em><strong>R\u00e9servation n\u00e9cessaire :<\/strong> voir billetterie des \u00e9v\u00e8nements artistiques<\/em><\/mark><\/li>\n<\/ul>\n\n\n\n<div class=\"wp-block-columns is-layout-flex wp-container-core-columns-is-layout-8f761849 wp-block-columns-is-layout-flex\">\n<div class=\"wp-block-column is-layout-flow wp-block-column-is-layout-flow\">\n<h3 class=\"wp-block-heading\"><a href=\"https:\/\/ndox72.wixsite.com\/chaek\">CHAEK SYLLA<\/a><br>world music<\/h3>\n\n\n\n<p class=\"wp-block-paragraph\"><br>Chaek Yussufa Sylla alias Chaek est un artiste grand voyageur ind\u00e9pendant qui \u00e9crit compose et interpr\u00e8te un blues teint\u00e9 de world, de soul et de rock. Sa voix puissante et envo\u00fbtante associ\u00e9e \u00e0 un son de guitare Dobro organique dessine les contours d\u2019un blues universel. <br>Chaek est notre invit\u00e9 sur toute la longueur de LA NUIT DES OURS. Aucun concert ne ressemblera \u00e0 celui de la veille. Vous pourrez voyager avec lui \u00e0 travers un programme blues, un autre br\u00e9silien, un autre rock\u2026<\/p>\n<\/div>\n\n\n\n<div class=\"wp-block-column is-vertically-aligned-center is-layout-flow wp-block-column-is-layout-flow\"><div class=\"wp-block-image\">\n<figure class=\"aligncenter size-medium is-resized\"><img loading=\"lazy\" decoding=\"async\" width=\"300\" height=\"187\" src=\"https:\/\/nuit-des-ours.com\/wp-content\/uploads\/2025\/07\/Chaek-Sylla-1-300x187.jpeg\" alt=\"\" class=\"wp-image-4118\" style=\"width:400px\" srcset=\"https:\/\/lanuitdesours.lautre.net\/wp-content\/uploads\/2025\/07\/Chaek-Sylla-1-300x187.jpeg 300w, https:\/\/lanuitdesours.lautre.net\/wp-content\/uploads\/2025\/07\/Chaek-Sylla-1.jpeg 474w\" sizes=\"auto, (max-width: 300px) 100vw, 300px\" \/><\/figure>\n<\/div><\/div>\n<\/div>\n\n\n\n<h5 class=\"wp-block-heading\">Dates &amp; lieux :<\/h5>\n\n\n\n<ul class=\"wp-block-list\">\n<li><mark style=\"background-color:rgba(0, 0, 0, 0)\" class=\"has-inline-color has-accent-2-color\">Mercredi 6 ao\u00fbt &gt; 17h : <strong>Hydromel<\/strong><\/mark>, 25 avenue Ravanel le Rouge, Chamonix<\/li>\n\n\n\n<li><mark style=\"background-color:rgba(0, 0, 0, 0)\" class=\"has-inline-color has-accent-2-color\">Jeudi 7 ao\u00fbt &gt; 17h : <strong>Wine Factory<\/strong><\/mark>, Place de la Mairie, Les Houches<\/li>\n\n\n\n<li><mark style=\"background-color:rgba(0, 0, 0, 0)\" class=\"has-inline-color has-accent-2-color\">Vendredi 8 ao\u00fbt &gt; 16h30 : <strong>H\u00f4tel La Couronne<\/strong><\/mark>, 285 rue Charlet Straton, Argenti\u00e8re<\/li>\n\n\n\n<li><mark style=\"background-color:rgba(0, 0, 0, 0)\" class=\"has-inline-color has-accent-2-color\">Samedi 9 ao\u00fbt > 9h : <strong>Funiculaire de Chatelard village<\/strong><\/mark>, route du funiculaire 6, 1925 Le Ch\u00e2telard (Suisse) <br> (voir <strong><a href=\"https:\/\/nuit-des-ours.com\/2025\/spectacles-autrement-2025\/\">DES SPECTACLES AUTREMENT<\/a><\/strong>)<\/li>\n\n\n\n<li><mark style=\"background-color:rgba(0, 0, 0, 0)\" class=\"has-inline-color has-accent-2-color\">Dimanche 10 ao\u00fbt &gt; 18h : <strong>Big Mountain<\/strong><\/mark>, 365 Avenue Ravanel le Rouge, Chamonix<\/li>\n\n\n\n<li><mark style=\"background-color:rgba(0, 0, 0, 0)\" class=\"has-inline-color has-accent-2-color\">Mardi 12 ao\u00fbt &gt; 21h30 <strong><a href=\"https:\/\/nuit-des-ours.com\/2025\/ministival-2025\/\">MINI&rsquo;STIVAL<\/a><\/strong><\/mark>, Les Edelweiss, Plan de l&rsquo;Envers, Vallorcine<\/li>\n<\/ul>\n\n\n\n<div class=\"wp-block-columns is-layout-flex wp-container-core-columns-is-layout-8f761849 wp-block-columns-is-layout-flex\">\n<div class=\"wp-block-column is-layout-flow wp-block-column-is-layout-flow\">\n<h3 class=\"wp-block-heading\"><a href=\"https:\/\/www.facebook.com\/silaya345\/\">SILAYA345<\/a><br>jazz-rock<\/h3>\n\n\n\n<p class=\"wp-block-paragraph\">C\u2019est le groupe r\u00e9gional de la \u00ab tourn\u00e9e des bistrots \u00bb.<br>Le maitre mot pour essayer de d\u00e9finir SILAYA 345 est certainement m\u00e9lange.<br>M\u00e9lange de diff\u00e9rentes couleurs musicales issues des quatre coins du globe, m\u00e9lange des g\u00e9n\u00e9rations, m\u00e9lange des parcours des diff\u00e9rents membres du groupe. Les compositions vous emm\u00e8nent dans des ambiances, des sons rares, des moments magiques qui se gravent subtilement dans votre m\u00e9moire, quatre musiciens dans un souffle commun. Le r\u00e9sultat est un remarquable alliage de world musique, de rock, de jazz\u2026 Difficile de rester indiff\u00e9rent \u00e0 leur musique.<\/p>\n<\/div>\n\n\n\n<div class=\"wp-block-column is-vertically-aligned-center is-layout-flow wp-block-column-is-layout-flow\"><div class=\"wp-block-image\">\n<figure class=\"aligncenter size-medium is-resized\"><img loading=\"lazy\" decoding=\"async\" width=\"300\" height=\"236\" src=\"https:\/\/nuit-des-ours.com\/wp-content\/uploads\/2025\/07\/Silaya345-300x236.png\" alt=\"\" class=\"wp-image-4117\" style=\"width:400px\" srcset=\"https:\/\/lanuitdesours.lautre.net\/wp-content\/uploads\/2025\/07\/Silaya345-300x236.png 300w, https:\/\/lanuitdesours.lautre.net\/wp-content\/uploads\/2025\/07\/Silaya345-381x300.png 381w, https:\/\/lanuitdesours.lautre.net\/wp-content\/uploads\/2025\/07\/Silaya345.png 610w\" sizes=\"auto, (max-width: 300px) 100vw, 300px\" \/><\/figure>\n<\/div><\/div>\n<\/div>\n\n\n\n<h5 class=\"wp-block-heading\">Dates &amp; lieux :<\/h5>\n\n\n\n<ul class=\"wp-block-list\">\n<li><mark style=\"background-color:rgba(0, 0, 0, 0)\" class=\"has-inline-color has-accent-2-color\">Jeudi 7 ao\u00fbt &gt; 17h : <strong>Chez M\u00e9lanie<\/strong><\/mark>, 58 Place de l\u2019\u00c9glise, Chamonix<\/li>\n\n\n\n<li><mark style=\"background-color:rgba(0, 0, 0, 0)\" class=\"has-inline-color has-accent-2-color\">Vendredi 8 ao\u00fbt &gt; 18h : <\/mark><strong><mark style=\"background-color:rgba(0, 0, 0, 0)\" class=\"has-inline-color has-accent-2-color\"><a href=\"https:\/\/www.lecafecomptoir.com\/\">Caf\u00e9\/comptoir<\/a><\/mark>,<\/strong> Le Plan de l\u2019Envers, Vallorcine<\/li>\n\n\n\n<li><mark style=\"background-color:rgba(0, 0, 0, 0)\" class=\"has-inline-color has-accent-2-color\">Samedi 9 ao\u00fbt &gt; 18h30 : <strong>Maison du Lieutenant<\/strong><\/mark>, 2 231 le hameau du Mont, Servoz<\/li>\n\n\n\n<li><mark style=\"background-color:rgba(0, 0, 0, 0)\" class=\"has-inline-color has-accent-2-color\">Dimanche 10 ao\u00fbt &gt; 19h30 : <strong>Maison des artistes<\/strong><\/mark>, 84 Chemin de la Tournette, Chamonix<\/li>\n\n\n\n<li><mark style=\"background-color:rgba(0, 0, 0, 0)\" class=\"has-inline-color has-accent-2-color\">Lundi 11 ao\u00fbt &gt; 17h : <strong>Hydromel<\/strong><\/mark>, 25 avenue Ravanel le Rouge, Chamonix<\/li>\n<\/ul>\n","protected":false},"excerpt":{"rendered":"<p>DU 5 AU 12 AO\u00dbT 2025. Des concerts gratuits (hors consommations) organis\u00e9s sur les march\u00e9s ou en partenariat avec les buvettes, bistrots et restaurants de toute la vall\u00e9e, de Servoz (France) \u00e0 Trient (Suisse).<\/p>\n","protected":false},"author":1,"featured_media":355,"comment_status":"closed","ping_status":"closed","sticky":false,"template":"","format":"standard","meta":{"footnotes":""},"categories":[62],"tags":[],"class_list":["post-4112","post","type-post","status-publish","format-standard","has-post-thumbnail","hentry","category-edition-2025"],"yoast_head":"<!-- This site is optimized with the Yoast SEO plugin v28.3 - https:\/\/yoast.com\/product\/yoast-seo-wordpress\/ -->\n<title>La Tourn\u00e9e des March\u00e9s et des Bistrots - La Nuit des Ours Edition 2025<\/title>\n<meta name=\"description\" content=\"5 AU 12 AO\u00dbT 2025. TOURN\u00c9E DES MARCH\u00c9S ET DES BISTROTS, concerts sur les march\u00e9s, buvettes, bistrots et restaurants de toute la vall\u00e9e.\" \/>\n<meta name=\"robots\" content=\"index, follow, max-snippet:-1, max-image-preview:large, max-video-preview:-1\" \/>\n<link rel=\"canonical\" href=\"https:\/\/lanuitdesours.lautre.net\/?p=4112\" \/>\n<meta property=\"og:locale\" content=\"fr_FR\" \/>\n<meta property=\"og:type\" content=\"article\" \/>\n<meta property=\"og:title\" content=\"La Tourn\u00e9e des March\u00e9s et des Bistrots - La Nuit des Ours Edition 2025\" \/>\n<meta property=\"og:description\" content=\"5 AU 12 AO\u00dbT 2025. TOURN\u00c9E DES MARCH\u00c9S ET DES BISTROTS, concerts sur les march\u00e9s, buvettes, bistrots et restaurants de toute la vall\u00e9e.\" \/>\n<meta property=\"og:url\" content=\"https:\/\/lanuitdesours.lautre.net\/?p=4112\" \/>\n<meta property=\"og:site_name\" content=\"La Nuit des Ours\" \/>\n<meta property=\"article:publisher\" content=\"https:\/\/www.facebook.com\/lanuitdesours\/\" \/>\n<meta property=\"article:published_time\" content=\"2025-07-18T14:30:37+00:00\" \/>\n<meta property=\"article:modified_time\" content=\"2025-07-27T23:11:56+00:00\" \/>\n<meta property=\"og:image\" content=\"https:\/\/lanuitdesours.lautre.net\/wp-content\/uploads\/2022\/07\/Cascade_11juin_Marine-1.jpg\" \/>\n\t<meta property=\"og:image:width\" content=\"2000\" \/>\n\t<meta property=\"og:image:height\" content=\"1125\" \/>\n\t<meta property=\"og:image:type\" content=\"image\/jpeg\" \/>\n<meta name=\"author\" content=\"Cr\u00e9er c&#039;est R\u00e9sister\" \/>\n<meta name=\"twitter:card\" content=\"summary_large_image\" \/>\n<meta name=\"twitter:label1\" content=\"\u00c9crit par\" \/>\n\t<meta name=\"twitter:data1\" content=\"Cr\u00e9er c&#039;est R\u00e9sister\" \/>\n\t<meta name=\"twitter:label2\" content=\"Dur\u00e9e de lecture estim\u00e9e\" \/>\n\t<meta name=\"twitter:data2\" content=\"8 minutes\" \/>\n<script type=\"application\/ld+json\" class=\"yoast-schema-graph\">{\"@context\":\"https:\\\/\\\/schema.org\",\"@graph\":[{\"@type\":\"Article\",\"@id\":\"https:\\\/\\\/lanuitdesours.lautre.net\\\/?p=4112#article\",\"isPartOf\":{\"@id\":\"https:\\\/\\\/lanuitdesours.lautre.net\\\/?p=4112\"},\"author\":{\"name\":\"Cr\u00e9er c'est R\u00e9sister\",\"@id\":\"https:\\\/\\\/lanuitdesours.lautre.net\\\/#\\\/schema\\\/person\\\/1f4500f2f631d9916d6b39f1c0ba934c\"},\"headline\":\"La Tourn\u00e9e des March\u00e9s et des Bistrots\",\"datePublished\":\"2025-07-18T14:30:37+00:00\",\"dateModified\":\"2025-07-27T23:11:56+00:00\",\"mainEntityOfPage\":{\"@id\":\"https:\\\/\\\/lanuitdesours.lautre.net\\\/?p=4112\"},\"wordCount\":1244,\"publisher\":{\"@id\":\"https:\\\/\\\/lanuitdesours.lautre.net\\\/#organization\"},\"image\":{\"@id\":\"https:\\\/\\\/lanuitdesours.lautre.net\\\/?p=4112#primaryimage\"},\"thumbnailUrl\":\"https:\\\/\\\/lanuitdesours.lautre.net\\\/wp-content\\\/uploads\\\/2022\\\/07\\\/Cascade_11juin_Marine-1.jpg\",\"articleSection\":[\"Edition 2025\"],\"inLanguage\":\"fr-FR\"},{\"@type\":\"WebPage\",\"@id\":\"https:\\\/\\\/lanuitdesours.lautre.net\\\/?p=4112\",\"url\":\"https:\\\/\\\/lanuitdesours.lautre.net\\\/?p=4112\",\"name\":\"La Tourn\u00e9e des March\u00e9s et des Bistrots - La Nuit des Ours Edition 2025\",\"isPartOf\":{\"@id\":\"https:\\\/\\\/lanuitdesours.lautre.net\\\/#website\"},\"primaryImageOfPage\":{\"@id\":\"https:\\\/\\\/lanuitdesours.lautre.net\\\/?p=4112#primaryimage\"},\"image\":{\"@id\":\"https:\\\/\\\/lanuitdesours.lautre.net\\\/?p=4112#primaryimage\"},\"thumbnailUrl\":\"https:\\\/\\\/lanuitdesours.lautre.net\\\/wp-content\\\/uploads\\\/2022\\\/07\\\/Cascade_11juin_Marine-1.jpg\",\"datePublished\":\"2025-07-18T14:30:37+00:00\",\"dateModified\":\"2025-07-27T23:11:56+00:00\",\"description\":\"5 AU 12 AO\u00dbT 2025. TOURN\u00c9E DES MARCH\u00c9S ET DES BISTROTS, concerts sur les march\u00e9s, buvettes, bistrots et restaurants de toute la vall\u00e9e.\",\"breadcrumb\":{\"@id\":\"https:\\\/\\\/lanuitdesours.lautre.net\\\/?p=4112#breadcrumb\"},\"inLanguage\":\"fr-FR\",\"potentialAction\":[{\"@type\":\"ReadAction\",\"target\":[\"https:\\\/\\\/lanuitdesours.lautre.net\\\/?p=4112\"]}]},{\"@type\":\"ImageObject\",\"inLanguage\":\"fr-FR\",\"@id\":\"https:\\\/\\\/lanuitdesours.lautre.net\\\/?p=4112#primaryimage\",\"url\":\"https:\\\/\\\/lanuitdesours.lautre.net\\\/wp-content\\\/uploads\\\/2022\\\/07\\\/Cascade_11juin_Marine-1.jpg\",\"contentUrl\":\"https:\\\/\\\/lanuitdesours.lautre.net\\\/wp-content\\\/uploads\\\/2022\\\/07\\\/Cascade_11juin_Marine-1.jpg\",\"width\":2000,\"height\":1125,\"caption\":\"\u24b8 Marine Saviane\"},{\"@type\":\"BreadcrumbList\",\"@id\":\"https:\\\/\\\/lanuitdesours.lautre.net\\\/?p=4112#breadcrumb\",\"itemListElement\":[{\"@type\":\"ListItem\",\"position\":1,\"name\":\"Accueil\",\"item\":\"https:\\\/\\\/lanuitdesours.lautre.net\\\/\"},{\"@type\":\"ListItem\",\"position\":2,\"name\":\"La Tourn\u00e9e des March\u00e9s et des Bistrots\"}]},{\"@type\":\"WebSite\",\"@id\":\"https:\\\/\\\/lanuitdesours.lautre.net\\\/#website\",\"url\":\"https:\\\/\\\/lanuitdesours.lautre.net\\\/\",\"name\":\"La Nuit des Ours\",\"description\":\"CR\u00c9ER C&#039;EST R\u00c9SISTER | R\u00c9SISTER C&#039;EST CR\u00c9ER\",\"publisher\":{\"@id\":\"https:\\\/\\\/lanuitdesours.lautre.net\\\/#organization\"},\"potentialAction\":[{\"@type\":\"SearchAction\",\"target\":{\"@type\":\"EntryPoint\",\"urlTemplate\":\"https:\\\/\\\/lanuitdesours.lautre.net\\\/?s={search_term_string}\"},\"query-input\":{\"@type\":\"PropertyValueSpecification\",\"valueRequired\":true,\"valueName\":\"search_term_string\"}}],\"inLanguage\":\"fr-FR\"},{\"@type\":\"Organization\",\"@id\":\"https:\\\/\\\/lanuitdesours.lautre.net\\\/#organization\",\"name\":\"Association LA NUIT DES OURS\",\"url\":\"https:\\\/\\\/lanuitdesours.lautre.net\\\/\",\"logo\":{\"@type\":\"ImageObject\",\"inLanguage\":\"fr-FR\",\"@id\":\"https:\\\/\\\/lanuitdesours.lautre.net\\\/#\\\/schema\\\/logo\\\/image\\\/\",\"url\":\"https:\\\/\\\/nuit-des-ours.com\\\/wp-content\\\/uploads\\\/2022\\\/07\\\/cropped-NDO_logo-noir_jaune.jpg\",\"contentUrl\":\"https:\\\/\\\/nuit-des-ours.com\\\/wp-content\\\/uploads\\\/2022\\\/07\\\/cropped-NDO_logo-noir_jaune.jpg\",\"width\":512,\"height\":512,\"caption\":\"Association LA NUIT DES OURS\"},\"image\":{\"@id\":\"https:\\\/\\\/lanuitdesours.lautre.net\\\/#\\\/schema\\\/logo\\\/image\\\/\"},\"sameAs\":[\"https:\\\/\\\/www.facebook.com\\\/lanuitdesours\\\/\",\"https:\\\/\\\/www.instagram.com\\\/lanuitdesours\\\/\"]},{\"@type\":\"Person\",\"@id\":\"https:\\\/\\\/lanuitdesours.lautre.net\\\/#\\\/schema\\\/person\\\/1f4500f2f631d9916d6b39f1c0ba934c\",\"name\":\"Cr\u00e9er c'est R\u00e9sister\",\"image\":{\"@type\":\"ImageObject\",\"inLanguage\":\"fr-FR\",\"@id\":\"https:\\\/\\\/secure.gravatar.com\\\/avatar\\\/08f4e38908e105d843bc2bab0e7af2243257415b61b5fe99e955c21a5f61fc2b?s=96&d=mm&r=g\",\"url\":\"https:\\\/\\\/secure.gravatar.com\\\/avatar\\\/08f4e38908e105d843bc2bab0e7af2243257415b61b5fe99e955c21a5f61fc2b?s=96&d=mm&r=g\",\"contentUrl\":\"https:\\\/\\\/secure.gravatar.com\\\/avatar\\\/08f4e38908e105d843bc2bab0e7af2243257415b61b5fe99e955c21a5f61fc2b?s=96&d=mm&r=g\",\"caption\":\"Cr\u00e9er c'est R\u00e9sister\"},\"sameAs\":[\"http:\\\/\\\/www.lanuitdesours.lautre.net\"],\"url\":\"https:\\\/\\\/lanuitdesours.lautre.net\\\/?author=1\"}]}<\/script>\n<!-- \/ Yoast SEO plugin. -->","yoast_head_json":{"title":"La Tourn\u00e9e des March\u00e9s et des Bistrots - La Nuit des Ours Edition 2025","description":"5 AU 12 AO\u00dbT 2025. TOURN\u00c9E DES MARCH\u00c9S ET DES BISTROTS, concerts sur les march\u00e9s, buvettes, bistrots et restaurants de toute la vall\u00e9e.","robots":{"index":"index","follow":"follow","max-snippet":"max-snippet:-1","max-image-preview":"max-image-preview:large","max-video-preview":"max-video-preview:-1"},"canonical":"https:\/\/lanuitdesours.lautre.net\/?p=4112","og_locale":"fr_FR","og_type":"article","og_title":"La Tourn\u00e9e des March\u00e9s et des Bistrots - La Nuit des Ours Edition 2025","og_description":"5 AU 12 AO\u00dbT 2025. TOURN\u00c9E DES MARCH\u00c9S ET DES BISTROTS, concerts sur les march\u00e9s, buvettes, bistrots et restaurants de toute la vall\u00e9e.","og_url":"https:\/\/lanuitdesours.lautre.net\/?p=4112","og_site_name":"La Nuit des Ours","article_publisher":"https:\/\/www.facebook.com\/lanuitdesours\/","article_published_time":"2025-07-18T14:30:37+00:00","article_modified_time":"2025-07-27T23:11:56+00:00","og_image":[{"width":2000,"height":1125,"url":"https:\/\/lanuitdesours.lautre.net\/wp-content\/uploads\/2022\/07\/Cascade_11juin_Marine-1.jpg","type":"image\/jpeg"}],"author":"Cr\u00e9er c'est R\u00e9sister","twitter_card":"summary_large_image","twitter_misc":{"\u00c9crit par":"Cr\u00e9er c'est R\u00e9sister","Dur\u00e9e de lecture estim\u00e9e":"8 minutes"},"schema":{"@context":"https:\/\/schema.org","@graph":[{"@type":"Article","@id":"https:\/\/lanuitdesours.lautre.net\/?p=4112#article","isPartOf":{"@id":"https:\/\/lanuitdesours.lautre.net\/?p=4112"},"author":{"name":"Cr\u00e9er c'est R\u00e9sister","@id":"https:\/\/lanuitdesours.lautre.net\/#\/schema\/person\/1f4500f2f631d9916d6b39f1c0ba934c"},"headline":"La Tourn\u00e9e des March\u00e9s et des Bistrots","datePublished":"2025-07-18T14:30:37+00:00","dateModified":"2025-07-27T23:11:56+00:00","mainEntityOfPage":{"@id":"https:\/\/lanuitdesours.lautre.net\/?p=4112"},"wordCount":1244,"publisher":{"@id":"https:\/\/lanuitdesours.lautre.net\/#organization"},"image":{"@id":"https:\/\/lanuitdesours.lautre.net\/?p=4112#primaryimage"},"thumbnailUrl":"https:\/\/lanuitdesours.lautre.net\/wp-content\/uploads\/2022\/07\/Cascade_11juin_Marine-1.jpg","articleSection":["Edition 2025"],"inLanguage":"fr-FR"},{"@type":"WebPage","@id":"https:\/\/lanuitdesours.lautre.net\/?p=4112","url":"https:\/\/lanuitdesours.lautre.net\/?p=4112","name":"La Tourn\u00e9e des March\u00e9s et des Bistrots - La Nuit des Ours Edition 2025","isPartOf":{"@id":"https:\/\/lanuitdesours.lautre.net\/#website"},"primaryImageOfPage":{"@id":"https:\/\/lanuitdesours.lautre.net\/?p=4112#primaryimage"},"image":{"@id":"https:\/\/lanuitdesours.lautre.net\/?p=4112#primaryimage"},"thumbnailUrl":"https:\/\/lanuitdesours.lautre.net\/wp-content\/uploads\/2022\/07\/Cascade_11juin_Marine-1.jpg","datePublished":"2025-07-18T14:30:37+00:00","dateModified":"2025-07-27T23:11:56+00:00","description":"5 AU 12 AO\u00dbT 2025. TOURN\u00c9E DES MARCH\u00c9S ET DES BISTROTS, concerts sur les march\u00e9s, buvettes, bistrots et restaurants de toute la vall\u00e9e.","breadcrumb":{"@id":"https:\/\/lanuitdesours.lautre.net\/?p=4112#breadcrumb"},"inLanguage":"fr-FR","potentialAction":[{"@type":"ReadAction","target":["https:\/\/lanuitdesours.lautre.net\/?p=4112"]}]},{"@type":"ImageObject","inLanguage":"fr-FR","@id":"https:\/\/lanuitdesours.lautre.net\/?p=4112#primaryimage","url":"https:\/\/lanuitdesours.lautre.net\/wp-content\/uploads\/2022\/07\/Cascade_11juin_Marine-1.jpg","contentUrl":"https:\/\/lanuitdesours.lautre.net\/wp-content\/uploads\/2022\/07\/Cascade_11juin_Marine-1.jpg","width":2000,"height":1125,"caption":"\u24b8 Marine Saviane"},{"@type":"BreadcrumbList","@id":"https:\/\/lanuitdesours.lautre.net\/?p=4112#breadcrumb","itemListElement":[{"@type":"ListItem","position":1,"name":"Accueil","item":"https:\/\/lanuitdesours.lautre.net\/"},{"@type":"ListItem","position":2,"name":"La Tourn\u00e9e des March\u00e9s et des Bistrots"}]},{"@type":"WebSite","@id":"https:\/\/lanuitdesours.lautre.net\/#website","url":"https:\/\/lanuitdesours.lautre.net\/","name":"La Nuit des Ours","description":"CR\u00c9ER C&#039;EST R\u00c9SISTER | R\u00c9SISTER C&#039;EST CR\u00c9ER","publisher":{"@id":"https:\/\/lanuitdesours.lautre.net\/#organization"},"potentialAction":[{"@type":"SearchAction","target":{"@type":"EntryPoint","urlTemplate":"https:\/\/lanuitdesours.lautre.net\/?s={search_term_string}"},"query-input":{"@type":"PropertyValueSpecification","valueRequired":true,"valueName":"search_term_string"}}],"inLanguage":"fr-FR"},{"@type":"Organization","@id":"https:\/\/lanuitdesours.lautre.net\/#organization","name":"Association LA NUIT DES OURS","url":"https:\/\/lanuitdesours.lautre.net\/","logo":{"@type":"ImageObject","inLanguage":"fr-FR","@id":"https:\/\/lanuitdesours.lautre.net\/#\/schema\/logo\/image\/","url":"https:\/\/nuit-des-ours.com\/wp-content\/uploads\/2022\/07\/cropped-NDO_logo-noir_jaune.jpg","contentUrl":"https:\/\/nuit-des-ours.com\/wp-content\/uploads\/2022\/07\/cropped-NDO_logo-noir_jaune.jpg","width":512,"height":512,"caption":"Association LA NUIT DES OURS"},"image":{"@id":"https:\/\/lanuitdesours.lautre.net\/#\/schema\/logo\/image\/"},"sameAs":["https:\/\/www.facebook.com\/lanuitdesours\/","https:\/\/www.instagram.com\/lanuitdesours\/"]},{"@type":"Person","@id":"https:\/\/lanuitdesours.lautre.net\/#\/schema\/person\/1f4500f2f631d9916d6b39f1c0ba934c","name":"Cr\u00e9er c'est R\u00e9sister","image":{"@type":"ImageObject","inLanguage":"fr-FR","@id":"https:\/\/secure.gravatar.com\/avatar\/08f4e38908e105d843bc2bab0e7af2243257415b61b5fe99e955c21a5f61fc2b?s=96&d=mm&r=g","url":"https:\/\/secure.gravatar.com\/avatar\/08f4e38908e105d843bc2bab0e7af2243257415b61b5fe99e955c21a5f61fc2b?s=96&d=mm&r=g","contentUrl":"https:\/\/secure.gravatar.com\/avatar\/08f4e38908e105d843bc2bab0e7af2243257415b61b5fe99e955c21a5f61fc2b?s=96&d=mm&r=g","caption":"Cr\u00e9er c'est R\u00e9sister"},"sameAs":["http:\/\/www.lanuitdesours.lautre.net"],"url":"https:\/\/lanuitdesours.lautre.net\/?author=1"}]}},"_links":{"self":[{"href":"https:\/\/lanuitdesours.lautre.net\/index.php?rest_route=\/wp\/v2\/posts\/4112","targetHints":{"allow":["GET"]}}],"collection":[{"href":"https:\/\/lanuitdesours.lautre.net\/index.php?rest_route=\/wp\/v2\/posts"}],"about":[{"href":"https:\/\/lanuitdesours.lautre.net\/index.php?rest_route=\/wp\/v2\/types\/post"}],"author":[{"embeddable":true,"href":"https:\/\/lanuitdesours.lautre.net\/index.php?rest_route=\/wp\/v2\/users\/1"}],"replies":[{"embeddable":true,"href":"https:\/\/lanuitdesours.lautre.net\/index.php?rest_route=%2Fwp%2Fv2%2Fcomments&post=4112"}],"version-history":[{"count":7,"href":"https:\/\/lanuitdesours.lautre.net\/index.php?rest_route=\/wp\/v2\/posts\/4112\/revisions"}],"predecessor-version":[{"id":4258,"href":"https:\/\/lanuitdesours.lautre.net\/index.php?rest_route=\/wp\/v2\/posts\/4112\/revisions\/4258"}],"wp:featuredmedia":[{"embeddable":true,"href":"https:\/\/lanuitdesours.lautre.net\/index.php?rest_route=\/wp\/v2\/media\/355"}],"wp:attachment":[{"href":"https:\/\/lanuitdesours.lautre.net\/index.php?rest_route=%2Fwp%2Fv2%2Fmedia&parent=4112"}],"wp:term":[{"taxonomy":"category","embeddable":true,"href":"https:\/\/lanuitdesours.lautre.net\/index.php?rest_route=%2Fwp%2Fv2%2Fcategories&post=4112"},{"taxonomy":"post_tag","embeddable":true,"href":"https:\/\/lanuitdesours.lautre.net\/index.php?rest_route=%2Fwp%2Fv2%2Ftags&post=4112"}],"curies":[{"name":"wp","href":"https:\/\/api.w.org\/{rel}","templated":true}]}}