{"id":4096,"date":"2025-07-19T05:19:03","date_gmt":"2025-07-19T03:19:03","guid":{"rendered":"https:\/\/nuit-des-ours.com\/?p=4096"},"modified":"2025-07-28T18:06:40","modified_gmt":"2025-07-28T16:06:40","slug":"ateliers-2025","status":"publish","type":"post","link":"https:\/\/lanuitdesours.lautre.net\/?p=4096","title":{"rendered":"Les Ateliers"},"content":{"rendered":"\n<h2 class=\"wp-block-heading\">LES ATELIERS, DU 5 AU 12 AO\u00dbT 2025<\/h2>\n\n\n\n<p class=\"wp-block-paragraph\">LES ATELIERS compl\u00e8tent la programmation de LA NUIT DES OURS en offrant \u00e0 chacun-e la possibilit\u00e9 de d\u00e9couvrir des mondes plus ou moins in\/connus. Cette ann\u00e9e nous vous proposons 24 ateliers, \u00e0 pratiquer autant que possible en famille.<\/p>\n\n\n\n<h5 class=\"wp-block-heading\">Informations pratiques :<\/h5>\n\n\n\n<ul class=\"wp-block-list\">\n<li>5\u20ac par personne (tarif unique enfant\/adulte)<\/li>\n\n\n\n<li>Inscription obligatoire <a href=\"https:\/\/www.helloasso.com\/associations\/la-nuit-des-ours\/evenements\/ateliers-du-7-au-11-aout-edition-2024-1\">sur HelloAsso<\/a> car jauges limit\u00e9es : ne participent aux ateliers que celles et ceux qui se sont inscrit(e)s ; si l\u2019atelier est complet, inutile de se pr\u00e9senter<\/li>\n\n\n\n<li>Attention au lieu de rendez-vous qui diff\u00e8re selon les ateliers<\/li>\n\n\n\n<li>Arriver 15mn avant l&rsquo;heure de d\u00e9but, c&rsquo;est bien<\/li>\n\n\n\n<li>S&rsquo;habiller confortablement, en fonction de l&rsquo;activit\u00e9 et de l&rsquo;heure<\/li>\n\n\n\n<li>Les enfants de moins de 12 ans doivent \u00eatre accompagn\u00e9s<\/li>\n\n\n\n<li>Certains ATELIERS offrent la possibilit\u00e9 d\u2019exposer en pleine nature les oeuvres r\u00e9alis\u00e9es<\/li>\n\n\n\n<li>Tous les ATELIERS se d\u00e9roulent \u00e0 Vallorcine<\/li>\n<\/ul>\n\n\n\n<div class=\"wp-block-buttons is-layout-flex wp-block-buttons-is-layout-flex\">\n<div class=\"wp-block-button is-style-fill\"><a class=\"wp-block-button__link has-accent-2-background-color has-background wp-element-button\" href=\"https:\/\/www.helloasso.com\/associations\/la-nuit-des-ours\/evenements\/ateliers-du-5-au-12-aout-edition-2025\" style=\"border-radius:0px\" target=\"_blank\" rel=\"noreferrer noopener\">S&rsquo;inscrire<\/a><\/div>\n<\/div>\n\n\n\n<div class=\"wp-block-columns is-layout-flex wp-container-core-columns-is-layout-8f761849 wp-block-columns-is-layout-flex\">\n<div class=\"wp-block-column is-vertically-aligned-center is-layout-flow wp-block-column-is-layout-flow\">\n<h3 class=\"wp-block-heading\">A la d\u00e9couverte d&rsquo;un tr\u00e9sor int\u00e9rieur &#8211; Voyage sonore<\/h3>\n\n\n\n<p class=\"wp-block-paragraph\"><mark style=\"background-color:rgba(0, 0, 0, 0)\" class=\"has-inline-color has-accent-1-color\">Avec <strong>Julie Olivon<\/strong>, en partenariat avec <strong><a href=\"https:\/\/www.lesouffleduzen.com\">Le Souffle du Zen<\/a><\/strong> et <strong><a href=\"https:\/\/globule.chamonix.radio\/\">Globule Radio<\/a><\/strong><\/mark><\/p>\n\n\n\n<p class=\"wp-block-paragraph\">Viens cr\u00e9er et mettre en sc\u00e8ne ton voyage sonore.<br>Nous proposons \u00e0 vos enfants un atelier sp\u00e9cial, une exp\u00e9rience magique \u00e0 travers une aventure musicale in\u00e9dite : \u00ab La cr\u00e9ation d\u2019un voyage sonore imaginaire \u00bb.<br>Une invitation au r\u00eave et \u00e0 l\u2019\u00e9vasion port\u00e9s par des sons d\u2019instruments d\u2019une sonorit\u00e9 hors du commun (bols tib\u00e9tains, gongs, tubalophones \u2026 ). Tout en cr\u00e9ant leur propre sc\u00e9nario et en manipulant les instruments, les enfants conclueront l\u2019atelier par la restitution en pleine nature de leur voyage sonore.<\/p>\n\n\n\n<p class=\"wp-block-paragraph\">Restitution publique le 8 ao\u00fbt \u00e0 17h \u00e0 L\u2019Octogone (route de la cascade de B\u00e9rard), juste avant le d\u00e9part de <a href=\"https:\/\/nuit-des-ours.com\/2025\/la-nuit-des-ours-edition-2025\/\"><strong>LA NUIT DES OURS<\/strong><\/a>.<\/p>\n\n\n\n<ul class=\"wp-block-list\">\n<li><mark style=\"background-color:rgba(0, 0, 0, 0)\" class=\"has-inline-color has-accent-2-color\">Tous les jours du 5 au 8 ao\u00fbt de 14h30 \u00e0 17h30<\/mark><\/li>\n\n\n\n<li><mark style=\"background-color:rgba(0, 0, 0, 0)\" class=\"has-inline-color has-accent-2-color\"><mark style=\"background-color:rgba(0, 0, 0, 0)\" class=\"has-inline-color has-accent-2-color\">Rendez-vous \u00e0 La Ruche (\u00e9cole de Vallorcine)<\/mark><\/mark><\/li>\n\n\n\n<li><mark style=\"background-color:rgba(0, 0, 0, 0)\" class=\"has-inline-color has-accent-2-color\">Pour 8 enfants de 8 \u00e0 13 ans<\/mark><\/li>\n<\/ul>\n\n\n\n<div class=\"wp-block-buttons is-layout-flex wp-block-buttons-is-layout-flex\">\n<div class=\"wp-block-button is-style-fill\"><a class=\"wp-block-button__link has-accent-2-background-color has-background wp-element-button\" href=\"https:\/\/www.helloasso.com\/associations\/la-nuit-des-ours\/evenements\/ateliers-du-5-au-12-aout-edition-2025\" style=\"border-radius:0px\" target=\"_blank\" rel=\"noreferrer noopener\">S&rsquo;inscrire<\/a><\/div>\n<\/div>\n<\/div>\n\n\n\n<div class=\"wp-block-column is-vertically-aligned-center is-layout-flow wp-block-column-is-layout-flow\"><div class=\"wp-block-image\">\n<figure class=\"aligncenter size-full is-resized\"><img loading=\"lazy\" decoding=\"async\" width=\"960\" height=\"720\" src=\"https:\/\/nuit-des-ours.com\/wp-content\/uploads\/2025\/07\/atelier_voyagesonore.jpg\" alt=\"\" class=\"wp-image-4294\" style=\"width:400px\" srcset=\"https:\/\/lanuitdesours.lautre.net\/wp-content\/uploads\/2025\/07\/atelier_voyagesonore.jpg 960w, https:\/\/lanuitdesours.lautre.net\/wp-content\/uploads\/2025\/07\/atelier_voyagesonore-300x225.jpg 300w, https:\/\/lanuitdesours.lautre.net\/wp-content\/uploads\/2025\/07\/atelier_voyagesonore-768x576.jpg 768w, https:\/\/lanuitdesours.lautre.net\/wp-content\/uploads\/2025\/07\/atelier_voyagesonore-400x300.jpg 400w\" sizes=\"auto, (max-width: 960px) 100vw, 960px\" \/><\/figure>\n<\/div><\/div>\n<\/div>\n\n\n\n<div class=\"wp-block-columns is-layout-flex wp-container-core-columns-is-layout-8f761849 wp-block-columns-is-layout-flex\">\n<div class=\"wp-block-column is-vertically-aligned-center is-layout-flow wp-block-column-is-layout-flow\">\n<h3 class=\"wp-block-heading\">Musicalopith\u00e8que : une matin\u00e9e avec Jean-Jacques Lem\u00eatre<\/h3>\n\n\n\n<p class=\"wp-block-paragraph\">Concert-conf\u00e9rence avec environ 130 instruments de musique dont le plus vieux a 1500 ans. \u00ab Je parlerai de l\u2019\u00e9volution Humaine, du Langage, nous entendrons l\u2019\u00e9volution du son depuis la Pr\u00e9histoire jusqu\u2019\u00e0 aujourd\u2019hui. \u00bb<\/p>\n\n\n\n<p class=\"wp-block-paragraph\"><mark style=\"background-color:rgba(0, 0, 0, 0)\" class=\"has-inline-color has-accent-1-color\"><strong>Jean-Jacques Lem\u00eatre<\/strong> est un grand compositeur multi instrumentiste<\/mark> connu pour avoir au Th\u00e9\u00e2tre du Soleil compos\u00e9 et accompagn\u00e9 musicalement tous les spectacles d\u2019Ariane Mnouchkine. Mais il fut aussi le compagnon de route et introducteur en Europe dans les ann\u00e9es 70 du ph\u00e9nom\u00e9nal Moondog. Il est aussi d\u00e8s ses 20 ans un musicien iconoclaste \u00e0 Radio France. En effet il est un des rare \u00e0 l\u2019\u00e9poque \u00e0 jouer sur instruments anciens. Il a rassembl\u00e9 dans sa vie plus de 3 000 instruments de musique qu\u2019il sait tous jouer et dont certains invent\u00e9s par lui-m\u00eame.<\/p>\n\n\n\n<ul class=\"wp-block-list\">\n<li><mark style=\"background-color:rgba(0, 0, 0, 0)\" class=\"has-inline-color has-accent-2-color\">6 et 7, 9, 10 et 11 ao\u00fbt de 10h \u00e0 12h<\/mark><\/li>\n\n\n\n<li><mark style=\"background-color:rgba(0, 0, 0, 0)\" class=\"has-inline-color has-accent-2-color\">Attention le 8, il y a le \u00ab <strong><a href=\"https:\/\/nuit-des-ours.com\/2025\/spectacles-autrement\/\">CONCERT POUR LES B\u00c9B\u00c9S<\/a><\/strong> \u00bb<\/mark><\/li>\n\n\n\n<li><mark style=\"background-color:rgba(0, 0, 0, 0)\" class=\"has-inline-color has-accent-2-color\"><mark style=\"background-color:rgba(0, 0, 0, 0)\" class=\"has-inline-color has-accent-2-color\">Rendez-vous aux Edelweiss (derri\u00e8re la gare de Vallorcine terminus)<\/mark><\/mark><\/li>\n<\/ul>\n\n\n\n<div class=\"wp-block-buttons is-layout-flex wp-block-buttons-is-layout-flex\">\n<div class=\"wp-block-button is-style-fill\"><a class=\"wp-block-button__link has-accent-2-background-color has-background wp-element-button\" href=\"https:\/\/www.helloasso.com\/associations\/la-nuit-des-ours\/evenements\/ateliers-du-5-au-12-aout-edition-2025\" style=\"border-radius:0px\" target=\"_blank\" rel=\"noreferrer noopener\">S&rsquo;inscrire<\/a><\/div>\n<\/div>\n<\/div>\n\n\n\n<div class=\"wp-block-column is-vertically-aligned-center is-layout-flow wp-block-column-is-layout-flow\"><div class=\"wp-block-image\">\n<figure class=\"aligncenter size-medium is-resized\"><img loading=\"lazy\" decoding=\"async\" width=\"240\" height=\"300\" src=\"https:\/\/nuit-des-ours.com\/wp-content\/uploads\/2025\/07\/Musicalopitheque-1-240x300.jpg\" alt=\"\" class=\"wp-image-4097\" style=\"width:400px\" srcset=\"https:\/\/lanuitdesours.lautre.net\/wp-content\/uploads\/2025\/07\/Musicalopitheque-1-240x300.jpg 240w, https:\/\/lanuitdesours.lautre.net\/wp-content\/uploads\/2025\/07\/Musicalopitheque-1-819x1024.jpg 819w, https:\/\/lanuitdesours.lautre.net\/wp-content\/uploads\/2025\/07\/Musicalopitheque-1-768x960.jpg 768w, https:\/\/lanuitdesours.lautre.net\/wp-content\/uploads\/2025\/07\/Musicalopitheque-1-1229x1536.jpg 1229w, https:\/\/lanuitdesours.lautre.net\/wp-content\/uploads\/2025\/07\/Musicalopitheque-1-1638x2048.jpg 1638w, https:\/\/lanuitdesours.lautre.net\/wp-content\/uploads\/2025\/07\/Musicalopitheque-1-scaled.jpg 2048w\" sizes=\"auto, (max-width: 240px) 100vw, 240px\" \/><\/figure>\n<\/div><\/div>\n<\/div>\n\n\n\n<div class=\"wp-block-columns is-layout-flex wp-container-core-columns-is-layout-8f761849 wp-block-columns-is-layout-flex\">\n<div class=\"wp-block-column is-vertically-aligned-center is-layout-flow wp-block-column-is-layout-flow\">\n<h3 class=\"wp-block-heading\">Visite de la Maison de Barberine<\/h3>\n\n\n\n<p class=\"wp-block-paragraph\"><mark style=\"background-color:rgba(0, 0, 0, 0)\" class=\"has-inline-color has-accent-1-color\">Avec <strong>Xavier Dunand<\/strong> guide du patrimoine<\/mark><\/p>\n\n\n\n<p class=\"wp-block-paragraph\">\u00c9changes autour du patrimoine de Vallorcine pour rendre un mus\u00e9e<br>vivant.<\/p>\n\n\n\n<ul class=\"wp-block-list\">\n<li><mark style=\"background-color:rgba(0, 0, 0, 0)\" class=\"has-inline-color has-accent-2-color\">Mercredi 6 ao\u00fbt de 10h \u00e0 12h<\/mark><\/li>\n\n\n\n<li><mark style=\"background-color:rgba(0, 0, 0, 0)\" class=\"has-inline-color has-accent-2-color\">Rendez-vous \u00e0 la Maison de Barberine, Vallorcine<\/mark><\/li>\n<\/ul>\n\n\n\n<div class=\"wp-block-buttons is-layout-flex wp-block-buttons-is-layout-flex\">\n<div class=\"wp-block-button\"><a class=\"wp-block-button__link has-accent-2-background-color has-background wp-element-button\" href=\"https:\/\/www.helloasso.com\/associations\/la-nuit-des-ours\/evenements\/ateliers-du-5-au-12-aout-edition-2025\" style=\"border-radius:0px\">S&rsquo;inscrire<\/a><\/div>\n<\/div>\n<\/div>\n\n\n\n<div class=\"wp-block-column is-vertically-aligned-center is-layout-flow wp-block-column-is-layout-flow\"><div class=\"wp-block-image\">\n<figure class=\"aligncenter size-medium is-resized\"><img loading=\"lazy\" decoding=\"async\" width=\"300\" height=\"225\" src=\"https:\/\/nuit-des-ours.com\/wp-content\/uploads\/2025\/07\/Barberine_Maison-de-\u00a9MaisonBarberine-300x225.jpg\" alt=\"\" class=\"wp-image-4098\" style=\"width:400px\" srcset=\"https:\/\/lanuitdesours.lautre.net\/wp-content\/uploads\/2025\/07\/Barberine_Maison-de-\u00a9MaisonBarberine-300x225.jpg 300w, https:\/\/lanuitdesours.lautre.net\/wp-content\/uploads\/2025\/07\/Barberine_Maison-de-\u00a9MaisonBarberine-1024x768.jpg 1024w, https:\/\/lanuitdesours.lautre.net\/wp-content\/uploads\/2025\/07\/Barberine_Maison-de-\u00a9MaisonBarberine-768x576.jpg 768w, https:\/\/lanuitdesours.lautre.net\/wp-content\/uploads\/2025\/07\/Barberine_Maison-de-\u00a9MaisonBarberine-1536x1152.jpg 1536w, https:\/\/lanuitdesours.lautre.net\/wp-content\/uploads\/2025\/07\/Barberine_Maison-de-\u00a9MaisonBarberine-2048x1536.jpg 2048w, https:\/\/lanuitdesours.lautre.net\/wp-content\/uploads\/2025\/07\/Barberine_Maison-de-\u00a9MaisonBarberine-400x300.jpg 400w\" sizes=\"auto, (max-width: 300px) 100vw, 300px\" \/><\/figure>\n<\/div><\/div>\n<\/div>\n\n\n\n<div class=\"wp-block-columns is-layout-flex wp-container-core-columns-is-layout-8f761849 wp-block-columns-is-layout-flex\">\n<div class=\"wp-block-column is-vertically-aligned-center is-layout-flow wp-block-column-is-layout-flow\">\n<h3 class=\"wp-block-heading\">Balade yoguique<\/h3>\n\n\n\n<p class=\"wp-block-paragraph\"><mark style=\"background-color:rgba(0, 0, 0, 0)\" class=\"has-inline-color has-accent-1-color\">Avec <strong>Xavier Dunand<\/strong><\/mark><\/p>\n\n\n\n<p class=\"wp-block-paragraph\">Une balade ludique avec tous nos sens dans une nature bavarde pour ouvrir son c\u0153ur par le jeu du yoga.<\/p>\n\n\n\n<ul class=\"wp-block-list\">\n<li><mark style=\"background-color:rgba(0, 0, 0, 0)\" class=\"has-inline-color has-accent-2-color\">Mercredi 6 ao\u00fbt de 14h \u00e0 16h<\/mark><\/li>\n\n\n\n<li><mark style=\"background-color:rgba(0, 0, 0, 0)\" class=\"has-inline-color has-accent-2-color\">Rendez-vous aux Edelweiss (derri\u00e8re la gare de Vallorcine terminus)<\/mark><\/li>\n<\/ul>\n\n\n\n<div class=\"wp-block-buttons is-layout-flex wp-block-buttons-is-layout-flex\">\n<div class=\"wp-block-button\"><a class=\"wp-block-button__link has-accent-2-background-color has-background wp-element-button\" href=\"https:\/\/www.helloasso.com\/associations\/la-nuit-des-ours\/evenements\/ateliers-du-7-au-11-aout-edition-2024-1\" style=\"border-radius:0px\">S&rsquo;inscrire<\/a><\/div>\n<\/div>\n<\/div>\n\n\n\n<div class=\"wp-block-column is-vertically-aligned-center is-layout-flow wp-block-column-is-layout-flow\"><div class=\"wp-block-image\">\n<figure class=\"aligncenter size-medium is-resized\"><img loading=\"lazy\" decoding=\"async\" width=\"300\" height=\"200\" src=\"https:\/\/nuit-des-ours.com\/wp-content\/uploads\/2024\/07\/yoga_xavierdunand-300x200.jpg\" alt=\"\" class=\"wp-image-3747\" style=\"width:400px\" srcset=\"https:\/\/lanuitdesours.lautre.net\/wp-content\/uploads\/2024\/07\/yoga_xavierdunand-300x200.jpg 300w, https:\/\/lanuitdesours.lautre.net\/wp-content\/uploads\/2024\/07\/yoga_xavierdunand-768x512.jpg 768w, https:\/\/lanuitdesours.lautre.net\/wp-content\/uploads\/2024\/07\/yoga_xavierdunand-450x300.jpg 450w, https:\/\/lanuitdesours.lautre.net\/wp-content\/uploads\/2024\/07\/yoga_xavierdunand.jpg 1024w\" sizes=\"auto, (max-width: 300px) 100vw, 300px\" \/><\/figure>\n<\/div><\/div>\n<\/div>\n\n\n\n<div class=\"wp-block-columns is-layout-flex wp-container-core-columns-is-layout-8f761849 wp-block-columns-is-layout-flex\">\n<div class=\"wp-block-column is-vertically-aligned-center is-layout-flow wp-block-column-is-layout-flow\">\n<h3 class=\"wp-block-heading\">Faire un masque<\/h3>\n\n\n\n<p class=\"wp-block-paragraph\"><mark style=\"background-color:rgba(0, 0, 0, 0)\" class=\"has-inline-color has-accent-1-color\">Avec <strong>Nina Bompard<\/strong> plasticienne et photographe<\/mark><\/p>\n\n\n\n<p class=\"wp-block-paragraph\">R\u00e9alisation d\u2019un ou plusieurs masques en utilisant des mat\u00e9riaux de r\u00e9cup\u00e9ration.\u2028 Mat\u00e9riel fourni \u00e0 moins que vous ne souhaitiez apporter le v\u00f4tre.\u2028 C\u2019est un atelier qui prend son temps. Les autres ann\u00e9es les participants venaient sur plusieurs journ\u00e9es.\u2028<\/p>\n\n\n\n<p class=\"wp-block-paragraph\">Il est conseill\u00e9 de s\u2019inscrire \u00e0 au moins 2 s\u00e9ances sur HelloAsso pour aboutir son masque. Tenue adapt\u00e9e au travail de la terre glaise. C\u2019est un \u00ab classique \u00bb de LA NUIT DES OURS<\/p>\n\n\n\n<p class=\"wp-block-paragraph\">Les masques seront accroch\u00e9s en for\u00eat sur le circuit du 12 ao\u00fbt pour <a href=\"https:\/\/nuit-des-ours.com\/2024\/la-nuit-en-plein-jour\/\">LA NUIT EN PLEIN JOUR<\/a>. Vous pourrez le laisser comme oeuvre des <a href=\"https:\/\/nuit-des-ours.com\/2024\/les-arts-du-chemin\/\">ARTS DU CHEMIN<\/a> ou venir le r\u00e9cup\u00e9rer le 13 ao\u00fbt.\u2028 <\/p>\n\n\n\n<ul class=\"wp-block-list\">\n<li><mark style=\"background-color:rgba(0, 0, 0, 0)\" class=\"has-inline-color has-accent-2-color\">Les 8, 9, 10, 11 ao\u00fbt de 10h \u00e0 12h ou plus<\/mark><\/li>\n\n\n\n<li><mark style=\"background-color:rgba(0, 0, 0, 0)\" class=\"has-inline-color has-accent-2-color\"><mark style=\"background-color:rgba(0, 0, 0, 0)\" class=\"has-inline-color has-accent-2-color\">Rendez-vous aux Edelweiss (derri\u00e8re la gare de Vallorcine terminus)<\/mark><\/mark><\/li>\n<\/ul>\n\n\n\n<div class=\"wp-block-buttons is-layout-flex wp-block-buttons-is-layout-flex\">\n<div class=\"wp-block-button is-style-fill\"><a class=\"wp-block-button__link has-accent-2-background-color has-background wp-element-button\" href=\"https:\/\/www.helloasso.com\/associations\/la-nuit-des-ours\/evenements\/ateliers-du-5-au-12-aout-edition-2025\" style=\"border-radius:0px\" target=\"_blank\" rel=\"noreferrer noopener\">S&rsquo;inscrire<\/a><\/div>\n<\/div>\n<\/div>\n\n\n\n<div class=\"wp-block-column is-vertically-aligned-center is-layout-flow wp-block-column-is-layout-flow\"><div class=\"wp-block-image\">\n<figure class=\"aligncenter size-medium is-resized\"><img loading=\"lazy\" decoding=\"async\" width=\"300\" height=\"200\" src=\"https:\/\/nuit-des-ours.com\/wp-content\/uploads\/2022\/07\/297-300x200.jpg\" alt=\"Photo des masques de Nina Bompard pour les ATELIERS de LA NUIT DES OURS\" class=\"wp-image-727\" style=\"width:400px\" srcset=\"https:\/\/lanuitdesours.lautre.net\/wp-content\/uploads\/2022\/07\/297-300x200.jpg 300w, https:\/\/lanuitdesours.lautre.net\/wp-content\/uploads\/2022\/07\/297-1024x683.jpg 1024w, https:\/\/lanuitdesours.lautre.net\/wp-content\/uploads\/2022\/07\/297-768x512.jpg 768w, https:\/\/lanuitdesours.lautre.net\/wp-content\/uploads\/2022\/07\/297-1536x1024.jpg 1536w, https:\/\/lanuitdesours.lautre.net\/wp-content\/uploads\/2022\/07\/297-2048x1365.jpg 2048w, https:\/\/lanuitdesours.lautre.net\/wp-content\/uploads\/2022\/07\/297-450x300.jpg 450w\" sizes=\"auto, (max-width: 300px) 100vw, 300px\" \/><\/figure>\n<\/div><\/div>\n<\/div>\n\n\n\n<div class=\"wp-block-columns is-layout-flex wp-container-core-columns-is-layout-8f761849 wp-block-columns-is-layout-flex\">\n<div class=\"wp-block-column is-vertically-aligned-center is-layout-flow wp-block-column-is-layout-flow\">\n<h3 class=\"wp-block-heading\">CLUB DE LECTRICEXS Love machine (Suisse)<\/h3>\n\n\n\n<p class=\"wp-block-paragraph\"><mark style=\"background-color:rgba(0, 0, 0, 0)\" class=\"has-inline-color has-accent-1-color\">Avec <strong>Emma<\/strong> et <strong>Camille<\/strong><\/mark><\/p>\n\n\n\n<p class=\"wp-block-paragraph\"><strong>Th\u00e8me : \u00ab L\u00e0-haut sur la montagne \u00bb<\/strong><br>Le club de lectricexs th\u00e9matique est ouvert \u00e0 tou\u00b7te\u00b7x\u00b7s.<br>Chacun\u00b7e\u00b7x est libre de pr\u00e9senter une lecture qui lui a plu (ou non) faisant \u00e9cho au th\u00e8me propos\u00e9. En l\u2019occurence, quand les hauts sommets, torrents, p\u00e2turages et for\u00eats de m\u00e9l\u00e8zes deviennent les protagonistes ou le d\u00e9cor de r\u00e9cits et livres en tous genres.<\/p>\n\n\n\n<p class=\"wp-block-paragraph\">Vous \u00eates invit\u00e9\u00b7e\u00b7x\u00b7s \u00e0 vous joindre, que ce soit par la parole ou par l\u2019\u00e9coute.<br>\u00c0 la suite de chaque club de lectricexs, toutes les r\u00e9f\u00e9rences pr\u00e9sent\u00e9es sont archiv\u00e9es et repartag\u00e9es, afin de cr\u00e9er une biblioth\u00e8que qui s\u2019enrichit au fil du temps et reste toujours accessible. Les clubs se veulent des espaces de partage et des moments de pens\u00e9es collectives.<\/p>\n\n\n\n<ul class=\"wp-block-list\">\n<li><mark style=\"background-color:rgba(0, 0, 0, 0)\" class=\"has-inline-color has-accent-2-color\">Samedi 9 ao\u00fbt de 17 \u00e0 19h<\/mark><\/li>\n\n\n\n<li><mark style=\"background-color:rgba(0, 0, 0, 0)\" class=\"has-inline-color has-accent-2-color\"><mark style=\"background-color:rgba(0, 0, 0, 0)\" class=\"has-inline-color has-accent-2-color\"><mark style=\"background-color:rgba(0, 0, 0, 0)\" class=\"has-inline-color has-accent-2-color\">Rendez-vous aux Edelweiss (derri\u00e8re la gare de Vallorcine terminus)<\/mark><\/mark><\/mark><\/li>\n<\/ul>\n\n\n\n<div class=\"wp-block-buttons is-layout-flex wp-block-buttons-is-layout-flex\">\n<div class=\"wp-block-button\"><a class=\"wp-block-button__link has-accent-2-background-color has-background wp-element-button\" href=\"https:\/\/www.helloasso.com\/associations\/la-nuit-des-ours\/evenements\/ateliers-du-5-au-12-aout-edition-2025\" style=\"border-radius:0px\">S&rsquo;inscrire<\/a><\/div>\n<\/div>\n<\/div>\n\n\n\n<div class=\"wp-block-column is-vertically-aligned-center is-layout-flow wp-block-column-is-layout-flow\"><\/div>\n<\/div>\n\n\n\n<div class=\"wp-block-columns is-layout-flex wp-container-core-columns-is-layout-8f761849 wp-block-columns-is-layout-flex\">\n<div class=\"wp-block-column is-vertically-aligned-center is-layout-flow wp-block-column-is-layout-flow\">\n<h3 class=\"wp-block-heading\">In situ<\/h3>\n\n\n\n<p class=\"wp-block-paragraph\"><mark style=\"background-color:rgba(0, 0, 0, 0)\" class=\"has-inline-color has-accent-1-color\">Avec <strong>Julie Pichavant <\/strong>performeuse<\/mark><\/p>\n\n\n\n<p class=\"wp-block-paragraph\">Qu\u2019est-ce que Performer le r\u00e9el? Comment \u00e9coutons-nous notre environnement ? Quelles questions nous posent les paysages ? Que s\u2019est-il pass\u00e9? Comment la m\u00e9moire des espaces, les traces du pass\u00e9, les signes du pr\u00e9sent impactent notre sensibilit\u00e9, nos mouvements, notre corporalit\u00e9 ? Les participants seront invit\u00e9s \u00e0 exp\u00e9rimenter une immersion IN SITU : une d\u00e9rive po\u00e9tique entre visible et invisible.<\/p>\n\n\n\n<ul class=\"wp-block-list\">\n<li><mark style=\"background-color:rgba(0, 0, 0, 0)\" class=\"has-inline-color has-accent-2-color\">Samedi 9 ao\u00fbt de 10h \u00e0 12h<\/mark><\/li>\n\n\n\n<li><mark style=\"background-color:rgba(0, 0, 0, 0)\" class=\"has-inline-color has-accent-2-color\"><mark style=\"background-color:rgba(0, 0, 0, 0)\" class=\"has-inline-color has-accent-2-color\"><mark style=\"background-color:rgba(0, 0, 0, 0)\" class=\"has-inline-color has-accent-2-color\"><mark style=\"background-color:rgba(0, 0, 0, 0)\" class=\"has-inline-color has-accent-2-color\">Rendez-vous aux Edelweiss (derri\u00e8re la gare de Vallorcine terminus)<\/mark><\/mark><\/mark><\/mark><\/li>\n<\/ul>\n\n\n\n<div class=\"wp-block-buttons is-layout-flex wp-block-buttons-is-layout-flex\">\n<div class=\"wp-block-button\"><a class=\"wp-block-button__link has-accent-2-background-color has-background wp-element-button\" href=\"https:\/\/www.helloasso.com\/associations\/la-nuit-des-ours\/evenements\/ateliers-du-7-au-11-aout-edition-2024-1\" style=\"border-radius:0px\">S&rsquo;inscrire<\/a><\/div>\n<\/div>\n<\/div>\n\n\n\n<div class=\"wp-block-column is-vertically-aligned-center is-layout-flow wp-block-column-is-layout-flow\"><div class=\"wp-block-image\">\n<figure class=\"aligncenter size-medium is-resized\"><img loading=\"lazy\" decoding=\"async\" width=\"300\" height=\"169\" src=\"https:\/\/nuit-des-ours.com\/wp-content\/uploads\/2024\/07\/20220807_205512-300x169.jpg\" alt=\"\" class=\"wp-image-3750\" style=\"width:400px\" srcset=\"https:\/\/lanuitdesours.lautre.net\/wp-content\/uploads\/2024\/07\/20220807_205512-300x169.jpg 300w, https:\/\/lanuitdesours.lautre.net\/wp-content\/uploads\/2024\/07\/20220807_205512-1024x576.jpg 1024w, https:\/\/lanuitdesours.lautre.net\/wp-content\/uploads\/2024\/07\/20220807_205512-768x432.jpg 768w, https:\/\/lanuitdesours.lautre.net\/wp-content\/uploads\/2024\/07\/20220807_205512-1536x864.jpg 1536w, https:\/\/lanuitdesours.lautre.net\/wp-content\/uploads\/2024\/07\/20220807_205512-2048x1152.jpg 2048w, https:\/\/lanuitdesours.lautre.net\/wp-content\/uploads\/2024\/07\/20220807_205512-496x279.jpg 496w\" sizes=\"auto, (max-width: 300px) 100vw, 300px\" \/><\/figure>\n<\/div><\/div>\n<\/div>\n\n\n\n<div class=\"wp-block-columns is-layout-flex wp-container-core-columns-is-layout-8f761849 wp-block-columns-is-layout-flex\">\n<div class=\"wp-block-column is-vertically-aligned-center is-layout-flow wp-block-column-is-layout-flow\">\n<h3 class=\"wp-block-heading\">\u00ab D\u00e9placer la fronti\u00e8re \u00bb<\/h3>\n\n\n\n<p class=\"wp-block-paragraph\"><mark style=\"background-color:rgba(0, 0, 0, 0)\" class=\"has-inline-color has-accent-1-color\">Avec <strong>Dosoung Kim<\/strong> plasticien<\/mark><\/p>\n\n\n\n<p class=\"wp-block-paragraph\"><strong>1er workhop : Randonn\u00e9e exp\u00e9rimentale<\/strong><br>Ce parcours d\u00e9butera par une mont\u00e9e en t\u00e9l\u00e9cabine depuis Vallorcine, suivie d\u2019une marche d\u2019environ deux heures. Les participant\u00b7es seront invit\u00e9\u00b7es \u00e0 suivre un itin\u00e9raire GPS le long de la fronti\u00e8re, transportant sur leur dos une reproduction de borne fronti\u00e8re que j\u2019ai con\u00e7ue, chercher une pierre \u00e0 proximit\u00e9 de la fronti\u00e8re et y marquer ses coordonn\u00e9es g\u00e9ographiques \u00e0 l\u2019aide d\u2019un tampon. Les pierres collect\u00e9es serviront de base pour le second workshop.<\/p>\n\n\n\n<p class=\"wp-block-paragraph\"><strong>2e workshop : Activit\u00e9 d\u2019\u00e9criture <\/strong><br>Nous travaillerons avec les pierres rapport\u00e9es lors de la premi\u00e8re marche. Cet atelier commencera par une exploration sensorielle (toucher, vue, son) pour mieux appr\u00e9hender la mati\u00e8re. Chaque participant\u00b7e imaginera une nouvelle identit\u00e9 pour sa pierre en \u00e9crivant un texte libre sur son origine. Ce r\u00e9cit pourra \u00eatre r\u00e9aliste ou fictif, inspir\u00e9 par la forme de la pierre, des souvenirs personnels, des \u00e9l\u00e9ments mythologiques, historiques ou scientifiques. Un mot-cl\u00e9 r\u00e9sumant ce r\u00e9cit sera ensuite tamponn\u00e9 sur la pierre. Enfin, lors d\u2019une marche collective, chaque pierre sera d\u00e9pos\u00e9e dans un lieu choisi du village.<\/p>\n\n\n\n<p class=\"wp-block-paragraph\"><strong>3e workshop : Table ronde<\/strong><br>Le troisi\u00e8me atelier prendra la forme d\u2019une discussion collective. Une dizaine de reproductions de bornes fronti\u00e8res sera dispos\u00e9e en cercle pour servir de si\u00e8ges. La discussion s\u2019ouvrira sur une question simple : \u00ab Comment peut-on d\u00e9placer les fronti\u00e8res ? \u00bb Ce moment d\u2019\u00e9change permettra d\u2019aborder cette probl\u00e9matique<br>sous diff\u00e9rents angles \u2013 factuels, historiques, artistiques, politiques \u2013 sans chercher de r\u00e9ponse unique. La conversation pourra aussi d\u00e9river vers des sujets connexes : migrations, conflits frontaliers, r\u00e9cits locaux, s\u00e9curit\u00e9, m\u00e9moire collective, etc.<\/p>\n\n\n\n<ul class=\"wp-block-list\">\n<li><mark style=\"background-color:rgba(0, 0, 0, 0)\" class=\"has-inline-color has-accent-2-color\">9, 10 et 11 ao\u00fbt \u00e0 14h<\/mark><\/li>\n\n\n\n<li><mark style=\"background-color:rgba(0, 0, 0, 0)\" class=\"has-inline-color has-accent-2-color\">Rendez-vous aux Edelweiss <mark style=\"background-color:rgba(0, 0, 0, 0)\" class=\"has-inline-color has-accent-2-color\"><mark style=\"background-color:rgba(0, 0, 0, 0)\" class=\"has-inline-color has-accent-2-color\"><mark style=\"background-color:rgba(0, 0, 0, 0)\" class=\"has-inline-color has-accent-2-color\"><mark style=\"background-color:rgba(0, 0, 0, 0)\" class=\"has-inline-color has-accent-2-color\"><mark style=\"background-color:rgba(0, 0, 0, 0)\" class=\"has-inline-color has-accent-2-color\">(derri\u00e8re la gare de Vallorcine terminus)<\/mark><\/mark><\/mark><\/mark><\/mark><\/mark><\/li>\n<\/ul>\n\n\n\n<div class=\"wp-block-buttons is-layout-flex wp-block-buttons-is-layout-flex\">\n<div class=\"wp-block-button\"><a class=\"wp-block-button__link has-accent-2-background-color has-background wp-element-button\" href=\"https:\/\/www.helloasso.com\/associations\/la-nuit-des-ours\/evenements\/ateliers-du-5-au-12-aout-edition-2025\" style=\"border-radius:0px\">S&rsquo;inscrire<\/a><\/div>\n<\/div>\n<\/div>\n\n\n\n<div class=\"wp-block-column is-vertically-aligned-center is-layout-flow wp-block-column-is-layout-flow\"><div class=\"wp-block-image\">\n<figure class=\"aligncenter size-full is-resized\"><img loading=\"lazy\" decoding=\"async\" width=\"1000\" height=\"1000\" src=\"https:\/\/nuit-des-ours.com\/wp-content\/uploads\/2025\/07\/dosoung-2-1000x1000-1.jpeg\" alt=\"\" class=\"wp-image-4099\" style=\"width:400px\" srcset=\"https:\/\/lanuitdesours.lautre.net\/wp-content\/uploads\/2025\/07\/dosoung-2-1000x1000-1.jpeg 1000w, https:\/\/lanuitdesours.lautre.net\/wp-content\/uploads\/2025\/07\/dosoung-2-1000x1000-1-300x300.jpeg 300w, https:\/\/lanuitdesours.lautre.net\/wp-content\/uploads\/2025\/07\/dosoung-2-1000x1000-1-150x150.jpeg 150w, https:\/\/lanuitdesours.lautre.net\/wp-content\/uploads\/2025\/07\/dosoung-2-1000x1000-1-768x768.jpeg 768w\" sizes=\"auto, (max-width: 1000px) 100vw, 1000px\" \/><\/figure>\n<\/div><\/div>\n<\/div>\n\n\n\n<div class=\"wp-block-columns is-layout-flex wp-container-core-columns-is-layout-8f761849 wp-block-columns-is-layout-flex\">\n<div class=\"wp-block-column is-vertically-aligned-center is-layout-flow wp-block-column-is-layout-flow\">\n<h3 class=\"wp-block-heading\">Chant spontan\u00e9<\/h3>\n\n\n\n<p class=\"wp-block-paragraph\"><mark style=\"background-color:rgba(0, 0, 0, 0)\" class=\"has-inline-color has-accent-1-color\">Avec <strong>Estelle Giordani<\/strong> cheffe de ch\u0153ur du chant des sycomores<br>et musicienne de la vall\u00e9e (voir aussi sa \u00ab sieste musicale<br>\u00bb)<\/mark><\/p>\n\n\n\n<p class=\"wp-block-paragraph\">C\u2019est une pratique relaxante du chant spontan\u00e9 en collectif entre l\u00e2cher-prise et conscience vibratoire. Pour vibrer, exp\u00e9rimenter et vivre le chant partag\u00e9 dans le moment. Sensitif, corporel, le chant est un partage, un moyen d\u2019expression, mais<br>aussi de soin.<\/p>\n\n\n\n<ul class=\"wp-block-list\">\n<li><mark style=\"background-color:rgba(0, 0, 0, 0)\" class=\"has-inline-color has-accent-2-color\">Samedi 9 ao\u00fbt \u00e0 14h30<\/mark><\/li>\n\n\n\n<li><mark style=\"background-color:rgba(0, 0, 0, 0)\" class=\"has-inline-color has-accent-2-color\"><mark style=\"background-color:rgba(0, 0, 0, 0)\" class=\"has-inline-color has-accent-2-color\">Rendez-vous aux Edelweiss <mark style=\"background-color:rgba(0, 0, 0, 0)\" class=\"has-inline-color has-accent-2-color\"><mark style=\"background-color:rgba(0, 0, 0, 0)\" class=\"has-inline-color has-accent-2-color\"><mark style=\"background-color:rgba(0, 0, 0, 0)\" class=\"has-inline-color has-accent-2-color\"><mark style=\"background-color:rgba(0, 0, 0, 0)\" class=\"has-inline-color has-accent-2-color\"><mark style=\"background-color:rgba(0, 0, 0, 0)\" class=\"has-inline-color has-accent-2-color\">(derri\u00e8re la gare de Vallorcine terminus)<\/mark><\/mark><\/mark><\/mark><\/mark><\/mark><\/mark><\/li>\n\n\n\n<li><mark style=\"background-color:rgba(0, 0, 0, 0)\" class=\"has-inline-color has-accent-2-color\">\u00c0 partir de 8 ans<\/mark><\/li>\n\n\n\n<li><mark style=\"background-color:rgba(0, 0, 0, 0)\" class=\"has-inline-color has-accent-2-color\">Atelier de pratique collective, aucun pr\u00e9-requis n\u00e9cessaire<\/mark><\/li>\n<\/ul>\n\n\n\n<div class=\"wp-block-buttons is-layout-flex wp-block-buttons-is-layout-flex\">\n<div class=\"wp-block-button\"><a class=\"wp-block-button__link has-accent-2-background-color has-background wp-element-button\" href=\"https:\/\/www.helloasso.com\/associations\/la-nuit-des-ours\/evenements\/ateliers-du-5-au-12-aout-edition-2025\" style=\"border-radius:0px\">S&rsquo;inscrire<\/a><\/div>\n<\/div>\n<\/div>\n\n\n\n<div class=\"wp-block-column is-vertically-aligned-center is-layout-flow wp-block-column-is-layout-flow\"><div class=\"wp-block-image\">\n<figure class=\"aligncenter size-medium is-resized\"><img loading=\"lazy\" decoding=\"async\" width=\"300\" height=\"169\" src=\"https:\/\/nuit-des-ours.com\/wp-content\/uploads\/2025\/07\/Estelle-Giordani-Copyright-Charlotte-Brasseau-6-300x169.jpg\" alt=\"\" class=\"wp-image-4100\" style=\"width:400px\" srcset=\"https:\/\/lanuitdesours.lautre.net\/wp-content\/uploads\/2025\/07\/Estelle-Giordani-Copyright-Charlotte-Brasseau-6-300x169.jpg 300w, https:\/\/lanuitdesours.lautre.net\/wp-content\/uploads\/2025\/07\/Estelle-Giordani-Copyright-Charlotte-Brasseau-6-1024x576.jpg 1024w, https:\/\/lanuitdesours.lautre.net\/wp-content\/uploads\/2025\/07\/Estelle-Giordani-Copyright-Charlotte-Brasseau-6-768x432.jpg 768w, https:\/\/lanuitdesours.lautre.net\/wp-content\/uploads\/2025\/07\/Estelle-Giordani-Copyright-Charlotte-Brasseau-6-1536x864.jpg 1536w, https:\/\/lanuitdesours.lautre.net\/wp-content\/uploads\/2025\/07\/Estelle-Giordani-Copyright-Charlotte-Brasseau-6-2048x1152.jpg 2048w, https:\/\/lanuitdesours.lautre.net\/wp-content\/uploads\/2025\/07\/Estelle-Giordani-Copyright-Charlotte-Brasseau-6-496x279.jpg 496w\" sizes=\"auto, (max-width: 300px) 100vw, 300px\" \/><\/figure>\n<\/div><\/div>\n<\/div>\n\n\n\n<div class=\"wp-block-columns is-layout-flex wp-container-core-columns-is-layout-8f761849 wp-block-columns-is-layout-flex\">\n<div class=\"wp-block-column is-vertically-aligned-center is-layout-flow wp-block-column-is-layout-flow\">\n<h3 class=\"wp-block-heading\">Barberine, un village de Vallorcine<\/h3>\n\n\n\n<p class=\"wp-block-paragraph\"><mark style=\"background-color:rgba(0, 0, 0, 0)\" class=\"has-inline-color has-accent-1-color\">Avec <strong>Xavier Dunand<\/strong> guide du patrimoine<\/mark><\/p>\n\n\n\n<p class=\"wp-block-paragraph\">Visite de l\u2019exposition sur le village de Barberine et d\u00e9couverte du hameau par une petite promenade.<\/p>\n\n\n\n<ul class=\"wp-block-list\">\n<li><mark style=\"background-color:rgba(0, 0, 0, 0)\" class=\"has-inline-color has-accent-2-color\">Samedi 9 ao\u00fbt de 17h \u00e0 19h<\/mark><\/li>\n\n\n\n<li><mark style=\"background-color:rgba(0, 0, 0, 0)\" class=\"has-inline-color has-accent-2-color\">Rendez-vous \u00e0 la Maison de Barberine, Vallorcine<\/mark><\/li>\n<\/ul>\n\n\n\n<div class=\"wp-block-buttons is-layout-flex wp-block-buttons-is-layout-flex\">\n<div class=\"wp-block-button\"><a class=\"wp-block-button__link has-accent-2-background-color has-background wp-element-button\" href=\"https:\/\/www.helloasso.com\/associations\/la-nuit-des-ours\/evenements\/ateliers-du-5-au-12-aout-edition-2025\" style=\"border-radius:0px\" target=\"_blank\" rel=\"noreferrer noopener\">S&rsquo;inscrire<\/a><\/div>\n<\/div>\n<\/div>\n\n\n\n<div class=\"wp-block-column is-vertically-aligned-center is-layout-flow wp-block-column-is-layout-flow\"><div class=\"wp-block-image\">\n<figure class=\"aligncenter size-medium is-resized\"><img loading=\"lazy\" decoding=\"async\" width=\"300\" height=\"198\" src=\"https:\/\/nuit-des-ours.com\/wp-content\/uploads\/2025\/07\/Barberine_LeHameau_2-300x198.png\" alt=\"\" class=\"wp-image-4101\" style=\"width:400px\" srcset=\"https:\/\/lanuitdesours.lautre.net\/wp-content\/uploads\/2025\/07\/Barberine_LeHameau_2-300x198.png 300w, https:\/\/lanuitdesours.lautre.net\/wp-content\/uploads\/2025\/07\/Barberine_LeHameau_2-1024x675.png 1024w, https:\/\/lanuitdesours.lautre.net\/wp-content\/uploads\/2025\/07\/Barberine_LeHameau_2-768x506.png 768w, https:\/\/lanuitdesours.lautre.net\/wp-content\/uploads\/2025\/07\/Barberine_LeHameau_2-1536x1012.png 1536w, https:\/\/lanuitdesours.lautre.net\/wp-content\/uploads\/2025\/07\/Barberine_LeHameau_2-2048x1350.png 2048w, https:\/\/lanuitdesours.lautre.net\/wp-content\/uploads\/2025\/07\/Barberine_LeHameau_2-455x300.png 455w\" sizes=\"auto, (max-width: 300px) 100vw, 300px\" \/><\/figure>\n<\/div><\/div>\n<\/div>\n\n\n\n<div class=\"wp-block-columns is-layout-flex wp-container-core-columns-is-layout-8f761849 wp-block-columns-is-layout-flex\">\n<div class=\"wp-block-column is-vertically-aligned-center is-layout-flow wp-block-column-is-layout-flow\">\n<h3 class=\"wp-block-heading\">Le ciel et les \u00e9toiles<\/h3>\n\n\n\n<p class=\"wp-block-paragraph\"><mark style=\"background-color:rgba(0, 0, 0, 0)\" class=\"has-inline-color has-accent-1-color\">Avec <strong>Eric Courcier<\/strong> animateur\/m\u00e9diateur scientifique en astronomie<\/mark><\/p>\n\n\n\n<p class=\"wp-block-paragraph\">Observations en direct au t\u00e9lescope d\u2019amas globulaires, d\u2019\u00e9toiles et de galaxies mais aussi projection en \u00ab visuel assist\u00e9 \u00bb de n\u00e9buleuses et galaxies gr\u00e2ce \u00e0 un t\u00e9lescope \u00e9quip\u00e9 d\u2019une cam\u00e9ra. \u00c9galement au programme : pr\u00e9sentation de m\u00e9t\u00e9orites avec divers \u00ab cailloux \u00bb venus du ciel.<\/p>\n\n\n\n<ul class=\"wp-block-list\">\n<li><mark style=\"background-color:rgba(0, 0, 0, 0)\" class=\"has-inline-color has-accent-2-color\">Nuit du samedi 9 \u00e0 21h<\/mark><\/li>\n\n\n\n<li><mark style=\"background-color:rgba(0, 0, 0, 0)\" class=\"has-inline-color has-accent-2-color\"><mark style=\"background-color:rgba(0, 0, 0, 0)\" class=\"has-inline-color has-accent-2-color\"><mark style=\"background-color:rgba(0, 0, 0, 0)\" class=\"has-inline-color has-accent-2-color\">Rendez-vous aux Edelweiss <mark style=\"background-color:rgba(0, 0, 0, 0)\" class=\"has-inline-color has-accent-2-color\"><mark style=\"background-color:rgba(0, 0, 0, 0)\" class=\"has-inline-color has-accent-2-color\"><mark style=\"background-color:rgba(0, 0, 0, 0)\" class=\"has-inline-color has-accent-2-color\"><mark style=\"background-color:rgba(0, 0, 0, 0)\" class=\"has-inline-color has-accent-2-color\"><mark style=\"background-color:rgba(0, 0, 0, 0)\" class=\"has-inline-color has-accent-2-color\">(derri\u00e8re la gare de Vallorcine terminus)<\/mark><\/mark><\/mark><\/mark><\/mark><\/mark><\/mark><\/mark><\/li>\n\n\n\n<li><mark style=\"background-color:rgba(0, 0, 0, 0)\" class=\"has-inline-color has-accent-2-color\">Jusqu&rsquo;\u00e0 50 personnes.<\/mark><\/li>\n<\/ul>\n\n\n\n<div class=\"wp-block-buttons is-layout-flex wp-block-buttons-is-layout-flex\">\n<div class=\"wp-block-button\"><a class=\"wp-block-button__link has-accent-2-background-color has-background wp-element-button\" href=\"https:\/\/www.helloasso.com\/associations\/la-nuit-des-ours\/evenements\/ateliers-du-5-au-12-aout-edition-2025\" style=\"border-radius:0px\" target=\"_blank\" rel=\"noreferrer noopener\">S&rsquo;inscrire<\/a><\/div>\n<\/div>\n<\/div>\n\n\n\n<div class=\"wp-block-column is-vertically-aligned-center is-layout-flow wp-block-column-is-layout-flow\"><div class=\"wp-block-image\">\n<figure class=\"aligncenter size-medium is-resized\"><img loading=\"lazy\" decoding=\"async\" width=\"300\" height=\"200\" src=\"https:\/\/nuit-des-ours.com\/wp-content\/uploads\/2025\/07\/Courcier_Etoiles_clair-300x200.jpg\" alt=\"\" class=\"wp-image-4103\" style=\"width:400px\" srcset=\"https:\/\/lanuitdesours.lautre.net\/wp-content\/uploads\/2025\/07\/Courcier_Etoiles_clair-300x200.jpg 300w, https:\/\/lanuitdesours.lautre.net\/wp-content\/uploads\/2025\/07\/Courcier_Etoiles_clair-1024x682.jpg 1024w, https:\/\/lanuitdesours.lautre.net\/wp-content\/uploads\/2025\/07\/Courcier_Etoiles_clair-768x512.jpg 768w, https:\/\/lanuitdesours.lautre.net\/wp-content\/uploads\/2025\/07\/Courcier_Etoiles_clair-1536x1024.jpg 1536w, https:\/\/lanuitdesours.lautre.net\/wp-content\/uploads\/2025\/07\/Courcier_Etoiles_clair-450x300.jpg 450w, https:\/\/lanuitdesours.lautre.net\/wp-content\/uploads\/2025\/07\/Courcier_Etoiles_clair.jpg 2000w\" sizes=\"auto, (max-width: 300px) 100vw, 300px\" \/><\/figure>\n<\/div><\/div>\n<\/div>\n\n\n\n<div class=\"wp-block-columns is-layout-flex wp-container-core-columns-is-layout-8f761849 wp-block-columns-is-layout-flex\">\n<div class=\"wp-block-column is-vertically-aligned-center is-layout-flow wp-block-column-is-layout-flow\">\n<h3 class=\"wp-block-heading\">Jeux coop\u00e9ratifs de groupe<\/h3>\n\n\n\n<p class=\"wp-block-paragraph\"><mark style=\"background-color:rgba(0, 0, 0, 0)\" class=\"has-inline-color has-accent-1-color\">Avec <strong>Andr\u00e9 Larivi\u00e8re <\/strong>qu\u00e9b\u00e9cois mondialis\u00e9, militant, jardinier, \u00e9crivain et chansonnier au long cours<\/mark><\/p>\n\n\n\n<p class=\"wp-block-paragraph\">Ou comment casser la glace tr\u00e8s rapidement et en riant souvent de la belle image que l\u2019on tient toujours \u00e0 pr\u00e9senter aux autres.<br>Et comment apprendre \u00e0 accorder confiance jusqu\u2019\u00e0 se sentir dans une bande de vieux copains apr\u00e8s \u00e0 peine quelques heures ensemble.<\/p>\n\n\n\n<ul class=\"wp-block-list\">\n<li><mark style=\"background-color:rgba(0, 0, 0, 0)\" class=\"has-inline-color has-accent-2-color\">Dimanche 10 ao\u00fbt de 10h \u00e0 12h<\/mark><\/li>\n\n\n\n<li><mark style=\"background-color:rgba(0, 0, 0, 0)\" class=\"has-inline-color has-accent-2-color\"><mark style=\"background-color:rgba(0, 0, 0, 0)\" class=\"has-inline-color has-accent-2-color\"><mark style=\"background-color:rgba(0, 0, 0, 0)\" class=\"has-inline-color has-accent-2-color\"><mark style=\"background-color:rgba(0, 0, 0, 0)\" class=\"has-inline-color has-accent-2-color\"><mark style=\"background-color:rgba(0, 0, 0, 0)\" class=\"has-inline-color has-accent-2-color\"><mark style=\"background-color:rgba(0, 0, 0, 0)\" class=\"has-inline-color has-accent-2-color\"> Rendez-vous aux<\/mark> Edelweiss <mark style=\"background-color:rgba(0, 0, 0, 0)\" class=\"has-inline-color has-accent-2-color\"><mark style=\"background-color:rgba(0, 0, 0, 0)\" class=\"has-inline-color has-accent-2-color\"><mark style=\"background-color:rgba(0, 0, 0, 0)\" class=\"has-inline-color has-accent-2-color\"><mark style=\"background-color:rgba(0, 0, 0, 0)\" class=\"has-inline-color has-accent-2-color\"><mark style=\"background-color:rgba(0, 0, 0, 0)\" class=\"has-inline-color has-accent-2-color\">(derri\u00e8re la gare de Vallorcine terminus)<\/mark><\/mark><\/mark><\/mark><\/mark><\/mark><\/mark><\/mark><\/mark><\/mark><\/li>\n\n\n\n<li><mark style=\"background-color:rgba(0, 0, 0, 0)\" class=\"has-inline-color has-accent-2-color\">Jusqu&rsquo;\u00e0 25 participants<\/mark><\/li>\n\n\n\n<li><mark style=\"background-color:rgba(0, 0, 0, 0)\" class=\"has-inline-color has-accent-2-color\">A partir de 14 ans<\/mark><\/li>\n<\/ul>\n\n\n\n<div class=\"wp-block-buttons is-layout-flex wp-block-buttons-is-layout-flex\">\n<div class=\"wp-block-button\"><a class=\"wp-block-button__link has-accent-2-background-color has-background wp-element-button\" href=\"https:\/\/www.helloasso.com\/associations\/la-nuit-des-ours\/evenements\/ateliers-du-5-au-12-aout-edition-2025\" style=\"border-radius:0px\" target=\"_blank\" rel=\"noreferrer noopener\">S&rsquo;inscrire<\/a><\/div>\n<\/div>\n<\/div>\n\n\n\n<div class=\"wp-block-column is-vertically-aligned-center is-layout-flow wp-block-column-is-layout-flow\"><div class=\"wp-block-image\">\n<figure class=\"aligncenter size-medium is-resized\"><img loading=\"lazy\" decoding=\"async\" width=\"300\" height=\"200\" src=\"https:\/\/nuit-des-ours.com\/wp-content\/uploads\/2025\/07\/AndreLariviere_jardin-300x200.jpeg\" alt=\"\" class=\"wp-image-4104\" style=\"width:400px\" srcset=\"https:\/\/lanuitdesours.lautre.net\/wp-content\/uploads\/2025\/07\/AndreLariviere_jardin-300x200.jpeg 300w, https:\/\/lanuitdesours.lautre.net\/wp-content\/uploads\/2025\/07\/AndreLariviere_jardin-1024x683.jpeg 1024w, https:\/\/lanuitdesours.lautre.net\/wp-content\/uploads\/2025\/07\/AndreLariviere_jardin-768x512.jpeg 768w, https:\/\/lanuitdesours.lautre.net\/wp-content\/uploads\/2025\/07\/AndreLariviere_jardin-450x300.jpeg 450w, https:\/\/lanuitdesours.lautre.net\/wp-content\/uploads\/2025\/07\/AndreLariviere_jardin.jpeg 1200w\" sizes=\"auto, (max-width: 300px) 100vw, 300px\" \/><\/figure>\n<\/div><\/div>\n<\/div>\n\n\n\n<div class=\"wp-block-columns is-layout-flex wp-container-core-columns-is-layout-8f761849 wp-block-columns-is-layout-flex\">\n<div class=\"wp-block-column is-vertically-aligned-center is-layout-flow wp-block-column-is-layout-flow\">\n<h3 class=\"wp-block-heading\">Aquarelle<\/h3>\n\n\n\n<p class=\"wp-block-paragraph\"><mark style=\"background-color:rgba(0, 0, 0, 0)\" class=\"has-inline-color has-accent-1-color\">Avec <strong><a href=\"https:\/\/nuit-des-ours.com\/2024\/les-arts-du-chemin\/\">Somayeh Pakar<\/a><\/strong> artiste peintre<\/mark><\/p>\n\n\n\n<p class=\"wp-block-paragraph\">Un atelier session d\u2019aquarelle o\u00f9 Somayeh enseignera la pratique de la lumi\u00e8re naturelle et des couleurs, en utilisant des fleurs, des feuilles ou tout autre \u00e9l\u00e9ment de la nature.<\/p>\n\n\n\n<ul class=\"wp-block-list\">\n<li><mark style=\"background-color:rgba(0, 0, 0, 0)\" class=\"has-inline-color has-accent-2-color\">Dimanche 10 ao\u00fbt de 14h \u00e0 16h<\/mark><\/li>\n\n\n\n<li><mark style=\"background-color:rgba(0, 0, 0, 0)\" class=\"has-inline-color has-accent-2-color\">Rendez-vous aux Edelweiss <mark style=\"background-color:rgba(0, 0, 0, 0)\" class=\"has-inline-color has-accent-2-color\"><mark style=\"background-color:rgba(0, 0, 0, 0)\" class=\"has-inline-color has-accent-2-color\"><mark style=\"background-color:rgba(0, 0, 0, 0)\" class=\"has-inline-color has-accent-2-color\"><mark style=\"background-color:rgba(0, 0, 0, 0)\" class=\"has-inline-color has-accent-2-color\"><mark style=\"background-color:rgba(0, 0, 0, 0)\" class=\"has-inline-color has-accent-2-color\">(derri\u00e8re la gare de Vallorcine terminus)<\/mark><\/mark><\/mark><\/mark><\/mark><\/mark><\/li>\n<\/ul>\n\n\n\n<div class=\"wp-block-buttons is-layout-flex wp-block-buttons-is-layout-flex\">\n<div class=\"wp-block-button\"><a class=\"wp-block-button__link has-accent-2-background-color has-background wp-element-button\" href=\"https:\/\/www.helloasso.com\/associations\/la-nuit-des-ours\/evenements\/ateliers-du-5-au-12-aout-edition-2025\" style=\"border-radius:0px\" target=\"_blank\" rel=\"noreferrer noopener\">S&rsquo;inscrire<\/a><\/div>\n<\/div>\n<\/div>\n\n\n\n<div class=\"wp-block-column is-vertically-aligned-center is-layout-flow wp-block-column-is-layout-flow\"><div class=\"wp-block-image\">\n<figure class=\"aligncenter size-medium\"><img loading=\"lazy\" decoding=\"async\" width=\"259\" height=\"300\" src=\"https:\/\/nuit-des-ours.com\/wp-content\/uploads\/2024\/07\/SomayehPakar-e1722227803775-259x300.jpg\" alt=\"Arts du chemin Somayeh Pakar\" class=\"wp-image-3544\" style=\"object-fit:cover\" srcset=\"https:\/\/lanuitdesours.lautre.net\/wp-content\/uploads\/2024\/07\/SomayehPakar-e1722227803775-259x300.jpg 259w, https:\/\/lanuitdesours.lautre.net\/wp-content\/uploads\/2024\/07\/SomayehPakar-e1722227803775.jpg 354w\" sizes=\"auto, (max-width: 259px) 100vw, 259px\" \/><\/figure>\n<\/div><\/div>\n<\/div>\n\n\n\n<div class=\"wp-block-columns is-layout-flex wp-container-core-columns-is-layout-8f761849 wp-block-columns-is-layout-flex\">\n<div class=\"wp-block-column is-vertically-aligned-center is-layout-flow wp-block-column-is-layout-flow\">\n<h3 class=\"wp-block-heading\">D\u00e9gustation intuitive de vins nature<\/h3>\n\n\n\n<p class=\"wp-block-paragraph\"><mark style=\"background-color:rgba(0, 0, 0, 0)\" class=\"has-inline-color has-accent-1-color\">Avec <strong>Marta Bucci<\/strong>, oenophile passionn\u00e9e du vivant et du dansant<\/mark><\/p>\n\n\n\n<p class=\"wp-block-paragraph\">Le monde du vin comme un jardin d\u2019infinies possibilit\u00e9s. <br>D\u00e9gustation \u00e0 l\u2019heure de l\u2019ap\u00e9ro.<\/p>\n\n\n\n<ul class=\"wp-block-list\">\n<li><mark style=\"background-color:rgba(0, 0, 0, 0)\" class=\"has-inline-color has-accent-2-color\">Dimanche 10 ao\u00fbt de 17h \u00e0 19h<\/mark><\/li>\n\n\n\n<li><mark style=\"background-color:rgba(0, 0, 0, 0)\" class=\"has-inline-color has-accent-2-color\"><mark style=\"background-color:rgba(0, 0, 0, 0)\" class=\"has-inline-color has-accent-2-color\"><mark style=\"background-color:rgba(0, 0, 0, 0)\" class=\"has-inline-color has-accent-2-color\"><mark style=\"background-color:rgba(0, 0, 0, 0)\" class=\"has-inline-color has-accent-2-color\"><mark style=\"background-color:rgba(0, 0, 0, 0)\" class=\"has-inline-color has-accent-2-color\"><mark style=\"background-color:rgba(0, 0, 0, 0)\" class=\"has-inline-color has-accent-2-color\">Rendez-vous aux Edelweiss<\/mark> (derri\u00e8re la gare de Vallorcine terminus)<\/mark><\/mark><\/mark><\/mark><\/mark><\/li>\n<\/ul>\n\n\n\n<div class=\"wp-block-buttons is-layout-flex wp-block-buttons-is-layout-flex\">\n<div class=\"wp-block-button\"><a class=\"wp-block-button__link has-accent-2-background-color has-background wp-element-button\" href=\"https:\/\/www.helloasso.com\/associations\/la-nuit-des-ours\/evenements\/ateliers-du-5-au-12-aout-edition-2025\" style=\"border-radius:0px\">S&rsquo;inscrire<\/a><\/div>\n<\/div>\n<\/div>\n\n\n\n<div class=\"wp-block-column is-vertically-aligned-center is-layout-flow wp-block-column-is-layout-flow\"><div class=\"wp-block-image\">\n<figure class=\"aligncenter size-medium\"><img loading=\"lazy\" decoding=\"async\" width=\"300\" height=\"300\" src=\"https:\/\/nuit-des-ours.com\/wp-content\/uploads\/2024\/07\/martavini_collejano-300x300.png\" alt=\"\" class=\"wp-image-3752\" style=\"object-fit:cover\" srcset=\"https:\/\/lanuitdesours.lautre.net\/wp-content\/uploads\/2024\/07\/martavini_collejano-300x300.png 300w, https:\/\/lanuitdesours.lautre.net\/wp-content\/uploads\/2024\/07\/martavini_collejano-1024x1022.png 1024w, https:\/\/lanuitdesours.lautre.net\/wp-content\/uploads\/2024\/07\/martavini_collejano-150x150.png 150w, https:\/\/lanuitdesours.lautre.net\/wp-content\/uploads\/2024\/07\/martavini_collejano-768x767.png 768w, https:\/\/lanuitdesours.lautre.net\/wp-content\/uploads\/2024\/07\/martavini_collejano-301x300.png 301w, https:\/\/lanuitdesours.lautre.net\/wp-content\/uploads\/2024\/07\/martavini_collejano.png 1127w\" sizes=\"auto, (max-width: 300px) 100vw, 300px\" \/><\/figure>\n<\/div><\/div>\n<\/div>\n\n\n\n<div class=\"wp-block-columns is-layout-flex wp-container-core-columns-is-layout-8f761849 wp-block-columns-is-layout-flex\">\n<div class=\"wp-block-column is-vertically-aligned-center is-layout-flow wp-block-column-is-layout-flow\">\n<h3 class=\"wp-block-heading\">R\u00e9flexion et d\u00e9bat sur la non-violence<\/h3>\n\n\n\n<p class=\"wp-block-paragraph\"><mark style=\"background-color:rgba(0, 0, 0, 0)\" class=\"has-inline-color has-accent-1-color\">Avec <strong>Andr\u00e9 Larivi\u00e8re <\/strong>qu\u00e9b\u00e9cois mondialis\u00e9, militant, jardinier, \u00e9crivain et chansonnier au long cours<\/mark><\/p>\n\n\n\n<p class=\"wp-block-paragraph\">Peut-on douter de son efficacit\u00e9 ? Un certain ang\u00e9lisme\u2026?<br>A-t-on vraiment d\u2019autres choix si on veut survivre ? L\u2019humanit\u00e9 actuelle est-elle assez \u00ab mature \u00bb pour l\u2019esprit et les moyens qu\u2019offre la non-violence ?<br>Introduction avec pr\u00e9sentation th\u00e9matique. Suivi d\u2019\u00e9changes \u00ab \u00e0 b\u00e2tons rompus \u00bb\u2026<\/p>\n\n\n\n<ul class=\"wp-block-list\">\n<li><mark style=\"background-color:rgba(0, 0, 0, 0)\" class=\"has-inline-color has-accent-2-color\">Mardi 12 ao\u00fbt de 10h \u00e0 12h<\/mark><\/li>\n\n\n\n<li><mark style=\"background-color:rgba(0, 0, 0, 0)\" class=\"has-inline-color has-accent-2-color\"><mark style=\"background-color:rgba(0, 0, 0, 0)\" class=\"has-inline-color has-accent-2-color\"><mark style=\"background-color:rgba(0, 0, 0, 0)\" class=\"has-inline-color has-accent-2-color\"><mark style=\"background-color:rgba(0, 0, 0, 0)\" class=\"has-inline-color has-accent-2-color\"><mark style=\"background-color:rgba(0, 0, 0, 0)\" class=\"has-inline-color has-accent-2-color\"><mark style=\"background-color:rgba(0, 0, 0, 0)\" class=\"has-inline-color has-accent-2-color\">Rendez-vous aux<\/mark> Edelweiss (derri\u00e8re la gare de Vallorcine)<\/mark><\/mark><\/mark><\/mark><\/mark><\/li>\n<\/ul>\n\n\n\n<div class=\"wp-block-buttons is-layout-flex wp-block-buttons-is-layout-flex\">\n<div class=\"wp-block-button\"><a class=\"wp-block-button__link has-accent-2-background-color has-background wp-element-button\" href=\"https:\/\/www.helloasso.com\/associations\/la-nuit-des-ours\/evenements\/ateliers-du-5-au-12-aout-edition-2025\" style=\"border-radius:0px\">S&rsquo;inscrire<\/a><\/div>\n<\/div>\n<\/div>\n\n\n\n<div class=\"wp-block-column is-vertically-aligned-center is-layout-flow wp-block-column-is-layout-flow\"><div class=\"wp-block-image\">\n<figure class=\"aligncenter size-medium is-resized\"><img loading=\"lazy\" decoding=\"async\" width=\"300\" height=\"200\" src=\"https:\/\/nuit-des-ours.com\/wp-content\/uploads\/2025\/07\/AndreLariviere_jardin-300x200.jpeg\" alt=\"\" class=\"wp-image-4104\" style=\"width:400px\" srcset=\"https:\/\/lanuitdesours.lautre.net\/wp-content\/uploads\/2025\/07\/AndreLariviere_jardin-300x200.jpeg 300w, https:\/\/lanuitdesours.lautre.net\/wp-content\/uploads\/2025\/07\/AndreLariviere_jardin-1024x683.jpeg 1024w, https:\/\/lanuitdesours.lautre.net\/wp-content\/uploads\/2025\/07\/AndreLariviere_jardin-768x512.jpeg 768w, https:\/\/lanuitdesours.lautre.net\/wp-content\/uploads\/2025\/07\/AndreLariviere_jardin-450x300.jpeg 450w, https:\/\/lanuitdesours.lautre.net\/wp-content\/uploads\/2025\/07\/AndreLariviere_jardin.jpeg 1200w\" sizes=\"auto, (max-width: 300px) 100vw, 300px\" \/><\/figure>\n<\/div><\/div>\n<\/div>\n\n\n\n<div style=\"height:50px\" aria-hidden=\"true\" class=\"wp-block-spacer\"><\/div>\n\n\n\n<h4 class=\"wp-block-heading has-background\" style=\"background-color:#e29e0061\">Pour s&rsquo;inscrire aux ateliers, c&rsquo;est ici :<\/h4>\n\n\n<p><iframe id=\"haWidget\" allowtransparency=\"true\" scrolling=\"auto\" src=\"https:\/\/www.helloasso.com\/associations\/la-nuit-des-ours\/evenements\/ateliers-du-5-au-12-aout-edition-2025\/widget\" style=\"width: 100%; height: 750px; border: none;\"><\/iframe><\/p>\n","protected":false},"excerpt":{"rendered":"<p>24 ATELIERS DU 5 AU 12 AO\u00dbT 2025. Bien-\u00eatre, musique, h\u00e9ritage vallorcin, \u0153nologie\u2026 il y en a pour tous les go\u00fbts ! 5 \u20ac tarif unique enfant\/adulte, inscription obligatoire (jauges limit\u00e9es). <\/p>\n","protected":false},"author":1,"featured_media":4173,"comment_status":"closed","ping_status":"closed","sticky":false,"template":"","format":"standard","meta":{"footnotes":""},"categories":[62],"tags":[50],"class_list":["post-4096","post","type-post","status-publish","format-standard","has-post-thumbnail","hentry","category-edition-2025","tag-ateliers"],"yoast_head":"<!-- This site is optimized with the Yoast SEO plugin v28.3 - https:\/\/yoast.com\/product\/yoast-seo-wordpress\/ -->\n<title>Les Ateliers - La Nuit des Ours Edition 2025<\/title>\n<meta name=\"description\" content=\"24 ATELIERS DU 5 AU 12 AO\u00dbT 2025. Bien-\u00eatre, musique, h\u00e9ritage vallorcin, \u0153nologie\u2026 il y en a pour tous les go\u00fbts !\" \/>\n<meta name=\"robots\" content=\"index, follow, max-snippet:-1, max-image-preview:large, max-video-preview:-1\" \/>\n<link rel=\"canonical\" href=\"https:\/\/lanuitdesours.lautre.net\/?p=4096\" \/>\n<meta property=\"og:locale\" content=\"fr_FR\" \/>\n<meta property=\"og:type\" content=\"article\" \/>\n<meta property=\"og:title\" content=\"Les Ateliers - La Nuit des Ours Edition 2025\" \/>\n<meta property=\"og:description\" content=\"24 ATELIERS DU 5 AU 12 AO\u00dbT 2025. Bien-\u00eatre, musique, h\u00e9ritage vallorcin, \u0153nologie\u2026 il y en a pour tous les go\u00fbts !\" \/>\n<meta property=\"og:url\" content=\"https:\/\/lanuitdesours.lautre.net\/?p=4096\" \/>\n<meta property=\"og:site_name\" content=\"La Nuit des Ours\" \/>\n<meta property=\"article:publisher\" content=\"https:\/\/www.facebook.com\/lanuitdesours\/\" \/>\n<meta property=\"article:published_time\" content=\"2025-07-19T03:19:03+00:00\" \/>\n<meta property=\"article:modified_time\" content=\"2025-07-28T16:06:40+00:00\" \/>\n<meta property=\"og:image\" content=\"https:\/\/lanuitdesours.lautre.net\/wp-content\/uploads\/2025\/07\/Atelier_Vannerie_2024-scaled-e1753488617601.jpg\" \/>\n\t<meta property=\"og:image:width\" content=\"1440\" \/>\n\t<meta property=\"og:image:height\" content=\"1084\" \/>\n\t<meta property=\"og:image:type\" content=\"image\/jpeg\" \/>\n<meta name=\"author\" content=\"Cr\u00e9er c&#039;est R\u00e9sister\" \/>\n<meta name=\"twitter:card\" content=\"summary_large_image\" \/>\n<meta name=\"twitter:label1\" content=\"\u00c9crit par\" \/>\n\t<meta name=\"twitter:data1\" content=\"Cr\u00e9er c&#039;est R\u00e9sister\" \/>\n\t<meta name=\"twitter:label2\" content=\"Dur\u00e9e de lecture estim\u00e9e\" \/>\n\t<meta name=\"twitter:data2\" content=\"12 minutes\" \/>\n<script type=\"application\/ld+json\" class=\"yoast-schema-graph\">{\"@context\":\"https:\\\/\\\/schema.org\",\"@graph\":[{\"@type\":\"Article\",\"@id\":\"https:\\\/\\\/lanuitdesours.lautre.net\\\/?p=4096#article\",\"isPartOf\":{\"@id\":\"https:\\\/\\\/lanuitdesours.lautre.net\\\/?p=4096\"},\"author\":{\"name\":\"Cr\u00e9er c'est R\u00e9sister\",\"@id\":\"https:\\\/\\\/lanuitdesours.lautre.net\\\/#\\\/schema\\\/person\\\/1f4500f2f631d9916d6b39f1c0ba934c\"},\"headline\":\"Les Ateliers\",\"datePublished\":\"2025-07-19T03:19:03+00:00\",\"dateModified\":\"2025-07-28T16:06:40+00:00\",\"mainEntityOfPage\":{\"@id\":\"https:\\\/\\\/lanuitdesours.lautre.net\\\/?p=4096\"},\"wordCount\":1788,\"publisher\":{\"@id\":\"https:\\\/\\\/lanuitdesours.lautre.net\\\/#organization\"},\"image\":{\"@id\":\"https:\\\/\\\/lanuitdesours.lautre.net\\\/?p=4096#primaryimage\"},\"thumbnailUrl\":\"https:\\\/\\\/lanuitdesours.lautre.net\\\/wp-content\\\/uploads\\\/2025\\\/07\\\/Atelier_Vannerie_2024-scaled-e1753488617601.jpg\",\"keywords\":[\"ATELIERS\"],\"articleSection\":[\"Edition 2025\"],\"inLanguage\":\"fr-FR\"},{\"@type\":\"WebPage\",\"@id\":\"https:\\\/\\\/lanuitdesours.lautre.net\\\/?p=4096\",\"url\":\"https:\\\/\\\/lanuitdesours.lautre.net\\\/?p=4096\",\"name\":\"Les Ateliers - La Nuit des Ours Edition 2025\",\"isPartOf\":{\"@id\":\"https:\\\/\\\/lanuitdesours.lautre.net\\\/#website\"},\"primaryImageOfPage\":{\"@id\":\"https:\\\/\\\/lanuitdesours.lautre.net\\\/?p=4096#primaryimage\"},\"image\":{\"@id\":\"https:\\\/\\\/lanuitdesours.lautre.net\\\/?p=4096#primaryimage\"},\"thumbnailUrl\":\"https:\\\/\\\/lanuitdesours.lautre.net\\\/wp-content\\\/uploads\\\/2025\\\/07\\\/Atelier_Vannerie_2024-scaled-e1753488617601.jpg\",\"datePublished\":\"2025-07-19T03:19:03+00:00\",\"dateModified\":\"2025-07-28T16:06:40+00:00\",\"description\":\"24 ATELIERS DU 5 AU 12 AO\u00dbT 2025. Bien-\u00eatre, musique, h\u00e9ritage vallorcin, \u0153nologie\u2026 il y en a pour tous les go\u00fbts !\",\"breadcrumb\":{\"@id\":\"https:\\\/\\\/lanuitdesours.lautre.net\\\/?p=4096#breadcrumb\"},\"inLanguage\":\"fr-FR\",\"potentialAction\":[{\"@type\":\"ReadAction\",\"target\":[\"https:\\\/\\\/lanuitdesours.lautre.net\\\/?p=4096\"]}]},{\"@type\":\"ImageObject\",\"inLanguage\":\"fr-FR\",\"@id\":\"https:\\\/\\\/lanuitdesours.lautre.net\\\/?p=4096#primaryimage\",\"url\":\"https:\\\/\\\/lanuitdesours.lautre.net\\\/wp-content\\\/uploads\\\/2025\\\/07\\\/Atelier_Vannerie_2024-scaled-e1753488617601.jpg\",\"contentUrl\":\"https:\\\/\\\/lanuitdesours.lautre.net\\\/wp-content\\\/uploads\\\/2025\\\/07\\\/Atelier_Vannerie_2024-scaled-e1753488617601.jpg\",\"width\":1440,\"height\":1084},{\"@type\":\"BreadcrumbList\",\"@id\":\"https:\\\/\\\/lanuitdesours.lautre.net\\\/?p=4096#breadcrumb\",\"itemListElement\":[{\"@type\":\"ListItem\",\"position\":1,\"name\":\"Accueil\",\"item\":\"https:\\\/\\\/lanuitdesours.lautre.net\\\/\"},{\"@type\":\"ListItem\",\"position\":2,\"name\":\"Les Ateliers\"}]},{\"@type\":\"WebSite\",\"@id\":\"https:\\\/\\\/lanuitdesours.lautre.net\\\/#website\",\"url\":\"https:\\\/\\\/lanuitdesours.lautre.net\\\/\",\"name\":\"La Nuit des Ours\",\"description\":\"CR\u00c9ER C&#039;EST R\u00c9SISTER | R\u00c9SISTER C&#039;EST CR\u00c9ER\",\"publisher\":{\"@id\":\"https:\\\/\\\/lanuitdesours.lautre.net\\\/#organization\"},\"potentialAction\":[{\"@type\":\"SearchAction\",\"target\":{\"@type\":\"EntryPoint\",\"urlTemplate\":\"https:\\\/\\\/lanuitdesours.lautre.net\\\/?s={search_term_string}\"},\"query-input\":{\"@type\":\"PropertyValueSpecification\",\"valueRequired\":true,\"valueName\":\"search_term_string\"}}],\"inLanguage\":\"fr-FR\"},{\"@type\":\"Organization\",\"@id\":\"https:\\\/\\\/lanuitdesours.lautre.net\\\/#organization\",\"name\":\"Association LA NUIT DES OURS\",\"url\":\"https:\\\/\\\/lanuitdesours.lautre.net\\\/\",\"logo\":{\"@type\":\"ImageObject\",\"inLanguage\":\"fr-FR\",\"@id\":\"https:\\\/\\\/lanuitdesours.lautre.net\\\/#\\\/schema\\\/logo\\\/image\\\/\",\"url\":\"https:\\\/\\\/nuit-des-ours.com\\\/wp-content\\\/uploads\\\/2022\\\/07\\\/cropped-NDO_logo-noir_jaune.jpg\",\"contentUrl\":\"https:\\\/\\\/nuit-des-ours.com\\\/wp-content\\\/uploads\\\/2022\\\/07\\\/cropped-NDO_logo-noir_jaune.jpg\",\"width\":512,\"height\":512,\"caption\":\"Association LA NUIT DES OURS\"},\"image\":{\"@id\":\"https:\\\/\\\/lanuitdesours.lautre.net\\\/#\\\/schema\\\/logo\\\/image\\\/\"},\"sameAs\":[\"https:\\\/\\\/www.facebook.com\\\/lanuitdesours\\\/\",\"https:\\\/\\\/www.instagram.com\\\/lanuitdesours\\\/\"]},{\"@type\":\"Person\",\"@id\":\"https:\\\/\\\/lanuitdesours.lautre.net\\\/#\\\/schema\\\/person\\\/1f4500f2f631d9916d6b39f1c0ba934c\",\"name\":\"Cr\u00e9er c'est R\u00e9sister\",\"image\":{\"@type\":\"ImageObject\",\"inLanguage\":\"fr-FR\",\"@id\":\"https:\\\/\\\/secure.gravatar.com\\\/avatar\\\/08f4e38908e105d843bc2bab0e7af2243257415b61b5fe99e955c21a5f61fc2b?s=96&d=mm&r=g\",\"url\":\"https:\\\/\\\/secure.gravatar.com\\\/avatar\\\/08f4e38908e105d843bc2bab0e7af2243257415b61b5fe99e955c21a5f61fc2b?s=96&d=mm&r=g\",\"contentUrl\":\"https:\\\/\\\/secure.gravatar.com\\\/avatar\\\/08f4e38908e105d843bc2bab0e7af2243257415b61b5fe99e955c21a5f61fc2b?s=96&d=mm&r=g\",\"caption\":\"Cr\u00e9er c'est R\u00e9sister\"},\"sameAs\":[\"http:\\\/\\\/www.lanuitdesours.lautre.net\"],\"url\":\"https:\\\/\\\/lanuitdesours.lautre.net\\\/?author=1\"}]}<\/script>\n<!-- \/ Yoast SEO plugin. -->","yoast_head_json":{"title":"Les Ateliers - La Nuit des Ours Edition 2025","description":"24 ATELIERS DU 5 AU 12 AO\u00dbT 2025. Bien-\u00eatre, musique, h\u00e9ritage vallorcin, \u0153nologie\u2026 il y en a pour tous les go\u00fbts !","robots":{"index":"index","follow":"follow","max-snippet":"max-snippet:-1","max-image-preview":"max-image-preview:large","max-video-preview":"max-video-preview:-1"},"canonical":"https:\/\/lanuitdesours.lautre.net\/?p=4096","og_locale":"fr_FR","og_type":"article","og_title":"Les Ateliers - La Nuit des Ours Edition 2025","og_description":"24 ATELIERS DU 5 AU 12 AO\u00dbT 2025. Bien-\u00eatre, musique, h\u00e9ritage vallorcin, \u0153nologie\u2026 il y en a pour tous les go\u00fbts !","og_url":"https:\/\/lanuitdesours.lautre.net\/?p=4096","og_site_name":"La Nuit des Ours","article_publisher":"https:\/\/www.facebook.com\/lanuitdesours\/","article_published_time":"2025-07-19T03:19:03+00:00","article_modified_time":"2025-07-28T16:06:40+00:00","og_image":[{"width":1440,"height":1084,"url":"https:\/\/lanuitdesours.lautre.net\/wp-content\/uploads\/2025\/07\/Atelier_Vannerie_2024-scaled-e1753488617601.jpg","type":"image\/jpeg"}],"author":"Cr\u00e9er c'est R\u00e9sister","twitter_card":"summary_large_image","twitter_misc":{"\u00c9crit par":"Cr\u00e9er c'est R\u00e9sister","Dur\u00e9e de lecture estim\u00e9e":"12 minutes"},"schema":{"@context":"https:\/\/schema.org","@graph":[{"@type":"Article","@id":"https:\/\/lanuitdesours.lautre.net\/?p=4096#article","isPartOf":{"@id":"https:\/\/lanuitdesours.lautre.net\/?p=4096"},"author":{"name":"Cr\u00e9er c'est R\u00e9sister","@id":"https:\/\/lanuitdesours.lautre.net\/#\/schema\/person\/1f4500f2f631d9916d6b39f1c0ba934c"},"headline":"Les Ateliers","datePublished":"2025-07-19T03:19:03+00:00","dateModified":"2025-07-28T16:06:40+00:00","mainEntityOfPage":{"@id":"https:\/\/lanuitdesours.lautre.net\/?p=4096"},"wordCount":1788,"publisher":{"@id":"https:\/\/lanuitdesours.lautre.net\/#organization"},"image":{"@id":"https:\/\/lanuitdesours.lautre.net\/?p=4096#primaryimage"},"thumbnailUrl":"https:\/\/lanuitdesours.lautre.net\/wp-content\/uploads\/2025\/07\/Atelier_Vannerie_2024-scaled-e1753488617601.jpg","keywords":["ATELIERS"],"articleSection":["Edition 2025"],"inLanguage":"fr-FR"},{"@type":"WebPage","@id":"https:\/\/lanuitdesours.lautre.net\/?p=4096","url":"https:\/\/lanuitdesours.lautre.net\/?p=4096","name":"Les Ateliers - La Nuit des Ours Edition 2025","isPartOf":{"@id":"https:\/\/lanuitdesours.lautre.net\/#website"},"primaryImageOfPage":{"@id":"https:\/\/lanuitdesours.lautre.net\/?p=4096#primaryimage"},"image":{"@id":"https:\/\/lanuitdesours.lautre.net\/?p=4096#primaryimage"},"thumbnailUrl":"https:\/\/lanuitdesours.lautre.net\/wp-content\/uploads\/2025\/07\/Atelier_Vannerie_2024-scaled-e1753488617601.jpg","datePublished":"2025-07-19T03:19:03+00:00","dateModified":"2025-07-28T16:06:40+00:00","description":"24 ATELIERS DU 5 AU 12 AO\u00dbT 2025. Bien-\u00eatre, musique, h\u00e9ritage vallorcin, \u0153nologie\u2026 il y en a pour tous les go\u00fbts !","breadcrumb":{"@id":"https:\/\/lanuitdesours.lautre.net\/?p=4096#breadcrumb"},"inLanguage":"fr-FR","potentialAction":[{"@type":"ReadAction","target":["https:\/\/lanuitdesours.lautre.net\/?p=4096"]}]},{"@type":"ImageObject","inLanguage":"fr-FR","@id":"https:\/\/lanuitdesours.lautre.net\/?p=4096#primaryimage","url":"https:\/\/lanuitdesours.lautre.net\/wp-content\/uploads\/2025\/07\/Atelier_Vannerie_2024-scaled-e1753488617601.jpg","contentUrl":"https:\/\/lanuitdesours.lautre.net\/wp-content\/uploads\/2025\/07\/Atelier_Vannerie_2024-scaled-e1753488617601.jpg","width":1440,"height":1084},{"@type":"BreadcrumbList","@id":"https:\/\/lanuitdesours.lautre.net\/?p=4096#breadcrumb","itemListElement":[{"@type":"ListItem","position":1,"name":"Accueil","item":"https:\/\/lanuitdesours.lautre.net\/"},{"@type":"ListItem","position":2,"name":"Les Ateliers"}]},{"@type":"WebSite","@id":"https:\/\/lanuitdesours.lautre.net\/#website","url":"https:\/\/lanuitdesours.lautre.net\/","name":"La Nuit des Ours","description":"CR\u00c9ER C&#039;EST R\u00c9SISTER | R\u00c9SISTER C&#039;EST CR\u00c9ER","publisher":{"@id":"https:\/\/lanuitdesours.lautre.net\/#organization"},"potentialAction":[{"@type":"SearchAction","target":{"@type":"EntryPoint","urlTemplate":"https:\/\/lanuitdesours.lautre.net\/?s={search_term_string}"},"query-input":{"@type":"PropertyValueSpecification","valueRequired":true,"valueName":"search_term_string"}}],"inLanguage":"fr-FR"},{"@type":"Organization","@id":"https:\/\/lanuitdesours.lautre.net\/#organization","name":"Association LA NUIT DES OURS","url":"https:\/\/lanuitdesours.lautre.net\/","logo":{"@type":"ImageObject","inLanguage":"fr-FR","@id":"https:\/\/lanuitdesours.lautre.net\/#\/schema\/logo\/image\/","url":"https:\/\/nuit-des-ours.com\/wp-content\/uploads\/2022\/07\/cropped-NDO_logo-noir_jaune.jpg","contentUrl":"https:\/\/nuit-des-ours.com\/wp-content\/uploads\/2022\/07\/cropped-NDO_logo-noir_jaune.jpg","width":512,"height":512,"caption":"Association LA NUIT DES OURS"},"image":{"@id":"https:\/\/lanuitdesours.lautre.net\/#\/schema\/logo\/image\/"},"sameAs":["https:\/\/www.facebook.com\/lanuitdesours\/","https:\/\/www.instagram.com\/lanuitdesours\/"]},{"@type":"Person","@id":"https:\/\/lanuitdesours.lautre.net\/#\/schema\/person\/1f4500f2f631d9916d6b39f1c0ba934c","name":"Cr\u00e9er c'est R\u00e9sister","image":{"@type":"ImageObject","inLanguage":"fr-FR","@id":"https:\/\/secure.gravatar.com\/avatar\/08f4e38908e105d843bc2bab0e7af2243257415b61b5fe99e955c21a5f61fc2b?s=96&d=mm&r=g","url":"https:\/\/secure.gravatar.com\/avatar\/08f4e38908e105d843bc2bab0e7af2243257415b61b5fe99e955c21a5f61fc2b?s=96&d=mm&r=g","contentUrl":"https:\/\/secure.gravatar.com\/avatar\/08f4e38908e105d843bc2bab0e7af2243257415b61b5fe99e955c21a5f61fc2b?s=96&d=mm&r=g","caption":"Cr\u00e9er c'est R\u00e9sister"},"sameAs":["http:\/\/www.lanuitdesours.lautre.net"],"url":"https:\/\/lanuitdesours.lautre.net\/?author=1"}]}},"_links":{"self":[{"href":"https:\/\/lanuitdesours.lautre.net\/index.php?rest_route=\/wp\/v2\/posts\/4096","targetHints":{"allow":["GET"]}}],"collection":[{"href":"https:\/\/lanuitdesours.lautre.net\/index.php?rest_route=\/wp\/v2\/posts"}],"about":[{"href":"https:\/\/lanuitdesours.lautre.net\/index.php?rest_route=\/wp\/v2\/types\/post"}],"author":[{"embeddable":true,"href":"https:\/\/lanuitdesours.lautre.net\/index.php?rest_route=\/wp\/v2\/users\/1"}],"replies":[{"embeddable":true,"href":"https:\/\/lanuitdesours.lautre.net\/index.php?rest_route=%2Fwp%2Fv2%2Fcomments&post=4096"}],"version-history":[{"count":7,"href":"https:\/\/lanuitdesours.lautre.net\/index.php?rest_route=\/wp\/v2\/posts\/4096\/revisions"}],"predecessor-version":[{"id":4307,"href":"https:\/\/lanuitdesours.lautre.net\/index.php?rest_route=\/wp\/v2\/posts\/4096\/revisions\/4307"}],"wp:featuredmedia":[{"embeddable":true,"href":"https:\/\/lanuitdesours.lautre.net\/index.php?rest_route=\/wp\/v2\/media\/4173"}],"wp:attachment":[{"href":"https:\/\/lanuitdesours.lautre.net\/index.php?rest_route=%2Fwp%2Fv2%2Fmedia&parent=4096"}],"wp:term":[{"taxonomy":"category","embeddable":true,"href":"https:\/\/lanuitdesours.lautre.net\/index.php?rest_route=%2Fwp%2Fv2%2Fcategories&post=4096"},{"taxonomy":"post_tag","embeddable":true,"href":"https:\/\/lanuitdesours.lautre.net\/index.php?rest_route=%2Fwp%2Fv2%2Ftags&post=4096"}],"curies":[{"name":"wp","href":"https:\/\/api.w.org\/{rel}","templated":true}]}}