{"id":4068,"date":"2025-07-22T03:45:21","date_gmt":"2025-07-22T01:45:21","guid":{"rendered":"https:\/\/nuit-des-ours.com\/?p=4068"},"modified":"2025-08-01T13:37:14","modified_gmt":"2025-08-01T11:37:14","slug":"memoires-et-resistances-2025","status":"publish","type":"post","link":"https:\/\/lanuitdesours.lautre.net\/?p=4068","title":{"rendered":"M\u00e9moires et r\u00e9sistances"},"content":{"rendered":"\n<h2 class=\"wp-block-heading\">M\u00c9MOIRES ET R\u00c9SISTANCES, 5, 6, 9 &amp; 11 AO\u00dbT<\/h2>\n\n\n\n<div style=\"height:50px\" aria-hidden=\"true\" class=\"wp-block-spacer\"><\/div>\n\n\n\n<div class=\"wp-block-columns is-layout-flex wp-container-core-columns-is-layout-8f761849 wp-block-columns-is-layout-flex\">\n<div class=\"wp-block-column is-layout-flow wp-block-column-is-layout-flow\">\n<h3 class=\"wp-block-heading\">&gt; INAUGURATION DE L\u2019EXPOSITION de Somayeh Pakar, artiste iranienne<\/h3>\n\n\n\n<p class=\"wp-block-paragraph\"><strong><mark style=\"background-color:rgba(0, 0, 0, 0)\" class=\"has-inline-color has-accent-2-color\">5 ao\u00fbt 17h30 &#8211; Office de tourisme de Vallorcine<\/mark><\/strong><br>Somayeh Pakar est une artiste iranienne dipl\u00f4m\u00e9e de la Facult\u00e9 des Arts de Zahedan et de l\u2019IAU de T\u00e9h\u00e9ran. Son travail s\u2019appuie sur sa riche exp\u00e9rience dans diverses pratiques, notamment la photographie et l\u2019ing\u00e9nierie sonore. Ses m\u00e9thodes artistiques singuli\u00e8res cr\u00e9ent une histoire visuelle qui transcende les fronti\u00e8res g\u00e9ographiques, se connectant aux r\u00e9cits et \u00e0 la vie de femmes des quatre coins du monde.<\/p>\n\n\n\n<p class=\"wp-block-paragraph\">Somayeh propose aussi un <strong><mark style=\"background-color:rgba(0, 0, 0, 0)\" class=\"has-inline-color has-accent-1-color\"><a href=\"https:\/\/nuit-des-ours.com\/2025\/ateliers-2025\/\">ATELIER d&rsquo;aquarelle<\/a><\/mark><\/strong> et exposera aussi une \u0153uvre dans le cadre des <strong><a href=\"https:\/\/nuit-des-ours.com\/2025\/les-arts-du-chemin-2025\/\">ARTS DU CHEMIN<\/a><\/strong> du circuit de <strong><a href=\"https:\/\/nuit-des-ours.com\/2025\/la-nuit-des-ours-2025\/\">LA NUIT DES OURS<\/a><\/strong> et <strong><a href=\"https:\/\/nuit-des-ours.com\/2025\/la-nuit-en-plein-jour-2025\/\">LA NUIT EN PLEIN JOUR<\/a><\/strong>. <\/p>\n<\/div>\n\n\n\n<div class=\"wp-block-column is-vertically-aligned-center is-layout-flow wp-block-column-is-layout-flow\"><div class=\"wp-block-image\">\n<figure class=\"aligncenter size-medium is-resized\"><img loading=\"lazy\" decoding=\"async\" width=\"218\" height=\"300\" src=\"https:\/\/nuit-des-ours.com\/wp-content\/uploads\/2025\/07\/SomayehPakar_expo5-218x300.jpeg\" alt=\"\" class=\"wp-image-4288\" style=\"width:300px\" srcset=\"https:\/\/lanuitdesours.lautre.net\/wp-content\/uploads\/2025\/07\/SomayehPakar_expo5-218x300.jpeg 218w, https:\/\/lanuitdesours.lautre.net\/wp-content\/uploads\/2025\/07\/SomayehPakar_expo5-745x1024.jpeg 745w, https:\/\/lanuitdesours.lautre.net\/wp-content\/uploads\/2025\/07\/SomayehPakar_expo5-768x1056.jpeg 768w, https:\/\/lanuitdesours.lautre.net\/wp-content\/uploads\/2025\/07\/SomayehPakar_expo5-1117x1536.jpeg 1117w, https:\/\/lanuitdesours.lautre.net\/wp-content\/uploads\/2025\/07\/SomayehPakar_expo5-1490x2048.jpeg 1490w, https:\/\/lanuitdesours.lautre.net\/wp-content\/uploads\/2025\/07\/SomayehPakar_expo5.jpeg 1862w\" sizes=\"auto, (max-width: 218px) 100vw, 218px\" \/><\/figure>\n<\/div><\/div>\n<\/div>\n\n\n\n<div style=\"height:66px\" aria-hidden=\"true\" class=\"wp-block-spacer\"><\/div>\n\n\n\n<div class=\"wp-block-columns is-layout-flex wp-container-core-columns-is-layout-8f761849 wp-block-columns-is-layout-flex\">\n<div class=\"wp-block-column is-layout-flow wp-block-column-is-layout-flow\">\n<h3 class=\"wp-block-heading\">&gt; SOIR\u00c9E HOMMAGE \u00c0 LILY ET RUBEN HALBREICH<\/h3>\n\n\n\n<p class=\"wp-block-paragraph\"><strong><mark style=\"background-color:rgba(0, 0, 0, 0)\" class=\"has-inline-color has-accent-2-color\">6 ao\u00fbt &#8211; H\u00f4tel du Buet<\/mark><\/strong><br><strong>80 ans apr\u00e8s la fin de la Seconde Guerre mondiale, dans le lieu symbolique de l\u2019h\u00f4tel du Buet, un hommage est rendu \u00e0 un couple juif europ\u00e9en mort de froid et d\u2019\u00e9puisement \u00e0 Tr\u00e9-les-Eaux le 29 septembre 1942 en tentant de fuir les pers\u00e9cutions antis\u00e9mites vers la Suisse.<\/strong><\/p>\n<\/div>\n\n\n\n<div class=\"wp-block-column is-vertically-aligned-center is-layout-flow wp-block-column-is-layout-flow\"><div class=\"wp-block-image\">\n<figure class=\"aligncenter size-medium\"><img loading=\"lazy\" decoding=\"async\" width=\"300\" height=\"241\" src=\"https:\/\/nuit-des-ours.com\/wp-content\/uploads\/2025\/07\/Halbreich_1-300x241.jpg\" alt=\"\" class=\"wp-image-4069\" srcset=\"https:\/\/lanuitdesours.lautre.net\/wp-content\/uploads\/2025\/07\/Halbreich_1-300x241.jpg 300w, https:\/\/lanuitdesours.lautre.net\/wp-content\/uploads\/2025\/07\/Halbreich_1-1024x822.jpg 1024w, https:\/\/lanuitdesours.lautre.net\/wp-content\/uploads\/2025\/07\/Halbreich_1-768x616.jpg 768w, https:\/\/lanuitdesours.lautre.net\/wp-content\/uploads\/2025\/07\/Halbreich_1-374x300.jpg 374w, https:\/\/lanuitdesours.lautre.net\/wp-content\/uploads\/2025\/07\/Halbreich_1.jpg 1048w\" sizes=\"auto, (max-width: 300px) 100vw, 300px\" \/><\/figure>\n<\/div><\/div>\n<\/div>\n\n\n\n<div class=\"wp-block-columns is-layout-flex wp-container-core-columns-is-layout-8f761849 wp-block-columns-is-layout-flex\">\n<div class=\"wp-block-column is-layout-flow wp-block-column-is-layout-flow\" style=\"flex-basis:50%\">\n<h5 class=\"wp-block-heading\">&gt; 18h30-19h30  Pr\u00e9sentation de l\u2019hommage \u00e0 Ruben et Lily Halbreich :<\/h5>\n\n\n\n<h4 class=\"wp-block-heading\">De l\u2019\u00e9lite berlinoise \u00e0 la mort des victimes juives traqu\u00e9es<\/h4>\n\n\n\n<p class=\"wp-block-paragraph\"><strong><mark style=\"background-color:rgba(0, 0, 0, 0)\" class=\"has-inline-color has-accent-1-color\">Anne Saint Sauveur<\/mark><\/strong>, historienne et <strong><mark style=\"background-color:rgba(0, 0, 0, 0)\" class=\"has-inline-color has-accent-1-color\">Dominique Ancey<\/mark><\/strong>, responsable du patrimoine, \u00e9voqueront le parcours d\u2019exil de Ruben et Lily Halbreich de Berlin \u00e0 Bruxelles et Chamonix jusqu\u2019\u00e0 leur d\u00e9c\u00e8s \u00e0 Tr\u00e9-les-Eaux. Elles souligneront le lien avec Vallorcine : en 1942 par l\u2019engagement d\u2019une \u00e9quipe de secours de Vallorcins ; en 2024 par les recherches pour retrouver des descendants des deux orphelins, Harry 11 ans et Janine 6 ans.<\/p>\n\n\n\n<p class=\"wp-block-paragraph\">Philippe Euvrard, petit-fils de Ruben et Lily Halbreich, contrebassiste, explique sa d\u00e9marche artistique dans le spectacle An\u00e9moia (Nostalgie pour une \u00e9poque inconnue) et la port\u00e9e de cet hommage.<\/p>\n\n\n\n<p class=\"wp-block-paragraph\">L\u2019hommage aura lieu en pr\u00e9sence de descendants de l\u2019\u00e9quipe de secours partie de Vallorcine dans la nuit du 29 septembre 1942.<\/p>\n<\/div>\n\n\n\n<div class=\"wp-block-column is-vertically-aligned-center is-layout-flow wp-block-column-is-layout-flow\" style=\"flex-basis:50%\"><div class=\"wp-block-image\">\n<figure class=\"alignright size-medium is-resized\"><img loading=\"lazy\" decoding=\"async\" width=\"291\" height=\"300\" src=\"https:\/\/nuit-des-ours.com\/wp-content\/uploads\/2025\/07\/Halbreich_2-291x300.jpg\" alt=\"\" class=\"wp-image-4070\" style=\"object-fit:cover;width:250px;height:250px\" srcset=\"https:\/\/lanuitdesours.lautre.net\/wp-content\/uploads\/2025\/07\/Halbreich_2-291x300.jpg 291w, https:\/\/lanuitdesours.lautre.net\/wp-content\/uploads\/2025\/07\/Halbreich_2-993x1024.jpg 993w, https:\/\/lanuitdesours.lautre.net\/wp-content\/uploads\/2025\/07\/Halbreich_2-768x792.jpg 768w, https:\/\/lanuitdesours.lautre.net\/wp-content\/uploads\/2025\/07\/Halbreich_2-1489x1536.jpg 1489w, https:\/\/lanuitdesours.lautre.net\/wp-content\/uploads\/2025\/07\/Halbreich_2-1986x2048.jpg 1986w\" sizes=\"auto, (max-width: 291px) 100vw, 291px\" \/><\/figure>\n<\/div>\n\n<div class=\"wp-block-image\">\n<figure class=\"alignleft size-medium is-resized\"><img loading=\"lazy\" decoding=\"async\" width=\"228\" height=\"300\" src=\"https:\/\/nuit-des-ours.com\/wp-content\/uploads\/2025\/07\/Halbreich_5_JANINE-228x300.jpg\" alt=\"\" class=\"wp-image-4071\" style=\"object-fit:cover;width:250px;height:250px\" srcset=\"https:\/\/lanuitdesours.lautre.net\/wp-content\/uploads\/2025\/07\/Halbreich_5_JANINE-228x300.jpg 228w, https:\/\/lanuitdesours.lautre.net\/wp-content\/uploads\/2025\/07\/Halbreich_5_JANINE-778x1024.jpg 778w, https:\/\/lanuitdesours.lautre.net\/wp-content\/uploads\/2025\/07\/Halbreich_5_JANINE-768x1011.jpg 768w, https:\/\/lanuitdesours.lautre.net\/wp-content\/uploads\/2025\/07\/Halbreich_5_JANINE-1167x1536.jpg 1167w, https:\/\/lanuitdesours.lautre.net\/wp-content\/uploads\/2025\/07\/Halbreich_5_JANINE-1556x2048.jpg 1556w, https:\/\/lanuitdesours.lautre.net\/wp-content\/uploads\/2025\/07\/Halbreich_5_JANINE-scaled.jpg 1945w\" sizes=\"auto, (max-width: 228px) 100vw, 228px\" \/><\/figure>\n<\/div><\/div>\n<\/div>\n\n\n\n<h5 class=\"wp-block-heading\">&gt; 19h30-21h  Repas \u00e0 l\u2019H\u00f4tel du Buet<\/h5>\n\n\n\n<div class=\"wp-block-columns is-layout-flex wp-container-core-columns-is-layout-8f761849 wp-block-columns-is-layout-flex\">\n<div class=\"wp-block-column is-layout-flow wp-block-column-is-layout-flow\">\n<h5 class=\"wp-block-heading\">&gt; 21h15-22h30 derri\u00e8re l\u2019H\u00f4tel du Buet :<\/h5>\n\n\n\n<h4 class=\"wp-block-heading\">ANEMOIA <br>un voyage photographique et musical<\/h4>\n\n\n\n<p class=\"wp-block-paragraph\"><mark style=\"background-color:rgba(0, 0, 0, 0)\" class=\"has-inline-color has-accent-1-color\"><strong>Philippe Euvrard <\/strong>: contrebasse<\/mark><br><mark style=\"background-color:rgba(0, 0, 0, 0)\" class=\"has-inline-color has-accent-1-color\"><strong>Jean-Michel Souris<\/strong> : fl\u00fbte et saxophone,<br><strong>Anna Puig Rosado<\/strong> : photographies projet\u00e9es en direct.<\/mark><br><strong>La musique comme passeport des peuples de l\u2019exil.<\/strong><br>C\u2019est l\u2019histoire d\u2019une rencontre, deux musiciens croisent une photographe. Les images et les sons se m\u00e9langent, s\u2019adoptent et s\u2019accompagnent. Philippe Euvrard, un des deux musiciens et Anna, la photographe d\u00e9couvrent tr\u00e8s vite qu\u2019ils ont tous deux l\u2019exil de leur famille en h\u00e9ritage. Leur fa\u00e7on de penser, de jouer ou de photographier a un lien avec l\u2019histoire des migrations europ\u00e9ennes du vingti\u00e8me si\u00e8cle. Et leur musique, sonore et visuelle, singuli\u00e8re et universelle, est un hommage aux peuples de l\u2019errance.<br><strong>C\u2019est un concert \u00e0 trois musiciens, mais il n\u2019y en a que deux sur sc\u00e8ne, le troisi\u00e8me est dans les photos.<\/strong><\/p>\n\n\n\n<p class=\"wp-block-paragraph\"><strong><mark style=\"background-color:rgba(0, 0, 0, 0)\" class=\"has-inline-color has-accent-2-color\">Nombre limit\u00e9 de places &#8211; R\u00e9servation obligatoire sur HelloAsso<br>Repas + spectacle : 3<\/mark><\/strong><mark style=\"background-color:rgba(0, 0, 0, 0)\" class=\"has-inline-color has-accent-2-color\"><strong>5\u20ac<br>Spectacle seul : 15\u20ac<\/strong><\/mark><\/p>\n\n\n\n<div class=\"wp-block-buttons is-content-justification-left is-layout-flex wp-container-core-buttons-is-layout-63375db1 wp-block-buttons-is-layout-flex\">\n<div class=\"wp-block-button is-style-outline is-style-outline--1\"><a class=\"wp-block-button__link has-normal-font-size has-custom-font-size wp-element-button\" href=\"https:\/\/www.helloasso.com\/associations\/la-nuit-des-ours\/evenements\/evenements-artistiques-6-7-8-10-11-et-12-aout-edition-2025-1\" style=\"border-radius:0px\" target=\"_blank\" rel=\"noreferrer noopener\">R\u00c9SERVER<\/a><\/div>\n<\/div>\n<\/div>\n\n\n\n<div class=\"wp-block-column is-layout-flow wp-block-column-is-layout-flow\"><div class=\"wp-block-image\">\n<figure class=\"alignleft size-medium is-resized\"><img loading=\"lazy\" decoding=\"async\" width=\"300\" height=\"300\" src=\"https:\/\/nuit-des-ours.com\/wp-content\/uploads\/2025\/07\/Halbreich_4-300x300.jpg\" alt=\"\" class=\"wp-image-4078\" style=\"width:250px\" srcset=\"https:\/\/lanuitdesours.lautre.net\/wp-content\/uploads\/2025\/07\/Halbreich_4-300x300.jpg 300w, https:\/\/lanuitdesours.lautre.net\/wp-content\/uploads\/2025\/07\/Halbreich_4-1024x1024.jpg 1024w, https:\/\/lanuitdesours.lautre.net\/wp-content\/uploads\/2025\/07\/Halbreich_4-150x150.jpg 150w, https:\/\/lanuitdesours.lautre.net\/wp-content\/uploads\/2025\/07\/Halbreich_4-768x768.jpg 768w, https:\/\/lanuitdesours.lautre.net\/wp-content\/uploads\/2025\/07\/Halbreich_4.jpg 1080w\" sizes=\"auto, (max-width: 300px) 100vw, 300px\" \/><\/figure>\n<\/div>\n\n<div class=\"wp-block-image\">\n<figure class=\"alignright size-medium is-resized\"><img loading=\"lazy\" decoding=\"async\" width=\"210\" height=\"300\" src=\"https:\/\/nuit-des-ours.com\/wp-content\/uploads\/2025\/07\/Halbreich_3-210x300.jpg\" alt=\"\" class=\"wp-image-4079\" style=\"width:300px\" srcset=\"https:\/\/lanuitdesours.lautre.net\/wp-content\/uploads\/2025\/07\/Halbreich_3-210x300.jpg 210w, https:\/\/lanuitdesours.lautre.net\/wp-content\/uploads\/2025\/07\/Halbreich_3.jpg 538w\" sizes=\"auto, (max-width: 210px) 100vw, 210px\" \/><\/figure>\n<\/div><\/div>\n<\/div>\n\n\n\n<div style=\"height:66px\" aria-hidden=\"true\" class=\"wp-block-spacer\"><\/div>\n\n\n\n<div class=\"wp-block-columns is-layout-flex wp-container-core-columns-is-layout-8f761849 wp-block-columns-is-layout-flex\">\n<div class=\"wp-block-column is-layout-flow wp-block-column-is-layout-flow\">\n<h3 class=\"wp-block-heading\">&gt; Le matin du 9 ao\u00fbt (1945, NAGASAKI)<\/h3>\n\n\n\n<p class=\"wp-block-paragraph\"><strong><mark style=\"background-color:rgba(0, 0, 0, 0)\" class=\"has-inline-color has-accent-2-color\">9 ao\u00fbt 21h &#8211; Les Edelweiss<\/mark><\/strong><br>Courte \u00ab veill\u00e9e \u00bb pour les 80 ans de la bombe atomique de Nagasaki. Une invitation \u00e0 la m\u00e9moire, l\u2019espoir et la gu\u00e9rison. Puisant son inspiration d\u2019une histoire v\u00e9cue, celle de Tsue Hayashi et sa fille Kayoko, cette courte performance se veut un hommage \u00e0 toutes les victimes des bombes atomiques de Hiroshima et Nagasaki. Celles qui y ont perdu la vie, celles qui y ont surv\u00e9cu au prix de souffrances innommables et celles qui encore aujourd\u2019hui en portent les s\u00e9quelles et dont la vie a \u00e9t\u00e9 boulevers\u00e9e \u00e0 jamais. Chanson pour la paix.<\/p>\n<\/div>\n\n\n\n<div class=\"wp-block-column is-vertically-aligned-center is-layout-flow wp-block-column-is-layout-flow\"><div class=\"wp-block-image\">\n<figure class=\"aligncenter size-full\"><img loading=\"lazy\" decoding=\"async\" width=\"997\" height=\"700\" src=\"https:\/\/nuit-des-ours.com\/wp-content\/uploads\/2025\/07\/Hiroshima_DessinAyakoAriki.jpg\" alt=\"\" class=\"wp-image-4081\" srcset=\"https:\/\/lanuitdesours.lautre.net\/wp-content\/uploads\/2025\/07\/Hiroshima_DessinAyakoAriki.jpg 997w, https:\/\/lanuitdesours.lautre.net\/wp-content\/uploads\/2025\/07\/Hiroshima_DessinAyakoAriki-300x211.jpg 300w, https:\/\/lanuitdesours.lautre.net\/wp-content\/uploads\/2025\/07\/Hiroshima_DessinAyakoAriki-768x539.jpg 768w, https:\/\/lanuitdesours.lautre.net\/wp-content\/uploads\/2025\/07\/Hiroshima_DessinAyakoAriki-427x300.jpg 427w\" sizes=\"auto, (max-width: 997px) 100vw, 997px\" \/><figcaption class=\"wp-element-caption\"><em><strong><sup>Dession d&rsquo;Ayako ARIKI, 14 ans le 6 ao\u00fbt 1945 \u00e0 Hiroshima<\/sup><\/strong><\/em><\/figcaption><\/figure>\n<\/div><\/div>\n<\/div>\n\n\n\n<p class=\"wp-block-paragraph\">Avec : <mark style=\"background-color:rgba(0, 0, 0, 0)\" class=\"has-inline-color has-accent-1-color\"><strong>Yumi C\u00e9lia<\/strong> (chant et taiko \u2013 tambours japonais) et <strong>ch\u0153ur<\/strong> ; Composition : <strong>Christiane Chaput<\/strong>.<br>Projection simultan\u00e9e d\u2019une s\u00e9lection de dessins des <strong>HIBAKUSHA<\/strong> (survivants de la bombe atomique), collection du Mus\u00e9e du M\u00e9morial de la Paix \u00e0 Hiroshima. Sc\u00e9nographie vid\u00e9o : <strong>Nicolas Dardano<\/strong>. Production : <strong>Cie Omnibus<\/strong><\/mark>.<\/p>\n\n\n\n<div style=\"height:66px\" aria-hidden=\"true\" class=\"wp-block-spacer\"><\/div>\n\n\n\n<h3 class=\"wp-block-heading\">&gt; LA BIENNALE DE GAZA &#8211; Pavillon fran\u00e7ais<\/h3>\n\n\n\n<p class=\"wp-block-paragraph\"><strong><mark style=\"background-color:rgba(0, 0, 0, 0)\" class=\"has-inline-color has-accent-2-color\">INAUGURATION le 11 ao\u00fbt 17h &#8211; Les M\u00e9l\u00e8zes<\/mark><\/strong><\/p>\n\n\n\n<p class=\"wp-block-paragraph\"><strong>Pour la c\u00e9r\u00e9monie d&rsquo;inauguration, nous proposons une veill\u00e9e avec des \u00ab berceuses \u00bb du monde entier en hommage aux b\u00e9b\u00e9s, enfants, mamans et papas ; vivants ou morts, bless\u00e9s, mutil\u00e9s, traumatis\u00e9s.<\/strong> Si vous connaissez une berceuse dans votre langue maternelle ou autre et souhaitez la chanter en public seul(e) ou \u00e0 plusieurs, veuillez \u00e9crire \u00e0<strong> <a href=\"mailto:lanuitdesours@gmail.com\">lanuitdesours@gmail.com<\/a> [objet : berceuse pour Gaza]<\/strong> pour faire votre proposition. Une r\u00e9p\u00e9tition vous sera propos\u00e9e.<\/p>\n\n\n\n<h4 class=\"wp-block-heading\">A propos de la Biennale de Gaza<\/h4>\n\n\n\n<p class=\"wp-block-paragraph\">La <strong><a href=\"https:\/\/gazabiennale.org\/\">BIENNALE DE GAZA<\/a><\/strong> est un appel lanc\u00e9 le 20 novembre 2024 par un collectif d&rsquo;une quarantaine d&rsquo;artistes gazaoui(e)s de renomm\u00e9e internationale, afin d&rsquo;assurer que leur voix et r\u00e9cits continuent d&rsquo;exister et que leurs \u0153uvres demeurent un t\u00e9moignage de lutte et de r\u00e9silience, \u00e9clairant un chemin pour l\u2019humanit\u00e9 \u00e0 travers les temps les plus sombres. <\/p>\n\n\n\n<p class=\"wp-block-paragraph\">Une douzaine de \u201cpavillons\u201d voient le jour sous des formes diverses dans les plus grandes capitales de l&rsquo;art contemporain tel que Berlin, Londres, New York, Istanbul, Valence, Sarajevo, Toronto\u2026 Nous avons l&rsquo;honneur d&rsquo;accueillir dans notre petit village de Vallorcine le pavillon fran\u00e7ais, intitul\u00e9 <strong>\u201cNATURE AS REFUGE\u201d<\/strong>. Il s&rsquo;agira d&rsquo;un mus\u00e9e \u00e0 ciel ouvert regroupant les \u0153uvres de six artistes gazaoui(e)s.<\/p>\n\n\n<div class=\"wp-block-image\">\n<figure class=\"aligncenter size-large\"><img loading=\"lazy\" decoding=\"async\" width=\"1024\" height=\"469\" src=\"https:\/\/nuit-des-ours.com\/wp-content\/uploads\/2025\/07\/Mohammad-Al-Haj_2_withlogo-1024x469.jpeg\" alt=\"\" class=\"wp-image-4313\" srcset=\"https:\/\/lanuitdesours.lautre.net\/wp-content\/uploads\/2025\/07\/Mohammad-Al-Haj_2_withlogo-1024x469.jpeg 1024w, https:\/\/lanuitdesours.lautre.net\/wp-content\/uploads\/2025\/07\/Mohammad-Al-Haj_2_withlogo-300x137.jpeg 300w, https:\/\/lanuitdesours.lautre.net\/wp-content\/uploads\/2025\/07\/Mohammad-Al-Haj_2_withlogo-768x352.jpeg 768w, https:\/\/lanuitdesours.lautre.net\/wp-content\/uploads\/2025\/07\/Mohammad-Al-Haj_2_withlogo-1536x704.jpeg 1536w, https:\/\/lanuitdesours.lautre.net\/wp-content\/uploads\/2025\/07\/Mohammad-Al-Haj_2_withlogo-496x227.jpeg 496w, https:\/\/lanuitdesours.lautre.net\/wp-content\/uploads\/2025\/07\/Mohammad-Al-Haj_2_withlogo.jpeg 1600w\" sizes=\"auto, (max-width: 1024px) 100vw, 1024px\" \/><figcaption class=\"wp-element-caption\"><strong><em><sup>Abu Al Kuffiyeh \u00a9 Mohammad Al-Haj \/ GAZA BIENNALE<\/sup><\/em><\/strong><\/figcaption><\/figure>\n<\/div>\n\n\n<p class=\"wp-block-paragraph\"><em><strong>\u00ab Continuer \u00e0 cr\u00e9er des \u0153uvres d\u2019art au milieu de la guerre et de l\u2019oppression \u00e0 Gaza, ce n\u2019est pas seulement un acte de cr\u00e9ation, c\u2019est en soi un acte de r\u00e9sistance et de survie. Pendant qu\u2019Isra\u00ebl fait tous ses efforts pour effacer la vie et la culture \u00e0 Gaza, ma continuit\u00e9 dans l\u2019art prouve que la vie continue et que l\u2019identit\u00e9 palestinienne ne sera pas effac\u00e9e. \u00bb<\/strong><\/em> Sehwail<\/p>\n\n\n\n<p class=\"wp-block-paragraph\">Dans l&rsquo;appel de lancement de la <strong>BIENNALE DE GAZA<\/strong>, les artistes affirment que ce projet repr\u00e9sente <strong><em>\u00ab une \u00e9tape cr\u00e9ative pour sortir des cadres traditionnels des expositions. Elle refl\u00e8te la sensibilit\u00e9 et la sp\u00e9cificit\u00e9 de notre situation, ce qui en fait un \u00e9v\u00e8nement urgent et exceptionnel. Au c\u0153ur de l\u2019intention artistique, il y a la lutte d\u2019un peuple pour survivre. \u00bb<\/em><\/strong><\/p>\n\n\n\n<h4 class=\"wp-block-heading\">\u00c0 propos de l&rsquo;exposition \u00ab\u00a0NATURE AS REFUGE\u00a0\u00bb<\/h4>\n\n\n\n<p class=\"wp-block-paragraph\"><mark style=\"background-color:rgba(0, 0, 0, 0)\" class=\"has-inline-color has-accent-1-color\">Curatrice : <strong>Hala Eid Al-Naji<\/strong><\/mark><br>Cette exposition est un projet artistique curatorial centr\u00e9 sur un environnement forestier, d\u00e9ploy\u00e9 \u00e0 travers plusieurs points de vue au sein d&rsquo;un paysage naturel ouvert. Elle \u00e9voque puissamment les voix de six\u00a0artistes palestiniens de Gaza, qui sont physiquement absents mais profond\u00e9ment pr\u00e9sents \u00e0 travers\u00a0leurs \u0153uvres. Leurs contributions sont traduites en installations sp\u00e9cifiques au site ou en gravures int\u00e9gr\u00e9es dans le paysage de Vallorcine.<\/p>\n\n\n\n<p class=\"wp-block-paragraph\"><strong>Les artistes sont absents. <\/strong><br><strong>La terre est distante. <\/strong><br><strong>Les mains ne peuvent construire. <\/strong><br><strong>Le corps est fragment\u00e9. <\/strong><br><strong>Mais l\u2019histoire survit.<\/strong><\/p>\n\n\n\n<p class=\"wp-block-paragraph\"><strong>\u00ab\u00a0NATURE AS REFUGE\u00a0\u00bb<\/strong> ne propose pas un retour romantique \u00e0 la nature ; il s&rsquo;agit plut\u00f4t d&rsquo;une&nbsp;expression de r\u00e9silience face \u00e0 l&rsquo;effondrement de toutes les infrastructures. Ici, la nature devient une&nbsp;archive, un t\u00e9moin et une collaboratrice active.<\/p>\n\n\n\n<h4 class=\"wp-block-heading\">Les \u0153uvres des six artistes<\/h4>\n\n\n\n<ul class=\"wp-block-list\">\n<li><em><strong>Dorgham<\/strong><\/em> de <strong><mark style=\"background-color:rgba(0, 0, 0, 0)\" class=\"has-inline-color has-accent-1-color\">Fares Ayah<\/mark><\/strong><\/li>\n\n\n\n<li><strong><em>Scream of death [Cri de la Mort]<\/em><\/strong> de <strong><mark style=\"background-color:rgba(0, 0, 0, 0)\" class=\"has-inline-color has-accent-1-color\">Malaka Abu Awda<\/mark><\/strong><\/li>\n\n\n\n<li><em><strong>Abu Al-Kuffiyeh<\/strong><\/em> de <strong><mark style=\"background-color:rgba(0, 0, 0, 0)\" class=\"has-inline-color has-accent-1-color\">Mohammad Al-Haj<\/mark><\/strong><\/li>\n\n\n\n<li><strong><em>Chronic Struggle [Lutte Chronique]<\/em><\/strong> de <strong><mark style=\"background-color:rgba(0, 0, 0, 0)\" class=\"has-inline-color has-accent-1-color\">Mohammad El-Kurd<\/mark><\/strong><\/li>\n\n\n\n<li><strong><em>The Rocket and the Carrot [La Roquette et la Carotte]<\/em><\/strong> de <strong><mark style=\"background-color:rgba(0, 0, 0, 0)\" class=\"has-inline-color has-accent-1-color\">Ghanem Al-Den<\/mark><\/strong><\/li>\n\n\n\n<li><strong><em>The Return [Le Retour]<\/em><\/strong> de <strong><mark style=\"background-color:rgba(0, 0, 0, 0)\" class=\"has-inline-color has-accent-1-color\">Hala Eid Al-Naji<\/mark><\/strong><\/li>\n<\/ul>\n\n\n\n<p class=\"wp-block-paragraph\">Pour la cr\u00e9ation de ce mus\u00e9e \u00e0 ciel ouvert, nous avons besoin de votre soutien. Un financement participatif est lanc\u00e9 sur HelloAsso :<\/p>\n\n\n\n<div class=\"wp-block-buttons is-layout-flex wp-block-buttons-is-layout-flex\">\n<div class=\"wp-block-button is-style-outline is-style-outline--2\"><a class=\"wp-block-button__link wp-element-button\" href=\"https:\/\/www.helloasso.com\/associations\/la-nuit-des-ours\/collectes\/biennale-de-gaza\" style=\"border-radius:0px\">CONTRIBUER AU PAVILLON FRAN\u00c7AIS<\/a><\/div>\n<\/div>\n\n\n\n<div style=\"height:50px\" aria-hidden=\"true\" class=\"wp-block-spacer\"><\/div>\n\n\n\n<p class=\"wp-block-paragraph\"><strong>Le site internet de LA BIENNALE DE GAZA : <\/strong><a href=\"https:\/\/gazabiennale.org\/\">https:\/\/gazabiennale.org\/<\/a><\/p>\n","protected":false},"excerpt":{"rendered":"<p>5 AO\u00dbT > Exposition de Somayeh Pakar \/<br \/>\n6 AO\u00dbT > Hommage \u00e0 Lily et Ruben Halbreich &#038; ANEMOIA \/<br \/>\n9 AO\u00dbT > 1945, NAGASAKI \/<br \/>\n11 AO\u00dbT > BIENNALE DE GAZA. <\/p>\n","protected":false},"author":1,"featured_media":4182,"comment_status":"closed","ping_status":"closed","sticky":false,"template":"","format":"standard","meta":{"footnotes":""},"categories":[62],"tags":[],"class_list":["post-4068","post","type-post","status-publish","format-standard","has-post-thumbnail","hentry","category-edition-2025"],"yoast_head":"<!-- This site is optimized with the Yoast SEO plugin v28.3 - https:\/\/yoast.com\/product\/yoast-seo-wordpress\/ -->\n<title>M\u00e9moires et r\u00e9sistances - La Nuit des Ours Edition 2025<\/title>\n<meta name=\"description\" content=\"M\u00c9MOIRES ET R\u00c9SISTANCES. 5 AO\u00dbT &gt; Exposition Somayeh Pakar \/ 6 AO\u00dbT &gt; Hommage aux Halbreich &amp; ANEMOIA \/ 9 AO\u00dbT &gt; 1945 NAGASAKI \/ 11 AO\u00dbT &gt; BIENNALE DE GAZA.\" \/>\n<meta name=\"robots\" content=\"index, follow, max-snippet:-1, max-image-preview:large, max-video-preview:-1\" \/>\n<link rel=\"canonical\" href=\"https:\/\/lanuitdesours.lautre.net\/?p=4068\" \/>\n<meta property=\"og:locale\" content=\"fr_FR\" \/>\n<meta property=\"og:type\" content=\"article\" \/>\n<meta property=\"og:title\" content=\"M\u00e9moires et r\u00e9sistances - La Nuit des Ours Edition 2025\" \/>\n<meta property=\"og:description\" content=\"M\u00c9MOIRES ET R\u00c9SISTANCES. 5 AO\u00dbT &gt; Exposition Somayeh Pakar \/ 6 AO\u00dbT &gt; Hommage aux Halbreich &amp; ANEMOIA \/ 9 AO\u00dbT &gt; 1945 NAGASAKI \/ 11 AO\u00dbT &gt; BIENNALE DE GAZA.\" \/>\n<meta property=\"og:url\" content=\"https:\/\/lanuitdesours.lautre.net\/?p=4068\" \/>\n<meta property=\"og:site_name\" content=\"La Nuit des Ours\" \/>\n<meta property=\"article:publisher\" content=\"https:\/\/www.facebook.com\/lanuitdesours\/\" \/>\n<meta property=\"article:published_time\" content=\"2025-07-22T01:45:21+00:00\" \/>\n<meta property=\"article:modified_time\" content=\"2025-08-01T11:37:14+00:00\" \/>\n<meta property=\"og:image\" content=\"https:\/\/lanuitdesours.lautre.net\/wp-content\/uploads\/2025\/07\/Mohammad-Al-Haj_2-1-e1753492440624.jpeg\" \/>\n\t<meta property=\"og:image:width\" content=\"930\" \/>\n\t<meta property=\"og:image:height\" content=\"733\" \/>\n\t<meta property=\"og:image:type\" content=\"image\/jpeg\" \/>\n<meta name=\"author\" content=\"Cr\u00e9er c&#039;est R\u00e9sister\" \/>\n<meta name=\"twitter:card\" content=\"summary_large_image\" \/>\n<meta name=\"twitter:label1\" content=\"\u00c9crit par\" \/>\n\t<meta name=\"twitter:data1\" content=\"Cr\u00e9er c&#039;est R\u00e9sister\" \/>\n\t<meta name=\"twitter:label2\" content=\"Dur\u00e9e de lecture estim\u00e9e\" \/>\n\t<meta name=\"twitter:data2\" content=\"16 minutes\" \/>\n<script type=\"application\/ld+json\" class=\"yoast-schema-graph\">{\"@context\":\"https:\\\/\\\/schema.org\",\"@graph\":[{\"@type\":\"Article\",\"@id\":\"https:\\\/\\\/lanuitdesours.lautre.net\\\/?p=4068#article\",\"isPartOf\":{\"@id\":\"https:\\\/\\\/lanuitdesours.lautre.net\\\/?p=4068\"},\"author\":{\"name\":\"Cr\u00e9er c'est R\u00e9sister\",\"@id\":\"https:\\\/\\\/lanuitdesours.lautre.net\\\/#\\\/schema\\\/person\\\/1f4500f2f631d9916d6b39f1c0ba934c\"},\"headline\":\"M\u00e9moires et r\u00e9sistances\",\"datePublished\":\"2025-07-22T01:45:21+00:00\",\"dateModified\":\"2025-08-01T11:37:14+00:00\",\"mainEntityOfPage\":{\"@id\":\"https:\\\/\\\/lanuitdesours.lautre.net\\\/?p=4068\"},\"wordCount\":1313,\"publisher\":{\"@id\":\"https:\\\/\\\/lanuitdesours.lautre.net\\\/#organization\"},\"image\":{\"@id\":\"https:\\\/\\\/lanuitdesours.lautre.net\\\/?p=4068#primaryimage\"},\"thumbnailUrl\":\"https:\\\/\\\/lanuitdesours.lautre.net\\\/wp-content\\\/uploads\\\/2025\\\/07\\\/Mohammad-Al-Haj_2-1-e1753492440624.jpeg\",\"articleSection\":[\"Edition 2025\"],\"inLanguage\":\"fr-FR\"},{\"@type\":\"WebPage\",\"@id\":\"https:\\\/\\\/lanuitdesours.lautre.net\\\/?p=4068\",\"url\":\"https:\\\/\\\/lanuitdesours.lautre.net\\\/?p=4068\",\"name\":\"M\u00e9moires et r\u00e9sistances - La Nuit des Ours Edition 2025\",\"isPartOf\":{\"@id\":\"https:\\\/\\\/lanuitdesours.lautre.net\\\/#website\"},\"primaryImageOfPage\":{\"@id\":\"https:\\\/\\\/lanuitdesours.lautre.net\\\/?p=4068#primaryimage\"},\"image\":{\"@id\":\"https:\\\/\\\/lanuitdesours.lautre.net\\\/?p=4068#primaryimage\"},\"thumbnailUrl\":\"https:\\\/\\\/lanuitdesours.lautre.net\\\/wp-content\\\/uploads\\\/2025\\\/07\\\/Mohammad-Al-Haj_2-1-e1753492440624.jpeg\",\"datePublished\":\"2025-07-22T01:45:21+00:00\",\"dateModified\":\"2025-08-01T11:37:14+00:00\",\"description\":\"M\u00c9MOIRES ET R\u00c9SISTANCES. 5 AO\u00dbT > Exposition Somayeh Pakar \\\/ 6 AO\u00dbT > Hommage aux Halbreich & ANEMOIA \\\/ 9 AO\u00dbT > 1945 NAGASAKI \\\/ 11 AO\u00dbT > BIENNALE DE GAZA.\",\"breadcrumb\":{\"@id\":\"https:\\\/\\\/lanuitdesours.lautre.net\\\/?p=4068#breadcrumb\"},\"inLanguage\":\"fr-FR\",\"potentialAction\":[{\"@type\":\"ReadAction\",\"target\":[\"https:\\\/\\\/lanuitdesours.lautre.net\\\/?p=4068\"]}]},{\"@type\":\"ImageObject\",\"inLanguage\":\"fr-FR\",\"@id\":\"https:\\\/\\\/lanuitdesours.lautre.net\\\/?p=4068#primaryimage\",\"url\":\"https:\\\/\\\/lanuitdesours.lautre.net\\\/wp-content\\\/uploads\\\/2025\\\/07\\\/Mohammad-Al-Haj_2-1-e1753492440624.jpeg\",\"contentUrl\":\"https:\\\/\\\/lanuitdesours.lautre.net\\\/wp-content\\\/uploads\\\/2025\\\/07\\\/Mohammad-Al-Haj_2-1-e1753492440624.jpeg\",\"width\":930,\"height\":733,\"caption\":\"Abu Al Kuffiyeh \u00a9 Mohammad Al-Haj \\\/ GAZA BIENNALE\"},{\"@type\":\"BreadcrumbList\",\"@id\":\"https:\\\/\\\/lanuitdesours.lautre.net\\\/?p=4068#breadcrumb\",\"itemListElement\":[{\"@type\":\"ListItem\",\"position\":1,\"name\":\"Accueil\",\"item\":\"https:\\\/\\\/lanuitdesours.lautre.net\\\/\"},{\"@type\":\"ListItem\",\"position\":2,\"name\":\"M\u00e9moires et r\u00e9sistances\"}]},{\"@type\":\"WebSite\",\"@id\":\"https:\\\/\\\/lanuitdesours.lautre.net\\\/#website\",\"url\":\"https:\\\/\\\/lanuitdesours.lautre.net\\\/\",\"name\":\"La Nuit des Ours\",\"description\":\"CR\u00c9ER C&#039;EST R\u00c9SISTER | R\u00c9SISTER C&#039;EST CR\u00c9ER\",\"publisher\":{\"@id\":\"https:\\\/\\\/lanuitdesours.lautre.net\\\/#organization\"},\"potentialAction\":[{\"@type\":\"SearchAction\",\"target\":{\"@type\":\"EntryPoint\",\"urlTemplate\":\"https:\\\/\\\/lanuitdesours.lautre.net\\\/?s={search_term_string}\"},\"query-input\":{\"@type\":\"PropertyValueSpecification\",\"valueRequired\":true,\"valueName\":\"search_term_string\"}}],\"inLanguage\":\"fr-FR\"},{\"@type\":\"Organization\",\"@id\":\"https:\\\/\\\/lanuitdesours.lautre.net\\\/#organization\",\"name\":\"Association LA NUIT DES OURS\",\"url\":\"https:\\\/\\\/lanuitdesours.lautre.net\\\/\",\"logo\":{\"@type\":\"ImageObject\",\"inLanguage\":\"fr-FR\",\"@id\":\"https:\\\/\\\/lanuitdesours.lautre.net\\\/#\\\/schema\\\/logo\\\/image\\\/\",\"url\":\"https:\\\/\\\/nuit-des-ours.com\\\/wp-content\\\/uploads\\\/2022\\\/07\\\/cropped-NDO_logo-noir_jaune.jpg\",\"contentUrl\":\"https:\\\/\\\/nuit-des-ours.com\\\/wp-content\\\/uploads\\\/2022\\\/07\\\/cropped-NDO_logo-noir_jaune.jpg\",\"width\":512,\"height\":512,\"caption\":\"Association LA NUIT DES OURS\"},\"image\":{\"@id\":\"https:\\\/\\\/lanuitdesours.lautre.net\\\/#\\\/schema\\\/logo\\\/image\\\/\"},\"sameAs\":[\"https:\\\/\\\/www.facebook.com\\\/lanuitdesours\\\/\",\"https:\\\/\\\/www.instagram.com\\\/lanuitdesours\\\/\"]},{\"@type\":\"Person\",\"@id\":\"https:\\\/\\\/lanuitdesours.lautre.net\\\/#\\\/schema\\\/person\\\/1f4500f2f631d9916d6b39f1c0ba934c\",\"name\":\"Cr\u00e9er c'est R\u00e9sister\",\"image\":{\"@type\":\"ImageObject\",\"inLanguage\":\"fr-FR\",\"@id\":\"https:\\\/\\\/secure.gravatar.com\\\/avatar\\\/08f4e38908e105d843bc2bab0e7af2243257415b61b5fe99e955c21a5f61fc2b?s=96&d=mm&r=g\",\"url\":\"https:\\\/\\\/secure.gravatar.com\\\/avatar\\\/08f4e38908e105d843bc2bab0e7af2243257415b61b5fe99e955c21a5f61fc2b?s=96&d=mm&r=g\",\"contentUrl\":\"https:\\\/\\\/secure.gravatar.com\\\/avatar\\\/08f4e38908e105d843bc2bab0e7af2243257415b61b5fe99e955c21a5f61fc2b?s=96&d=mm&r=g\",\"caption\":\"Cr\u00e9er c'est R\u00e9sister\"},\"sameAs\":[\"http:\\\/\\\/www.lanuitdesours.lautre.net\"],\"url\":\"https:\\\/\\\/lanuitdesours.lautre.net\\\/?author=1\"}]}<\/script>\n<!-- \/ Yoast SEO plugin. -->","yoast_head_json":{"title":"M\u00e9moires et r\u00e9sistances - La Nuit des Ours Edition 2025","description":"M\u00c9MOIRES ET R\u00c9SISTANCES. 5 AO\u00dbT > Exposition Somayeh Pakar \/ 6 AO\u00dbT > Hommage aux Halbreich & ANEMOIA \/ 9 AO\u00dbT > 1945 NAGASAKI \/ 11 AO\u00dbT > BIENNALE DE GAZA.","robots":{"index":"index","follow":"follow","max-snippet":"max-snippet:-1","max-image-preview":"max-image-preview:large","max-video-preview":"max-video-preview:-1"},"canonical":"https:\/\/lanuitdesours.lautre.net\/?p=4068","og_locale":"fr_FR","og_type":"article","og_title":"M\u00e9moires et r\u00e9sistances - La Nuit des Ours Edition 2025","og_description":"M\u00c9MOIRES ET R\u00c9SISTANCES. 5 AO\u00dbT > Exposition Somayeh Pakar \/ 6 AO\u00dbT > Hommage aux Halbreich & ANEMOIA \/ 9 AO\u00dbT > 1945 NAGASAKI \/ 11 AO\u00dbT > BIENNALE DE GAZA.","og_url":"https:\/\/lanuitdesours.lautre.net\/?p=4068","og_site_name":"La Nuit des Ours","article_publisher":"https:\/\/www.facebook.com\/lanuitdesours\/","article_published_time":"2025-07-22T01:45:21+00:00","article_modified_time":"2025-08-01T11:37:14+00:00","og_image":[{"width":930,"height":733,"url":"https:\/\/lanuitdesours.lautre.net\/wp-content\/uploads\/2025\/07\/Mohammad-Al-Haj_2-1-e1753492440624.jpeg","type":"image\/jpeg"}],"author":"Cr\u00e9er c'est R\u00e9sister","twitter_card":"summary_large_image","twitter_misc":{"\u00c9crit par":"Cr\u00e9er c'est R\u00e9sister","Dur\u00e9e de lecture estim\u00e9e":"16 minutes"},"schema":{"@context":"https:\/\/schema.org","@graph":[{"@type":"Article","@id":"https:\/\/lanuitdesours.lautre.net\/?p=4068#article","isPartOf":{"@id":"https:\/\/lanuitdesours.lautre.net\/?p=4068"},"author":{"name":"Cr\u00e9er c'est R\u00e9sister","@id":"https:\/\/lanuitdesours.lautre.net\/#\/schema\/person\/1f4500f2f631d9916d6b39f1c0ba934c"},"headline":"M\u00e9moires et r\u00e9sistances","datePublished":"2025-07-22T01:45:21+00:00","dateModified":"2025-08-01T11:37:14+00:00","mainEntityOfPage":{"@id":"https:\/\/lanuitdesours.lautre.net\/?p=4068"},"wordCount":1313,"publisher":{"@id":"https:\/\/lanuitdesours.lautre.net\/#organization"},"image":{"@id":"https:\/\/lanuitdesours.lautre.net\/?p=4068#primaryimage"},"thumbnailUrl":"https:\/\/lanuitdesours.lautre.net\/wp-content\/uploads\/2025\/07\/Mohammad-Al-Haj_2-1-e1753492440624.jpeg","articleSection":["Edition 2025"],"inLanguage":"fr-FR"},{"@type":"WebPage","@id":"https:\/\/lanuitdesours.lautre.net\/?p=4068","url":"https:\/\/lanuitdesours.lautre.net\/?p=4068","name":"M\u00e9moires et r\u00e9sistances - La Nuit des Ours Edition 2025","isPartOf":{"@id":"https:\/\/lanuitdesours.lautre.net\/#website"},"primaryImageOfPage":{"@id":"https:\/\/lanuitdesours.lautre.net\/?p=4068#primaryimage"},"image":{"@id":"https:\/\/lanuitdesours.lautre.net\/?p=4068#primaryimage"},"thumbnailUrl":"https:\/\/lanuitdesours.lautre.net\/wp-content\/uploads\/2025\/07\/Mohammad-Al-Haj_2-1-e1753492440624.jpeg","datePublished":"2025-07-22T01:45:21+00:00","dateModified":"2025-08-01T11:37:14+00:00","description":"M\u00c9MOIRES ET R\u00c9SISTANCES. 5 AO\u00dbT > Exposition Somayeh Pakar \/ 6 AO\u00dbT > Hommage aux Halbreich & ANEMOIA \/ 9 AO\u00dbT > 1945 NAGASAKI \/ 11 AO\u00dbT > BIENNALE DE GAZA.","breadcrumb":{"@id":"https:\/\/lanuitdesours.lautre.net\/?p=4068#breadcrumb"},"inLanguage":"fr-FR","potentialAction":[{"@type":"ReadAction","target":["https:\/\/lanuitdesours.lautre.net\/?p=4068"]}]},{"@type":"ImageObject","inLanguage":"fr-FR","@id":"https:\/\/lanuitdesours.lautre.net\/?p=4068#primaryimage","url":"https:\/\/lanuitdesours.lautre.net\/wp-content\/uploads\/2025\/07\/Mohammad-Al-Haj_2-1-e1753492440624.jpeg","contentUrl":"https:\/\/lanuitdesours.lautre.net\/wp-content\/uploads\/2025\/07\/Mohammad-Al-Haj_2-1-e1753492440624.jpeg","width":930,"height":733,"caption":"Abu Al Kuffiyeh \u00a9 Mohammad Al-Haj \/ GAZA BIENNALE"},{"@type":"BreadcrumbList","@id":"https:\/\/lanuitdesours.lautre.net\/?p=4068#breadcrumb","itemListElement":[{"@type":"ListItem","position":1,"name":"Accueil","item":"https:\/\/lanuitdesours.lautre.net\/"},{"@type":"ListItem","position":2,"name":"M\u00e9moires et r\u00e9sistances"}]},{"@type":"WebSite","@id":"https:\/\/lanuitdesours.lautre.net\/#website","url":"https:\/\/lanuitdesours.lautre.net\/","name":"La Nuit des Ours","description":"CR\u00c9ER C&#039;EST R\u00c9SISTER | R\u00c9SISTER C&#039;EST CR\u00c9ER","publisher":{"@id":"https:\/\/lanuitdesours.lautre.net\/#organization"},"potentialAction":[{"@type":"SearchAction","target":{"@type":"EntryPoint","urlTemplate":"https:\/\/lanuitdesours.lautre.net\/?s={search_term_string}"},"query-input":{"@type":"PropertyValueSpecification","valueRequired":true,"valueName":"search_term_string"}}],"inLanguage":"fr-FR"},{"@type":"Organization","@id":"https:\/\/lanuitdesours.lautre.net\/#organization","name":"Association LA NUIT DES OURS","url":"https:\/\/lanuitdesours.lautre.net\/","logo":{"@type":"ImageObject","inLanguage":"fr-FR","@id":"https:\/\/lanuitdesours.lautre.net\/#\/schema\/logo\/image\/","url":"https:\/\/nuit-des-ours.com\/wp-content\/uploads\/2022\/07\/cropped-NDO_logo-noir_jaune.jpg","contentUrl":"https:\/\/nuit-des-ours.com\/wp-content\/uploads\/2022\/07\/cropped-NDO_logo-noir_jaune.jpg","width":512,"height":512,"caption":"Association LA NUIT DES OURS"},"image":{"@id":"https:\/\/lanuitdesours.lautre.net\/#\/schema\/logo\/image\/"},"sameAs":["https:\/\/www.facebook.com\/lanuitdesours\/","https:\/\/www.instagram.com\/lanuitdesours\/"]},{"@type":"Person","@id":"https:\/\/lanuitdesours.lautre.net\/#\/schema\/person\/1f4500f2f631d9916d6b39f1c0ba934c","name":"Cr\u00e9er c'est R\u00e9sister","image":{"@type":"ImageObject","inLanguage":"fr-FR","@id":"https:\/\/secure.gravatar.com\/avatar\/08f4e38908e105d843bc2bab0e7af2243257415b61b5fe99e955c21a5f61fc2b?s=96&d=mm&r=g","url":"https:\/\/secure.gravatar.com\/avatar\/08f4e38908e105d843bc2bab0e7af2243257415b61b5fe99e955c21a5f61fc2b?s=96&d=mm&r=g","contentUrl":"https:\/\/secure.gravatar.com\/avatar\/08f4e38908e105d843bc2bab0e7af2243257415b61b5fe99e955c21a5f61fc2b?s=96&d=mm&r=g","caption":"Cr\u00e9er c'est R\u00e9sister"},"sameAs":["http:\/\/www.lanuitdesours.lautre.net"],"url":"https:\/\/lanuitdesours.lautre.net\/?author=1"}]}},"_links":{"self":[{"href":"https:\/\/lanuitdesours.lautre.net\/index.php?rest_route=\/wp\/v2\/posts\/4068","targetHints":{"allow":["GET"]}}],"collection":[{"href":"https:\/\/lanuitdesours.lautre.net\/index.php?rest_route=\/wp\/v2\/posts"}],"about":[{"href":"https:\/\/lanuitdesours.lautre.net\/index.php?rest_route=\/wp\/v2\/types\/post"}],"author":[{"embeddable":true,"href":"https:\/\/lanuitdesours.lautre.net\/index.php?rest_route=\/wp\/v2\/users\/1"}],"replies":[{"embeddable":true,"href":"https:\/\/lanuitdesours.lautre.net\/index.php?rest_route=%2Fwp%2Fv2%2Fcomments&post=4068"}],"version-history":[{"count":44,"href":"https:\/\/lanuitdesours.lautre.net\/index.php?rest_route=\/wp\/v2\/posts\/4068\/revisions"}],"predecessor-version":[{"id":4358,"href":"https:\/\/lanuitdesours.lautre.net\/index.php?rest_route=\/wp\/v2\/posts\/4068\/revisions\/4358"}],"wp:featuredmedia":[{"embeddable":true,"href":"https:\/\/lanuitdesours.lautre.net\/index.php?rest_route=\/wp\/v2\/media\/4182"}],"wp:attachment":[{"href":"https:\/\/lanuitdesours.lautre.net\/index.php?rest_route=%2Fwp%2Fv2%2Fmedia&parent=4068"}],"wp:term":[{"taxonomy":"category","embeddable":true,"href":"https:\/\/lanuitdesours.lautre.net\/index.php?rest_route=%2Fwp%2Fv2%2Fcategories&post=4068"},{"taxonomy":"post_tag","embeddable":true,"href":"https:\/\/lanuitdesours.lautre.net\/index.php?rest_route=%2Fwp%2Fv2%2Ftags&post=4068"}],"curies":[{"name":"wp","href":"https:\/\/api.w.org\/{rel}","templated":true}]}}