{"id":4016,"date":"2025-07-23T01:15:45","date_gmt":"2025-07-22T23:15:45","guid":{"rendered":"https:\/\/nuit-des-ours.com\/?p=4016"},"modified":"2025-08-02T16:19:14","modified_gmt":"2025-08-02T14:19:14","slug":"rester-vivant-eau","status":"publish","type":"post","link":"https:\/\/lanuitdesours.lautre.net\/?p=4016","title":{"rendered":"Rester Vivant"},"content":{"rendered":"\n<h2 class=\"wp-block-heading\">RESTER VIVANT, 6-7-8 AO\u00dbT<\/h2>\n\n\n\n<div class=\"wp-block-columns is-layout-flex wp-container-core-columns-is-layout-8f761849 wp-block-columns-is-layout-flex\">\n<div class=\"wp-block-column is-layout-flow wp-block-column-is-layout-flow\">\n<h6 class=\"wp-block-heading\"><mark style=\"background-color:#00cccc\" class=\"has-inline-color\">#3 Une goutte pour demain<\/mark><\/h6>\n\n\n\n<h2 class=\"wp-block-heading\"><mark style=\"background-color:#00cccc\" class=\"has-inline-color\">DE L\u2019EAU D\u2019ICI \u00c0 L\u2019EAU-DEL\u00c0, L\u2019EAU C\u2019EST LA VIE<\/mark><\/h2>\n\n\n\n<p class=\"wp-block-paragraph\"><strong><mark style=\"background-color:rgba(0, 0, 0, 0)\" class=\"has-inline-color has-accent-1-color\">RESTER VIVANT<\/mark><\/strong><mark style=\"background-color:rgba(0, 0, 0, 0)\" class=\"has-inline-color has-accent-1-color\"> <\/mark>est un espace-temps d\u2019\u00e9changes, de coop\u00e9ration et d\u2019exploration o\u00f9 l\u2019on s\u2019interroge sur notre rapport au monde. A l\u2019initiative de La Nuit des Ours, le travail d\u2019organisation de cette proposition est collectif et men\u00e9 en partenariat avec <strong><a href=\"https:\/\/lapetiteuniversite.net\/\">La Petite Universit\u00e9<\/a><\/strong>, le <strong><a href=\"http:\/\/boutchaboutch.com\/\">Boutch \u00e0 Boutch<\/a><\/strong> et <strong><a href=\"https:\/\/www.helloasso.com\/associations\/zouz-collective\">UN.E.S<\/a><\/strong>, trois associations de la vall\u00e9e de Chamonix. <\/p>\n\n\n\n<p class=\"wp-block-paragraph\">Cette ann\u00e9e, nous abordons le th\u00e8me de l&rsquo;eau, ou plut\u00f4t celui de notre rapport \u00e0 l&rsquo;eau.<\/p>\n<\/div>\n\n\n\n<div class=\"wp-block-column is-vertically-aligned-bottom is-layout-flow wp-block-column-is-layout-flow\"><div class=\"wp-block-image\">\n<figure class=\"aligncenter size-large\"><img loading=\"lazy\" decoding=\"async\" width=\"1024\" height=\"683\" src=\"https:\/\/nuit-des-ours.com\/wp-content\/uploads\/2025\/07\/2_Clio_reduced-1024x683.jpg\" alt=\"\" class=\"wp-image-4017\" srcset=\"https:\/\/lanuitdesours.lautre.net\/wp-content\/uploads\/2025\/07\/2_Clio_reduced-1024x683.jpg 1024w, https:\/\/lanuitdesours.lautre.net\/wp-content\/uploads\/2025\/07\/2_Clio_reduced-300x200.jpg 300w, https:\/\/lanuitdesours.lautre.net\/wp-content\/uploads\/2025\/07\/2_Clio_reduced-768x512.jpg 768w, https:\/\/lanuitdesours.lautre.net\/wp-content\/uploads\/2025\/07\/2_Clio_reduced-1536x1024.jpg 1536w, https:\/\/lanuitdesours.lautre.net\/wp-content\/uploads\/2025\/07\/2_Clio_reduced-2048x1365.jpg 2048w, https:\/\/lanuitdesours.lautre.net\/wp-content\/uploads\/2025\/07\/2_Clio_reduced-450x300.jpg 450w\" sizes=\"auto, (max-width: 1024px) 100vw, 1024px\" \/><figcaption class=\"wp-element-caption\"><sup><strong><em>Photo: \u00a9 Clio Di Giovanni<\/em><\/strong><\/sup><\/figcaption><\/figure>\n<\/div><\/div>\n<\/div>\n\n\n\n<div class=\"wp-block-columns is-layout-flex wp-container-core-columns-is-layout-8f761849 wp-block-columns-is-layout-flex\">\n<div class=\"wp-block-column is-layout-flow wp-block-column-is-layout-flow\"><\/div>\n\n\n\n<div class=\"wp-block-column is-layout-flow wp-block-column-is-layout-flow\"><\/div>\n<\/div>\n\n\n\n<p class=\"wp-block-paragraph\"><strong>Quelle chance immense de vivre dans une vall\u00e9e o\u00f9 l\u2019eau douce est abondante et pr\u00e9sente dans tous ses \u00e9tats. Glaciers suspendus, permafrost, lacs, torrents, rivi\u00e8res cristallines, poissonneuses ou limoneuses, zones humides, v\u00e9g\u00e9tation verdoyante, nuages, humidit\u00e9 de l\u2019air qu\u2019on respire, pluies, neiges\u2026<\/strong><\/p>\n\n\n\n<p class=\"wp-block-paragraph\"><strong>Force tranquille tenace et pers\u00e9v\u00e9rante, l\u2019eau flue d\u2019amont en aval et \u00e0 travers tout le tissu de la terre et du vivant, avec sa propre mesure du temps. Trop souvent pollu\u00e9e ou accapar\u00e9e, dangereuse parfois, elle est aussi porteuse d\u2019espoir. Car l\u2019eau \u00e9chappe toujours \u00e0 son contenant. Toujours pr\u00eate \u00e0 recommencer.<\/strong><\/p>\n\n\n\n<p class=\"wp-block-paragraph\"><strong>Au del\u00e0 d\u2019une simple ressource \u00e0 g\u00e9rer et exploiter, comment redonner \u00e0 l\u2019eau sa dimension de source de vie et d\u2019inspiration, pour mieux vivre sur Terre gr\u00e2ce \u00e0 elle et avec elle, le plus longtemps possible ? Peut-on s\u2019inspirer de l\u2019eau pour nous indiquer de nouvelles voies\/voix pour imaginer et cr\u00e9er ensemble le monde de demain ?<\/strong><\/p>\n\n\n\n<div style=\"height:50px\" aria-hidden=\"true\" class=\"wp-block-spacer\"><\/div>\n\n\n\n<div class=\"wp-block-buttons is-layout-flex wp-block-buttons-is-layout-flex\">\n<div class=\"wp-block-button is-style-outline is-style-outline--1\"><a class=\"wp-block-button__link has-normal-font-size has-custom-font-size wp-element-button\" href=\"https:\/\/www.helloasso.com\/associations\/la-nuit-des-ours\/evenements\/rester-vivant-6-7-et-8-aout-edition-2025\" style=\"border-radius:0px\" target=\"_blank\" rel=\"noreferrer noopener\">PARTICIPER<\/a><\/div>\n<\/div>\n\n\n\n<div style=\"height:50px\" aria-hidden=\"true\" class=\"wp-block-spacer\"><\/div>\n\n\n<div class=\"wp-block-image\">\n<figure class=\"aligncenter size-large\"><img loading=\"lazy\" decoding=\"async\" width=\"1024\" height=\"576\" src=\"https:\/\/nuit-des-ours.com\/wp-content\/uploads\/2025\/07\/20200807_172716-1024x576.jpg\" alt=\"\" class=\"wp-image-4054\" srcset=\"https:\/\/lanuitdesours.lautre.net\/wp-content\/uploads\/2025\/07\/20200807_172716-1024x576.jpg 1024w, https:\/\/lanuitdesours.lautre.net\/wp-content\/uploads\/2025\/07\/20200807_172716-300x169.jpg 300w, https:\/\/lanuitdesours.lautre.net\/wp-content\/uploads\/2025\/07\/20200807_172716-768x432.jpg 768w, https:\/\/lanuitdesours.lautre.net\/wp-content\/uploads\/2025\/07\/20200807_172716-1536x864.jpg 1536w, https:\/\/lanuitdesours.lautre.net\/wp-content\/uploads\/2025\/07\/20200807_172716-2048x1152.jpg 2048w, https:\/\/lanuitdesours.lautre.net\/wp-content\/uploads\/2025\/07\/20200807_172716-496x279.jpg 496w\" sizes=\"auto, (max-width: 1024px) 100vw, 1024px\" \/><figcaption class=\"wp-element-caption\"><strong><em><sup>L&rsquo;Aiguille Verte depuis Loriaz, 8\/2020 \u00a9 Yumi C\u00e9lia<\/sup><\/em><\/strong><\/figcaption><\/figure>\n<\/div>\n\n\n<div style=\"height:50px\" aria-hidden=\"true\" class=\"wp-block-spacer\"><\/div>\n\n\n\n<h6 class=\"wp-block-heading\"><mark style=\"background-color:#00cccc\" class=\"has-inline-color\">Mercredi 6 ao\u00fbt<\/mark><\/h6>\n\n\n\n<h3 class=\"wp-block-heading\">&gt; <mark style=\"background-color:#00cccc\" class=\"has-inline-color\">L\u2019EAU D\u2019ICI &amp; L\u2019EAU-DEL\u00c0<\/mark><\/h3>\n\n\n\n<div class=\"wp-block-columns is-layout-flex wp-container-core-columns-is-layout-8f761849 wp-block-columns-is-layout-flex\">\n<div class=\"wp-block-column is-layout-flow wp-block-column-is-layout-flow\">\n<h4 class=\"wp-block-heading\"><strong><mark style=\"background-color:rgba(0, 0, 0, 0)\" class=\"has-inline-color has-accent-2-color\">L\u2019EAU D\u2019ICI<\/mark><\/strong><\/h4>\n\n\n\n<p class=\"wp-block-paragraph\"><strong><mark style=\"background-color:rgba(0, 0, 0, 0)\" class=\"has-inline-color has-accent-1-color\">10h-12h \/ Lieu : RDV \u00e0 la gare du Buet (Vallorcine)<\/mark><\/strong><br><strong>Balade* le long de l\u2019Eau Noire \u00e0 la rencontre d\u2019intervenants locaux afin de parler d\u2019histoire, de pollution, de risques, de droits et de politique autour de la gestion et de l\u2019acc\u00e8s \u00e0 ce bien commun.<\/strong><br><em>Avec <strong>J\u00e9r\u00e9my Vallas<\/strong> (Maire de Vallorcine), <strong>G\u00e9rard Burnet<\/strong> (encyclop\u00e9die humaine de l\u2019eau \u00e0 Vallorcine), <strong>Renaud Filippelli<\/strong> (amateur de p\u00eache et enfant de l\u2019Eau Noire) et <strong>Daniel Freymann<\/strong> (sp\u00e9cialiste des r\u00e9seaux et des sources)<\/em><\/p>\n\n\n\n<div class=\"wp-block-buttons is-layout-flex wp-block-buttons-is-layout-flex\">\n<div class=\"wp-block-button is-style-outline is-style-outline--2\"><a class=\"wp-block-button__link has-normal-font-size has-custom-font-size wp-element-button\" href=\"https:\/\/www.helloasso.com\/associations\/la-nuit-des-ours\/evenements\/rester-vivant-6-7-et-8-aout-edition-2025\" style=\"border-radius:0px\" target=\"_blank\" rel=\"noreferrer noopener\">PARTICIPER<\/a><\/div>\n<\/div>\n<\/div>\n\n\n\n<div class=\"wp-block-column is-vertically-aligned-bottom is-layout-flow wp-block-column-is-layout-flow\"><div class=\"wp-block-image\">\n<figure class=\"aligncenter size-large is-resized\"><img loading=\"lazy\" decoding=\"async\" width=\"768\" height=\"1024\" src=\"https:\/\/nuit-des-ours.com\/wp-content\/uploads\/2025\/07\/20250729_152214-768x1024.jpg\" alt=\"\" class=\"wp-image-4315\" style=\"width:300px\" srcset=\"https:\/\/lanuitdesours.lautre.net\/wp-content\/uploads\/2025\/07\/20250729_152214-768x1024.jpg 768w, https:\/\/lanuitdesours.lautre.net\/wp-content\/uploads\/2025\/07\/20250729_152214-225x300.jpg 225w, https:\/\/lanuitdesours.lautre.net\/wp-content\/uploads\/2025\/07\/20250729_152214-1152x1536.jpg 1152w, https:\/\/lanuitdesours.lautre.net\/wp-content\/uploads\/2025\/07\/20250729_152214-1536x2048.jpg 1536w, https:\/\/lanuitdesours.lautre.net\/wp-content\/uploads\/2025\/07\/20250729_152214-scaled.jpg 1920w\" sizes=\"auto, (max-width: 768px) 100vw, 768px\" \/><figcaption class=\"wp-element-caption\"><strong><em><sup>L&rsquo;Eau Noire, Vallorcine \u00a9 Yumi C\u00e9lia<\/sup><\/em><\/strong><\/figcaption><\/figure>\n<\/div><\/div>\n<\/div>\n\n\n\n<div style=\"height:30px\" aria-hidden=\"true\" class=\"wp-block-spacer\"><\/div>\n\n\n\n<div class=\"wp-block-columns is-layout-flex wp-container-core-columns-is-layout-8f761849 wp-block-columns-is-layout-flex\">\n<div class=\"wp-block-column is-layout-flow wp-block-column-is-layout-flow\">\n<h4 class=\"wp-block-heading\"><strong><mark style=\"background-color:rgba(0, 0, 0, 0)\" class=\"has-inline-color has-accent-2-color\">L\u2019EAU-DEL\u00c0<\/mark><\/strong><\/h4>\n\n\n\n<p class=\"wp-block-paragraph\"><strong><mark style=\"background-color:rgba(0, 0, 0, 0)\" class=\"has-inline-color has-accent-1-color\">14h-16h \/ Lieu : RDV \u00e0 la gare du Buet (Vallorcine)<\/mark><\/strong><br><strong>Comment le prisme du cycle et de la gestion de l\u2019eau, refl\u00e8te <strong>les dynamiques de pouvoir et de domination \u00e0 travers <\/strong>le monde ? <strong>Expos\u00e9s et discussions<\/strong> sur le pouvoir de l&rsquo;eau, en contexte de guerre et de changement climatique. <\/strong><br>&gt; <strong>L&rsquo;eau et le pouvoir au Proche Orient<\/strong>, <em>avec <strong>Timoth\u00e9e Mottin<\/strong> (professeur de science politique)<\/em><br>&gt; <strong>Enjeux des d\u00e9placements et migrations au fil de l\u2019eau<\/strong>, avec <em><strong>Dina Ionesco<\/strong> (sp\u00e9cialiste asile, migration et climat \u00e0 l\u2019Agence des Nations Unies pour les R\u00e9fugi\u00e9s HCR)<\/em><\/p>\n\n\n\n<div class=\"wp-block-buttons is-layout-flex wp-block-buttons-is-layout-flex\">\n<div class=\"wp-block-button is-style-outline is-style-outline--3\"><a class=\"wp-block-button__link has-normal-font-size has-custom-font-size wp-element-button\" href=\"https:\/\/www.helloasso.com\/associations\/la-nuit-des-ours\/evenements\/rester-vivant-6-7-et-8-aout-edition-2025\" style=\"border-radius:0px\" target=\"_blank\" rel=\"noreferrer noopener\">PARTICIPER<\/a><\/div>\n<\/div>\n<\/div>\n\n\n\n<div class=\"wp-block-column is-vertically-aligned-center is-layout-flow wp-block-column-is-layout-flow\"><div class=\"wp-block-image\">\n<figure class=\"aligncenter size-medium is-resized\"><img loading=\"lazy\" decoding=\"async\" width=\"300\" height=\"200\" src=\"https:\/\/nuit-des-ours.com\/wp-content\/uploads\/2025\/07\/Eau-dela_2_Copyrights-HCCS_-Samuel-Turpin-300x200.jpg\" alt=\"\" class=\"wp-image-4270\" style=\"width:400px\" srcset=\"https:\/\/lanuitdesours.lautre.net\/wp-content\/uploads\/2025\/07\/Eau-dela_2_Copyrights-HCCS_-Samuel-Turpin-300x200.jpg 300w, https:\/\/lanuitdesours.lautre.net\/wp-content\/uploads\/2025\/07\/Eau-dela_2_Copyrights-HCCS_-Samuel-Turpin-1024x684.jpg 1024w, https:\/\/lanuitdesours.lautre.net\/wp-content\/uploads\/2025\/07\/Eau-dela_2_Copyrights-HCCS_-Samuel-Turpin-768x513.jpg 768w, https:\/\/lanuitdesours.lautre.net\/wp-content\/uploads\/2025\/07\/Eau-dela_2_Copyrights-HCCS_-Samuel-Turpin-449x300.jpg 449w, https:\/\/lanuitdesours.lautre.net\/wp-content\/uploads\/2025\/07\/Eau-dela_2_Copyrights-HCCS_-Samuel-Turpin.jpg 1402w\" sizes=\"auto, (max-width: 300px) 100vw, 300px\" \/><figcaption class=\"wp-element-caption\"><strong><em><sup>Mali : la chaleur du Sahel \u00a9 HCCS \/ Samuel-Turpin<\/sup><\/em><\/strong><\/figcaption><\/figure>\n<\/div><\/div>\n<\/div>\n\n\n\n<div style=\"height:30px\" aria-hidden=\"true\" class=\"wp-block-spacer\"><\/div>\n\n\n\n<div class=\"wp-block-columns is-layout-flex wp-container-core-columns-is-layout-8f761849 wp-block-columns-is-layout-flex\">\n<div class=\"wp-block-column is-layout-flow wp-block-column-is-layout-flow\">\n<h4 class=\"wp-block-heading\"><strong><mark style=\"background-color:rgba(0, 0, 0, 0)\" class=\"has-inline-color has-accent-2-color\">AU FIL DE L\u2019EAU<\/mark><\/strong><\/h4>\n\n\n\n<p class=\"wp-block-paragraph\"><strong><mark style=\"background-color:rgba(0, 0, 0, 0)\" class=\"has-inline-color has-accent-1-color\">19h \/ Lieu : Librairie Sauvage (Chamonix)<\/mark><\/strong><br><strong>Comment \u00e9crire l\u2019eau ? Quels nouveaux liens po\u00e9tiques et politiques pourrait-on r\u00e9inventer avec l\u2019eau ? Rencontre litt\u00e9raire suivie d\u2019une s\u00e9ance de d\u00e9dicaces.<\/strong><br><em>Avec <strong>Morgan Segui<\/strong> (auteur de Cinq jours au Timor) et une romanci\u00e8re \u00e9cof\u00e9ministe (pr\u00e9sence \u00e0 confirmer).<\/em><\/p>\n\n\n\n<div class=\"wp-block-buttons is-layout-flex wp-block-buttons-is-layout-flex\">\n<div class=\"wp-block-button is-style-outline is-style-outline--4\"><a class=\"wp-block-button__link has-normal-font-size has-custom-font-size wp-element-button\" href=\"https:\/\/www.helloasso.com\/associations\/la-nuit-des-ours\/evenements\/rester-vivant-6-7-et-8-aout-edition-2025\" style=\"border-radius:0px\" target=\"_blank\" rel=\"noreferrer noopener\">PARTICIPER<\/a><\/div>\n<\/div>\n<\/div>\n\n\n\n<div class=\"wp-block-column is-vertically-aligned-bottom is-layout-flow wp-block-column-is-layout-flow\"><div class=\"wp-block-image\">\n<figure class=\"aligncenter size-medium is-resized\"><img loading=\"lazy\" decoding=\"async\" width=\"300\" height=\"200\" src=\"https:\/\/nuit-des-ours.com\/wp-content\/uploads\/2025\/07\/credit_Franck-Faugere_L-Equipe-300x200.jpg\" alt=\"\" class=\"wp-image-4024\" style=\"width:400px\" srcset=\"https:\/\/lanuitdesours.lautre.net\/wp-content\/uploads\/2025\/07\/credit_Franck-Faugere_L-Equipe-300x200.jpg 300w, https:\/\/lanuitdesours.lautre.net\/wp-content\/uploads\/2025\/07\/credit_Franck-Faugere_L-Equipe-768x512.jpg 768w, https:\/\/lanuitdesours.lautre.net\/wp-content\/uploads\/2025\/07\/credit_Franck-Faugere_L-Equipe-450x300.jpg 450w, https:\/\/lanuitdesours.lautre.net\/wp-content\/uploads\/2025\/07\/credit_Franck-Faugere_L-Equipe.jpg 828w\" sizes=\"auto, (max-width: 300px) 100vw, 300px\" \/><figcaption class=\"wp-element-caption\"><strong><em><sup>Morgan Segui \u00a9 Franck Faug\u00e8re<\/sup><\/em><\/strong><\/figcaption><\/figure>\n<\/div><\/div>\n<\/div>\n\n\n\n<div style=\"height:50px\" aria-hidden=\"true\" class=\"wp-block-spacer\"><\/div>\n\n\n\n<h6 class=\"wp-block-heading\"><mark style=\"background-color:#00cccc\" class=\"has-inline-color\">Jeudi 7 ao\u00fbt<\/mark><\/h6>\n\n\n\n<h3 class=\"wp-block-heading\">&gt; <mark style=\"background-color:#00cccc\" class=\"has-inline-color\">AGIR POUR L\u2019EAU<\/mark><\/h3>\n\n\n\n<div class=\"wp-block-columns is-layout-flex wp-container-core-columns-is-layout-8f761849 wp-block-columns-is-layout-flex\">\n<div class=\"wp-block-column is-layout-flow wp-block-column-is-layout-flow\">\n<h4 class=\"wp-block-heading\"><mark style=\"background-color:rgba(0, 0, 0, 0)\" class=\"has-inline-color has-accent-2-color\">LA PO\u00c9TIQUE DE L\u2019EAU<\/mark><\/h4>\n\n\n\n<p class=\"wp-block-paragraph\"><strong><mark style=\"background-color:rgba(0, 0, 0, 0)\" class=\"has-inline-color has-accent-1-color\">9h30-12h30 \/ Lieu : RDV \u00e0 la gare du Buet<\/mark><br>Balade* le long de l\u2019Eau Noire, afin de se ressourcer tout en interrogeant notre rapport \u00e0 l\u2019\u00e9l\u00e9ment par une s\u00e9rie d\u2019exp\u00e9riences guid\u00e9es. Ouverture des sens et immersion intime au c\u0153ur de notre rivi\u00e8re.<\/strong><br><em>Avec <strong>Camille Sova<\/strong> (po\u00e8te), <strong>Yumi C\u00e9lia<\/strong> (artiste-scientifique hybride) et les \u00e9clairages de <strong>Mado Ehrenborg<\/strong> (exploratrice sensible et gardienne de rivi\u00e8res)<\/em><\/p>\n\n\n\n<div class=\"wp-block-buttons is-layout-flex wp-block-buttons-is-layout-flex\">\n<div class=\"wp-block-button is-style-outline is-style-outline--5\"><a class=\"wp-block-button__link has-normal-font-size has-custom-font-size wp-element-button\" href=\"https:\/\/www.helloasso.com\/associations\/la-nuit-des-ours\/evenements\/rester-vivant-6-7-et-8-aout-edition-2025\" style=\"border-radius:0px\" target=\"_blank\" rel=\"noreferrer noopener\">PARTICIPER<\/a><\/div>\n<\/div>\n<\/div>\n\n\n\n<div class=\"wp-block-column is-vertically-aligned-bottom is-layout-flow wp-block-column-is-layout-flow\"><div class=\"wp-block-image\">\n<figure class=\"aligncenter size-medium is-resized\"><img loading=\"lazy\" decoding=\"async\" width=\"300\" height=\"200\" src=\"https:\/\/nuit-des-ours.com\/wp-content\/uploads\/2025\/07\/3_Clio_reduced-300x200.jpg\" alt=\"\" class=\"wp-image-4019\" style=\"width:400px\" srcset=\"https:\/\/lanuitdesours.lautre.net\/wp-content\/uploads\/2025\/07\/3_Clio_reduced-300x200.jpg 300w, https:\/\/lanuitdesours.lautre.net\/wp-content\/uploads\/2025\/07\/3_Clio_reduced-1024x683.jpg 1024w, https:\/\/lanuitdesours.lautre.net\/wp-content\/uploads\/2025\/07\/3_Clio_reduced-768x512.jpg 768w, https:\/\/lanuitdesours.lautre.net\/wp-content\/uploads\/2025\/07\/3_Clio_reduced-1536x1024.jpg 1536w, https:\/\/lanuitdesours.lautre.net\/wp-content\/uploads\/2025\/07\/3_Clio_reduced-2048x1365.jpg 2048w, https:\/\/lanuitdesours.lautre.net\/wp-content\/uploads\/2025\/07\/3_Clio_reduced-450x300.jpg 450w\" sizes=\"auto, (max-width: 300px) 100vw, 300px\" \/><figcaption class=\"wp-element-caption\"><strong><em><strong><em><sup>\u00a9<\/sup><\/em><\/strong><sup> Clio Di Giovanni<\/sup><\/em><\/strong><\/figcaption><\/figure>\n<\/div><\/div>\n<\/div>\n\n\n\n<div class=\"wp-block-columns is-layout-flex wp-container-core-columns-is-layout-8f761849 wp-block-columns-is-layout-flex\">\n<div class=\"wp-block-column is-layout-flow wp-block-column-is-layout-flow\">\n<h4 class=\"wp-block-heading\"><mark style=\"background-color:rgba(0, 0, 0, 0)\" class=\"has-inline-color has-accent-2-color\">CHANT DE L\u2019EAU<\/mark><\/h4>\n\n\n\n<p class=\"wp-block-paragraph\"><strong><mark style=\"background-color:rgba(0, 0, 0, 0)\" class=\"has-inline-color has-accent-1-color\">12h30-13h30 \/ Lieu : quelque part en chemin<\/mark><br>Pique-nique** au bord de l\u2019eau.<\/strong><br><em>En compagnie de l\u2019\u0153uvre aquatique et sonore <\/em>Roue<em> d\u2019<strong>Emma Dusong<\/strong> (artiste plasticienne et sonore)<\/em><\/p>\n\n\n\n<div class=\"wp-block-buttons is-layout-flex wp-block-buttons-is-layout-flex\">\n<div class=\"wp-block-button is-style-outline is-style-outline--6\"><a class=\"wp-block-button__link has-normal-font-size has-custom-font-size wp-element-button\" href=\"https:\/\/www.helloasso.com\/associations\/la-nuit-des-ours\/evenements\/rester-vivant-6-7-et-8-aout-edition-2025\" style=\"border-radius:0px\" target=\"_blank\" rel=\"noreferrer noopener\">PARTICIPER<\/a><\/div>\n<\/div>\n<\/div>\n\n\n\n<div class=\"wp-block-column is-layout-flow wp-block-column-is-layout-flow\"><\/div>\n<\/div>\n\n\n\n<div class=\"wp-block-columns is-layout-flex wp-container-core-columns-is-layout-8f761849 wp-block-columns-is-layout-flex\">\n<div class=\"wp-block-column is-layout-flow wp-block-column-is-layout-flow\">\n<h4 class=\"wp-block-heading\"><mark style=\"background-color:rgba(0, 0, 0, 0)\" class=\"has-inline-color has-accent-2-color\">DES VOIX POUR L\u2019EAU<\/mark><\/h4>\n\n\n\n<p class=\"wp-block-paragraph\"><strong><mark style=\"background-color:rgba(0, 0, 0, 0)\" class=\"has-inline-color has-accent-1-color\">14h-17h \/ Lieu : RDV \u00e0 la gare du Buet<\/mark><br>Et si donner des droits \u00e0 la Nature nous permettait de lutter \u00e0 ses c\u00f4t\u00e9 pour emp\u00eacher sa destruction ? Table ronde sur les dynamiques collectives pour concevoir un nouveau rapport au fleuve et \u00e0 ses \u00e9cosyst\u00e8mes. Eau-del\u00e0 des fronti\u00e8res, restaurer notre lien \u00e0 l\u2019eau et construire de nouvelles fa\u00e7ons de faire soci\u00e9t\u00e9 avec le fleuve, des glaciers de l\u2019extr\u00eame amont aux deltas de l\u2019extr\u00eame aval.<\/strong><br><em>Avec <strong>Nina Suckow<\/strong> (membre du comit\u00e9 Id-eau \u00e0 l\u2019origine de l\u2019Assembl\u00e9e Populaire du Rh\u00f4ne) &amp; <strong>Jean-Baptiste Bosson<\/strong> (glaciologue, membre du Conseil National pour la Protection de la Nature)<\/em><\/p>\n\n\n\n<div class=\"wp-block-buttons is-layout-flex wp-block-buttons-is-layout-flex\">\n<div class=\"wp-block-button is-style-outline is-style-outline--7\"><a class=\"wp-block-button__link has-normal-font-size has-custom-font-size wp-element-button\" href=\"https:\/\/www.helloasso.com\/associations\/la-nuit-des-ours\/evenements\/rester-vivant-6-7-et-8-aout-edition-2025\" style=\"border-radius:0px\" target=\"_blank\" rel=\"noreferrer noopener\">PARTICIPER<\/a><\/div>\n<\/div>\n<\/div>\n\n\n\n<div class=\"wp-block-column is-vertically-aligned-bottom is-layout-flow wp-block-column-is-layout-flow\"><div class=\"wp-block-image\">\n<figure class=\"aligncenter size-large is-resized\"><img loading=\"lazy\" decoding=\"async\" width=\"768\" height=\"1024\" src=\"https:\/\/nuit-des-ours.com\/wp-content\/uploads\/2025\/07\/4_Yumi_montenvers-768x1024.jpg\" alt=\"\" class=\"wp-image-3849\" style=\"width:300px\" srcset=\"https:\/\/lanuitdesours.lautre.net\/wp-content\/uploads\/2025\/07\/4_Yumi_montenvers-768x1024.jpg 768w, https:\/\/lanuitdesours.lautre.net\/wp-content\/uploads\/2025\/07\/4_Yumi_montenvers-225x300.jpg 225w, https:\/\/lanuitdesours.lautre.net\/wp-content\/uploads\/2025\/07\/4_Yumi_montenvers-1152x1536.jpg 1152w, https:\/\/lanuitdesours.lautre.net\/wp-content\/uploads\/2025\/07\/4_Yumi_montenvers-1536x2048.jpg 1536w, https:\/\/lanuitdesours.lautre.net\/wp-content\/uploads\/2025\/07\/4_Yumi_montenvers-scaled.jpg 1920w\" sizes=\"auto, (max-width: 768px) 100vw, 768px\" \/><figcaption class=\"wp-element-caption\"><strong><em><sup>Mer de glace en disparition, vue du Montenvers 18\/6\/2025 \u00a9 Yumi C\u00e9lia<\/sup><\/em><\/strong><\/figcaption><\/figure>\n<\/div><\/div>\n<\/div>\n\n\n\n<div style=\"height:50px\" aria-hidden=\"true\" class=\"wp-block-spacer\"><\/div>\n\n\n\n<h6 class=\"wp-block-heading\"><mark style=\"background-color:#00cccc\" class=\"has-inline-color\">Vendredi 8 ao\u00fbt<\/mark><\/h6>\n\n\n\n<h3 class=\"wp-block-heading\">&gt; <mark style=\"background-color:#00cccc\" class=\"has-inline-color\">NOUS SOMMES L\u2019EAU<\/mark><\/h3>\n\n\n\n<div class=\"wp-block-columns is-layout-flex wp-container-core-columns-is-layout-8f761849 wp-block-columns-is-layout-flex\">\n<div class=\"wp-block-column is-layout-flow wp-block-column-is-layout-flow\">\n<h4 class=\"wp-block-heading\"><mark style=\"background-color:rgba(0, 0, 0, 0)\" class=\"has-inline-color has-accent-2-color\">VOIX D\u2019EAU VOIE(S) D\u2019EAUX<\/mark><\/h4>\n\n\n\n<p class=\"wp-block-paragraph\"><strong><mark style=\"background-color:rgba(0, 0, 0, 0)\" class=\"has-inline-color has-accent-1-color\">9h30-12h30 \/ Lieu : RDV \u00e0 la gare du Buet<\/mark><br>Randonn\u00e9e* litt\u00e9raire le long du torrent de B\u00e9rard ponctu\u00e9e de courtes lectures, dialogues et performances in-situ. Par des textes choisis et partag\u00e9s par un trio surprenant, nous \u00e9voquerons l\u2019eau et ses \u00e9cosyst\u00e8mes, des glaciers jusqu\u2019aux oc\u00e9ans. Une marche po\u00e9tique, scientifique, politique accessible \u00e0 tou(te)s. <\/strong><br><strong>Pique-nique** possible en fin de rand\u2019eau.<\/strong><br><em>Avec <strong>Quitterie Magnard<\/strong> (apprentie-libraire, et militante pour l\u2019eau), <strong>Morgan Segui<\/strong> (\u00e9crivain, designer et activiste), <strong>Romain Cauliez<\/strong> (historien amoureux des glaciers)<\/em><\/p>\n\n\n\n<div class=\"wp-block-buttons is-layout-flex wp-block-buttons-is-layout-flex\">\n<div class=\"wp-block-button is-style-outline is-style-outline--8\"><a class=\"wp-block-button__link has-normal-font-size has-custom-font-size wp-element-button\" href=\"https:\/\/www.helloasso.com\/associations\/la-nuit-des-ours\/evenements\/rester-vivant-6-7-et-8-aout-edition-2025\" style=\"border-radius:0px\" target=\"_blank\" rel=\"noreferrer noopener\">PARTICIPER<\/a><\/div>\n<\/div>\n<\/div>\n\n\n\n<div class=\"wp-block-column is-vertically-aligned-bottom is-layout-flow wp-block-column-is-layout-flow\"><div class=\"wp-block-image\">\n<figure class=\"aligncenter size-medium is-resized\"><img loading=\"lazy\" decoding=\"async\" width=\"225\" height=\"300\" src=\"https:\/\/nuit-des-ours.com\/wp-content\/uploads\/2025\/07\/IMG_0204_VSCO-225x300.jpg\" alt=\"\" class=\"wp-image-4033\" style=\"aspect-ratio:4\/3;object-fit:cover;width:400px\" srcset=\"https:\/\/lanuitdesours.lautre.net\/wp-content\/uploads\/2025\/07\/IMG_0204_VSCO-225x300.jpg 225w, https:\/\/lanuitdesours.lautre.net\/wp-content\/uploads\/2025\/07\/IMG_0204_VSCO-768x1024.jpg 768w, https:\/\/lanuitdesours.lautre.net\/wp-content\/uploads\/2025\/07\/IMG_0204_VSCO-1152x1536.jpg 1152w, https:\/\/lanuitdesours.lautre.net\/wp-content\/uploads\/2025\/07\/IMG_0204_VSCO-1536x2048.jpg 1536w, https:\/\/lanuitdesours.lautre.net\/wp-content\/uploads\/2025\/07\/IMG_0204_VSCO-scaled.jpg 1920w\" sizes=\"auto, (max-width: 225px) 100vw, 225px\" \/><figcaption class=\"wp-element-caption\"><strong><em><sup>L&rsquo;Aiguille Verte \u00a9 Kyo AK<\/sup><\/em><\/strong><\/figcaption><\/figure>\n<\/div><\/div>\n<\/div>\n\n\n\n<div style=\"height:60px\" aria-hidden=\"true\" class=\"wp-block-spacer\"><\/div>\n\n\n\n<h5 class=\"wp-block-heading\">Informations pratiques :<\/h5>\n\n\n\n<ul class=\"wp-block-list\">\n<li>Un des objectifs \u00e9tant de cr\u00e9er du lien, votre pr\u00e9sence est souhait\u00e9e sur les 3 jours, mais bienvenue tout de m\u00eame si vous ne pouvez participer qu\u2019\u00e0 une seule journ\u00e9e ou certaines activit\u00e9s !<\/li>\n\n\n\n<li>Les tables rondes sont pr\u00e9vues en ext\u00e9rieur dans la for\u00eat (\u00e0 l&rsquo;octogone sur le chemin de la cascade de B\u00e9rard) si le temps le permet.<\/li>\n\n\n\n<li>* Pour toutes les <strong>rand\u2019eaux<\/strong>, pr\u00e9voir des v\u00eatements et des chaussures adapt\u00e9es pour marcher et de l\u2019eau.<br>** Pour tous les <strong>pique-niques<\/strong>, pr\u00e9voir son casse-cro\u00fbte.<\/li>\n\n\n\n<li>C&rsquo;est <strong>gratuit pour les adh\u00e9rent.e.s<\/strong> des associations partenaires (La Petite Universit\u00e9 de Chamonix, Boutch \u00e0 Boutch, UN.E.S et La Nuit des Ours ; <strong>possibilit\u00e9 d\u2019adh\u00e9rer \u00e0 La Nuit des Ours en m\u00eame temps que votre inscription<\/strong>) !<\/li>\n\n\n\n<li>Pour participer \u00e0 RESTER VIVANT, il faut s&rsquo;inscrire sur <strong>HelloAsso<\/strong> :<\/li>\n<\/ul>\n\n\n\n<div class=\"wp-block-buttons is-layout-flex wp-block-buttons-is-layout-flex\">\n<div class=\"wp-block-button is-style-outline is-style-outline--9\"><a class=\"wp-block-button__link has-normal-font-size has-custom-font-size wp-element-button\" href=\"https:\/\/www.helloasso.com\/associations\/la-nuit-des-ours\/evenements\/rester-vivant-6-7-et-8-aout-edition-2025\" style=\"border-radius:0px\" target=\"_blank\" rel=\"noreferrer noopener\">S&rsquo;INSCRIRE \/ ADH\u00c9RER<\/a><\/div>\n<\/div>\n\n\n\n<h5 class=\"wp-block-heading\">Les associations partenaires de RESTER VIVANT :<\/h5>\n\n\n\n<ul class=\"wp-block-list\">\n<li><strong><a href=\"https:\/\/nuit-des-ours.com\/a-propos\/\">La Nuit des Ours<\/a><\/strong> (c&rsquo;est nous ! ), association culturelle qui interroge notre rapport au monde, au temps et au vivant \u00e0 travers l\u02bcorganisation d\u02bc\u00e9v\u00e8nements artistiques en pleine nature.<\/li>\n\n\n\n<li><strong><a href=\"https:\/\/lapetiteuniversite.net\/\">La petite universit\u00e9 de Chamonix<\/a><\/strong>, association d\u2019\u00e9ducation populaire dont le but est de rendre le savoir accessible et de cr\u00e9er du lien social dans un cadre inter-g\u00e9n\u00e9rationnel et intercommunautaire.<\/li>\n\n\n\n<li><strong><a href=\"http:\/\/boutchaboutch.com\/\">Boutch \u00e0 Boutch<\/a><\/strong>, mouvement d\u2019id\u00e9es et d\u2019initiatives \u00e9co-citoyennes pour la vall\u00e9e et son devenir, moteur de d\u00e9mocratie participative.<\/li>\n\n\n\n<li><strong><a href=\"https:\/\/www.helloasso.com\/associations\/zouz-collective\">UN.E.S<\/a><\/strong>, association f\u00e9ministe dont l\u2019objectif est de promouvoir l\u2019\u00e9galit\u00e9 et le vivre ensemble dans la vall\u00e9e de Chamonix.<\/li>\n<\/ul>\n\n\n\n<figure class=\"wp-block-image size-large\"><img loading=\"lazy\" decoding=\"async\" width=\"1024\" height=\"288\" src=\"https:\/\/nuit-des-ours.com\/wp-content\/uploads\/2024\/07\/Rester-vivant_J1-edited-1024x288.jpg\" alt=\"\" class=\"wp-image-3596\" srcset=\"https:\/\/lanuitdesours.lautre.net\/wp-content\/uploads\/2024\/07\/Rester-vivant_J1-edited-1024x288.jpg 1024w, https:\/\/lanuitdesours.lautre.net\/wp-content\/uploads\/2024\/07\/Rester-vivant_J1-edited-300x84.jpg 300w, https:\/\/lanuitdesours.lautre.net\/wp-content\/uploads\/2024\/07\/Rester-vivant_J1-edited-768x216.jpg 768w, https:\/\/lanuitdesours.lautre.net\/wp-content\/uploads\/2024\/07\/Rester-vivant_J1-edited-496x139.jpg 496w, https:\/\/lanuitdesours.lautre.net\/wp-content\/uploads\/2024\/07\/Rester-vivant_J1-edited.jpg 1481w\" sizes=\"auto, (max-width: 1024px) 100vw, 1024px\" \/><figcaption class=\"wp-element-caption\"><strong><em><sup>\u24b8 Kyo AK<\/sup><\/em><\/strong><\/figcaption><\/figure>\n","protected":false},"excerpt":{"rendered":"<p>LES 6, 7 &#038; 8 AO\u00dbT. De l&rsquo;eau d&rsquo;ici \u00e0 l&rsquo;eau-del\u00e0, l&rsquo;eau c&rsquo;est la vie ! Un espace-temps d\u2019\u00e9change, de coop\u00e9ration, et d\u2019exploration o\u00f9 l\u2019on s\u2019interroge sur notre rapport \u00e0 l&rsquo;EAU. Gratuit pour les adh\u00e9rent(e)s des associations partenaires. <\/p>\n","protected":false},"author":1,"featured_media":4044,"comment_status":"closed","ping_status":"closed","sticky":false,"template":"","format":"standard","meta":{"footnotes":""},"categories":[62],"tags":[49],"class_list":["post-4016","post","type-post","status-publish","format-standard","has-post-thumbnail","hentry","category-edition-2025","tag-rester-vivant"],"yoast_head":"<!-- This site is optimized with the Yoast SEO plugin v28.3 - https:\/\/yoast.com\/product\/yoast-seo-wordpress\/ -->\n<title>Rester Vivant - De l&#039;eau d&#039;ici \u00e0 l&#039;eau-del\u00e0, l&#039;eau c&#039;est la vie<\/title>\n<meta name=\"description\" content=\"6, 7 &amp; 8 AO\u00dbT. RESTER VIVANT est un espace-temps d\u2019\u00e9change, de coop\u00e9ration, et d\u2019exploration o\u00f9 l\u2019on s\u2019interroge sur notre rapport \u00e0 l&#039;EAU.\" \/>\n<meta name=\"robots\" content=\"index, follow, max-snippet:-1, max-image-preview:large, max-video-preview:-1\" \/>\n<link rel=\"canonical\" href=\"https:\/\/lanuitdesours.lautre.net\/?p=4016\" \/>\n<meta property=\"og:locale\" content=\"fr_FR\" \/>\n<meta property=\"og:type\" content=\"article\" \/>\n<meta property=\"og:title\" content=\"Rester Vivant - De l&#039;eau d&#039;ici \u00e0 l&#039;eau-del\u00e0, l&#039;eau c&#039;est la vie\" \/>\n<meta property=\"og:description\" content=\"6, 7 &amp; 8 AO\u00dbT. RESTER VIVANT est un espace-temps d\u2019\u00e9change, de coop\u00e9ration, et d\u2019exploration o\u00f9 l\u2019on s\u2019interroge sur notre rapport \u00e0 l&#039;EAU.\" \/>\n<meta property=\"og:url\" content=\"https:\/\/lanuitdesours.lautre.net\/?p=4016\" \/>\n<meta property=\"og:site_name\" content=\"La Nuit des Ours\" \/>\n<meta property=\"article:publisher\" content=\"https:\/\/www.facebook.com\/lanuitdesours\/\" \/>\n<meta property=\"article:published_time\" content=\"2025-07-22T23:15:45+00:00\" \/>\n<meta property=\"article:modified_time\" content=\"2025-08-02T14:19:14+00:00\" \/>\n<meta property=\"og:image\" content=\"https:\/\/lanuitdesours.lautre.net\/wp-content\/uploads\/2025\/07\/1_Clio_reduced-scaled.jpg\" \/>\n\t<meta property=\"og:image:width\" content=\"2560\" \/>\n\t<meta property=\"og:image:height\" content=\"1707\" \/>\n\t<meta property=\"og:image:type\" content=\"image\/jpeg\" \/>\n<meta name=\"author\" content=\"Cr\u00e9er c&#039;est R\u00e9sister\" \/>\n<meta name=\"twitter:card\" content=\"summary_large_image\" \/>\n<meta name=\"twitter:label1\" content=\"\u00c9crit par\" \/>\n\t<meta name=\"twitter:data1\" content=\"Cr\u00e9er c&#039;est R\u00e9sister\" \/>\n\t<meta name=\"twitter:label2\" content=\"Dur\u00e9e de lecture estim\u00e9e\" \/>\n\t<meta name=\"twitter:data2\" content=\"8 minutes\" \/>\n<script type=\"application\/ld+json\" class=\"yoast-schema-graph\">{\"@context\":\"https:\\\/\\\/schema.org\",\"@graph\":[{\"@type\":\"Article\",\"@id\":\"https:\\\/\\\/lanuitdesours.lautre.net\\\/?p=4016#article\",\"isPartOf\":{\"@id\":\"https:\\\/\\\/lanuitdesours.lautre.net\\\/?p=4016\"},\"author\":{\"name\":\"Cr\u00e9er c'est R\u00e9sister\",\"@id\":\"https:\\\/\\\/lanuitdesours.lautre.net\\\/#\\\/schema\\\/person\\\/1f4500f2f631d9916d6b39f1c0ba934c\"},\"headline\":\"Rester Vivant\",\"datePublished\":\"2025-07-22T23:15:45+00:00\",\"dateModified\":\"2025-08-02T14:19:14+00:00\",\"mainEntityOfPage\":{\"@id\":\"https:\\\/\\\/lanuitdesours.lautre.net\\\/?p=4016\"},\"wordCount\":1190,\"publisher\":{\"@id\":\"https:\\\/\\\/lanuitdesours.lautre.net\\\/#organization\"},\"image\":{\"@id\":\"https:\\\/\\\/lanuitdesours.lautre.net\\\/?p=4016#primaryimage\"},\"thumbnailUrl\":\"https:\\\/\\\/lanuitdesours.lautre.net\\\/wp-content\\\/uploads\\\/2025\\\/07\\\/1_Clio_reduced-scaled.jpg\",\"keywords\":[\"RESTER VIVANT\"],\"articleSection\":[\"Edition 2025\"],\"inLanguage\":\"fr-FR\"},{\"@type\":\"WebPage\",\"@id\":\"https:\\\/\\\/lanuitdesours.lautre.net\\\/?p=4016\",\"url\":\"https:\\\/\\\/lanuitdesours.lautre.net\\\/?p=4016\",\"name\":\"Rester Vivant - De l'eau d'ici \u00e0 l'eau-del\u00e0, l'eau c'est la vie\",\"isPartOf\":{\"@id\":\"https:\\\/\\\/lanuitdesours.lautre.net\\\/#website\"},\"primaryImageOfPage\":{\"@id\":\"https:\\\/\\\/lanuitdesours.lautre.net\\\/?p=4016#primaryimage\"},\"image\":{\"@id\":\"https:\\\/\\\/lanuitdesours.lautre.net\\\/?p=4016#primaryimage\"},\"thumbnailUrl\":\"https:\\\/\\\/lanuitdesours.lautre.net\\\/wp-content\\\/uploads\\\/2025\\\/07\\\/1_Clio_reduced-scaled.jpg\",\"datePublished\":\"2025-07-22T23:15:45+00:00\",\"dateModified\":\"2025-08-02T14:19:14+00:00\",\"description\":\"6, 7 & 8 AO\u00dbT. RESTER VIVANT est un espace-temps d\u2019\u00e9change, de coop\u00e9ration, et d\u2019exploration o\u00f9 l\u2019on s\u2019interroge sur notre rapport \u00e0 l'EAU.\",\"breadcrumb\":{\"@id\":\"https:\\\/\\\/lanuitdesours.lautre.net\\\/?p=4016#breadcrumb\"},\"inLanguage\":\"fr-FR\",\"potentialAction\":[{\"@type\":\"ReadAction\",\"target\":[\"https:\\\/\\\/lanuitdesours.lautre.net\\\/?p=4016\"]}]},{\"@type\":\"ImageObject\",\"inLanguage\":\"fr-FR\",\"@id\":\"https:\\\/\\\/lanuitdesours.lautre.net\\\/?p=4016#primaryimage\",\"url\":\"https:\\\/\\\/lanuitdesours.lautre.net\\\/wp-content\\\/uploads\\\/2025\\\/07\\\/1_Clio_reduced-scaled.jpg\",\"contentUrl\":\"https:\\\/\\\/lanuitdesours.lautre.net\\\/wp-content\\\/uploads\\\/2025\\\/07\\\/1_Clio_reduced-scaled.jpg\",\"width\":2560,\"height\":1707,\"caption\":\"\u00a9 Clio Di Giovanni\"},{\"@type\":\"BreadcrumbList\",\"@id\":\"https:\\\/\\\/lanuitdesours.lautre.net\\\/?p=4016#breadcrumb\",\"itemListElement\":[{\"@type\":\"ListItem\",\"position\":1,\"name\":\"Accueil\",\"item\":\"https:\\\/\\\/lanuitdesours.lautre.net\\\/\"},{\"@type\":\"ListItem\",\"position\":2,\"name\":\"Rester Vivant\"}]},{\"@type\":\"WebSite\",\"@id\":\"https:\\\/\\\/lanuitdesours.lautre.net\\\/#website\",\"url\":\"https:\\\/\\\/lanuitdesours.lautre.net\\\/\",\"name\":\"La Nuit des Ours\",\"description\":\"CR\u00c9ER C&#039;EST R\u00c9SISTER | R\u00c9SISTER C&#039;EST CR\u00c9ER\",\"publisher\":{\"@id\":\"https:\\\/\\\/lanuitdesours.lautre.net\\\/#organization\"},\"potentialAction\":[{\"@type\":\"SearchAction\",\"target\":{\"@type\":\"EntryPoint\",\"urlTemplate\":\"https:\\\/\\\/lanuitdesours.lautre.net\\\/?s={search_term_string}\"},\"query-input\":{\"@type\":\"PropertyValueSpecification\",\"valueRequired\":true,\"valueName\":\"search_term_string\"}}],\"inLanguage\":\"fr-FR\"},{\"@type\":\"Organization\",\"@id\":\"https:\\\/\\\/lanuitdesours.lautre.net\\\/#organization\",\"name\":\"Association LA NUIT DES OURS\",\"url\":\"https:\\\/\\\/lanuitdesours.lautre.net\\\/\",\"logo\":{\"@type\":\"ImageObject\",\"inLanguage\":\"fr-FR\",\"@id\":\"https:\\\/\\\/lanuitdesours.lautre.net\\\/#\\\/schema\\\/logo\\\/image\\\/\",\"url\":\"https:\\\/\\\/nuit-des-ours.com\\\/wp-content\\\/uploads\\\/2022\\\/07\\\/cropped-NDO_logo-noir_jaune.jpg\",\"contentUrl\":\"https:\\\/\\\/nuit-des-ours.com\\\/wp-content\\\/uploads\\\/2022\\\/07\\\/cropped-NDO_logo-noir_jaune.jpg\",\"width\":512,\"height\":512,\"caption\":\"Association LA NUIT DES OURS\"},\"image\":{\"@id\":\"https:\\\/\\\/lanuitdesours.lautre.net\\\/#\\\/schema\\\/logo\\\/image\\\/\"},\"sameAs\":[\"https:\\\/\\\/www.facebook.com\\\/lanuitdesours\\\/\",\"https:\\\/\\\/www.instagram.com\\\/lanuitdesours\\\/\"]},{\"@type\":\"Person\",\"@id\":\"https:\\\/\\\/lanuitdesours.lautre.net\\\/#\\\/schema\\\/person\\\/1f4500f2f631d9916d6b39f1c0ba934c\",\"name\":\"Cr\u00e9er c'est R\u00e9sister\",\"image\":{\"@type\":\"ImageObject\",\"inLanguage\":\"fr-FR\",\"@id\":\"https:\\\/\\\/secure.gravatar.com\\\/avatar\\\/08f4e38908e105d843bc2bab0e7af2243257415b61b5fe99e955c21a5f61fc2b?s=96&d=mm&r=g\",\"url\":\"https:\\\/\\\/secure.gravatar.com\\\/avatar\\\/08f4e38908e105d843bc2bab0e7af2243257415b61b5fe99e955c21a5f61fc2b?s=96&d=mm&r=g\",\"contentUrl\":\"https:\\\/\\\/secure.gravatar.com\\\/avatar\\\/08f4e38908e105d843bc2bab0e7af2243257415b61b5fe99e955c21a5f61fc2b?s=96&d=mm&r=g\",\"caption\":\"Cr\u00e9er c'est R\u00e9sister\"},\"sameAs\":[\"http:\\\/\\\/www.lanuitdesours.lautre.net\"],\"url\":\"https:\\\/\\\/lanuitdesours.lautre.net\\\/?author=1\"}]}<\/script>\n<!-- \/ Yoast SEO plugin. -->","yoast_head_json":{"title":"Rester Vivant - De l'eau d'ici \u00e0 l'eau-del\u00e0, l'eau c'est la vie","description":"6, 7 & 8 AO\u00dbT. RESTER VIVANT est un espace-temps d\u2019\u00e9change, de coop\u00e9ration, et d\u2019exploration o\u00f9 l\u2019on s\u2019interroge sur notre rapport \u00e0 l'EAU.","robots":{"index":"index","follow":"follow","max-snippet":"max-snippet:-1","max-image-preview":"max-image-preview:large","max-video-preview":"max-video-preview:-1"},"canonical":"https:\/\/lanuitdesours.lautre.net\/?p=4016","og_locale":"fr_FR","og_type":"article","og_title":"Rester Vivant - De l'eau d'ici \u00e0 l'eau-del\u00e0, l'eau c'est la vie","og_description":"6, 7 & 8 AO\u00dbT. RESTER VIVANT est un espace-temps d\u2019\u00e9change, de coop\u00e9ration, et d\u2019exploration o\u00f9 l\u2019on s\u2019interroge sur notre rapport \u00e0 l'EAU.","og_url":"https:\/\/lanuitdesours.lautre.net\/?p=4016","og_site_name":"La Nuit des Ours","article_publisher":"https:\/\/www.facebook.com\/lanuitdesours\/","article_published_time":"2025-07-22T23:15:45+00:00","article_modified_time":"2025-08-02T14:19:14+00:00","og_image":[{"width":2560,"height":1707,"url":"https:\/\/lanuitdesours.lautre.net\/wp-content\/uploads\/2025\/07\/1_Clio_reduced-scaled.jpg","type":"image\/jpeg"}],"author":"Cr\u00e9er c'est R\u00e9sister","twitter_card":"summary_large_image","twitter_misc":{"\u00c9crit par":"Cr\u00e9er c'est R\u00e9sister","Dur\u00e9e de lecture estim\u00e9e":"8 minutes"},"schema":{"@context":"https:\/\/schema.org","@graph":[{"@type":"Article","@id":"https:\/\/lanuitdesours.lautre.net\/?p=4016#article","isPartOf":{"@id":"https:\/\/lanuitdesours.lautre.net\/?p=4016"},"author":{"name":"Cr\u00e9er c'est R\u00e9sister","@id":"https:\/\/lanuitdesours.lautre.net\/#\/schema\/person\/1f4500f2f631d9916d6b39f1c0ba934c"},"headline":"Rester Vivant","datePublished":"2025-07-22T23:15:45+00:00","dateModified":"2025-08-02T14:19:14+00:00","mainEntityOfPage":{"@id":"https:\/\/lanuitdesours.lautre.net\/?p=4016"},"wordCount":1190,"publisher":{"@id":"https:\/\/lanuitdesours.lautre.net\/#organization"},"image":{"@id":"https:\/\/lanuitdesours.lautre.net\/?p=4016#primaryimage"},"thumbnailUrl":"https:\/\/lanuitdesours.lautre.net\/wp-content\/uploads\/2025\/07\/1_Clio_reduced-scaled.jpg","keywords":["RESTER VIVANT"],"articleSection":["Edition 2025"],"inLanguage":"fr-FR"},{"@type":"WebPage","@id":"https:\/\/lanuitdesours.lautre.net\/?p=4016","url":"https:\/\/lanuitdesours.lautre.net\/?p=4016","name":"Rester Vivant - De l'eau d'ici \u00e0 l'eau-del\u00e0, l'eau c'est la vie","isPartOf":{"@id":"https:\/\/lanuitdesours.lautre.net\/#website"},"primaryImageOfPage":{"@id":"https:\/\/lanuitdesours.lautre.net\/?p=4016#primaryimage"},"image":{"@id":"https:\/\/lanuitdesours.lautre.net\/?p=4016#primaryimage"},"thumbnailUrl":"https:\/\/lanuitdesours.lautre.net\/wp-content\/uploads\/2025\/07\/1_Clio_reduced-scaled.jpg","datePublished":"2025-07-22T23:15:45+00:00","dateModified":"2025-08-02T14:19:14+00:00","description":"6, 7 & 8 AO\u00dbT. RESTER VIVANT est un espace-temps d\u2019\u00e9change, de coop\u00e9ration, et d\u2019exploration o\u00f9 l\u2019on s\u2019interroge sur notre rapport \u00e0 l'EAU.","breadcrumb":{"@id":"https:\/\/lanuitdesours.lautre.net\/?p=4016#breadcrumb"},"inLanguage":"fr-FR","potentialAction":[{"@type":"ReadAction","target":["https:\/\/lanuitdesours.lautre.net\/?p=4016"]}]},{"@type":"ImageObject","inLanguage":"fr-FR","@id":"https:\/\/lanuitdesours.lautre.net\/?p=4016#primaryimage","url":"https:\/\/lanuitdesours.lautre.net\/wp-content\/uploads\/2025\/07\/1_Clio_reduced-scaled.jpg","contentUrl":"https:\/\/lanuitdesours.lautre.net\/wp-content\/uploads\/2025\/07\/1_Clio_reduced-scaled.jpg","width":2560,"height":1707,"caption":"\u00a9 Clio Di Giovanni"},{"@type":"BreadcrumbList","@id":"https:\/\/lanuitdesours.lautre.net\/?p=4016#breadcrumb","itemListElement":[{"@type":"ListItem","position":1,"name":"Accueil","item":"https:\/\/lanuitdesours.lautre.net\/"},{"@type":"ListItem","position":2,"name":"Rester Vivant"}]},{"@type":"WebSite","@id":"https:\/\/lanuitdesours.lautre.net\/#website","url":"https:\/\/lanuitdesours.lautre.net\/","name":"La Nuit des Ours","description":"CR\u00c9ER C&#039;EST R\u00c9SISTER | R\u00c9SISTER C&#039;EST CR\u00c9ER","publisher":{"@id":"https:\/\/lanuitdesours.lautre.net\/#organization"},"potentialAction":[{"@type":"SearchAction","target":{"@type":"EntryPoint","urlTemplate":"https:\/\/lanuitdesours.lautre.net\/?s={search_term_string}"},"query-input":{"@type":"PropertyValueSpecification","valueRequired":true,"valueName":"search_term_string"}}],"inLanguage":"fr-FR"},{"@type":"Organization","@id":"https:\/\/lanuitdesours.lautre.net\/#organization","name":"Association LA NUIT DES OURS","url":"https:\/\/lanuitdesours.lautre.net\/","logo":{"@type":"ImageObject","inLanguage":"fr-FR","@id":"https:\/\/lanuitdesours.lautre.net\/#\/schema\/logo\/image\/","url":"https:\/\/nuit-des-ours.com\/wp-content\/uploads\/2022\/07\/cropped-NDO_logo-noir_jaune.jpg","contentUrl":"https:\/\/nuit-des-ours.com\/wp-content\/uploads\/2022\/07\/cropped-NDO_logo-noir_jaune.jpg","width":512,"height":512,"caption":"Association LA NUIT DES OURS"},"image":{"@id":"https:\/\/lanuitdesours.lautre.net\/#\/schema\/logo\/image\/"},"sameAs":["https:\/\/www.facebook.com\/lanuitdesours\/","https:\/\/www.instagram.com\/lanuitdesours\/"]},{"@type":"Person","@id":"https:\/\/lanuitdesours.lautre.net\/#\/schema\/person\/1f4500f2f631d9916d6b39f1c0ba934c","name":"Cr\u00e9er c'est R\u00e9sister","image":{"@type":"ImageObject","inLanguage":"fr-FR","@id":"https:\/\/secure.gravatar.com\/avatar\/08f4e38908e105d843bc2bab0e7af2243257415b61b5fe99e955c21a5f61fc2b?s=96&d=mm&r=g","url":"https:\/\/secure.gravatar.com\/avatar\/08f4e38908e105d843bc2bab0e7af2243257415b61b5fe99e955c21a5f61fc2b?s=96&d=mm&r=g","contentUrl":"https:\/\/secure.gravatar.com\/avatar\/08f4e38908e105d843bc2bab0e7af2243257415b61b5fe99e955c21a5f61fc2b?s=96&d=mm&r=g","caption":"Cr\u00e9er c'est R\u00e9sister"},"sameAs":["http:\/\/www.lanuitdesours.lautre.net"],"url":"https:\/\/lanuitdesours.lautre.net\/?author=1"}]}},"_links":{"self":[{"href":"https:\/\/lanuitdesours.lautre.net\/index.php?rest_route=\/wp\/v2\/posts\/4016","targetHints":{"allow":["GET"]}}],"collection":[{"href":"https:\/\/lanuitdesours.lautre.net\/index.php?rest_route=\/wp\/v2\/posts"}],"about":[{"href":"https:\/\/lanuitdesours.lautre.net\/index.php?rest_route=\/wp\/v2\/types\/post"}],"author":[{"embeddable":true,"href":"https:\/\/lanuitdesours.lautre.net\/index.php?rest_route=\/wp\/v2\/users\/1"}],"replies":[{"embeddable":true,"href":"https:\/\/lanuitdesours.lautre.net\/index.php?rest_route=%2Fwp%2Fv2%2Fcomments&post=4016"}],"version-history":[{"count":61,"href":"https:\/\/lanuitdesours.lautre.net\/index.php?rest_route=\/wp\/v2\/posts\/4016\/revisions"}],"predecessor-version":[{"id":4376,"href":"https:\/\/lanuitdesours.lautre.net\/index.php?rest_route=\/wp\/v2\/posts\/4016\/revisions\/4376"}],"wp:featuredmedia":[{"embeddable":true,"href":"https:\/\/lanuitdesours.lautre.net\/index.php?rest_route=\/wp\/v2\/media\/4044"}],"wp:attachment":[{"href":"https:\/\/lanuitdesours.lautre.net\/index.php?rest_route=%2Fwp%2Fv2%2Fmedia&parent=4016"}],"wp:term":[{"taxonomy":"category","embeddable":true,"href":"https:\/\/lanuitdesours.lautre.net\/index.php?rest_route=%2Fwp%2Fv2%2Fcategories&post=4016"},{"taxonomy":"post_tag","embeddable":true,"href":"https:\/\/lanuitdesours.lautre.net\/index.php?rest_route=%2Fwp%2Fv2%2Ftags&post=4016"}],"curies":[{"name":"wp","href":"https:\/\/api.w.org\/{rel}","templated":true}]}}