{"id":3991,"date":"2025-07-21T16:08:50","date_gmt":"2025-07-21T14:08:50","guid":{"rendered":"https:\/\/nuit-des-ours.com\/?p=3991"},"modified":"2025-07-28T01:20:35","modified_gmt":"2025-07-27T23:20:35","slug":"ministival-2025","status":"publish","type":"post","link":"https:\/\/lanuitdesours.lautre.net\/?p=3991","title":{"rendered":"Le Mini&rsquo;stival"},"content":{"rendered":"\n<h2 class=\"wp-block-heading\">LE MINI&rsquo;STIVAL, 12 AO\u00dbT 2025<\/h2>\n\n\n\n<div class=\"wp-block-columns is-layout-flex wp-container-core-columns-is-layout-8f761849 wp-block-columns-is-layout-flex\">\n<div class=\"wp-block-column is-layout-flow wp-block-column-is-layout-flow\">\n<p class=\"wp-block-paragraph\"><strong>On finit cette \u00e9dition de LA NUIT DES OURS en musiques et en palabres, avec le Mini&rsquo;stival !<\/strong><\/p>\n\n\n\n<h5 class=\"wp-block-heading\">De 18h30 \u00e0 23h<br>Rendez-vous aux EDELWEISS (vers le Caf\u00e9 Comptoir, derri\u00e8re la gare de Vallorcine terminus)<\/h5>\n\n\n\n<p class=\"wp-block-paragraph\">On vous accueille \u00e0 la buvette et vous pourrez vous restaurer avec :<\/p>\n\n\n\n<ul class=\"wp-block-list\">\n<li>les d\u00e9licieuses empanadas d\u2019<a href=\"https:\/\/elchalten.fr\/\"><strong>El Chalt\u00e9n<\/strong><\/a><\/li>\n\n\n\n<li>la savoureuse cuisine libanaise de <mark style=\"background-color:rgba(0, 0, 0, 0)\" class=\"has-inline-color has-accent-1-color\"><strong>Saj<\/strong><\/mark><\/li>\n<\/ul>\n\n\n\n<p class=\"wp-block-paragraph\">Tous les artistes et le staff de LA NUIT DES OURS seront l\u00e0 aussi pour finir ensemble sur une note festive avec 3 concerts gratuits. <\/p>\n<\/div>\n\n\n\n<div class=\"wp-block-column is-vertically-aligned-center is-layout-flow wp-block-column-is-layout-flow\"><div class=\"wp-block-image\">\n<figure class=\"aligncenter size-medium is-resized\"><img loading=\"lazy\" decoding=\"async\" width=\"225\" height=\"300\" src=\"https:\/\/nuit-des-ours.com\/wp-content\/uploads\/2025\/07\/IMG_0257_VSCO-225x300.jpg\" alt=\"\" class=\"wp-image-4007\" style=\"width:350px\" srcset=\"https:\/\/lanuitdesours.lautre.net\/wp-content\/uploads\/2025\/07\/IMG_0257_VSCO-225x300.jpg 225w, https:\/\/lanuitdesours.lautre.net\/wp-content\/uploads\/2025\/07\/IMG_0257_VSCO-768x1024.jpg 768w, https:\/\/lanuitdesours.lautre.net\/wp-content\/uploads\/2025\/07\/IMG_0257_VSCO-1152x1536.jpg 1152w, https:\/\/lanuitdesours.lautre.net\/wp-content\/uploads\/2025\/07\/IMG_0257_VSCO-1536x2048.jpg 1536w, https:\/\/lanuitdesours.lautre.net\/wp-content\/uploads\/2025\/07\/IMG_0257_VSCO-scaled.jpg 1920w\" sizes=\"auto, (max-width: 225px) 100vw, 225px\" \/><figcaption class=\"wp-element-caption\"><sub><strong><em>\u00a9 Kyo AK<\/em><\/strong><\/sub><\/figcaption><\/figure>\n<\/div><\/div>\n<\/div>\n\n\n\n<div class=\"wp-block-columns is-layout-flex wp-container-core-columns-is-layout-8f761849 wp-block-columns-is-layout-flex\">\n<div class=\"wp-block-column is-layout-flow wp-block-column-is-layout-flow\">\n<h3 class=\"wp-block-heading\">BLUES2MEN &#8211; Duo blues<\/h3>\n\n\n\n<p class=\"wp-block-paragraph\"><strong><mark style=\"background-color:rgba(0, 0, 0, 0)\" class=\"has-inline-color has-accent-2-color\">>> 18h30<\/mark><\/strong><br>N\u00e9 pendant le confinement 2020 (150 concerts depuis), le duo atypique Blues2Men, s&rsquo;est persuad\u00e9 de renouer avec ses profondes racines : le Blues. En effet, Zeb et Richie, tous deux leaders du groupe \u00ab Les Maudits Waters \u00bb, ont d\u00e9cid\u00e9 de remettre sur les rails leur esprit \u00ab Loco Motive \u00bb.<br>G\u00e9n\u00e9reusement impr\u00e9gn\u00e9s de culture blues noire am\u00e9ricaine, ils distillent une musique \u00e9pur\u00e9e, efficace, us\u00e9e par les affres du temps. R\u00e9sonateur et harmonica impliquent notre imagination au plus profond des l\u00e9gendes du mythique delta du Mississippi jusqu\u2019au mystique \u00ab Crossroads \u00bb.<br>Beats imperturbables, gros riffs arm\u00e9s de bottleneck et harmonicas tonitruants colorent les textes m\u00e9taphoriques scand\u00e9s dans la pure tradition de la musique du diable, mais toujours ancr\u00e9s dans la r\u00e9alit\u00e9.<br>Voir aussi leur <strong><a href=\"https:\/\/nuit-des-ours.com\/2025\/tournee-des-marches-et-des-bistrots-2025\/\">TOURN\u00c9E DES BISTROTS<\/a><\/strong>.<\/p>\n<\/div>\n\n\n\n<div class=\"wp-block-column is-vertically-aligned-center is-layout-flow wp-block-column-is-layout-flow\"><div class=\"wp-block-image\">\n<figure class=\"aligncenter size-medium\"><img loading=\"lazy\" decoding=\"async\" width=\"300\" height=\"300\" src=\"https:\/\/nuit-des-ours.com\/wp-content\/uploads\/2025\/07\/Blues2Men_2-300x300.jpg\" alt=\"\" class=\"wp-image-3996\" srcset=\"https:\/\/lanuitdesours.lautre.net\/wp-content\/uploads\/2025\/07\/Blues2Men_2-300x300.jpg 300w, https:\/\/lanuitdesours.lautre.net\/wp-content\/uploads\/2025\/07\/Blues2Men_2-1024x1024.jpg 1024w, https:\/\/lanuitdesours.lautre.net\/wp-content\/uploads\/2025\/07\/Blues2Men_2-150x150.jpg 150w, https:\/\/lanuitdesours.lautre.net\/wp-content\/uploads\/2025\/07\/Blues2Men_2-768x768.jpg 768w, https:\/\/lanuitdesours.lautre.net\/wp-content\/uploads\/2025\/07\/Blues2Men_2.jpg 1440w\" sizes=\"auto, (max-width: 300px) 100vw, 300px\" \/><\/figure>\n<\/div><\/div>\n<\/div>\n\n\n\n<div class=\"wp-block-columns is-layout-flex wp-container-core-columns-is-layout-8f761849 wp-block-columns-is-layout-flex\">\n<div class=\"wp-block-column is-layout-flow wp-block-column-is-layout-flow\">\n<h3 class=\"wp-block-heading\">SHUBIAO QUARTET &#8211; Transe mongole<\/h3>\n\n\n\n<p class=\"wp-block-paragraph\"><strong><mark style=\"background-color:rgba(0, 0, 0, 0)\" class=\"has-inline-color has-accent-2-color\">>> 19h30<\/mark><\/strong><br>Shubiao Quartet c\u2019est la fusion de deux duos. D\u2019un c\u00f4t\u00e9, Shubiao, fra\u00eechement d\u00e9barqu\u00e9 de Mongolie int\u00e9rieure avec ses instruments de barde et sa gorge pleine d\u2019\u00e9pop\u00e9es et le chanteur aux multiples voix, Vincent Tournoud. De l\u2019autre, le duo \u00ab Floyyy \u00bb, form\u00e9 par le percussionniste Florent Diara et le guitariste Yoan Richard. <br>Ce Quartet perp\u00e9tue l\u2019h\u00e9ritage mill\u00e9naire du chant diphonique (kh\u00f6\u00f6mii) et des instruments traditionnels de Mongolie. Dans leur univers, les louanges et les \u00e9pop\u00e9es se font transes douces, chants du c\u0153ur ou rythmes telluriques. Une musique puissante qui nous emm\u00e8ne vers un ailleurs mythique.<br>Voir aussi leur <strong><a href=\"https:\/\/nuit-des-ours.com\/2025\/tournee-des-marches-et-des-bistrots-2025\/\">TOURN\u00c9E DES BISTROTS<\/a><\/strong>.<\/p>\n<\/div>\n\n\n\n<div class=\"wp-block-column is-vertically-aligned-center is-layout-flow wp-block-column-is-layout-flow\"><div class=\"wp-block-image\">\n<figure class=\"aligncenter size-medium\"><img loading=\"lazy\" decoding=\"async\" width=\"300\" height=\"171\" src=\"https:\/\/nuit-des-ours.com\/wp-content\/uploads\/2025\/07\/ShubiaoQuartet-300x171.png\" alt=\"\" class=\"wp-image-3993\" srcset=\"https:\/\/lanuitdesours.lautre.net\/wp-content\/uploads\/2025\/07\/ShubiaoQuartet-300x171.png 300w, https:\/\/lanuitdesours.lautre.net\/wp-content\/uploads\/2025\/07\/ShubiaoQuartet-496x283.png 496w, https:\/\/lanuitdesours.lautre.net\/wp-content\/uploads\/2025\/07\/ShubiaoQuartet.png 640w\" sizes=\"auto, (max-width: 300px) 100vw, 300px\" \/><\/figure>\n<\/div><\/div>\n<\/div>\n\n\n\n<div class=\"wp-block-columns is-layout-flex wp-container-core-columns-is-layout-8f761849 wp-block-columns-is-layout-flex\">\n<div class=\"wp-block-column is-layout-flow wp-block-column-is-layout-flow\">\n<h3 class=\"wp-block-heading\">CHAEK SYLLA &#8211; World music<\/h3>\n\n\n\n<p class=\"wp-block-paragraph\"><strong><mark style=\"background-color:rgba(0, 0, 0, 0)\" class=\"has-inline-color has-accent-2-color\">>> 21h30 &#8211; en acoustique pour respecter le voisinage<\/mark><\/strong><br>Chaek Yussufa Sylla alias Chaek est un artiste grand voyageur ind\u00e9pendant qui \u00e9crit compose et interpr\u00e8te un blues teint\u00e9 de world, de soul et de rock. <br>Sa voix puissante et envo\u00fbtante associ\u00e9e \u00e0 un son de guitare Dobro organique dessine les contours d\u2019un blues universel. Chaek est notre invit\u00e9 sur toute la longueur de LA NUIT DES OURS. Aucun concert ne ressemblera \u00e0 celui de la veille. Vous pourrez voyager avec lui \u00e0 travers un programme blues, un autre br\u00e9silien, un autre rock\u2026<br>Voir aussi sa <strong><a href=\"https:\/\/nuit-des-ours.com\/2025\/tournee-des-marches-et-des-bistrots-2025\/\">TOURN\u00c9E DES BISTROTS<\/a><\/strong>.<\/p>\n<\/div>\n\n\n\n<div class=\"wp-block-column is-vertically-aligned-center is-layout-flow wp-block-column-is-layout-flow\"><div class=\"wp-block-image\">\n<figure class=\"aligncenter size-medium\"><img loading=\"lazy\" decoding=\"async\" width=\"300\" height=\"187\" src=\"https:\/\/nuit-des-ours.com\/wp-content\/uploads\/2025\/07\/Chaek-Sylla-300x187.jpeg\" alt=\"\" class=\"wp-image-3994\" srcset=\"https:\/\/lanuitdesours.lautre.net\/wp-content\/uploads\/2025\/07\/Chaek-Sylla-300x187.jpeg 300w, https:\/\/lanuitdesours.lautre.net\/wp-content\/uploads\/2025\/07\/Chaek-Sylla.jpeg 474w\" sizes=\"auto, (max-width: 300px) 100vw, 300px\" \/><\/figure>\n<\/div><\/div>\n<\/div>\n","protected":false},"excerpt":{"rendered":"<p>LE 12 AOUT 2025. Le MINI&rsquo;STIVAL, mini \u00ab\u00a0festival\u00a0\u00bb avec 3 concerts gratuits pour finir ensemble sur une note festive. Buvette, empanadas et cuisine libanaise. <\/p>\n","protected":false},"author":1,"featured_media":4007,"comment_status":"closed","ping_status":"closed","sticky":false,"template":"","format":"standard","meta":{"footnotes":""},"categories":[62],"tags":[],"class_list":["post-3991","post","type-post","status-publish","format-standard","has-post-thumbnail","hentry","category-edition-2025"],"yoast_head":"<!-- This site is optimized with the Yoast SEO plugin v28.3 - https:\/\/yoast.com\/product\/yoast-seo-wordpress\/ -->\n<title>Le Mini&#039;stival - La Nuit des Ours Edition 2025<\/title>\n<meta name=\"description\" content=\"12 ao\u00fbt 2025. Le MINI&#039;STIVAL, mini &quot;festival&quot; avec 3 concerts gratuits pour finir ensemble sur une note festive.\" \/>\n<meta name=\"robots\" content=\"index, follow, max-snippet:-1, max-image-preview:large, max-video-preview:-1\" \/>\n<link rel=\"canonical\" href=\"https:\/\/lanuitdesours.lautre.net\/?p=3991\" \/>\n<meta property=\"og:locale\" content=\"fr_FR\" \/>\n<meta property=\"og:type\" content=\"article\" \/>\n<meta property=\"og:title\" content=\"Le Mini&#039;stival - La Nuit des Ours Edition 2025\" \/>\n<meta property=\"og:description\" content=\"12 ao\u00fbt 2025. Le MINI&#039;STIVAL, mini &quot;festival&quot; avec 3 concerts gratuits pour finir ensemble sur une note festive.\" \/>\n<meta property=\"og:url\" content=\"https:\/\/lanuitdesours.lautre.net\/?p=3991\" \/>\n<meta property=\"og:site_name\" content=\"La Nuit des Ours\" \/>\n<meta property=\"article:publisher\" content=\"https:\/\/www.facebook.com\/lanuitdesours\/\" \/>\n<meta property=\"article:published_time\" content=\"2025-07-21T14:08:50+00:00\" \/>\n<meta property=\"article:modified_time\" content=\"2025-07-27T23:20:35+00:00\" \/>\n<meta property=\"og:image\" content=\"https:\/\/lanuitdesours.lautre.net\/wp-content\/uploads\/2025\/07\/IMG_0257_VSCO-scaled.jpg\" \/>\n\t<meta property=\"og:image:width\" content=\"1920\" \/>\n\t<meta property=\"og:image:height\" content=\"2560\" \/>\n\t<meta property=\"og:image:type\" content=\"image\/jpeg\" \/>\n<meta name=\"author\" content=\"Cr\u00e9er c&#039;est R\u00e9sister\" \/>\n<meta name=\"twitter:card\" content=\"summary_large_image\" \/>\n<meta name=\"twitter:label1\" content=\"\u00c9crit par\" \/>\n\t<meta name=\"twitter:data1\" content=\"Cr\u00e9er c&#039;est R\u00e9sister\" \/>\n\t<meta name=\"twitter:label2\" content=\"Dur\u00e9e de lecture estim\u00e9e\" \/>\n\t<meta name=\"twitter:data2\" content=\"4 minutes\" \/>\n<script type=\"application\/ld+json\" class=\"yoast-schema-graph\">{\"@context\":\"https:\\\/\\\/schema.org\",\"@graph\":[{\"@type\":\"Article\",\"@id\":\"https:\\\/\\\/lanuitdesours.lautre.net\\\/?p=3991#article\",\"isPartOf\":{\"@id\":\"https:\\\/\\\/lanuitdesours.lautre.net\\\/?p=3991\"},\"author\":{\"name\":\"Cr\u00e9er c'est R\u00e9sister\",\"@id\":\"https:\\\/\\\/lanuitdesours.lautre.net\\\/#\\\/schema\\\/person\\\/1f4500f2f631d9916d6b39f1c0ba934c\"},\"headline\":\"Le Mini&rsquo;stival\",\"datePublished\":\"2025-07-21T14:08:50+00:00\",\"dateModified\":\"2025-07-27T23:20:35+00:00\",\"mainEntityOfPage\":{\"@id\":\"https:\\\/\\\/lanuitdesours.lautre.net\\\/?p=3991\"},\"wordCount\":461,\"publisher\":{\"@id\":\"https:\\\/\\\/lanuitdesours.lautre.net\\\/#organization\"},\"image\":{\"@id\":\"https:\\\/\\\/lanuitdesours.lautre.net\\\/?p=3991#primaryimage\"},\"thumbnailUrl\":\"https:\\\/\\\/lanuitdesours.lautre.net\\\/wp-content\\\/uploads\\\/2025\\\/07\\\/IMG_0257_VSCO-scaled.jpg\",\"articleSection\":[\"Edition 2025\"],\"inLanguage\":\"fr-FR\"},{\"@type\":\"WebPage\",\"@id\":\"https:\\\/\\\/lanuitdesours.lautre.net\\\/?p=3991\",\"url\":\"https:\\\/\\\/lanuitdesours.lautre.net\\\/?p=3991\",\"name\":\"Le Mini'stival - La Nuit des Ours Edition 2025\",\"isPartOf\":{\"@id\":\"https:\\\/\\\/lanuitdesours.lautre.net\\\/#website\"},\"primaryImageOfPage\":{\"@id\":\"https:\\\/\\\/lanuitdesours.lautre.net\\\/?p=3991#primaryimage\"},\"image\":{\"@id\":\"https:\\\/\\\/lanuitdesours.lautre.net\\\/?p=3991#primaryimage\"},\"thumbnailUrl\":\"https:\\\/\\\/lanuitdesours.lautre.net\\\/wp-content\\\/uploads\\\/2025\\\/07\\\/IMG_0257_VSCO-scaled.jpg\",\"datePublished\":\"2025-07-21T14:08:50+00:00\",\"dateModified\":\"2025-07-27T23:20:35+00:00\",\"description\":\"12 ao\u00fbt 2025. Le MINI'STIVAL, mini \\\"festival\\\" avec 3 concerts gratuits pour finir ensemble sur une note festive.\",\"breadcrumb\":{\"@id\":\"https:\\\/\\\/lanuitdesours.lautre.net\\\/?p=3991#breadcrumb\"},\"inLanguage\":\"fr-FR\",\"potentialAction\":[{\"@type\":\"ReadAction\",\"target\":[\"https:\\\/\\\/lanuitdesours.lautre.net\\\/?p=3991\"]}]},{\"@type\":\"ImageObject\",\"inLanguage\":\"fr-FR\",\"@id\":\"https:\\\/\\\/lanuitdesours.lautre.net\\\/?p=3991#primaryimage\",\"url\":\"https:\\\/\\\/lanuitdesours.lautre.net\\\/wp-content\\\/uploads\\\/2025\\\/07\\\/IMG_0257_VSCO-scaled.jpg\",\"contentUrl\":\"https:\\\/\\\/lanuitdesours.lautre.net\\\/wp-content\\\/uploads\\\/2025\\\/07\\\/IMG_0257_VSCO-scaled.jpg\",\"width\":1920,\"height\":2560,\"caption\":\"(c) Kyo AK\"},{\"@type\":\"BreadcrumbList\",\"@id\":\"https:\\\/\\\/lanuitdesours.lautre.net\\\/?p=3991#breadcrumb\",\"itemListElement\":[{\"@type\":\"ListItem\",\"position\":1,\"name\":\"Accueil\",\"item\":\"https:\\\/\\\/lanuitdesours.lautre.net\\\/\"},{\"@type\":\"ListItem\",\"position\":2,\"name\":\"Le Mini&rsquo;stival\"}]},{\"@type\":\"WebSite\",\"@id\":\"https:\\\/\\\/lanuitdesours.lautre.net\\\/#website\",\"url\":\"https:\\\/\\\/lanuitdesours.lautre.net\\\/\",\"name\":\"La Nuit des Ours\",\"description\":\"CR\u00c9ER C&#039;EST R\u00c9SISTER | R\u00c9SISTER C&#039;EST CR\u00c9ER\",\"publisher\":{\"@id\":\"https:\\\/\\\/lanuitdesours.lautre.net\\\/#organization\"},\"potentialAction\":[{\"@type\":\"SearchAction\",\"target\":{\"@type\":\"EntryPoint\",\"urlTemplate\":\"https:\\\/\\\/lanuitdesours.lautre.net\\\/?s={search_term_string}\"},\"query-input\":{\"@type\":\"PropertyValueSpecification\",\"valueRequired\":true,\"valueName\":\"search_term_string\"}}],\"inLanguage\":\"fr-FR\"},{\"@type\":\"Organization\",\"@id\":\"https:\\\/\\\/lanuitdesours.lautre.net\\\/#organization\",\"name\":\"Association LA NUIT DES OURS\",\"url\":\"https:\\\/\\\/lanuitdesours.lautre.net\\\/\",\"logo\":{\"@type\":\"ImageObject\",\"inLanguage\":\"fr-FR\",\"@id\":\"https:\\\/\\\/lanuitdesours.lautre.net\\\/#\\\/schema\\\/logo\\\/image\\\/\",\"url\":\"https:\\\/\\\/nuit-des-ours.com\\\/wp-content\\\/uploads\\\/2022\\\/07\\\/cropped-NDO_logo-noir_jaune.jpg\",\"contentUrl\":\"https:\\\/\\\/nuit-des-ours.com\\\/wp-content\\\/uploads\\\/2022\\\/07\\\/cropped-NDO_logo-noir_jaune.jpg\",\"width\":512,\"height\":512,\"caption\":\"Association LA NUIT DES OURS\"},\"image\":{\"@id\":\"https:\\\/\\\/lanuitdesours.lautre.net\\\/#\\\/schema\\\/logo\\\/image\\\/\"},\"sameAs\":[\"https:\\\/\\\/www.facebook.com\\\/lanuitdesours\\\/\",\"https:\\\/\\\/www.instagram.com\\\/lanuitdesours\\\/\"]},{\"@type\":\"Person\",\"@id\":\"https:\\\/\\\/lanuitdesours.lautre.net\\\/#\\\/schema\\\/person\\\/1f4500f2f631d9916d6b39f1c0ba934c\",\"name\":\"Cr\u00e9er c'est R\u00e9sister\",\"image\":{\"@type\":\"ImageObject\",\"inLanguage\":\"fr-FR\",\"@id\":\"https:\\\/\\\/secure.gravatar.com\\\/avatar\\\/08f4e38908e105d843bc2bab0e7af2243257415b61b5fe99e955c21a5f61fc2b?s=96&d=mm&r=g\",\"url\":\"https:\\\/\\\/secure.gravatar.com\\\/avatar\\\/08f4e38908e105d843bc2bab0e7af2243257415b61b5fe99e955c21a5f61fc2b?s=96&d=mm&r=g\",\"contentUrl\":\"https:\\\/\\\/secure.gravatar.com\\\/avatar\\\/08f4e38908e105d843bc2bab0e7af2243257415b61b5fe99e955c21a5f61fc2b?s=96&d=mm&r=g\",\"caption\":\"Cr\u00e9er c'est R\u00e9sister\"},\"sameAs\":[\"http:\\\/\\\/www.lanuitdesours.lautre.net\"],\"url\":\"https:\\\/\\\/lanuitdesours.lautre.net\\\/?author=1\"}]}<\/script>\n<!-- \/ Yoast SEO plugin. -->","yoast_head_json":{"title":"Le Mini'stival - La Nuit des Ours Edition 2025","description":"12 ao\u00fbt 2025. Le MINI'STIVAL, mini \"festival\" avec 3 concerts gratuits pour finir ensemble sur une note festive.","robots":{"index":"index","follow":"follow","max-snippet":"max-snippet:-1","max-image-preview":"max-image-preview:large","max-video-preview":"max-video-preview:-1"},"canonical":"https:\/\/lanuitdesours.lautre.net\/?p=3991","og_locale":"fr_FR","og_type":"article","og_title":"Le Mini'stival - La Nuit des Ours Edition 2025","og_description":"12 ao\u00fbt 2025. Le MINI'STIVAL, mini \"festival\" avec 3 concerts gratuits pour finir ensemble sur une note festive.","og_url":"https:\/\/lanuitdesours.lautre.net\/?p=3991","og_site_name":"La Nuit des Ours","article_publisher":"https:\/\/www.facebook.com\/lanuitdesours\/","article_published_time":"2025-07-21T14:08:50+00:00","article_modified_time":"2025-07-27T23:20:35+00:00","og_image":[{"width":1920,"height":2560,"url":"https:\/\/lanuitdesours.lautre.net\/wp-content\/uploads\/2025\/07\/IMG_0257_VSCO-scaled.jpg","type":"image\/jpeg"}],"author":"Cr\u00e9er c'est R\u00e9sister","twitter_card":"summary_large_image","twitter_misc":{"\u00c9crit par":"Cr\u00e9er c'est R\u00e9sister","Dur\u00e9e de lecture estim\u00e9e":"4 minutes"},"schema":{"@context":"https:\/\/schema.org","@graph":[{"@type":"Article","@id":"https:\/\/lanuitdesours.lautre.net\/?p=3991#article","isPartOf":{"@id":"https:\/\/lanuitdesours.lautre.net\/?p=3991"},"author":{"name":"Cr\u00e9er c'est R\u00e9sister","@id":"https:\/\/lanuitdesours.lautre.net\/#\/schema\/person\/1f4500f2f631d9916d6b39f1c0ba934c"},"headline":"Le Mini&rsquo;stival","datePublished":"2025-07-21T14:08:50+00:00","dateModified":"2025-07-27T23:20:35+00:00","mainEntityOfPage":{"@id":"https:\/\/lanuitdesours.lautre.net\/?p=3991"},"wordCount":461,"publisher":{"@id":"https:\/\/lanuitdesours.lautre.net\/#organization"},"image":{"@id":"https:\/\/lanuitdesours.lautre.net\/?p=3991#primaryimage"},"thumbnailUrl":"https:\/\/lanuitdesours.lautre.net\/wp-content\/uploads\/2025\/07\/IMG_0257_VSCO-scaled.jpg","articleSection":["Edition 2025"],"inLanguage":"fr-FR"},{"@type":"WebPage","@id":"https:\/\/lanuitdesours.lautre.net\/?p=3991","url":"https:\/\/lanuitdesours.lautre.net\/?p=3991","name":"Le Mini'stival - La Nuit des Ours Edition 2025","isPartOf":{"@id":"https:\/\/lanuitdesours.lautre.net\/#website"},"primaryImageOfPage":{"@id":"https:\/\/lanuitdesours.lautre.net\/?p=3991#primaryimage"},"image":{"@id":"https:\/\/lanuitdesours.lautre.net\/?p=3991#primaryimage"},"thumbnailUrl":"https:\/\/lanuitdesours.lautre.net\/wp-content\/uploads\/2025\/07\/IMG_0257_VSCO-scaled.jpg","datePublished":"2025-07-21T14:08:50+00:00","dateModified":"2025-07-27T23:20:35+00:00","description":"12 ao\u00fbt 2025. Le MINI'STIVAL, mini \"festival\" avec 3 concerts gratuits pour finir ensemble sur une note festive.","breadcrumb":{"@id":"https:\/\/lanuitdesours.lautre.net\/?p=3991#breadcrumb"},"inLanguage":"fr-FR","potentialAction":[{"@type":"ReadAction","target":["https:\/\/lanuitdesours.lautre.net\/?p=3991"]}]},{"@type":"ImageObject","inLanguage":"fr-FR","@id":"https:\/\/lanuitdesours.lautre.net\/?p=3991#primaryimage","url":"https:\/\/lanuitdesours.lautre.net\/wp-content\/uploads\/2025\/07\/IMG_0257_VSCO-scaled.jpg","contentUrl":"https:\/\/lanuitdesours.lautre.net\/wp-content\/uploads\/2025\/07\/IMG_0257_VSCO-scaled.jpg","width":1920,"height":2560,"caption":"(c) Kyo AK"},{"@type":"BreadcrumbList","@id":"https:\/\/lanuitdesours.lautre.net\/?p=3991#breadcrumb","itemListElement":[{"@type":"ListItem","position":1,"name":"Accueil","item":"https:\/\/lanuitdesours.lautre.net\/"},{"@type":"ListItem","position":2,"name":"Le Mini&rsquo;stival"}]},{"@type":"WebSite","@id":"https:\/\/lanuitdesours.lautre.net\/#website","url":"https:\/\/lanuitdesours.lautre.net\/","name":"La Nuit des Ours","description":"CR\u00c9ER C&#039;EST R\u00c9SISTER | R\u00c9SISTER C&#039;EST CR\u00c9ER","publisher":{"@id":"https:\/\/lanuitdesours.lautre.net\/#organization"},"potentialAction":[{"@type":"SearchAction","target":{"@type":"EntryPoint","urlTemplate":"https:\/\/lanuitdesours.lautre.net\/?s={search_term_string}"},"query-input":{"@type":"PropertyValueSpecification","valueRequired":true,"valueName":"search_term_string"}}],"inLanguage":"fr-FR"},{"@type":"Organization","@id":"https:\/\/lanuitdesours.lautre.net\/#organization","name":"Association LA NUIT DES OURS","url":"https:\/\/lanuitdesours.lautre.net\/","logo":{"@type":"ImageObject","inLanguage":"fr-FR","@id":"https:\/\/lanuitdesours.lautre.net\/#\/schema\/logo\/image\/","url":"https:\/\/nuit-des-ours.com\/wp-content\/uploads\/2022\/07\/cropped-NDO_logo-noir_jaune.jpg","contentUrl":"https:\/\/nuit-des-ours.com\/wp-content\/uploads\/2022\/07\/cropped-NDO_logo-noir_jaune.jpg","width":512,"height":512,"caption":"Association LA NUIT DES OURS"},"image":{"@id":"https:\/\/lanuitdesours.lautre.net\/#\/schema\/logo\/image\/"},"sameAs":["https:\/\/www.facebook.com\/lanuitdesours\/","https:\/\/www.instagram.com\/lanuitdesours\/"]},{"@type":"Person","@id":"https:\/\/lanuitdesours.lautre.net\/#\/schema\/person\/1f4500f2f631d9916d6b39f1c0ba934c","name":"Cr\u00e9er c'est R\u00e9sister","image":{"@type":"ImageObject","inLanguage":"fr-FR","@id":"https:\/\/secure.gravatar.com\/avatar\/08f4e38908e105d843bc2bab0e7af2243257415b61b5fe99e955c21a5f61fc2b?s=96&d=mm&r=g","url":"https:\/\/secure.gravatar.com\/avatar\/08f4e38908e105d843bc2bab0e7af2243257415b61b5fe99e955c21a5f61fc2b?s=96&d=mm&r=g","contentUrl":"https:\/\/secure.gravatar.com\/avatar\/08f4e38908e105d843bc2bab0e7af2243257415b61b5fe99e955c21a5f61fc2b?s=96&d=mm&r=g","caption":"Cr\u00e9er c'est R\u00e9sister"},"sameAs":["http:\/\/www.lanuitdesours.lautre.net"],"url":"https:\/\/lanuitdesours.lautre.net\/?author=1"}]}},"_links":{"self":[{"href":"https:\/\/lanuitdesours.lautre.net\/index.php?rest_route=\/wp\/v2\/posts\/3991","targetHints":{"allow":["GET"]}}],"collection":[{"href":"https:\/\/lanuitdesours.lautre.net\/index.php?rest_route=\/wp\/v2\/posts"}],"about":[{"href":"https:\/\/lanuitdesours.lautre.net\/index.php?rest_route=\/wp\/v2\/types\/post"}],"author":[{"embeddable":true,"href":"https:\/\/lanuitdesours.lautre.net\/index.php?rest_route=\/wp\/v2\/users\/1"}],"replies":[{"embeddable":true,"href":"https:\/\/lanuitdesours.lautre.net\/index.php?rest_route=%2Fwp%2Fv2%2Fcomments&post=3991"}],"version-history":[{"count":13,"href":"https:\/\/lanuitdesours.lautre.net\/index.php?rest_route=\/wp\/v2\/posts\/3991\/revisions"}],"predecessor-version":[{"id":4261,"href":"https:\/\/lanuitdesours.lautre.net\/index.php?rest_route=\/wp\/v2\/posts\/3991\/revisions\/4261"}],"wp:featuredmedia":[{"embeddable":true,"href":"https:\/\/lanuitdesours.lautre.net\/index.php?rest_route=\/wp\/v2\/media\/4007"}],"wp:attachment":[{"href":"https:\/\/lanuitdesours.lautre.net\/index.php?rest_route=%2Fwp%2Fv2%2Fmedia&parent=3991"}],"wp:term":[{"taxonomy":"category","embeddable":true,"href":"https:\/\/lanuitdesours.lautre.net\/index.php?rest_route=%2Fwp%2Fv2%2Fcategories&post=3991"},{"taxonomy":"post_tag","embeddable":true,"href":"https:\/\/lanuitdesours.lautre.net\/index.php?rest_route=%2Fwp%2Fv2%2Ftags&post=3991"}],"curies":[{"name":"wp","href":"https:\/\/api.w.org\/{rel}","templated":true}]}}