{"id":3968,"date":"2025-07-25T23:48:57","date_gmt":"2025-07-25T21:48:57","guid":{"rendered":"https:\/\/nuit-des-ours.com\/?p=3968"},"modified":"2025-07-30T00:55:21","modified_gmt":"2025-07-29T22:55:21","slug":"concert-abdullah-miniawy-nino-de-elche","status":"publish","type":"post","link":"https:\/\/lanuitdesours.lautre.net\/?p=3968","title":{"rendered":"Concert exceptionnel : Abdullah Miniawy \u00d7 Ni\u00f1o de Elche"},"content":{"rendered":"\n<h2 class=\"wp-block-heading\">CONCERT EXCEPTIONNEL : <br>ABDULLAH MINIAWY \u00d7 NI\u00d1O DE ELCHE, 11 AO\u00dbT 2025<\/h2>\n\n\n\n<p class=\"wp-block-paragraph\"><mark style=\"background-color:rgba(0, 0, 0, 0)\" class=\"has-inline-color has-accent-1-color\"><\/mark><\/p>\n\n\n\n<div style=\"height:50px\" aria-hidden=\"true\" class=\"wp-block-spacer\"><\/div>\n\n\n\n<p class=\"wp-block-paragraph\"><strong>Deux grandes figures de la sc\u00e8ne world europ\u00e9enne nourrissaient l\u2019espoir de se rencontrer sur sc\u00e8ne. LA NUIT DES OURS<\/strong> <strong>s\u2019est enthousiasm\u00e9e pour ce projet de joute\/fusion de deux voix m\u00e9diterran\u00e9ennes majeures. <strong> <a href=\"https:\/\/abdullahminiawy.com\/\">Abdullah Miniawy<\/a> <\/strong> tisse le lien pour un nouveau voyage atypique avec Ni\u00f1o de Elche dont le chant \u00e9sot\u00e9rique s\u2019accorde parfaitement aux m\u00e9lisses de l\u2019\u00e9gyptien. <\/strong><br><strong><mark style=\"background-color:rgba(0, 0, 0, 0)\" class=\"has-inline-color has-accent-1-color\">Sur r\u00e9servation (20\u20ac\/ gratuit -12 ans).<\/mark><\/strong><\/p>\n\n\n\n<div class=\"wp-block-buttons is-content-justification-left is-layout-flex wp-container-core-buttons-is-layout-63375db1 wp-block-buttons-is-layout-flex\">\n<div class=\"wp-block-button is-style-outline is-style-outline--1\"><a class=\"wp-block-button__link has-normal-font-size has-custom-font-size wp-element-button\" href=\"https:\/\/www.helloasso.com\/associations\/la-nuit-des-ours\/evenements\/evenements-artistiques-6-7-8-10-11-et-12-aout-edition-2025-1\" style=\"border-radius:0px\" target=\"_blank\" rel=\"noreferrer noopener\">R\u00c9SERVER<\/a><\/div>\n<\/div>\n\n\n\n<div style=\"height:50px\" aria-hidden=\"true\" class=\"wp-block-spacer\"><\/div>\n\n\n\n<!--more-->\n\n\n\n<figure class=\"wp-block-embed is-type-video is-provider-youtube wp-block-embed-youtube wp-embed-aspect-16-9 wp-has-aspect-ratio\"><div class=\"wp-block-embed__wrapper\">\n<iframe loading=\"lazy\" title=\"Abdullah Miniawy, Le Cri Du Caire - Les Victoires du jazz 2023\" width=\"1032\" height=\"581\" src=\"https:\/\/www.youtube.com\/embed\/SbXcLtb18lQ?feature=oembed\" frameborder=\"0\" allow=\"accelerometer; autoplay; clipboard-write; encrypted-media; gyroscope; picture-in-picture; web-share\" referrerpolicy=\"strict-origin-when-cross-origin\" allowfullscreen><\/iframe>\n<\/div><\/figure>\n\n\n\n<div style=\"height:50px\" aria-hidden=\"true\" class=\"wp-block-spacer\"><\/div>\n\n\n\n<div class=\"wp-block-columns is-layout-flex wp-container-core-columns-is-layout-8f761849 wp-block-columns-is-layout-flex\">\n<div class=\"wp-block-column is-vertically-aligned-center is-layout-flow wp-block-column-is-layout-flow\"><div class=\"wp-block-image\">\n<figure class=\"aligncenter size-large\"><img loading=\"lazy\" decoding=\"async\" width=\"1024\" height=\"797\" src=\"https:\/\/nuit-des-ours.com\/wp-content\/uploads\/2025\/07\/abdullah-miniawy-en-2018-lors-de-la-15-e-edition-du-festival-quot-la-voix-est-libre-quot-si-proches-orients-photo-yuji-yamazaki-1574351857-1024x797.jpg\" alt=\"\" class=\"wp-image-4309\" srcset=\"https:\/\/lanuitdesours.lautre.net\/wp-content\/uploads\/2025\/07\/abdullah-miniawy-en-2018-lors-de-la-15-e-edition-du-festival-quot-la-voix-est-libre-quot-si-proches-orients-photo-yuji-yamazaki-1574351857-1024x797.jpg 1024w, https:\/\/lanuitdesours.lautre.net\/wp-content\/uploads\/2025\/07\/abdullah-miniawy-en-2018-lors-de-la-15-e-edition-du-festival-quot-la-voix-est-libre-quot-si-proches-orients-photo-yuji-yamazaki-1574351857-300x233.jpg 300w, https:\/\/lanuitdesours.lautre.net\/wp-content\/uploads\/2025\/07\/abdullah-miniawy-en-2018-lors-de-la-15-e-edition-du-festival-quot-la-voix-est-libre-quot-si-proches-orients-photo-yuji-yamazaki-1574351857-768x598.jpg 768w, https:\/\/lanuitdesours.lautre.net\/wp-content\/uploads\/2025\/07\/abdullah-miniawy-en-2018-lors-de-la-15-e-edition-du-festival-quot-la-voix-est-libre-quot-si-proches-orients-photo-yuji-yamazaki-1574351857-386x300.jpg 386w, https:\/\/lanuitdesours.lautre.net\/wp-content\/uploads\/2025\/07\/abdullah-miniawy-en-2018-lors-de-la-15-e-edition-du-festival-quot-la-voix-est-libre-quot-si-proches-orients-photo-yuji-yamazaki-1574351857.jpg 1285w\" sizes=\"auto, (max-width: 1024px) 100vw, 1024px\" \/><figcaption class=\"wp-element-caption\"><strong><em><sup>Festival La Voix est Libre \u00a9 Yuji Yamazaki<\/sup><\/em><\/strong><\/figcaption><\/figure>\n<\/div><\/div>\n\n\n\n<div class=\"wp-block-column is-layout-flow wp-block-column-is-layout-flow\">\n<h3 class=\"wp-block-heading\"><strong><mark style=\"background-color:rgba(0, 0, 0, 0)\" class=\"has-inline-color has-accent-1-color\"><a href=\"https:\/\/abdullahminiawy.com\/\">ABDULLAH MINIAWY<\/a><\/mark><\/strong><\/h3>\n\n\n\n<p class=\"wp-block-paragraph\"><strong>Victoire de la musique 2023 pour l\u2019album <a href=\"https:\/\/abdullahminiawy.com\/Le-Cri-Du-Caire-online-book\">Le Cri du Caire<\/a>. <\/strong><br>N\u00e9 le 29 mars 1994 \u00e0 Yanbu en Arabie Saoudite. Il est une figure charismatique de la sc\u00e8ne artistique \u00e9gyptienne. \u00c0 la fois po\u00e8te, chanteur, et acteur, il est devenu un symbole de r\u00e9sistance et d\u2019espoir durant la r\u00e9volution \u00e9gyptienne de 2011, utilisant le slam pour porter la voix d\u2019une jeunesse en qu\u00eate de changement. <br>\u00c0 seulement 17 ans, Miniawy s\u2019immerge dans le mouvement social qui cherche \u00e0 renverser le pr\u00e9sident Hosni Moubarak. Rapidement, ses morceaux de slam sont recopi\u00e9s sur les murs du Caire. En prenant le micro sur la place Tahrir, il devient ainsi l\u2019un des visages du printemps \u00e9gyptien.<br>Miniawy est connu pour sa voix envo\u00fbtante et son verbe aiguis\u00e9, influenc\u00e9s par la mystique soufie et ses lectures \u00e9rudites de jeunesse. Ses cr\u00e9ations abordent des th\u00e8mes vari\u00e9s, tels que l\u2019\u00e9cologie, la religion, l\u2019oppression et la libert\u00e9.<br>En Europe, il travaille depuis une dizaine d\u2019ann\u00e9es avec des musiciens de renom tels que le trompettiste Erik Truffaz et le saxophoniste Peter Corser ou le ch\u0153ur corse A Filetta.<\/p>\n<\/div>\n<\/div>\n\n\n\n<div class=\"wp-block-columns is-layout-flex wp-container-core-columns-is-layout-8f761849 wp-block-columns-is-layout-flex\">\n<div class=\"wp-block-column is-layout-flow wp-block-column-is-layout-flow\">\n<h3 class=\"wp-block-heading\">NI\u00d1O DE ELCHE<\/h3>\n\n\n\n<p class=\"wp-block-paragraph\">Il est n\u00e9 il y a 40 ans dans une ville dont il porte le nom, Elche pr\u00e8s d\u2019Alicante.<br>Artiste espagnol reconnu de la sc\u00e8ne contemporaine espagnole, grande figure du flamenco, Ni\u00f1o est l\u2019une des plus belles voix rauques de sa g\u00e9n\u00e9ration. Plong\u00e9 dans la tradition depuis son plus jeune \u00e2ge, il en a progressivement d\u00e9tourn\u00e9 les codes pour y int\u00e9grer d\u2019autres influences artistiques.<br>La t\u00eate ras\u00e9e, la barbe sombre, il aime se comporter comme l\u2019enfant qu\u2019il pr\u00e9tend \u00eatre rest\u00e9. C&rsquo;est pourquoi toute sa vie de ma\u00eetre chanteur, il s\u2019en sert pour d\u00e9boulonner les statues qu\u2019il v\u00e9n\u00e8re et pour faire de sa voix une machine \u00e0 d\u00e9caper le r\u00e9el.<br>Il pr\u00e9tend aujourd\u2019hui chanter \u00ab \u00e0 la gitane \u00bb, dans la veine expressionniste d\u2019un Manuel Torre (1880-1933), cantaor g\u00e9nialement d\u00e9g\u00e9n\u00e9r\u00e9 dont il traverse \u00e0 l\u2019occasion le r\u00e9pertoire cr\u00e9pusculaire.<\/p>\n<\/div>\n\n\n\n<div class=\"wp-block-column is-vertically-aligned-center is-layout-flow wp-block-column-is-layout-flow\"><div class=\"wp-block-image\">\n<figure class=\"aligncenter size-large\"><img loading=\"lazy\" decoding=\"async\" width=\"814\" height=\"1024\" src=\"https:\/\/nuit-des-ours.com\/wp-content\/uploads\/2025\/07\/NinoDeElche_3-814x1024.jpg\" alt=\"\" class=\"wp-image-3972\" srcset=\"https:\/\/lanuitdesours.lautre.net\/wp-content\/uploads\/2025\/07\/NinoDeElche_3-814x1024.jpg 814w, https:\/\/lanuitdesours.lautre.net\/wp-content\/uploads\/2025\/07\/NinoDeElche_3-239x300.jpg 239w, https:\/\/lanuitdesours.lautre.net\/wp-content\/uploads\/2025\/07\/NinoDeElche_3-768x966.jpg 768w, https:\/\/lanuitdesours.lautre.net\/wp-content\/uploads\/2025\/07\/NinoDeElche_3-1222x1536.jpg 1222w, https:\/\/lanuitdesours.lautre.net\/wp-content\/uploads\/2025\/07\/NinoDeElche_3-1629x2048.jpg 1629w, https:\/\/lanuitdesours.lautre.net\/wp-content\/uploads\/2025\/07\/NinoDeElche_3.jpg 2036w\" sizes=\"auto, (max-width: 814px) 100vw, 814px\" \/><\/figure>\n<\/div><\/div>\n<\/div>\n\n\n\n<p class=\"wp-block-paragraph\"><strong>Autant dire que la rencontre in\u00e9dite de ces deux grandes voix m\u00e9diterran\u00e9ennes promet d\u2019\u00eatre d\u2019anthologie.<\/strong><\/p>\n\n\n\n<div class=\"wp-block-buttons is-content-justification-left is-layout-flex wp-container-core-buttons-is-layout-63375db1 wp-block-buttons-is-layout-flex\">\n<div class=\"wp-block-button is-style-outline is-style-outline--2\"><a class=\"wp-block-button__link has-normal-font-size has-custom-font-size wp-element-button\" href=\"https:\/\/www.helloasso.com\/associations\/la-nuit-des-ours\/evenements\/evenements-artistiques-6-7-8-10-11-et-12-aout-edition-2025-1\" style=\"border-radius:0px\" target=\"_blank\" rel=\"noreferrer noopener\">R\u00c9SERVER<\/a><\/div>\n<\/div>\n\n\n\n<div style=\"height:50px\" aria-hidden=\"true\" class=\"wp-block-spacer\"><\/div>\n\n\n\n<p class=\"wp-block-paragraph\"><\/p>\n","protected":false},"excerpt":{"rendered":"<p>LE 11 AO\u00dbT, 21h. Deux grandes figures de la sc\u00e8ne world europ\u00e9enne se rencontrent sur sc\u00e8ne. Abdullah Miniawy tisse le lien pour un nouveau voyage atypique avec Nino de Elche dont le chant \u00e9sot\u00e9rique s\u2019accorde parfaitement aux m\u00e9lisses de l\u2019\u00e9gyptien.<br \/>\nSur r\u00e9servation (20\u20ac\/ gratuit <12 ans). \n<\/p>\n","protected":false},"author":1,"featured_media":4110,"comment_status":"closed","ping_status":"closed","sticky":true,"template":"","format":"standard","meta":{"footnotes":""},"categories":[62],"tags":[53],"class_list":["post-3968","post","type-post","status-publish","format-standard","has-post-thumbnail","hentry","category-edition-2025","tag-carte-blanche"],"yoast_head":"<!-- This site is optimized with the Yoast SEO plugin v28.3 - https:\/\/yoast.com\/product\/yoast-seo-wordpress\/ -->\n<title>Concert exceptionnel : Abdullah Miniawy \u00d7 Ni\u00f1o de Elche - La Nuit des Ours<\/title>\n<meta name=\"description\" content=\"11 AO\u00dbT, 21h. Abdullah Miniawy tisse le lien pour un nouveau voyage atypique avec Nino de Elche dont le chant \u00e9sot\u00e9rique s\u2019accorde parfaitement aux m\u00e9lisses de l\u2019\u00e9gyptien.\" \/>\n<meta name=\"robots\" content=\"index, follow, max-snippet:-1, max-image-preview:large, max-video-preview:-1\" \/>\n<link rel=\"canonical\" href=\"https:\/\/lanuitdesours.lautre.net\/?p=3968\" \/>\n<meta property=\"og:locale\" content=\"fr_FR\" \/>\n<meta property=\"og:type\" content=\"article\" \/>\n<meta property=\"og:title\" content=\"Concert exceptionnel : Abdullah Miniawy \u00d7 Ni\u00f1o de Elche - La Nuit des Ours\" \/>\n<meta property=\"og:description\" content=\"11 AO\u00dbT, 21h. Abdullah Miniawy tisse le lien pour un nouveau voyage atypique avec Nino de Elche dont le chant \u00e9sot\u00e9rique s\u2019accorde parfaitement aux m\u00e9lisses de l\u2019\u00e9gyptien.\" \/>\n<meta property=\"og:url\" content=\"https:\/\/lanuitdesours.lautre.net\/?p=3968\" \/>\n<meta property=\"og:site_name\" content=\"La Nuit des Ours\" \/>\n<meta property=\"article:publisher\" content=\"https:\/\/www.facebook.com\/lanuitdesours\/\" \/>\n<meta property=\"article:published_time\" content=\"2025-07-25T21:48:57+00:00\" \/>\n<meta property=\"article:modified_time\" content=\"2025-07-29T22:55:21+00:00\" \/>\n<meta property=\"og:image\" content=\"https:\/\/lanuitdesours.lautre.net\/wp-content\/uploads\/2025\/07\/eglise-de-vallorcine-web-scaled.jpg\" \/>\n\t<meta property=\"og:image:width\" content=\"2560\" \/>\n\t<meta property=\"og:image:height\" content=\"1920\" \/>\n\t<meta property=\"og:image:type\" content=\"image\/jpeg\" \/>\n<meta name=\"author\" content=\"Cr\u00e9er c&#039;est R\u00e9sister\" \/>\n<meta name=\"twitter:card\" content=\"summary_large_image\" \/>\n<meta name=\"twitter:label1\" content=\"\u00c9crit par\" \/>\n\t<meta name=\"twitter:data1\" content=\"Cr\u00e9er c&#039;est R\u00e9sister\" \/>\n\t<meta name=\"twitter:label2\" content=\"Dur\u00e9e de lecture estim\u00e9e\" \/>\n\t<meta name=\"twitter:data2\" content=\"3 minutes\" \/>\n<script type=\"application\/ld+json\" class=\"yoast-schema-graph\">{\"@context\":\"https:\\\/\\\/schema.org\",\"@graph\":[{\"@type\":\"Article\",\"@id\":\"https:\\\/\\\/lanuitdesours.lautre.net\\\/?p=3968#article\",\"isPartOf\":{\"@id\":\"https:\\\/\\\/lanuitdesours.lautre.net\\\/?p=3968\"},\"author\":{\"name\":\"Cr\u00e9er c'est R\u00e9sister\",\"@id\":\"https:\\\/\\\/lanuitdesours.lautre.net\\\/#\\\/schema\\\/person\\\/1f4500f2f631d9916d6b39f1c0ba934c\"},\"headline\":\"Concert exceptionnel : Abdullah Miniawy \u00d7 Ni\u00f1o de Elche\",\"datePublished\":\"2025-07-25T21:48:57+00:00\",\"dateModified\":\"2025-07-29T22:55:21+00:00\",\"mainEntityOfPage\":{\"@id\":\"https:\\\/\\\/lanuitdesours.lautre.net\\\/?p=3968\"},\"wordCount\":488,\"publisher\":{\"@id\":\"https:\\\/\\\/lanuitdesours.lautre.net\\\/#organization\"},\"image\":{\"@id\":\"https:\\\/\\\/lanuitdesours.lautre.net\\\/?p=3968#primaryimage\"},\"thumbnailUrl\":\"https:\\\/\\\/lanuitdesours.lautre.net\\\/wp-content\\\/uploads\\\/2025\\\/07\\\/eglise-de-vallorcine-web-scaled.jpg\",\"keywords\":[\"CARTE BLANCHE\"],\"articleSection\":[\"Edition 2025\"],\"inLanguage\":\"fr-FR\"},{\"@type\":\"WebPage\",\"@id\":\"https:\\\/\\\/lanuitdesours.lautre.net\\\/?p=3968\",\"url\":\"https:\\\/\\\/lanuitdesours.lautre.net\\\/?p=3968\",\"name\":\"Concert exceptionnel : Abdullah Miniawy \u00d7 Ni\u00f1o de Elche - La Nuit des Ours\",\"isPartOf\":{\"@id\":\"https:\\\/\\\/lanuitdesours.lautre.net\\\/#website\"},\"primaryImageOfPage\":{\"@id\":\"https:\\\/\\\/lanuitdesours.lautre.net\\\/?p=3968#primaryimage\"},\"image\":{\"@id\":\"https:\\\/\\\/lanuitdesours.lautre.net\\\/?p=3968#primaryimage\"},\"thumbnailUrl\":\"https:\\\/\\\/lanuitdesours.lautre.net\\\/wp-content\\\/uploads\\\/2025\\\/07\\\/eglise-de-vallorcine-web-scaled.jpg\",\"datePublished\":\"2025-07-25T21:48:57+00:00\",\"dateModified\":\"2025-07-29T22:55:21+00:00\",\"description\":\"11 AO\u00dbT, 21h. Abdullah Miniawy tisse le lien pour un nouveau voyage atypique avec Nino de Elche dont le chant \u00e9sot\u00e9rique s\u2019accorde parfaitement aux m\u00e9lisses de l\u2019\u00e9gyptien.\",\"breadcrumb\":{\"@id\":\"https:\\\/\\\/lanuitdesours.lautre.net\\\/?p=3968#breadcrumb\"},\"inLanguage\":\"fr-FR\",\"potentialAction\":[{\"@type\":\"ReadAction\",\"target\":[\"https:\\\/\\\/lanuitdesours.lautre.net\\\/?p=3968\"]}]},{\"@type\":\"ImageObject\",\"inLanguage\":\"fr-FR\",\"@id\":\"https:\\\/\\\/lanuitdesours.lautre.net\\\/?p=3968#primaryimage\",\"url\":\"https:\\\/\\\/lanuitdesours.lautre.net\\\/wp-content\\\/uploads\\\/2025\\\/07\\\/eglise-de-vallorcine-web-scaled.jpg\",\"contentUrl\":\"https:\\\/\\\/lanuitdesours.lautre.net\\\/wp-content\\\/uploads\\\/2025\\\/07\\\/eglise-de-vallorcine-web-scaled.jpg\",\"width\":2560,\"height\":1920},{\"@type\":\"BreadcrumbList\",\"@id\":\"https:\\\/\\\/lanuitdesours.lautre.net\\\/?p=3968#breadcrumb\",\"itemListElement\":[{\"@type\":\"ListItem\",\"position\":1,\"name\":\"Accueil\",\"item\":\"https:\\\/\\\/lanuitdesours.lautre.net\\\/\"},{\"@type\":\"ListItem\",\"position\":2,\"name\":\"Concert exceptionnel : Abdullah Miniawy \u00d7 Ni\u00f1o de Elche\"}]},{\"@type\":\"WebSite\",\"@id\":\"https:\\\/\\\/lanuitdesours.lautre.net\\\/#website\",\"url\":\"https:\\\/\\\/lanuitdesours.lautre.net\\\/\",\"name\":\"La Nuit des Ours\",\"description\":\"CR\u00c9ER C&#039;EST R\u00c9SISTER | R\u00c9SISTER C&#039;EST CR\u00c9ER\",\"publisher\":{\"@id\":\"https:\\\/\\\/lanuitdesours.lautre.net\\\/#organization\"},\"potentialAction\":[{\"@type\":\"SearchAction\",\"target\":{\"@type\":\"EntryPoint\",\"urlTemplate\":\"https:\\\/\\\/lanuitdesours.lautre.net\\\/?s={search_term_string}\"},\"query-input\":{\"@type\":\"PropertyValueSpecification\",\"valueRequired\":true,\"valueName\":\"search_term_string\"}}],\"inLanguage\":\"fr-FR\"},{\"@type\":\"Organization\",\"@id\":\"https:\\\/\\\/lanuitdesours.lautre.net\\\/#organization\",\"name\":\"Association LA NUIT DES OURS\",\"url\":\"https:\\\/\\\/lanuitdesours.lautre.net\\\/\",\"logo\":{\"@type\":\"ImageObject\",\"inLanguage\":\"fr-FR\",\"@id\":\"https:\\\/\\\/lanuitdesours.lautre.net\\\/#\\\/schema\\\/logo\\\/image\\\/\",\"url\":\"https:\\\/\\\/nuit-des-ours.com\\\/wp-content\\\/uploads\\\/2022\\\/07\\\/cropped-NDO_logo-noir_jaune.jpg\",\"contentUrl\":\"https:\\\/\\\/nuit-des-ours.com\\\/wp-content\\\/uploads\\\/2022\\\/07\\\/cropped-NDO_logo-noir_jaune.jpg\",\"width\":512,\"height\":512,\"caption\":\"Association LA NUIT DES OURS\"},\"image\":{\"@id\":\"https:\\\/\\\/lanuitdesours.lautre.net\\\/#\\\/schema\\\/logo\\\/image\\\/\"},\"sameAs\":[\"https:\\\/\\\/www.facebook.com\\\/lanuitdesours\\\/\",\"https:\\\/\\\/www.instagram.com\\\/lanuitdesours\\\/\"]},{\"@type\":\"Person\",\"@id\":\"https:\\\/\\\/lanuitdesours.lautre.net\\\/#\\\/schema\\\/person\\\/1f4500f2f631d9916d6b39f1c0ba934c\",\"name\":\"Cr\u00e9er c'est R\u00e9sister\",\"image\":{\"@type\":\"ImageObject\",\"inLanguage\":\"fr-FR\",\"@id\":\"https:\\\/\\\/secure.gravatar.com\\\/avatar\\\/08f4e38908e105d843bc2bab0e7af2243257415b61b5fe99e955c21a5f61fc2b?s=96&d=mm&r=g\",\"url\":\"https:\\\/\\\/secure.gravatar.com\\\/avatar\\\/08f4e38908e105d843bc2bab0e7af2243257415b61b5fe99e955c21a5f61fc2b?s=96&d=mm&r=g\",\"contentUrl\":\"https:\\\/\\\/secure.gravatar.com\\\/avatar\\\/08f4e38908e105d843bc2bab0e7af2243257415b61b5fe99e955c21a5f61fc2b?s=96&d=mm&r=g\",\"caption\":\"Cr\u00e9er c'est R\u00e9sister\"},\"sameAs\":[\"http:\\\/\\\/www.lanuitdesours.lautre.net\"],\"url\":\"https:\\\/\\\/lanuitdesours.lautre.net\\\/?author=1\"}]}<\/script>\n<!-- \/ Yoast SEO plugin. -->","yoast_head_json":{"title":"Concert exceptionnel : Abdullah Miniawy \u00d7 Ni\u00f1o de Elche - La Nuit des Ours","description":"11 AO\u00dbT, 21h. Abdullah Miniawy tisse le lien pour un nouveau voyage atypique avec Nino de Elche dont le chant \u00e9sot\u00e9rique s\u2019accorde parfaitement aux m\u00e9lisses de l\u2019\u00e9gyptien.","robots":{"index":"index","follow":"follow","max-snippet":"max-snippet:-1","max-image-preview":"max-image-preview:large","max-video-preview":"max-video-preview:-1"},"canonical":"https:\/\/lanuitdesours.lautre.net\/?p=3968","og_locale":"fr_FR","og_type":"article","og_title":"Concert exceptionnel : Abdullah Miniawy \u00d7 Ni\u00f1o de Elche - La Nuit des Ours","og_description":"11 AO\u00dbT, 21h. Abdullah Miniawy tisse le lien pour un nouveau voyage atypique avec Nino de Elche dont le chant \u00e9sot\u00e9rique s\u2019accorde parfaitement aux m\u00e9lisses de l\u2019\u00e9gyptien.","og_url":"https:\/\/lanuitdesours.lautre.net\/?p=3968","og_site_name":"La Nuit des Ours","article_publisher":"https:\/\/www.facebook.com\/lanuitdesours\/","article_published_time":"2025-07-25T21:48:57+00:00","article_modified_time":"2025-07-29T22:55:21+00:00","og_image":[{"width":2560,"height":1920,"url":"https:\/\/lanuitdesours.lautre.net\/wp-content\/uploads\/2025\/07\/eglise-de-vallorcine-web-scaled.jpg","type":"image\/jpeg"}],"author":"Cr\u00e9er c'est R\u00e9sister","twitter_card":"summary_large_image","twitter_misc":{"\u00c9crit par":"Cr\u00e9er c'est R\u00e9sister","Dur\u00e9e de lecture estim\u00e9e":"3 minutes"},"schema":{"@context":"https:\/\/schema.org","@graph":[{"@type":"Article","@id":"https:\/\/lanuitdesours.lautre.net\/?p=3968#article","isPartOf":{"@id":"https:\/\/lanuitdesours.lautre.net\/?p=3968"},"author":{"name":"Cr\u00e9er c'est R\u00e9sister","@id":"https:\/\/lanuitdesours.lautre.net\/#\/schema\/person\/1f4500f2f631d9916d6b39f1c0ba934c"},"headline":"Concert exceptionnel : Abdullah Miniawy \u00d7 Ni\u00f1o de Elche","datePublished":"2025-07-25T21:48:57+00:00","dateModified":"2025-07-29T22:55:21+00:00","mainEntityOfPage":{"@id":"https:\/\/lanuitdesours.lautre.net\/?p=3968"},"wordCount":488,"publisher":{"@id":"https:\/\/lanuitdesours.lautre.net\/#organization"},"image":{"@id":"https:\/\/lanuitdesours.lautre.net\/?p=3968#primaryimage"},"thumbnailUrl":"https:\/\/lanuitdesours.lautre.net\/wp-content\/uploads\/2025\/07\/eglise-de-vallorcine-web-scaled.jpg","keywords":["CARTE BLANCHE"],"articleSection":["Edition 2025"],"inLanguage":"fr-FR"},{"@type":"WebPage","@id":"https:\/\/lanuitdesours.lautre.net\/?p=3968","url":"https:\/\/lanuitdesours.lautre.net\/?p=3968","name":"Concert exceptionnel : Abdullah Miniawy \u00d7 Ni\u00f1o de Elche - La Nuit des Ours","isPartOf":{"@id":"https:\/\/lanuitdesours.lautre.net\/#website"},"primaryImageOfPage":{"@id":"https:\/\/lanuitdesours.lautre.net\/?p=3968#primaryimage"},"image":{"@id":"https:\/\/lanuitdesours.lautre.net\/?p=3968#primaryimage"},"thumbnailUrl":"https:\/\/lanuitdesours.lautre.net\/wp-content\/uploads\/2025\/07\/eglise-de-vallorcine-web-scaled.jpg","datePublished":"2025-07-25T21:48:57+00:00","dateModified":"2025-07-29T22:55:21+00:00","description":"11 AO\u00dbT, 21h. Abdullah Miniawy tisse le lien pour un nouveau voyage atypique avec Nino de Elche dont le chant \u00e9sot\u00e9rique s\u2019accorde parfaitement aux m\u00e9lisses de l\u2019\u00e9gyptien.","breadcrumb":{"@id":"https:\/\/lanuitdesours.lautre.net\/?p=3968#breadcrumb"},"inLanguage":"fr-FR","potentialAction":[{"@type":"ReadAction","target":["https:\/\/lanuitdesours.lautre.net\/?p=3968"]}]},{"@type":"ImageObject","inLanguage":"fr-FR","@id":"https:\/\/lanuitdesours.lautre.net\/?p=3968#primaryimage","url":"https:\/\/lanuitdesours.lautre.net\/wp-content\/uploads\/2025\/07\/eglise-de-vallorcine-web-scaled.jpg","contentUrl":"https:\/\/lanuitdesours.lautre.net\/wp-content\/uploads\/2025\/07\/eglise-de-vallorcine-web-scaled.jpg","width":2560,"height":1920},{"@type":"BreadcrumbList","@id":"https:\/\/lanuitdesours.lautre.net\/?p=3968#breadcrumb","itemListElement":[{"@type":"ListItem","position":1,"name":"Accueil","item":"https:\/\/lanuitdesours.lautre.net\/"},{"@type":"ListItem","position":2,"name":"Concert exceptionnel : Abdullah Miniawy \u00d7 Ni\u00f1o de Elche"}]},{"@type":"WebSite","@id":"https:\/\/lanuitdesours.lautre.net\/#website","url":"https:\/\/lanuitdesours.lautre.net\/","name":"La Nuit des Ours","description":"CR\u00c9ER C&#039;EST R\u00c9SISTER | R\u00c9SISTER C&#039;EST CR\u00c9ER","publisher":{"@id":"https:\/\/lanuitdesours.lautre.net\/#organization"},"potentialAction":[{"@type":"SearchAction","target":{"@type":"EntryPoint","urlTemplate":"https:\/\/lanuitdesours.lautre.net\/?s={search_term_string}"},"query-input":{"@type":"PropertyValueSpecification","valueRequired":true,"valueName":"search_term_string"}}],"inLanguage":"fr-FR"},{"@type":"Organization","@id":"https:\/\/lanuitdesours.lautre.net\/#organization","name":"Association LA NUIT DES OURS","url":"https:\/\/lanuitdesours.lautre.net\/","logo":{"@type":"ImageObject","inLanguage":"fr-FR","@id":"https:\/\/lanuitdesours.lautre.net\/#\/schema\/logo\/image\/","url":"https:\/\/nuit-des-ours.com\/wp-content\/uploads\/2022\/07\/cropped-NDO_logo-noir_jaune.jpg","contentUrl":"https:\/\/nuit-des-ours.com\/wp-content\/uploads\/2022\/07\/cropped-NDO_logo-noir_jaune.jpg","width":512,"height":512,"caption":"Association LA NUIT DES OURS"},"image":{"@id":"https:\/\/lanuitdesours.lautre.net\/#\/schema\/logo\/image\/"},"sameAs":["https:\/\/www.facebook.com\/lanuitdesours\/","https:\/\/www.instagram.com\/lanuitdesours\/"]},{"@type":"Person","@id":"https:\/\/lanuitdesours.lautre.net\/#\/schema\/person\/1f4500f2f631d9916d6b39f1c0ba934c","name":"Cr\u00e9er c'est R\u00e9sister","image":{"@type":"ImageObject","inLanguage":"fr-FR","@id":"https:\/\/secure.gravatar.com\/avatar\/08f4e38908e105d843bc2bab0e7af2243257415b61b5fe99e955c21a5f61fc2b?s=96&d=mm&r=g","url":"https:\/\/secure.gravatar.com\/avatar\/08f4e38908e105d843bc2bab0e7af2243257415b61b5fe99e955c21a5f61fc2b?s=96&d=mm&r=g","contentUrl":"https:\/\/secure.gravatar.com\/avatar\/08f4e38908e105d843bc2bab0e7af2243257415b61b5fe99e955c21a5f61fc2b?s=96&d=mm&r=g","caption":"Cr\u00e9er c'est R\u00e9sister"},"sameAs":["http:\/\/www.lanuitdesours.lautre.net"],"url":"https:\/\/lanuitdesours.lautre.net\/?author=1"}]}},"_links":{"self":[{"href":"https:\/\/lanuitdesours.lautre.net\/index.php?rest_route=\/wp\/v2\/posts\/3968","targetHints":{"allow":["GET"]}}],"collection":[{"href":"https:\/\/lanuitdesours.lautre.net\/index.php?rest_route=\/wp\/v2\/posts"}],"about":[{"href":"https:\/\/lanuitdesours.lautre.net\/index.php?rest_route=\/wp\/v2\/types\/post"}],"author":[{"embeddable":true,"href":"https:\/\/lanuitdesours.lautre.net\/index.php?rest_route=\/wp\/v2\/users\/1"}],"replies":[{"embeddable":true,"href":"https:\/\/lanuitdesours.lautre.net\/index.php?rest_route=%2Fwp%2Fv2%2Fcomments&post=3968"}],"version-history":[{"count":12,"href":"https:\/\/lanuitdesours.lautre.net\/index.php?rest_route=\/wp\/v2\/posts\/3968\/revisions"}],"predecessor-version":[{"id":4312,"href":"https:\/\/lanuitdesours.lautre.net\/index.php?rest_route=\/wp\/v2\/posts\/3968\/revisions\/4312"}],"wp:featuredmedia":[{"embeddable":true,"href":"https:\/\/lanuitdesours.lautre.net\/index.php?rest_route=\/wp\/v2\/media\/4110"}],"wp:attachment":[{"href":"https:\/\/lanuitdesours.lautre.net\/index.php?rest_route=%2Fwp%2Fv2%2Fmedia&parent=3968"}],"wp:term":[{"taxonomy":"category","embeddable":true,"href":"https:\/\/lanuitdesours.lautre.net\/index.php?rest_route=%2Fwp%2Fv2%2Fcategories&post=3968"},{"taxonomy":"post_tag","embeddable":true,"href":"https:\/\/lanuitdesours.lautre.net\/index.php?rest_route=%2Fwp%2Fv2%2Ftags&post=3968"}],"curies":[{"name":"wp","href":"https:\/\/api.w.org\/{rel}","templated":true}]}}