{"id":3901,"date":"2025-07-24T01:41:34","date_gmt":"2025-07-23T23:41:34","guid":{"rendered":"https:\/\/nuit-des-ours.com\/?p=3901"},"modified":"2025-07-26T16:40:59","modified_gmt":"2025-07-26T14:40:59","slug":"la-nuit-en-plein-jour-2025","status":"publish","type":"post","link":"https:\/\/lanuitdesours.lautre.net\/?p=3901","title":{"rendered":"La Nuit en Plein Jour"},"content":{"rendered":"\n<h2 class=\"wp-block-heading\">LA NUIT EN PLEIN JOUR, 12 AO\u00dbT 2025<\/h2>\n\n\n\n<p class=\"wp-block-paragraph\"><strong>Depuis l&rsquo;an dernier, LA NUIT DES OURS se d\u00e9cline dans une version en plein jour !\u2028 <\/strong><br><strong><mark style=\"background-color:rgba(0, 0, 0, 0)\" class=\"has-inline-color has-accent-1-color\">LA NUIT EN PLEIN JOUR<\/mark> est donc une d\u00e9ambulation diurne entre diff\u00e9rents spectacles et sculptures d\u2019 \u00ab Arts du Chemin \u00bb, guid\u00e9e par des passeur-euses de savoir. \u00c7a permet de venir avec ses enfants.\u2028 L\u2019aventure est diff\u00e9rente, plus ax\u00e9e sur les spectacles mais toujours en pleine nature, en immersion entre for\u00eat, chemins et bosquets dans les territoires sauvages de Vallorcine en Haute-Savoie.<\/strong><mark style=\"background-color:rgba(0, 0, 0, 0)\" class=\"has-inline-color has-accent-1-color\"><strong> Sur r\u00e9servation (25\u20ac\/20\u20ac tarif r\u00e9duit\/15\u20ac tarif enfant).<\/strong><\/mark><\/p>\n\n\n\n<div class=\"wp-block-buttons is-content-justification-space-between is-layout-flex wp-container-core-buttons-is-layout-cfe5ce44 wp-block-buttons-is-layout-flex\">\n<div class=\"wp-block-button is-style-outline is-style-outline--1\"><a class=\"wp-block-button__link has-sitebg-color has-accent-2-background-color has-text-color has-background has-normal-font-size has-custom-font-size wp-element-button\" href=\"https:\/\/www.helloasso.com\/associations\/la-nuit-des-ours\/evenements\/evenements-artistiques-6-7-8-10-11-et-12-aout-edition-2025-1\" style=\"border-radius:0px\" target=\"_blank\" rel=\"noreferrer noopener\">R\u00c9SERVER<\/a><\/div>\n<\/div>\n\n\n\n<div style=\"height:30px\" aria-hidden=\"true\" class=\"wp-block-spacer\"><\/div>\n\n\n\n<!--more-->\n\n\n\n<h5 class=\"wp-block-heading\">Rendez-vous AUX EDELWEISS (vers le <a href=\"https:\/\/www.lecafecomptoir.com\/\">Caf\u00e9 Comptoir<\/a>, derri\u00e8re la gare de Vallorcine terminus)<\/h5>\n\n\n\n<h5 class=\"wp-block-heading\">ACCUEIL de LA NUIT EN PLEIN JOUR d\u00e8s 13h30 avec buvette (attention pas de restauration) et :<\/h5>\n\n\n\n<div class=\"wp-block-columns is-layout-flex wp-container-core-columns-is-layout-8f761849 wp-block-columns-is-layout-flex\">\n<div class=\"wp-block-column is-layout-flow wp-block-column-is-layout-flow\">\n<h3 class=\"wp-block-heading\">R\u00c9CITAL DE VOIX PARL\u00c9E \u00c0 LA CARTE<\/h3>\n\n\n\n<p class=\"wp-block-paragraph\"><mark style=\"background-color:rgba(0, 0, 0, 0)\" class=\"has-inline-color has-accent-1-color\">De <strong>Timoth\u00e9e LAINE<\/strong> (201 textes de 105 auteurs fran\u00e7ais et \u00e9trangers)<\/mark><br>Liste des textes distribu\u00e9e au public lequel est l\u2019architecte du programme en proposant ses choix. \u00c9pop\u00e9e du public, \u00e9pop\u00e9e du po\u00e8me. Un voyage, une aventure dont les \u00e9tapes ne sont pas connues \u00e0 l\u2019avance.<br>La confirmation que les \u00e9critures ne sont pas seulement des traces, aussi magnifiques soient-elles, mais une transcription qui nous permet de retrouver la pulsation intime, la respiration secr\u00e8te du corps \u00e0 l\u2019origine du texte. Resurgissent les paroles des hommes et des femmes qui magnifient le monde de leurs empreintes, qu\u2019elles aient \u00e9t\u00e9 imprim\u00e9es hier, aujourd\u2019hui et au-del\u00e0 des fronti\u00e8res nationales. Et le miracle, c\u2019est que le public consid\u00e9r\u00e9 libre de ses appartenances sociales, religieuses, g\u00e9ographiques ou g\u00e9n\u00e9rationnelles r\u00e9pond \u00e0 l\u2019\u00e9pop\u00e9e.<\/p>\n<\/div>\n\n\n\n<div class=\"wp-block-column is-vertically-aligned-center is-layout-flow wp-block-column-is-layout-flow\"><div class=\"wp-block-image wp-duotone-grayscale\">\n<figure class=\"aligncenter size-medium\"><img loading=\"lazy\" decoding=\"async\" width=\"300\" height=\"141\" src=\"https:\/\/nuit-des-ours.com\/wp-content\/uploads\/2025\/07\/Timothee-Laine_1-300x141.jpg\" alt=\"\" class=\"wp-image-3903\" style=\"aspect-ratio:4\/3;object-fit:cover\" srcset=\"https:\/\/lanuitdesours.lautre.net\/wp-content\/uploads\/2025\/07\/Timothee-Laine_1-300x141.jpg 300w, https:\/\/lanuitdesours.lautre.net\/wp-content\/uploads\/2025\/07\/Timothee-Laine_1-768x360.jpg 768w, https:\/\/lanuitdesours.lautre.net\/wp-content\/uploads\/2025\/07\/Timothee-Laine_1-496x232.jpg 496w, https:\/\/lanuitdesours.lautre.net\/wp-content\/uploads\/2025\/07\/Timothee-Laine_1.jpg 837w\" sizes=\"auto, (max-width: 300px) 100vw, 300px\" \/><\/figure>\n<\/div><\/div>\n<\/div>\n\n\n\n<h5 class=\"wp-block-heading\">DE 14:30 A 18h, LA NUIT EN PLEIN JOUR<br>Une grande balade guid\u00e9e \u00e0 la rencontre des Arts du Chemin et des 6 spectacles suivants (entre 10 et 15 min chacun) :<\/h5>\n\n\n\n<div class=\"wp-block-columns is-layout-flex wp-container-core-columns-is-layout-8f761849 wp-block-columns-is-layout-flex\">\n<div class=\"wp-block-column is-layout-flow wp-block-column-is-layout-flow\">\n<h3 class=\"wp-block-heading\">JEAN-JACQUES LEM\u00caTRE<br><\/h3>\n\n\n\n<p class=\"wp-block-paragraph\"><mark style=\"background-color:rgba(0, 0, 0, 0)\" class=\"has-inline-color has-accent-1-color\"><strong>Compositeur multi-instrumentiste iconoclaste<\/strong><\/mark><br>Notre \u00ab grand invit\u00e9 \u00bb de la semaine nous propose un mini r\u00e9cital, une travers\u00e9e musicale dans le temps et l\u2019espace. Le souffl\u00e9, le touch\u00e9, le frapp\u00e9 comme producteur et \u00e9metteur d\u2019\u00e9motions. Avec le compagnon de route musical du Th\u00e9\u00e2tre du Soleil et d\u2019Ariane Mnouchkine pendant plus de 30 ans.<\/p>\n<\/div>\n\n\n\n<div class=\"wp-block-column is-vertically-aligned-center is-layout-flow wp-block-column-is-layout-flow\"><div class=\"wp-block-image\">\n<figure class=\"aligncenter size-medium\"><img loading=\"lazy\" decoding=\"async\" width=\"240\" height=\"300\" src=\"https:\/\/nuit-des-ours.com\/wp-content\/uploads\/2025\/07\/Musicalopitheque-240x300.jpg\" alt=\"\" class=\"wp-image-3904\" srcset=\"https:\/\/lanuitdesours.lautre.net\/wp-content\/uploads\/2025\/07\/Musicalopitheque-240x300.jpg 240w, https:\/\/lanuitdesours.lautre.net\/wp-content\/uploads\/2025\/07\/Musicalopitheque-819x1024.jpg 819w, https:\/\/lanuitdesours.lautre.net\/wp-content\/uploads\/2025\/07\/Musicalopitheque-768x960.jpg 768w, https:\/\/lanuitdesours.lautre.net\/wp-content\/uploads\/2025\/07\/Musicalopitheque-1229x1536.jpg 1229w, https:\/\/lanuitdesours.lautre.net\/wp-content\/uploads\/2025\/07\/Musicalopitheque-1638x2048.jpg 1638w, https:\/\/lanuitdesours.lautre.net\/wp-content\/uploads\/2025\/07\/Musicalopitheque-scaled.jpg 2048w\" sizes=\"auto, (max-width: 240px) 100vw, 240px\" \/><\/figure>\n<\/div><\/div>\n<\/div>\n\n\n\n<div class=\"wp-block-columns is-layout-flex wp-container-core-columns-is-layout-8f761849 wp-block-columns-is-layout-flex\">\n<div class=\"wp-block-column is-layout-flow wp-block-column-is-layout-flow\">\n<h3 class=\"wp-block-heading\">JULIA ROBIN<\/h3>\n\n\n\n<p class=\"wp-block-paragraph\"><mark style=\"background-color:rgba(0, 0, 0, 0)\" class=\"has-inline-color has-accent-1-color\"><strong>Contrebassiste-chanteuse interpr\u00e8te Joni Mitchell<\/strong><\/mark><br>Julia Robin utilise les grondements, les craquements, la force de son instrument pour investir les nuances de ces chansons. Si bien qu\u2019\u00e0 la fin du concert la volumineuse contrebasse appara\u00eet comme le porte-voix id\u00e9al des \u00e9lans, des doutes, des failles et des h\u00e9sitations : c\u2019est un c\u0153ur qui bat pour Joni Mitchell.<\/p>\n<\/div>\n\n\n\n<div class=\"wp-block-column is-layout-flow wp-block-column-is-layout-flow\"><div class=\"wp-block-image\">\n<figure class=\"aligncenter size-medium\"><img loading=\"lazy\" decoding=\"async\" width=\"225\" height=\"300\" src=\"https:\/\/nuit-des-ours.com\/wp-content\/uploads\/2025\/07\/Julia-Robin_photo-Francois-Corneloup-225x300.jpeg\" alt=\"\" class=\"wp-image-3905\" srcset=\"https:\/\/lanuitdesours.lautre.net\/wp-content\/uploads\/2025\/07\/Julia-Robin_photo-Francois-Corneloup-225x300.jpeg 225w, https:\/\/lanuitdesours.lautre.net\/wp-content\/uploads\/2025\/07\/Julia-Robin_photo-Francois-Corneloup-768x1024.jpeg 768w, https:\/\/lanuitdesours.lautre.net\/wp-content\/uploads\/2025\/07\/Julia-Robin_photo-Francois-Corneloup.jpeg 960w\" sizes=\"auto, (max-width: 225px) 100vw, 225px\" \/><\/figure>\n<\/div><\/div>\n<\/div>\n\n\n\n<div class=\"wp-block-columns is-layout-flex wp-container-core-columns-is-layout-8f761849 wp-block-columns-is-layout-flex\">\n<div class=\"wp-block-column is-layout-flow wp-block-column-is-layout-flow\">\n<h3 class=\"wp-block-heading\">TH\u00c9R\u00c8SE BOSC<\/h3>\n\n\n\n<p class=\"wp-block-paragraph\"><mark style=\"background-color:rgba(0, 0, 0, 0)\" class=\"has-inline-color has-accent-1-color\"><strong>Com\u00e9dienne<\/strong><\/mark><br>C\u2019est un peu la mascotte de LA NUIT DES OURS. Presqu\u2019\u00e0 chaque \u00e9dition elle nous propose un nouveau spectacle \u00e9clatant de sensibilit\u00e9. Cette ann\u00e9e comme nous toutes et tous elle est boulevers\u00e9e par la violence des dominations. Et elle a trouv\u00e9 une solution radicale et originale pour s\u2019en extraire. <\/p>\n<\/div>\n\n\n\n<div class=\"wp-block-column is-vertically-aligned-center is-layout-flow wp-block-column-is-layout-flow\"><div class=\"wp-block-image\">\n<figure class=\"aligncenter size-medium\"><img decoding=\"async\" src=\"https:\/\/nuit-des-ours.com\/wp-content\/uploads\/2025\/07\/254-300x200.jpg\" alt=\"\" class=\"wp-image-3910\"\/><\/figure>\n<\/div><\/div>\n<\/div>\n\n\n\n<div class=\"wp-block-columns is-layout-flex wp-container-core-columns-is-layout-8f761849 wp-block-columns-is-layout-flex\">\n<div class=\"wp-block-column is-layout-flow wp-block-column-is-layout-flow\">\n<h3 class=\"wp-block-heading\">LUKA violon et LEO violoncelle ISPIR<\/h3>\n\n\n\n<p class=\"wp-block-paragraph\"><strong><mark style=\"background-color:rgba(0, 0, 0, 0)\" class=\"has-inline-color has-accent-1-color\">Laur\u00e9ats de la Fondation Gauthier Capu\u00e7on<\/mark><\/strong><br>\u00ab Nous voulons que notre art soit vecteur de sensibilisation, et c\u2019est \u00e0 travers nos concerts, conf\u00e9rences, interventions en milieu scolaire et m\u00eame actions militantes en faveur de l\u2019\u00e9cologie que nous cherchons \u00e0 \u00e9veiller les consciences. Nous collaborons \u00e9troitement avec des acteurs du changement. Ensemble, nous souhaitons cr\u00e9er des \u00e9v\u00e9nements conjuguant concerts et sensibilisation environnementale. \u00bb <br>C\u2019est pourquoi nous les avons invit\u00e9s.<\/p>\n<\/div>\n\n\n\n<div class=\"wp-block-column is-vertically-aligned-center is-layout-flow wp-block-column-is-layout-flow\"><div class=\"wp-block-image is-style-default\">\n<figure class=\"aligncenter size-medium\"><img loading=\"lazy\" decoding=\"async\" width=\"300\" height=\"280\" src=\"https:\/\/nuit-des-ours.com\/wp-content\/uploads\/2025\/07\/LukaLeoIspir-300x280.png\" alt=\"\" class=\"wp-image-3911\" srcset=\"https:\/\/lanuitdesours.lautre.net\/wp-content\/uploads\/2025\/07\/LukaLeoIspir-300x280.png 300w, https:\/\/lanuitdesours.lautre.net\/wp-content\/uploads\/2025\/07\/LukaLeoIspir-322x300.png 322w, https:\/\/lanuitdesours.lautre.net\/wp-content\/uploads\/2025\/07\/LukaLeoIspir.png 516w\" sizes=\"auto, (max-width: 300px) 100vw, 300px\" \/><\/figure>\n<\/div><\/div>\n<\/div>\n\n\n\n<div class=\"wp-block-columns is-layout-flex wp-container-core-columns-is-layout-8f761849 wp-block-columns-is-layout-flex\">\n<div class=\"wp-block-column is-layout-flow wp-block-column-is-layout-flow\">\n<h3 class=\"wp-block-heading\">L\u2019OURAGANE par la compagnie de danse Gradiva<\/h3>\n\n\n\n<p class=\"wp-block-paragraph\"><mark style=\"background-color:rgba(0, 0, 0, 0)\" class=\"has-inline-color has-accent-1-color\">Chor\u00e9graphie et danse : <strong>Fanette Chauve<\/strong>, avec <strong>Fr\u00e9d\u00e9rique Mille<\/strong> et <strong>Elo\u00efse Chamrion<\/strong><br>Cr\u00e9ation musicale en live : <strong>Pierrot<\/strong><\/mark><br>Elles sont trois danseuses d\u00e9termin\u00e9es \u00e0 faire vivre leurs danses comme Germaine Richier au sortir de la seconde guerre mondiale \u00e9tait d\u00e9termin\u00e9e \u00e0 faire vivre ses sculptures qu\u2019elle nommait \u00ab les chairs \u00bb. Elles sont une r\u00e9ponse \u00e0 la question que se posent un grand nombre d\u2019artistes apr\u00e8s une telle vague d\u2019autodestruction : peut-on encore repr\u00e9senter le corps humain ?<\/p>\n<\/div>\n\n\n\n<div class=\"wp-block-column is-vertically-aligned-center is-layout-flow wp-block-column-is-layout-flow\"><div class=\"wp-block-image\">\n<figure class=\"aligncenter size-large is-resized\"><img loading=\"lazy\" decoding=\"async\" width=\"683\" height=\"1024\" src=\"https:\/\/nuit-des-ours.com\/wp-content\/uploads\/2025\/07\/LOURAGANE_CieGradiva_1-683x1024.jpg\" alt=\"\" class=\"wp-image-3912\" style=\"aspect-ratio:3\/2;object-fit:cover;width:350px\" srcset=\"https:\/\/lanuitdesours.lautre.net\/wp-content\/uploads\/2025\/07\/LOURAGANE_CieGradiva_1-683x1024.jpg 683w, https:\/\/lanuitdesours.lautre.net\/wp-content\/uploads\/2025\/07\/LOURAGANE_CieGradiva_1-200x300.jpg 200w, https:\/\/lanuitdesours.lautre.net\/wp-content\/uploads\/2025\/07\/LOURAGANE_CieGradiva_1-768x1152.jpg 768w, https:\/\/lanuitdesours.lautre.net\/wp-content\/uploads\/2025\/07\/LOURAGANE_CieGradiva_1-1024x1536.jpg 1024w, https:\/\/lanuitdesours.lautre.net\/wp-content\/uploads\/2025\/07\/LOURAGANE_CieGradiva_1-1365x2048.jpg 1365w, https:\/\/lanuitdesours.lautre.net\/wp-content\/uploads\/2025\/07\/LOURAGANE_CieGradiva_1-scaled.jpg 1707w\" sizes=\"auto, (max-width: 683px) 100vw, 683px\" \/><\/figure>\n<\/div><\/div>\n<\/div>\n\n\n\n<div class=\"wp-block-columns is-layout-flex wp-container-core-columns-is-layout-8f761849 wp-block-columns-is-layout-flex\">\n<div class=\"wp-block-column is-layout-flow wp-block-column-is-layout-flow\">\n<h3 class=\"wp-block-heading\">HIC SALTA<\/h3>\n\n\n\n<p class=\"wp-block-paragraph\"><mark style=\"background-color:rgba(0, 0, 0, 0)\" class=\"has-inline-color has-accent-1-color\">Cr\u00e9ation Nuit des ours<br>Avec <strong>Claire Michele Bez<\/strong> : musicienne<br><strong>Pablo Valarcher<\/strong> : acrobate<br><strong>Ines Valarcher <\/strong>: circassienne et danseuse<\/mark><br>Apr\u00e8s s\u2019\u00eatre accompagn\u00e9s les uns les autres sur de nombreuses routes \u00e0 travers le monde, ce trio familial joue et improvise pour la premi\u00e8re fois ensemble, comme un retour \u00e0 la maison apr\u00e8s de longs voyages ou comme le commencement sans cesse renouvel\u00e9 de nouvelles histoires. Tel H\u00e9raclite ne baignant jamais dans la m\u00eame eau, ils continuent \u00e0 s\u2019apprivoiser, l\u00e0 o\u00f9 les routes m\u00e8nent et l\u00e0 d\u2019o\u00f9 les sources jaillissent.<\/p>\n<\/div>\n\n\n\n<div class=\"wp-block-column is-vertically-aligned-center is-layout-flow wp-block-column-is-layout-flow\"><div class=\"wp-block-image\">\n<figure class=\"aligncenter size-medium\"><img loading=\"lazy\" decoding=\"async\" width=\"225\" height=\"300\" src=\"https:\/\/nuit-des-ours.com\/wp-content\/uploads\/2025\/07\/HIC-SALTA-225x300.jpg\" alt=\"\" class=\"wp-image-3913\" srcset=\"https:\/\/lanuitdesours.lautre.net\/wp-content\/uploads\/2025\/07\/HIC-SALTA-225x300.jpg 225w, https:\/\/lanuitdesours.lautre.net\/wp-content\/uploads\/2025\/07\/HIC-SALTA.jpg 480w\" sizes=\"auto, (max-width: 225px) 100vw, 225px\" \/><\/figure>\n<\/div><\/div>\n<\/div>\n\n\n\n<div class=\"wp-block-group\"><div class=\"wp-block-group__inner-container is-layout-constrained wp-block-group-is-layout-constrained\">\n<div class=\"wp-block-group\"><div class=\"wp-block-group__inner-container is-layout-constrained wp-block-group-is-layout-constrained\">\n<h5 class=\"wp-block-heading\">&gt;&gt; Les guides n\u2019ignorent pas qu\u2019ils\/elles s\u2019adressent aussi \u00e0 des enfants. Mais c\u2019est aux adultes d\u2019\u00e9valuer l\u2019int\u00e9r\u00eat de leur enfant pour tel ou tel sujet. Pour cette d\u00e9ambulation, vous choisissez votre guide au moment de votre inscription \u00e0 LA NUIT EN PLEIN JOUR sur HelloAsso et rejoignez votre groupe avant 14h30 :<\/h5>\n\n\n\n<ul class=\"wp-block-list\">\n<li><strong><mark style=\"background-color:rgba(0, 0, 0, 0)\" class=\"has-inline-color has-accent-1-color\">Armand Courrioux<\/mark><\/strong> &#8211; animateur nature (conseill\u00e9 avec les enfants) : <br><strong>LOUP ET PATOU<\/strong>. D\u00e9couvrez les coulisses du retour du loup en montagne&#8230; Et les super-h\u00e9ros \u00e0 quatre pattes qui les tiennent \u00e0 l\u2019\u0153il. Une balade pleine de poils, de flair et de bon sens.<\/li>\n\n\n\n<li><strong><mark style=\"background-color:rgba(0, 0, 0, 0)\" class=\"has-inline-color has-accent-1-color\">Pierre Andr\u00e9 Bonaglia<\/mark><\/strong> &#8211; Naturaliste (conseill\u00e9 avec les enfants) : <br><strong>LA MIGRATION DES PAPILLONS<\/strong>. Les papillons du monde et de Vallorcine, au fil des observations et rencontres avec cette faune fantastique. Peut-\u00eatre aurez-vous la chance de rencontrer le Grand Sylvain ? <\/li>\n\n\n\n<li><strong><mark style=\"background-color:rgba(0, 0, 0, 0)\" class=\"has-inline-color has-accent-1-color\">H\u00e9l\u00e8ne Alther<\/mark><\/strong>r &#8211; Pharmacienne (conseill\u00e9 avec les enfants) : <br><strong>LES FACIAS, CE FASCINANT TISSU CORPOREL<\/strong>. D\u00e9couvrez les propri\u00e9t\u00e9s physiques, psychiques, cognitives, \u00e9motionnelles et relationnelles des fascias, si longtemps n\u00e9glig\u00e9es par la m\u00e9decine occidentale. Visualisations et exercices ludiques !<\/li>\n\n\n\n<li><strong><mark style=\"background-color:rgba(0, 0, 0, 0)\" class=\"has-inline-color has-accent-1-color\">Charline Bosc<\/mark><\/strong> &#8211; Sophrologue cayc\u00e9dienne : <br><strong>UNE SOPHRO-BALADE : RESPIRER, RESSENTIR, RELACHER.<\/strong> Pour une balade\/parenth\u00e8se apaisante entre mouvement et pleine conscience. <\/li>\n\n\n\n<li><strong><mark style=\"background-color:rgba(0, 0, 0, 0)\" class=\"has-inline-color has-accent-1-color\">Andr\u00e9 Larivi\u00e8re<\/mark><\/strong> &#8211; Qu\u00e9b\u00e9cois mondialis\u00e9, militant, jardinier&#8230; : <br><strong>ENTRE DESOBEISSANCE CIVILE ET NON-VIOLENCE<\/strong>. Exemples de parcours en militances \u00e9colo-pacifistes \u00e0 l\u2019international. Comment et jusqu\u2019o\u00f9 s\u2019engager ? Savoir doser pour mieux durer ? <\/li>\n\n\n\n<li><strong><mark style=\"background-color:rgba(0, 0, 0, 0)\" class=\"has-inline-color has-accent-1-color\">Xavier Dunand<\/mark><\/strong> &#8211; Accompagnateur de Moyenne Montagne (conseill\u00e9 avec les enfants) : <br><strong>REGARDS COMPOS\u00c9S SUR LE PAYS QUI M\u2019HABITE. <\/strong>Partage autour des th\u00e8mes qui me parlent, m\u2019interpellent, me fabriquent dans ce pays de Vallorcine aux mille \u00e9clats devenu une \u00ab zone \u00e0 d\u00e9fendre \u00bb.<\/li>\n<\/ul>\n<\/div><\/div>\n<\/div><\/div>\n\n\n\n<div style=\"height:50px\" aria-hidden=\"true\" class=\"wp-block-spacer\"><\/div>\n\n\n\n<div class=\"wp-block-buttons is-content-justification-space-between is-layout-flex wp-container-core-buttons-is-layout-cfe5ce44 wp-block-buttons-is-layout-flex\">\n<div class=\"wp-block-button is-style-outline is-style-outline--2\"><a class=\"wp-block-button__link has-sitebg-color has-accent-2-background-color has-text-color has-background has-normal-font-size has-custom-font-size wp-element-button\" href=\"https:\/\/www.helloasso.com\/associations\/la-nuit-des-ours\/evenements\/evenements-artistiques-6-7-8-10-11-et-12-aout-edition-2025-1\" style=\"border-radius:0px\" target=\"_blank\" rel=\"noreferrer noopener\">R\u00c9SERVER<\/a><\/div>\n<\/div>\n\n\n\n<div class=\"wp-block-group\"><div class=\"wp-block-group__inner-container is-layout-constrained wp-block-group-is-layout-constrained\">\n<h5 class=\"wp-block-heading\">Informations pratiques :<\/h5>\n\n\n\n<ul class=\"wp-block-list\">\n<li>Rendez-vous aux Edelweiss (derri\u00e8re la gare direction Caf\u00e9 Comptoir) \u00e0 partir de 13h30 pour rejoindre le guide que vous aurez choisi sur HelloAsso.<\/li>\n\n\n\n<li>Si vous prenez le train, descendre \u00e0 la gare de Vallorcine terminus.\u2028<\/li>\n\n\n\n<li>V\u00eatements adapt\u00e9s au climat dont bonnes chaussures de marche. Fruits secs et eau.\u2028<\/li>\n\n\n\n<li>Pour celles et ceux qui auraient particip\u00e9 \u00e0 LA NUIT DES OURS du 8, la d\u00e9couverte du m\u00eame circuit \/environnement mais de jour et avec des spectacles diff\u00e9rents peut avoir un attrait certain.<\/li>\n\n\n\n<li>Les enfants sont bienvenus, sous l\u2019enti\u00e8re responsabilit\u00e9 d\u2019un adulte.<\/li>\n\n\n\n<li>Apportez votre sandwich (buvette sur place mais pas de restauration). <\/li>\n\n\n\n<li>Le circuit fait environ 3 km avec quelques passages en mont\u00e9e. <\/li>\n\n\n\n<li>Pas d\u2019animaux m\u00eame tenus en laisse.<\/li>\n\n\n\n<li>\u00c9teindre son t\u00e9l\u00e9phone portable pour profiter du moment.<\/li>\n<\/ul>\n<\/div><\/div>\n","protected":false},"excerpt":{"rendered":"<p>LE 12 AO\u00dbT 2025. Une d\u00e9ambulation en plein jour dans la nature, entre diff\u00e9rents spectacles et sculptures d\u2019Arts du Chemin, guid\u00e9e par des passeur-euses de savoir. Sur r\u00e9servation (25\u20ac\/20\u20ac tarif r\u00e9duit\/15\u20ac tarif enfant). <\/p>\n","protected":false},"author":1,"featured_media":3435,"comment_status":"closed","ping_status":"closed","sticky":true,"template":"","format":"standard","meta":{"footnotes":""},"categories":[62],"tags":[57,56],"class_list":["post-3901","post","type-post","status-publish","format-standard","has-post-thumbnail","hentry","category-edition-2025","tag-nuit-des-ours","tag-nuit-en-plein-jour"],"yoast_head":"<!-- This site is optimized with the Yoast SEO plugin v28.3 - https:\/\/yoast.com\/product\/yoast-seo-wordpress\/ -->\n<title>La Nuit en Plein Jour - La Nuit des Ours Edition 2025<\/title>\n<meta name=\"description\" content=\"12 AO\u00dbT 2025. LA NUIT EN PLEIN JOUR est une balade diurne en pleine nature, \u00e0 la d\u00e9couverte de spectacles et Arts du Chemin.\" \/>\n<meta name=\"robots\" content=\"index, follow, max-snippet:-1, max-image-preview:large, max-video-preview:-1\" \/>\n<link rel=\"canonical\" href=\"https:\/\/lanuitdesours.lautre.net\/?p=3901\" \/>\n<meta property=\"og:locale\" content=\"fr_FR\" \/>\n<meta property=\"og:type\" content=\"article\" \/>\n<meta property=\"og:title\" content=\"La Nuit en Plein Jour - La Nuit des Ours Edition 2025\" \/>\n<meta property=\"og:description\" content=\"12 AO\u00dbT 2025. LA NUIT EN PLEIN JOUR est une balade diurne en pleine nature, \u00e0 la d\u00e9couverte de spectacles et Arts du Chemin.\" \/>\n<meta property=\"og:url\" content=\"https:\/\/lanuitdesours.lautre.net\/?p=3901\" \/>\n<meta property=\"og:site_name\" content=\"La Nuit des Ours\" \/>\n<meta property=\"article:publisher\" content=\"https:\/\/www.facebook.com\/lanuitdesours\/\" \/>\n<meta property=\"article:published_time\" content=\"2025-07-23T23:41:34+00:00\" \/>\n<meta property=\"article:modified_time\" content=\"2025-07-26T14:40:59+00:00\" \/>\n<meta property=\"og:image\" content=\"https:\/\/lanuitdesours.lautre.net\/wp-content\/uploads\/2024\/07\/265-scaled.jpg\" \/>\n\t<meta property=\"og:image:width\" content=\"2560\" \/>\n\t<meta property=\"og:image:height\" content=\"1707\" \/>\n\t<meta property=\"og:image:type\" content=\"image\/jpeg\" \/>\n<meta name=\"author\" content=\"Cr\u00e9er c&#039;est R\u00e9sister\" \/>\n<meta name=\"twitter:card\" content=\"summary_large_image\" \/>\n<meta name=\"twitter:label1\" content=\"\u00c9crit par\" \/>\n\t<meta name=\"twitter:data1\" content=\"Cr\u00e9er c&#039;est R\u00e9sister\" \/>\n\t<meta name=\"twitter:label2\" content=\"Dur\u00e9e de lecture estim\u00e9e\" \/>\n\t<meta name=\"twitter:data2\" content=\"8 minutes\" \/>\n<script type=\"application\/ld+json\" class=\"yoast-schema-graph\">{\"@context\":\"https:\\\/\\\/schema.org\",\"@graph\":[{\"@type\":\"Article\",\"@id\":\"https:\\\/\\\/lanuitdesours.lautre.net\\\/?p=3901#article\",\"isPartOf\":{\"@id\":\"https:\\\/\\\/lanuitdesours.lautre.net\\\/?p=3901\"},\"author\":{\"name\":\"Cr\u00e9er c'est R\u00e9sister\",\"@id\":\"https:\\\/\\\/lanuitdesours.lautre.net\\\/#\\\/schema\\\/person\\\/1f4500f2f631d9916d6b39f1c0ba934c\"},\"headline\":\"La Nuit en Plein Jour\",\"datePublished\":\"2025-07-23T23:41:34+00:00\",\"dateModified\":\"2025-07-26T14:40:59+00:00\",\"mainEntityOfPage\":{\"@id\":\"https:\\\/\\\/lanuitdesours.lautre.net\\\/?p=3901\"},\"wordCount\":1189,\"publisher\":{\"@id\":\"https:\\\/\\\/lanuitdesours.lautre.net\\\/#organization\"},\"image\":{\"@id\":\"https:\\\/\\\/lanuitdesours.lautre.net\\\/?p=3901#primaryimage\"},\"thumbnailUrl\":\"https:\\\/\\\/lanuitdesours.lautre.net\\\/wp-content\\\/uploads\\\/2024\\\/07\\\/265-scaled.jpg\",\"keywords\":[\"NUIT DES OURS\",\"NUIT EN PLEIN JOUR\"],\"articleSection\":[\"Edition 2025\"],\"inLanguage\":\"fr-FR\"},{\"@type\":\"WebPage\",\"@id\":\"https:\\\/\\\/lanuitdesours.lautre.net\\\/?p=3901\",\"url\":\"https:\\\/\\\/lanuitdesours.lautre.net\\\/?p=3901\",\"name\":\"La Nuit en Plein Jour - La Nuit des Ours Edition 2025\",\"isPartOf\":{\"@id\":\"https:\\\/\\\/lanuitdesours.lautre.net\\\/#website\"},\"primaryImageOfPage\":{\"@id\":\"https:\\\/\\\/lanuitdesours.lautre.net\\\/?p=3901#primaryimage\"},\"image\":{\"@id\":\"https:\\\/\\\/lanuitdesours.lautre.net\\\/?p=3901#primaryimage\"},\"thumbnailUrl\":\"https:\\\/\\\/lanuitdesours.lautre.net\\\/wp-content\\\/uploads\\\/2024\\\/07\\\/265-scaled.jpg\",\"datePublished\":\"2025-07-23T23:41:34+00:00\",\"dateModified\":\"2025-07-26T14:40:59+00:00\",\"description\":\"12 AO\u00dbT 2025. LA NUIT EN PLEIN JOUR est une balade diurne en pleine nature, \u00e0 la d\u00e9couverte de spectacles et Arts du Chemin.\",\"breadcrumb\":{\"@id\":\"https:\\\/\\\/lanuitdesours.lautre.net\\\/?p=3901#breadcrumb\"},\"inLanguage\":\"fr-FR\",\"potentialAction\":[{\"@type\":\"ReadAction\",\"target\":[\"https:\\\/\\\/lanuitdesours.lautre.net\\\/?p=3901\"]}]},{\"@type\":\"ImageObject\",\"inLanguage\":\"fr-FR\",\"@id\":\"https:\\\/\\\/lanuitdesours.lautre.net\\\/?p=3901#primaryimage\",\"url\":\"https:\\\/\\\/lanuitdesours.lautre.net\\\/wp-content\\\/uploads\\\/2024\\\/07\\\/265-scaled.jpg\",\"contentUrl\":\"https:\\\/\\\/lanuitdesours.lautre.net\\\/wp-content\\\/uploads\\\/2024\\\/07\\\/265-scaled.jpg\",\"width\":2560,\"height\":1707,\"caption\":\"Th\u00e9r\u00e8se Bosc \u00a9 Nina Bompard\"},{\"@type\":\"BreadcrumbList\",\"@id\":\"https:\\\/\\\/lanuitdesours.lautre.net\\\/?p=3901#breadcrumb\",\"itemListElement\":[{\"@type\":\"ListItem\",\"position\":1,\"name\":\"Accueil\",\"item\":\"https:\\\/\\\/lanuitdesours.lautre.net\\\/\"},{\"@type\":\"ListItem\",\"position\":2,\"name\":\"La Nuit en Plein Jour\"}]},{\"@type\":\"WebSite\",\"@id\":\"https:\\\/\\\/lanuitdesours.lautre.net\\\/#website\",\"url\":\"https:\\\/\\\/lanuitdesours.lautre.net\\\/\",\"name\":\"La Nuit des Ours\",\"description\":\"CR\u00c9ER C&#039;EST R\u00c9SISTER | R\u00c9SISTER C&#039;EST CR\u00c9ER\",\"publisher\":{\"@id\":\"https:\\\/\\\/lanuitdesours.lautre.net\\\/#organization\"},\"potentialAction\":[{\"@type\":\"SearchAction\",\"target\":{\"@type\":\"EntryPoint\",\"urlTemplate\":\"https:\\\/\\\/lanuitdesours.lautre.net\\\/?s={search_term_string}\"},\"query-input\":{\"@type\":\"PropertyValueSpecification\",\"valueRequired\":true,\"valueName\":\"search_term_string\"}}],\"inLanguage\":\"fr-FR\"},{\"@type\":\"Organization\",\"@id\":\"https:\\\/\\\/lanuitdesours.lautre.net\\\/#organization\",\"name\":\"Association LA NUIT DES OURS\",\"url\":\"https:\\\/\\\/lanuitdesours.lautre.net\\\/\",\"logo\":{\"@type\":\"ImageObject\",\"inLanguage\":\"fr-FR\",\"@id\":\"https:\\\/\\\/lanuitdesours.lautre.net\\\/#\\\/schema\\\/logo\\\/image\\\/\",\"url\":\"https:\\\/\\\/nuit-des-ours.com\\\/wp-content\\\/uploads\\\/2022\\\/07\\\/cropped-NDO_logo-noir_jaune.jpg\",\"contentUrl\":\"https:\\\/\\\/nuit-des-ours.com\\\/wp-content\\\/uploads\\\/2022\\\/07\\\/cropped-NDO_logo-noir_jaune.jpg\",\"width\":512,\"height\":512,\"caption\":\"Association LA NUIT DES OURS\"},\"image\":{\"@id\":\"https:\\\/\\\/lanuitdesours.lautre.net\\\/#\\\/schema\\\/logo\\\/image\\\/\"},\"sameAs\":[\"https:\\\/\\\/www.facebook.com\\\/lanuitdesours\\\/\",\"https:\\\/\\\/www.instagram.com\\\/lanuitdesours\\\/\"]},{\"@type\":\"Person\",\"@id\":\"https:\\\/\\\/lanuitdesours.lautre.net\\\/#\\\/schema\\\/person\\\/1f4500f2f631d9916d6b39f1c0ba934c\",\"name\":\"Cr\u00e9er c'est R\u00e9sister\",\"image\":{\"@type\":\"ImageObject\",\"inLanguage\":\"fr-FR\",\"@id\":\"https:\\\/\\\/secure.gravatar.com\\\/avatar\\\/08f4e38908e105d843bc2bab0e7af2243257415b61b5fe99e955c21a5f61fc2b?s=96&d=mm&r=g\",\"url\":\"https:\\\/\\\/secure.gravatar.com\\\/avatar\\\/08f4e38908e105d843bc2bab0e7af2243257415b61b5fe99e955c21a5f61fc2b?s=96&d=mm&r=g\",\"contentUrl\":\"https:\\\/\\\/secure.gravatar.com\\\/avatar\\\/08f4e38908e105d843bc2bab0e7af2243257415b61b5fe99e955c21a5f61fc2b?s=96&d=mm&r=g\",\"caption\":\"Cr\u00e9er c'est R\u00e9sister\"},\"sameAs\":[\"http:\\\/\\\/www.lanuitdesours.lautre.net\"],\"url\":\"https:\\\/\\\/lanuitdesours.lautre.net\\\/?author=1\"}]}<\/script>\n<!-- \/ Yoast SEO plugin. -->","yoast_head_json":{"title":"La Nuit en Plein Jour - La Nuit des Ours Edition 2025","description":"12 AO\u00dbT 2025. LA NUIT EN PLEIN JOUR est une balade diurne en pleine nature, \u00e0 la d\u00e9couverte de spectacles et Arts du Chemin.","robots":{"index":"index","follow":"follow","max-snippet":"max-snippet:-1","max-image-preview":"max-image-preview:large","max-video-preview":"max-video-preview:-1"},"canonical":"https:\/\/lanuitdesours.lautre.net\/?p=3901","og_locale":"fr_FR","og_type":"article","og_title":"La Nuit en Plein Jour - La Nuit des Ours Edition 2025","og_description":"12 AO\u00dbT 2025. LA NUIT EN PLEIN JOUR est une balade diurne en pleine nature, \u00e0 la d\u00e9couverte de spectacles et Arts du Chemin.","og_url":"https:\/\/lanuitdesours.lautre.net\/?p=3901","og_site_name":"La Nuit des Ours","article_publisher":"https:\/\/www.facebook.com\/lanuitdesours\/","article_published_time":"2025-07-23T23:41:34+00:00","article_modified_time":"2025-07-26T14:40:59+00:00","og_image":[{"width":2560,"height":1707,"url":"https:\/\/lanuitdesours.lautre.net\/wp-content\/uploads\/2024\/07\/265-scaled.jpg","type":"image\/jpeg"}],"author":"Cr\u00e9er c'est R\u00e9sister","twitter_card":"summary_large_image","twitter_misc":{"\u00c9crit par":"Cr\u00e9er c'est R\u00e9sister","Dur\u00e9e de lecture estim\u00e9e":"8 minutes"},"schema":{"@context":"https:\/\/schema.org","@graph":[{"@type":"Article","@id":"https:\/\/lanuitdesours.lautre.net\/?p=3901#article","isPartOf":{"@id":"https:\/\/lanuitdesours.lautre.net\/?p=3901"},"author":{"name":"Cr\u00e9er c'est R\u00e9sister","@id":"https:\/\/lanuitdesours.lautre.net\/#\/schema\/person\/1f4500f2f631d9916d6b39f1c0ba934c"},"headline":"La Nuit en Plein Jour","datePublished":"2025-07-23T23:41:34+00:00","dateModified":"2025-07-26T14:40:59+00:00","mainEntityOfPage":{"@id":"https:\/\/lanuitdesours.lautre.net\/?p=3901"},"wordCount":1189,"publisher":{"@id":"https:\/\/lanuitdesours.lautre.net\/#organization"},"image":{"@id":"https:\/\/lanuitdesours.lautre.net\/?p=3901#primaryimage"},"thumbnailUrl":"https:\/\/lanuitdesours.lautre.net\/wp-content\/uploads\/2024\/07\/265-scaled.jpg","keywords":["NUIT DES OURS","NUIT EN PLEIN JOUR"],"articleSection":["Edition 2025"],"inLanguage":"fr-FR"},{"@type":"WebPage","@id":"https:\/\/lanuitdesours.lautre.net\/?p=3901","url":"https:\/\/lanuitdesours.lautre.net\/?p=3901","name":"La Nuit en Plein Jour - La Nuit des Ours Edition 2025","isPartOf":{"@id":"https:\/\/lanuitdesours.lautre.net\/#website"},"primaryImageOfPage":{"@id":"https:\/\/lanuitdesours.lautre.net\/?p=3901#primaryimage"},"image":{"@id":"https:\/\/lanuitdesours.lautre.net\/?p=3901#primaryimage"},"thumbnailUrl":"https:\/\/lanuitdesours.lautre.net\/wp-content\/uploads\/2024\/07\/265-scaled.jpg","datePublished":"2025-07-23T23:41:34+00:00","dateModified":"2025-07-26T14:40:59+00:00","description":"12 AO\u00dbT 2025. LA NUIT EN PLEIN JOUR est une balade diurne en pleine nature, \u00e0 la d\u00e9couverte de spectacles et Arts du Chemin.","breadcrumb":{"@id":"https:\/\/lanuitdesours.lautre.net\/?p=3901#breadcrumb"},"inLanguage":"fr-FR","potentialAction":[{"@type":"ReadAction","target":["https:\/\/lanuitdesours.lautre.net\/?p=3901"]}]},{"@type":"ImageObject","inLanguage":"fr-FR","@id":"https:\/\/lanuitdesours.lautre.net\/?p=3901#primaryimage","url":"https:\/\/lanuitdesours.lautre.net\/wp-content\/uploads\/2024\/07\/265-scaled.jpg","contentUrl":"https:\/\/lanuitdesours.lautre.net\/wp-content\/uploads\/2024\/07\/265-scaled.jpg","width":2560,"height":1707,"caption":"Th\u00e9r\u00e8se Bosc \u00a9 Nina Bompard"},{"@type":"BreadcrumbList","@id":"https:\/\/lanuitdesours.lautre.net\/?p=3901#breadcrumb","itemListElement":[{"@type":"ListItem","position":1,"name":"Accueil","item":"https:\/\/lanuitdesours.lautre.net\/"},{"@type":"ListItem","position":2,"name":"La Nuit en Plein Jour"}]},{"@type":"WebSite","@id":"https:\/\/lanuitdesours.lautre.net\/#website","url":"https:\/\/lanuitdesours.lautre.net\/","name":"La Nuit des Ours","description":"CR\u00c9ER C&#039;EST R\u00c9SISTER | R\u00c9SISTER C&#039;EST CR\u00c9ER","publisher":{"@id":"https:\/\/lanuitdesours.lautre.net\/#organization"},"potentialAction":[{"@type":"SearchAction","target":{"@type":"EntryPoint","urlTemplate":"https:\/\/lanuitdesours.lautre.net\/?s={search_term_string}"},"query-input":{"@type":"PropertyValueSpecification","valueRequired":true,"valueName":"search_term_string"}}],"inLanguage":"fr-FR"},{"@type":"Organization","@id":"https:\/\/lanuitdesours.lautre.net\/#organization","name":"Association LA NUIT DES OURS","url":"https:\/\/lanuitdesours.lautre.net\/","logo":{"@type":"ImageObject","inLanguage":"fr-FR","@id":"https:\/\/lanuitdesours.lautre.net\/#\/schema\/logo\/image\/","url":"https:\/\/nuit-des-ours.com\/wp-content\/uploads\/2022\/07\/cropped-NDO_logo-noir_jaune.jpg","contentUrl":"https:\/\/nuit-des-ours.com\/wp-content\/uploads\/2022\/07\/cropped-NDO_logo-noir_jaune.jpg","width":512,"height":512,"caption":"Association LA NUIT DES OURS"},"image":{"@id":"https:\/\/lanuitdesours.lautre.net\/#\/schema\/logo\/image\/"},"sameAs":["https:\/\/www.facebook.com\/lanuitdesours\/","https:\/\/www.instagram.com\/lanuitdesours\/"]},{"@type":"Person","@id":"https:\/\/lanuitdesours.lautre.net\/#\/schema\/person\/1f4500f2f631d9916d6b39f1c0ba934c","name":"Cr\u00e9er c'est R\u00e9sister","image":{"@type":"ImageObject","inLanguage":"fr-FR","@id":"https:\/\/secure.gravatar.com\/avatar\/08f4e38908e105d843bc2bab0e7af2243257415b61b5fe99e955c21a5f61fc2b?s=96&d=mm&r=g","url":"https:\/\/secure.gravatar.com\/avatar\/08f4e38908e105d843bc2bab0e7af2243257415b61b5fe99e955c21a5f61fc2b?s=96&d=mm&r=g","contentUrl":"https:\/\/secure.gravatar.com\/avatar\/08f4e38908e105d843bc2bab0e7af2243257415b61b5fe99e955c21a5f61fc2b?s=96&d=mm&r=g","caption":"Cr\u00e9er c'est R\u00e9sister"},"sameAs":["http:\/\/www.lanuitdesours.lautre.net"],"url":"https:\/\/lanuitdesours.lautre.net\/?author=1"}]}},"_links":{"self":[{"href":"https:\/\/lanuitdesours.lautre.net\/index.php?rest_route=\/wp\/v2\/posts\/3901","targetHints":{"allow":["GET"]}}],"collection":[{"href":"https:\/\/lanuitdesours.lautre.net\/index.php?rest_route=\/wp\/v2\/posts"}],"about":[{"href":"https:\/\/lanuitdesours.lautre.net\/index.php?rest_route=\/wp\/v2\/types\/post"}],"author":[{"embeddable":true,"href":"https:\/\/lanuitdesours.lautre.net\/index.php?rest_route=\/wp\/v2\/users\/1"}],"replies":[{"embeddable":true,"href":"https:\/\/lanuitdesours.lautre.net\/index.php?rest_route=%2Fwp%2Fv2%2Fcomments&post=3901"}],"version-history":[{"count":9,"href":"https:\/\/lanuitdesours.lautre.net\/index.php?rest_route=\/wp\/v2\/posts\/3901\/revisions"}],"predecessor-version":[{"id":4241,"href":"https:\/\/lanuitdesours.lautre.net\/index.php?rest_route=\/wp\/v2\/posts\/3901\/revisions\/4241"}],"wp:featuredmedia":[{"embeddable":true,"href":"https:\/\/lanuitdesours.lautre.net\/index.php?rest_route=\/wp\/v2\/media\/3435"}],"wp:attachment":[{"href":"https:\/\/lanuitdesours.lautre.net\/index.php?rest_route=%2Fwp%2Fv2%2Fmedia&parent=3901"}],"wp:term":[{"taxonomy":"category","embeddable":true,"href":"https:\/\/lanuitdesours.lautre.net\/index.php?rest_route=%2Fwp%2Fv2%2Fcategories&post=3901"},{"taxonomy":"post_tag","embeddable":true,"href":"https:\/\/lanuitdesours.lautre.net\/index.php?rest_route=%2Fwp%2Fv2%2Ftags&post=3901"}],"curies":[{"name":"wp","href":"https:\/\/api.w.org\/{rel}","templated":true}]}}