{"id":3889,"date":"2025-07-25T23:59:43","date_gmt":"2025-07-25T21:59:43","guid":{"rendered":"https:\/\/nuit-des-ours.com\/?p=3889"},"modified":"2025-07-28T01:17:02","modified_gmt":"2025-07-27T23:17:02","slug":"la-nuit-des-ours-2025","status":"publish","type":"post","link":"https:\/\/lanuitdesours.lautre.net\/?p=3889","title":{"rendered":"La Nuit des Ours"},"content":{"rendered":"\n<h1 class=\"wp-block-heading\">LA NUIT DES OURS, 8 AO\u00dbT 2025<\/h1>\n\n\n\n<p class=\"wp-block-paragraph\"><strong><mark style=\"background-color:rgba(0, 0, 0, 0)\" class=\"has-inline-color has-accent-1-color\">LA NUIT DES OURS<\/mark>,<\/strong> <strong>qui a donn\u00e9 son nom au festival, est une d\u00e9ambulation nocturne entre diff\u00e9rents spectacles et sculptures d\u2019 \u00ab Arts du Chemin \u00bb, guid\u00e9e par des passeur-euses de savoir. Elle se passe en pleine nature, en immersion entre for\u00eat, chemins et bosquets dans les territoires sauvages de Vallorcine en Haute-Savoie.<\/strong> <mark style=\"background-color:rgba(0, 0, 0, 0)\" class=\"has-inline-color has-accent-1-color\"><strong>Sur r\u00e9servation (25\u20ac\/20\u20ac tarif r\u00e9duit).<\/strong><\/mark><\/p>\n\n\n\n<div class=\"wp-block-buttons is-content-justification-space-between is-layout-flex wp-container-core-buttons-is-layout-cfe5ce44 wp-block-buttons-is-layout-flex\">\n<div class=\"wp-block-button is-style-outline is-style-outline--1\"><a class=\"wp-block-button__link has-sitebg-color has-accent-2-background-color has-text-color has-background has-normal-font-size has-custom-font-size wp-element-button\" href=\"https:\/\/www.helloasso.com\/associations\/la-nuit-des-ours\/evenements\/evenements-artistiques-6-7-8-10-11-et-12-aout-edition-2025-1\" style=\"border-radius:0px\">R\u00c9SERVER<\/a><\/div>\n<\/div>\n\n\n\n<div style=\"height:50px\" aria-hidden=\"true\" class=\"wp-block-spacer\"><\/div>\n\n\n\n<!--more-->\n\n\n\n<h5 class=\"wp-block-heading\">Rendez-vous AUX EDELWEISS (en face du Caf\u00e9\/comptoir, derri\u00e8re la gare de Vallorcine, terminus)<br>ACCUEIL PUBLIC d\u00e8s 18h afin d\u2019initier la soir\u00e9e par une note conviviale avec :<\/h5>\n\n\n\n<ul class=\"wp-block-list\">\n<li>Buvette (bi\u00e8res <strong>Big Mountain<\/strong>, vins de chez <strong><a href=\"https:\/\/marta-vini.com\/\">Marta Vini<\/a><\/strong> et citronnade maison)<\/li>\n\n\n\n<li>Repas indien bio pr\u00e9par\u00e9 par <strong>EQUIT\u00c9<\/strong> (participation libre et consciente)<\/li>\n\n\n\n<li>18:30 <strong>SILAYA345<\/strong>, groupe r\u00e9gional jazz-rock de <strong><a href=\"https:\/\/nuit-des-ours.com\/2025\/tournee-des-marches-et-des-bistrots-2025\/\">LA TOURN\u00c9E DES BISTROTS<\/a><\/strong>.<\/li>\n<\/ul>\n\n\n\n<h5 class=\"wp-block-heading\">DE 19:30 A 0:30, d\u00e9ambulation onirique guid\u00e9e \u00e0 la rencontre des Arts du Chemin et des 5 spectacles suivants :<\/h5>\n\n\n\n<div class=\"wp-block-columns is-layout-flex wp-container-core-columns-is-layout-8f761849 wp-block-columns-is-layout-flex\">\n<div class=\"wp-block-column is-layout-flow wp-block-column-is-layout-flow\">\n<h3 class=\"wp-block-heading\">DUO A\u00d9DAZ <\/h3>\n\n\n\n<p class=\"wp-block-paragraph\"><strong><mark style=\"background-color:rgba(0, 0, 0, 0)\" class=\"has-inline-color has-accent-1-color\"><\/mark><\/strong><mark style=\"background-color:rgba(0, 0, 0, 0)\" class=\"has-inline-color has-accent-1-color\"><strong>Val\u00e9rie Bernard<\/strong> (violon, alto et voix) et <strong>Ina-Kalina Goudeva<\/strong> (contrebasse et voix)<\/mark><br>Un spectacle autour des 5 \u00e9l\u00e9ments qui r\u00e9unit deux musiciennes de renomm\u00e9e internationale. Elles explorent le th\u00e8me de la transformation dans l\u2019espoir de redonner une libert\u00e9 sonique et visuelle au mouvement. Tout comme le feu symbolise le renouveau, il s\u2019agit de rena\u00eetre de ses cendre. <\/p>\n<\/div>\n\n\n\n<div class=\"wp-block-column is-vertically-aligned-center is-layout-flow wp-block-column-is-layout-flow\"><div class=\"wp-block-image\">\n<figure class=\"aligncenter size-medium\"><img loading=\"lazy\" decoding=\"async\" width=\"300\" height=\"199\" src=\"https:\/\/nuit-des-ours.com\/wp-content\/uploads\/2025\/07\/DUO-AUDAZ_IRINA_KALINA_GOUDEVA-300x199.png\" alt=\"\" class=\"wp-image-3892\" srcset=\"https:\/\/lanuitdesours.lautre.net\/wp-content\/uploads\/2025\/07\/DUO-AUDAZ_IRINA_KALINA_GOUDEVA-300x199.png 300w, https:\/\/lanuitdesours.lautre.net\/wp-content\/uploads\/2025\/07\/DUO-AUDAZ_IRINA_KALINA_GOUDEVA-768x510.png 768w, https:\/\/lanuitdesours.lautre.net\/wp-content\/uploads\/2025\/07\/DUO-AUDAZ_IRINA_KALINA_GOUDEVA-452x300.png 452w, https:\/\/lanuitdesours.lautre.net\/wp-content\/uploads\/2025\/07\/DUO-AUDAZ_IRINA_KALINA_GOUDEVA.png 1024w\" sizes=\"auto, (max-width: 300px) 100vw, 300px\" \/><\/figure>\n<\/div><\/div>\n<\/div>\n\n\n\n<div class=\"wp-block-columns is-layout-flex wp-container-core-columns-is-layout-8f761849 wp-block-columns-is-layout-flex\">\n<div class=\"wp-block-column is-layout-flow wp-block-column-is-layout-flow\">\n<h3 class=\"wp-block-heading\">IL Y A 200 ANS \u2026 VICTOR HUGO ARRIVAIT \u00c0 CHAMONIX<\/h3>\n\n\n\n<p class=\"wp-block-paragraph\"><mark style=\"background-color:rgba(0, 0, 0, 0)\" class=\"has-inline-color has-accent-1-color\">Lecture de son texte par <strong>Melanie Baxter Jones<\/strong><\/mark><br>En 1825, lors de son unique s\u00e9jour dans la vall\u00e9e de Chamonix, Victor Hugo n\u2019a que vingt-trois ans. Sa carri\u00e8re litt\u00e9raire est d\u00e9j\u00e0 bien amorc\u00e9e et le propulse au premier plan des po\u00e8tes romantiques.<br>Entre le 2 ao\u00fbt et le 5 septembre 1825, les familles Hugo et Nodier entreprennent un voyage de Fontainebleau jusqu\u2019au pied du Mont Blanc.<br>\u00ab Vous croirez, en p\u00e9n\u00e9trant dans la vall\u00e9e de Chamonix, entrer [\u2026] dans le cabinet de curiosit\u00e9s de la nature , dans une sorte de laboratoire divin o\u00f9 la Providence tient en r\u00e9serve un \u00e9chantillon de tous les ph\u00e9nom\u00e8nes de la cr\u00e9ation, ou plut\u00f4t dans un myst\u00e9rieux sanctuaire o\u00f9 reposent les \u00e9l\u00e9ments du monde visible. \u00bb Victor HUGO<\/p>\n<\/div>\n\n\n\n<div class=\"wp-block-column is-vertically-aligned-center is-layout-flow wp-block-column-is-layout-flow\"><div class=\"wp-block-image\">\n<figure class=\"aligncenter size-medium\"><img loading=\"lazy\" decoding=\"async\" width=\"200\" height=\"300\" src=\"https:\/\/nuit-des-ours.com\/wp-content\/uploads\/2025\/07\/Melanie-Baxte-Jones-200x300.jpg\" alt=\"\" class=\"wp-image-3893\" srcset=\"https:\/\/lanuitdesours.lautre.net\/wp-content\/uploads\/2025\/07\/Melanie-Baxte-Jones-200x300.jpg 200w, https:\/\/lanuitdesours.lautre.net\/wp-content\/uploads\/2025\/07\/Melanie-Baxte-Jones-682x1024.jpg 682w, https:\/\/lanuitdesours.lautre.net\/wp-content\/uploads\/2025\/07\/Melanie-Baxte-Jones-768x1154.jpg 768w, https:\/\/lanuitdesours.lautre.net\/wp-content\/uploads\/2025\/07\/Melanie-Baxte-Jones-1022x1536.jpg 1022w, https:\/\/lanuitdesours.lautre.net\/wp-content\/uploads\/2025\/07\/Melanie-Baxte-Jones.jpg 1053w\" sizes=\"auto, (max-width: 200px) 100vw, 200px\" \/><\/figure>\n<\/div><\/div>\n<\/div>\n\n\n\n<div class=\"wp-block-columns is-layout-flex wp-container-core-columns-is-layout-8f761849 wp-block-columns-is-layout-flex\">\n<div class=\"wp-block-column is-layout-flow wp-block-column-is-layout-flow\">\n<h3 class=\"wp-block-heading\">L\u2019homme qui plantait des arbres <br>par le <a href=\"https:\/\/www.theatre-des-turbulences.com\/l-homme-qui-plantait-des-arbres\">th\u00e9\u00e2tre des Turbulences<\/a><\/h3>\n\n\n\n<p class=\"wp-block-paragraph\"><mark style=\"background-color:rgba(0, 0, 0, 0)\" class=\"has-inline-color has-accent-1-color\">Spectacle \u00e9cologique pour spectateur actif de <strong>Jean Giono<\/strong><br>Mise en sc\u00e8ne et jeu &#8211; <\/mark><strong><mark style=\"background-color:rgba(0, 0, 0, 0)\" class=\"has-inline-color has-accent-1-color\">Stella Serfaty <\/mark><\/strong><br><mark style=\"background-color:rgba(0, 0, 0, 0)\" class=\"has-inline-color has-accent-1-color\">Collaboration artistique &#8211; <\/mark><strong><mark style=\"background-color:rgba(0, 0, 0, 0)\" class=\"has-inline-color has-accent-1-color\">Fran\u00e7ois Frapier<br><\/mark><\/strong><mark style=\"background-color:rgba(0, 0, 0, 0)\" class=\"has-inline-color has-accent-1-color\">avec <\/mark><strong><mark style=\"background-color:rgba(0, 0, 0, 0)\" class=\"has-inline-color has-accent-1-color\">Ombline de Benque<\/mark><\/strong><mark style=\"background-color:rgba(0, 0, 0, 0)\" class=\"has-inline-color has-accent-1-color\"> marionnettiste et plasticienne<\/mark><br>Une superbe fable \u00e9cologique et humaniste. Un homme au cours d\u2019une longue promenade dans les Alpes de Haute-Provence rencontre un berger. Ce berger vit seul dans ce pays hostile. Il plante des arbres. Cent arbres chaque jour sans rien attendre en retour. Quelques ann\u00e9es plus tard apparaissent des for\u00eats de ch\u00eanes, de h\u00eatres, de bouleaux, de fr\u00eanes\u2026 L\u2019eau est revenue. Les villages se repeuplent. La lande aride et d\u00e9sol\u00e9e est devenue une terre pleine de vie\u2026 Le public accompagne le r\u00e9cit et devient partie prenante de l\u2019histoire.<\/p>\n<\/div>\n\n\n\n<div class=\"wp-block-column is-vertically-aligned-center is-layout-flow wp-block-column-is-layout-flow\"><div class=\"wp-block-image\">\n<figure class=\"aligncenter size-medium\"><img loading=\"lazy\" decoding=\"async\" width=\"216\" height=\"300\" src=\"https:\/\/nuit-des-ours.com\/wp-content\/uploads\/2024\/07\/Capture-decran-2024-07-28-a-23.58.57-216x300.png\" alt=\"\" class=\"wp-image-3415\" srcset=\"https:\/\/lanuitdesours.lautre.net\/wp-content\/uploads\/2024\/07\/Capture-decran-2024-07-28-a-23.58.57-216x300.png 216w, https:\/\/lanuitdesours.lautre.net\/wp-content\/uploads\/2024\/07\/Capture-decran-2024-07-28-a-23.58.57.png 461w\" sizes=\"auto, (max-width: 216px) 100vw, 216px\" \/><\/figure>\n<\/div><\/div>\n<\/div>\n\n\n\n<div class=\"wp-block-columns is-layout-flex wp-container-core-columns-is-layout-8f761849 wp-block-columns-is-layout-flex\">\n<div class=\"wp-block-column is-layout-flow wp-block-column-is-layout-flow\">\n<h3 class=\"wp-block-heading\">Comme la Rivi\u00e8re &#8211; Comme la Pierre<\/h3>\n\n\n\n<p class=\"wp-block-paragraph\"><strong><mark style=\"background-color:rgba(0, 0, 0, 0)\" class=\"has-inline-color has-accent-1-color\"><strong><mark style=\"background-color:rgba(0, 0, 0, 0)\" class=\"has-inline-color has-accent-1-color\">Cr\u00e9ation Nuit des Ours 202<\/mark><\/strong>5<br><\/mark><\/strong><mark style=\"background-color:rgba(0, 0, 0, 0)\" class=\"has-inline-color has-accent-1-color\"><strong>Julie Pichavant<\/strong>, performeuse<\/mark><br>Dans cette performance \u00e9crite pour La nuit des Ours, Julie Pichavant s\u2019inspire du proverbe maori :<br>Ko au te awa, ko te awa ko au \u2014 I am the river and the river is me &#8211; Je suis la rivi\u00e8re et la rivi\u00e8re est moi.<br>Son po\u00e8me s\u2019adresse au paysage, \u00e0 la Nuit : <br>\u00ab Qu\u2019est-ce que tu fais ici ?<br>Me demande la rivi\u00e8re, la pierre, la montagne, le vent, la nuit, les glaciers, les paysages, l\u2019invisible, les feux ardents, les cano\u00ebs ancestraux, les \u00e2mes sans s\u00e9pultures, sans c\u00e9r\u00e9monies. Les peuples vol\u00e9s &#8211; sans terre\u2026 \u00bb<\/p>\n<\/div>\n\n\n\n<div class=\"wp-block-column is-vertically-aligned-center is-layout-flow wp-block-column-is-layout-flow\"><div class=\"wp-block-image\">\n<figure class=\"aligncenter size-medium\"><img loading=\"lazy\" decoding=\"async\" width=\"300\" height=\"200\" src=\"https:\/\/nuit-des-ours.com\/wp-content\/uploads\/2025\/07\/Julie-Pichavant-Jose-Luis-Rissetti-1-300x200.jpg\" alt=\"\" class=\"wp-image-3894\" style=\"aspect-ratio:1;object-fit:contain\" srcset=\"https:\/\/lanuitdesours.lautre.net\/wp-content\/uploads\/2025\/07\/Julie-Pichavant-Jose-Luis-Rissetti-1-300x200.jpg 300w, https:\/\/lanuitdesours.lautre.net\/wp-content\/uploads\/2025\/07\/Julie-Pichavant-Jose-Luis-Rissetti-1-1024x683.jpg 1024w, https:\/\/lanuitdesours.lautre.net\/wp-content\/uploads\/2025\/07\/Julie-Pichavant-Jose-Luis-Rissetti-1-768x512.jpg 768w, https:\/\/lanuitdesours.lautre.net\/wp-content\/uploads\/2025\/07\/Julie-Pichavant-Jose-Luis-Rissetti-1-1536x1025.jpg 1536w, https:\/\/lanuitdesours.lautre.net\/wp-content\/uploads\/2025\/07\/Julie-Pichavant-Jose-Luis-Rissetti-1-450x300.jpg 450w, https:\/\/lanuitdesours.lautre.net\/wp-content\/uploads\/2025\/07\/Julie-Pichavant-Jose-Luis-Rissetti-1.jpg 1772w\" sizes=\"auto, (max-width: 300px) 100vw, 300px\" \/><\/figure>\n<\/div><\/div>\n<\/div>\n\n\n\n<div class=\"wp-block-columns is-layout-flex wp-container-core-columns-is-layout-8f761849 wp-block-columns-is-layout-flex\">\n<div class=\"wp-block-column is-layout-flow wp-block-column-is-layout-flow\">\n<h3 class=\"wp-block-heading\">TROIS DONT UN<\/h3>\n\n\n\n<p class=\"wp-block-paragraph\"><mark style=\"background-color:rgba(0, 0, 0, 0)\" class=\"has-inline-color has-accent-1-color\">Cr\u00e9ation Nuit des ours<\/mark><br><mark style=\"background-color:rgba(0, 0, 0, 0)\" class=\"has-inline-color has-accent-1-color\">\u00c9criture et mise en sc\u00e8ne de <strong>Laurie Calhiol<\/strong><br>Avec <strong>Ang\u00e9line Andr\u00e9<\/strong>, <strong>L\u00e9o Majka<\/strong> et <strong>Coline Tahmasebi<\/strong><\/mark><br>Trois figures \u2014 Marcel, Andr\u00e9a, Victor \u2014 vivent reclus dans une for\u00eat hors du temps. Ni vraiment enfants, ni pleinement adultes, ils s\u2019interrogent : sur le langage, sur leur propre nature, sur le sens d\u2019exister lorsqu\u2019on n\u2019est qu\u2019un personnage de fiction. Conscients d\u2019\u00eatre \u00e9crits, ils s\u2019adressent \u00e0 leur public comme \u00e0 une conscience. La parole devient chez eux une faille plus qu\u2019un outil, un espace o\u00f9 le r\u00e9el se d\u00e9robe.<br>Trois dont Un est un th\u00e9\u00e2tre-po\u00e8me, une errance existentielle entre r\u00eave et oubli, un appel \u00e0 l\u2019int\u00e9rieur de soi.<\/p>\n<\/div>\n\n\n\n<div class=\"wp-block-column is-vertically-aligned-center is-layout-flow wp-block-column-is-layout-flow\"><div class=\"wp-block-image is-style-default\">\n<figure class=\"aligncenter size-medium\"><img loading=\"lazy\" decoding=\"async\" width=\"212\" height=\"300\" src=\"https:\/\/nuit-des-ours.com\/wp-content\/uploads\/2025\/07\/Trois-Dont-Un-1-212x300.png\" alt=\"\" class=\"wp-image-3895\" srcset=\"https:\/\/lanuitdesours.lautre.net\/wp-content\/uploads\/2025\/07\/Trois-Dont-Un-1-212x300.png 212w, https:\/\/lanuitdesours.lautre.net\/wp-content\/uploads\/2025\/07\/Trois-Dont-Un-1-724x1024.png 724w, https:\/\/lanuitdesours.lautre.net\/wp-content\/uploads\/2025\/07\/Trois-Dont-Un-1-768x1086.png 768w, https:\/\/lanuitdesours.lautre.net\/wp-content\/uploads\/2025\/07\/Trois-Dont-Un-1-1086x1536.png 1086w, https:\/\/lanuitdesours.lautre.net\/wp-content\/uploads\/2025\/07\/Trois-Dont-Un-1-1448x2048.png 1448w, https:\/\/lanuitdesours.lautre.net\/wp-content\/uploads\/2025\/07\/Trois-Dont-Un-1.png 1587w\" sizes=\"auto, (max-width: 212px) 100vw, 212px\" \/><\/figure>\n<\/div><\/div>\n<\/div>\n\n\n\n<h5 class=\"wp-block-heading\">ARRIV\u00c9E AUTOUR DE MINUIT<br>Pour finir, on se rassemble pour terminer LA NUIT DES OURS avec le concert de :<\/h5>\n\n\n\n<div class=\"wp-block-columns is-layout-flex wp-container-core-columns-is-layout-8f761849 wp-block-columns-is-layout-flex\">\n<div class=\"wp-block-column is-layout-flow wp-block-column-is-layout-flow\">\n<h3 class=\"wp-block-heading\">LAS MARIPOSAS<\/h3>\n\n\n\n<p class=\"wp-block-paragraph\"><strong><mark style=\"background-color:rgba(0, 0, 0, 0)\" class=\"has-inline-color has-accent-1-color\">24 choristes<\/mark><\/strong><br>La chorale Las Mariposas est n\u00e9e du besoin de se retrouver entre femmes dans une ambiance joyeuse et de soutien mutuel dans les environs de Ch\u00e2teaubriant, une terre rurale entre Nantes, Rennes et Angers.<br>Depuis 2017, elles se retrouvent en mixit\u00e9 choisie, pour chanter les luttes, la joie, la col\u00e8re, l\u2019espoir, les peines\u2026 \u00e0 travers le monde. C\u2019est une puissance sororale qui nous fait passer des larmes \u00e0 l\u2019envie de danser, du groupe San Salvador \u00e0 la chanteuse Mar\u00eda M\u00e1rquez, de l\u2019Occitanie \u00e0 la Bulgarie.<br>(voir aussi leur <strong><a href=\"https:\/\/nuit-des-ours.com\/2025\/tournee-des-marches-et-des-bistrots-2025\/\">TOURN\u00c9E DES MARCH\u00c9S ET DES BISTROTS<\/a><\/strong>)<\/p>\n<\/div>\n\n\n\n<div class=\"wp-block-column is-vertically-aligned-center is-layout-flow wp-block-column-is-layout-flow\"><div class=\"wp-block-image is-style-default\">\n<figure class=\"aligncenter size-medium\"><img loading=\"lazy\" decoding=\"async\" width=\"300\" height=\"176\" src=\"https:\/\/nuit-des-ours.com\/wp-content\/uploads\/2025\/07\/Las-mariposas-300x176.jpg\" alt=\"\" class=\"wp-image-3896\" style=\"aspect-ratio:4\/3;object-fit:cover\" srcset=\"https:\/\/lanuitdesours.lautre.net\/wp-content\/uploads\/2025\/07\/Las-mariposas-300x176.jpg 300w, https:\/\/lanuitdesours.lautre.net\/wp-content\/uploads\/2025\/07\/Las-mariposas-1024x600.jpg 1024w, https:\/\/lanuitdesours.lautre.net\/wp-content\/uploads\/2025\/07\/Las-mariposas-768x450.jpg 768w, https:\/\/lanuitdesours.lautre.net\/wp-content\/uploads\/2025\/07\/Las-mariposas-1536x899.jpg 1536w, https:\/\/lanuitdesours.lautre.net\/wp-content\/uploads\/2025\/07\/Las-mariposas-2048x1199.jpg 2048w, https:\/\/lanuitdesours.lautre.net\/wp-content\/uploads\/2025\/07\/Las-mariposas-496x290.jpg 496w, https:\/\/lanuitdesours.lautre.net\/wp-content\/uploads\/2025\/07\/Las-mariposas-512x300.jpg 512w\" sizes=\"auto, (max-width: 300px) 100vw, 300px\" \/><\/figure>\n<\/div><\/div>\n<\/div>\n\n\n\n<div style=\"height:100px\" aria-hidden=\"true\" class=\"wp-block-spacer\"><\/div>\n\n\n\n<div class=\"wp-block-group\"><div class=\"wp-block-group__inner-container is-layout-constrained wp-block-group-is-layout-constrained\">\n<h5 class=\"wp-block-heading\">&gt;&gt; Pour cette d\u00e9ambulation, vous choisissez votre guide au moment de votre inscription \u00e0 LA NUIT DES OURS sur HelloAsso et rejoignez votre groupe avant 19h30 :<\/h5>\n\n\n\n<ul class=\"wp-block-list\">\n<li><strong><mark style=\"background-color:rgba(0, 0, 0, 0)\" class=\"has-inline-color has-accent-1-color\">Jean-Jacques Lem\u00eatre<\/mark><\/strong> &#8211; compositeur multi-instrumentiste iconoclaste : <br><strong>VAGABONDAGE ENTRE MUSIQUES ET INSTRUMENTS DE MUSIQUE DU MONDE ENTIER<\/strong> avec le compagnon de route musical du Th\u00e9\u00e2tre du Soleil et d\u2019Ariane Mnouchkine pendant plus de 30 ans. <\/li>\n\n\n\n<li><strong><mark style=\"background-color:rgba(0, 0, 0, 0)\" class=\"has-inline-color has-accent-1-color\">Juliette Deweze <\/mark><\/strong>&#8211; une enfant du pays qui bourlingue : <br><strong>LA \u00ab RESTANCE \u00bb DES FEMMES DANS LES ALPES<\/strong> ou la volont\u00e9 de rester en montagne. <\/li>\n\n\n\n<li><strong><mark style=\"background-color:rgba(0, 0, 0, 0)\" class=\"has-inline-color has-accent-1-color\">Anna Chiara Bartolini<\/mark><\/strong> &#8211; micropal\u00e9ontologue <strong><mark style=\"background-color:rgba(0, 0, 0, 0)\" class=\"has-inline-color has-accent-1-color\">&amp; Sandro Mariotti<\/mark><\/strong> &#8211; musicien : <br><strong>LES FORAMINIF\u00c8RES, CES ORGANISMES MICROSCOPIQUES<\/strong>, qui vivent dans les oc\u00e9ans et nous permettent de voyager dans le temps.<\/li>\n\n\n\n<li><strong><mark style=\"background-color:rgba(0, 0, 0, 0)\" class=\"has-inline-color has-accent-1-color\">Camille Sova<\/mark><\/strong> &#8211; Po\u00e8te : <br><strong>LA PO\u00c9SIE FACE A L\u2019INDICIBLE<\/strong>. Comment les po\u00e8tes portent la m\u00e9moire et la dignit\u00e9 des peuples, et tentent, de vers en vers, de conjurer l\u2019oubli autant que le silence.<\/li>\n\n\n\n<li><strong><mark style=\"background-color:rgba(0, 0, 0, 0)\" class=\"has-inline-color has-accent-1-color\">Eric Courcier<\/mark><\/strong> &#8211; m\u00e9diateur scientifique en astronomie et photographe : <br><strong>L\u2019ESPACE ET SES MYST\u00c8RES<\/strong>. Au fil de la Voie lact\u00e9e, des constellations et des l\u00e9gendes, pointage au laser, pr\u00e9sentation d\u2019images sur tablette et de quelques m\u00e9t\u00e9orites.<\/li>\n<\/ul>\n<\/div><\/div>\n\n\n\n<div style=\"height:50px\" aria-hidden=\"true\" class=\"wp-block-spacer\"><\/div>\n\n\n\n<div class=\"wp-block-buttons is-content-justification-space-between is-layout-flex wp-container-core-buttons-is-layout-cfe5ce44 wp-block-buttons-is-layout-flex\">\n<div class=\"wp-block-button is-style-outline is-style-outline--2\"><a class=\"wp-block-button__link has-sitebg-color has-accent-2-background-color has-text-color has-background has-normal-font-size has-custom-font-size wp-element-button\" href=\"https:\/\/www.helloasso.com\/associations\/la-nuit-des-ours\/evenements\/evenements-artistiques-6-7-8-10-11-et-12-aout-edition-2025-1\" style=\"border-radius:0px\" target=\"_blank\" rel=\"noreferrer noopener\">R\u00c9SERVER<\/a><\/div>\n<\/div>\n\n\n\n<div class=\"wp-block-group\"><div class=\"wp-block-group__inner-container is-layout-constrained wp-block-group-is-layout-constrained\">\n<h5 class=\"wp-block-heading\">Informations pratiques :<\/h5>\n\n\n\n<ul class=\"wp-block-list\">\n<li>Rendez-vous aux Edelweiss (derri\u00e8re la gare direction Caf\u00e9 Comptoir) \u00e0 partir de 18h pour rejoindre le guide que vous aurez choisi sur HelloAsso. <\/li>\n\n\n\n<li>Si vous prenez le train descendre au terminus de la Gare Internationale de Vallorcine.<\/li>\n\n\n\n<li>Prendre des v\u00eatements chauds, un v\u00eatement contre la pluie, de bonnes chaussures de marche, des fruits secs et de l\u2019eau. <\/li>\n\n\n\n<li>Une lampe de poche pour uniquement \u00e9clairer ses pieds lorsque l\u2019on marche et ainsi pr\u00e9server la magie de la nuit en n\u2019\u00e9blouissant pas les voisin(e)s. En cons\u00e9quence : bannir la lampe frontale et celle de son t\u00e9l\u00e9phone portable. <\/li>\n\n\n\n<li>Le circuit fait environ 3 km avec quelques passages en mont\u00e9e. <\/li>\n\n\n\n<li>Nous d\u00e9conseillons de venir avec des enfants de moins de 12 ans.<\/li>\n\n\n\n<li>Pas d\u2019animaux m\u00eame tenus en laisse.<\/li>\n\n\n\n<li>\u00c9teindre son t\u00e9l\u00e9phone portable afin de pr\u00e9server la qualit\u00e9 physique de l&rsquo;air pour tou(te)s.<\/li>\n<\/ul>\n<\/div><\/div>\n","protected":false},"excerpt":{"rendered":"<p>LE 8 AO\u00dbT 2025. Une d\u00e9ambulation nocturne en pleine nature, entre diff\u00e9rents spectacles et sculptures d\u2019Arts du Chemin, guid\u00e9e par des passeur-euses de savoir. Sur r\u00e9servation (25\u20ac\/20\u20ac tarif r\u00e9duit). <\/p>\n","protected":false},"author":1,"featured_media":3557,"comment_status":"closed","ping_status":"closed","sticky":true,"template":"","format":"standard","meta":{"footnotes":""},"categories":[62],"tags":[57],"class_list":["post-3889","post","type-post","status-publish","format-standard","has-post-thumbnail","hentry","category-edition-2025","tag-nuit-des-ours"],"yoast_head":"<!-- This site is optimized with the Yoast SEO plugin v28.3 - https:\/\/yoast.com\/product\/yoast-seo-wordpress\/ -->\n<title>La Nuit des Ours - La Nuit des Ours Edition 2025<\/title>\n<meta name=\"description\" content=\"8 AO\u00dbT 2025. LA NUIT DES OURS est une balade nocturne en immersion entre for\u00eat et bosquets, \u00e0 la d\u00e9couverte de spectacles et Arts du Chemin.\" \/>\n<meta name=\"robots\" content=\"index, follow, max-snippet:-1, max-image-preview:large, max-video-preview:-1\" \/>\n<link rel=\"canonical\" href=\"https:\/\/lanuitdesours.lautre.net\/?p=3889\" \/>\n<meta property=\"og:locale\" content=\"fr_FR\" \/>\n<meta property=\"og:type\" content=\"article\" \/>\n<meta property=\"og:title\" content=\"La Nuit des Ours - La Nuit des Ours Edition 2025\" \/>\n<meta property=\"og:description\" content=\"8 AO\u00dbT 2025. LA NUIT DES OURS est une balade nocturne en immersion entre for\u00eat et bosquets, \u00e0 la d\u00e9couverte de spectacles et Arts du Chemin.\" \/>\n<meta property=\"og:url\" content=\"https:\/\/lanuitdesours.lautre.net\/?p=3889\" \/>\n<meta property=\"og:site_name\" content=\"La Nuit des Ours\" \/>\n<meta property=\"article:publisher\" content=\"https:\/\/www.facebook.com\/lanuitdesours\/\" \/>\n<meta property=\"article:published_time\" content=\"2025-07-25T21:59:43+00:00\" \/>\n<meta property=\"article:modified_time\" content=\"2025-07-27T23:17:02+00:00\" \/>\n<meta property=\"og:image\" content=\"https:\/\/lanuitdesours.lautre.net\/wp-content\/uploads\/2024\/07\/IMG-20230808-WA0000.jpg\" \/>\n\t<meta property=\"og:image:width\" content=\"797\" \/>\n\t<meta property=\"og:image:height\" content=\"598\" \/>\n\t<meta property=\"og:image:type\" content=\"image\/jpeg\" \/>\n<meta name=\"author\" content=\"Cr\u00e9er c&#039;est R\u00e9sister\" \/>\n<meta name=\"twitter:card\" content=\"summary_large_image\" \/>\n<meta name=\"twitter:label1\" content=\"\u00c9crit par\" \/>\n\t<meta name=\"twitter:data1\" content=\"Cr\u00e9er c&#039;est R\u00e9sister\" \/>\n\t<meta name=\"twitter:label2\" content=\"Dur\u00e9e de lecture estim\u00e9e\" \/>\n\t<meta name=\"twitter:data2\" content=\"8 minutes\" \/>\n<script type=\"application\/ld+json\" class=\"yoast-schema-graph\">{\"@context\":\"https:\\\/\\\/schema.org\",\"@graph\":[{\"@type\":\"Article\",\"@id\":\"https:\\\/\\\/lanuitdesours.lautre.net\\\/?p=3889#article\",\"isPartOf\":{\"@id\":\"https:\\\/\\\/lanuitdesours.lautre.net\\\/?p=3889\"},\"author\":{\"name\":\"Cr\u00e9er c'est R\u00e9sister\",\"@id\":\"https:\\\/\\\/lanuitdesours.lautre.net\\\/#\\\/schema\\\/person\\\/1f4500f2f631d9916d6b39f1c0ba934c\"},\"headline\":\"La Nuit des Ours\",\"datePublished\":\"2025-07-25T21:59:43+00:00\",\"dateModified\":\"2025-07-27T23:17:02+00:00\",\"mainEntityOfPage\":{\"@id\":\"https:\\\/\\\/lanuitdesours.lautre.net\\\/?p=3889\"},\"wordCount\":1235,\"publisher\":{\"@id\":\"https:\\\/\\\/lanuitdesours.lautre.net\\\/#organization\"},\"image\":{\"@id\":\"https:\\\/\\\/lanuitdesours.lautre.net\\\/?p=3889#primaryimage\"},\"thumbnailUrl\":\"https:\\\/\\\/lanuitdesours.lautre.net\\\/wp-content\\\/uploads\\\/2024\\\/07\\\/IMG-20230808-WA0000.jpg\",\"keywords\":[\"NUIT DES OURS\"],\"articleSection\":[\"Edition 2025\"],\"inLanguage\":\"fr-FR\"},{\"@type\":\"WebPage\",\"@id\":\"https:\\\/\\\/lanuitdesours.lautre.net\\\/?p=3889\",\"url\":\"https:\\\/\\\/lanuitdesours.lautre.net\\\/?p=3889\",\"name\":\"La Nuit des Ours - La Nuit des Ours Edition 2025\",\"isPartOf\":{\"@id\":\"https:\\\/\\\/lanuitdesours.lautre.net\\\/#website\"},\"primaryImageOfPage\":{\"@id\":\"https:\\\/\\\/lanuitdesours.lautre.net\\\/?p=3889#primaryimage\"},\"image\":{\"@id\":\"https:\\\/\\\/lanuitdesours.lautre.net\\\/?p=3889#primaryimage\"},\"thumbnailUrl\":\"https:\\\/\\\/lanuitdesours.lautre.net\\\/wp-content\\\/uploads\\\/2024\\\/07\\\/IMG-20230808-WA0000.jpg\",\"datePublished\":\"2025-07-25T21:59:43+00:00\",\"dateModified\":\"2025-07-27T23:17:02+00:00\",\"description\":\"8 AO\u00dbT 2025. LA NUIT DES OURS est une balade nocturne en immersion entre for\u00eat et bosquets, \u00e0 la d\u00e9couverte de spectacles et Arts du Chemin.\",\"breadcrumb\":{\"@id\":\"https:\\\/\\\/lanuitdesours.lautre.net\\\/?p=3889#breadcrumb\"},\"inLanguage\":\"fr-FR\",\"potentialAction\":[{\"@type\":\"ReadAction\",\"target\":[\"https:\\\/\\\/lanuitdesours.lautre.net\\\/?p=3889\"]}]},{\"@type\":\"ImageObject\",\"inLanguage\":\"fr-FR\",\"@id\":\"https:\\\/\\\/lanuitdesours.lautre.net\\\/?p=3889#primaryimage\",\"url\":\"https:\\\/\\\/lanuitdesours.lautre.net\\\/wp-content\\\/uploads\\\/2024\\\/07\\\/IMG-20230808-WA0000.jpg\",\"contentUrl\":\"https:\\\/\\\/lanuitdesours.lautre.net\\\/wp-content\\\/uploads\\\/2024\\\/07\\\/IMG-20230808-WA0000.jpg\",\"width\":797,\"height\":598},{\"@type\":\"BreadcrumbList\",\"@id\":\"https:\\\/\\\/lanuitdesours.lautre.net\\\/?p=3889#breadcrumb\",\"itemListElement\":[{\"@type\":\"ListItem\",\"position\":1,\"name\":\"Accueil\",\"item\":\"https:\\\/\\\/lanuitdesours.lautre.net\\\/\"},{\"@type\":\"ListItem\",\"position\":2,\"name\":\"La Nuit des Ours\"}]},{\"@type\":\"WebSite\",\"@id\":\"https:\\\/\\\/lanuitdesours.lautre.net\\\/#website\",\"url\":\"https:\\\/\\\/lanuitdesours.lautre.net\\\/\",\"name\":\"La Nuit des Ours\",\"description\":\"CR\u00c9ER C&#039;EST R\u00c9SISTER | R\u00c9SISTER C&#039;EST CR\u00c9ER\",\"publisher\":{\"@id\":\"https:\\\/\\\/lanuitdesours.lautre.net\\\/#organization\"},\"potentialAction\":[{\"@type\":\"SearchAction\",\"target\":{\"@type\":\"EntryPoint\",\"urlTemplate\":\"https:\\\/\\\/lanuitdesours.lautre.net\\\/?s={search_term_string}\"},\"query-input\":{\"@type\":\"PropertyValueSpecification\",\"valueRequired\":true,\"valueName\":\"search_term_string\"}}],\"inLanguage\":\"fr-FR\"},{\"@type\":\"Organization\",\"@id\":\"https:\\\/\\\/lanuitdesours.lautre.net\\\/#organization\",\"name\":\"Association LA NUIT DES OURS\",\"url\":\"https:\\\/\\\/lanuitdesours.lautre.net\\\/\",\"logo\":{\"@type\":\"ImageObject\",\"inLanguage\":\"fr-FR\",\"@id\":\"https:\\\/\\\/lanuitdesours.lautre.net\\\/#\\\/schema\\\/logo\\\/image\\\/\",\"url\":\"https:\\\/\\\/nuit-des-ours.com\\\/wp-content\\\/uploads\\\/2022\\\/07\\\/cropped-NDO_logo-noir_jaune.jpg\",\"contentUrl\":\"https:\\\/\\\/nuit-des-ours.com\\\/wp-content\\\/uploads\\\/2022\\\/07\\\/cropped-NDO_logo-noir_jaune.jpg\",\"width\":512,\"height\":512,\"caption\":\"Association LA NUIT DES OURS\"},\"image\":{\"@id\":\"https:\\\/\\\/lanuitdesours.lautre.net\\\/#\\\/schema\\\/logo\\\/image\\\/\"},\"sameAs\":[\"https:\\\/\\\/www.facebook.com\\\/lanuitdesours\\\/\",\"https:\\\/\\\/www.instagram.com\\\/lanuitdesours\\\/\"]},{\"@type\":\"Person\",\"@id\":\"https:\\\/\\\/lanuitdesours.lautre.net\\\/#\\\/schema\\\/person\\\/1f4500f2f631d9916d6b39f1c0ba934c\",\"name\":\"Cr\u00e9er c'est R\u00e9sister\",\"image\":{\"@type\":\"ImageObject\",\"inLanguage\":\"fr-FR\",\"@id\":\"https:\\\/\\\/secure.gravatar.com\\\/avatar\\\/08f4e38908e105d843bc2bab0e7af2243257415b61b5fe99e955c21a5f61fc2b?s=96&d=mm&r=g\",\"url\":\"https:\\\/\\\/secure.gravatar.com\\\/avatar\\\/08f4e38908e105d843bc2bab0e7af2243257415b61b5fe99e955c21a5f61fc2b?s=96&d=mm&r=g\",\"contentUrl\":\"https:\\\/\\\/secure.gravatar.com\\\/avatar\\\/08f4e38908e105d843bc2bab0e7af2243257415b61b5fe99e955c21a5f61fc2b?s=96&d=mm&r=g\",\"caption\":\"Cr\u00e9er c'est R\u00e9sister\"},\"sameAs\":[\"http:\\\/\\\/www.lanuitdesours.lautre.net\"],\"url\":\"https:\\\/\\\/lanuitdesours.lautre.net\\\/?author=1\"}]}<\/script>\n<!-- \/ Yoast SEO plugin. -->","yoast_head_json":{"title":"La Nuit des Ours - La Nuit des Ours Edition 2025","description":"8 AO\u00dbT 2025. LA NUIT DES OURS est une balade nocturne en immersion entre for\u00eat et bosquets, \u00e0 la d\u00e9couverte de spectacles et Arts du Chemin.","robots":{"index":"index","follow":"follow","max-snippet":"max-snippet:-1","max-image-preview":"max-image-preview:large","max-video-preview":"max-video-preview:-1"},"canonical":"https:\/\/lanuitdesours.lautre.net\/?p=3889","og_locale":"fr_FR","og_type":"article","og_title":"La Nuit des Ours - La Nuit des Ours Edition 2025","og_description":"8 AO\u00dbT 2025. LA NUIT DES OURS est une balade nocturne en immersion entre for\u00eat et bosquets, \u00e0 la d\u00e9couverte de spectacles et Arts du Chemin.","og_url":"https:\/\/lanuitdesours.lautre.net\/?p=3889","og_site_name":"La Nuit des Ours","article_publisher":"https:\/\/www.facebook.com\/lanuitdesours\/","article_published_time":"2025-07-25T21:59:43+00:00","article_modified_time":"2025-07-27T23:17:02+00:00","og_image":[{"width":797,"height":598,"url":"https:\/\/lanuitdesours.lautre.net\/wp-content\/uploads\/2024\/07\/IMG-20230808-WA0000.jpg","type":"image\/jpeg"}],"author":"Cr\u00e9er c'est R\u00e9sister","twitter_card":"summary_large_image","twitter_misc":{"\u00c9crit par":"Cr\u00e9er c'est R\u00e9sister","Dur\u00e9e de lecture estim\u00e9e":"8 minutes"},"schema":{"@context":"https:\/\/schema.org","@graph":[{"@type":"Article","@id":"https:\/\/lanuitdesours.lautre.net\/?p=3889#article","isPartOf":{"@id":"https:\/\/lanuitdesours.lautre.net\/?p=3889"},"author":{"name":"Cr\u00e9er c'est R\u00e9sister","@id":"https:\/\/lanuitdesours.lautre.net\/#\/schema\/person\/1f4500f2f631d9916d6b39f1c0ba934c"},"headline":"La Nuit des Ours","datePublished":"2025-07-25T21:59:43+00:00","dateModified":"2025-07-27T23:17:02+00:00","mainEntityOfPage":{"@id":"https:\/\/lanuitdesours.lautre.net\/?p=3889"},"wordCount":1235,"publisher":{"@id":"https:\/\/lanuitdesours.lautre.net\/#organization"},"image":{"@id":"https:\/\/lanuitdesours.lautre.net\/?p=3889#primaryimage"},"thumbnailUrl":"https:\/\/lanuitdesours.lautre.net\/wp-content\/uploads\/2024\/07\/IMG-20230808-WA0000.jpg","keywords":["NUIT DES OURS"],"articleSection":["Edition 2025"],"inLanguage":"fr-FR"},{"@type":"WebPage","@id":"https:\/\/lanuitdesours.lautre.net\/?p=3889","url":"https:\/\/lanuitdesours.lautre.net\/?p=3889","name":"La Nuit des Ours - La Nuit des Ours Edition 2025","isPartOf":{"@id":"https:\/\/lanuitdesours.lautre.net\/#website"},"primaryImageOfPage":{"@id":"https:\/\/lanuitdesours.lautre.net\/?p=3889#primaryimage"},"image":{"@id":"https:\/\/lanuitdesours.lautre.net\/?p=3889#primaryimage"},"thumbnailUrl":"https:\/\/lanuitdesours.lautre.net\/wp-content\/uploads\/2024\/07\/IMG-20230808-WA0000.jpg","datePublished":"2025-07-25T21:59:43+00:00","dateModified":"2025-07-27T23:17:02+00:00","description":"8 AO\u00dbT 2025. LA NUIT DES OURS est une balade nocturne en immersion entre for\u00eat et bosquets, \u00e0 la d\u00e9couverte de spectacles et Arts du Chemin.","breadcrumb":{"@id":"https:\/\/lanuitdesours.lautre.net\/?p=3889#breadcrumb"},"inLanguage":"fr-FR","potentialAction":[{"@type":"ReadAction","target":["https:\/\/lanuitdesours.lautre.net\/?p=3889"]}]},{"@type":"ImageObject","inLanguage":"fr-FR","@id":"https:\/\/lanuitdesours.lautre.net\/?p=3889#primaryimage","url":"https:\/\/lanuitdesours.lautre.net\/wp-content\/uploads\/2024\/07\/IMG-20230808-WA0000.jpg","contentUrl":"https:\/\/lanuitdesours.lautre.net\/wp-content\/uploads\/2024\/07\/IMG-20230808-WA0000.jpg","width":797,"height":598},{"@type":"BreadcrumbList","@id":"https:\/\/lanuitdesours.lautre.net\/?p=3889#breadcrumb","itemListElement":[{"@type":"ListItem","position":1,"name":"Accueil","item":"https:\/\/lanuitdesours.lautre.net\/"},{"@type":"ListItem","position":2,"name":"La Nuit des Ours"}]},{"@type":"WebSite","@id":"https:\/\/lanuitdesours.lautre.net\/#website","url":"https:\/\/lanuitdesours.lautre.net\/","name":"La Nuit des Ours","description":"CR\u00c9ER C&#039;EST R\u00c9SISTER | R\u00c9SISTER C&#039;EST CR\u00c9ER","publisher":{"@id":"https:\/\/lanuitdesours.lautre.net\/#organization"},"potentialAction":[{"@type":"SearchAction","target":{"@type":"EntryPoint","urlTemplate":"https:\/\/lanuitdesours.lautre.net\/?s={search_term_string}"},"query-input":{"@type":"PropertyValueSpecification","valueRequired":true,"valueName":"search_term_string"}}],"inLanguage":"fr-FR"},{"@type":"Organization","@id":"https:\/\/lanuitdesours.lautre.net\/#organization","name":"Association LA NUIT DES OURS","url":"https:\/\/lanuitdesours.lautre.net\/","logo":{"@type":"ImageObject","inLanguage":"fr-FR","@id":"https:\/\/lanuitdesours.lautre.net\/#\/schema\/logo\/image\/","url":"https:\/\/nuit-des-ours.com\/wp-content\/uploads\/2022\/07\/cropped-NDO_logo-noir_jaune.jpg","contentUrl":"https:\/\/nuit-des-ours.com\/wp-content\/uploads\/2022\/07\/cropped-NDO_logo-noir_jaune.jpg","width":512,"height":512,"caption":"Association LA NUIT DES OURS"},"image":{"@id":"https:\/\/lanuitdesours.lautre.net\/#\/schema\/logo\/image\/"},"sameAs":["https:\/\/www.facebook.com\/lanuitdesours\/","https:\/\/www.instagram.com\/lanuitdesours\/"]},{"@type":"Person","@id":"https:\/\/lanuitdesours.lautre.net\/#\/schema\/person\/1f4500f2f631d9916d6b39f1c0ba934c","name":"Cr\u00e9er c'est R\u00e9sister","image":{"@type":"ImageObject","inLanguage":"fr-FR","@id":"https:\/\/secure.gravatar.com\/avatar\/08f4e38908e105d843bc2bab0e7af2243257415b61b5fe99e955c21a5f61fc2b?s=96&d=mm&r=g","url":"https:\/\/secure.gravatar.com\/avatar\/08f4e38908e105d843bc2bab0e7af2243257415b61b5fe99e955c21a5f61fc2b?s=96&d=mm&r=g","contentUrl":"https:\/\/secure.gravatar.com\/avatar\/08f4e38908e105d843bc2bab0e7af2243257415b61b5fe99e955c21a5f61fc2b?s=96&d=mm&r=g","caption":"Cr\u00e9er c'est R\u00e9sister"},"sameAs":["http:\/\/www.lanuitdesours.lautre.net"],"url":"https:\/\/lanuitdesours.lautre.net\/?author=1"}]}},"_links":{"self":[{"href":"https:\/\/lanuitdesours.lautre.net\/index.php?rest_route=\/wp\/v2\/posts\/3889","targetHints":{"allow":["GET"]}}],"collection":[{"href":"https:\/\/lanuitdesours.lautre.net\/index.php?rest_route=\/wp\/v2\/posts"}],"about":[{"href":"https:\/\/lanuitdesours.lautre.net\/index.php?rest_route=\/wp\/v2\/types\/post"}],"author":[{"embeddable":true,"href":"https:\/\/lanuitdesours.lautre.net\/index.php?rest_route=\/wp\/v2\/users\/1"}],"replies":[{"embeddable":true,"href":"https:\/\/lanuitdesours.lautre.net\/index.php?rest_route=%2Fwp%2Fv2%2Fcomments&post=3889"}],"version-history":[{"count":6,"href":"https:\/\/lanuitdesours.lautre.net\/index.php?rest_route=\/wp\/v2\/posts\/3889\/revisions"}],"predecessor-version":[{"id":4260,"href":"https:\/\/lanuitdesours.lautre.net\/index.php?rest_route=\/wp\/v2\/posts\/3889\/revisions\/4260"}],"wp:featuredmedia":[{"embeddable":true,"href":"https:\/\/lanuitdesours.lautre.net\/index.php?rest_route=\/wp\/v2\/media\/3557"}],"wp:attachment":[{"href":"https:\/\/lanuitdesours.lautre.net\/index.php?rest_route=%2Fwp%2Fv2%2Fmedia&parent=3889"}],"wp:term":[{"taxonomy":"category","embeddable":true,"href":"https:\/\/lanuitdesours.lautre.net\/index.php?rest_route=%2Fwp%2Fv2%2Fcategories&post=3889"},{"taxonomy":"post_tag","embeddable":true,"href":"https:\/\/lanuitdesours.lautre.net\/index.php?rest_route=%2Fwp%2Fv2%2Ftags&post=3889"}],"curies":[{"name":"wp","href":"https:\/\/api.w.org\/{rel}","templated":true}]}}