{"id":3648,"date":"2024-07-05T23:44:57","date_gmt":"2024-07-05T21:44:57","guid":{"rendered":"https:\/\/nuit-des-ours.com\/?p=3648"},"modified":"2024-07-30T00:45:52","modified_gmt":"2024-07-29T22:45:52","slug":"la-radio-des-ours-2024","status":"publish","type":"post","link":"https:\/\/lanuitdesours.lautre.net\/?p=3648","title":{"rendered":"La Radio des Ours"},"content":{"rendered":"\n<h2 class=\"wp-block-heading\">LA RADIO DES OURS, DU 4 AU 14 AO\u00dbT 2024<\/h2>\n\n\n\n<div style=\"height:50px\" aria-hidden=\"true\" class=\"wp-block-spacer\"><\/div>\n\n\n\n<div class=\"wp-block-columns are-vertically-aligned-center is-layout-flex wp-container-core-columns-is-layout-8f761849 wp-block-columns-is-layout-flex\">\n<div class=\"wp-block-column is-vertically-aligned-center is-layout-flow wp-block-column-is-layout-flow\">\n<h5 class=\"wp-block-heading\">Sur Globule Radio (90.5 FM \u00e0 Chamonix et sur le web), retrouvez du 4 au 14 ao\u00fbt :<\/h5>\n\n\n\n<ul class=\"wp-block-list\">\n<li><strong><mark style=\"background-color:rgba(0, 0, 0, 0)\" class=\"has-inline-color has-accent-1-color\"><a href=\"https:\/\/chk.me\/4ZdbuFm\">LES ARCHIVES DE LA RADIO DES OURS<\/a> <\/mark><\/strong><br><strong><mark style=\"background-color:rgba(0, 0, 0, 0)\" class=\"has-inline-color has-accent-1-color\">>> <\/mark><\/strong>\u00e0 6h15, 8h15, 10h15, 13h15, 16h15, 17h15, 18h15<\/li>\n\n\n\n<li><strong><mark style=\"background-color:rgba(0, 0, 0, 0)\" class=\"has-inline-color has-accent-1-color\">LE REPORTAGE DU JOUR <\/mark><\/strong><br><strong><mark style=\"background-color:rgba(0, 0, 0, 0)\" class=\"has-inline-color has-accent-1-color\">>> <\/mark><\/strong>\u00e0 7h15, 9h15, 12h15 et 19h15<\/li>\n<\/ul>\n<\/div>\n\n\n\n<div class=\"wp-block-column is-vertically-aligned-center is-layout-flow wp-block-column-is-layout-flow\"><div class=\"wp-block-image\">\n<figure class=\"aligncenter size-medium\"><img loading=\"lazy\" decoding=\"async\" width=\"300\" height=\"118\" src=\"https:\/\/nuit-des-ours.com\/wp-content\/uploads\/2022\/07\/SIGNATURE_RDO_couleurs_01-300x118.png\" alt=\"Logo Radio des Ours\" class=\"wp-image-1423\" srcset=\"https:\/\/lanuitdesours.lautre.net\/wp-content\/uploads\/2022\/07\/SIGNATURE_RDO_couleurs_01-300x118.png 300w, https:\/\/lanuitdesours.lautre.net\/wp-content\/uploads\/2022\/07\/SIGNATURE_RDO_couleurs_01-1024x403.png 1024w, https:\/\/lanuitdesours.lautre.net\/wp-content\/uploads\/2022\/07\/SIGNATURE_RDO_couleurs_01-768x302.png 768w, https:\/\/lanuitdesours.lautre.net\/wp-content\/uploads\/2022\/07\/SIGNATURE_RDO_couleurs_01-1536x605.png 1536w, https:\/\/lanuitdesours.lautre.net\/wp-content\/uploads\/2022\/07\/SIGNATURE_RDO_couleurs_01-2048x806.png 2048w, https:\/\/lanuitdesours.lautre.net\/wp-content\/uploads\/2022\/07\/SIGNATURE_RDO_couleurs_01-496x195.png 496w\" sizes=\"auto, (max-width: 300px) 100vw, 300px\" \/><\/figure>\n<\/div><\/div>\n<\/div>\n\n\n\n<div class=\"wp-block-columns is-layout-flex wp-container-core-columns-is-layout-8f761849 wp-block-columns-is-layout-flex\">\n<div class=\"wp-block-column is-layout-flow wp-block-column-is-layout-flow\">\n<p class=\"wp-block-paragraph\">A travers le <a href=\"https:\/\/nuit-des-ours.com\/2022\/la-radio-des-ours\/\"><strong>projet \u00ab RADIO DES OURS \u00bb<\/strong>,<\/a> LA NUIT DES OURS a permis \u00e0 Vallorcine de b\u00e9n\u00e9ficier depuis 2022, de son propre m\u00e9dia radio durant l\u2019\u00e9t\u00e9. Dans les faits, <strong><a href=\"https:\/\/globule.chamonix.radio\/\">Globule Radio<\/a><\/strong>, le m\u00e9dia de proximit\u00e9 de la Vall\u00e9e de Chamonix, accompagne le mouvement de LA NUIT DES OURS depuis son lancement en 2018. Au fil des ann\u00e9es, de tr\u00e8s nombreux acteurs de la vie locale ont d\u00e9fil\u00e9 au micro. R\u00e9sultat\u00a0: pr\u00e8s de 200 s\u00e9quences audio rassembl\u00e9es dans le podcast \u00ab\u00a0LA RADIO DES OURS\u00a0\u00bb.<\/p>\n\n\n\n<p class=\"wp-block-paragraph\">Cette ann\u00e9e les archives du podcast seront diffus\u00e9es pendant toute la dur\u00e9e du festival. L\u2019\u00e9quipe de Globule Radio sera aussi pr\u00e9sente \u00e0 Vallorcine sur tous les sites des animations de LA NUIT DES OURS, \u00e0 la rencontre de tous les artistes, intervenants, b\u00e9n\u00e9voles et techniciens qui font de cet \u00e9v\u00e9nement un rendez-vous unique de la Vall\u00e9e de Chamonix.<\/p>\n<\/div>\n\n\n\n<div class=\"wp-block-column is-vertically-aligned-center is-layout-flow wp-block-column-is-layout-flow\"><div class=\"wp-block-image\">\n<figure class=\"aligncenter size-medium\"><img loading=\"lazy\" decoding=\"async\" width=\"300\" height=\"200\" src=\"https:\/\/nuit-des-ours.com\/wp-content\/uploads\/2024\/07\/Kyo_NDO2023_35A5099C-052C-48FF-8027-6CC788A3605B-300x200.jpeg\" alt=\"rester vivant\" class=\"wp-image-2872\" srcset=\"https:\/\/lanuitdesours.lautre.net\/wp-content\/uploads\/2024\/07\/Kyo_NDO2023_35A5099C-052C-48FF-8027-6CC788A3605B-300x200.jpeg 300w, https:\/\/lanuitdesours.lautre.net\/wp-content\/uploads\/2024\/07\/Kyo_NDO2023_35A5099C-052C-48FF-8027-6CC788A3605B-1024x682.jpeg 1024w, https:\/\/lanuitdesours.lautre.net\/wp-content\/uploads\/2024\/07\/Kyo_NDO2023_35A5099C-052C-48FF-8027-6CC788A3605B-768x511.jpeg 768w, https:\/\/lanuitdesours.lautre.net\/wp-content\/uploads\/2024\/07\/Kyo_NDO2023_35A5099C-052C-48FF-8027-6CC788A3605B-1536x1022.jpeg 1536w, https:\/\/lanuitdesours.lautre.net\/wp-content\/uploads\/2024\/07\/Kyo_NDO2023_35A5099C-052C-48FF-8027-6CC788A3605B-2048x1363.jpeg 2048w, https:\/\/lanuitdesours.lautre.net\/wp-content\/uploads\/2024\/07\/Kyo_NDO2023_35A5099C-052C-48FF-8027-6CC788A3605B-451x300.jpeg 451w\" sizes=\"auto, (max-width: 300px) 100vw, 300px\" \/><\/figure>\n<\/div><\/div>\n<\/div>\n\n\n\n<h5 class=\"wp-block-heading\">Vous pouvez \u00e9galement retrouver tous les replays des \u00e9missions et chroniques ici :<\/h5>\n\n\n\n<p class=\"wp-block-paragraph\">(ainsi que sur toutes vos plateformes de podcast pr\u00e9f\u00e9r\u00e9es &#8211; Spotify, Apple podcast, etc.)\u00a0<\/p>\n\n\n\n<iframe loading=\"lazy\" style=\"margin: auto; min-width: 320px;\" src=\"https:\/\/podcasts.audiomeans.fr\/player-v2\/globule-radio-nuit-des-ours-2021-e85df92f28a6\/playlist\/last?mp=1&amp;download=0&amp;std=0&amp;vert=0&amp;playlist=0&amp;color=7d7d7d&amp;theme=dark\" allow=\"autoplay\" width=\"100%\" height=\"480px\" frameborder=\"0\"><\/iframe>\n\n\n\n<h5 class=\"wp-block-heading\">Sans oublier le podcast de RESTER VIVANT.E, \u00e0 \u00e9couter ici :<\/h5>\n\n\n<p><iframe loading=\"lazy\" style=\"margin: auto; min-width: 320px;\" src=\"https:\/\/player.audiomeans.fr\/player-v2\/globule-radio-rester-vivant-e-a136d6b461b4\/playlist\/last?mp=1&#038;leadin=1&#038;download=1&#038;std=0&#038;vert=0&#038;playlist=1&#038;color=7d7d7d&#038;theme=dark\" width=\"100%\" height=\"480px\" frameBorder=\"0\" allow=\"autoplay\"><\/iframe><\/p>\n","protected":false},"excerpt":{"rendered":"<p>DU 4 AU 14 AO\u00dbT 2024. L\u2019\u00e9quipe de Globule Radio sera pr\u00e9sente \u00e0 LA NUIT DES OURS. Retrouvez les archives de LA RADIO DES OURS et le reportage du jour sur Globule Radio.<\/p>\n","protected":false},"author":1,"featured_media":2527,"comment_status":"closed","ping_status":"closed","sticky":false,"template":"","format":"standard","meta":{"footnotes":""},"categories":[37],"tags":[61],"class_list":["post-3648","post","type-post","status-publish","format-standard","has-post-thumbnail","hentry","category-edition-2024","tag-radio-des-ours"],"yoast_head":"<!-- This site is optimized with the Yoast SEO plugin v28.3 - https:\/\/yoast.com\/product\/yoast-seo-wordpress\/ -->\n<title>La Radio des Ours - La Nuit des Ours Edition 2024<\/title>\n<meta name=\"description\" content=\"DU 4 AU 14 AO\u00dbT 2024. Retrouvez les archives de LA RADIO DES OURS et le reportage du jour sur Globule Radio.\" \/>\n<meta name=\"robots\" content=\"index, follow, max-snippet:-1, max-image-preview:large, max-video-preview:-1\" \/>\n<link rel=\"canonical\" href=\"https:\/\/lanuitdesours.lautre.net\/?p=3648\" \/>\n<meta property=\"og:locale\" content=\"fr_FR\" \/>\n<meta property=\"og:type\" content=\"article\" \/>\n<meta property=\"og:title\" content=\"La Radio des Ours - La Nuit des Ours Edition 2024\" \/>\n<meta property=\"og:description\" content=\"DU 4 AU 14 AO\u00dbT 2024. Retrouvez les archives de LA RADIO DES OURS et le reportage du jour sur Globule Radio.\" \/>\n<meta property=\"og:url\" content=\"https:\/\/lanuitdesours.lautre.net\/?p=3648\" \/>\n<meta property=\"og:site_name\" content=\"La Nuit des Ours\" \/>\n<meta property=\"article:publisher\" content=\"https:\/\/www.facebook.com\/lanuitdesours\/\" \/>\n<meta property=\"article:published_time\" content=\"2024-07-05T21:44:57+00:00\" \/>\n<meta property=\"article:modified_time\" content=\"2024-07-29T22:45:52+00:00\" \/>\n<meta property=\"og:image\" content=\"https:\/\/lanuitdesours.lautre.net\/wp-content\/uploads\/2023\/07\/Vieux-Emosson-2883.jpg\" \/>\n\t<meta property=\"og:image:width\" content=\"1920\" \/>\n\t<meta property=\"og:image:height\" content=\"1440\" \/>\n\t<meta property=\"og:image:type\" content=\"image\/jpeg\" \/>\n<meta name=\"author\" content=\"Cr\u00e9er c&#039;est R\u00e9sister\" \/>\n<meta name=\"twitter:card\" content=\"summary_large_image\" \/>\n<meta name=\"twitter:label1\" content=\"\u00c9crit par\" \/>\n\t<meta name=\"twitter:data1\" content=\"Cr\u00e9er c&#039;est R\u00e9sister\" \/>\n\t<meta name=\"twitter:label2\" content=\"Dur\u00e9e de lecture estim\u00e9e\" \/>\n\t<meta name=\"twitter:data2\" content=\"2 minutes\" \/>\n<script type=\"application\/ld+json\" class=\"yoast-schema-graph\">{\"@context\":\"https:\\\/\\\/schema.org\",\"@graph\":[{\"@type\":\"Article\",\"@id\":\"https:\\\/\\\/lanuitdesours.lautre.net\\\/?p=3648#article\",\"isPartOf\":{\"@id\":\"https:\\\/\\\/lanuitdesours.lautre.net\\\/?p=3648\"},\"author\":{\"name\":\"Cr\u00e9er c'est R\u00e9sister\",\"@id\":\"https:\\\/\\\/lanuitdesours.lautre.net\\\/#\\\/schema\\\/person\\\/1f4500f2f631d9916d6b39f1c0ba934c\"},\"headline\":\"La Radio des Ours\",\"datePublished\":\"2024-07-05T21:44:57+00:00\",\"dateModified\":\"2024-07-29T22:45:52+00:00\",\"mainEntityOfPage\":{\"@id\":\"https:\\\/\\\/lanuitdesours.lautre.net\\\/?p=3648\"},\"wordCount\":245,\"publisher\":{\"@id\":\"https:\\\/\\\/lanuitdesours.lautre.net\\\/#organization\"},\"image\":{\"@id\":\"https:\\\/\\\/lanuitdesours.lautre.net\\\/?p=3648#primaryimage\"},\"thumbnailUrl\":\"https:\\\/\\\/lanuitdesours.lautre.net\\\/wp-content\\\/uploads\\\/2023\\\/07\\\/Vieux-Emosson-2883.jpg\",\"keywords\":[\"RADIO DES OURS\"],\"articleSection\":[\"Edition 2024\"],\"inLanguage\":\"fr-FR\"},{\"@type\":\"WebPage\",\"@id\":\"https:\\\/\\\/lanuitdesours.lautre.net\\\/?p=3648\",\"url\":\"https:\\\/\\\/lanuitdesours.lautre.net\\\/?p=3648\",\"name\":\"La Radio des Ours - La Nuit des Ours Edition 2024\",\"isPartOf\":{\"@id\":\"https:\\\/\\\/lanuitdesours.lautre.net\\\/#website\"},\"primaryImageOfPage\":{\"@id\":\"https:\\\/\\\/lanuitdesours.lautre.net\\\/?p=3648#primaryimage\"},\"image\":{\"@id\":\"https:\\\/\\\/lanuitdesours.lautre.net\\\/?p=3648#primaryimage\"},\"thumbnailUrl\":\"https:\\\/\\\/lanuitdesours.lautre.net\\\/wp-content\\\/uploads\\\/2023\\\/07\\\/Vieux-Emosson-2883.jpg\",\"datePublished\":\"2024-07-05T21:44:57+00:00\",\"dateModified\":\"2024-07-29T22:45:52+00:00\",\"description\":\"DU 4 AU 14 AO\u00dbT 2024. Retrouvez les archives de LA RADIO DES OURS et le reportage du jour sur Globule Radio.\",\"breadcrumb\":{\"@id\":\"https:\\\/\\\/lanuitdesours.lautre.net\\\/?p=3648#breadcrumb\"},\"inLanguage\":\"fr-FR\",\"potentialAction\":[{\"@type\":\"ReadAction\",\"target\":[\"https:\\\/\\\/lanuitdesours.lautre.net\\\/?p=3648\"]}]},{\"@type\":\"ImageObject\",\"inLanguage\":\"fr-FR\",\"@id\":\"https:\\\/\\\/lanuitdesours.lautre.net\\\/?p=3648#primaryimage\",\"url\":\"https:\\\/\\\/lanuitdesours.lautre.net\\\/wp-content\\\/uploads\\\/2023\\\/07\\\/Vieux-Emosson-2883.jpg\",\"contentUrl\":\"https:\\\/\\\/lanuitdesours.lautre.net\\\/wp-content\\\/uploads\\\/2023\\\/07\\\/Vieux-Emosson-2883.jpg\",\"width\":1920,\"height\":1440,\"caption\":\"radio des ours\"},{\"@type\":\"BreadcrumbList\",\"@id\":\"https:\\\/\\\/lanuitdesours.lautre.net\\\/?p=3648#breadcrumb\",\"itemListElement\":[{\"@type\":\"ListItem\",\"position\":1,\"name\":\"Accueil\",\"item\":\"https:\\\/\\\/lanuitdesours.lautre.net\\\/\"},{\"@type\":\"ListItem\",\"position\":2,\"name\":\"La Radio des Ours\"}]},{\"@type\":\"WebSite\",\"@id\":\"https:\\\/\\\/lanuitdesours.lautre.net\\\/#website\",\"url\":\"https:\\\/\\\/lanuitdesours.lautre.net\\\/\",\"name\":\"La Nuit des Ours\",\"description\":\"CR\u00c9ER C&#039;EST R\u00c9SISTER | R\u00c9SISTER C&#039;EST CR\u00c9ER\",\"publisher\":{\"@id\":\"https:\\\/\\\/lanuitdesours.lautre.net\\\/#organization\"},\"potentialAction\":[{\"@type\":\"SearchAction\",\"target\":{\"@type\":\"EntryPoint\",\"urlTemplate\":\"https:\\\/\\\/lanuitdesours.lautre.net\\\/?s={search_term_string}\"},\"query-input\":{\"@type\":\"PropertyValueSpecification\",\"valueRequired\":true,\"valueName\":\"search_term_string\"}}],\"inLanguage\":\"fr-FR\"},{\"@type\":\"Organization\",\"@id\":\"https:\\\/\\\/lanuitdesours.lautre.net\\\/#organization\",\"name\":\"Association LA NUIT DES OURS\",\"url\":\"https:\\\/\\\/lanuitdesours.lautre.net\\\/\",\"logo\":{\"@type\":\"ImageObject\",\"inLanguage\":\"fr-FR\",\"@id\":\"https:\\\/\\\/lanuitdesours.lautre.net\\\/#\\\/schema\\\/logo\\\/image\\\/\",\"url\":\"https:\\\/\\\/nuit-des-ours.com\\\/wp-content\\\/uploads\\\/2022\\\/07\\\/cropped-NDO_logo-noir_jaune.jpg\",\"contentUrl\":\"https:\\\/\\\/nuit-des-ours.com\\\/wp-content\\\/uploads\\\/2022\\\/07\\\/cropped-NDO_logo-noir_jaune.jpg\",\"width\":512,\"height\":512,\"caption\":\"Association LA NUIT DES OURS\"},\"image\":{\"@id\":\"https:\\\/\\\/lanuitdesours.lautre.net\\\/#\\\/schema\\\/logo\\\/image\\\/\"},\"sameAs\":[\"https:\\\/\\\/www.facebook.com\\\/lanuitdesours\\\/\",\"https:\\\/\\\/www.instagram.com\\\/lanuitdesours\\\/\"]},{\"@type\":\"Person\",\"@id\":\"https:\\\/\\\/lanuitdesours.lautre.net\\\/#\\\/schema\\\/person\\\/1f4500f2f631d9916d6b39f1c0ba934c\",\"name\":\"Cr\u00e9er c'est R\u00e9sister\",\"image\":{\"@type\":\"ImageObject\",\"inLanguage\":\"fr-FR\",\"@id\":\"https:\\\/\\\/secure.gravatar.com\\\/avatar\\\/08f4e38908e105d843bc2bab0e7af2243257415b61b5fe99e955c21a5f61fc2b?s=96&d=mm&r=g\",\"url\":\"https:\\\/\\\/secure.gravatar.com\\\/avatar\\\/08f4e38908e105d843bc2bab0e7af2243257415b61b5fe99e955c21a5f61fc2b?s=96&d=mm&r=g\",\"contentUrl\":\"https:\\\/\\\/secure.gravatar.com\\\/avatar\\\/08f4e38908e105d843bc2bab0e7af2243257415b61b5fe99e955c21a5f61fc2b?s=96&d=mm&r=g\",\"caption\":\"Cr\u00e9er c'est R\u00e9sister\"},\"sameAs\":[\"http:\\\/\\\/www.lanuitdesours.lautre.net\"],\"url\":\"https:\\\/\\\/lanuitdesours.lautre.net\\\/?author=1\"}]}<\/script>\n<!-- \/ Yoast SEO plugin. -->","yoast_head_json":{"title":"La Radio des Ours - La Nuit des Ours Edition 2024","description":"DU 4 AU 14 AO\u00dbT 2024. Retrouvez les archives de LA RADIO DES OURS et le reportage du jour sur Globule Radio.","robots":{"index":"index","follow":"follow","max-snippet":"max-snippet:-1","max-image-preview":"max-image-preview:large","max-video-preview":"max-video-preview:-1"},"canonical":"https:\/\/lanuitdesours.lautre.net\/?p=3648","og_locale":"fr_FR","og_type":"article","og_title":"La Radio des Ours - La Nuit des Ours Edition 2024","og_description":"DU 4 AU 14 AO\u00dbT 2024. Retrouvez les archives de LA RADIO DES OURS et le reportage du jour sur Globule Radio.","og_url":"https:\/\/lanuitdesours.lautre.net\/?p=3648","og_site_name":"La Nuit des Ours","article_publisher":"https:\/\/www.facebook.com\/lanuitdesours\/","article_published_time":"2024-07-05T21:44:57+00:00","article_modified_time":"2024-07-29T22:45:52+00:00","og_image":[{"width":1920,"height":1440,"url":"https:\/\/lanuitdesours.lautre.net\/wp-content\/uploads\/2023\/07\/Vieux-Emosson-2883.jpg","type":"image\/jpeg"}],"author":"Cr\u00e9er c'est R\u00e9sister","twitter_card":"summary_large_image","twitter_misc":{"\u00c9crit par":"Cr\u00e9er c'est R\u00e9sister","Dur\u00e9e de lecture estim\u00e9e":"2 minutes"},"schema":{"@context":"https:\/\/schema.org","@graph":[{"@type":"Article","@id":"https:\/\/lanuitdesours.lautre.net\/?p=3648#article","isPartOf":{"@id":"https:\/\/lanuitdesours.lautre.net\/?p=3648"},"author":{"name":"Cr\u00e9er c'est R\u00e9sister","@id":"https:\/\/lanuitdesours.lautre.net\/#\/schema\/person\/1f4500f2f631d9916d6b39f1c0ba934c"},"headline":"La Radio des Ours","datePublished":"2024-07-05T21:44:57+00:00","dateModified":"2024-07-29T22:45:52+00:00","mainEntityOfPage":{"@id":"https:\/\/lanuitdesours.lautre.net\/?p=3648"},"wordCount":245,"publisher":{"@id":"https:\/\/lanuitdesours.lautre.net\/#organization"},"image":{"@id":"https:\/\/lanuitdesours.lautre.net\/?p=3648#primaryimage"},"thumbnailUrl":"https:\/\/lanuitdesours.lautre.net\/wp-content\/uploads\/2023\/07\/Vieux-Emosson-2883.jpg","keywords":["RADIO DES OURS"],"articleSection":["Edition 2024"],"inLanguage":"fr-FR"},{"@type":"WebPage","@id":"https:\/\/lanuitdesours.lautre.net\/?p=3648","url":"https:\/\/lanuitdesours.lautre.net\/?p=3648","name":"La Radio des Ours - La Nuit des Ours Edition 2024","isPartOf":{"@id":"https:\/\/lanuitdesours.lautre.net\/#website"},"primaryImageOfPage":{"@id":"https:\/\/lanuitdesours.lautre.net\/?p=3648#primaryimage"},"image":{"@id":"https:\/\/lanuitdesours.lautre.net\/?p=3648#primaryimage"},"thumbnailUrl":"https:\/\/lanuitdesours.lautre.net\/wp-content\/uploads\/2023\/07\/Vieux-Emosson-2883.jpg","datePublished":"2024-07-05T21:44:57+00:00","dateModified":"2024-07-29T22:45:52+00:00","description":"DU 4 AU 14 AO\u00dbT 2024. Retrouvez les archives de LA RADIO DES OURS et le reportage du jour sur Globule Radio.","breadcrumb":{"@id":"https:\/\/lanuitdesours.lautre.net\/?p=3648#breadcrumb"},"inLanguage":"fr-FR","potentialAction":[{"@type":"ReadAction","target":["https:\/\/lanuitdesours.lautre.net\/?p=3648"]}]},{"@type":"ImageObject","inLanguage":"fr-FR","@id":"https:\/\/lanuitdesours.lautre.net\/?p=3648#primaryimage","url":"https:\/\/lanuitdesours.lautre.net\/wp-content\/uploads\/2023\/07\/Vieux-Emosson-2883.jpg","contentUrl":"https:\/\/lanuitdesours.lautre.net\/wp-content\/uploads\/2023\/07\/Vieux-Emosson-2883.jpg","width":1920,"height":1440,"caption":"radio des ours"},{"@type":"BreadcrumbList","@id":"https:\/\/lanuitdesours.lautre.net\/?p=3648#breadcrumb","itemListElement":[{"@type":"ListItem","position":1,"name":"Accueil","item":"https:\/\/lanuitdesours.lautre.net\/"},{"@type":"ListItem","position":2,"name":"La Radio des Ours"}]},{"@type":"WebSite","@id":"https:\/\/lanuitdesours.lautre.net\/#website","url":"https:\/\/lanuitdesours.lautre.net\/","name":"La Nuit des Ours","description":"CR\u00c9ER C&#039;EST R\u00c9SISTER | R\u00c9SISTER C&#039;EST CR\u00c9ER","publisher":{"@id":"https:\/\/lanuitdesours.lautre.net\/#organization"},"potentialAction":[{"@type":"SearchAction","target":{"@type":"EntryPoint","urlTemplate":"https:\/\/lanuitdesours.lautre.net\/?s={search_term_string}"},"query-input":{"@type":"PropertyValueSpecification","valueRequired":true,"valueName":"search_term_string"}}],"inLanguage":"fr-FR"},{"@type":"Organization","@id":"https:\/\/lanuitdesours.lautre.net\/#organization","name":"Association LA NUIT DES OURS","url":"https:\/\/lanuitdesours.lautre.net\/","logo":{"@type":"ImageObject","inLanguage":"fr-FR","@id":"https:\/\/lanuitdesours.lautre.net\/#\/schema\/logo\/image\/","url":"https:\/\/nuit-des-ours.com\/wp-content\/uploads\/2022\/07\/cropped-NDO_logo-noir_jaune.jpg","contentUrl":"https:\/\/nuit-des-ours.com\/wp-content\/uploads\/2022\/07\/cropped-NDO_logo-noir_jaune.jpg","width":512,"height":512,"caption":"Association LA NUIT DES OURS"},"image":{"@id":"https:\/\/lanuitdesours.lautre.net\/#\/schema\/logo\/image\/"},"sameAs":["https:\/\/www.facebook.com\/lanuitdesours\/","https:\/\/www.instagram.com\/lanuitdesours\/"]},{"@type":"Person","@id":"https:\/\/lanuitdesours.lautre.net\/#\/schema\/person\/1f4500f2f631d9916d6b39f1c0ba934c","name":"Cr\u00e9er c'est R\u00e9sister","image":{"@type":"ImageObject","inLanguage":"fr-FR","@id":"https:\/\/secure.gravatar.com\/avatar\/08f4e38908e105d843bc2bab0e7af2243257415b61b5fe99e955c21a5f61fc2b?s=96&d=mm&r=g","url":"https:\/\/secure.gravatar.com\/avatar\/08f4e38908e105d843bc2bab0e7af2243257415b61b5fe99e955c21a5f61fc2b?s=96&d=mm&r=g","contentUrl":"https:\/\/secure.gravatar.com\/avatar\/08f4e38908e105d843bc2bab0e7af2243257415b61b5fe99e955c21a5f61fc2b?s=96&d=mm&r=g","caption":"Cr\u00e9er c'est R\u00e9sister"},"sameAs":["http:\/\/www.lanuitdesours.lautre.net"],"url":"https:\/\/lanuitdesours.lautre.net\/?author=1"}]}},"_links":{"self":[{"href":"https:\/\/lanuitdesours.lautre.net\/index.php?rest_route=\/wp\/v2\/posts\/3648","targetHints":{"allow":["GET"]}}],"collection":[{"href":"https:\/\/lanuitdesours.lautre.net\/index.php?rest_route=\/wp\/v2\/posts"}],"about":[{"href":"https:\/\/lanuitdesours.lautre.net\/index.php?rest_route=\/wp\/v2\/types\/post"}],"author":[{"embeddable":true,"href":"https:\/\/lanuitdesours.lautre.net\/index.php?rest_route=\/wp\/v2\/users\/1"}],"replies":[{"embeddable":true,"href":"https:\/\/lanuitdesours.lautre.net\/index.php?rest_route=%2Fwp%2Fv2%2Fcomments&post=3648"}],"version-history":[{"count":20,"href":"https:\/\/lanuitdesours.lautre.net\/index.php?rest_route=\/wp\/v2\/posts\/3648\/revisions"}],"predecessor-version":[{"id":3686,"href":"https:\/\/lanuitdesours.lautre.net\/index.php?rest_route=\/wp\/v2\/posts\/3648\/revisions\/3686"}],"wp:featuredmedia":[{"embeddable":true,"href":"https:\/\/lanuitdesours.lautre.net\/index.php?rest_route=\/wp\/v2\/media\/2527"}],"wp:attachment":[{"href":"https:\/\/lanuitdesours.lautre.net\/index.php?rest_route=%2Fwp%2Fv2%2Fmedia&parent=3648"}],"wp:term":[{"taxonomy":"category","embeddable":true,"href":"https:\/\/lanuitdesours.lautre.net\/index.php?rest_route=%2Fwp%2Fv2%2Fcategories&post=3648"},{"taxonomy":"post_tag","embeddable":true,"href":"https:\/\/lanuitdesours.lautre.net\/index.php?rest_route=%2Fwp%2Fv2%2Ftags&post=3648"}],"curies":[{"name":"wp","href":"https:\/\/api.w.org\/{rel}","templated":true}]}}