{"id":3611,"date":"2024-07-04T18:56:05","date_gmt":"2024-07-04T16:56:05","guid":{"rendered":"https:\/\/nuit-des-ours.com\/?p=3611"},"modified":"2024-07-30T14:59:31","modified_gmt":"2024-07-30T12:59:31","slug":"au-cinema","status":"publish","type":"post","link":"https:\/\/lanuitdesours.lautre.net\/?p=3611","title":{"rendered":"Au Cin\u00e9ma"},"content":{"rendered":"\n<h2 class=\"wp-block-heading\">PROGRAMMATION CINEMA, 5 7 8 &amp; 9 AO\u00dbT 2024<\/h2>\n\n\n\n<p class=\"wp-block-paragraph\"><strong>LA NUIT DES OURS<\/strong> propose une programmation engag\u00e9e accueillie par le <br><strong><a href=\"https:\/\/www.cinemavox-chamonix.com\/\">CIN\u00c9MA VOX<\/a> \u00e0 Chamonix<\/strong>, 22 cour du Bartavel, 74400 Chamonix.<\/p>\n\n\n\n<div class=\"wp-block-columns is-layout-flex wp-container-core-columns-is-layout-8f761849 wp-block-columns-is-layout-flex\">\n<div class=\"wp-block-column is-vertically-aligned-center is-layout-flow wp-block-column-is-layout-flow\">\n<h3 class=\"wp-block-heading\">LES FANT\u00d4MES<\/h3>\n\n\n\n<h6 class=\"wp-block-heading\">En pr\u00e9ambule de la NUIT DES OURS<br>5 AO\u00dbT &#8211; 20H30<\/h6>\n\n\n\n<p class=\"wp-block-paragraph\"><strong>2024 &#8211; 1h46<mark style=\"background-color:rgba(0, 0, 0, 0)\" class=\"has-inline-color has-accent-1-color\"><br>De Jonathan Millet<\/mark><\/strong><br>Hamid est membre d\u2019une organisation secr\u00e8te qui traque les criminels de guerre syriens cach\u00e9s en Europe. Sa qu\u00eate le m\u00e8ne \u00e0 Strasbourg sur la piste de son ancien bourreau.<br>Inspir\u00e9 de faits r\u00e9els.<\/p>\n\n\n\n<div class=\"wp-block-buttons is-layout-flex wp-block-buttons-is-layout-flex\">\n<div class=\"wp-block-button has-custom-font-size is-style-outline has-normal-font-size is-style-outline--1\"><a class=\"wp-block-button__link has-accent-2-color has-text-color has-link-color wp-element-button\" href=\"https:\/\/www.cinemavox-chamonix.com\/reserver\/F569552\/D1722882600\/VO\/271481\/\" style=\"border-radius:0px\">R\u00e9server<\/a><\/div>\n<\/div>\n<\/div>\n\n\n\n<div class=\"wp-block-column is-vertically-aligned-center is-layout-flow wp-block-column-is-layout-flow\"><div class=\"wp-block-image\">\n<figure class=\"aligncenter size-medium\"><img loading=\"lazy\" decoding=\"async\" width=\"221\" height=\"300\" src=\"https:\/\/nuit-des-ours.com\/wp-content\/uploads\/2024\/07\/film_les-fantomes-affiche-1-221x300.jpg\" alt=\"programmation cin\u00e9ma les fant\u00f4mes\" class=\"wp-image-3618\" srcset=\"https:\/\/lanuitdesours.lautre.net\/wp-content\/uploads\/2024\/07\/film_les-fantomes-affiche-1-221x300.jpg 221w, https:\/\/lanuitdesours.lautre.net\/wp-content\/uploads\/2024\/07\/film_les-fantomes-affiche-1.jpg 398w\" sizes=\"auto, (max-width: 221px) 100vw, 221px\" \/><\/figure>\n<\/div><\/div>\n<\/div>\n\n\n\n<div class=\"wp-block-columns is-layout-flex wp-container-core-columns-is-layout-8f761849 wp-block-columns-is-layout-flex\">\n<div class=\"wp-block-column is-vertically-aligned-center is-layout-flow wp-block-column-is-layout-flow\">\n<h2 class=\"wp-block-heading\">TEHACHAPI, The Yard<\/h2>\n\n\n\n<h6 class=\"wp-block-heading\">7 AO\u00dbT &#8211; 20H30<\/h6>\n\n\n\n<p class=\"wp-block-paragraph\"><strong>2024 &#8211; 1h32<\/strong><br><strong>VOSTF<mark style=\"background-color:rgba(0, 0, 0, 0)\" class=\"has-inline-color has-accent-1-color\"><br>De JR<\/mark><\/strong><br>En octobre 2019, JR obtient la permission d\u2019intervenir au sein d\u2019une prison de s\u00e9curit\u00e9 maximale situ\u00e9e dans la ville de Tehachapi, en Californie. Il s\u2019y rend une premi\u00e8re fois pour rencontrer 28 prisonniers, et leur pr\u00e9sente le projet qu\u2019il a en t\u00eate pour la cour de la prison. Tehachapi est l\u2019une des prisons les plus violentes des \u00c9tats-Unis. JR les photographie un par un, et leur demande de raconter leur histoire face cam\u00e9ra. Chacun a la libert\u00e9 d\u2019offrir le t\u00e9moignage qu\u2019il souhaite. JR photographie \u00e9galement d\u2019anciens prisonniers, ainsi que des membres du personnel de la prison. Au total, il rassemble les portraits et les histoires de 48 personnes, apportant autant de regards diff\u00e9rents sur l\u2019univers carc\u00e9ral. Deux semaines plus tard, JR et son \u00e9quipe reviennent coller 338 bandes de papier sur le sol de la cour de Tehachapi.<\/p>\n\n\n\n<div class=\"wp-block-buttons is-layout-flex wp-block-buttons-is-layout-flex\">\n<div class=\"wp-block-button has-custom-font-size is-style-outline has-normal-font-size is-style-outline--2\"><a class=\"wp-block-button__link has-accent-2-color has-text-color has-link-color wp-element-button\" href=\"https:\/\/www.cinemavox-chamonix.com\/reserver\/\" style=\"border-radius:0px\">R\u00e9server<\/a><\/div>\n<\/div>\n<\/div>\n\n\n\n<div class=\"wp-block-column is-vertically-aligned-center is-layout-flow wp-block-column-is-layout-flow\"><div class=\"wp-block-image\">\n<figure class=\"aligncenter size-medium\"><img loading=\"lazy\" decoding=\"async\" width=\"225\" height=\"300\" src=\"https:\/\/nuit-des-ours.com\/wp-content\/uploads\/2024\/07\/film_tehachapi-affiche-1-225x300.jpg\" alt=\"programmation cin\u00e9ma Tehachapi\" class=\"wp-image-3622\" srcset=\"https:\/\/lanuitdesours.lautre.net\/wp-content\/uploads\/2024\/07\/film_tehachapi-affiche-1-225x300.jpg 225w, https:\/\/lanuitdesours.lautre.net\/wp-content\/uploads\/2024\/07\/film_tehachapi-affiche-1-768x1024.jpg 768w, https:\/\/lanuitdesours.lautre.net\/wp-content\/uploads\/2024\/07\/film_tehachapi-affiche-1-1152x1536.jpg 1152w, https:\/\/lanuitdesours.lautre.net\/wp-content\/uploads\/2024\/07\/film_tehachapi-affiche-1-1536x2048.jpg 1536w, https:\/\/lanuitdesours.lautre.net\/wp-content\/uploads\/2024\/07\/film_tehachapi-affiche-1.jpg 1728w\" sizes=\"auto, (max-width: 225px) 100vw, 225px\" \/><\/figure>\n<\/div><\/div>\n<\/div>\n\n\n\n<div class=\"wp-block-columns is-layout-flex wp-container-core-columns-is-layout-8f761849 wp-block-columns-is-layout-flex\">\n<div class=\"wp-block-column is-vertically-aligned-center is-layout-flow wp-block-column-is-layout-flow\">\n<h3 class=\"wp-block-heading\">CHRONIQUE DE TEHERAN<\/h3>\n\n\n\n<h6 class=\"wp-block-heading\">8 AO\u00dbT &#8211; 20H30<\/h6>\n\n\n\n<p class=\"wp-block-paragraph\"><strong>2024 &#8211; 1h17 <\/strong><br><strong>VOSTF<mark style=\"background-color:rgba(0, 0, 0, 0)\" class=\"has-inline-color has-accent-1-color\"><br>De Ali Asgari et Alireza Khatami<\/mark><\/strong><br>Un homme d\u00e9clare la naissance de son fils. Une m\u00e8re habille sa fille pour la rentr\u00e9e. Une \u00e9l\u00e8ve est convoqu\u00e9e par la directrice. Une jeune femme conteste une contravention. Une jeune fille se pr\u00e9sente \u00e0 un entretien d\u2019embauche. Un jeune homme vient retirer son permis de conduire. Un homme au ch\u00f4mage r\u00e9pond \u00e0 une annonce. Un r\u00e9alisateur demande une autorisation de tournage. Une femme cherche \u00e0 retrouver son chien. Neuf visages de la vie quotidienne \u00e0 T\u00e9h\u00e9ran. Autant de chronique de la vie quotidienne \u00e0 T\u00e9h\u00e9ran. Un film extr\u00eamement contemporain dans son style.<\/p>\n\n\n\n<div class=\"wp-block-buttons is-layout-flex wp-block-buttons-is-layout-flex\">\n<div class=\"wp-block-button has-custom-font-size is-style-outline has-normal-font-size is-style-outline--3\"><a class=\"wp-block-button__link has-accent-2-color has-text-color has-link-color wp-element-button\" href=\"https:\/\/www.cinemavox-chamonix.com\/reserver\/\" style=\"border-radius:0px\">R\u00e9server<\/a><\/div>\n<\/div>\n<\/div>\n\n\n\n<div class=\"wp-block-column is-vertically-aligned-center is-layout-flow wp-block-column-is-layout-flow\"><div class=\"wp-block-image\">\n<figure class=\"aligncenter size-medium\"><img loading=\"lazy\" decoding=\"async\" width=\"220\" height=\"300\" src=\"https:\/\/nuit-des-ours.com\/wp-content\/uploads\/2024\/07\/film_chroniquesTeheran-affiche-1-220x300.jpg\" alt=\"programmation cin\u00e9ma chroniques de t\u00e9h\u00e9ran\" class=\"wp-image-3623\" srcset=\"https:\/\/lanuitdesours.lautre.net\/wp-content\/uploads\/2024\/07\/film_chroniquesTeheran-affiche-1-220x300.jpg 220w, https:\/\/lanuitdesours.lautre.net\/wp-content\/uploads\/2024\/07\/film_chroniquesTeheran-affiche-1.jpg 396w\" sizes=\"auto, (max-width: 220px) 100vw, 220px\" \/><\/figure>\n<\/div><\/div>\n<\/div>\n\n\n\n<div class=\"wp-block-columns are-vertically-aligned-center is-layout-flex wp-container-core-columns-is-layout-8f761849 wp-block-columns-is-layout-flex\">\n<div class=\"wp-block-column is-vertically-aligned-center is-layout-flow wp-block-column-is-layout-flow\">\n<h3 class=\"wp-block-heading\">LE CHAR ET L\u2019OLIVIER<br>une autre histoire de la Palestine<\/h3>\n\n\n\n<h6 class=\"wp-block-heading\">9 AO\u00dbT &#8211; 20H30<\/h6>\n\n\n\n<p class=\"wp-block-paragraph\"><strong>2019 &#8211; 1h40<mark style=\"background-color:rgba(0, 0, 0, 0)\" class=\"has-inline-color has-accent-1-color\"><br>De Roland Nurier<\/mark><\/strong><br>L\u2019histoire de la Palestine, de son origine \u00e0 aujourd\u2019hui, loin de ce que les m\u00e9dias appellent le conflit isra\u00e9lo-palestinien. Experts internationaux, historiens, diplomates des Nations unies, juristes en Droit International mais aussi, t\u00e9moignages de simples citoyens. Un \u00e9clairage primordial bas\u00e9 sur des \u00e9l\u00e9ments factuels incontestables, pour se d\u00e9barrasser des clich\u00e9s et id\u00e9es re\u00e7ues. <\/p>\n\n\n\n<div class=\"wp-block-buttons is-layout-flex wp-block-buttons-is-layout-flex\">\n<div class=\"wp-block-button has-custom-font-size is-style-outline has-normal-font-size is-style-outline--4\"><a class=\"wp-block-button__link has-accent-2-color has-text-color has-link-color wp-element-button\" href=\"https:\/\/www.cinemavox-chamonix.com\/reserver\/\" style=\"border-radius:0px\">R\u00e9server<\/a><\/div>\n<\/div>\n<\/div>\n\n\n\n<div class=\"wp-block-column is-vertically-aligned-center is-layout-flow wp-block-column-is-layout-flow\"><div class=\"wp-block-image\">\n<figure class=\"aligncenter size-medium\"><img loading=\"lazy\" decoding=\"async\" width=\"225\" height=\"300\" src=\"https:\/\/nuit-des-ours.com\/wp-content\/uploads\/2024\/07\/film_le-char-et-l-olivier-affiche-1-225x300.jpg\" alt=\"programmation cin\u00e9ma le char et l'olivier\" class=\"wp-image-3624\" srcset=\"https:\/\/lanuitdesours.lautre.net\/wp-content\/uploads\/2024\/07\/film_le-char-et-l-olivier-affiche-1-225x300.jpg 225w, https:\/\/lanuitdesours.lautre.net\/wp-content\/uploads\/2024\/07\/film_le-char-et-l-olivier-affiche-1.jpg 500w\" sizes=\"auto, (max-width: 225px) 100vw, 225px\" \/><\/figure>\n<\/div><\/div>\n<\/div>\n","protected":false},"excerpt":{"rendered":"<p>LES 5 7 8 et 9 AO\u00dbT 2024. LA NUIT DES OURS propose une programmation engag\u00e9e accueillie par le Cin\u00e9ma Vox \u00e0 Chamonix. <\/p>\n","protected":false},"author":1,"featured_media":3623,"comment_status":"closed","ping_status":"closed","sticky":false,"template":"","format":"standard","meta":{"footnotes":""},"categories":[37],"tags":[55],"class_list":["post-3611","post","type-post","status-publish","format-standard","has-post-thumbnail","hentry","category-edition-2024","tag-cinema"],"yoast_head":"<!-- This site is optimized with the Yoast SEO plugin v28.3 - https:\/\/yoast.com\/product\/yoast-seo-wordpress\/ -->\n<title>Au Cin\u00e9ma - La Nuit des Ours Edition 2024<\/title>\n<meta name=\"description\" content=\"LES 5 7 8 et 9 AO\u00dbT 2024. LA NUIT DES OURS propose une programmation engag\u00e9e accueillie par le Cin\u00e9ma Vox \u00e0 Chamonix.\" \/>\n<meta name=\"robots\" content=\"index, follow, max-snippet:-1, max-image-preview:large, max-video-preview:-1\" \/>\n<link rel=\"canonical\" href=\"https:\/\/lanuitdesours.lautre.net\/?p=3611\" \/>\n<meta property=\"og:locale\" content=\"fr_FR\" \/>\n<meta property=\"og:type\" content=\"article\" \/>\n<meta property=\"og:title\" content=\"Au Cin\u00e9ma - La Nuit des Ours Edition 2024\" \/>\n<meta property=\"og:description\" content=\"LES 5 7 8 et 9 AO\u00dbT 2024. LA NUIT DES OURS propose une programmation engag\u00e9e accueillie par le Cin\u00e9ma Vox \u00e0 Chamonix.\" \/>\n<meta property=\"og:url\" content=\"https:\/\/lanuitdesours.lautre.net\/?p=3611\" \/>\n<meta property=\"og:site_name\" content=\"La Nuit des Ours\" \/>\n<meta property=\"article:publisher\" content=\"https:\/\/www.facebook.com\/lanuitdesours\/\" \/>\n<meta property=\"article:published_time\" content=\"2024-07-04T16:56:05+00:00\" \/>\n<meta property=\"article:modified_time\" content=\"2024-07-30T12:59:31+00:00\" \/>\n<meta property=\"og:image\" content=\"https:\/\/lanuitdesours.lautre.net\/wp-content\/uploads\/2024\/07\/film_chroniquesTeheran-affiche-1.jpg\" \/>\n\t<meta property=\"og:image:width\" content=\"396\" \/>\n\t<meta property=\"og:image:height\" content=\"540\" \/>\n\t<meta property=\"og:image:type\" content=\"image\/jpeg\" \/>\n<meta name=\"author\" content=\"Cr\u00e9er c&#039;est R\u00e9sister\" \/>\n<meta name=\"twitter:card\" content=\"summary_large_image\" \/>\n<meta name=\"twitter:label1\" content=\"\u00c9crit par\" \/>\n\t<meta name=\"twitter:data1\" content=\"Cr\u00e9er c&#039;est R\u00e9sister\" \/>\n\t<meta name=\"twitter:label2\" content=\"Dur\u00e9e de lecture estim\u00e9e\" \/>\n\t<meta name=\"twitter:data2\" content=\"4 minutes\" \/>\n<script type=\"application\/ld+json\" class=\"yoast-schema-graph\">{\"@context\":\"https:\\\/\\\/schema.org\",\"@graph\":[{\"@type\":\"Article\",\"@id\":\"https:\\\/\\\/lanuitdesours.lautre.net\\\/?p=3611#article\",\"isPartOf\":{\"@id\":\"https:\\\/\\\/lanuitdesours.lautre.net\\\/?p=3611\"},\"author\":{\"name\":\"Cr\u00e9er c'est R\u00e9sister\",\"@id\":\"https:\\\/\\\/lanuitdesours.lautre.net\\\/#\\\/schema\\\/person\\\/1f4500f2f631d9916d6b39f1c0ba934c\"},\"headline\":\"Au Cin\u00e9ma\",\"datePublished\":\"2024-07-04T16:56:05+00:00\",\"dateModified\":\"2024-07-30T12:59:31+00:00\",\"mainEntityOfPage\":{\"@id\":\"https:\\\/\\\/lanuitdesours.lautre.net\\\/?p=3611\"},\"wordCount\":458,\"publisher\":{\"@id\":\"https:\\\/\\\/lanuitdesours.lautre.net\\\/#organization\"},\"image\":{\"@id\":\"https:\\\/\\\/lanuitdesours.lautre.net\\\/?p=3611#primaryimage\"},\"thumbnailUrl\":\"https:\\\/\\\/lanuitdesours.lautre.net\\\/wp-content\\\/uploads\\\/2024\\\/07\\\/film_chroniquesTeheran-affiche-1.jpg\",\"keywords\":[\"CINEMA\"],\"articleSection\":[\"Edition 2024\"],\"inLanguage\":\"fr-FR\"},{\"@type\":\"WebPage\",\"@id\":\"https:\\\/\\\/lanuitdesours.lautre.net\\\/?p=3611\",\"url\":\"https:\\\/\\\/lanuitdesours.lautre.net\\\/?p=3611\",\"name\":\"Au Cin\u00e9ma - La Nuit des Ours Edition 2024\",\"isPartOf\":{\"@id\":\"https:\\\/\\\/lanuitdesours.lautre.net\\\/#website\"},\"primaryImageOfPage\":{\"@id\":\"https:\\\/\\\/lanuitdesours.lautre.net\\\/?p=3611#primaryimage\"},\"image\":{\"@id\":\"https:\\\/\\\/lanuitdesours.lautre.net\\\/?p=3611#primaryimage\"},\"thumbnailUrl\":\"https:\\\/\\\/lanuitdesours.lautre.net\\\/wp-content\\\/uploads\\\/2024\\\/07\\\/film_chroniquesTeheran-affiche-1.jpg\",\"datePublished\":\"2024-07-04T16:56:05+00:00\",\"dateModified\":\"2024-07-30T12:59:31+00:00\",\"description\":\"LES 5 7 8 et 9 AO\u00dbT 2024. LA NUIT DES OURS propose une programmation engag\u00e9e accueillie par le Cin\u00e9ma Vox \u00e0 Chamonix.\",\"breadcrumb\":{\"@id\":\"https:\\\/\\\/lanuitdesours.lautre.net\\\/?p=3611#breadcrumb\"},\"inLanguage\":\"fr-FR\",\"potentialAction\":[{\"@type\":\"ReadAction\",\"target\":[\"https:\\\/\\\/lanuitdesours.lautre.net\\\/?p=3611\"]}]},{\"@type\":\"ImageObject\",\"inLanguage\":\"fr-FR\",\"@id\":\"https:\\\/\\\/lanuitdesours.lautre.net\\\/?p=3611#primaryimage\",\"url\":\"https:\\\/\\\/lanuitdesours.lautre.net\\\/wp-content\\\/uploads\\\/2024\\\/07\\\/film_chroniquesTeheran-affiche-1.jpg\",\"contentUrl\":\"https:\\\/\\\/lanuitdesours.lautre.net\\\/wp-content\\\/uploads\\\/2024\\\/07\\\/film_chroniquesTeheran-affiche-1.jpg\",\"width\":396,\"height\":540,\"caption\":\"programmation cin\u00e9ma chroniques t\u00e9h\u00e9ran\"},{\"@type\":\"BreadcrumbList\",\"@id\":\"https:\\\/\\\/lanuitdesours.lautre.net\\\/?p=3611#breadcrumb\",\"itemListElement\":[{\"@type\":\"ListItem\",\"position\":1,\"name\":\"Accueil\",\"item\":\"https:\\\/\\\/lanuitdesours.lautre.net\\\/\"},{\"@type\":\"ListItem\",\"position\":2,\"name\":\"Au Cin\u00e9ma\"}]},{\"@type\":\"WebSite\",\"@id\":\"https:\\\/\\\/lanuitdesours.lautre.net\\\/#website\",\"url\":\"https:\\\/\\\/lanuitdesours.lautre.net\\\/\",\"name\":\"La Nuit des Ours\",\"description\":\"CR\u00c9ER C&#039;EST R\u00c9SISTER | R\u00c9SISTER C&#039;EST CR\u00c9ER\",\"publisher\":{\"@id\":\"https:\\\/\\\/lanuitdesours.lautre.net\\\/#organization\"},\"potentialAction\":[{\"@type\":\"SearchAction\",\"target\":{\"@type\":\"EntryPoint\",\"urlTemplate\":\"https:\\\/\\\/lanuitdesours.lautre.net\\\/?s={search_term_string}\"},\"query-input\":{\"@type\":\"PropertyValueSpecification\",\"valueRequired\":true,\"valueName\":\"search_term_string\"}}],\"inLanguage\":\"fr-FR\"},{\"@type\":\"Organization\",\"@id\":\"https:\\\/\\\/lanuitdesours.lautre.net\\\/#organization\",\"name\":\"Association LA NUIT DES OURS\",\"url\":\"https:\\\/\\\/lanuitdesours.lautre.net\\\/\",\"logo\":{\"@type\":\"ImageObject\",\"inLanguage\":\"fr-FR\",\"@id\":\"https:\\\/\\\/lanuitdesours.lautre.net\\\/#\\\/schema\\\/logo\\\/image\\\/\",\"url\":\"https:\\\/\\\/nuit-des-ours.com\\\/wp-content\\\/uploads\\\/2022\\\/07\\\/cropped-NDO_logo-noir_jaune.jpg\",\"contentUrl\":\"https:\\\/\\\/nuit-des-ours.com\\\/wp-content\\\/uploads\\\/2022\\\/07\\\/cropped-NDO_logo-noir_jaune.jpg\",\"width\":512,\"height\":512,\"caption\":\"Association LA NUIT DES OURS\"},\"image\":{\"@id\":\"https:\\\/\\\/lanuitdesours.lautre.net\\\/#\\\/schema\\\/logo\\\/image\\\/\"},\"sameAs\":[\"https:\\\/\\\/www.facebook.com\\\/lanuitdesours\\\/\",\"https:\\\/\\\/www.instagram.com\\\/lanuitdesours\\\/\"]},{\"@type\":\"Person\",\"@id\":\"https:\\\/\\\/lanuitdesours.lautre.net\\\/#\\\/schema\\\/person\\\/1f4500f2f631d9916d6b39f1c0ba934c\",\"name\":\"Cr\u00e9er c'est R\u00e9sister\",\"image\":{\"@type\":\"ImageObject\",\"inLanguage\":\"fr-FR\",\"@id\":\"https:\\\/\\\/secure.gravatar.com\\\/avatar\\\/08f4e38908e105d843bc2bab0e7af2243257415b61b5fe99e955c21a5f61fc2b?s=96&d=mm&r=g\",\"url\":\"https:\\\/\\\/secure.gravatar.com\\\/avatar\\\/08f4e38908e105d843bc2bab0e7af2243257415b61b5fe99e955c21a5f61fc2b?s=96&d=mm&r=g\",\"contentUrl\":\"https:\\\/\\\/secure.gravatar.com\\\/avatar\\\/08f4e38908e105d843bc2bab0e7af2243257415b61b5fe99e955c21a5f61fc2b?s=96&d=mm&r=g\",\"caption\":\"Cr\u00e9er c'est R\u00e9sister\"},\"sameAs\":[\"http:\\\/\\\/www.lanuitdesours.lautre.net\"],\"url\":\"https:\\\/\\\/lanuitdesours.lautre.net\\\/?author=1\"}]}<\/script>\n<!-- \/ Yoast SEO plugin. -->","yoast_head_json":{"title":"Au Cin\u00e9ma - La Nuit des Ours Edition 2024","description":"LES 5 7 8 et 9 AO\u00dbT 2024. LA NUIT DES OURS propose une programmation engag\u00e9e accueillie par le Cin\u00e9ma Vox \u00e0 Chamonix.","robots":{"index":"index","follow":"follow","max-snippet":"max-snippet:-1","max-image-preview":"max-image-preview:large","max-video-preview":"max-video-preview:-1"},"canonical":"https:\/\/lanuitdesours.lautre.net\/?p=3611","og_locale":"fr_FR","og_type":"article","og_title":"Au Cin\u00e9ma - La Nuit des Ours Edition 2024","og_description":"LES 5 7 8 et 9 AO\u00dbT 2024. LA NUIT DES OURS propose une programmation engag\u00e9e accueillie par le Cin\u00e9ma Vox \u00e0 Chamonix.","og_url":"https:\/\/lanuitdesours.lautre.net\/?p=3611","og_site_name":"La Nuit des Ours","article_publisher":"https:\/\/www.facebook.com\/lanuitdesours\/","article_published_time":"2024-07-04T16:56:05+00:00","article_modified_time":"2024-07-30T12:59:31+00:00","og_image":[{"width":396,"height":540,"url":"https:\/\/lanuitdesours.lautre.net\/wp-content\/uploads\/2024\/07\/film_chroniquesTeheran-affiche-1.jpg","type":"image\/jpeg"}],"author":"Cr\u00e9er c'est R\u00e9sister","twitter_card":"summary_large_image","twitter_misc":{"\u00c9crit par":"Cr\u00e9er c'est R\u00e9sister","Dur\u00e9e de lecture estim\u00e9e":"4 minutes"},"schema":{"@context":"https:\/\/schema.org","@graph":[{"@type":"Article","@id":"https:\/\/lanuitdesours.lautre.net\/?p=3611#article","isPartOf":{"@id":"https:\/\/lanuitdesours.lautre.net\/?p=3611"},"author":{"name":"Cr\u00e9er c'est R\u00e9sister","@id":"https:\/\/lanuitdesours.lautre.net\/#\/schema\/person\/1f4500f2f631d9916d6b39f1c0ba934c"},"headline":"Au Cin\u00e9ma","datePublished":"2024-07-04T16:56:05+00:00","dateModified":"2024-07-30T12:59:31+00:00","mainEntityOfPage":{"@id":"https:\/\/lanuitdesours.lautre.net\/?p=3611"},"wordCount":458,"publisher":{"@id":"https:\/\/lanuitdesours.lautre.net\/#organization"},"image":{"@id":"https:\/\/lanuitdesours.lautre.net\/?p=3611#primaryimage"},"thumbnailUrl":"https:\/\/lanuitdesours.lautre.net\/wp-content\/uploads\/2024\/07\/film_chroniquesTeheran-affiche-1.jpg","keywords":["CINEMA"],"articleSection":["Edition 2024"],"inLanguage":"fr-FR"},{"@type":"WebPage","@id":"https:\/\/lanuitdesours.lautre.net\/?p=3611","url":"https:\/\/lanuitdesours.lautre.net\/?p=3611","name":"Au Cin\u00e9ma - La Nuit des Ours Edition 2024","isPartOf":{"@id":"https:\/\/lanuitdesours.lautre.net\/#website"},"primaryImageOfPage":{"@id":"https:\/\/lanuitdesours.lautre.net\/?p=3611#primaryimage"},"image":{"@id":"https:\/\/lanuitdesours.lautre.net\/?p=3611#primaryimage"},"thumbnailUrl":"https:\/\/lanuitdesours.lautre.net\/wp-content\/uploads\/2024\/07\/film_chroniquesTeheran-affiche-1.jpg","datePublished":"2024-07-04T16:56:05+00:00","dateModified":"2024-07-30T12:59:31+00:00","description":"LES 5 7 8 et 9 AO\u00dbT 2024. LA NUIT DES OURS propose une programmation engag\u00e9e accueillie par le Cin\u00e9ma Vox \u00e0 Chamonix.","breadcrumb":{"@id":"https:\/\/lanuitdesours.lautre.net\/?p=3611#breadcrumb"},"inLanguage":"fr-FR","potentialAction":[{"@type":"ReadAction","target":["https:\/\/lanuitdesours.lautre.net\/?p=3611"]}]},{"@type":"ImageObject","inLanguage":"fr-FR","@id":"https:\/\/lanuitdesours.lautre.net\/?p=3611#primaryimage","url":"https:\/\/lanuitdesours.lautre.net\/wp-content\/uploads\/2024\/07\/film_chroniquesTeheran-affiche-1.jpg","contentUrl":"https:\/\/lanuitdesours.lautre.net\/wp-content\/uploads\/2024\/07\/film_chroniquesTeheran-affiche-1.jpg","width":396,"height":540,"caption":"programmation cin\u00e9ma chroniques t\u00e9h\u00e9ran"},{"@type":"BreadcrumbList","@id":"https:\/\/lanuitdesours.lautre.net\/?p=3611#breadcrumb","itemListElement":[{"@type":"ListItem","position":1,"name":"Accueil","item":"https:\/\/lanuitdesours.lautre.net\/"},{"@type":"ListItem","position":2,"name":"Au Cin\u00e9ma"}]},{"@type":"WebSite","@id":"https:\/\/lanuitdesours.lautre.net\/#website","url":"https:\/\/lanuitdesours.lautre.net\/","name":"La Nuit des Ours","description":"CR\u00c9ER C&#039;EST R\u00c9SISTER | R\u00c9SISTER C&#039;EST CR\u00c9ER","publisher":{"@id":"https:\/\/lanuitdesours.lautre.net\/#organization"},"potentialAction":[{"@type":"SearchAction","target":{"@type":"EntryPoint","urlTemplate":"https:\/\/lanuitdesours.lautre.net\/?s={search_term_string}"},"query-input":{"@type":"PropertyValueSpecification","valueRequired":true,"valueName":"search_term_string"}}],"inLanguage":"fr-FR"},{"@type":"Organization","@id":"https:\/\/lanuitdesours.lautre.net\/#organization","name":"Association LA NUIT DES OURS","url":"https:\/\/lanuitdesours.lautre.net\/","logo":{"@type":"ImageObject","inLanguage":"fr-FR","@id":"https:\/\/lanuitdesours.lautre.net\/#\/schema\/logo\/image\/","url":"https:\/\/nuit-des-ours.com\/wp-content\/uploads\/2022\/07\/cropped-NDO_logo-noir_jaune.jpg","contentUrl":"https:\/\/nuit-des-ours.com\/wp-content\/uploads\/2022\/07\/cropped-NDO_logo-noir_jaune.jpg","width":512,"height":512,"caption":"Association LA NUIT DES OURS"},"image":{"@id":"https:\/\/lanuitdesours.lautre.net\/#\/schema\/logo\/image\/"},"sameAs":["https:\/\/www.facebook.com\/lanuitdesours\/","https:\/\/www.instagram.com\/lanuitdesours\/"]},{"@type":"Person","@id":"https:\/\/lanuitdesours.lautre.net\/#\/schema\/person\/1f4500f2f631d9916d6b39f1c0ba934c","name":"Cr\u00e9er c'est R\u00e9sister","image":{"@type":"ImageObject","inLanguage":"fr-FR","@id":"https:\/\/secure.gravatar.com\/avatar\/08f4e38908e105d843bc2bab0e7af2243257415b61b5fe99e955c21a5f61fc2b?s=96&d=mm&r=g","url":"https:\/\/secure.gravatar.com\/avatar\/08f4e38908e105d843bc2bab0e7af2243257415b61b5fe99e955c21a5f61fc2b?s=96&d=mm&r=g","contentUrl":"https:\/\/secure.gravatar.com\/avatar\/08f4e38908e105d843bc2bab0e7af2243257415b61b5fe99e955c21a5f61fc2b?s=96&d=mm&r=g","caption":"Cr\u00e9er c'est R\u00e9sister"},"sameAs":["http:\/\/www.lanuitdesours.lautre.net"],"url":"https:\/\/lanuitdesours.lautre.net\/?author=1"}]}},"_links":{"self":[{"href":"https:\/\/lanuitdesours.lautre.net\/index.php?rest_route=\/wp\/v2\/posts\/3611","targetHints":{"allow":["GET"]}}],"collection":[{"href":"https:\/\/lanuitdesours.lautre.net\/index.php?rest_route=\/wp\/v2\/posts"}],"about":[{"href":"https:\/\/lanuitdesours.lautre.net\/index.php?rest_route=\/wp\/v2\/types\/post"}],"author":[{"embeddable":true,"href":"https:\/\/lanuitdesours.lautre.net\/index.php?rest_route=\/wp\/v2\/users\/1"}],"replies":[{"embeddable":true,"href":"https:\/\/lanuitdesours.lautre.net\/index.php?rest_route=%2Fwp%2Fv2%2Fcomments&post=3611"}],"version-history":[{"count":18,"href":"https:\/\/lanuitdesours.lautre.net\/index.php?rest_route=\/wp\/v2\/posts\/3611\/revisions"}],"predecessor-version":[{"id":3644,"href":"https:\/\/lanuitdesours.lautre.net\/index.php?rest_route=\/wp\/v2\/posts\/3611\/revisions\/3644"}],"wp:featuredmedia":[{"embeddable":true,"href":"https:\/\/lanuitdesours.lautre.net\/index.php?rest_route=\/wp\/v2\/media\/3623"}],"wp:attachment":[{"href":"https:\/\/lanuitdesours.lautre.net\/index.php?rest_route=%2Fwp%2Fv2%2Fmedia&parent=3611"}],"wp:term":[{"taxonomy":"category","embeddable":true,"href":"https:\/\/lanuitdesours.lautre.net\/index.php?rest_route=%2Fwp%2Fv2%2Fcategories&post=3611"},{"taxonomy":"post_tag","embeddable":true,"href":"https:\/\/lanuitdesours.lautre.net\/index.php?rest_route=%2Fwp%2Fv2%2Ftags&post=3611"}],"curies":[{"name":"wp","href":"https:\/\/api.w.org\/{rel}","templated":true}]}}