{"id":3592,"date":"2024-07-05T17:18:54","date_gmt":"2024-07-05T15:18:54","guid":{"rendered":"https:\/\/nuit-des-ours.com\/?p=3592"},"modified":"2024-07-29T23:28:59","modified_gmt":"2024-07-29T21:28:59","slug":"rester-vivant-un-festival-vraiment-ecolo-cest-possible","status":"publish","type":"post","link":"https:\/\/lanuitdesours.lautre.net\/?p=3592","title":{"rendered":"RESTER VIVANT : Un festival (vraiment) \u00e9colo, c\u2019est possible ?"},"content":{"rendered":"\n<h2 class=\"wp-block-heading\">RESTER VIVANT : Un festival (vraiment) \u00e9colo, c\u2019est possible ?<br>8 AO\u00dbT 2024<\/h2>\n\n\n\n<h5 class=\"wp-block-heading\"><mark style=\"background-color:rgba(0, 0, 0, 0)\" class=\"has-inline-color has-accent-1-color\"><\/mark><\/h5>\n\n\n\n<div class=\"wp-block-columns is-layout-flex wp-container-core-columns-is-layout-8f761849 wp-block-columns-is-layout-flex\">\n<div class=\"wp-block-column is-vertically-aligned-center is-layout-flow wp-block-column-is-layout-flow\">\n<p class=\"wp-block-paragraph\"><strong><mark style=\"background-color:rgba(0, 0, 0, 0)\" class=\"has-inline-color has-accent-1-color\">RESTER VIVANT<\/mark><\/strong> est un espace-temps d\u2019\u00e9changes, de coop\u00e9ration et d\u2019exploration o\u00f9 l\u2019on s\u2019interroge sur notre rapport au monde.<\/p>\n\n\n\n<p class=\"wp-block-paragraph\">Alors que les glaciers de nos montagnes se retirent un peu plus chaque ann\u00e9e, la n\u00e9cessit\u00e9 d\u2019une r\u00e9elle transition \u00e9cologique se fait de plus en plus pressante. Cette question est aussi au c\u0153ur des pr\u00e9occupations des organisateurs et organisatrices de festivals que nous sommes.<\/p>\n<\/div>\n\n\n\n<div class=\"wp-block-column is-layout-flow wp-block-column-is-layout-flow\"><div class=\"wp-block-image\">\n<figure class=\"aligncenter size-large\"><img loading=\"lazy\" decoding=\"async\" width=\"1024\" height=\"684\" src=\"https:\/\/nuit-des-ours.com\/wp-content\/uploads\/2024\/07\/nuage-de-mots_9-e1722040584723-1024x684.jpg\" alt=\"rester vivant festival \u00e9colo\" class=\"wp-image-3075\" srcset=\"https:\/\/lanuitdesours.lautre.net\/wp-content\/uploads\/2024\/07\/nuage-de-mots_9-e1722040584723-1024x684.jpg 1024w, https:\/\/lanuitdesours.lautre.net\/wp-content\/uploads\/2024\/07\/nuage-de-mots_9-e1722040584723-300x200.jpg 300w, https:\/\/lanuitdesours.lautre.net\/wp-content\/uploads\/2024\/07\/nuage-de-mots_9-e1722040584723-768x513.jpg 768w, https:\/\/lanuitdesours.lautre.net\/wp-content\/uploads\/2024\/07\/nuage-de-mots_9-e1722040584723-449x300.jpg 449w, https:\/\/lanuitdesours.lautre.net\/wp-content\/uploads\/2024\/07\/nuage-de-mots_9-e1722040584723.jpg 1078w\" sizes=\"auto, (max-width: 1024px) 100vw, 1024px\" \/><\/figure>\n<\/div><\/div>\n<\/div>\n\n\n\n<p class=\"wp-block-paragraph\">C\u2019est pourquoi cette ann\u00e9e, RESTER VIVANT sera une discussion ouverte sur<\/p>\n\n\n\n<blockquote class=\"wp-block-quote is-layout-flow wp-block-quote-is-layout-flow\">\n<h5 class=\"wp-block-heading\">Comment concilier festival et \u00e9cologie ?<\/h5>\n<\/blockquote>\n\n\n\n<p class=\"wp-block-paragraph\">Nous aurons la possibilit\u00e9 d\u2019\u00e9changer sur les actions concr\u00e8tes que nous mettons en place. De voir \u00e0 quel niveau il est possible ou pas d\u2019agir, de parler des contraintes soci\u00e9tales. En pratique, les d\u00e9fis auxquels l\u2019organisation d\u2019un festival doit faire face sont multiples : la mobilit\u00e9, l\u2019offre de restauration, le respect du lieu d\u2019accueil, la production et gestion des d\u00e9chets, la consommation de substances, la d\u00e9pense \u00e9nerg\u00e9tique, le mat\u00e9riel technique, le choix des propositions artistiques, des partenaires et financeurs, la croissance de l\u2019\u00e9v\u00e8nement\u2026<\/p>\n\n\n\n<p class=\"wp-block-paragraph\">Comment r\u00e9aliser les objectifs d\u2019un festival tout en respectant les ressources vivantes (naturelles &amp; humaines) de son \u00e9cosyst\u00e8me ? Nous chercherons \u00e0 d\u00e9finir collectivement quelle est l\u2019essence d\u2019un festival. Puis nous tenterons d\u2019adapter nos visions et attentes pour qu\u2019elles soient compatibles avec ce qu\u2019exige r\u00e9ellement l\u2019\u00e9cologie.<\/p>\n\n\n\n<figure class=\"wp-block-image alignfull size-large\"><img loading=\"lazy\" decoding=\"async\" width=\"1481\" height=\"416\" src=\"https:\/\/nuit-des-ours.com\/wp-content\/uploads\/2024\/07\/Rester-vivant_J1-edited.jpg\" alt=\"\" class=\"wp-image-3596\" srcset=\"https:\/\/lanuitdesours.lautre.net\/wp-content\/uploads\/2024\/07\/Rester-vivant_J1-edited.jpg 1481w, https:\/\/lanuitdesours.lautre.net\/wp-content\/uploads\/2024\/07\/Rester-vivant_J1-edited-300x84.jpg 300w, https:\/\/lanuitdesours.lautre.net\/wp-content\/uploads\/2024\/07\/Rester-vivant_J1-edited-1024x288.jpg 1024w, https:\/\/lanuitdesours.lautre.net\/wp-content\/uploads\/2024\/07\/Rester-vivant_J1-edited-768x216.jpg 768w, https:\/\/lanuitdesours.lautre.net\/wp-content\/uploads\/2024\/07\/Rester-vivant_J1-edited-496x139.jpg 496w\" sizes=\"auto, (max-width: 1481px) 100vw, 1481px\" \/><\/figure>\n\n\n\n<h5 class=\"wp-block-heading\">Informations pratiques :<\/h5>\n\n\n\n<ul class=\"wp-block-list\">\n<li>A l\u2019attention des organisateurs et organisatrices d\u2019\u00e9v\u00e8nements culturels et sportifs<\/li>\n\n\n\n<li><strong>Sur invitation uniquement<\/strong><\/li>\n<\/ul>\n\n\n\n<h5 class=\"wp-block-heading\">Une initiative de La Nuit des Ours et les associations partenaires :<\/h5>\n\n\n\n<ul class=\"wp-block-list\">\n<li><strong><a href=\"http:\/\/boutchaboutch.com\/\">LE BOUTCH A BOUTCH<\/a><\/strong> est un mouvement d\u2019id\u00e9es et d\u2019initiatives \u00e9co-citoyennes pour la vall\u00e9e de Chamonix et son devenir, moteur de d\u00e9mocratie participative.<\/li>\n\n\n\n<li><strong><a href=\"https:\/\/lapetiteuniversite.net\/\">LA PETITE UNIVERTSIT\u00c9 DE CHAMONIX<\/a><\/strong> est une association d\u2019\u00e9ducation populaire dont le but est de rendre le savoir accessible et de cr\u00e9er du lien social dans un cadre interg\u00e9n\u00e9rationnel et intercommunautaire.<\/li>\n\n\n\n<li><a href=\"https:\/\/www.helloasso.com\/associations\/zouz-collective\"><strong>LE ZOUZ COLLECTIVE<\/strong> <\/a>est une association f\u00e9ministe cr\u00e9\u00e9e en 2022 dont l\u2019objectif est de promouvoir l\u2019\u00e9galit\u00e9 et le vivre ensemble dans la vall\u00e9e de Chamonix.<\/li>\n<\/ul>\n","protected":false},"excerpt":{"rendered":"<p>LE 8 AO\u00dbT 2024. Un espace-temps d\u2019\u00e9change, de coop\u00e9ration, et d\u2019exploration o\u00f9 l\u2019on s\u2019interroge sur notre rapport au monde. Comment concilier festival et \u00e9cologie ? Sur invitation. <\/p>\n","protected":false},"author":1,"featured_media":3075,"comment_status":"closed","ping_status":"closed","sticky":false,"template":"","format":"standard","meta":{"footnotes":""},"categories":[37],"tags":[49],"class_list":["post-3592","post","type-post","status-publish","format-standard","has-post-thumbnail","hentry","category-edition-2024","tag-rester-vivant"],"yoast_head":"<!-- This site is optimized with the Yoast SEO plugin v28.3 - https:\/\/yoast.com\/product\/yoast-seo-wordpress\/ -->\n<title>RESTER VIVANT festival et \u00e9cologie - La Nuit des Ours Edition 2024<\/title>\n<meta name=\"description\" content=\"8 AO\u00dbT 2024. RESTER VIVANT est un espace-temps d\u2019\u00e9change, de coop\u00e9ration, d\u2019exploration &amp; d&#039;interrogation sur notre rapport au monde.\" \/>\n<meta name=\"robots\" content=\"index, follow, max-snippet:-1, max-image-preview:large, max-video-preview:-1\" \/>\n<link rel=\"canonical\" href=\"https:\/\/lanuitdesours.lautre.net\/?p=3592\" \/>\n<meta property=\"og:locale\" content=\"fr_FR\" \/>\n<meta property=\"og:type\" content=\"article\" \/>\n<meta property=\"og:title\" content=\"RESTER VIVANT festival et \u00e9cologie - La Nuit des Ours Edition 2024\" \/>\n<meta property=\"og:description\" content=\"8 AO\u00dbT 2024. RESTER VIVANT est un espace-temps d\u2019\u00e9change, de coop\u00e9ration, d\u2019exploration &amp; d&#039;interrogation sur notre rapport au monde.\" \/>\n<meta property=\"og:url\" content=\"https:\/\/lanuitdesours.lautre.net\/?p=3592\" \/>\n<meta property=\"og:site_name\" content=\"La Nuit des Ours\" \/>\n<meta property=\"article:publisher\" content=\"https:\/\/www.facebook.com\/lanuitdesours\/\" \/>\n<meta property=\"article:published_time\" content=\"2024-07-05T15:18:54+00:00\" \/>\n<meta property=\"article:modified_time\" content=\"2024-07-29T21:28:59+00:00\" \/>\n<meta property=\"og:image\" content=\"https:\/\/lanuitdesours.lautre.net\/wp-content\/uploads\/2024\/07\/nuage-de-mots_9-e1722040584723.jpg\" \/>\n\t<meta property=\"og:image:width\" content=\"1078\" \/>\n\t<meta property=\"og:image:height\" content=\"720\" \/>\n\t<meta property=\"og:image:type\" content=\"image\/jpeg\" \/>\n<meta name=\"author\" content=\"Cr\u00e9er c&#039;est R\u00e9sister\" \/>\n<meta name=\"twitter:card\" content=\"summary_large_image\" \/>\n<meta name=\"twitter:label1\" content=\"\u00c9crit par\" \/>\n\t<meta name=\"twitter:data1\" content=\"Cr\u00e9er c&#039;est R\u00e9sister\" \/>\n\t<meta name=\"twitter:label2\" content=\"Dur\u00e9e de lecture estim\u00e9e\" \/>\n\t<meta name=\"twitter:data2\" content=\"3 minutes\" \/>\n<script type=\"application\/ld+json\" class=\"yoast-schema-graph\">{\"@context\":\"https:\\\/\\\/schema.org\",\"@graph\":[{\"@type\":\"Article\",\"@id\":\"https:\\\/\\\/lanuitdesours.lautre.net\\\/?p=3592#article\",\"isPartOf\":{\"@id\":\"https:\\\/\\\/lanuitdesours.lautre.net\\\/?p=3592\"},\"author\":{\"name\":\"Cr\u00e9er c'est R\u00e9sister\",\"@id\":\"https:\\\/\\\/lanuitdesours.lautre.net\\\/#\\\/schema\\\/person\\\/1f4500f2f631d9916d6b39f1c0ba934c\"},\"headline\":\"RESTER VIVANT : Un festival (vraiment) \u00e9colo, c\u2019est possible ?\",\"datePublished\":\"2024-07-05T15:18:54+00:00\",\"dateModified\":\"2024-07-29T21:28:59+00:00\",\"mainEntityOfPage\":{\"@id\":\"https:\\\/\\\/lanuitdesours.lautre.net\\\/?p=3592\"},\"wordCount\":383,\"publisher\":{\"@id\":\"https:\\\/\\\/lanuitdesours.lautre.net\\\/#organization\"},\"image\":{\"@id\":\"https:\\\/\\\/lanuitdesours.lautre.net\\\/?p=3592#primaryimage\"},\"thumbnailUrl\":\"https:\\\/\\\/lanuitdesours.lautre.net\\\/wp-content\\\/uploads\\\/2024\\\/07\\\/nuage-de-mots_9-e1722040584723.jpg\",\"keywords\":[\"RESTER VIVANT\"],\"articleSection\":[\"Edition 2024\"],\"inLanguage\":\"fr-FR\"},{\"@type\":\"WebPage\",\"@id\":\"https:\\\/\\\/lanuitdesours.lautre.net\\\/?p=3592\",\"url\":\"https:\\\/\\\/lanuitdesours.lautre.net\\\/?p=3592\",\"name\":\"RESTER VIVANT festival et \u00e9cologie - La Nuit des Ours Edition 2024\",\"isPartOf\":{\"@id\":\"https:\\\/\\\/lanuitdesours.lautre.net\\\/#website\"},\"primaryImageOfPage\":{\"@id\":\"https:\\\/\\\/lanuitdesours.lautre.net\\\/?p=3592#primaryimage\"},\"image\":{\"@id\":\"https:\\\/\\\/lanuitdesours.lautre.net\\\/?p=3592#primaryimage\"},\"thumbnailUrl\":\"https:\\\/\\\/lanuitdesours.lautre.net\\\/wp-content\\\/uploads\\\/2024\\\/07\\\/nuage-de-mots_9-e1722040584723.jpg\",\"datePublished\":\"2024-07-05T15:18:54+00:00\",\"dateModified\":\"2024-07-29T21:28:59+00:00\",\"description\":\"8 AO\u00dbT 2024. RESTER VIVANT est un espace-temps d\u2019\u00e9change, de coop\u00e9ration, d\u2019exploration & d'interrogation sur notre rapport au monde.\",\"breadcrumb\":{\"@id\":\"https:\\\/\\\/lanuitdesours.lautre.net\\\/?p=3592#breadcrumb\"},\"inLanguage\":\"fr-FR\",\"potentialAction\":[{\"@type\":\"ReadAction\",\"target\":[\"https:\\\/\\\/lanuitdesours.lautre.net\\\/?p=3592\"]}]},{\"@type\":\"ImageObject\",\"inLanguage\":\"fr-FR\",\"@id\":\"https:\\\/\\\/lanuitdesours.lautre.net\\\/?p=3592#primaryimage\",\"url\":\"https:\\\/\\\/lanuitdesours.lautre.net\\\/wp-content\\\/uploads\\\/2024\\\/07\\\/nuage-de-mots_9-e1722040584723.jpg\",\"contentUrl\":\"https:\\\/\\\/lanuitdesours.lautre.net\\\/wp-content\\\/uploads\\\/2024\\\/07\\\/nuage-de-mots_9-e1722040584723.jpg\",\"width\":1078,\"height\":720,\"caption\":\"rester vivant festival \u00e9colo\"},{\"@type\":\"BreadcrumbList\",\"@id\":\"https:\\\/\\\/lanuitdesours.lautre.net\\\/?p=3592#breadcrumb\",\"itemListElement\":[{\"@type\":\"ListItem\",\"position\":1,\"name\":\"Accueil\",\"item\":\"https:\\\/\\\/lanuitdesours.lautre.net\\\/\"},{\"@type\":\"ListItem\",\"position\":2,\"name\":\"RESTER VIVANT : Un festival (vraiment) \u00e9colo, c\u2019est possible ?\"}]},{\"@type\":\"WebSite\",\"@id\":\"https:\\\/\\\/lanuitdesours.lautre.net\\\/#website\",\"url\":\"https:\\\/\\\/lanuitdesours.lautre.net\\\/\",\"name\":\"La Nuit des Ours\",\"description\":\"CR\u00c9ER C&#039;EST R\u00c9SISTER | R\u00c9SISTER C&#039;EST CR\u00c9ER\",\"publisher\":{\"@id\":\"https:\\\/\\\/lanuitdesours.lautre.net\\\/#organization\"},\"potentialAction\":[{\"@type\":\"SearchAction\",\"target\":{\"@type\":\"EntryPoint\",\"urlTemplate\":\"https:\\\/\\\/lanuitdesours.lautre.net\\\/?s={search_term_string}\"},\"query-input\":{\"@type\":\"PropertyValueSpecification\",\"valueRequired\":true,\"valueName\":\"search_term_string\"}}],\"inLanguage\":\"fr-FR\"},{\"@type\":\"Organization\",\"@id\":\"https:\\\/\\\/lanuitdesours.lautre.net\\\/#organization\",\"name\":\"Association LA NUIT DES OURS\",\"url\":\"https:\\\/\\\/lanuitdesours.lautre.net\\\/\",\"logo\":{\"@type\":\"ImageObject\",\"inLanguage\":\"fr-FR\",\"@id\":\"https:\\\/\\\/lanuitdesours.lautre.net\\\/#\\\/schema\\\/logo\\\/image\\\/\",\"url\":\"https:\\\/\\\/nuit-des-ours.com\\\/wp-content\\\/uploads\\\/2022\\\/07\\\/cropped-NDO_logo-noir_jaune.jpg\",\"contentUrl\":\"https:\\\/\\\/nuit-des-ours.com\\\/wp-content\\\/uploads\\\/2022\\\/07\\\/cropped-NDO_logo-noir_jaune.jpg\",\"width\":512,\"height\":512,\"caption\":\"Association LA NUIT DES OURS\"},\"image\":{\"@id\":\"https:\\\/\\\/lanuitdesours.lautre.net\\\/#\\\/schema\\\/logo\\\/image\\\/\"},\"sameAs\":[\"https:\\\/\\\/www.facebook.com\\\/lanuitdesours\\\/\",\"https:\\\/\\\/www.instagram.com\\\/lanuitdesours\\\/\"]},{\"@type\":\"Person\",\"@id\":\"https:\\\/\\\/lanuitdesours.lautre.net\\\/#\\\/schema\\\/person\\\/1f4500f2f631d9916d6b39f1c0ba934c\",\"name\":\"Cr\u00e9er c'est R\u00e9sister\",\"image\":{\"@type\":\"ImageObject\",\"inLanguage\":\"fr-FR\",\"@id\":\"https:\\\/\\\/secure.gravatar.com\\\/avatar\\\/08f4e38908e105d843bc2bab0e7af2243257415b61b5fe99e955c21a5f61fc2b?s=96&d=mm&r=g\",\"url\":\"https:\\\/\\\/secure.gravatar.com\\\/avatar\\\/08f4e38908e105d843bc2bab0e7af2243257415b61b5fe99e955c21a5f61fc2b?s=96&d=mm&r=g\",\"contentUrl\":\"https:\\\/\\\/secure.gravatar.com\\\/avatar\\\/08f4e38908e105d843bc2bab0e7af2243257415b61b5fe99e955c21a5f61fc2b?s=96&d=mm&r=g\",\"caption\":\"Cr\u00e9er c'est R\u00e9sister\"},\"sameAs\":[\"http:\\\/\\\/www.lanuitdesours.lautre.net\"],\"url\":\"https:\\\/\\\/lanuitdesours.lautre.net\\\/?author=1\"}]}<\/script>\n<!-- \/ Yoast SEO plugin. -->","yoast_head_json":{"title":"RESTER VIVANT festival et \u00e9cologie - La Nuit des Ours Edition 2024","description":"8 AO\u00dbT 2024. RESTER VIVANT est un espace-temps d\u2019\u00e9change, de coop\u00e9ration, d\u2019exploration & d'interrogation sur notre rapport au monde.","robots":{"index":"index","follow":"follow","max-snippet":"max-snippet:-1","max-image-preview":"max-image-preview:large","max-video-preview":"max-video-preview:-1"},"canonical":"https:\/\/lanuitdesours.lautre.net\/?p=3592","og_locale":"fr_FR","og_type":"article","og_title":"RESTER VIVANT festival et \u00e9cologie - La Nuit des Ours Edition 2024","og_description":"8 AO\u00dbT 2024. RESTER VIVANT est un espace-temps d\u2019\u00e9change, de coop\u00e9ration, d\u2019exploration & d'interrogation sur notre rapport au monde.","og_url":"https:\/\/lanuitdesours.lautre.net\/?p=3592","og_site_name":"La Nuit des Ours","article_publisher":"https:\/\/www.facebook.com\/lanuitdesours\/","article_published_time":"2024-07-05T15:18:54+00:00","article_modified_time":"2024-07-29T21:28:59+00:00","og_image":[{"width":1078,"height":720,"url":"https:\/\/lanuitdesours.lautre.net\/wp-content\/uploads\/2024\/07\/nuage-de-mots_9-e1722040584723.jpg","type":"image\/jpeg"}],"author":"Cr\u00e9er c'est R\u00e9sister","twitter_card":"summary_large_image","twitter_misc":{"\u00c9crit par":"Cr\u00e9er c'est R\u00e9sister","Dur\u00e9e de lecture estim\u00e9e":"3 minutes"},"schema":{"@context":"https:\/\/schema.org","@graph":[{"@type":"Article","@id":"https:\/\/lanuitdesours.lautre.net\/?p=3592#article","isPartOf":{"@id":"https:\/\/lanuitdesours.lautre.net\/?p=3592"},"author":{"name":"Cr\u00e9er c'est R\u00e9sister","@id":"https:\/\/lanuitdesours.lautre.net\/#\/schema\/person\/1f4500f2f631d9916d6b39f1c0ba934c"},"headline":"RESTER VIVANT : Un festival (vraiment) \u00e9colo, c\u2019est possible ?","datePublished":"2024-07-05T15:18:54+00:00","dateModified":"2024-07-29T21:28:59+00:00","mainEntityOfPage":{"@id":"https:\/\/lanuitdesours.lautre.net\/?p=3592"},"wordCount":383,"publisher":{"@id":"https:\/\/lanuitdesours.lautre.net\/#organization"},"image":{"@id":"https:\/\/lanuitdesours.lautre.net\/?p=3592#primaryimage"},"thumbnailUrl":"https:\/\/lanuitdesours.lautre.net\/wp-content\/uploads\/2024\/07\/nuage-de-mots_9-e1722040584723.jpg","keywords":["RESTER VIVANT"],"articleSection":["Edition 2024"],"inLanguage":"fr-FR"},{"@type":"WebPage","@id":"https:\/\/lanuitdesours.lautre.net\/?p=3592","url":"https:\/\/lanuitdesours.lautre.net\/?p=3592","name":"RESTER VIVANT festival et \u00e9cologie - La Nuit des Ours Edition 2024","isPartOf":{"@id":"https:\/\/lanuitdesours.lautre.net\/#website"},"primaryImageOfPage":{"@id":"https:\/\/lanuitdesours.lautre.net\/?p=3592#primaryimage"},"image":{"@id":"https:\/\/lanuitdesours.lautre.net\/?p=3592#primaryimage"},"thumbnailUrl":"https:\/\/lanuitdesours.lautre.net\/wp-content\/uploads\/2024\/07\/nuage-de-mots_9-e1722040584723.jpg","datePublished":"2024-07-05T15:18:54+00:00","dateModified":"2024-07-29T21:28:59+00:00","description":"8 AO\u00dbT 2024. RESTER VIVANT est un espace-temps d\u2019\u00e9change, de coop\u00e9ration, d\u2019exploration & d'interrogation sur notre rapport au monde.","breadcrumb":{"@id":"https:\/\/lanuitdesours.lautre.net\/?p=3592#breadcrumb"},"inLanguage":"fr-FR","potentialAction":[{"@type":"ReadAction","target":["https:\/\/lanuitdesours.lautre.net\/?p=3592"]}]},{"@type":"ImageObject","inLanguage":"fr-FR","@id":"https:\/\/lanuitdesours.lautre.net\/?p=3592#primaryimage","url":"https:\/\/lanuitdesours.lautre.net\/wp-content\/uploads\/2024\/07\/nuage-de-mots_9-e1722040584723.jpg","contentUrl":"https:\/\/lanuitdesours.lautre.net\/wp-content\/uploads\/2024\/07\/nuage-de-mots_9-e1722040584723.jpg","width":1078,"height":720,"caption":"rester vivant festival \u00e9colo"},{"@type":"BreadcrumbList","@id":"https:\/\/lanuitdesours.lautre.net\/?p=3592#breadcrumb","itemListElement":[{"@type":"ListItem","position":1,"name":"Accueil","item":"https:\/\/lanuitdesours.lautre.net\/"},{"@type":"ListItem","position":2,"name":"RESTER VIVANT : Un festival (vraiment) \u00e9colo, c\u2019est possible ?"}]},{"@type":"WebSite","@id":"https:\/\/lanuitdesours.lautre.net\/#website","url":"https:\/\/lanuitdesours.lautre.net\/","name":"La Nuit des Ours","description":"CR\u00c9ER C&#039;EST R\u00c9SISTER | R\u00c9SISTER C&#039;EST CR\u00c9ER","publisher":{"@id":"https:\/\/lanuitdesours.lautre.net\/#organization"},"potentialAction":[{"@type":"SearchAction","target":{"@type":"EntryPoint","urlTemplate":"https:\/\/lanuitdesours.lautre.net\/?s={search_term_string}"},"query-input":{"@type":"PropertyValueSpecification","valueRequired":true,"valueName":"search_term_string"}}],"inLanguage":"fr-FR"},{"@type":"Organization","@id":"https:\/\/lanuitdesours.lautre.net\/#organization","name":"Association LA NUIT DES OURS","url":"https:\/\/lanuitdesours.lautre.net\/","logo":{"@type":"ImageObject","inLanguage":"fr-FR","@id":"https:\/\/lanuitdesours.lautre.net\/#\/schema\/logo\/image\/","url":"https:\/\/nuit-des-ours.com\/wp-content\/uploads\/2022\/07\/cropped-NDO_logo-noir_jaune.jpg","contentUrl":"https:\/\/nuit-des-ours.com\/wp-content\/uploads\/2022\/07\/cropped-NDO_logo-noir_jaune.jpg","width":512,"height":512,"caption":"Association LA NUIT DES OURS"},"image":{"@id":"https:\/\/lanuitdesours.lautre.net\/#\/schema\/logo\/image\/"},"sameAs":["https:\/\/www.facebook.com\/lanuitdesours\/","https:\/\/www.instagram.com\/lanuitdesours\/"]},{"@type":"Person","@id":"https:\/\/lanuitdesours.lautre.net\/#\/schema\/person\/1f4500f2f631d9916d6b39f1c0ba934c","name":"Cr\u00e9er c'est R\u00e9sister","image":{"@type":"ImageObject","inLanguage":"fr-FR","@id":"https:\/\/secure.gravatar.com\/avatar\/08f4e38908e105d843bc2bab0e7af2243257415b61b5fe99e955c21a5f61fc2b?s=96&d=mm&r=g","url":"https:\/\/secure.gravatar.com\/avatar\/08f4e38908e105d843bc2bab0e7af2243257415b61b5fe99e955c21a5f61fc2b?s=96&d=mm&r=g","contentUrl":"https:\/\/secure.gravatar.com\/avatar\/08f4e38908e105d843bc2bab0e7af2243257415b61b5fe99e955c21a5f61fc2b?s=96&d=mm&r=g","caption":"Cr\u00e9er c'est R\u00e9sister"},"sameAs":["http:\/\/www.lanuitdesours.lautre.net"],"url":"https:\/\/lanuitdesours.lautre.net\/?author=1"}]}},"_links":{"self":[{"href":"https:\/\/lanuitdesours.lautre.net\/index.php?rest_route=\/wp\/v2\/posts\/3592","targetHints":{"allow":["GET"]}}],"collection":[{"href":"https:\/\/lanuitdesours.lautre.net\/index.php?rest_route=\/wp\/v2\/posts"}],"about":[{"href":"https:\/\/lanuitdesours.lautre.net\/index.php?rest_route=\/wp\/v2\/types\/post"}],"author":[{"embeddable":true,"href":"https:\/\/lanuitdesours.lautre.net\/index.php?rest_route=\/wp\/v2\/users\/1"}],"replies":[{"embeddable":true,"href":"https:\/\/lanuitdesours.lautre.net\/index.php?rest_route=%2Fwp%2Fv2%2Fcomments&post=3592"}],"version-history":[{"count":7,"href":"https:\/\/lanuitdesours.lautre.net\/index.php?rest_route=\/wp\/v2\/posts\/3592\/revisions"}],"predecessor-version":[{"id":3645,"href":"https:\/\/lanuitdesours.lautre.net\/index.php?rest_route=\/wp\/v2\/posts\/3592\/revisions\/3645"}],"wp:featuredmedia":[{"embeddable":true,"href":"https:\/\/lanuitdesours.lautre.net\/index.php?rest_route=\/wp\/v2\/media\/3075"}],"wp:attachment":[{"href":"https:\/\/lanuitdesours.lautre.net\/index.php?rest_route=%2Fwp%2Fv2%2Fmedia&parent=3592"}],"wp:term":[{"taxonomy":"category","embeddable":true,"href":"https:\/\/lanuitdesours.lautre.net\/index.php?rest_route=%2Fwp%2Fv2%2Fcategories&post=3592"},{"taxonomy":"post_tag","embeddable":true,"href":"https:\/\/lanuitdesours.lautre.net\/index.php?rest_route=%2Fwp%2Fv2%2Ftags&post=3592"}],"curies":[{"name":"wp","href":"https:\/\/api.w.org\/{rel}","templated":true}]}}