{"id":3582,"date":"2024-07-06T09:38:32","date_gmt":"2024-07-06T07:38:32","guid":{"rendered":"https:\/\/nuit-des-ours.com\/?p=3582"},"modified":"2024-07-30T14:57:35","modified_gmt":"2024-07-30T12:57:35","slug":"ateliers","status":"publish","type":"post","link":"https:\/\/lanuitdesours.lautre.net\/?p=3582","title":{"rendered":"Ateliers"},"content":{"rendered":"\n<h2 class=\"wp-block-heading\">LES ATELIERS, DU 7 AU 11 AO\u00dbT 2024<\/h2>\n\n\n\n<p class=\"wp-block-paragraph\">LES ATELIERS compl\u00e8tent la programmation de LA NUIT DES OURS en offrant \u00e0 chacun-e la possibilit\u00e9 de d\u00e9couvrir de nouvelles pratiques artistiques ou culturelles. Cette ann\u00e9e nous vous proposons 11 ateliers, \u00e0 pratiquer autant que possible en famille. <\/p>\n\n\n\n<h5 class=\"wp-block-heading\">Informations pratiques :<\/h5>\n\n\n\n<ul class=\"wp-block-list\">\n<li>5\u20ac par personne (tarif unique enfant\/adulte)<\/li>\n\n\n\n<li>Inscription obligatoire <a href=\"https:\/\/www.helloasso.com\/associations\/la-nuit-des-ours\/evenements\/ateliers-du-7-au-11-aout-edition-2024-1\">sur HelloAsso<\/a> car jauges limit\u00e9es<\/li>\n\n\n\n<li>Attention au lieu de RDV qui diff\u00e8re selon les ateliers<\/li>\n\n\n\n<li>Arriver 15mn avant l&rsquo;heure de d\u00e9but<\/li>\n\n\n\n<li>S&rsquo;habiller confortablement, en fonction de l&rsquo;activit\u00e9 et de l&rsquo;heure<\/li>\n<\/ul>\n\n\n\n<div class=\"wp-block-buttons is-layout-flex wp-block-buttons-is-layout-flex\">\n<div class=\"wp-block-button is-style-fill\"><a class=\"wp-block-button__link has-accent-2-background-color has-background wp-element-button\" href=\"https:\/\/www.helloasso.com\/associations\/la-nuit-des-ours\/evenements\/ateliers-du-7-au-11-aout-edition-2024-1\" style=\"border-radius:0px\">S&rsquo;inscrire<\/a><\/div>\n<\/div>\n\n\n\n<div class=\"wp-block-columns is-layout-flex wp-container-core-columns-is-layout-8f761849 wp-block-columns-is-layout-flex\">\n<div class=\"wp-block-column is-vertically-aligned-center is-layout-flow wp-block-column-is-layout-flow\">\n<h3 class=\"wp-block-heading\">Faire un masque<\/h3>\n\n\n\n<p class=\"wp-block-paragraph\"><mark style=\"background-color:rgba(0, 0, 0, 0)\" class=\"has-inline-color has-accent-1-color\">Avec <strong>Nina Bompard<\/strong> plasticienne et photographe<\/mark><\/p>\n\n\n\n<p class=\"wp-block-paragraph\">\u2028R\u00e9alisation d\u2019un ou plusieurs masques en utilisant des mat\u00e9riaux de r\u00e9cup\u00e9ration.\u2028 Mat\u00e9riel fourni \u00e0 moins que vous ne souhaitiez apporter le v\u00f4tre.\u2028 C\u2019est un atelier qui prend son temps. Les autres ann\u00e9es les participants venaient sur plusieurs journ\u00e9es.\u2028<\/p>\n\n\n\n<p class=\"wp-block-paragraph\">Les masques seront accroch\u00e9s en for\u00eat sur le circuit du 12 ao\u00fbt pour <a href=\"https:\/\/nuit-des-ours.com\/2024\/la-nuit-en-plein-jour\/\">LA NUIT EN PLEIN JOUR<\/a>. Vous pourrez le laisser comme oeuvre des <a href=\"https:\/\/nuit-des-ours.com\/2024\/les-arts-du-chemin\/\">ARTS DU CHEMIN<\/a> ou venir le r\u00e9cup\u00e9rer le 13 ao\u00fbt.\u2028 <\/p>\n\n\n\n<ul class=\"wp-block-list\">\n<li><mark style=\"background-color:rgba(0, 0, 0, 0)\" class=\"has-inline-color has-accent-2-color\">Atelier quotidien du 7 au 11 ao\u00fbt de 10h \u00e0 12h<\/mark><\/li>\n\n\n\n<li><mark style=\"background-color:rgba(0, 0, 0, 0)\" class=\"has-inline-color has-accent-2-color\">RDV au pied des pistes de La Poya, Vallorcine (gare : Le Buet)<\/mark><\/li>\n<\/ul>\n\n\n\n<div class=\"wp-block-buttons is-layout-flex wp-block-buttons-is-layout-flex\">\n<div class=\"wp-block-button is-style-fill\"><a class=\"wp-block-button__link has-accent-2-background-color has-background wp-element-button\" href=\"https:\/\/www.helloasso.com\/associations\/la-nuit-des-ours\/evenements\/ateliers-du-7-au-11-aout-edition-2024-1\" style=\"border-radius:0px\">S&rsquo;inscrire<\/a><\/div>\n<\/div>\n<\/div>\n\n\n\n<div class=\"wp-block-column is-vertically-aligned-center is-layout-flow wp-block-column-is-layout-flow\"><div class=\"wp-block-image\">\n<figure class=\"aligncenter size-medium\"><img loading=\"lazy\" decoding=\"async\" width=\"300\" height=\"200\" src=\"https:\/\/nuit-des-ours.com\/wp-content\/uploads\/2022\/07\/297-300x200.jpg\" alt=\"Photo des masques de Nina Bompard pour les ATELIERS de LA NUIT DES OURS\" class=\"wp-image-727\" srcset=\"https:\/\/lanuitdesours.lautre.net\/wp-content\/uploads\/2022\/07\/297-300x200.jpg 300w, https:\/\/lanuitdesours.lautre.net\/wp-content\/uploads\/2022\/07\/297-1024x683.jpg 1024w, https:\/\/lanuitdesours.lautre.net\/wp-content\/uploads\/2022\/07\/297-768x512.jpg 768w, https:\/\/lanuitdesours.lautre.net\/wp-content\/uploads\/2022\/07\/297-1536x1024.jpg 1536w, https:\/\/lanuitdesours.lautre.net\/wp-content\/uploads\/2022\/07\/297-2048x1365.jpg 2048w, https:\/\/lanuitdesours.lautre.net\/wp-content\/uploads\/2022\/07\/297-450x300.jpg 450w\" sizes=\"auto, (max-width: 300px) 100vw, 300px\" \/><\/figure>\n<\/div><\/div>\n<\/div>\n\n\n\n<div class=\"wp-block-columns is-layout-flex wp-container-core-columns-is-layout-8f761849 wp-block-columns-is-layout-flex\">\n<div class=\"wp-block-column is-vertically-aligned-center is-layout-flow wp-block-column-is-layout-flow\">\n<h3 class=\"wp-block-heading\">Yoga sous les arbres<\/h3>\n\n\n\n<p class=\"wp-block-paragraph\"><mark style=\"background-color:rgba(0, 0, 0, 0)\" class=\"has-inline-color has-accent-1-color\">Avec <strong>Nathalie Robin<\/strong>, pratiquante de yoga, pr\u00e9pare la certification de niveau 1 de la m\u00e9thode Iyengar<\/mark><\/p>\n\n\n\n<p class=\"wp-block-paragraph\">Un temps pour soi, un moment de bien-\u00eatre pour explorer quelques postures de yoga, au contact de la nature qui est une source d\u2019inspiration et un tr\u00e8s bon guide.<\/p>\n\n\n\n<ul class=\"wp-block-list\">\n<li><mark style=\"background-color:rgba(0, 0, 0, 0)\" class=\"has-inline-color has-accent-2-color\">Mercredi 7 ao\u00fbt de 10h \u00e0 12h<\/mark><\/li>\n\n\n\n<li><mark style=\"background-color:rgba(0, 0, 0, 0)\" class=\"has-inline-color has-accent-2-color\">RDV au pied des pistes de La Poya, Vallorcine (gare : Le Buet)<\/mark><\/li>\n<\/ul>\n\n\n\n<div class=\"wp-block-buttons is-layout-flex wp-block-buttons-is-layout-flex\">\n<div class=\"wp-block-button\"><a class=\"wp-block-button__link has-accent-2-background-color has-background wp-element-button\" href=\"https:\/\/www.helloasso.com\/associations\/la-nuit-des-ours\/evenements\/ateliers-du-7-au-11-aout-edition-2024-1\" style=\"border-radius:0px\">S&rsquo;inscrire<\/a><\/div>\n<\/div>\n<\/div>\n\n\n\n<div class=\"wp-block-column is-vertically-aligned-center is-layout-flow wp-block-column-is-layout-flow\"><div class=\"wp-block-image\">\n<figure class=\"aligncenter size-medium\"><img loading=\"lazy\" decoding=\"async\" width=\"300\" height=\"200\" src=\"https:\/\/nuit-des-ours.com\/wp-content\/uploads\/2024\/07\/yoga_xavierdunand-300x200.jpg\" alt=\"\" class=\"wp-image-3747\" srcset=\"https:\/\/lanuitdesours.lautre.net\/wp-content\/uploads\/2024\/07\/yoga_xavierdunand-300x200.jpg 300w, https:\/\/lanuitdesours.lautre.net\/wp-content\/uploads\/2024\/07\/yoga_xavierdunand-768x512.jpg 768w, https:\/\/lanuitdesours.lautre.net\/wp-content\/uploads\/2024\/07\/yoga_xavierdunand-450x300.jpg 450w, https:\/\/lanuitdesours.lautre.net\/wp-content\/uploads\/2024\/07\/yoga_xavierdunand.jpg 1024w\" sizes=\"auto, (max-width: 300px) 100vw, 300px\" \/><\/figure>\n<\/div><\/div>\n<\/div>\n\n\n\n<div class=\"wp-block-columns is-layout-flex wp-container-core-columns-is-layout-8f761849 wp-block-columns-is-layout-flex\">\n<div class=\"wp-block-column is-vertically-aligned-center is-layout-flow wp-block-column-is-layout-flow\">\n<h3 class=\"wp-block-heading\">De l\u2019or des m\u00e9l\u00e8zes aux objets du quotidien<\/h3>\n\n\n\n<p class=\"wp-block-paragraph\"><mark style=\"background-color:rgba(0, 0, 0, 0)\" class=\"has-inline-color has-accent-1-color\">Avec <strong>Xavier Dunand<\/strong> guide du patrimoine<\/mark><\/p>\n\n\n\n<p class=\"wp-block-paragraph\">Symbole d\u2019immortalit\u00e9, arbre de lumi\u00e8re et de couleurs, le m\u00e9l\u00e8ze tel un manteau, recouvre les versants de la vall\u00e9e de Vallorcine. Son bois a \u00e9t\u00e9 utilis\u00e9 depuis des si\u00e8cles non seulement pour la construction et le mobilier, mais aussi pour la fabrication des objets du quotidien. Au XIX\u00e8me les hottes et seilles de m\u00e9l\u00e8ze s\u2019exportaient par centaines depuis Vallorcine vers la Savoie et le Valais.<\/p>\n\n\n\n<ul class=\"wp-block-list\">\n<li><mark style=\"background-color:rgba(0, 0, 0, 0)\" class=\"has-inline-color has-accent-2-color\">Mercredi 7 ao\u00fbt de 10h \u00e0 12h<\/mark><\/li>\n\n\n\n<li><mark style=\"background-color:rgba(0, 0, 0, 0)\" class=\"has-inline-color has-accent-2-color\">RDV \u00e0 La Maison de Barberine, Vallorcine<\/mark><\/li>\n<\/ul>\n\n\n\n<div class=\"wp-block-buttons is-layout-flex wp-block-buttons-is-layout-flex\">\n<div class=\"wp-block-button\"><a class=\"wp-block-button__link has-accent-2-background-color has-background wp-element-button\" href=\"https:\/\/www.helloasso.com\/associations\/la-nuit-des-ours\/evenements\/ateliers-du-7-au-11-aout-edition-2024-1\" style=\"border-radius:0px\">S&rsquo;inscrire<\/a><\/div>\n<\/div>\n<\/div>\n\n\n\n<div class=\"wp-block-column is-vertically-aligned-center is-layout-flow wp-block-column-is-layout-flow\"><div class=\"wp-block-image\">\n<figure class=\"aligncenter size-medium\"><img loading=\"lazy\" decoding=\"async\" width=\"300\" height=\"225\" src=\"https:\/\/nuit-des-ours.com\/wp-content\/uploads\/2024\/07\/20200805_113402-300x225.jpg\" alt=\"\" class=\"wp-image-3748\" srcset=\"https:\/\/lanuitdesours.lautre.net\/wp-content\/uploads\/2024\/07\/20200805_113402-300x225.jpg 300w, https:\/\/lanuitdesours.lautre.net\/wp-content\/uploads\/2024\/07\/20200805_113402-1024x768.jpg 1024w, https:\/\/lanuitdesours.lautre.net\/wp-content\/uploads\/2024\/07\/20200805_113402-768x576.jpg 768w, https:\/\/lanuitdesours.lautre.net\/wp-content\/uploads\/2024\/07\/20200805_113402-1536x1152.jpg 1536w, https:\/\/lanuitdesours.lautre.net\/wp-content\/uploads\/2024\/07\/20200805_113402-2048x1536.jpg 2048w, https:\/\/lanuitdesours.lautre.net\/wp-content\/uploads\/2024\/07\/20200805_113402-400x300.jpg 400w\" sizes=\"auto, (max-width: 300px) 100vw, 300px\" \/><\/figure>\n<\/div><\/div>\n<\/div>\n\n\n\n<div class=\"wp-block-columns is-layout-flex wp-container-core-columns-is-layout-8f761849 wp-block-columns-is-layout-flex\">\n<div class=\"wp-block-column is-vertically-aligned-center is-layout-flow wp-block-column-is-layout-flow\">\n<h3 class=\"wp-block-heading\">Je peins une pierre, un galet, un morceau de bois<\/h3>\n\n\n\n<p class=\"wp-block-paragraph\"><mark style=\"background-color:rgba(0, 0, 0, 0)\" class=\"has-inline-color has-accent-1-color\">Avec<strong> Bruno Boussagol <\/strong>metteur en sc\u00e8ne<\/mark><\/p>\n\n\n\n<p class=\"wp-block-paragraph\">Il s\u2019agit de participer \u00e0 la r\u00e9aliser d\u2019une oeuvre collective sans fin.\u2028 Dans les jours qui pr\u00e9c\u00e8dent l\u2019atelier, chacun r\u00e9cup\u00e8re des pierres et des galets dont on appr\u00e9cie la forme. Ainsi que des morceaux de bois mort.\u2028 Durant l\u2019atelier: on peint et on \u00e9crit ce qu\u2019on a pr\u00e9par\u00e9 ou ce que l\u2019on invente sur le moment.\u2028 Une demie heure avant la fin on part sur les chemins poser ses pierres comme un \u00ab petit Poucet \u00bb. <\/p>\n\n\n\n<p class=\"wp-block-paragraph\">Exposition pendant <a href=\"https:\/\/nuit-des-ours.com\/2024\/la-nuit-en-plein-jour\/\">LA NUIT EN PLEIN JOUR<\/a> le 12 ao\u00fbt dans le cadre des <a href=\"https:\/\/nuit-des-ours.com\/2024\/les-arts-du-chemin\/\">ARTS DU CHEMIN<\/a>.<\/p>\n\n\n\n<ul class=\"wp-block-list\">\n<li><mark style=\"background-color:rgba(0, 0, 0, 0)\" class=\"has-inline-color has-accent-2-color\">Jeudi 8 ao\u00fbt de 10h30 \u00e0 12h30 <\/mark><\/li>\n\n\n\n<li><mark style=\"background-color:rgba(0, 0, 0, 0)\" class=\"has-inline-color has-accent-2-color\">RDV aux Edelweiss (derri\u00e8re la gare de Vallorcine)<\/mark><\/li>\n<\/ul>\n\n\n\n<div class=\"wp-block-buttons is-layout-flex wp-block-buttons-is-layout-flex\">\n<div class=\"wp-block-button\"><a class=\"wp-block-button__link has-accent-2-background-color has-background wp-element-button\" href=\"https:\/\/www.helloasso.com\/associations\/la-nuit-des-ours\/evenements\/ateliers-du-7-au-11-aout-edition-2024-1\" style=\"border-radius:0px\">S&rsquo;inscrire<\/a><\/div>\n<\/div>\n<\/div>\n\n\n\n<div class=\"wp-block-column is-vertically-aligned-center is-layout-flow wp-block-column-is-layout-flow\"><\/div>\n<\/div>\n\n\n\n<div class=\"wp-block-columns is-layout-flex wp-container-core-columns-is-layout-8f761849 wp-block-columns-is-layout-flex\">\n<div class=\"wp-block-column is-vertically-aligned-center is-layout-flow wp-block-column-is-layout-flow\">\n<h3 class=\"wp-block-heading\">Qui suis-je ? Autoportrait<\/h3>\n\n\n\n<p class=\"wp-block-paragraph\"><mark style=\"background-color:rgba(0, 0, 0, 0)\" class=\"has-inline-color has-accent-1-color\">Avec <strong><a href=\"https:\/\/nuit-des-ours.com\/2024\/les-arts-du-chemin\/\">Somayeh Pakar<\/a><\/strong> artiste peintre iranienne<\/mark><\/p>\n\n\n\n<p class=\"wp-block-paragraph\">Somayeh Pakar est une artiste iranienne dipl\u00f4m\u00e9e de la Facult\u00e9 des Arts de Zahedan et de l\u2019IAU de T\u00e9h\u00e9ran. Ses m\u00e9thodes artistiques singuli\u00e8res cr\u00e9ent une histoire visuelle qui transcende les fronti\u00e8res g\u00e9ographiques, se connectant aux r\u00e9cits et \u00e0 la vie de femmes des quatre coins du monde.<\/p>\n\n\n\n<p class=\"wp-block-paragraph\">Elle propose qu\u2019en deux heures, chacun(e) r\u00e9alise un auto portrait. Venez avec vos peintures, crayons, stylos, encres, pastels\u2026 Nous fournissons le support (papier, toile\u2026). <\/p>\n\n\n\n<p class=\"wp-block-paragraph\">Cet atelier s\u2019adresse \u00e0 quiconque, qu\u2019il sache ou non dessiner ou peindre.<\/p>\n\n\n\n<ul class=\"wp-block-list\">\n<li><mark style=\"background-color:rgba(0, 0, 0, 0)\" class=\"has-inline-color has-accent-2-color\">Vendredi 9 ao\u00fbt \u00e0 partir de 10h<\/mark><\/li>\n\n\n\n<li><mark style=\"background-color:rgba(0, 0, 0, 0)\" class=\"has-inline-color has-accent-2-color\">RDV aux Edelweiss (derri\u00e8re la gare de Vallorcine)<\/mark><\/li>\n<\/ul>\n\n\n\n<div class=\"wp-block-buttons is-layout-flex wp-block-buttons-is-layout-flex\">\n<div class=\"wp-block-button\"><a class=\"wp-block-button__link has-accent-2-background-color has-background wp-element-button\" href=\"https:\/\/www.helloasso.com\/associations\/la-nuit-des-ours\/evenements\/ateliers-du-7-au-11-aout-edition-2024-1\" style=\"border-radius:0px\">S&rsquo;inscrire<\/a><\/div>\n<\/div>\n<\/div>\n\n\n\n<div class=\"wp-block-column is-vertically-aligned-center is-layout-flow wp-block-column-is-layout-flow\"><div class=\"wp-block-image\">\n<figure class=\"aligncenter size-medium\"><img loading=\"lazy\" decoding=\"async\" width=\"259\" height=\"300\" src=\"https:\/\/nuit-des-ours.com\/wp-content\/uploads\/2024\/07\/SomayehPakar-e1722227803775-259x300.jpg\" alt=\"Arts du chemin Somayeh Pakar\" class=\"wp-image-3544\" srcset=\"https:\/\/lanuitdesours.lautre.net\/wp-content\/uploads\/2024\/07\/SomayehPakar-e1722227803775-259x300.jpg 259w, https:\/\/lanuitdesours.lautre.net\/wp-content\/uploads\/2024\/07\/SomayehPakar-e1722227803775.jpg 354w\" sizes=\"auto, (max-width: 259px) 100vw, 259px\" \/><\/figure>\n<\/div><\/div>\n<\/div>\n\n\n\n<div class=\"wp-block-columns is-layout-flex wp-container-core-columns-is-layout-8f761849 wp-block-columns-is-layout-flex\">\n<div class=\"wp-block-column is-vertically-aligned-center is-layout-flow wp-block-column-is-layout-flow\">\n<h3 class=\"wp-block-heading\">D\u00e9stigmatiser la dite maladie mentale<\/h3>\n\n\n\n<p class=\"wp-block-paragraph\"><mark style=\"background-color:rgba(0, 0, 0, 0)\" class=\"has-inline-color has-accent-1-color\">Avec <strong>Bruno Boussagol<\/strong> metteur en sc\u00e8ne, <strong><a href=\"https:\/\/nuit-des-ours.com\/2024\/les-arts-du-chemin\/\">Cornelia Koller <\/a><\/strong>psychiatre et le <strong>Collectif parce qu\u2019on est l\u00e0<\/strong><\/mark><\/p>\n\n\n\n<p class=\"wp-block-paragraph\">Que vous ayez l\u2019intention d\u2019assister ou pas au spectacle <a href=\"http:\/\/deux point\"><strong>\u00ab DEUX point ZERO \u00bb du Collectif parce qu\u2019on est l\u00e0<\/strong><\/a> le 10 ao\u00fbt \u00e0 17h, si la question de la maladie mentale vous int\u00e9resse et\/ou vous concerne : cet atelier\/rencontre est pour vous. Il rassemble des usagers et des soignants qui t\u00e9moigneront de leurs exp\u00e9riences et pratiques. La place des arts et de la culture sera centrale.<\/p>\n\n\n\n<ul class=\"wp-block-list\">\n<li><mark style=\"background-color:rgba(0, 0, 0, 0)\" class=\"has-inline-color has-accent-2-color\">Vendredi 9 ao\u00fbt de 10h30 \u00e0 12h30<\/mark><\/li>\n\n\n\n<li><mark style=\"background-color:rgba(0, 0, 0, 0)\" class=\"has-inline-color has-accent-2-color\">RDV aux Edelweiss (derri\u00e8re la gare de Vallorcine)<\/mark><\/li>\n<\/ul>\n\n\n\n<div class=\"wp-block-buttons is-layout-flex wp-block-buttons-is-layout-flex\">\n<div class=\"wp-block-button\"><a class=\"wp-block-button__link has-accent-2-background-color has-background wp-element-button\" href=\"https:\/\/www.helloasso.com\/associations\/la-nuit-des-ours\/evenements\/ateliers-du-7-au-11-aout-edition-2024-1\" style=\"border-radius:0px\">S&rsquo;inscrire<\/a><\/div>\n<\/div>\n<\/div>\n\n\n\n<div class=\"wp-block-column is-vertically-aligned-center is-layout-flow wp-block-column-is-layout-flow\"><div class=\"wp-block-image\">\n<figure class=\"aligncenter size-medium\"><img loading=\"lazy\" decoding=\"async\" width=\"300\" height=\"126\" src=\"https:\/\/nuit-des-ours.com\/wp-content\/uploads\/2024\/07\/Collectif_1-300x126.jpg\" alt=\"collectif parce qu'on est l\u00e0\" class=\"wp-image-3472\" srcset=\"https:\/\/lanuitdesours.lautre.net\/wp-content\/uploads\/2024\/07\/Collectif_1-300x126.jpg 300w, https:\/\/lanuitdesours.lautre.net\/wp-content\/uploads\/2024\/07\/Collectif_1-768x322.jpg 768w, https:\/\/lanuitdesours.lautre.net\/wp-content\/uploads\/2024\/07\/Collectif_1-496x208.jpg 496w, https:\/\/lanuitdesours.lautre.net\/wp-content\/uploads\/2024\/07\/Collectif_1.jpg 1008w\" sizes=\"auto, (max-width: 300px) 100vw, 300px\" \/><\/figure>\n<\/div><\/div>\n<\/div>\n\n\n\n<div class=\"wp-block-columns is-layout-flex wp-container-core-columns-is-layout-8f761849 wp-block-columns-is-layout-flex\">\n<div class=\"wp-block-column is-vertically-aligned-center is-layout-flow wp-block-column-is-layout-flow\">\n<h3 class=\"wp-block-heading\">Raconte ton r\u00eave \u00e0 Kristoff k-roll<\/h3>\n\n\n\n<p class=\"wp-block-paragraph\"><mark style=\"background-color:rgba(0, 0, 0, 0)\" class=\"has-inline-color has-accent-1-color\">Avec <strong>Carole Rieussec<\/strong> et <strong>Jean-Kristoff Camps<\/strong><\/mark><\/p>\n\n\n\n<p class=\"wp-block-paragraph\">Collectes de r\u00e9cits de r\u00eaves\u2028. Le duo <strong><a href=\"http:\/\/kristoff-k-roll.net\/\">Kristoff K.Roll<\/a><\/strong> constitue depuis 10 ans une biblioth\u00e8que sonore de r\u00e9cits de r\u00eaves du monde : voyages, enregistrements, traductions et partages po\u00e9tiques multiples avec les publics du monde entier.\u2028 <\/p>\n\n\n\n<p class=\"wp-block-paragraph\">Ces r\u00eaves seront restitu\u00e9s lors du concert electro-acoustique de <a href=\"https:\/\/nuit-des-ours.com\/2024\/la-nuit-en-plein-jour\/\">LA NUIT EN PLEIN JOUR<\/a> le 12 ao\u00fbt entre 13h45 et 14h30.\u2028<\/p>\n\n\n\n<ul class=\"wp-block-list\">\n<li><mark style=\"background-color:rgba(0, 0, 0, 0)\" class=\"has-inline-color has-accent-2-color\">Samedi 10 et dimanche 11 ao\u00fbt<\/mark><\/li>\n\n\n\n<li><mark style=\"background-color:#e29e00\" class=\"has-inline-color has-accent-2-color\">Pas d\u2019inscription sur HelloAsso mais prise de rendez vous au 06 88 47 53 47<\/mark><\/li>\n<\/ul>\n<\/div>\n\n\n\n<div class=\"wp-block-column is-vertically-aligned-center is-layout-flow wp-block-column-is-layout-flow\"><div class=\"wp-block-image\">\n<figure class=\"aligncenter size-medium\"><img loading=\"lazy\" decoding=\"async\" width=\"300\" height=\"174\" src=\"https:\/\/nuit-des-ours.com\/wp-content\/uploads\/2024\/07\/Kristoff-K.Roll_2-300x174.jpg\" alt=\"\" class=\"wp-image-3749\" srcset=\"https:\/\/lanuitdesours.lautre.net\/wp-content\/uploads\/2024\/07\/Kristoff-K.Roll_2-300x174.jpg 300w, https:\/\/lanuitdesours.lautre.net\/wp-content\/uploads\/2024\/07\/Kristoff-K.Roll_2-496x288.jpg 496w, https:\/\/lanuitdesours.lautre.net\/wp-content\/uploads\/2024\/07\/Kristoff-K.Roll_2.jpg 700w\" sizes=\"auto, (max-width: 300px) 100vw, 300px\" \/><\/figure>\n<\/div><\/div>\n<\/div>\n\n\n\n<div class=\"wp-block-columns is-layout-flex wp-container-core-columns-is-layout-8f761849 wp-block-columns-is-layout-flex\">\n<div class=\"wp-block-column is-vertically-aligned-center is-layout-flow wp-block-column-is-layout-flow\">\n<h3 class=\"wp-block-heading\">Danse libre en pleine nature<\/h3>\n\n\n\n<p class=\"wp-block-paragraph\"><mark style=\"background-color:rgba(0, 0, 0, 0)\" class=\"has-inline-color has-accent-1-color\">Avec <strong>Marion Ranch\u00e9<\/strong> professeur de danse dipl\u00f4m\u00e9e d\u2019\u00c9tat<\/mark><\/p>\n\n\n\n<p class=\"wp-block-paragraph\">Explorer sa sensibilit\u00e9 \u00e0 travers le mouvement en se laissant guider par des consignes.<\/p>\n\n\n\n<ul class=\"wp-block-list\">\n<li><mark style=\"background-color:rgba(0, 0, 0, 0)\" class=\"has-inline-color has-accent-2-color\">Samedi 10 ao\u00fbt de 15h \u00e0 17h<\/mark><\/li>\n\n\n\n<li><mark style=\"background-color:rgba(0, 0, 0, 0)\" class=\"has-inline-color has-accent-2-color\"><mark style=\"background-color:rgba(0, 0, 0, 0)\" class=\"has-inline-color has-accent-2-color\">RDV au pied des pistes de La Poya, Vallorcine (gare : Le Buet)<\/mark><\/mark><\/li>\n<\/ul>\n\n\n\n<div class=\"wp-block-buttons is-layout-flex wp-block-buttons-is-layout-flex\">\n<div class=\"wp-block-button\"><a class=\"wp-block-button__link has-accent-2-background-color has-background wp-element-button\" href=\"https:\/\/www.helloasso.com\/associations\/la-nuit-des-ours\/evenements\/ateliers-du-7-au-11-aout-edition-2024-1\" style=\"border-radius:0px\">S&rsquo;inscrire<\/a><\/div>\n<\/div>\n<\/div>\n\n\n\n<div class=\"wp-block-column is-vertically-aligned-center is-layout-flow wp-block-column-is-layout-flow\"><div class=\"wp-block-image\">\n<figure class=\"aligncenter size-medium\"><img loading=\"lazy\" decoding=\"async\" width=\"300\" height=\"169\" src=\"https:\/\/nuit-des-ours.com\/wp-content\/uploads\/2024\/07\/20220807_205512-300x169.jpg\" alt=\"\" class=\"wp-image-3750\" srcset=\"https:\/\/lanuitdesours.lautre.net\/wp-content\/uploads\/2024\/07\/20220807_205512-300x169.jpg 300w, https:\/\/lanuitdesours.lautre.net\/wp-content\/uploads\/2024\/07\/20220807_205512-1024x576.jpg 1024w, https:\/\/lanuitdesours.lautre.net\/wp-content\/uploads\/2024\/07\/20220807_205512-768x432.jpg 768w, https:\/\/lanuitdesours.lautre.net\/wp-content\/uploads\/2024\/07\/20220807_205512-1536x864.jpg 1536w, https:\/\/lanuitdesours.lautre.net\/wp-content\/uploads\/2024\/07\/20220807_205512-2048x1152.jpg 2048w, https:\/\/lanuitdesours.lautre.net\/wp-content\/uploads\/2024\/07\/20220807_205512-496x279.jpg 496w\" sizes=\"auto, (max-width: 300px) 100vw, 300px\" \/><\/figure>\n<\/div><\/div>\n<\/div>\n\n\n\n<div class=\"wp-block-columns is-layout-flex wp-container-core-columns-is-layout-8f761849 wp-block-columns-is-layout-flex\">\n<div class=\"wp-block-column is-vertically-aligned-center is-layout-flow wp-block-column-is-layout-flow\">\n<h3 class=\"wp-block-heading\">Le patrimoine b\u00e2ti de Vallorcine<\/h3>\n\n\n\n<p class=\"wp-block-paragraph\"><mark style=\"background-color:rgba(0, 0, 0, 0)\" class=\"has-inline-color has-accent-1-color\">Avec <strong>Xavier Dunand<\/strong> guide du patrimoine<\/mark><\/p>\n\n\n\n<p class=\"wp-block-paragraph\">Vallorcine est une vall\u00e9e compos\u00e9e d\u2019une vingtaine de hameaux. Son habitat est caract\u00e9ristique des zones de montagne qui tr\u00e8s t\u00f4t a \u00e9volu\u00e9 avec l\u2019arriv\u00e9e de voyageurs. Malgr\u00e9 tout, de nombreuses particularit\u00e9s encore pr\u00e9sentes font que cette vall\u00e9e offre des subtilit\u00e9s uniques en France et dans les Alpes.<\/p>\n\n\n\n<ul class=\"wp-block-list\">\n<li><mark style=\"background-color:rgba(0, 0, 0, 0)\" class=\"has-inline-color has-accent-2-color\">Dimanche 11 ao\u00fbt de 10h \u00e0 12h<\/mark><\/li>\n\n\n\n<li><mark style=\"background-color:rgba(0, 0, 0, 0)\" class=\"has-inline-color has-accent-2-color\"><mark style=\"background-color:rgba(0, 0, 0, 0)\" class=\"has-inline-color has-accent-2-color\">RDV devant l&rsquo;office de tourisme de Vallorcine (gare : Vallorcine)<\/mark><\/mark><\/li>\n<\/ul>\n\n\n\n<div class=\"wp-block-buttons is-layout-flex wp-block-buttons-is-layout-flex\">\n<div class=\"wp-block-button\"><a class=\"wp-block-button__link has-accent-2-background-color has-background wp-element-button\" href=\"https:\/\/www.helloasso.com\/associations\/la-nuit-des-ours\/evenements\/ateliers-du-7-au-11-aout-edition-2024-1\" style=\"border-radius:0px\">S&rsquo;inscrire<\/a><\/div>\n<\/div>\n<\/div>\n\n\n\n<div class=\"wp-block-column is-vertically-aligned-center is-layout-flow wp-block-column-is-layout-flow\"><div class=\"wp-block-image\">\n<figure class=\"aligncenter size-medium\"><img loading=\"lazy\" decoding=\"async\" width=\"300\" height=\"225\" src=\"https:\/\/nuit-des-ours.com\/wp-content\/uploads\/2024\/07\/20200805_113927-300x225.jpg\" alt=\"\" class=\"wp-image-3751\" srcset=\"https:\/\/lanuitdesours.lautre.net\/wp-content\/uploads\/2024\/07\/20200805_113927-300x225.jpg 300w, https:\/\/lanuitdesours.lautre.net\/wp-content\/uploads\/2024\/07\/20200805_113927-1024x768.jpg 1024w, https:\/\/lanuitdesours.lautre.net\/wp-content\/uploads\/2024\/07\/20200805_113927-768x576.jpg 768w, https:\/\/lanuitdesours.lautre.net\/wp-content\/uploads\/2024\/07\/20200805_113927-1536x1152.jpg 1536w, https:\/\/lanuitdesours.lautre.net\/wp-content\/uploads\/2024\/07\/20200805_113927-2048x1536.jpg 2048w, https:\/\/lanuitdesours.lautre.net\/wp-content\/uploads\/2024\/07\/20200805_113927-400x300.jpg 400w\" sizes=\"auto, (max-width: 300px) 100vw, 300px\" \/><\/figure>\n<\/div><\/div>\n<\/div>\n\n\n\n<div class=\"wp-block-columns is-layout-flex wp-container-core-columns-is-layout-8f761849 wp-block-columns-is-layout-flex\">\n<div class=\"wp-block-column is-vertically-aligned-center is-layout-flow wp-block-column-is-layout-flow\">\n<h3 class=\"wp-block-heading\">Vannerie sauvage<\/h3>\n\n\n\n<p class=\"wp-block-paragraph\"><mark style=\"background-color:rgba(0, 0, 0, 0)\" class=\"has-inline-color has-accent-1-color\">Avec <strong>Robin<\/strong> explorateur depuis l\u2019enfance des bois et des rivi\u00e8res, du sauvage, des mati\u00e8res naturelles et plus particuli\u00e8rement du v\u00e9g\u00e9tal<\/mark><\/p>\n\n\n\n<p class=\"wp-block-paragraph\">D\u00e9couvrir les v\u00e9g\u00e9taux des alentours utilisables pour r\u00e9aliser de la vannerie sauvage. Approche de la vannerie al\u00e9atoire, de la technique du cordage et de quelques points et noeuds\u2026qui serviront ensuite pour \u00e9laborer paniers, nichoirs et d\u00e9corations. <\/p>\n\n\n\n<p class=\"wp-block-paragraph\">Exposition pendant <a href=\"https:\/\/nuit-des-ours.com\/2024\/la-nuit-en-plein-jour\/\">LA NUIT EN PLEIN JOUR<\/a> le 12 ao\u00fbt dans le cadre des <a href=\"https:\/\/nuit-des-ours.com\/2024\/les-arts-du-chemin\/\">ARTS DU CHEMIN<\/a>. Les objets r\u00e9alis\u00e9s pourront retourner \u00e0 la nature comme objet d\u2019art populaire.<\/p>\n\n\n\n<ul class=\"wp-block-list\">\n<li><mark style=\"background-color:rgba(0, 0, 0, 0)\" class=\"has-inline-color has-accent-2-color\">Dimanche 11 ao\u00fbt de 10h \u00e0 12h puis de 14h \u00e0 16h<\/mark><\/li>\n\n\n\n<li><mark style=\"background-color:rgba(0, 0, 0, 0)\" class=\"has-inline-color has-accent-2-color\"><mark style=\"background-color:rgba(0, 0, 0, 0)\" class=\"has-inline-color has-accent-2-color\"><mark style=\"background-color:rgba(0, 0, 0, 0)\" class=\"has-inline-color has-accent-2-color\"><mark style=\"background-color:rgba(0, 0, 0, 0)\" class=\"has-inline-color has-accent-2-color\">RDV au pied des pistes de La Poya, Vallorcine (gare : Le Buet)<\/mark><\/mark><\/mark><\/mark><\/li>\n<\/ul>\n\n\n\n<div class=\"wp-block-buttons is-layout-flex wp-block-buttons-is-layout-flex\">\n<div class=\"wp-block-button\"><a class=\"wp-block-button__link has-accent-2-background-color has-background wp-element-button\" href=\"https:\/\/www.helloasso.com\/associations\/la-nuit-des-ours\/evenements\/ateliers-du-7-au-11-aout-edition-2024-1\" style=\"border-radius:0px\">S&rsquo;inscrire<\/a><\/div>\n<\/div>\n<\/div>\n\n\n\n<div class=\"wp-block-column is-vertically-aligned-center is-layout-flow wp-block-column-is-layout-flow\"><div class=\"wp-block-image\">\n<figure class=\"aligncenter size-medium\"><img loading=\"lazy\" decoding=\"async\" width=\"300\" height=\"199\" src=\"https:\/\/nuit-des-ours.com\/wp-content\/uploads\/2024\/07\/artetsane_robin-1-300x199.jpg\" alt=\"\" class=\"wp-image-3753\" srcset=\"https:\/\/lanuitdesours.lautre.net\/wp-content\/uploads\/2024\/07\/artetsane_robin-1-300x199.jpg 300w, https:\/\/lanuitdesours.lautre.net\/wp-content\/uploads\/2024\/07\/artetsane_robin-1-1024x681.jpg 1024w, https:\/\/lanuitdesours.lautre.net\/wp-content\/uploads\/2024\/07\/artetsane_robin-1-768x510.jpg 768w, https:\/\/lanuitdesours.lautre.net\/wp-content\/uploads\/2024\/07\/artetsane_robin-1-1536x1021.jpg 1536w, https:\/\/lanuitdesours.lautre.net\/wp-content\/uploads\/2024\/07\/artetsane_robin-1-451x300.jpg 451w, https:\/\/lanuitdesours.lautre.net\/wp-content\/uploads\/2024\/07\/artetsane_robin-1.jpg 1920w\" sizes=\"auto, (max-width: 300px) 100vw, 300px\" \/><\/figure>\n<\/div><\/div>\n<\/div>\n\n\n\n<div class=\"wp-block-columns is-layout-flex wp-container-core-columns-is-layout-8f761849 wp-block-columns-is-layout-flex\">\n<div class=\"wp-block-column is-vertically-aligned-center is-layout-flow wp-block-column-is-layout-flow\">\n<h3 class=\"wp-block-heading\">Vignerons et c\u00e9pages r\u00e9sistants<\/h3>\n\n\n\n<p class=\"wp-block-paragraph\"><mark style=\"background-color:rgba(0, 0, 0, 0)\" class=\"has-inline-color has-accent-1-color\">Avec <strong>Marta Bucci<\/strong>, oenophile passionn\u00e9e du vivant et du dansant<\/mark><\/p>\n\n\n\n<p class=\"wp-block-paragraph\">Le monde du vin comme un jardin d\u2019infinies possibilit\u00e9s.\u2028 Allons \u00e0 la rencontre de celles et ceux qui r\u00e9sistent entre leur vision du vin et de nouveaux c\u00e9pages. D\u00e9gustation.<\/p>\n\n\n\n<ul class=\"wp-block-list\">\n<li><mark style=\"background-color:rgba(0, 0, 0, 0)\" class=\"has-inline-color has-accent-2-color\">Dimanche 11 ao\u00fbt de 14h30 \u00e0 16h30<\/mark><\/li>\n\n\n\n<li><mark style=\"background-color:rgba(0, 0, 0, 0)\" class=\"has-inline-color has-accent-2-color\"><mark style=\"background-color:rgba(0, 0, 0, 0)\" class=\"has-inline-color has-accent-2-color\"><mark style=\"background-color:rgba(0, 0, 0, 0)\" class=\"has-inline-color has-accent-2-color\"><mark style=\"background-color:rgba(0, 0, 0, 0)\" class=\"has-inline-color has-accent-2-color\"><mark style=\"background-color:rgba(0, 0, 0, 0)\" class=\"has-inline-color has-accent-2-color\">RDV aux Edelweiss (derri\u00e8re la gare de Vallorcine)<\/mark><\/mark><\/mark><\/mark><\/mark><\/li>\n<\/ul>\n\n\n\n<div class=\"wp-block-buttons is-layout-flex wp-block-buttons-is-layout-flex\">\n<div class=\"wp-block-button\"><a class=\"wp-block-button__link has-accent-2-background-color has-background wp-element-button\" href=\"https:\/\/www.helloasso.com\/associations\/la-nuit-des-ours\/evenements\/ateliers-du-7-au-11-aout-edition-2024-1\" style=\"border-radius:0px\">S&rsquo;inscrire<\/a><\/div>\n<\/div>\n<\/div>\n\n\n\n<div class=\"wp-block-column is-vertically-aligned-center is-layout-flow wp-block-column-is-layout-flow\"><div class=\"wp-block-image\">\n<figure class=\"aligncenter size-medium\"><img loading=\"lazy\" decoding=\"async\" width=\"300\" height=\"300\" src=\"https:\/\/nuit-des-ours.com\/wp-content\/uploads\/2024\/07\/martavini_collejano-300x300.png\" alt=\"\" class=\"wp-image-3752\" srcset=\"https:\/\/lanuitdesours.lautre.net\/wp-content\/uploads\/2024\/07\/martavini_collejano-300x300.png 300w, https:\/\/lanuitdesours.lautre.net\/wp-content\/uploads\/2024\/07\/martavini_collejano-1024x1022.png 1024w, https:\/\/lanuitdesours.lautre.net\/wp-content\/uploads\/2024\/07\/martavini_collejano-150x150.png 150w, https:\/\/lanuitdesours.lautre.net\/wp-content\/uploads\/2024\/07\/martavini_collejano-768x767.png 768w, https:\/\/lanuitdesours.lautre.net\/wp-content\/uploads\/2024\/07\/martavini_collejano-301x300.png 301w, https:\/\/lanuitdesours.lautre.net\/wp-content\/uploads\/2024\/07\/martavini_collejano.png 1127w\" sizes=\"auto, (max-width: 300px) 100vw, 300px\" \/><\/figure>\n<\/div><\/div>\n<\/div>\n\n\n\n<div style=\"height:50px\" aria-hidden=\"true\" class=\"wp-block-spacer\"><\/div>\n\n\n\n<h4 class=\"wp-block-heading has-background\" style=\"background-color:#e29e0061\">Pour s&rsquo;inscrire aux ateliers, c&rsquo;est ici :<\/h4>\n\n\n<p><iframe id=\"haWidget\" allowtransparency=\"true\" scrolling=\"auto\" src=\"https:\/\/www.helloasso.com\/associations\/la-nuit-des-ours\/evenements\/ateliers-du-7-au-11-aout-edition-2024-1\/widget\" style=\"width: 100%; height: 750px; border: none;\"><\/iframe><\/p>\n","protected":false},"excerpt":{"rendered":"<p>11 ATELIERS DU 7 AU 11 AO\u00dbT 2024. Bien-\u00eatre, musique, h\u00e9ritage vallorcin, oenologie\u2026 il y en a pour tous les go\u00fbts ! 5 \u20ac tarif unique enfant\/adulte, inscription obligatoire (jauges limit\u00e9es). <\/p>\n","protected":false},"author":1,"featured_media":727,"comment_status":"closed","ping_status":"closed","sticky":false,"template":"","format":"standard","meta":{"footnotes":""},"categories":[37],"tags":[50],"class_list":["post-3582","post","type-post","status-publish","format-standard","has-post-thumbnail","hentry","category-edition-2024","tag-ateliers"],"yoast_head":"<!-- This site is optimized with the Yoast SEO plugin v28.3 - https:\/\/yoast.com\/product\/yoast-seo-wordpress\/ -->\n<title>Ateliers - La Nuit des Ours Edition 2024<\/title>\n<meta name=\"description\" content=\"11 ATELIERS DU 6 AU 11 AO\u00dbT offrent la possibilit\u00e9 de d\u00e9couvrir de nouvelles pratiques artistiques ou culturelles pendant LA NUIT DES OURS.\" \/>\n<meta name=\"robots\" content=\"index, follow, max-snippet:-1, max-image-preview:large, max-video-preview:-1\" \/>\n<link rel=\"canonical\" href=\"https:\/\/lanuitdesours.lautre.net\/?p=3582\" \/>\n<meta property=\"og:locale\" content=\"fr_FR\" \/>\n<meta property=\"og:type\" content=\"article\" \/>\n<meta property=\"og:title\" content=\"Ateliers - La Nuit des Ours Edition 2024\" \/>\n<meta property=\"og:description\" content=\"11 ATELIERS DU 6 AU 11 AO\u00dbT offrent la possibilit\u00e9 de d\u00e9couvrir de nouvelles pratiques artistiques ou culturelles pendant LA NUIT DES OURS.\" \/>\n<meta property=\"og:url\" content=\"https:\/\/lanuitdesours.lautre.net\/?p=3582\" \/>\n<meta property=\"og:site_name\" content=\"La Nuit des Ours\" \/>\n<meta property=\"article:publisher\" content=\"https:\/\/www.facebook.com\/lanuitdesours\/\" \/>\n<meta property=\"article:published_time\" content=\"2024-07-06T07:38:32+00:00\" \/>\n<meta property=\"article:modified_time\" content=\"2024-07-30T12:57:35+00:00\" \/>\n<meta property=\"og:image\" content=\"https:\/\/lanuitdesours.lautre.net\/wp-content\/uploads\/2022\/07\/297-scaled.jpg\" \/>\n\t<meta property=\"og:image:width\" content=\"2560\" \/>\n\t<meta property=\"og:image:height\" content=\"1707\" \/>\n\t<meta property=\"og:image:type\" content=\"image\/jpeg\" \/>\n<meta name=\"author\" content=\"Cr\u00e9er c&#039;est R\u00e9sister\" \/>\n<meta name=\"twitter:card\" content=\"summary_large_image\" \/>\n<meta name=\"twitter:label1\" content=\"\u00c9crit par\" \/>\n\t<meta name=\"twitter:data1\" content=\"Cr\u00e9er c&#039;est R\u00e9sister\" \/>\n\t<meta name=\"twitter:label2\" content=\"Dur\u00e9e de lecture estim\u00e9e\" \/>\n\t<meta name=\"twitter:data2\" content=\"8 minutes\" \/>\n<script type=\"application\/ld+json\" class=\"yoast-schema-graph\">{\"@context\":\"https:\\\/\\\/schema.org\",\"@graph\":[{\"@type\":\"Article\",\"@id\":\"https:\\\/\\\/lanuitdesours.lautre.net\\\/?p=3582#article\",\"isPartOf\":{\"@id\":\"https:\\\/\\\/lanuitdesours.lautre.net\\\/?p=3582\"},\"author\":{\"name\":\"Cr\u00e9er c'est R\u00e9sister\",\"@id\":\"https:\\\/\\\/lanuitdesours.lautre.net\\\/#\\\/schema\\\/person\\\/1f4500f2f631d9916d6b39f1c0ba934c\"},\"headline\":\"Ateliers\",\"datePublished\":\"2024-07-06T07:38:32+00:00\",\"dateModified\":\"2024-07-30T12:57:35+00:00\",\"mainEntityOfPage\":{\"@id\":\"https:\\\/\\\/lanuitdesours.lautre.net\\\/?p=3582\"},\"wordCount\":1176,\"publisher\":{\"@id\":\"https:\\\/\\\/lanuitdesours.lautre.net\\\/#organization\"},\"image\":{\"@id\":\"https:\\\/\\\/lanuitdesours.lautre.net\\\/?p=3582#primaryimage\"},\"thumbnailUrl\":\"https:\\\/\\\/lanuitdesours.lautre.net\\\/wp-content\\\/uploads\\\/2022\\\/07\\\/297-scaled.jpg\",\"keywords\":[\"ATELIERS\"],\"articleSection\":[\"Edition 2024\"],\"inLanguage\":\"fr-FR\"},{\"@type\":\"WebPage\",\"@id\":\"https:\\\/\\\/lanuitdesours.lautre.net\\\/?p=3582\",\"url\":\"https:\\\/\\\/lanuitdesours.lautre.net\\\/?p=3582\",\"name\":\"Ateliers - La Nuit des Ours Edition 2024\",\"isPartOf\":{\"@id\":\"https:\\\/\\\/lanuitdesours.lautre.net\\\/#website\"},\"primaryImageOfPage\":{\"@id\":\"https:\\\/\\\/lanuitdesours.lautre.net\\\/?p=3582#primaryimage\"},\"image\":{\"@id\":\"https:\\\/\\\/lanuitdesours.lautre.net\\\/?p=3582#primaryimage\"},\"thumbnailUrl\":\"https:\\\/\\\/lanuitdesours.lautre.net\\\/wp-content\\\/uploads\\\/2022\\\/07\\\/297-scaled.jpg\",\"datePublished\":\"2024-07-06T07:38:32+00:00\",\"dateModified\":\"2024-07-30T12:57:35+00:00\",\"description\":\"11 ATELIERS DU 6 AU 11 AO\u00dbT offrent la possibilit\u00e9 de d\u00e9couvrir de nouvelles pratiques artistiques ou culturelles pendant LA NUIT DES OURS.\",\"breadcrumb\":{\"@id\":\"https:\\\/\\\/lanuitdesours.lautre.net\\\/?p=3582#breadcrumb\"},\"inLanguage\":\"fr-FR\",\"potentialAction\":[{\"@type\":\"ReadAction\",\"target\":[\"https:\\\/\\\/lanuitdesours.lautre.net\\\/?p=3582\"]}]},{\"@type\":\"ImageObject\",\"inLanguage\":\"fr-FR\",\"@id\":\"https:\\\/\\\/lanuitdesours.lautre.net\\\/?p=3582#primaryimage\",\"url\":\"https:\\\/\\\/lanuitdesours.lautre.net\\\/wp-content\\\/uploads\\\/2022\\\/07\\\/297-scaled.jpg\",\"contentUrl\":\"https:\\\/\\\/lanuitdesours.lautre.net\\\/wp-content\\\/uploads\\\/2022\\\/07\\\/297-scaled.jpg\",\"width\":2560,\"height\":1707,\"caption\":\"\u24b8 Nina Bompard\"},{\"@type\":\"BreadcrumbList\",\"@id\":\"https:\\\/\\\/lanuitdesours.lautre.net\\\/?p=3582#breadcrumb\",\"itemListElement\":[{\"@type\":\"ListItem\",\"position\":1,\"name\":\"Accueil\",\"item\":\"https:\\\/\\\/lanuitdesours.lautre.net\\\/\"},{\"@type\":\"ListItem\",\"position\":2,\"name\":\"Ateliers\"}]},{\"@type\":\"WebSite\",\"@id\":\"https:\\\/\\\/lanuitdesours.lautre.net\\\/#website\",\"url\":\"https:\\\/\\\/lanuitdesours.lautre.net\\\/\",\"name\":\"La Nuit des Ours\",\"description\":\"CR\u00c9ER C&#039;EST R\u00c9SISTER | R\u00c9SISTER C&#039;EST CR\u00c9ER\",\"publisher\":{\"@id\":\"https:\\\/\\\/lanuitdesours.lautre.net\\\/#organization\"},\"potentialAction\":[{\"@type\":\"SearchAction\",\"target\":{\"@type\":\"EntryPoint\",\"urlTemplate\":\"https:\\\/\\\/lanuitdesours.lautre.net\\\/?s={search_term_string}\"},\"query-input\":{\"@type\":\"PropertyValueSpecification\",\"valueRequired\":true,\"valueName\":\"search_term_string\"}}],\"inLanguage\":\"fr-FR\"},{\"@type\":\"Organization\",\"@id\":\"https:\\\/\\\/lanuitdesours.lautre.net\\\/#organization\",\"name\":\"Association LA NUIT DES OURS\",\"url\":\"https:\\\/\\\/lanuitdesours.lautre.net\\\/\",\"logo\":{\"@type\":\"ImageObject\",\"inLanguage\":\"fr-FR\",\"@id\":\"https:\\\/\\\/lanuitdesours.lautre.net\\\/#\\\/schema\\\/logo\\\/image\\\/\",\"url\":\"https:\\\/\\\/nuit-des-ours.com\\\/wp-content\\\/uploads\\\/2022\\\/07\\\/cropped-NDO_logo-noir_jaune.jpg\",\"contentUrl\":\"https:\\\/\\\/nuit-des-ours.com\\\/wp-content\\\/uploads\\\/2022\\\/07\\\/cropped-NDO_logo-noir_jaune.jpg\",\"width\":512,\"height\":512,\"caption\":\"Association LA NUIT DES OURS\"},\"image\":{\"@id\":\"https:\\\/\\\/lanuitdesours.lautre.net\\\/#\\\/schema\\\/logo\\\/image\\\/\"},\"sameAs\":[\"https:\\\/\\\/www.facebook.com\\\/lanuitdesours\\\/\",\"https:\\\/\\\/www.instagram.com\\\/lanuitdesours\\\/\"]},{\"@type\":\"Person\",\"@id\":\"https:\\\/\\\/lanuitdesours.lautre.net\\\/#\\\/schema\\\/person\\\/1f4500f2f631d9916d6b39f1c0ba934c\",\"name\":\"Cr\u00e9er c'est R\u00e9sister\",\"image\":{\"@type\":\"ImageObject\",\"inLanguage\":\"fr-FR\",\"@id\":\"https:\\\/\\\/secure.gravatar.com\\\/avatar\\\/08f4e38908e105d843bc2bab0e7af2243257415b61b5fe99e955c21a5f61fc2b?s=96&d=mm&r=g\",\"url\":\"https:\\\/\\\/secure.gravatar.com\\\/avatar\\\/08f4e38908e105d843bc2bab0e7af2243257415b61b5fe99e955c21a5f61fc2b?s=96&d=mm&r=g\",\"contentUrl\":\"https:\\\/\\\/secure.gravatar.com\\\/avatar\\\/08f4e38908e105d843bc2bab0e7af2243257415b61b5fe99e955c21a5f61fc2b?s=96&d=mm&r=g\",\"caption\":\"Cr\u00e9er c'est R\u00e9sister\"},\"sameAs\":[\"http:\\\/\\\/www.lanuitdesours.lautre.net\"],\"url\":\"https:\\\/\\\/lanuitdesours.lautre.net\\\/?author=1\"}]}<\/script>\n<!-- \/ Yoast SEO plugin. -->","yoast_head_json":{"title":"Ateliers - La Nuit des Ours Edition 2024","description":"11 ATELIERS DU 6 AU 11 AO\u00dbT offrent la possibilit\u00e9 de d\u00e9couvrir de nouvelles pratiques artistiques ou culturelles pendant LA NUIT DES OURS.","robots":{"index":"index","follow":"follow","max-snippet":"max-snippet:-1","max-image-preview":"max-image-preview:large","max-video-preview":"max-video-preview:-1"},"canonical":"https:\/\/lanuitdesours.lautre.net\/?p=3582","og_locale":"fr_FR","og_type":"article","og_title":"Ateliers - La Nuit des Ours Edition 2024","og_description":"11 ATELIERS DU 6 AU 11 AO\u00dbT offrent la possibilit\u00e9 de d\u00e9couvrir de nouvelles pratiques artistiques ou culturelles pendant LA NUIT DES OURS.","og_url":"https:\/\/lanuitdesours.lautre.net\/?p=3582","og_site_name":"La Nuit des Ours","article_publisher":"https:\/\/www.facebook.com\/lanuitdesours\/","article_published_time":"2024-07-06T07:38:32+00:00","article_modified_time":"2024-07-30T12:57:35+00:00","og_image":[{"width":2560,"height":1707,"url":"https:\/\/lanuitdesours.lautre.net\/wp-content\/uploads\/2022\/07\/297-scaled.jpg","type":"image\/jpeg"}],"author":"Cr\u00e9er c'est R\u00e9sister","twitter_card":"summary_large_image","twitter_misc":{"\u00c9crit par":"Cr\u00e9er c'est R\u00e9sister","Dur\u00e9e de lecture estim\u00e9e":"8 minutes"},"schema":{"@context":"https:\/\/schema.org","@graph":[{"@type":"Article","@id":"https:\/\/lanuitdesours.lautre.net\/?p=3582#article","isPartOf":{"@id":"https:\/\/lanuitdesours.lautre.net\/?p=3582"},"author":{"name":"Cr\u00e9er c'est R\u00e9sister","@id":"https:\/\/lanuitdesours.lautre.net\/#\/schema\/person\/1f4500f2f631d9916d6b39f1c0ba934c"},"headline":"Ateliers","datePublished":"2024-07-06T07:38:32+00:00","dateModified":"2024-07-30T12:57:35+00:00","mainEntityOfPage":{"@id":"https:\/\/lanuitdesours.lautre.net\/?p=3582"},"wordCount":1176,"publisher":{"@id":"https:\/\/lanuitdesours.lautre.net\/#organization"},"image":{"@id":"https:\/\/lanuitdesours.lautre.net\/?p=3582#primaryimage"},"thumbnailUrl":"https:\/\/lanuitdesours.lautre.net\/wp-content\/uploads\/2022\/07\/297-scaled.jpg","keywords":["ATELIERS"],"articleSection":["Edition 2024"],"inLanguage":"fr-FR"},{"@type":"WebPage","@id":"https:\/\/lanuitdesours.lautre.net\/?p=3582","url":"https:\/\/lanuitdesours.lautre.net\/?p=3582","name":"Ateliers - La Nuit des Ours Edition 2024","isPartOf":{"@id":"https:\/\/lanuitdesours.lautre.net\/#website"},"primaryImageOfPage":{"@id":"https:\/\/lanuitdesours.lautre.net\/?p=3582#primaryimage"},"image":{"@id":"https:\/\/lanuitdesours.lautre.net\/?p=3582#primaryimage"},"thumbnailUrl":"https:\/\/lanuitdesours.lautre.net\/wp-content\/uploads\/2022\/07\/297-scaled.jpg","datePublished":"2024-07-06T07:38:32+00:00","dateModified":"2024-07-30T12:57:35+00:00","description":"11 ATELIERS DU 6 AU 11 AO\u00dbT offrent la possibilit\u00e9 de d\u00e9couvrir de nouvelles pratiques artistiques ou culturelles pendant LA NUIT DES OURS.","breadcrumb":{"@id":"https:\/\/lanuitdesours.lautre.net\/?p=3582#breadcrumb"},"inLanguage":"fr-FR","potentialAction":[{"@type":"ReadAction","target":["https:\/\/lanuitdesours.lautre.net\/?p=3582"]}]},{"@type":"ImageObject","inLanguage":"fr-FR","@id":"https:\/\/lanuitdesours.lautre.net\/?p=3582#primaryimage","url":"https:\/\/lanuitdesours.lautre.net\/wp-content\/uploads\/2022\/07\/297-scaled.jpg","contentUrl":"https:\/\/lanuitdesours.lautre.net\/wp-content\/uploads\/2022\/07\/297-scaled.jpg","width":2560,"height":1707,"caption":"\u24b8 Nina Bompard"},{"@type":"BreadcrumbList","@id":"https:\/\/lanuitdesours.lautre.net\/?p=3582#breadcrumb","itemListElement":[{"@type":"ListItem","position":1,"name":"Accueil","item":"https:\/\/lanuitdesours.lautre.net\/"},{"@type":"ListItem","position":2,"name":"Ateliers"}]},{"@type":"WebSite","@id":"https:\/\/lanuitdesours.lautre.net\/#website","url":"https:\/\/lanuitdesours.lautre.net\/","name":"La Nuit des Ours","description":"CR\u00c9ER C&#039;EST R\u00c9SISTER | R\u00c9SISTER C&#039;EST CR\u00c9ER","publisher":{"@id":"https:\/\/lanuitdesours.lautre.net\/#organization"},"potentialAction":[{"@type":"SearchAction","target":{"@type":"EntryPoint","urlTemplate":"https:\/\/lanuitdesours.lautre.net\/?s={search_term_string}"},"query-input":{"@type":"PropertyValueSpecification","valueRequired":true,"valueName":"search_term_string"}}],"inLanguage":"fr-FR"},{"@type":"Organization","@id":"https:\/\/lanuitdesours.lautre.net\/#organization","name":"Association LA NUIT DES OURS","url":"https:\/\/lanuitdesours.lautre.net\/","logo":{"@type":"ImageObject","inLanguage":"fr-FR","@id":"https:\/\/lanuitdesours.lautre.net\/#\/schema\/logo\/image\/","url":"https:\/\/nuit-des-ours.com\/wp-content\/uploads\/2022\/07\/cropped-NDO_logo-noir_jaune.jpg","contentUrl":"https:\/\/nuit-des-ours.com\/wp-content\/uploads\/2022\/07\/cropped-NDO_logo-noir_jaune.jpg","width":512,"height":512,"caption":"Association LA NUIT DES OURS"},"image":{"@id":"https:\/\/lanuitdesours.lautre.net\/#\/schema\/logo\/image\/"},"sameAs":["https:\/\/www.facebook.com\/lanuitdesours\/","https:\/\/www.instagram.com\/lanuitdesours\/"]},{"@type":"Person","@id":"https:\/\/lanuitdesours.lautre.net\/#\/schema\/person\/1f4500f2f631d9916d6b39f1c0ba934c","name":"Cr\u00e9er c'est R\u00e9sister","image":{"@type":"ImageObject","inLanguage":"fr-FR","@id":"https:\/\/secure.gravatar.com\/avatar\/08f4e38908e105d843bc2bab0e7af2243257415b61b5fe99e955c21a5f61fc2b?s=96&d=mm&r=g","url":"https:\/\/secure.gravatar.com\/avatar\/08f4e38908e105d843bc2bab0e7af2243257415b61b5fe99e955c21a5f61fc2b?s=96&d=mm&r=g","contentUrl":"https:\/\/secure.gravatar.com\/avatar\/08f4e38908e105d843bc2bab0e7af2243257415b61b5fe99e955c21a5f61fc2b?s=96&d=mm&r=g","caption":"Cr\u00e9er c'est R\u00e9sister"},"sameAs":["http:\/\/www.lanuitdesours.lautre.net"],"url":"https:\/\/lanuitdesours.lautre.net\/?author=1"}]}},"_links":{"self":[{"href":"https:\/\/lanuitdesours.lautre.net\/index.php?rest_route=\/wp\/v2\/posts\/3582","targetHints":{"allow":["GET"]}}],"collection":[{"href":"https:\/\/lanuitdesours.lautre.net\/index.php?rest_route=\/wp\/v2\/posts"}],"about":[{"href":"https:\/\/lanuitdesours.lautre.net\/index.php?rest_route=\/wp\/v2\/types\/post"}],"author":[{"embeddable":true,"href":"https:\/\/lanuitdesours.lautre.net\/index.php?rest_route=\/wp\/v2\/users\/1"}],"replies":[{"embeddable":true,"href":"https:\/\/lanuitdesours.lautre.net\/index.php?rest_route=%2Fwp%2Fv2%2Fcomments&post=3582"}],"version-history":[{"count":10,"href":"https:\/\/lanuitdesours.lautre.net\/index.php?rest_route=\/wp\/v2\/posts\/3582\/revisions"}],"predecessor-version":[{"id":3761,"href":"https:\/\/lanuitdesours.lautre.net\/index.php?rest_route=\/wp\/v2\/posts\/3582\/revisions\/3761"}],"wp:featuredmedia":[{"embeddable":true,"href":"https:\/\/lanuitdesours.lautre.net\/index.php?rest_route=\/wp\/v2\/media\/727"}],"wp:attachment":[{"href":"https:\/\/lanuitdesours.lautre.net\/index.php?rest_route=%2Fwp%2Fv2%2Fmedia&parent=3582"}],"wp:term":[{"taxonomy":"category","embeddable":true,"href":"https:\/\/lanuitdesours.lautre.net\/index.php?rest_route=%2Fwp%2Fv2%2Fcategories&post=3582"},{"taxonomy":"post_tag","embeddable":true,"href":"https:\/\/lanuitdesours.lautre.net\/index.php?rest_route=%2Fwp%2Fv2%2Ftags&post=3582"}],"curies":[{"name":"wp","href":"https:\/\/api.w.org\/{rel}","templated":true}]}}