{"id":3562,"date":"2024-07-07T09:15:55","date_gmt":"2024-07-07T07:15:55","guid":{"rendered":"https:\/\/nuit-des-ours.com\/?p=3562"},"modified":"2024-07-29T23:20:46","modified_gmt":"2024-07-29T21:20:46","slug":"la-tournee-des-bistrots-2","status":"publish","type":"post","link":"https:\/\/lanuitdesours.lautre.net\/?p=3562","title":{"rendered":"La Tourn\u00e9e des Bistrots"},"content":{"rendered":"\n<h2 class=\"wp-block-heading\">LA TOURN\u00c9E DES BISTROTS, DU 6 AU 12 AO\u00dbT 2024<\/h2>\n\n\n\n<p class=\"wp-block-paragraph\">Rendez-vous l\u2019apr\u00e8s-midi, \u00e0 l\u2019ap\u00e9ro ou le soir pour <strong>LA TOURN\u00c9E DES BISTROTS<\/strong>, des concerts <strong>gratuits<\/strong> (hors consommations) et un th\u00e9\u00e2tre populaire (avec repas, sur r\u00e9servation), organis\u00e9s en partenariat avec les buvettes, bistrots et restaurants de toute la vall\u00e9e, de Servoz (France) \u00e0 Trient (Suisse). <\/p>\n\n\n\n<h5 class=\"wp-block-heading\">Programme de la TOURN\u00c9E DES BISTROTS :<\/h5>\n\n\n\n<div class=\"wp-block-columns is-layout-flex wp-container-core-columns-is-layout-8f761849 wp-block-columns-is-layout-flex\">\n<div class=\"wp-block-column is-layout-flow wp-block-column-is-layout-flow\">\n<h3 class=\"wp-block-heading\"><a href=\"https:\/\/www.youtube.com\/channel\/UCB4HNc0Tt1ncaNsAJSbOPcA\">KKO <\/a><br>fanfare klezmer<\/h3>\n\n\n\n<p class=\"wp-block-paragraph\"><strong><mark style=\"background-color:rgba(0, 0, 0, 0)\" class=\"has-inline-color has-accent-1-color\">20 musiciens<\/mark><\/strong><br>Le KKO est un collectif qui r\u00e9unit des musiciens venant d\u2019horizons tr\u00e8s divers autour du r\u00e9pertoire de la musique juive d\u2019Europe de l\u2019Est. Sans s\u2019interdire quelques incursions vers le Funk et le Jazz, l\u2019ensemble fait vivre le groove originel des Freilachs, Bulgar, Sirba et autres danses festives qui trouvent leurs racines dans la culture ashk\u00e9naze du XV\u00e8me si\u00e8cle.<\/p>\n<\/div>\n\n\n\n<div class=\"wp-block-column is-vertically-aligned-center is-layout-flow wp-block-column-is-layout-flow\"><div class=\"wp-block-image\">\n<figure class=\"aligncenter size-medium\"><img loading=\"lazy\" decoding=\"async\" width=\"300\" height=\"156\" src=\"https:\/\/nuit-des-ours.com\/wp-content\/uploads\/2024\/07\/KKO-300x156.jpg\" alt=\"tourn\u00e9e des bistrots KKO\" class=\"wp-image-3566\" srcset=\"https:\/\/lanuitdesours.lautre.net\/wp-content\/uploads\/2024\/07\/KKO-300x156.jpg 300w, https:\/\/lanuitdesours.lautre.net\/wp-content\/uploads\/2024\/07\/KKO-768x401.jpg 768w, https:\/\/lanuitdesours.lautre.net\/wp-content\/uploads\/2024\/07\/KKO-496x259.jpg 496w, https:\/\/lanuitdesours.lautre.net\/wp-content\/uploads\/2024\/07\/KKO.jpg 972w\" sizes=\"auto, (max-width: 300px) 100vw, 300px\" \/><\/figure>\n<\/div><\/div>\n<\/div>\n\n\n\n<h5 class=\"wp-block-heading\">Dates &amp; lieux :<\/h5>\n\n\n\n<ul class=\"wp-block-list\">\n<li><mark style=\"background-color:rgba(0, 0, 0, 0)\" class=\"has-inline-color has-accent-2-color\">MARDI 6 AO\u00dbT<\/mark> <mark style=\"background-color:rgba(0, 0, 0, 0)\" class=\"has-inline-color has-accent-2-color\">&gt; 17h30 : <\/mark><strong><mark style=\"background-color:rgba(0, 0, 0, 0)\" class=\"has-inline-color has-accent-2-color\">A l\u2019Office de tourisme de Vallorcine<\/mark><\/strong> 183 Route des Confins, acc\u00e8s gare : Vallorcine<br><mark style=\"background-color:rgba(0, 0, 0, 0)\" class=\"has-inline-color has-accent-2-color\">&gt; 18h30 : <\/mark><strong><mark style=\"background-color:rgba(0, 0, 0, 0)\" class=\"has-inline-color has-accent-2-color\">Au petit march\u00e9 de Vallorcine<\/mark><\/strong> En face de l\u2019office de tourisme de Vallorcine<br><mark style=\"background-color:rgba(0, 0, 0, 0)\" class=\"has-inline-color has-accent-2-color\">&gt;<\/mark> <mark style=\"background-color:rgba(0, 0, 0, 0)\" class=\"has-inline-color has-accent-2-color\">19h30<\/mark><strong><mark style=\"background-color:rgba(0, 0, 0, 0)\" class=\"has-inline-color has-accent-2-color\"> : Chez Guy<\/mark><\/strong> En face du petit march\u00e9 de Vallorcine<\/li>\n\n\n\n<li><mark style=\"background-color:rgba(0, 0, 0, 0)\" class=\"has-inline-color has-accent-2-color\">MERCREDI 7 AO\u00dbT &gt; 12h : <\/mark><strong><mark style=\"background-color:rgba(0, 0, 0, 0)\" class=\"has-inline-color has-accent-2-color\">Buvette du Glacier de Trient (Suisse)<\/mark><\/strong> Pr\u00e9voir 45mn de marche \u00e0 plat depuis le col de la Forclaz<\/li>\n\n\n\n<li><mark style=\"background-color:rgba(0, 0, 0, 0)\" class=\"has-inline-color has-accent-2-color\"><mark style=\"background-color:rgba(0, 0, 0, 0)\" class=\"has-inline-color has-accent-2-color\">JEUDI 8 AO\u00dbT<\/mark> &gt; 21h30 :<\/mark><strong><mark style=\"background-color:rgba(0, 0, 0, 0)\" class=\"has-inline-color has-accent-2-color\"> Auberge de jeunesse de Chamonix<\/mark><\/strong> 127 Mont\u00e9e J. Balmat Les P\u00e9lerins d&rsquo;en Haut, Chamonix<\/li>\n<\/ul>\n\n\n\n<div class=\"wp-block-columns is-layout-flex wp-container-core-columns-is-layout-8f761849 wp-block-columns-is-layout-flex\">\n<div class=\"wp-block-column is-layout-flow wp-block-column-is-layout-flow\">\n<h3 class=\"wp-block-heading\">MISHKA<br>trio de musique klezmer<\/h3>\n\n\n\n<p class=\"wp-block-paragraph\"><mark style=\"background-color:rgba(0, 0, 0, 0)\" class=\"has-inline-color has-accent-1-color\"><strong>Valizar Assenov <\/strong>: Guitare, violon, voix<br><strong>Gheorghe Ciumasu<\/strong> : Accord\u00e9on, voix<br><strong>Charles Rappoport<\/strong>&nbsp;: Violon<\/mark><br>Le trio Mishka vous invite \u00e0 son cabaret des musiques tsiganes, russes, balkaniques et klezmer. Au programme, des chansons poignantes, des airs de violon virtuoses et dansants dans une ambiance chaleureuse et festive.<\/p>\n<\/div>\n\n\n\n<div class=\"wp-block-column is-vertically-aligned-center is-layout-flow wp-block-column-is-layout-flow\"><div class=\"wp-block-image\">\n<figure class=\"aligncenter size-medium\"><img loading=\"lazy\" decoding=\"async\" width=\"300\" height=\"201\" src=\"https:\/\/nuit-des-ours.com\/wp-content\/uploads\/2024\/07\/MISHKA-1-300x201.jpg\" alt=\"\" class=\"wp-image-3567\" srcset=\"https:\/\/lanuitdesours.lautre.net\/wp-content\/uploads\/2024\/07\/MISHKA-1-300x201.jpg 300w, https:\/\/lanuitdesours.lautre.net\/wp-content\/uploads\/2024\/07\/MISHKA-1-768x514.jpg 768w, https:\/\/lanuitdesours.lautre.net\/wp-content\/uploads\/2024\/07\/MISHKA-1-448x300.jpg 448w, https:\/\/lanuitdesours.lautre.net\/wp-content\/uploads\/2024\/07\/MISHKA-1.jpg 807w\" sizes=\"auto, (max-width: 300px) 100vw, 300px\" \/><\/figure>\n<\/div><\/div>\n<\/div>\n\n\n\n<h5 class=\"wp-block-heading\">Dates &amp; lieux :<\/h5>\n\n\n\n<ul class=\"wp-block-list\">\n<li><mark style=\"background-color:rgba(0, 0, 0, 0)\" class=\"has-inline-color has-accent-2-color\">JEUDI 8 AO\u00dbT &gt; 18h : <\/mark><strong><mark style=\"background-color:rgba(0, 0, 0, 0)\" class=\"has-inline-color has-accent-2-color\">Maison du Lieutenant \u00e0 Servoz<\/mark> <\/strong>2231 le hameau du Mont, Servoz<\/li>\n\n\n\n<li><mark style=\"background-color:rgba(0, 0, 0, 0)\" class=\"has-inline-color has-accent-2-color\">VENDREDI 9 AO\u00dbT  &gt; 14h30 : <strong>EHPAD de Chamonix<\/strong><\/mark> 110 chemin Fran\u00e7ois Devouassoux R\u00e9sidence H\u00e9l\u00e8ne Couttet<\/li>\n\n\n\n<li><mark style=\"background-color:rgba(0, 0, 0, 0)\" class=\"has-inline-color has-accent-2-color\">SAMEDI 10 AO\u00dbT&gt; 19h : <strong>Aux Edelweiss \u00e0 Vallorcine<\/strong><\/mark><\/li>\n\n\n\n<li><a href=\"https:\/\/nuit-des-ours.com\/2024\/conference-diner-concert-klezmer\/\"><mark style=\"background-color:rgba(0, 0, 0, 0)\" class=\"has-inline-color has-accent-2-color\">DIMANCHE 11 AO\u00dbT &gt; 19h : <strong>H\u00f4tel du Buet \u00e0 Vallorcine<\/strong> (r\u00e9servation obligatoire, 30\u20ac avec repas)<\/mark><\/a><\/li>\n<\/ul>\n\n\n\n<h3 class=\"wp-block-heading\">\u00ab&nbsp;CHEZ PIERROT&nbsp;\u00bb Th\u00e9\u00e2tre populaire<br>par la compagnie ETC\u2026ART<\/h3>\n\n\n\n<div class=\"wp-block-columns is-layout-flex wp-container-core-columns-is-layout-8f761849 wp-block-columns-is-layout-flex\">\n<div class=\"wp-block-column is-layout-flow wp-block-column-is-layout-flow\">\n<p class=\"wp-block-paragraph\"><mark style=\"background-color:rgba(0, 0, 0, 0)\" class=\"has-inline-color has-accent-1-color\"><strong>De Jean-Claude Grumberg<\/strong> <br>Mise en sc\u00e8ne : <strong>Jean-Luc Guitton<\/strong><br>Avec : <strong>Philippe Georges, Herv\u00e9 Marcillat, Sylvain Margarit, V\u00e9ronique Pilia, Fr\u00e9d\u00e9ric Russo, Louis Terver<\/strong><\/mark><\/p>\n\n\n\n<p class=\"wp-block-paragraph\">Sur fond de racisme et de sexisme, la pi\u00e8ce fait vivre une journ\u00e9e \u2013 la derni\u00e8re peut-\u00eatre \u2013 du caf\u00e9 \u00ab Chez Pierrot \u00bb, dernier vestige d\u2019un quartier sinistr\u00e9, dernier espace de vie dans une rue en d\u00e9molition. Dans cette oubliette de banlieue, Isidore, Edouard et Popaul vivent aux crochets de Gaston, le tenancier et d\u2019Andr\u00e9e, sa belle-fille. Mais o\u00f9 est Pierrot, le fils du patron ? Dans quelques jours cela fera dix ans qu\u2019il est parti\u2026<br>R\u00e9voltes, d\u00e9sespoirs, bassesses animent les personnages de ce huis clos \u00e9mouvant et dr\u00f4le. \u00c7a boit sec chez Pierrot, \u00e7a crie, \u00e7a philosophe, \u00e7a s\u2019envoie arguments et taloches dans la gueule.<\/p>\n<\/div>\n\n\n\n<div class=\"wp-block-column is-vertically-aligned-center is-layout-flow wp-block-column-is-layout-flow\"><div class=\"wp-block-image\">\n<figure class=\"aligncenter size-medium\"><img loading=\"lazy\" decoding=\"async\" width=\"300\" height=\"200\" src=\"https:\/\/nuit-des-ours.com\/wp-content\/uploads\/2024\/07\/chezpierrot-300x200.jpg\" alt=\"\" class=\"wp-image-3572\" srcset=\"https:\/\/lanuitdesours.lautre.net\/wp-content\/uploads\/2024\/07\/chezpierrot-300x200.jpg 300w, https:\/\/lanuitdesours.lautre.net\/wp-content\/uploads\/2024\/07\/chezpierrot-768x513.jpg 768w, https:\/\/lanuitdesours.lautre.net\/wp-content\/uploads\/2024\/07\/chezpierrot-449x300.jpg 449w, https:\/\/lanuitdesours.lautre.net\/wp-content\/uploads\/2024\/07\/chezpierrot.jpg 776w\" sizes=\"auto, (max-width: 300px) 100vw, 300px\" \/><\/figure>\n<\/div><\/div>\n<\/div>\n\n\n\n<p class=\"wp-block-paragraph\"><strong>Sur r\u00e9servation (35\u20ac)<br>D\u00e9jeuner \/ Diner \u00e0 l\u2019entr\u2019acte<\/strong><\/p>\n\n\n\n<div class=\"wp-block-buttons is-content-justification-left is-layout-flex wp-container-core-buttons-is-layout-63375db1 wp-block-buttons-is-layout-flex\">\n<div class=\"wp-block-button is-style-outline is-style-outline--1\"><a class=\"wp-block-button__link has-normal-font-size has-custom-font-size wp-element-button\" href=\"https:\/\/www.helloasso.com\/associations\/la-nuit-des-ours\/evenements\/evenements-artistiques-6-7-8-10-11-et-12-aout-edition-2025-1\" style=\"border-radius:0px\" target=\"_blank\" rel=\"noreferrer noopener\">R\u00c9SERVER<\/a><\/div>\n<\/div>\n\n\n\n<h5 class=\"wp-block-heading\">Dates &amp; lieux :<\/h5>\n\n\n\n<ul class=\"wp-block-list\">\n<li><mark style=\"background-color:rgba(0, 0, 0, 0)\" class=\"has-inline-color has-accent-2-color\">JEUDI 8 AO\u00dbT &gt; 19h30 : <strong>chez M\u00e9lanie \u00e0 Chamonix<\/strong><\/mark> Place de l&rsquo;\u00c9glise (gare : Chamonix)<\/li>\n\n\n\n<li><mark style=\"background-color:rgba(0, 0, 0, 0)\" class=\"has-inline-color has-accent-2-color\">VENDREDI 9 AO\u00dbT  &gt; 12h : <strong>Les Voisines \u00e0 Argenti\u00e8re<\/strong><\/mark> 368 rue Charlet Straton (gare : Argenti\u00e8re)<\/li>\n<\/ul>\n\n\n\n<div class=\"wp-block-columns is-layout-flex wp-container-core-columns-is-layout-8f761849 wp-block-columns-is-layout-flex\">\n<div class=\"wp-block-column is-layout-flow wp-block-column-is-layout-flow\">\n<h3 class=\"wp-block-heading\">LOUIS MEZZASOMA <br>trio rock\/blues<\/h3>\n\n\n\n<p class=\"wp-block-paragraph\">A l\u2019instar des Rory Gallagher, Robert Johnson, Seasick Steve \u2013 songwriters caboss\u00e9s qu\u2019il affectionne tant \u2013 le st\u00e9phanois de vingt-sept ans sonde l\u2019\u00e2me du blues, y capture l\u2019esprit, remonte jusqu\u2019\u00e0 sa source. Sans nostalgie exacerb\u00e9e. Sans recr\u00e9er un son du pass\u00e9. <br>Chez lui, un besoin d\u2019expulser l\u2019intime, de faire jaillir l\u2019ombre et la lumi\u00e8re. Le plaisir du jeu aussi, la recherche d\u2019une harmonie, d\u2019un langage commun entre les instruments et le chant.<\/p>\n<\/div>\n\n\n\n<div class=\"wp-block-column is-vertically-aligned-center is-layout-flow wp-block-column-is-layout-flow\"><div class=\"wp-block-image\">\n<figure class=\"aligncenter size-medium\"><img loading=\"lazy\" decoding=\"async\" width=\"300\" height=\"200\" src=\"https:\/\/nuit-des-ours.com\/wp-content\/uploads\/2024\/07\/LouisMezzasoma-300x200.jpg\" alt=\"\" class=\"wp-image-3576\" srcset=\"https:\/\/lanuitdesours.lautre.net\/wp-content\/uploads\/2024\/07\/LouisMezzasoma-300x200.jpg 300w, https:\/\/lanuitdesours.lautre.net\/wp-content\/uploads\/2024\/07\/LouisMezzasoma-768x512.jpg 768w, https:\/\/lanuitdesours.lautre.net\/wp-content\/uploads\/2024\/07\/LouisMezzasoma-450x300.jpg 450w, https:\/\/lanuitdesours.lautre.net\/wp-content\/uploads\/2024\/07\/LouisMezzasoma.jpg 810w\" sizes=\"auto, (max-width: 300px) 100vw, 300px\" \/><\/figure>\n<\/div><\/div>\n<\/div>\n\n\n\n<h5 class=\"wp-block-heading\">Dates &amp; lieux :<\/h5>\n\n\n\n<ul class=\"wp-block-list\">\n<li><mark style=\"background-color:rgba(0, 0, 0, 0)\" class=\"has-inline-color has-accent-2-color\">JEUDI 8 AO\u00dbT &gt; 17h30 : <strong>H\u00f4tel La Couronne \u00e0 Argenti\u00e8re<\/strong><\/mark> 285 rue Charlet Straton (gare : Argenti\u00e8re)<\/li>\n\n\n\n<li><mark style=\"background-color:rgba(0, 0, 0, 0)\" class=\"has-inline-color has-accent-2-color\">VENDREDI 9 AO\u00dbT  &gt; 17h : <strong>La Petite Diligence \u00e0 Vallorcine<\/strong><\/mark> Espace poneys (gare : Vallorcine)<\/li>\n\n\n\n<li><mark style=\"background-color:rgba(0, 0, 0, 0)\" class=\"has-inline-color has-accent-2-color\">SAMEDI 10 AO\u00dbT  &gt; 12h :<\/mark><strong><mark style=\"background-color:rgba(0, 0, 0, 0)\" class=\"has-inline-color has-accent-2-color\"> Restaurant Les Touristes \u00e0 Ch\u00e2telard-Fronti\u00e8re<\/mark><\/strong>,  Finhaut (Suisse) (gare : Ch\u00e2telard-Fronti\u00e8re)<\/li>\n\n\n\n<li><mark style=\"background-color:rgba(0, 0, 0, 0)\" class=\"has-inline-color has-accent-2-color\"><mark style=\"background-color:rgba(0, 0, 0, 0)\" class=\"has-inline-color has-accent-2-color\">DIMANCHE 11 AO\u00dbT<\/mark> &gt; 21h30 :<\/mark><strong><mark style=\"background-color:rgba(0, 0, 0, 0)\" class=\"has-inline-color has-accent-2-color\"> Auberge de jeunesse de Chamonix<\/mark><\/strong> 127 Mont\u00e9e J. Balmat Les P\u00e9lerins d&rsquo;en Haut, Chamonix<\/li>\n<\/ul>\n\n\n\n<div class=\"wp-block-columns is-layout-flex wp-container-core-columns-is-layout-8f761849 wp-block-columns-is-layout-flex\">\n<div class=\"wp-block-column is-layout-flow wp-block-column-is-layout-flow\">\n<h3 class=\"wp-block-heading\">LAVACH&rsquo;rock arm\u00e9nien<\/h3>\n\n\n\n<p class=\"wp-block-paragraph\"><mark style=\"background-color:rgba(0, 0, 0, 0)\" class=\"has-inline-color has-accent-1-color\"><strong>S\u00e9vane St\u00e9panian<\/strong> : chant, accord\u00e9on, clavier<br><strong>Fr\u00e9d\u00e9ric Birau Maliszewski<\/strong> : batterie, chant, ch\u0153ur, sampler<br><strong>Yohan Rochetta <\/strong>: violon, ch\u0153ur<br><strong>Florian Garcin<\/strong> : guitare, ch\u0153ur<\/mark><br>Insatiable explorateur des cultures du monde, le groupe d\u00e9ploie sur sc\u00e8ne son groove cosmopolite, ses chansons bigarr\u00e9es nourries de 20 ans de tourn\u00e9es en France, au Mexique, en Colombie, en Arm\u00e9nie, au Laos, aux Etats-Unis et en Europe de l\u2019Est. Le spectacle de Lavach\u2019 est un voyage po\u00e9tique et dansant, un road-movie musical dont l\u2019Arm\u00e9nie est le port d\u2019attache.<br>S\u00e9vane, la chanteuse aux racines arm\u00e9niennes, m\u00eale subtilement gouaille, rock\u2019n\u2019roll et m\u00e9lancolie. Virevoltant avec son accord\u00e9on, elle emm\u00e8ne son groupe dans une \u00e9nergie bastringue qui gagne aussit\u00f4t le public ! Un violoniste acrobate, un guitariste rugissant et un batteur explosif compl\u00e8tent ce quatuor d\u2019alchimistes.<\/p>\n<\/div>\n\n\n\n<div class=\"wp-block-column is-vertically-aligned-center is-layout-flow wp-block-column-is-layout-flow\"><div class=\"wp-block-image\">\n<figure class=\"aligncenter size-medium\"><img loading=\"lazy\" decoding=\"async\" width=\"300\" height=\"168\" src=\"https:\/\/nuit-des-ours.com\/wp-content\/uploads\/2024\/07\/LAVACH-300x168.jpg\" alt=\"\" class=\"wp-image-3434\" style=\"aspect-ratio:1;object-fit:cover\" srcset=\"https:\/\/lanuitdesours.lautre.net\/wp-content\/uploads\/2024\/07\/LAVACH-300x168.jpg 300w, https:\/\/lanuitdesours.lautre.net\/wp-content\/uploads\/2024\/07\/LAVACH-768x431.jpg 768w, https:\/\/lanuitdesours.lautre.net\/wp-content\/uploads\/2024\/07\/LAVACH-496x278.jpg 496w, https:\/\/lanuitdesours.lautre.net\/wp-content\/uploads\/2024\/07\/LAVACH.jpg 906w\" sizes=\"auto, (max-width: 300px) 100vw, 300px\" \/><\/figure>\n<\/div><\/div>\n<\/div>\n\n\n\n<h5 class=\"wp-block-heading\">Dates &amp; lieux :<\/h5>\n\n\n\n<ul class=\"wp-block-list\">\n<li><mark style=\"background-color:rgba(0, 0, 0, 0)\" class=\"has-inline-color has-accent-2-color\">JEUDI 8 AO\u00dbT &gt; 20h : <strong>H\u00f4tel La Couronne \u00e0 Argenti\u00e8re<\/strong><\/mark> 285 rue Charlet Straton (gare : Argenti\u00e8re)<\/li>\n\n\n\n<li><mark style=\"background-color:rgba(0, 0, 0, 0)\" class=\"has-inline-color has-accent-2-color\">VENDREDI 9 AO\u00dbT  &gt; 21h : <strong>La Petite Diligence \u00e0 Vallorcine<\/strong><\/mark> Espace poneys (gare : Vallorcine)<\/li>\n\n\n\n<li><mark style=\"background-color:rgba(0, 0, 0, 0)\" class=\"has-inline-color has-accent-2-color\">SAMEDI 10 AO\u00dbT  &gt; 21h30 :<\/mark><strong><mark style=\"background-color:rgba(0, 0, 0, 0)\" class=\"has-inline-color has-accent-2-color\"> Auberge de jeunesse de Chamonix<\/mark><\/strong> 127 Mont\u00e9e J. Balmat Les P\u00e9lerins d&rsquo;en Haut, Chamonix<\/li>\n\n\n\n<li><mark style=\"background-color:rgba(0, 0, 0, 0)\" class=\"has-inline-color has-accent-2-color\">DIMANCHE 11 AO\u00dbT &gt; 18h : <strong>The Office \u00e0 Argenti\u00e8re <\/strong><\/mark>274 Rue Charlet Straton (gare : Argenti\u00e8re)<\/li>\n\n\n\n<li><mark style=\"background-color:rgba(0, 0, 0, 0)\" class=\"has-inline-color has-accent-2-color\">LUNDI 12 AO\u00dbT &gt; 20h : <strong>Aux Edelweiss <\/strong><\/mark>derri\u00e8re la gare de Vallorcine vers le Caf\u00e9\/Comptoir \/\/ <a href=\"https:\/\/nuit-des-ours.com\/2024\/la-nuit-en-plein-jour\/\">GRANDE F\u00caTE DE CLOTURE de LA NUIT EN PLEIN JOUR<\/a><\/li>\n<\/ul>\n","protected":false},"excerpt":{"rendered":"<p>DU 6 AU 12 AO\u00dbT 2024. Des concerts gratuits (hors consommations) et un th\u00e9\u00e2tre populaire (avec repas, sur r\u00e9servation), organis\u00e9s en partenariat avec les buvettes, bistrots et restaurants de toute la vall\u00e9e, de Servoz (France) \u00e0 Trient (Suisse).<\/p>\n","protected":false},"author":1,"featured_media":359,"comment_status":"closed","ping_status":"closed","sticky":false,"template":"","format":"standard","meta":{"footnotes":""},"categories":[37],"tags":[51],"class_list":["post-3562","post","type-post","status-publish","format-standard","has-post-thumbnail","hentry","category-edition-2024","tag-tournee-des-bistrots"],"yoast_head":"<!-- This site is optimized with the Yoast SEO plugin v28.3 - https:\/\/yoast.com\/product\/yoast-seo-wordpress\/ -->\n<title>La Tourn\u00e9e des Bistrots - La Nuit des Ours Edition 2024<\/title>\n<meta name=\"description\" content=\"6 AU 12 AO\u00dbT 2024. LA TOURN\u00c9E DES BISTROTS, concerts et spectacles organis\u00e9s dans les buvettes, bistrots et restaurants de toute la vall\u00e9e.\" \/>\n<meta name=\"robots\" content=\"index, follow, max-snippet:-1, max-image-preview:large, max-video-preview:-1\" \/>\n<link rel=\"canonical\" href=\"https:\/\/lanuitdesours.lautre.net\/?p=3562\" \/>\n<meta property=\"og:locale\" content=\"fr_FR\" \/>\n<meta property=\"og:type\" content=\"article\" \/>\n<meta property=\"og:title\" content=\"La Tourn\u00e9e des Bistrots - La Nuit des Ours Edition 2024\" \/>\n<meta property=\"og:description\" content=\"6 AU 12 AO\u00dbT 2024. LA TOURN\u00c9E DES BISTROTS, concerts et spectacles organis\u00e9s dans les buvettes, bistrots et restaurants de toute la vall\u00e9e.\" \/>\n<meta property=\"og:url\" content=\"https:\/\/lanuitdesours.lautre.net\/?p=3562\" \/>\n<meta property=\"og:site_name\" content=\"La Nuit des Ours\" \/>\n<meta property=\"article:publisher\" content=\"https:\/\/www.facebook.com\/lanuitdesours\/\" \/>\n<meta property=\"article:published_time\" content=\"2024-07-07T07:15:55+00:00\" \/>\n<meta property=\"article:modified_time\" content=\"2024-07-29T21:20:46+00:00\" \/>\n<meta property=\"og:image\" content=\"https:\/\/lanuitdesours.lautre.net\/wp-content\/uploads\/2022\/07\/Cascade_11juin_Marine-3.jpg\" \/>\n\t<meta property=\"og:image:width\" content=\"1734\" \/>\n\t<meta property=\"og:image:height\" content=\"977\" \/>\n\t<meta property=\"og:image:type\" content=\"image\/jpeg\" \/>\n<meta name=\"author\" content=\"Cr\u00e9er c&#039;est R\u00e9sister\" \/>\n<meta name=\"twitter:card\" content=\"summary_large_image\" \/>\n<meta name=\"twitter:label1\" content=\"\u00c9crit par\" \/>\n\t<meta name=\"twitter:data1\" content=\"Cr\u00e9er c&#039;est R\u00e9sister\" \/>\n\t<meta name=\"twitter:label2\" content=\"Dur\u00e9e de lecture estim\u00e9e\" \/>\n\t<meta name=\"twitter:data2\" content=\"6 minutes\" \/>\n<script type=\"application\/ld+json\" class=\"yoast-schema-graph\">{\"@context\":\"https:\\\/\\\/schema.org\",\"@graph\":[{\"@type\":\"Article\",\"@id\":\"https:\\\/\\\/lanuitdesours.lautre.net\\\/?p=3562#article\",\"isPartOf\":{\"@id\":\"https:\\\/\\\/lanuitdesours.lautre.net\\\/?p=3562\"},\"author\":{\"name\":\"Cr\u00e9er c'est R\u00e9sister\",\"@id\":\"https:\\\/\\\/lanuitdesours.lautre.net\\\/#\\\/schema\\\/person\\\/1f4500f2f631d9916d6b39f1c0ba934c\"},\"headline\":\"La Tourn\u00e9e des Bistrots\",\"datePublished\":\"2024-07-07T07:15:55+00:00\",\"dateModified\":\"2024-07-29T21:20:46+00:00\",\"mainEntityOfPage\":{\"@id\":\"https:\\\/\\\/lanuitdesours.lautre.net\\\/?p=3562\"},\"wordCount\":946,\"publisher\":{\"@id\":\"https:\\\/\\\/lanuitdesours.lautre.net\\\/#organization\"},\"image\":{\"@id\":\"https:\\\/\\\/lanuitdesours.lautre.net\\\/?p=3562#primaryimage\"},\"thumbnailUrl\":\"https:\\\/\\\/lanuitdesours.lautre.net\\\/wp-content\\\/uploads\\\/2022\\\/07\\\/Cascade_11juin_Marine-3.jpg\",\"keywords\":[\"TOURN\u00c9E DES BISTROTS\"],\"articleSection\":[\"Edition 2024\"],\"inLanguage\":\"fr-FR\"},{\"@type\":\"WebPage\",\"@id\":\"https:\\\/\\\/lanuitdesours.lautre.net\\\/?p=3562\",\"url\":\"https:\\\/\\\/lanuitdesours.lautre.net\\\/?p=3562\",\"name\":\"La Tourn\u00e9e des Bistrots - La Nuit des Ours Edition 2024\",\"isPartOf\":{\"@id\":\"https:\\\/\\\/lanuitdesours.lautre.net\\\/#website\"},\"primaryImageOfPage\":{\"@id\":\"https:\\\/\\\/lanuitdesours.lautre.net\\\/?p=3562#primaryimage\"},\"image\":{\"@id\":\"https:\\\/\\\/lanuitdesours.lautre.net\\\/?p=3562#primaryimage\"},\"thumbnailUrl\":\"https:\\\/\\\/lanuitdesours.lautre.net\\\/wp-content\\\/uploads\\\/2022\\\/07\\\/Cascade_11juin_Marine-3.jpg\",\"datePublished\":\"2024-07-07T07:15:55+00:00\",\"dateModified\":\"2024-07-29T21:20:46+00:00\",\"description\":\"6 AU 12 AO\u00dbT 2024. LA TOURN\u00c9E DES BISTROTS, concerts et spectacles organis\u00e9s dans les buvettes, bistrots et restaurants de toute la vall\u00e9e.\",\"breadcrumb\":{\"@id\":\"https:\\\/\\\/lanuitdesours.lautre.net\\\/?p=3562#breadcrumb\"},\"inLanguage\":\"fr-FR\",\"potentialAction\":[{\"@type\":\"ReadAction\",\"target\":[\"https:\\\/\\\/lanuitdesours.lautre.net\\\/?p=3562\"]}]},{\"@type\":\"ImageObject\",\"inLanguage\":\"fr-FR\",\"@id\":\"https:\\\/\\\/lanuitdesours.lautre.net\\\/?p=3562#primaryimage\",\"url\":\"https:\\\/\\\/lanuitdesours.lautre.net\\\/wp-content\\\/uploads\\\/2022\\\/07\\\/Cascade_11juin_Marine-3.jpg\",\"contentUrl\":\"https:\\\/\\\/lanuitdesours.lautre.net\\\/wp-content\\\/uploads\\\/2022\\\/07\\\/Cascade_11juin_Marine-3.jpg\",\"width\":1734,\"height\":977,\"caption\":\"\u24b8 Marine Saviane\"},{\"@type\":\"BreadcrumbList\",\"@id\":\"https:\\\/\\\/lanuitdesours.lautre.net\\\/?p=3562#breadcrumb\",\"itemListElement\":[{\"@type\":\"ListItem\",\"position\":1,\"name\":\"Accueil\",\"item\":\"https:\\\/\\\/lanuitdesours.lautre.net\\\/\"},{\"@type\":\"ListItem\",\"position\":2,\"name\":\"La Tourn\u00e9e des Bistrots\"}]},{\"@type\":\"WebSite\",\"@id\":\"https:\\\/\\\/lanuitdesours.lautre.net\\\/#website\",\"url\":\"https:\\\/\\\/lanuitdesours.lautre.net\\\/\",\"name\":\"La Nuit des Ours\",\"description\":\"CR\u00c9ER C&#039;EST R\u00c9SISTER | R\u00c9SISTER C&#039;EST CR\u00c9ER\",\"publisher\":{\"@id\":\"https:\\\/\\\/lanuitdesours.lautre.net\\\/#organization\"},\"potentialAction\":[{\"@type\":\"SearchAction\",\"target\":{\"@type\":\"EntryPoint\",\"urlTemplate\":\"https:\\\/\\\/lanuitdesours.lautre.net\\\/?s={search_term_string}\"},\"query-input\":{\"@type\":\"PropertyValueSpecification\",\"valueRequired\":true,\"valueName\":\"search_term_string\"}}],\"inLanguage\":\"fr-FR\"},{\"@type\":\"Organization\",\"@id\":\"https:\\\/\\\/lanuitdesours.lautre.net\\\/#organization\",\"name\":\"Association LA NUIT DES OURS\",\"url\":\"https:\\\/\\\/lanuitdesours.lautre.net\\\/\",\"logo\":{\"@type\":\"ImageObject\",\"inLanguage\":\"fr-FR\",\"@id\":\"https:\\\/\\\/lanuitdesours.lautre.net\\\/#\\\/schema\\\/logo\\\/image\\\/\",\"url\":\"https:\\\/\\\/nuit-des-ours.com\\\/wp-content\\\/uploads\\\/2022\\\/07\\\/cropped-NDO_logo-noir_jaune.jpg\",\"contentUrl\":\"https:\\\/\\\/nuit-des-ours.com\\\/wp-content\\\/uploads\\\/2022\\\/07\\\/cropped-NDO_logo-noir_jaune.jpg\",\"width\":512,\"height\":512,\"caption\":\"Association LA NUIT DES OURS\"},\"image\":{\"@id\":\"https:\\\/\\\/lanuitdesours.lautre.net\\\/#\\\/schema\\\/logo\\\/image\\\/\"},\"sameAs\":[\"https:\\\/\\\/www.facebook.com\\\/lanuitdesours\\\/\",\"https:\\\/\\\/www.instagram.com\\\/lanuitdesours\\\/\"]},{\"@type\":\"Person\",\"@id\":\"https:\\\/\\\/lanuitdesours.lautre.net\\\/#\\\/schema\\\/person\\\/1f4500f2f631d9916d6b39f1c0ba934c\",\"name\":\"Cr\u00e9er c'est R\u00e9sister\",\"image\":{\"@type\":\"ImageObject\",\"inLanguage\":\"fr-FR\",\"@id\":\"https:\\\/\\\/secure.gravatar.com\\\/avatar\\\/08f4e38908e105d843bc2bab0e7af2243257415b61b5fe99e955c21a5f61fc2b?s=96&d=mm&r=g\",\"url\":\"https:\\\/\\\/secure.gravatar.com\\\/avatar\\\/08f4e38908e105d843bc2bab0e7af2243257415b61b5fe99e955c21a5f61fc2b?s=96&d=mm&r=g\",\"contentUrl\":\"https:\\\/\\\/secure.gravatar.com\\\/avatar\\\/08f4e38908e105d843bc2bab0e7af2243257415b61b5fe99e955c21a5f61fc2b?s=96&d=mm&r=g\",\"caption\":\"Cr\u00e9er c'est R\u00e9sister\"},\"sameAs\":[\"http:\\\/\\\/www.lanuitdesours.lautre.net\"],\"url\":\"https:\\\/\\\/lanuitdesours.lautre.net\\\/?author=1\"}]}<\/script>\n<!-- \/ Yoast SEO plugin. -->","yoast_head_json":{"title":"La Tourn\u00e9e des Bistrots - La Nuit des Ours Edition 2024","description":"6 AU 12 AO\u00dbT 2024. LA TOURN\u00c9E DES BISTROTS, concerts et spectacles organis\u00e9s dans les buvettes, bistrots et restaurants de toute la vall\u00e9e.","robots":{"index":"index","follow":"follow","max-snippet":"max-snippet:-1","max-image-preview":"max-image-preview:large","max-video-preview":"max-video-preview:-1"},"canonical":"https:\/\/lanuitdesours.lautre.net\/?p=3562","og_locale":"fr_FR","og_type":"article","og_title":"La Tourn\u00e9e des Bistrots - La Nuit des Ours Edition 2024","og_description":"6 AU 12 AO\u00dbT 2024. LA TOURN\u00c9E DES BISTROTS, concerts et spectacles organis\u00e9s dans les buvettes, bistrots et restaurants de toute la vall\u00e9e.","og_url":"https:\/\/lanuitdesours.lautre.net\/?p=3562","og_site_name":"La Nuit des Ours","article_publisher":"https:\/\/www.facebook.com\/lanuitdesours\/","article_published_time":"2024-07-07T07:15:55+00:00","article_modified_time":"2024-07-29T21:20:46+00:00","og_image":[{"width":1734,"height":977,"url":"https:\/\/lanuitdesours.lautre.net\/wp-content\/uploads\/2022\/07\/Cascade_11juin_Marine-3.jpg","type":"image\/jpeg"}],"author":"Cr\u00e9er c'est R\u00e9sister","twitter_card":"summary_large_image","twitter_misc":{"\u00c9crit par":"Cr\u00e9er c'est R\u00e9sister","Dur\u00e9e de lecture estim\u00e9e":"6 minutes"},"schema":{"@context":"https:\/\/schema.org","@graph":[{"@type":"Article","@id":"https:\/\/lanuitdesours.lautre.net\/?p=3562#article","isPartOf":{"@id":"https:\/\/lanuitdesours.lautre.net\/?p=3562"},"author":{"name":"Cr\u00e9er c'est R\u00e9sister","@id":"https:\/\/lanuitdesours.lautre.net\/#\/schema\/person\/1f4500f2f631d9916d6b39f1c0ba934c"},"headline":"La Tourn\u00e9e des Bistrots","datePublished":"2024-07-07T07:15:55+00:00","dateModified":"2024-07-29T21:20:46+00:00","mainEntityOfPage":{"@id":"https:\/\/lanuitdesours.lautre.net\/?p=3562"},"wordCount":946,"publisher":{"@id":"https:\/\/lanuitdesours.lautre.net\/#organization"},"image":{"@id":"https:\/\/lanuitdesours.lautre.net\/?p=3562#primaryimage"},"thumbnailUrl":"https:\/\/lanuitdesours.lautre.net\/wp-content\/uploads\/2022\/07\/Cascade_11juin_Marine-3.jpg","keywords":["TOURN\u00c9E DES BISTROTS"],"articleSection":["Edition 2024"],"inLanguage":"fr-FR"},{"@type":"WebPage","@id":"https:\/\/lanuitdesours.lautre.net\/?p=3562","url":"https:\/\/lanuitdesours.lautre.net\/?p=3562","name":"La Tourn\u00e9e des Bistrots - La Nuit des Ours Edition 2024","isPartOf":{"@id":"https:\/\/lanuitdesours.lautre.net\/#website"},"primaryImageOfPage":{"@id":"https:\/\/lanuitdesours.lautre.net\/?p=3562#primaryimage"},"image":{"@id":"https:\/\/lanuitdesours.lautre.net\/?p=3562#primaryimage"},"thumbnailUrl":"https:\/\/lanuitdesours.lautre.net\/wp-content\/uploads\/2022\/07\/Cascade_11juin_Marine-3.jpg","datePublished":"2024-07-07T07:15:55+00:00","dateModified":"2024-07-29T21:20:46+00:00","description":"6 AU 12 AO\u00dbT 2024. LA TOURN\u00c9E DES BISTROTS, concerts et spectacles organis\u00e9s dans les buvettes, bistrots et restaurants de toute la vall\u00e9e.","breadcrumb":{"@id":"https:\/\/lanuitdesours.lautre.net\/?p=3562#breadcrumb"},"inLanguage":"fr-FR","potentialAction":[{"@type":"ReadAction","target":["https:\/\/lanuitdesours.lautre.net\/?p=3562"]}]},{"@type":"ImageObject","inLanguage":"fr-FR","@id":"https:\/\/lanuitdesours.lautre.net\/?p=3562#primaryimage","url":"https:\/\/lanuitdesours.lautre.net\/wp-content\/uploads\/2022\/07\/Cascade_11juin_Marine-3.jpg","contentUrl":"https:\/\/lanuitdesours.lautre.net\/wp-content\/uploads\/2022\/07\/Cascade_11juin_Marine-3.jpg","width":1734,"height":977,"caption":"\u24b8 Marine Saviane"},{"@type":"BreadcrumbList","@id":"https:\/\/lanuitdesours.lautre.net\/?p=3562#breadcrumb","itemListElement":[{"@type":"ListItem","position":1,"name":"Accueil","item":"https:\/\/lanuitdesours.lautre.net\/"},{"@type":"ListItem","position":2,"name":"La Tourn\u00e9e des Bistrots"}]},{"@type":"WebSite","@id":"https:\/\/lanuitdesours.lautre.net\/#website","url":"https:\/\/lanuitdesours.lautre.net\/","name":"La Nuit des Ours","description":"CR\u00c9ER C&#039;EST R\u00c9SISTER | R\u00c9SISTER C&#039;EST CR\u00c9ER","publisher":{"@id":"https:\/\/lanuitdesours.lautre.net\/#organization"},"potentialAction":[{"@type":"SearchAction","target":{"@type":"EntryPoint","urlTemplate":"https:\/\/lanuitdesours.lautre.net\/?s={search_term_string}"},"query-input":{"@type":"PropertyValueSpecification","valueRequired":true,"valueName":"search_term_string"}}],"inLanguage":"fr-FR"},{"@type":"Organization","@id":"https:\/\/lanuitdesours.lautre.net\/#organization","name":"Association LA NUIT DES OURS","url":"https:\/\/lanuitdesours.lautre.net\/","logo":{"@type":"ImageObject","inLanguage":"fr-FR","@id":"https:\/\/lanuitdesours.lautre.net\/#\/schema\/logo\/image\/","url":"https:\/\/nuit-des-ours.com\/wp-content\/uploads\/2022\/07\/cropped-NDO_logo-noir_jaune.jpg","contentUrl":"https:\/\/nuit-des-ours.com\/wp-content\/uploads\/2022\/07\/cropped-NDO_logo-noir_jaune.jpg","width":512,"height":512,"caption":"Association LA NUIT DES OURS"},"image":{"@id":"https:\/\/lanuitdesours.lautre.net\/#\/schema\/logo\/image\/"},"sameAs":["https:\/\/www.facebook.com\/lanuitdesours\/","https:\/\/www.instagram.com\/lanuitdesours\/"]},{"@type":"Person","@id":"https:\/\/lanuitdesours.lautre.net\/#\/schema\/person\/1f4500f2f631d9916d6b39f1c0ba934c","name":"Cr\u00e9er c'est R\u00e9sister","image":{"@type":"ImageObject","inLanguage":"fr-FR","@id":"https:\/\/secure.gravatar.com\/avatar\/08f4e38908e105d843bc2bab0e7af2243257415b61b5fe99e955c21a5f61fc2b?s=96&d=mm&r=g","url":"https:\/\/secure.gravatar.com\/avatar\/08f4e38908e105d843bc2bab0e7af2243257415b61b5fe99e955c21a5f61fc2b?s=96&d=mm&r=g","contentUrl":"https:\/\/secure.gravatar.com\/avatar\/08f4e38908e105d843bc2bab0e7af2243257415b61b5fe99e955c21a5f61fc2b?s=96&d=mm&r=g","caption":"Cr\u00e9er c'est R\u00e9sister"},"sameAs":["http:\/\/www.lanuitdesours.lautre.net"],"url":"https:\/\/lanuitdesours.lautre.net\/?author=1"}]}},"_links":{"self":[{"href":"https:\/\/lanuitdesours.lautre.net\/index.php?rest_route=\/wp\/v2\/posts\/3562","targetHints":{"allow":["GET"]}}],"collection":[{"href":"https:\/\/lanuitdesours.lautre.net\/index.php?rest_route=\/wp\/v2\/posts"}],"about":[{"href":"https:\/\/lanuitdesours.lautre.net\/index.php?rest_route=\/wp\/v2\/types\/post"}],"author":[{"embeddable":true,"href":"https:\/\/lanuitdesours.lautre.net\/index.php?rest_route=\/wp\/v2\/users\/1"}],"replies":[{"embeddable":true,"href":"https:\/\/lanuitdesours.lautre.net\/index.php?rest_route=%2Fwp%2Fv2%2Fcomments&post=3562"}],"version-history":[{"count":17,"href":"https:\/\/lanuitdesours.lautre.net\/index.php?rest_route=\/wp\/v2\/posts\/3562\/revisions"}],"predecessor-version":[{"id":3647,"href":"https:\/\/lanuitdesours.lautre.net\/index.php?rest_route=\/wp\/v2\/posts\/3562\/revisions\/3647"}],"wp:featuredmedia":[{"embeddable":true,"href":"https:\/\/lanuitdesours.lautre.net\/index.php?rest_route=\/wp\/v2\/media\/359"}],"wp:attachment":[{"href":"https:\/\/lanuitdesours.lautre.net\/index.php?rest_route=%2Fwp%2Fv2%2Fmedia&parent=3562"}],"wp:term":[{"taxonomy":"category","embeddable":true,"href":"https:\/\/lanuitdesours.lautre.net\/index.php?rest_route=%2Fwp%2Fv2%2Fcategories&post=3562"},{"taxonomy":"post_tag","embeddable":true,"href":"https:\/\/lanuitdesours.lautre.net\/index.php?rest_route=%2Fwp%2Fv2%2Ftags&post=3562"}],"curies":[{"name":"wp","href":"https:\/\/api.w.org\/{rel}","templated":true}]}}