{"id":3536,"date":"2024-07-12T07:11:30","date_gmt":"2024-07-12T05:11:30","guid":{"rendered":"https:\/\/nuit-des-ours.com\/?p=3536"},"modified":"2024-08-07T23:57:16","modified_gmt":"2024-08-07T21:57:16","slug":"les-arts-du-chemin","status":"publish","type":"post","link":"https:\/\/lanuitdesours.lautre.net\/?p=3536","title":{"rendered":"Les Arts du Chemin"},"content":{"rendered":"\n<h2 class=\"wp-block-heading\">LES ARTS DU CHEMIN<\/h2>\n\n\n\n<p class=\"wp-block-paragraph\">Chaque \u00e9t\u00e9 nous accueillons des artistes en r\u00e9sidence pour qu\u2019ils et elles r\u00e9alisent une oeuvre p\u00e9renne ou \u00e9ph\u00e9m\u00e8re \u00e0 la crois\u00e9e de l\u2019Art Brut, de l\u2019Art Contemporain et de l\u2019Art Populaire. C&rsquo;est ce qu&rsquo;on appelle les <strong><mark style=\"background-color:rgba(0, 0, 0, 0)\" class=\"has-inline-color has-accent-1-color\">ARTS DU CHEMIN<\/mark><\/strong>. <\/p>\n\n\n\n<p class=\"wp-block-paragraph\">L\u2019oeuvre est laiss\u00e9e l\u00e0 o\u00f9 elle a \u00e9t\u00e9 r\u00e9alis\u00e9e ou pos\u00e9e. Elle se d\u00e9grade au gr\u00e9 des intemp\u00e9ries. Certaines disparaissent \u00e0 la premi\u00e8re pluie, d\u2019autres sont l\u00e0 depuis six ans et ne semblent pas pr\u00eates de disparaitre. Fresques, sculptures, photographie, \u00ab&nbsp;installations&nbsp;\u00bb, oeuvres v\u00e9g\u00e9tales : au total une bonne cinquantaine d\u2019oeuvres ont \u00e9t\u00e9 r\u00e9alis\u00e9es ces six derni\u00e8res ann\u00e9es.<\/p>\n\n\n\n<p class=\"wp-block-paragraph\">Cet \u00e9t\u00e9 plusieurs artistes en exil r\u00e9aliseront une oeuvre en pleine nature.<\/p>\n\n\n\n<div class=\"wp-block-columns is-layout-flex wp-container-core-columns-is-layout-8f761849 wp-block-columns-is-layout-flex\">\n<div class=\"wp-block-column is-vertically-aligned-center is-layout-flow wp-block-column-is-layout-flow\">\n<h3 class=\"wp-block-heading\">Reem Al Natsheh<br>Plasticienne palestinienne<\/h3>\n\n\n\n<p class=\"wp-block-paragraph\">N\u00e9e en 1993 \u00e0 H\u00e9bron en Palestine, Reem Al Natsheh est artiste plasticienne dipl\u00f4m\u00e9e des beaux-arts de l\u2019Universit\u00e9 d\u2019An-Najah (2018). Dans ses peintures, elle convoque les histoires de d\u00e9placement, de r\u00e9sistance et d\u2019identit\u00e9 issues des contes populaires orientaux, renvoyant m\u00e9taphoriquement \u00e0 la r\u00e9alit\u00e9 de son pays.<\/p>\n\n\n\n<p class=\"wp-block-paragraph\">Pour les ARTS DU CHEMIN de <a href=\"https:\/\/nuit-des-ours.com\/2024\/la-nuit-des-ours\/\">LA NUIT DES OURS du 9 ao\u00fbt<\/a>, elle r\u00e9alisera une <strong>peinture murale<\/strong> sur le parcours.<\/p>\n<\/div>\n\n\n\n<div class=\"wp-block-column is-vertically-aligned-center is-layout-flow wp-block-column-is-layout-flow\"><div class=\"wp-block-image\">\n<figure class=\"aligncenter size-medium\"><img loading=\"lazy\" decoding=\"async\" width=\"300\" height=\"282\" src=\"https:\/\/nuit-des-ours.com\/wp-content\/uploads\/2024\/08\/ReemAlNatsheh-300x282.png\" alt=\"\" class=\"wp-image-3815\" srcset=\"https:\/\/lanuitdesours.lautre.net\/wp-content\/uploads\/2024\/08\/ReemAlNatsheh-300x282.png 300w, https:\/\/lanuitdesours.lautre.net\/wp-content\/uploads\/2024\/08\/ReemAlNatsheh-319x300.png 319w, https:\/\/lanuitdesours.lautre.net\/wp-content\/uploads\/2024\/08\/ReemAlNatsheh.png 669w\" sizes=\"auto, (max-width: 300px) 100vw, 300px\" \/><\/figure>\n<\/div><\/div>\n<\/div>\n\n\n\n<div class=\"wp-block-columns is-layout-flex wp-container-core-columns-is-layout-8f761849 wp-block-columns-is-layout-flex\">\n<div class=\"wp-block-column is-vertically-aligned-center is-layout-flow wp-block-column-is-layout-flow\">\n<h3 class=\"wp-block-heading\">Somayeh Pakar<br>Artiste iranienne<\/h3>\n\n\n\n<p class=\"wp-block-paragraph\">Artiste iranienne dipl\u00f4m\u00e9e de la Facult\u00e9 des Arts de Zahedan et de l\u2019IAU de T\u00e9h\u00e9ran. Son travail s\u2019appuie sur sa riche exp\u00e9rience dans diverses pratiques, notamment la photographie et l\u2019ing\u00e9nierie sonore. Ses m\u00e9thodes artistiques singuli\u00e8res cr\u00e9ent une histoire visuelle qui transcende les fronti\u00e8res g\u00e9ographiques, se connectant aux r\u00e9cits et \u00e0 la vie de femmes des quatre coins du monde.<\/p>\n\n\n\n<p class=\"wp-block-paragraph\">Pour les ARTS DU CHEMIN de <a href=\"https:\/\/nuit-des-ours.com\/2024\/la-nuit-des-ours\/\">LA NUIT DES OURS du 9 ao\u00fbt<\/a>, elle r\u00e9alisera une <strong>peinture murale<\/strong> sur le parcours. Elle propose un <a href=\"https:\/\/nuit-des-ours.com\/2024\/ateliers\/\">ATELIER<\/a> ouvert au public.<\/p>\n<\/div>\n\n\n\n<div class=\"wp-block-column is-vertically-aligned-center is-layout-flow wp-block-column-is-layout-flow\"><div class=\"wp-block-image\">\n<figure class=\"aligncenter size-medium\"><img loading=\"lazy\" decoding=\"async\" width=\"259\" height=\"300\" src=\"https:\/\/nuit-des-ours.com\/wp-content\/uploads\/2024\/07\/SomayehPakar-e1722227803775-259x300.jpg\" alt=\"Arts du chemin Somayeh Pakar\" class=\"wp-image-3544\" srcset=\"https:\/\/lanuitdesours.lautre.net\/wp-content\/uploads\/2024\/07\/SomayehPakar-e1722227803775-259x300.jpg 259w, https:\/\/lanuitdesours.lautre.net\/wp-content\/uploads\/2024\/07\/SomayehPakar-e1722227803775.jpg 354w\" sizes=\"auto, (max-width: 259px) 100vw, 259px\" \/><\/figure>\n<\/div><\/div>\n<\/div>\n\n\n\n<div class=\"wp-block-columns is-layout-flex wp-container-core-columns-is-layout-8f761849 wp-block-columns-is-layout-flex\">\n<div class=\"wp-block-column is-vertically-aligned-center is-layout-flow wp-block-column-is-layout-flow\">\n<h3 class=\"wp-block-heading\"><a href=\"http:\/\/andyparkin.com\/under-construction\/\">Andy Parkin<\/a><br>Sculpteur anglais<\/h3>\n\n\n\n<p class=\"wp-block-paragraph\">Andy est n\u00e9 dans le nord de l\u2019Angleterre. C\u2019est l\u00e0 qu\u2019il commence \u00e0 peindre, d\u00e8s l\u2019enfance, avant de d\u00e9couvrir l\u2019escalade \u00e0 14 ans, au Peak Discrict et ses grandes \u00e9tendues sauvages, faites de plateaux rocheux et de falaises de gr\u00e8s.<\/p>\n\n\n\n<p class=\"wp-block-paragraph\">Adulte et suite \u00e0 un accident grave en montagne, Andy hospitalis\u00e9 peint de nouveau. D\u2019abord pour occuper les longues journ\u00e9es d\u2019inactivit\u00e9, puis, comme pour la montagne, un besoin d\u2019aller au bout. Sa premi\u00e8re exposition \u00e0 la Maison de la montagne de Chamonix date de 1986.<\/p>\n\n\n\n<p class=\"wp-block-paragraph\">La \u00ab&nbsp;r\u00e9cup\u00e9ration&nbsp;\u00bb est l\u2019\u00e9l\u00e9ment essentiel de son art.<\/p>\n\n\n\n<p class=\"wp-block-paragraph\">Andy a soutenu la premi\u00e8re NUIT DES OURS en 2019 en r\u00e9alisant un <strong>Minotaure<\/strong> pour les ARTS DU CHEMIN. Puis <strong>un bouquetin g\u00e9ant<\/strong> en 2022. Il participe pour la quatri\u00e8me fois cet \u00e9t\u00e9 2024.<\/p>\n<\/div>\n\n\n\n<div class=\"wp-block-column is-vertically-aligned-center is-layout-flow wp-block-column-is-layout-flow\"><div class=\"wp-block-image\">\n<figure class=\"aligncenter size-medium\"><img loading=\"lazy\" decoding=\"async\" width=\"300\" height=\"225\" src=\"https:\/\/nuit-des-ours.com\/wp-content\/uploads\/2024\/07\/AndyParkin-300x225.jpg\" alt=\"\" class=\"wp-image-3546\" srcset=\"https:\/\/lanuitdesours.lautre.net\/wp-content\/uploads\/2024\/07\/AndyParkin-300x225.jpg 300w, https:\/\/lanuitdesours.lautre.net\/wp-content\/uploads\/2024\/07\/AndyParkin-401x300.jpg 401w, https:\/\/lanuitdesours.lautre.net\/wp-content\/uploads\/2024\/07\/AndyParkin.jpg 636w\" sizes=\"auto, (max-width: 300px) 100vw, 300px\" \/><\/figure>\n<\/div>\n\n\n<div style=\"height:30px\" aria-hidden=\"true\" class=\"wp-block-spacer\"><\/div>\n\n\n<div class=\"wp-block-image\">\n<figure class=\"aligncenter size-medium\"><img loading=\"lazy\" decoding=\"async\" width=\"300\" height=\"225\" src=\"https:\/\/nuit-des-ours.com\/wp-content\/uploads\/2024\/07\/IMG-20230808-WA0000-300x225.jpg\" alt=\"\" class=\"wp-image-3557\" srcset=\"https:\/\/lanuitdesours.lautre.net\/wp-content\/uploads\/2024\/07\/IMG-20230808-WA0000-300x225.jpg 300w, https:\/\/lanuitdesours.lautre.net\/wp-content\/uploads\/2024\/07\/IMG-20230808-WA0000-768x576.jpg 768w, https:\/\/lanuitdesours.lautre.net\/wp-content\/uploads\/2024\/07\/IMG-20230808-WA0000-400x300.jpg 400w, https:\/\/lanuitdesours.lautre.net\/wp-content\/uploads\/2024\/07\/IMG-20230808-WA0000.jpg 797w\" sizes=\"auto, (max-width: 300px) 100vw, 300px\" \/><\/figure>\n<\/div><\/div>\n<\/div>\n\n\n\n<div class=\"wp-block-columns is-layout-flex wp-container-core-columns-is-layout-8f761849 wp-block-columns-is-layout-flex\">\n<div class=\"wp-block-column is-vertically-aligned-center is-layout-flow wp-block-column-is-layout-flow\">\n<h3 class=\"wp-block-heading\">Kim Dosoung<br>R\u00e9fugi\u00e9 cor\u00e9en travaillant la notion de fronti\u00e8re<\/h3>\n\n\n\n<p class=\"wp-block-paragraph\">N\u00e9 \u00e0 S\u00e9oul (Cor\u00e9e du Sud), il vit en France depuis plusieurs ann\u00e9es et s\u2019est form\u00e9 \u00e0 l\u2019\u00c9cole Sup\u00e9rieure d\u2019Art d\u2019Aix-en-Provence (DNAP), puis \u00e0 l\u2019\u00c9cole Nationale Sup\u00e9rieure d\u2019Arts de Paris-Cergy (DNSEP). Ayant obtenu en 2020 le statut de r\u00e9fugi\u00e9, il travaille depuis plus d\u2019un an sur un projet intitul\u00e9 \u00ab D\u2019ici \u00e0 ici \u00bb qui rend sensible et tangible la notion de fronti\u00e8re sur un territoire g\u00e9ographique et historique donn\u00e9, par de micro-\u00e9v\u00e9nements performatifs ou filmiques.<\/p>\n\n\n\n<p class=\"wp-block-paragraph\">Pour <a href=\"https:\/\/nuit-des-ours.com\/2024\/la-nuit-en-plein-jour\/\">LA NUIT EN PLEIN JOUR du 12 ao\u00fbt<\/a>, il balisera le parcours de <strong>galets \u00ab&nbsp;tamponn\u00e9s&nbsp;\u00bb de leur g\u00e9o-localisation<\/strong>.<\/p>\n<\/div>\n\n\n\n<div class=\"wp-block-column is-vertically-aligned-center is-layout-flow wp-block-column-is-layout-flow\"><div class=\"wp-block-image\">\n<figure class=\"aligncenter size-medium\"><img loading=\"lazy\" decoding=\"async\" width=\"300\" height=\"194\" src=\"https:\/\/nuit-des-ours.com\/wp-content\/uploads\/2024\/07\/KimDousoung-300x194.png\" alt=\"\" class=\"wp-image-3740\" srcset=\"https:\/\/lanuitdesours.lautre.net\/wp-content\/uploads\/2024\/07\/KimDousoung-300x194.png 300w, https:\/\/lanuitdesours.lautre.net\/wp-content\/uploads\/2024\/07\/KimDousoung-1024x661.png 1024w, https:\/\/lanuitdesours.lautre.net\/wp-content\/uploads\/2024\/07\/KimDousoung-768x496.png 768w, https:\/\/lanuitdesours.lautre.net\/wp-content\/uploads\/2024\/07\/KimDousoung-465x300.png 465w, https:\/\/lanuitdesours.lautre.net\/wp-content\/uploads\/2024\/07\/KimDousoung.png 1118w\" sizes=\"auto, (max-width: 300px) 100vw, 300px\" \/><\/figure>\n<\/div><\/div>\n<\/div>\n\n\n\n<div class=\"wp-block-columns is-layout-flex wp-container-core-columns-is-layout-8f761849 wp-block-columns-is-layout-flex\">\n<div class=\"wp-block-column is-vertically-aligned-center is-layout-flow wp-block-column-is-layout-flow\">\n<h3 class=\"wp-block-heading\">Le jardin de Gaza<br>Par Anna Canal citoyenne du Monde<\/h3>\n\n\n\n<p class=\"wp-block-paragraph\">Le d\u00e9luge de bombes sur Gaza ne d\u00e9truit pas que les immeubles et les biens. Il an\u00e9antit aussi le vivant. Effacement m\u00e9thodique et lent d\u2019un territoire et de son peuple mill\u00e9naire.<\/p>\n\n\n\n<p class=\"wp-block-paragraph\">La r\u00e9sistance a de multiples visages.<\/p>\n\n\n\n<p class=\"wp-block-paragraph\">Ainsi, nous qui vivons dans un environnement r\u00e9put\u00e9 magnifique accueillons quelques \u00ab&nbsp;graines de Gaza&nbsp;\u00bb, mots et reliques minuscules mais bien vivant(e)s.<\/p>\n<\/div>\n\n\n\n<div class=\"wp-block-column is-vertically-aligned-center is-layout-flow wp-block-column-is-layout-flow\"><\/div>\n<\/div>\n\n\n\n<div class=\"wp-block-columns is-layout-flex wp-container-core-columns-is-layout-8f761849 wp-block-columns-is-layout-flex\">\n<div class=\"wp-block-column is-vertically-aligned-center is-layout-flow wp-block-column-is-layout-flow\">\n<h3 class=\"wp-block-heading\">Cornelia Koller<br>Artiste\/psychiatre suisse<\/h3>\n\n\n\n<p class=\"wp-block-paragraph\">Chaque \u00e9t\u00e9 Cornelia Koller r\u00e9alise une oeuvre in\u00e9dite pour LES ARTS DU CHEMIN. Elle prend sa d\u00e9cision quelques jours avant le d\u00e9but de <a href=\"https:\/\/nuit-des-ours.com\/2024\/la-nuit-des-ours\/\">LA NUIT DES OURS<\/a>. C\u2019est toujours une oeuvre int\u00e9gr\u00e9e, \u00e0 la limite de la visibilit\u00e9.<\/p>\n<\/div>\n\n\n\n<div class=\"wp-block-column is-vertically-aligned-center is-layout-flow wp-block-column-is-layout-flow\"><div class=\"wp-block-image\">\n<figure class=\"aligncenter size-medium\"><img loading=\"lazy\" decoding=\"async\" width=\"222\" height=\"300\" src=\"https:\/\/nuit-des-ours.com\/wp-content\/uploads\/2024\/07\/IMG-20230810-WA0006-222x300.jpg\" alt=\"Arts du Chemin Cornelia Koller\" class=\"wp-image-3537\" srcset=\"https:\/\/lanuitdesours.lautre.net\/wp-content\/uploads\/2024\/07\/IMG-20230810-WA0006-222x300.jpg 222w, https:\/\/lanuitdesours.lautre.net\/wp-content\/uploads\/2024\/07\/IMG-20230810-WA0006.jpg 757w\" sizes=\"auto, (max-width: 222px) 100vw, 222px\" \/><\/figure>\n<\/div><\/div>\n<\/div>\n\n\n\n<div class=\"wp-block-columns is-layout-flex wp-container-core-columns-is-layout-8f761849 wp-block-columns-is-layout-flex\">\n<div class=\"wp-block-column is-vertically-aligned-center is-layout-flow wp-block-column-is-layout-flow\">\n<h3 class=\"wp-block-heading\">Renaud Behar<br>Artiste autodidacte et nomade<\/h3>\n\n\n\n<p class=\"wp-block-paragraph\">N\u00e9 \u00e0 Paris en 1973, Renaud Behar aime voyager dans son van, de Berlin \u00e0 Lisbonne, d\u2019Ibiza \u00e0 Chamonix. En 2010, participant \u00e0 une c\u00e9r\u00e9monie chamanique d\u2019ayahuasca (d\u00e9coction pr\u00e9par\u00e9e \u00e0 partir d\u2019une liane par les peuples du bassin occidental de l\u2019Amazonie), il d\u00e9couvre le monde spirituel des plantes, qui lui inspire une expression graphique d\u2019arbres et de v\u00e9g\u00e9taux \u00e0 l\u2019encre noire. A partir de 2020, un travail de d\u00e9structuration le m\u00e8ne vers l\u2019abstraction dont cette exposition de 5 peintures de sa s\u00e9rie BERLIN 2024 t\u00e9moigne.<\/p>\n<\/div>\n\n\n\n<div class=\"wp-block-column is-vertically-aligned-center is-layout-flow wp-block-column-is-layout-flow\"><div class=\"wp-block-image\">\n<figure class=\"aligncenter size-medium\"><img loading=\"lazy\" decoding=\"async\" width=\"300\" height=\"214\" src=\"https:\/\/nuit-des-ours.com\/wp-content\/uploads\/2024\/07\/RenaudBehar-300x214.jpg\" alt=\"\" class=\"wp-image-3548\" srcset=\"https:\/\/lanuitdesours.lautre.net\/wp-content\/uploads\/2024\/07\/RenaudBehar-300x214.jpg 300w, https:\/\/lanuitdesours.lautre.net\/wp-content\/uploads\/2024\/07\/RenaudBehar-421x300.jpg 421w, https:\/\/lanuitdesours.lautre.net\/wp-content\/uploads\/2024\/07\/RenaudBehar.jpg 648w\" sizes=\"auto, (max-width: 300px) 100vw, 300px\" \/><\/figure>\n<\/div><\/div>\n<\/div>\n\n\n\n<div class=\"wp-block-columns is-layout-flex wp-container-core-columns-is-layout-8f761849 wp-block-columns-is-layout-flex\">\n<div class=\"wp-block-column is-vertically-aligned-center is-layout-flow wp-block-column-is-layout-flow\">\n<h3 class=\"wp-block-heading\">Renaud Filippelli<br>Sculptures sur bois &amp; am\u00e9nagements<\/h3>\n\n\n\n<p class=\"wp-block-paragraph\">Initiateur du projet des ARTS DU CHEMIN, Renaud souhaitait sortir les \u0153uvres d\u2019art des mus\u00e9es afin de cr\u00e9er des sentiers ludiques et sans pr\u00e9tention, sur lesquels les enfants courraient d\u2019une \u0153uvre \u00e0 l\u2019autre, tant\u00f4t celles d\u2019artistes reconnus, tant\u00f4t celles de parfaits inconnus.<\/p>\n\n\n\n<p class=\"wp-block-paragraph\">Enfant de Vallorcine, Renaud revendique surtout ne pas \u00eatre artiste\u2026 ce qui ne l\u2019emp\u00eache pas de \u00ab faire \u00bb.<\/p>\n\n\n\n<p class=\"wp-block-paragraph\">Nombre de ses r\u00e9alisations d\u00e9corent les chemins de La Poya : <strong>l\u2019octogone du chant des possibles<\/strong> (r\u00e9alis\u00e9 avec les copains), <strong>le temple des enfants<\/strong>, <strong>la for\u00eat de tikis<\/strong> (les visages qui font peur) ou encore <strong>la for\u00eat de totems<\/strong> (r\u00e9alis\u00e9e avec Kevin Churoux). <\/p>\n\n\n\n<p class=\"wp-block-paragraph\">Pour lui, une \u0153uvre ou implantation doit s\u2019int\u00e9grer dans son environnement et continuer \u00e0 vivre au del\u00e0 de <a href=\"https:\/\/nuit-des-ours.com\/2024\/la-nuit-des-ours\/\">LA NUIT DES OURS<\/a>, en harmonie avec le lieu.<\/p>\n<\/div>\n\n\n\n<div class=\"wp-block-column is-vertically-aligned-center is-layout-flow wp-block-column-is-layout-flow\"><div class=\"wp-block-image\">\n<figure class=\"aligncenter size-medium\"><img loading=\"lazy\" decoding=\"async\" width=\"225\" height=\"300\" src=\"https:\/\/nuit-des-ours.com\/wp-content\/uploads\/2024\/07\/RenaudFilippelli-225x300.jpg\" alt=\"\" class=\"wp-image-3549\" srcset=\"https:\/\/lanuitdesours.lautre.net\/wp-content\/uploads\/2024\/07\/RenaudFilippelli-225x300.jpg 225w, https:\/\/lanuitdesours.lautre.net\/wp-content\/uploads\/2024\/07\/RenaudFilippelli.jpg 411w\" sizes=\"auto, (max-width: 225px) 100vw, 225px\" \/><\/figure>\n<\/div><\/div>\n<\/div>\n","protected":false},"excerpt":{"rendered":"<p>LES ARTS DU CHEMIN sont des peintures, sculptures, am\u00e9nagements et oeuvres \u00e9ph\u00e9m\u00e8res qui d\u00e9corent les chemins de Vallorcine.<\/p>\n","protected":false},"author":1,"featured_media":3540,"comment_status":"closed","ping_status":"closed","sticky":false,"template":"","format":"standard","meta":{"footnotes":""},"categories":[37],"tags":[52],"class_list":["post-3536","post","type-post","status-publish","format-standard","has-post-thumbnail","hentry","category-edition-2024","tag-arts-du-chemin"],"yoast_head":"<!-- This site is optimized with the Yoast SEO plugin v28.3 - https:\/\/yoast.com\/product\/yoast-seo-wordpress\/ -->\n<title>Les Arts du Chemin - La Nuit des Ours Edition 2024<\/title>\n<meta name=\"description\" content=\"Les Arts du chemin sont des peintures, sculptures, am\u00e9nagements et oeuvres \u00e9ph\u00e9m\u00e8res qui d\u00e9corent les chemins de Vallorcine.\" \/>\n<meta name=\"robots\" content=\"index, follow, max-snippet:-1, max-image-preview:large, max-video-preview:-1\" \/>\n<link rel=\"canonical\" href=\"https:\/\/lanuitdesours.lautre.net\/?p=3536\" \/>\n<meta property=\"og:locale\" content=\"fr_FR\" \/>\n<meta property=\"og:type\" content=\"article\" \/>\n<meta property=\"og:title\" content=\"Les Arts du Chemin - La Nuit des Ours Edition 2024\" \/>\n<meta property=\"og:description\" content=\"Les Arts du chemin sont des peintures, sculptures, am\u00e9nagements et oeuvres \u00e9ph\u00e9m\u00e8res qui d\u00e9corent les chemins de Vallorcine.\" \/>\n<meta property=\"og:url\" content=\"https:\/\/lanuitdesours.lautre.net\/?p=3536\" \/>\n<meta property=\"og:site_name\" content=\"La Nuit des Ours\" \/>\n<meta property=\"article:publisher\" content=\"https:\/\/www.facebook.com\/lanuitdesours\/\" \/>\n<meta property=\"article:published_time\" content=\"2024-07-12T05:11:30+00:00\" \/>\n<meta property=\"article:modified_time\" content=\"2024-08-07T21:57:16+00:00\" \/>\n<meta property=\"og:image\" content=\"https:\/\/lanuitdesours.lautre.net\/wp-content\/uploads\/2024\/07\/20220807_161458-rotated.jpg\" \/>\n\t<meta property=\"og:image:width\" content=\"1440\" \/>\n\t<meta property=\"og:image:height\" content=\"2560\" \/>\n\t<meta property=\"og:image:type\" content=\"image\/jpeg\" \/>\n<meta name=\"author\" content=\"Cr\u00e9er c&#039;est R\u00e9sister\" \/>\n<meta name=\"twitter:card\" content=\"summary_large_image\" \/>\n<meta name=\"twitter:label1\" content=\"\u00c9crit par\" \/>\n\t<meta name=\"twitter:data1\" content=\"Cr\u00e9er c&#039;est R\u00e9sister\" \/>\n\t<meta name=\"twitter:label2\" content=\"Dur\u00e9e de lecture estim\u00e9e\" \/>\n\t<meta name=\"twitter:data2\" content=\"7 minutes\" \/>\n<script type=\"application\/ld+json\" class=\"yoast-schema-graph\">{\"@context\":\"https:\\\/\\\/schema.org\",\"@graph\":[{\"@type\":\"Article\",\"@id\":\"https:\\\/\\\/lanuitdesours.lautre.net\\\/?p=3536#article\",\"isPartOf\":{\"@id\":\"https:\\\/\\\/lanuitdesours.lautre.net\\\/?p=3536\"},\"author\":{\"name\":\"Cr\u00e9er c'est R\u00e9sister\",\"@id\":\"https:\\\/\\\/lanuitdesours.lautre.net\\\/#\\\/schema\\\/person\\\/1f4500f2f631d9916d6b39f1c0ba934c\"},\"headline\":\"Les Arts du Chemin\",\"datePublished\":\"2024-07-12T05:11:30+00:00\",\"dateModified\":\"2024-08-07T21:57:16+00:00\",\"mainEntityOfPage\":{\"@id\":\"https:\\\/\\\/lanuitdesours.lautre.net\\\/?p=3536\"},\"wordCount\":972,\"publisher\":{\"@id\":\"https:\\\/\\\/lanuitdesours.lautre.net\\\/#organization\"},\"image\":{\"@id\":\"https:\\\/\\\/lanuitdesours.lautre.net\\\/?p=3536#primaryimage\"},\"thumbnailUrl\":\"https:\\\/\\\/lanuitdesours.lautre.net\\\/wp-content\\\/uploads\\\/2024\\\/07\\\/20220807_161458-rotated.jpg\",\"keywords\":[\"ARTS DU CHEMIN\"],\"articleSection\":[\"Edition 2024\"],\"inLanguage\":\"fr-FR\"},{\"@type\":\"WebPage\",\"@id\":\"https:\\\/\\\/lanuitdesours.lautre.net\\\/?p=3536\",\"url\":\"https:\\\/\\\/lanuitdesours.lautre.net\\\/?p=3536\",\"name\":\"Les Arts du Chemin - La Nuit des Ours Edition 2024\",\"isPartOf\":{\"@id\":\"https:\\\/\\\/lanuitdesours.lautre.net\\\/#website\"},\"primaryImageOfPage\":{\"@id\":\"https:\\\/\\\/lanuitdesours.lautre.net\\\/?p=3536#primaryimage\"},\"image\":{\"@id\":\"https:\\\/\\\/lanuitdesours.lautre.net\\\/?p=3536#primaryimage\"},\"thumbnailUrl\":\"https:\\\/\\\/lanuitdesours.lautre.net\\\/wp-content\\\/uploads\\\/2024\\\/07\\\/20220807_161458-rotated.jpg\",\"datePublished\":\"2024-07-12T05:11:30+00:00\",\"dateModified\":\"2024-08-07T21:57:16+00:00\",\"description\":\"Les Arts du chemin sont des peintures, sculptures, am\u00e9nagements et oeuvres \u00e9ph\u00e9m\u00e8res qui d\u00e9corent les chemins de Vallorcine.\",\"breadcrumb\":{\"@id\":\"https:\\\/\\\/lanuitdesours.lautre.net\\\/?p=3536#breadcrumb\"},\"inLanguage\":\"fr-FR\",\"potentialAction\":[{\"@type\":\"ReadAction\",\"target\":[\"https:\\\/\\\/lanuitdesours.lautre.net\\\/?p=3536\"]}]},{\"@type\":\"ImageObject\",\"inLanguage\":\"fr-FR\",\"@id\":\"https:\\\/\\\/lanuitdesours.lautre.net\\\/?p=3536#primaryimage\",\"url\":\"https:\\\/\\\/lanuitdesours.lautre.net\\\/wp-content\\\/uploads\\\/2024\\\/07\\\/20220807_161458-rotated.jpg\",\"contentUrl\":\"https:\\\/\\\/lanuitdesours.lautre.net\\\/wp-content\\\/uploads\\\/2024\\\/07\\\/20220807_161458-rotated.jpg\",\"width\":1440,\"height\":2560,\"caption\":\"Arts du chemin Naya Marie Extrasystole\"},{\"@type\":\"BreadcrumbList\",\"@id\":\"https:\\\/\\\/lanuitdesours.lautre.net\\\/?p=3536#breadcrumb\",\"itemListElement\":[{\"@type\":\"ListItem\",\"position\":1,\"name\":\"Accueil\",\"item\":\"https:\\\/\\\/lanuitdesours.lautre.net\\\/\"},{\"@type\":\"ListItem\",\"position\":2,\"name\":\"Les Arts du Chemin\"}]},{\"@type\":\"WebSite\",\"@id\":\"https:\\\/\\\/lanuitdesours.lautre.net\\\/#website\",\"url\":\"https:\\\/\\\/lanuitdesours.lautre.net\\\/\",\"name\":\"La Nuit des Ours\",\"description\":\"CR\u00c9ER C&#039;EST R\u00c9SISTER | R\u00c9SISTER C&#039;EST CR\u00c9ER\",\"publisher\":{\"@id\":\"https:\\\/\\\/lanuitdesours.lautre.net\\\/#organization\"},\"potentialAction\":[{\"@type\":\"SearchAction\",\"target\":{\"@type\":\"EntryPoint\",\"urlTemplate\":\"https:\\\/\\\/lanuitdesours.lautre.net\\\/?s={search_term_string}\"},\"query-input\":{\"@type\":\"PropertyValueSpecification\",\"valueRequired\":true,\"valueName\":\"search_term_string\"}}],\"inLanguage\":\"fr-FR\"},{\"@type\":\"Organization\",\"@id\":\"https:\\\/\\\/lanuitdesours.lautre.net\\\/#organization\",\"name\":\"Association LA NUIT DES OURS\",\"url\":\"https:\\\/\\\/lanuitdesours.lautre.net\\\/\",\"logo\":{\"@type\":\"ImageObject\",\"inLanguage\":\"fr-FR\",\"@id\":\"https:\\\/\\\/lanuitdesours.lautre.net\\\/#\\\/schema\\\/logo\\\/image\\\/\",\"url\":\"https:\\\/\\\/nuit-des-ours.com\\\/wp-content\\\/uploads\\\/2022\\\/07\\\/cropped-NDO_logo-noir_jaune.jpg\",\"contentUrl\":\"https:\\\/\\\/nuit-des-ours.com\\\/wp-content\\\/uploads\\\/2022\\\/07\\\/cropped-NDO_logo-noir_jaune.jpg\",\"width\":512,\"height\":512,\"caption\":\"Association LA NUIT DES OURS\"},\"image\":{\"@id\":\"https:\\\/\\\/lanuitdesours.lautre.net\\\/#\\\/schema\\\/logo\\\/image\\\/\"},\"sameAs\":[\"https:\\\/\\\/www.facebook.com\\\/lanuitdesours\\\/\",\"https:\\\/\\\/www.instagram.com\\\/lanuitdesours\\\/\"]},{\"@type\":\"Person\",\"@id\":\"https:\\\/\\\/lanuitdesours.lautre.net\\\/#\\\/schema\\\/person\\\/1f4500f2f631d9916d6b39f1c0ba934c\",\"name\":\"Cr\u00e9er c'est R\u00e9sister\",\"image\":{\"@type\":\"ImageObject\",\"inLanguage\":\"fr-FR\",\"@id\":\"https:\\\/\\\/secure.gravatar.com\\\/avatar\\\/08f4e38908e105d843bc2bab0e7af2243257415b61b5fe99e955c21a5f61fc2b?s=96&d=mm&r=g\",\"url\":\"https:\\\/\\\/secure.gravatar.com\\\/avatar\\\/08f4e38908e105d843bc2bab0e7af2243257415b61b5fe99e955c21a5f61fc2b?s=96&d=mm&r=g\",\"contentUrl\":\"https:\\\/\\\/secure.gravatar.com\\\/avatar\\\/08f4e38908e105d843bc2bab0e7af2243257415b61b5fe99e955c21a5f61fc2b?s=96&d=mm&r=g\",\"caption\":\"Cr\u00e9er c'est R\u00e9sister\"},\"sameAs\":[\"http:\\\/\\\/www.lanuitdesours.lautre.net\"],\"url\":\"https:\\\/\\\/lanuitdesours.lautre.net\\\/?author=1\"}]}<\/script>\n<!-- \/ Yoast SEO plugin. -->","yoast_head_json":{"title":"Les Arts du Chemin - La Nuit des Ours Edition 2024","description":"Les Arts du chemin sont des peintures, sculptures, am\u00e9nagements et oeuvres \u00e9ph\u00e9m\u00e8res qui d\u00e9corent les chemins de Vallorcine.","robots":{"index":"index","follow":"follow","max-snippet":"max-snippet:-1","max-image-preview":"max-image-preview:large","max-video-preview":"max-video-preview:-1"},"canonical":"https:\/\/lanuitdesours.lautre.net\/?p=3536","og_locale":"fr_FR","og_type":"article","og_title":"Les Arts du Chemin - La Nuit des Ours Edition 2024","og_description":"Les Arts du chemin sont des peintures, sculptures, am\u00e9nagements et oeuvres \u00e9ph\u00e9m\u00e8res qui d\u00e9corent les chemins de Vallorcine.","og_url":"https:\/\/lanuitdesours.lautre.net\/?p=3536","og_site_name":"La Nuit des Ours","article_publisher":"https:\/\/www.facebook.com\/lanuitdesours\/","article_published_time":"2024-07-12T05:11:30+00:00","article_modified_time":"2024-08-07T21:57:16+00:00","og_image":[{"width":1440,"height":2560,"url":"https:\/\/lanuitdesours.lautre.net\/wp-content\/uploads\/2024\/07\/20220807_161458-rotated.jpg","type":"image\/jpeg"}],"author":"Cr\u00e9er c'est R\u00e9sister","twitter_card":"summary_large_image","twitter_misc":{"\u00c9crit par":"Cr\u00e9er c'est R\u00e9sister","Dur\u00e9e de lecture estim\u00e9e":"7 minutes"},"schema":{"@context":"https:\/\/schema.org","@graph":[{"@type":"Article","@id":"https:\/\/lanuitdesours.lautre.net\/?p=3536#article","isPartOf":{"@id":"https:\/\/lanuitdesours.lautre.net\/?p=3536"},"author":{"name":"Cr\u00e9er c'est R\u00e9sister","@id":"https:\/\/lanuitdesours.lautre.net\/#\/schema\/person\/1f4500f2f631d9916d6b39f1c0ba934c"},"headline":"Les Arts du Chemin","datePublished":"2024-07-12T05:11:30+00:00","dateModified":"2024-08-07T21:57:16+00:00","mainEntityOfPage":{"@id":"https:\/\/lanuitdesours.lautre.net\/?p=3536"},"wordCount":972,"publisher":{"@id":"https:\/\/lanuitdesours.lautre.net\/#organization"},"image":{"@id":"https:\/\/lanuitdesours.lautre.net\/?p=3536#primaryimage"},"thumbnailUrl":"https:\/\/lanuitdesours.lautre.net\/wp-content\/uploads\/2024\/07\/20220807_161458-rotated.jpg","keywords":["ARTS DU CHEMIN"],"articleSection":["Edition 2024"],"inLanguage":"fr-FR"},{"@type":"WebPage","@id":"https:\/\/lanuitdesours.lautre.net\/?p=3536","url":"https:\/\/lanuitdesours.lautre.net\/?p=3536","name":"Les Arts du Chemin - La Nuit des Ours Edition 2024","isPartOf":{"@id":"https:\/\/lanuitdesours.lautre.net\/#website"},"primaryImageOfPage":{"@id":"https:\/\/lanuitdesours.lautre.net\/?p=3536#primaryimage"},"image":{"@id":"https:\/\/lanuitdesours.lautre.net\/?p=3536#primaryimage"},"thumbnailUrl":"https:\/\/lanuitdesours.lautre.net\/wp-content\/uploads\/2024\/07\/20220807_161458-rotated.jpg","datePublished":"2024-07-12T05:11:30+00:00","dateModified":"2024-08-07T21:57:16+00:00","description":"Les Arts du chemin sont des peintures, sculptures, am\u00e9nagements et oeuvres \u00e9ph\u00e9m\u00e8res qui d\u00e9corent les chemins de Vallorcine.","breadcrumb":{"@id":"https:\/\/lanuitdesours.lautre.net\/?p=3536#breadcrumb"},"inLanguage":"fr-FR","potentialAction":[{"@type":"ReadAction","target":["https:\/\/lanuitdesours.lautre.net\/?p=3536"]}]},{"@type":"ImageObject","inLanguage":"fr-FR","@id":"https:\/\/lanuitdesours.lautre.net\/?p=3536#primaryimage","url":"https:\/\/lanuitdesours.lautre.net\/wp-content\/uploads\/2024\/07\/20220807_161458-rotated.jpg","contentUrl":"https:\/\/lanuitdesours.lautre.net\/wp-content\/uploads\/2024\/07\/20220807_161458-rotated.jpg","width":1440,"height":2560,"caption":"Arts du chemin Naya Marie Extrasystole"},{"@type":"BreadcrumbList","@id":"https:\/\/lanuitdesours.lautre.net\/?p=3536#breadcrumb","itemListElement":[{"@type":"ListItem","position":1,"name":"Accueil","item":"https:\/\/lanuitdesours.lautre.net\/"},{"@type":"ListItem","position":2,"name":"Les Arts du Chemin"}]},{"@type":"WebSite","@id":"https:\/\/lanuitdesours.lautre.net\/#website","url":"https:\/\/lanuitdesours.lautre.net\/","name":"La Nuit des Ours","description":"CR\u00c9ER C&#039;EST R\u00c9SISTER | R\u00c9SISTER C&#039;EST CR\u00c9ER","publisher":{"@id":"https:\/\/lanuitdesours.lautre.net\/#organization"},"potentialAction":[{"@type":"SearchAction","target":{"@type":"EntryPoint","urlTemplate":"https:\/\/lanuitdesours.lautre.net\/?s={search_term_string}"},"query-input":{"@type":"PropertyValueSpecification","valueRequired":true,"valueName":"search_term_string"}}],"inLanguage":"fr-FR"},{"@type":"Organization","@id":"https:\/\/lanuitdesours.lautre.net\/#organization","name":"Association LA NUIT DES OURS","url":"https:\/\/lanuitdesours.lautre.net\/","logo":{"@type":"ImageObject","inLanguage":"fr-FR","@id":"https:\/\/lanuitdesours.lautre.net\/#\/schema\/logo\/image\/","url":"https:\/\/nuit-des-ours.com\/wp-content\/uploads\/2022\/07\/cropped-NDO_logo-noir_jaune.jpg","contentUrl":"https:\/\/nuit-des-ours.com\/wp-content\/uploads\/2022\/07\/cropped-NDO_logo-noir_jaune.jpg","width":512,"height":512,"caption":"Association LA NUIT DES OURS"},"image":{"@id":"https:\/\/lanuitdesours.lautre.net\/#\/schema\/logo\/image\/"},"sameAs":["https:\/\/www.facebook.com\/lanuitdesours\/","https:\/\/www.instagram.com\/lanuitdesours\/"]},{"@type":"Person","@id":"https:\/\/lanuitdesours.lautre.net\/#\/schema\/person\/1f4500f2f631d9916d6b39f1c0ba934c","name":"Cr\u00e9er c'est R\u00e9sister","image":{"@type":"ImageObject","inLanguage":"fr-FR","@id":"https:\/\/secure.gravatar.com\/avatar\/08f4e38908e105d843bc2bab0e7af2243257415b61b5fe99e955c21a5f61fc2b?s=96&d=mm&r=g","url":"https:\/\/secure.gravatar.com\/avatar\/08f4e38908e105d843bc2bab0e7af2243257415b61b5fe99e955c21a5f61fc2b?s=96&d=mm&r=g","contentUrl":"https:\/\/secure.gravatar.com\/avatar\/08f4e38908e105d843bc2bab0e7af2243257415b61b5fe99e955c21a5f61fc2b?s=96&d=mm&r=g","caption":"Cr\u00e9er c'est R\u00e9sister"},"sameAs":["http:\/\/www.lanuitdesours.lautre.net"],"url":"https:\/\/lanuitdesours.lautre.net\/?author=1"}]}},"_links":{"self":[{"href":"https:\/\/lanuitdesours.lautre.net\/index.php?rest_route=\/wp\/v2\/posts\/3536","targetHints":{"allow":["GET"]}}],"collection":[{"href":"https:\/\/lanuitdesours.lautre.net\/index.php?rest_route=\/wp\/v2\/posts"}],"about":[{"href":"https:\/\/lanuitdesours.lautre.net\/index.php?rest_route=\/wp\/v2\/types\/post"}],"author":[{"embeddable":true,"href":"https:\/\/lanuitdesours.lautre.net\/index.php?rest_route=\/wp\/v2\/users\/1"}],"replies":[{"embeddable":true,"href":"https:\/\/lanuitdesours.lautre.net\/index.php?rest_route=%2Fwp%2Fv2%2Fcomments&post=3536"}],"version-history":[{"count":16,"href":"https:\/\/lanuitdesours.lautre.net\/index.php?rest_route=\/wp\/v2\/posts\/3536\/revisions"}],"predecessor-version":[{"id":3816,"href":"https:\/\/lanuitdesours.lautre.net\/index.php?rest_route=\/wp\/v2\/posts\/3536\/revisions\/3816"}],"wp:featuredmedia":[{"embeddable":true,"href":"https:\/\/lanuitdesours.lautre.net\/index.php?rest_route=\/wp\/v2\/media\/3540"}],"wp:attachment":[{"href":"https:\/\/lanuitdesours.lautre.net\/index.php?rest_route=%2Fwp%2Fv2%2Fmedia&parent=3536"}],"wp:term":[{"taxonomy":"category","embeddable":true,"href":"https:\/\/lanuitdesours.lautre.net\/index.php?rest_route=%2Fwp%2Fv2%2Fcategories&post=3536"},{"taxonomy":"post_tag","embeddable":true,"href":"https:\/\/lanuitdesours.lautre.net\/index.php?rest_route=%2Fwp%2Fv2%2Ftags&post=3536"}],"curies":[{"name":"wp","href":"https:\/\/api.w.org\/{rel}","templated":true}]}}