{"id":3471,"date":"2024-07-11T04:01:04","date_gmt":"2024-07-11T02:01:04","guid":{"rendered":"https:\/\/nuit-des-ours.com\/?p=3471"},"modified":"2024-07-29T23:26:35","modified_gmt":"2024-07-29T21:26:35","slug":"collectif-parce-qu-on-est-la-deux-point-zero","status":"publish","type":"post","link":"https:\/\/lanuitdesours.lautre.net\/?p=3471","title":{"rendered":"DEUX point Z\u00c9RO par le Collectif Parce qu&rsquo;on est l\u00e0"},"content":{"rendered":"\n<h2 class=\"wp-block-heading\">DEUX point Z\u00c9RO par le Collectif Parce qu&rsquo;on est l\u00e0, <br>10 AO\u00dbT 2024 \u00e0 16h30<\/h2>\n\n\n\n<div style=\"height:50px\" aria-hidden=\"true\" class=\"wp-block-spacer\"><\/div>\n\n\n\n<figure class=\"wp-block-image size-full\"><img loading=\"lazy\" decoding=\"async\" width=\"1008\" height=\"423\" src=\"https:\/\/nuit-des-ours.com\/wp-content\/uploads\/2024\/07\/Collectif_1.jpg\" alt=\"collectif parce qu'on est l\u00e0\" class=\"wp-image-3472\" srcset=\"https:\/\/lanuitdesours.lautre.net\/wp-content\/uploads\/2024\/07\/Collectif_1.jpg 1008w, https:\/\/lanuitdesours.lautre.net\/wp-content\/uploads\/2024\/07\/Collectif_1-300x126.jpg 300w, https:\/\/lanuitdesours.lautre.net\/wp-content\/uploads\/2024\/07\/Collectif_1-768x322.jpg 768w, https:\/\/lanuitdesours.lautre.net\/wp-content\/uploads\/2024\/07\/Collectif_1-496x208.jpg 496w\" sizes=\"auto, (max-width: 1008px) 100vw, 1008px\" \/><\/figure>\n\n\n\n<div style=\"height:50px\" aria-hidden=\"true\" class=\"wp-block-spacer\"><\/div>\n\n\n\n<p class=\"wp-block-paragraph\"><strong><mark style=\"background-color:rgba(0, 0, 0, 0)\" class=\"has-inline-color has-accent-1-color\">Le Collectif Parce qu\u2019on est l\u00e0<\/mark><\/strong> existe depuis 20 ans \u00e0 partir de la ville du Puy en Velay. Il cr\u00e9e des spectacles jou\u00e9s dans toute la France en particulier \u00e0 Paris au Lavoir Moderne Parisien, \u00e0 la Maison de l\u2019arbre d\u2019Armand Gatti et \u00e0 Rouen au festival Art et D\u00e9chirure.<\/p>\n\n\n\n<blockquote class=\"wp-block-quote is-layout-flow wp-block-quote-is-layout-flow\">\n<p class=\"wp-block-paragraph\">O\u00f9 que nous soyons, notre collectif t\u00e9moigne d\u2019une pr\u00e9sence. Serait-ce celle d\u2019avoir v\u00e9cu l\u2019enfermement psychiatrique ? Nous marchons comme t\u00e9moins de notre propre souffrance, pour aller vers un \u00ab mieux \u00eatre \u00bb au bout d\u2019un long chemin balis\u00e9 de \u00ab parce qu\u2019on est l\u00e0 \u00bb, indicateurs existentiels d\u2019\u00eatre vivants, l\u00e0, \u00e0 ce moment du \u00ab voyage \u00bb. Est-ce une longue agonie ou une lente r\u00e9surrection ?<\/p>\n<\/blockquote>\n\n\n\n<p class=\"wp-block-paragraph\">Le Collectif Parce qu\u2019on est l\u00e0 participe \u00e0 toutes les \u00e9ditions de <a href=\"https:\/\/nuit-des-ours.com\/a-propos\/\"><strong>LA NUIT DES OURS<\/strong><\/a> depuis 2019.<br>Cette ann\u00e9e il vous invite \u00e0 sa nouvelle cr\u00e9ation th\u00e9\u00e2trale : DEUX point ZERO.<br>Une immersion po\u00e9tique et paysanne dans ce qu\u2019on appelle depuis la nuit des temps : la folie.<\/p>\n\n\n\n<div style=\"height:50px\" aria-hidden=\"true\" class=\"wp-block-spacer\"><\/div>\n\n\n\n<div class=\"wp-block-buttons is-content-justification-left is-layout-flex wp-container-core-buttons-is-layout-63375db1 wp-block-buttons-is-layout-flex\">\n<div class=\"wp-block-button is-style-outline is-style-outline--1\"><a class=\"wp-block-button__link has-normal-font-size has-custom-font-size wp-element-button\" href=\"https:\/\/www.helloasso.com\/associations\/la-nuit-des-ours\/evenements\/evenements-artistiques-6-7-8-10-11-et-12-aout-edition-2025-1\" style=\"border-radius:0px\" target=\"_blank\" rel=\"noreferrer noopener\">R\u00c9SERVER<\/a><\/div>\n<\/div>\n\n\n\n<h5 class=\"wp-block-heading\">Informations pratiques :<\/h5>\n\n\n\n<ul class=\"wp-block-list\">\n<li>Rendez-vous aux EDELWEISS (vers le Caf\u00e9\/comptoir, derri\u00e8re la gare de Vallorcine) \u00e0 partir de 16h30.\u2028<\/li>\n\n\n\n<li>Si vous prenez le train, descendre \u00e0 la gare de Vallorcine.\u2028<\/li>\n\n\n\n<li>D\u00e9conseill\u00e9 aux enfants de moins de 12 ans. <\/li>\n\n\n\n<li>Vous pourrez dans la continuit\u00e9 assister au concert de <strong>MISHKA<\/strong> \u00e0 19h aux Edelweiss et \u00e0 celui d\u2019<a href=\"https:\/\/nuit-des-ours.com\/2024\/carte-blanche-abdullah-miniawy\/\"><strong>ABDULLAH MINIAWY<\/strong><\/a> \u00e0 21h \u00e0 l\u2019\u00c9glise.<\/li>\n<\/ul>\n","protected":false},"excerpt":{"rendered":"<p>LE 10 AO\u00dbT 2024. La nouvelle cr\u00e9ation th\u00e9\u00e2trale du Collectif Parce qu&rsquo;on est l\u00e0 : une immersion po\u00e9tique et paysanne dans ce qu\u2019on appelle depuis la nuit des temps : la folie. Sur r\u00e9servation (17\u20ac Tarif unique).<\/p>\n","protected":false},"author":1,"featured_media":3472,"comment_status":"closed","ping_status":"closed","sticky":false,"template":"","format":"standard","meta":{"footnotes":""},"categories":[37],"tags":[59],"class_list":["post-3471","post","type-post","status-publish","format-standard","has-post-thumbnail","hentry","category-edition-2024","tag-inclassable"],"yoast_head":"<!-- This site is optimized with the Yoast SEO plugin v28.3 - https:\/\/yoast.com\/product\/yoast-seo-wordpress\/ -->\n<title>DEUX point Z\u00c9RO par le Collectif Parce qu&#039;on est l\u00e0 - La Nuit des Ours Edition 2024<\/title>\n<meta name=\"description\" content=\"La nouvelle cr\u00e9ation th\u00e9\u00e2trale du Collectif Parce qu&#039;on est l\u00e0 : DEUX point Z\u00c9RO. Une immersion po\u00e9tique et paysanne dans &quot; la folie &quot;.\" \/>\n<meta name=\"robots\" content=\"index, follow, max-snippet:-1, max-image-preview:large, max-video-preview:-1\" \/>\n<link rel=\"canonical\" href=\"https:\/\/lanuitdesours.lautre.net\/?p=3471\" \/>\n<meta property=\"og:locale\" content=\"fr_FR\" \/>\n<meta property=\"og:type\" content=\"article\" \/>\n<meta property=\"og:title\" content=\"DEUX point Z\u00c9RO par le Collectif Parce qu&#039;on est l\u00e0 - La Nuit des Ours Edition 2024\" \/>\n<meta property=\"og:description\" content=\"La nouvelle cr\u00e9ation th\u00e9\u00e2trale du Collectif Parce qu&#039;on est l\u00e0 : DEUX point Z\u00c9RO. Une immersion po\u00e9tique et paysanne dans &quot; la folie &quot;.\" \/>\n<meta property=\"og:url\" content=\"https:\/\/lanuitdesours.lautre.net\/?p=3471\" \/>\n<meta property=\"og:site_name\" content=\"La Nuit des Ours\" \/>\n<meta property=\"article:publisher\" content=\"https:\/\/www.facebook.com\/lanuitdesours\/\" \/>\n<meta property=\"article:published_time\" content=\"2024-07-11T02:01:04+00:00\" \/>\n<meta property=\"article:modified_time\" content=\"2024-07-29T21:26:35+00:00\" \/>\n<meta property=\"og:image\" content=\"https:\/\/lanuitdesours.lautre.net\/wp-content\/uploads\/2024\/07\/Collectif_1.jpg\" \/>\n\t<meta property=\"og:image:width\" content=\"1008\" \/>\n\t<meta property=\"og:image:height\" content=\"423\" \/>\n\t<meta property=\"og:image:type\" content=\"image\/jpeg\" \/>\n<meta name=\"author\" content=\"Cr\u00e9er c&#039;est R\u00e9sister\" \/>\n<meta name=\"twitter:card\" content=\"summary_large_image\" \/>\n<meta name=\"twitter:label1\" content=\"\u00c9crit par\" \/>\n\t<meta name=\"twitter:data1\" content=\"Cr\u00e9er c&#039;est R\u00e9sister\" \/>\n\t<meta name=\"twitter:label2\" content=\"Dur\u00e9e de lecture estim\u00e9e\" \/>\n\t<meta name=\"twitter:data2\" content=\"2 minutes\" \/>\n<script type=\"application\/ld+json\" class=\"yoast-schema-graph\">{\"@context\":\"https:\\\/\\\/schema.org\",\"@graph\":[{\"@type\":\"Article\",\"@id\":\"https:\\\/\\\/lanuitdesours.lautre.net\\\/?p=3471#article\",\"isPartOf\":{\"@id\":\"https:\\\/\\\/lanuitdesours.lautre.net\\\/?p=3471\"},\"author\":{\"name\":\"Cr\u00e9er c'est R\u00e9sister\",\"@id\":\"https:\\\/\\\/lanuitdesours.lautre.net\\\/#\\\/schema\\\/person\\\/1f4500f2f631d9916d6b39f1c0ba934c\"},\"headline\":\"DEUX point Z\u00c9RO par le Collectif Parce qu&rsquo;on est l\u00e0\",\"datePublished\":\"2024-07-11T02:01:04+00:00\",\"dateModified\":\"2024-07-29T21:26:35+00:00\",\"mainEntityOfPage\":{\"@id\":\"https:\\\/\\\/lanuitdesours.lautre.net\\\/?p=3471\"},\"wordCount\":252,\"publisher\":{\"@id\":\"https:\\\/\\\/lanuitdesours.lautre.net\\\/#organization\"},\"image\":{\"@id\":\"https:\\\/\\\/lanuitdesours.lautre.net\\\/?p=3471#primaryimage\"},\"thumbnailUrl\":\"https:\\\/\\\/lanuitdesours.lautre.net\\\/wp-content\\\/uploads\\\/2024\\\/07\\\/Collectif_1.jpg\",\"keywords\":[\"INCLASSABLE\"],\"articleSection\":[\"Edition 2024\"],\"inLanguage\":\"fr-FR\"},{\"@type\":\"WebPage\",\"@id\":\"https:\\\/\\\/lanuitdesours.lautre.net\\\/?p=3471\",\"url\":\"https:\\\/\\\/lanuitdesours.lautre.net\\\/?p=3471\",\"name\":\"DEUX point Z\u00c9RO par le Collectif Parce qu'on est l\u00e0 - La Nuit des Ours Edition 2024\",\"isPartOf\":{\"@id\":\"https:\\\/\\\/lanuitdesours.lautre.net\\\/#website\"},\"primaryImageOfPage\":{\"@id\":\"https:\\\/\\\/lanuitdesours.lautre.net\\\/?p=3471#primaryimage\"},\"image\":{\"@id\":\"https:\\\/\\\/lanuitdesours.lautre.net\\\/?p=3471#primaryimage\"},\"thumbnailUrl\":\"https:\\\/\\\/lanuitdesours.lautre.net\\\/wp-content\\\/uploads\\\/2024\\\/07\\\/Collectif_1.jpg\",\"datePublished\":\"2024-07-11T02:01:04+00:00\",\"dateModified\":\"2024-07-29T21:26:35+00:00\",\"description\":\"La nouvelle cr\u00e9ation th\u00e9\u00e2trale du Collectif Parce qu'on est l\u00e0 : DEUX point Z\u00c9RO. Une immersion po\u00e9tique et paysanne dans \\\" la folie \\\".\",\"breadcrumb\":{\"@id\":\"https:\\\/\\\/lanuitdesours.lautre.net\\\/?p=3471#breadcrumb\"},\"inLanguage\":\"fr-FR\",\"potentialAction\":[{\"@type\":\"ReadAction\",\"target\":[\"https:\\\/\\\/lanuitdesours.lautre.net\\\/?p=3471\"]}]},{\"@type\":\"ImageObject\",\"inLanguage\":\"fr-FR\",\"@id\":\"https:\\\/\\\/lanuitdesours.lautre.net\\\/?p=3471#primaryimage\",\"url\":\"https:\\\/\\\/lanuitdesours.lautre.net\\\/wp-content\\\/uploads\\\/2024\\\/07\\\/Collectif_1.jpg\",\"contentUrl\":\"https:\\\/\\\/lanuitdesours.lautre.net\\\/wp-content\\\/uploads\\\/2024\\\/07\\\/Collectif_1.jpg\",\"width\":1008,\"height\":423,\"caption\":\"collectif parce qu'on est l\u00e0\"},{\"@type\":\"BreadcrumbList\",\"@id\":\"https:\\\/\\\/lanuitdesours.lautre.net\\\/?p=3471#breadcrumb\",\"itemListElement\":[{\"@type\":\"ListItem\",\"position\":1,\"name\":\"Accueil\",\"item\":\"https:\\\/\\\/lanuitdesours.lautre.net\\\/\"},{\"@type\":\"ListItem\",\"position\":2,\"name\":\"DEUX point Z\u00c9RO par le Collectif Parce qu&rsquo;on est l\u00e0\"}]},{\"@type\":\"WebSite\",\"@id\":\"https:\\\/\\\/lanuitdesours.lautre.net\\\/#website\",\"url\":\"https:\\\/\\\/lanuitdesours.lautre.net\\\/\",\"name\":\"La Nuit des Ours\",\"description\":\"CR\u00c9ER C&#039;EST R\u00c9SISTER | R\u00c9SISTER C&#039;EST CR\u00c9ER\",\"publisher\":{\"@id\":\"https:\\\/\\\/lanuitdesours.lautre.net\\\/#organization\"},\"potentialAction\":[{\"@type\":\"SearchAction\",\"target\":{\"@type\":\"EntryPoint\",\"urlTemplate\":\"https:\\\/\\\/lanuitdesours.lautre.net\\\/?s={search_term_string}\"},\"query-input\":{\"@type\":\"PropertyValueSpecification\",\"valueRequired\":true,\"valueName\":\"search_term_string\"}}],\"inLanguage\":\"fr-FR\"},{\"@type\":\"Organization\",\"@id\":\"https:\\\/\\\/lanuitdesours.lautre.net\\\/#organization\",\"name\":\"Association LA NUIT DES OURS\",\"url\":\"https:\\\/\\\/lanuitdesours.lautre.net\\\/\",\"logo\":{\"@type\":\"ImageObject\",\"inLanguage\":\"fr-FR\",\"@id\":\"https:\\\/\\\/lanuitdesours.lautre.net\\\/#\\\/schema\\\/logo\\\/image\\\/\",\"url\":\"https:\\\/\\\/nuit-des-ours.com\\\/wp-content\\\/uploads\\\/2022\\\/07\\\/cropped-NDO_logo-noir_jaune.jpg\",\"contentUrl\":\"https:\\\/\\\/nuit-des-ours.com\\\/wp-content\\\/uploads\\\/2022\\\/07\\\/cropped-NDO_logo-noir_jaune.jpg\",\"width\":512,\"height\":512,\"caption\":\"Association LA NUIT DES OURS\"},\"image\":{\"@id\":\"https:\\\/\\\/lanuitdesours.lautre.net\\\/#\\\/schema\\\/logo\\\/image\\\/\"},\"sameAs\":[\"https:\\\/\\\/www.facebook.com\\\/lanuitdesours\\\/\",\"https:\\\/\\\/www.instagram.com\\\/lanuitdesours\\\/\"]},{\"@type\":\"Person\",\"@id\":\"https:\\\/\\\/lanuitdesours.lautre.net\\\/#\\\/schema\\\/person\\\/1f4500f2f631d9916d6b39f1c0ba934c\",\"name\":\"Cr\u00e9er c'est R\u00e9sister\",\"image\":{\"@type\":\"ImageObject\",\"inLanguage\":\"fr-FR\",\"@id\":\"https:\\\/\\\/secure.gravatar.com\\\/avatar\\\/08f4e38908e105d843bc2bab0e7af2243257415b61b5fe99e955c21a5f61fc2b?s=96&d=mm&r=g\",\"url\":\"https:\\\/\\\/secure.gravatar.com\\\/avatar\\\/08f4e38908e105d843bc2bab0e7af2243257415b61b5fe99e955c21a5f61fc2b?s=96&d=mm&r=g\",\"contentUrl\":\"https:\\\/\\\/secure.gravatar.com\\\/avatar\\\/08f4e38908e105d843bc2bab0e7af2243257415b61b5fe99e955c21a5f61fc2b?s=96&d=mm&r=g\",\"caption\":\"Cr\u00e9er c'est R\u00e9sister\"},\"sameAs\":[\"http:\\\/\\\/www.lanuitdesours.lautre.net\"],\"url\":\"https:\\\/\\\/lanuitdesours.lautre.net\\\/?author=1\"}]}<\/script>\n<!-- \/ Yoast SEO plugin. -->","yoast_head_json":{"title":"DEUX point Z\u00c9RO par le Collectif Parce qu'on est l\u00e0 - La Nuit des Ours Edition 2024","description":"La nouvelle cr\u00e9ation th\u00e9\u00e2trale du Collectif Parce qu'on est l\u00e0 : DEUX point Z\u00c9RO. Une immersion po\u00e9tique et paysanne dans \" la folie \".","robots":{"index":"index","follow":"follow","max-snippet":"max-snippet:-1","max-image-preview":"max-image-preview:large","max-video-preview":"max-video-preview:-1"},"canonical":"https:\/\/lanuitdesours.lautre.net\/?p=3471","og_locale":"fr_FR","og_type":"article","og_title":"DEUX point Z\u00c9RO par le Collectif Parce qu'on est l\u00e0 - La Nuit des Ours Edition 2024","og_description":"La nouvelle cr\u00e9ation th\u00e9\u00e2trale du Collectif Parce qu'on est l\u00e0 : DEUX point Z\u00c9RO. Une immersion po\u00e9tique et paysanne dans \" la folie \".","og_url":"https:\/\/lanuitdesours.lautre.net\/?p=3471","og_site_name":"La Nuit des Ours","article_publisher":"https:\/\/www.facebook.com\/lanuitdesours\/","article_published_time":"2024-07-11T02:01:04+00:00","article_modified_time":"2024-07-29T21:26:35+00:00","og_image":[{"width":1008,"height":423,"url":"https:\/\/lanuitdesours.lautre.net\/wp-content\/uploads\/2024\/07\/Collectif_1.jpg","type":"image\/jpeg"}],"author":"Cr\u00e9er c'est R\u00e9sister","twitter_card":"summary_large_image","twitter_misc":{"\u00c9crit par":"Cr\u00e9er c'est R\u00e9sister","Dur\u00e9e de lecture estim\u00e9e":"2 minutes"},"schema":{"@context":"https:\/\/schema.org","@graph":[{"@type":"Article","@id":"https:\/\/lanuitdesours.lautre.net\/?p=3471#article","isPartOf":{"@id":"https:\/\/lanuitdesours.lautre.net\/?p=3471"},"author":{"name":"Cr\u00e9er c'est R\u00e9sister","@id":"https:\/\/lanuitdesours.lautre.net\/#\/schema\/person\/1f4500f2f631d9916d6b39f1c0ba934c"},"headline":"DEUX point Z\u00c9RO par le Collectif Parce qu&rsquo;on est l\u00e0","datePublished":"2024-07-11T02:01:04+00:00","dateModified":"2024-07-29T21:26:35+00:00","mainEntityOfPage":{"@id":"https:\/\/lanuitdesours.lautre.net\/?p=3471"},"wordCount":252,"publisher":{"@id":"https:\/\/lanuitdesours.lautre.net\/#organization"},"image":{"@id":"https:\/\/lanuitdesours.lautre.net\/?p=3471#primaryimage"},"thumbnailUrl":"https:\/\/lanuitdesours.lautre.net\/wp-content\/uploads\/2024\/07\/Collectif_1.jpg","keywords":["INCLASSABLE"],"articleSection":["Edition 2024"],"inLanguage":"fr-FR"},{"@type":"WebPage","@id":"https:\/\/lanuitdesours.lautre.net\/?p=3471","url":"https:\/\/lanuitdesours.lautre.net\/?p=3471","name":"DEUX point Z\u00c9RO par le Collectif Parce qu'on est l\u00e0 - La Nuit des Ours Edition 2024","isPartOf":{"@id":"https:\/\/lanuitdesours.lautre.net\/#website"},"primaryImageOfPage":{"@id":"https:\/\/lanuitdesours.lautre.net\/?p=3471#primaryimage"},"image":{"@id":"https:\/\/lanuitdesours.lautre.net\/?p=3471#primaryimage"},"thumbnailUrl":"https:\/\/lanuitdesours.lautre.net\/wp-content\/uploads\/2024\/07\/Collectif_1.jpg","datePublished":"2024-07-11T02:01:04+00:00","dateModified":"2024-07-29T21:26:35+00:00","description":"La nouvelle cr\u00e9ation th\u00e9\u00e2trale du Collectif Parce qu'on est l\u00e0 : DEUX point Z\u00c9RO. Une immersion po\u00e9tique et paysanne dans \" la folie \".","breadcrumb":{"@id":"https:\/\/lanuitdesours.lautre.net\/?p=3471#breadcrumb"},"inLanguage":"fr-FR","potentialAction":[{"@type":"ReadAction","target":["https:\/\/lanuitdesours.lautre.net\/?p=3471"]}]},{"@type":"ImageObject","inLanguage":"fr-FR","@id":"https:\/\/lanuitdesours.lautre.net\/?p=3471#primaryimage","url":"https:\/\/lanuitdesours.lautre.net\/wp-content\/uploads\/2024\/07\/Collectif_1.jpg","contentUrl":"https:\/\/lanuitdesours.lautre.net\/wp-content\/uploads\/2024\/07\/Collectif_1.jpg","width":1008,"height":423,"caption":"collectif parce qu'on est l\u00e0"},{"@type":"BreadcrumbList","@id":"https:\/\/lanuitdesours.lautre.net\/?p=3471#breadcrumb","itemListElement":[{"@type":"ListItem","position":1,"name":"Accueil","item":"https:\/\/lanuitdesours.lautre.net\/"},{"@type":"ListItem","position":2,"name":"DEUX point Z\u00c9RO par le Collectif Parce qu&rsquo;on est l\u00e0"}]},{"@type":"WebSite","@id":"https:\/\/lanuitdesours.lautre.net\/#website","url":"https:\/\/lanuitdesours.lautre.net\/","name":"La Nuit des Ours","description":"CR\u00c9ER C&#039;EST R\u00c9SISTER | R\u00c9SISTER C&#039;EST CR\u00c9ER","publisher":{"@id":"https:\/\/lanuitdesours.lautre.net\/#organization"},"potentialAction":[{"@type":"SearchAction","target":{"@type":"EntryPoint","urlTemplate":"https:\/\/lanuitdesours.lautre.net\/?s={search_term_string}"},"query-input":{"@type":"PropertyValueSpecification","valueRequired":true,"valueName":"search_term_string"}}],"inLanguage":"fr-FR"},{"@type":"Organization","@id":"https:\/\/lanuitdesours.lautre.net\/#organization","name":"Association LA NUIT DES OURS","url":"https:\/\/lanuitdesours.lautre.net\/","logo":{"@type":"ImageObject","inLanguage":"fr-FR","@id":"https:\/\/lanuitdesours.lautre.net\/#\/schema\/logo\/image\/","url":"https:\/\/nuit-des-ours.com\/wp-content\/uploads\/2022\/07\/cropped-NDO_logo-noir_jaune.jpg","contentUrl":"https:\/\/nuit-des-ours.com\/wp-content\/uploads\/2022\/07\/cropped-NDO_logo-noir_jaune.jpg","width":512,"height":512,"caption":"Association LA NUIT DES OURS"},"image":{"@id":"https:\/\/lanuitdesours.lautre.net\/#\/schema\/logo\/image\/"},"sameAs":["https:\/\/www.facebook.com\/lanuitdesours\/","https:\/\/www.instagram.com\/lanuitdesours\/"]},{"@type":"Person","@id":"https:\/\/lanuitdesours.lautre.net\/#\/schema\/person\/1f4500f2f631d9916d6b39f1c0ba934c","name":"Cr\u00e9er c'est R\u00e9sister","image":{"@type":"ImageObject","inLanguage":"fr-FR","@id":"https:\/\/secure.gravatar.com\/avatar\/08f4e38908e105d843bc2bab0e7af2243257415b61b5fe99e955c21a5f61fc2b?s=96&d=mm&r=g","url":"https:\/\/secure.gravatar.com\/avatar\/08f4e38908e105d843bc2bab0e7af2243257415b61b5fe99e955c21a5f61fc2b?s=96&d=mm&r=g","contentUrl":"https:\/\/secure.gravatar.com\/avatar\/08f4e38908e105d843bc2bab0e7af2243257415b61b5fe99e955c21a5f61fc2b?s=96&d=mm&r=g","caption":"Cr\u00e9er c'est R\u00e9sister"},"sameAs":["http:\/\/www.lanuitdesours.lautre.net"],"url":"https:\/\/lanuitdesours.lautre.net\/?author=1"}]}},"_links":{"self":[{"href":"https:\/\/lanuitdesours.lautre.net\/index.php?rest_route=\/wp\/v2\/posts\/3471","targetHints":{"allow":["GET"]}}],"collection":[{"href":"https:\/\/lanuitdesours.lautre.net\/index.php?rest_route=\/wp\/v2\/posts"}],"about":[{"href":"https:\/\/lanuitdesours.lautre.net\/index.php?rest_route=\/wp\/v2\/types\/post"}],"author":[{"embeddable":true,"href":"https:\/\/lanuitdesours.lautre.net\/index.php?rest_route=\/wp\/v2\/users\/1"}],"replies":[{"embeddable":true,"href":"https:\/\/lanuitdesours.lautre.net\/index.php?rest_route=%2Fwp%2Fv2%2Fcomments&post=3471"}],"version-history":[{"count":9,"href":"https:\/\/lanuitdesours.lautre.net\/index.php?rest_route=\/wp\/v2\/posts\/3471\/revisions"}],"predecessor-version":[{"id":3483,"href":"https:\/\/lanuitdesours.lautre.net\/index.php?rest_route=\/wp\/v2\/posts\/3471\/revisions\/3483"}],"wp:featuredmedia":[{"embeddable":true,"href":"https:\/\/lanuitdesours.lautre.net\/index.php?rest_route=\/wp\/v2\/media\/3472"}],"wp:attachment":[{"href":"https:\/\/lanuitdesours.lautre.net\/index.php?rest_route=%2Fwp%2Fv2%2Fmedia&parent=3471"}],"wp:term":[{"taxonomy":"category","embeddable":true,"href":"https:\/\/lanuitdesours.lautre.net\/index.php?rest_route=%2Fwp%2Fv2%2Fcategories&post=3471"},{"taxonomy":"post_tag","embeddable":true,"href":"https:\/\/lanuitdesours.lautre.net\/index.php?rest_route=%2Fwp%2Fv2%2Ftags&post=3471"}],"curies":[{"name":"wp","href":"https:\/\/api.w.org\/{rel}","templated":true}]}}