{"id":3439,"date":"2024-07-19T02:00:38","date_gmt":"2024-07-19T00:00:38","guid":{"rendered":"https:\/\/nuit-des-ours.com\/?p=3439"},"modified":"2025-07-22T10:18:06","modified_gmt":"2025-07-22T08:18:06","slug":"carte-blanche-abdullah-miniawy","status":"publish","type":"post","link":"https:\/\/lanuitdesours.lautre.net\/?p=3439","title":{"rendered":"Carte Blanche \u00e0 Abdullah Miniawy"},"content":{"rendered":"\n<h2 class=\"wp-block-heading\">CARTE BLANCHE \u00c0 ABDULLAH MINIAWY, 10 AO\u00dbT 2024<\/h2>\n\n\n\n<p class=\"wp-block-paragraph\"><mark style=\"background-color:rgba(0, 0, 0, 0)\" class=\"has-inline-color has-accent-1-color\"><\/mark><\/p>\n\n\n\n<div style=\"height:50px\" aria-hidden=\"true\" class=\"wp-block-spacer\"><\/div>\n\n\n\n<p class=\"wp-block-paragraph\"><strong>Apr\u00e8s sa venue inoubliable durant <a href=\"https:\/\/nuit-des-ours.com\/2023\/bivouac-des-ours\/\">LA NUIT DES OURS 2023<\/a>, carte blanche est donn\u00e9e au chanteur \u00e9gyptien <a href=\"https:\/\/abdullahminiawy.com\/\">Abdullah Miniawy<\/a> en l&rsquo;\u00c9glise de Vallorcine pour un concert in\u00e9dit. <mark style=\"background-color:rgba(0, 0, 0, 0)\" class=\"has-inline-color has-accent-1-color\">Sur r\u00e9servation (17\u20ac\/ gratuit -12 ans).<\/mark><\/strong><\/p>\n\n\n\n<p class=\"wp-block-paragraph\"><mark style=\"background-color:rgba(0, 0, 0, 0)\" class=\"has-inline-color has-accent-1-color\">Avec d\u00e9j\u00e0 confirm\u00e9 : <strong>Giani Caserotto<\/strong>, guitariste<\/mark><\/p>\n\n\n\n<div class=\"wp-block-buttons is-content-justification-left is-layout-flex wp-container-core-buttons-is-layout-63375db1 wp-block-buttons-is-layout-flex\">\n<div class=\"wp-block-button is-style-outline is-style-outline--1\"><a class=\"wp-block-button__link has-normal-font-size has-custom-font-size wp-element-button\" href=\"https:\/\/www.helloasso.com\/associations\/la-nuit-des-ours\/evenements\/evenements-artistiques-6-7-8-10-11-et-12-aout-edition-2025-1\" style=\"border-radius:0px\" target=\"_blank\" rel=\"noreferrer noopener\">R\u00c9SERVER<\/a><\/div>\n<\/div>\n\n\n\n<div style=\"height:50px\" aria-hidden=\"true\" class=\"wp-block-spacer\"><\/div>\n\n\n\n<!--more-->\n\n\n\n<figure class=\"wp-block-embed is-type-video is-provider-youtube wp-block-embed-youtube wp-embed-aspect-16-9 wp-has-aspect-ratio\"><div class=\"wp-block-embed__wrapper\">\n<iframe loading=\"lazy\" title=\"Abdullah Miniawy, Le Cri Du Caire - Les Victoires du jazz 2023\" width=\"1032\" height=\"581\" src=\"https:\/\/www.youtube.com\/embed\/SbXcLtb18lQ?feature=oembed\" frameborder=\"0\" allow=\"accelerometer; autoplay; clipboard-write; encrypted-media; gyroscope; picture-in-picture; web-share\" referrerpolicy=\"strict-origin-when-cross-origin\" allowfullscreen><\/iframe>\n<\/div><\/figure>\n\n\n\n<div style=\"height:50px\" aria-hidden=\"true\" class=\"wp-block-spacer\"><\/div>\n\n\n\n<p class=\"wp-block-paragraph\"><strong><mark style=\"background-color:rgba(0, 0, 0, 0)\" class=\"has-inline-color has-accent-1-color\"><a href=\"https:\/\/abdullahminiawy.com\/\">ABDULLAH MINIAWY<\/a><\/mark><\/strong> est n\u00e9 le 29 mars 1994 \u00e0 Yanbu en Arabie saoudite, d\u2019un p\u00e8re professeur universitaire d\u2019arabe classique et d\u2019une m\u00e8re psychologue. Il migre \u00e0 17 ans, avec sa famille \u00e0 El Fayoum en Egypte. \u00c0 l\u2019aube des premiers soul\u00e8vements r\u00e9volutionnaires, il se rend au Caire. C&rsquo;est l\u00e0 qu&rsquo;il rencontre le rappeur Aly Talibab qui lui propose de chanter devant les milliers de manifestants place Tahrir.<\/p>\n\n\n\n<p class=\"wp-block-paragraph\">Autodidacte, il compose d\u00e8s lors de nombreux morceaux notamment \u00e9lectroniques. L\u2019environnement politique et artistique dans lequel il gravite lui inspire une po\u00e9sie d\u00e9nonciatrice tr\u00e8s ancr\u00e9e dans le pr\u00e9sent, la sensation, le quotidien. Ses paroles voyagent \u00e0 travers le Moyen-Orient, appos\u00e9es sur les murs d\u2019\u00c9gypte, de Tunisie, de Syrie et du Liban. Il quitte l\u2019Egypte et depuis 2014 joue avec le trio munichois Carl-Gari, le trompettiste suisse Erik Truffaz et le clarinettiste Yom.<\/p>\n\n\n\n<p class=\"wp-block-paragraph\">Il publie en 2016 son po\u00e8me \u00c9tudiants du Tiers-Monde dans lequel il d\u00e9nonce l\u2019assassinat jamais \u00e9lucid\u00e9 du jeune \u00e9tudiant italien Giulio Regeni qui menait alors des travaux de recherche sur le syndicalisme en \u00c9gypte. Son texte, embl\u00e9matique d\u2019une jeunesse d\u00e9sillusionn\u00e9e, hyper-consciente des r\u00e9alit\u00e9s politiques \u00e0 l\u2019issue d\u2019un printemps arabe sans effet, est tr\u00e8s largement diffus\u00e9.<\/p>\n\n\n\n<p class=\"wp-block-paragraph\">Empreint de mystique soufie, sa voix saisissante a fait sensation au Festival d\u2019Avignon 2017 en prenant son envol avec <a href=\"https:\/\/abdullahminiawy.com\/Le-Cri-Du-Caire-online-book\">Le Cri du Caire<\/a> sur le souffle circulaire du saxophoniste Peter Corser, avant de conna\u00eetre un succ\u00e8s inesp\u00e9r\u00e9 par-del\u00e0 les fronti\u00e8res g\u00e9ographiques et musicales. En 2023, il est couronn\u00e9 d\u2019une Victoire du Jazz cat\u00e9gorie \u00ab musique du Monde \u00bb.<\/p>\n\n\n\n<div style=\"height:50px\" aria-hidden=\"true\" class=\"wp-block-spacer\"><\/div>\n\n\n\n<div class=\"wp-block-columns is-layout-flex wp-container-core-columns-is-layout-8f761849 wp-block-columns-is-layout-flex\">\n<div class=\"wp-block-column is-vertically-aligned-center is-layout-flow wp-block-column-is-layout-flow\">\n<blockquote class=\"wp-block-quote is-layout-flow wp-block-quote-is-layout-flow\">\n<p class=\"wp-block-paragraph\">Interroge-toi : comment l\u2019homme faisant les poubelles dans la rue \u00e9limine-t-il les traces des m\u00e9t\u00e9orites ?<br>Comment l\u2019heureuse chance est h\u00e9rit\u00e9e des premiers hommes ?<\/p>\n<\/blockquote>\n<\/div>\n\n\n\n<div class=\"wp-block-column is-vertically-aligned-center is-layout-flow wp-block-column-is-layout-flow\"><div class=\"wp-block-image\">\n<figure class=\"aligncenter size-large\"><img loading=\"lazy\" decoding=\"async\" width=\"1024\" height=\"683\" src=\"https:\/\/nuit-des-ours.com\/wp-content\/uploads\/2024\/07\/Abdullah-Miniawy-credit-Camilla-Rehnstrand-1024x683.jpg\" alt=\"ABDULLAH MINIAWY\" class=\"wp-image-3220\" srcset=\"https:\/\/lanuitdesours.lautre.net\/wp-content\/uploads\/2024\/07\/Abdullah-Miniawy-credit-Camilla-Rehnstrand-1024x683.jpg 1024w, https:\/\/lanuitdesours.lautre.net\/wp-content\/uploads\/2024\/07\/Abdullah-Miniawy-credit-Camilla-Rehnstrand-300x200.jpg 300w, https:\/\/lanuitdesours.lautre.net\/wp-content\/uploads\/2024\/07\/Abdullah-Miniawy-credit-Camilla-Rehnstrand-768x512.jpg 768w, https:\/\/lanuitdesours.lautre.net\/wp-content\/uploads\/2024\/07\/Abdullah-Miniawy-credit-Camilla-Rehnstrand-1536x1024.jpg 1536w, https:\/\/lanuitdesours.lautre.net\/wp-content\/uploads\/2024\/07\/Abdullah-Miniawy-credit-Camilla-Rehnstrand-2048x1365.jpg 2048w, https:\/\/lanuitdesours.lautre.net\/wp-content\/uploads\/2024\/07\/Abdullah-Miniawy-credit-Camilla-Rehnstrand-450x300.jpg 450w\" sizes=\"auto, (max-width: 1024px) 100vw, 1024px\" \/><\/figure>\n<\/div><\/div>\n<\/div>\n","protected":false},"excerpt":{"rendered":"<p>LE 10 AO\u00dbT, 21h. Apr\u00e8s sa venue inoubliable en 2023, carte blanche est donn\u00e9e au chanteur \u00e9gyptien Abdullah Miniawy en l&rsquo;\u00c9glise de Vallorcine pour un concert in\u00e9dit.<br \/>\nSur r\u00e9servation (17\u20ac\/ gratuit -12 ans). <\/p>\n","protected":false},"author":1,"featured_media":3220,"comment_status":"closed","ping_status":"closed","sticky":false,"template":"","format":"standard","meta":{"footnotes":""},"categories":[37],"tags":[53],"class_list":["post-3439","post","type-post","status-publish","format-standard","has-post-thumbnail","hentry","category-edition-2024","tag-carte-blanche"],"yoast_head":"<!-- This site is optimized with the Yoast SEO plugin v28.3 - https:\/\/yoast.com\/product\/yoast-seo-wordpress\/ -->\n<title>Carte Blanche \u00e0 Abdullah Miniawy - La Nuit des Ours Edition 2024<\/title>\n<meta name=\"description\" content=\"Cette ann\u00e9e, carte blanche est donn\u00e9e \u00e0 Abdullah Miniawy en l&#039;\u00c9glise de Vallorcine pour un concert in\u00e9dit \u00e0 LA NUIT DES OURS.\" \/>\n<meta name=\"robots\" content=\"index, follow, max-snippet:-1, max-image-preview:large, max-video-preview:-1\" \/>\n<link rel=\"canonical\" href=\"https:\/\/lanuitdesours.lautre.net\/?p=3439\" \/>\n<meta property=\"og:locale\" content=\"fr_FR\" \/>\n<meta property=\"og:type\" content=\"article\" \/>\n<meta property=\"og:title\" content=\"Carte Blanche \u00e0 Abdullah Miniawy - La Nuit des Ours Edition 2024\" \/>\n<meta property=\"og:description\" content=\"Cette ann\u00e9e, carte blanche est donn\u00e9e \u00e0 Abdullah Miniawy en l&#039;\u00c9glise de Vallorcine pour un concert in\u00e9dit \u00e0 LA NUIT DES OURS.\" \/>\n<meta property=\"og:url\" content=\"https:\/\/lanuitdesours.lautre.net\/?p=3439\" \/>\n<meta property=\"og:site_name\" content=\"La Nuit des Ours\" \/>\n<meta property=\"article:publisher\" content=\"https:\/\/www.facebook.com\/lanuitdesours\/\" \/>\n<meta property=\"article:published_time\" content=\"2024-07-19T00:00:38+00:00\" \/>\n<meta property=\"article:modified_time\" content=\"2025-07-22T08:18:06+00:00\" \/>\n<meta property=\"og:image\" content=\"https:\/\/lanuitdesours.lautre.net\/wp-content\/uploads\/2024\/07\/Abdullah-Miniawy-credit-Camilla-Rehnstrand.jpg\" \/>\n\t<meta property=\"og:image:width\" content=\"2160\" \/>\n\t<meta property=\"og:image:height\" content=\"1440\" \/>\n\t<meta property=\"og:image:type\" content=\"image\/jpeg\" \/>\n<meta name=\"author\" content=\"Cr\u00e9er c&#039;est R\u00e9sister\" \/>\n<meta name=\"twitter:card\" content=\"summary_large_image\" \/>\n<meta name=\"twitter:label1\" content=\"\u00c9crit par\" \/>\n\t<meta name=\"twitter:data1\" content=\"Cr\u00e9er c&#039;est R\u00e9sister\" \/>\n\t<meta name=\"twitter:label2\" content=\"Dur\u00e9e de lecture estim\u00e9e\" \/>\n\t<meta name=\"twitter:data2\" content=\"2 minutes\" \/>\n<script type=\"application\/ld+json\" class=\"yoast-schema-graph\">{\"@context\":\"https:\\\/\\\/schema.org\",\"@graph\":[{\"@type\":\"Article\",\"@id\":\"https:\\\/\\\/lanuitdesours.lautre.net\\\/?p=3439#article\",\"isPartOf\":{\"@id\":\"https:\\\/\\\/lanuitdesours.lautre.net\\\/?p=3439\"},\"author\":{\"name\":\"Cr\u00e9er c'est R\u00e9sister\",\"@id\":\"https:\\\/\\\/lanuitdesours.lautre.net\\\/#\\\/schema\\\/person\\\/1f4500f2f631d9916d6b39f1c0ba934c\"},\"headline\":\"Carte Blanche \u00e0 Abdullah Miniawy\",\"datePublished\":\"2024-07-19T00:00:38+00:00\",\"dateModified\":\"2025-07-22T08:18:06+00:00\",\"mainEntityOfPage\":{\"@id\":\"https:\\\/\\\/lanuitdesours.lautre.net\\\/?p=3439\"},\"wordCount\":361,\"publisher\":{\"@id\":\"https:\\\/\\\/lanuitdesours.lautre.net\\\/#organization\"},\"image\":{\"@id\":\"https:\\\/\\\/lanuitdesours.lautre.net\\\/?p=3439#primaryimage\"},\"thumbnailUrl\":\"https:\\\/\\\/lanuitdesours.lautre.net\\\/wp-content\\\/uploads\\\/2024\\\/07\\\/Abdullah-Miniawy-credit-Camilla-Rehnstrand.jpg\",\"keywords\":[\"CARTE BLANCHE\"],\"articleSection\":[\"Edition 2024\"],\"inLanguage\":\"fr-FR\"},{\"@type\":\"WebPage\",\"@id\":\"https:\\\/\\\/lanuitdesours.lautre.net\\\/?p=3439\",\"url\":\"https:\\\/\\\/lanuitdesours.lautre.net\\\/?p=3439\",\"name\":\"Carte Blanche \u00e0 Abdullah Miniawy - La Nuit des Ours Edition 2024\",\"isPartOf\":{\"@id\":\"https:\\\/\\\/lanuitdesours.lautre.net\\\/#website\"},\"primaryImageOfPage\":{\"@id\":\"https:\\\/\\\/lanuitdesours.lautre.net\\\/?p=3439#primaryimage\"},\"image\":{\"@id\":\"https:\\\/\\\/lanuitdesours.lautre.net\\\/?p=3439#primaryimage\"},\"thumbnailUrl\":\"https:\\\/\\\/lanuitdesours.lautre.net\\\/wp-content\\\/uploads\\\/2024\\\/07\\\/Abdullah-Miniawy-credit-Camilla-Rehnstrand.jpg\",\"datePublished\":\"2024-07-19T00:00:38+00:00\",\"dateModified\":\"2025-07-22T08:18:06+00:00\",\"description\":\"Cette ann\u00e9e, carte blanche est donn\u00e9e \u00e0 Abdullah Miniawy en l'\u00c9glise de Vallorcine pour un concert in\u00e9dit \u00e0 LA NUIT DES OURS.\",\"breadcrumb\":{\"@id\":\"https:\\\/\\\/lanuitdesours.lautre.net\\\/?p=3439#breadcrumb\"},\"inLanguage\":\"fr-FR\",\"potentialAction\":[{\"@type\":\"ReadAction\",\"target\":[\"https:\\\/\\\/lanuitdesours.lautre.net\\\/?p=3439\"]}]},{\"@type\":\"ImageObject\",\"inLanguage\":\"fr-FR\",\"@id\":\"https:\\\/\\\/lanuitdesours.lautre.net\\\/?p=3439#primaryimage\",\"url\":\"https:\\\/\\\/lanuitdesours.lautre.net\\\/wp-content\\\/uploads\\\/2024\\\/07\\\/Abdullah-Miniawy-credit-Camilla-Rehnstrand.jpg\",\"contentUrl\":\"https:\\\/\\\/lanuitdesours.lautre.net\\\/wp-content\\\/uploads\\\/2024\\\/07\\\/Abdullah-Miniawy-credit-Camilla-Rehnstrand.jpg\",\"width\":2160,\"height\":1440,\"caption\":\"ABDULLAH MINIAWY - INTONAL 2023 - photo: Camilla Rehnstrand for INTONAL\"},{\"@type\":\"BreadcrumbList\",\"@id\":\"https:\\\/\\\/lanuitdesours.lautre.net\\\/?p=3439#breadcrumb\",\"itemListElement\":[{\"@type\":\"ListItem\",\"position\":1,\"name\":\"Accueil\",\"item\":\"https:\\\/\\\/lanuitdesours.lautre.net\\\/\"},{\"@type\":\"ListItem\",\"position\":2,\"name\":\"Carte Blanche \u00e0 Abdullah Miniawy\"}]},{\"@type\":\"WebSite\",\"@id\":\"https:\\\/\\\/lanuitdesours.lautre.net\\\/#website\",\"url\":\"https:\\\/\\\/lanuitdesours.lautre.net\\\/\",\"name\":\"La Nuit des Ours\",\"description\":\"CR\u00c9ER C&#039;EST R\u00c9SISTER | R\u00c9SISTER C&#039;EST CR\u00c9ER\",\"publisher\":{\"@id\":\"https:\\\/\\\/lanuitdesours.lautre.net\\\/#organization\"},\"potentialAction\":[{\"@type\":\"SearchAction\",\"target\":{\"@type\":\"EntryPoint\",\"urlTemplate\":\"https:\\\/\\\/lanuitdesours.lautre.net\\\/?s={search_term_string}\"},\"query-input\":{\"@type\":\"PropertyValueSpecification\",\"valueRequired\":true,\"valueName\":\"search_term_string\"}}],\"inLanguage\":\"fr-FR\"},{\"@type\":\"Organization\",\"@id\":\"https:\\\/\\\/lanuitdesours.lautre.net\\\/#organization\",\"name\":\"Association LA NUIT DES OURS\",\"url\":\"https:\\\/\\\/lanuitdesours.lautre.net\\\/\",\"logo\":{\"@type\":\"ImageObject\",\"inLanguage\":\"fr-FR\",\"@id\":\"https:\\\/\\\/lanuitdesours.lautre.net\\\/#\\\/schema\\\/logo\\\/image\\\/\",\"url\":\"https:\\\/\\\/nuit-des-ours.com\\\/wp-content\\\/uploads\\\/2022\\\/07\\\/cropped-NDO_logo-noir_jaune.jpg\",\"contentUrl\":\"https:\\\/\\\/nuit-des-ours.com\\\/wp-content\\\/uploads\\\/2022\\\/07\\\/cropped-NDO_logo-noir_jaune.jpg\",\"width\":512,\"height\":512,\"caption\":\"Association LA NUIT DES OURS\"},\"image\":{\"@id\":\"https:\\\/\\\/lanuitdesours.lautre.net\\\/#\\\/schema\\\/logo\\\/image\\\/\"},\"sameAs\":[\"https:\\\/\\\/www.facebook.com\\\/lanuitdesours\\\/\",\"https:\\\/\\\/www.instagram.com\\\/lanuitdesours\\\/\"]},{\"@type\":\"Person\",\"@id\":\"https:\\\/\\\/lanuitdesours.lautre.net\\\/#\\\/schema\\\/person\\\/1f4500f2f631d9916d6b39f1c0ba934c\",\"name\":\"Cr\u00e9er c'est R\u00e9sister\",\"image\":{\"@type\":\"ImageObject\",\"inLanguage\":\"fr-FR\",\"@id\":\"https:\\\/\\\/secure.gravatar.com\\\/avatar\\\/08f4e38908e105d843bc2bab0e7af2243257415b61b5fe99e955c21a5f61fc2b?s=96&d=mm&r=g\",\"url\":\"https:\\\/\\\/secure.gravatar.com\\\/avatar\\\/08f4e38908e105d843bc2bab0e7af2243257415b61b5fe99e955c21a5f61fc2b?s=96&d=mm&r=g\",\"contentUrl\":\"https:\\\/\\\/secure.gravatar.com\\\/avatar\\\/08f4e38908e105d843bc2bab0e7af2243257415b61b5fe99e955c21a5f61fc2b?s=96&d=mm&r=g\",\"caption\":\"Cr\u00e9er c'est R\u00e9sister\"},\"sameAs\":[\"http:\\\/\\\/www.lanuitdesours.lautre.net\"],\"url\":\"https:\\\/\\\/lanuitdesours.lautre.net\\\/?author=1\"}]}<\/script>\n<!-- \/ Yoast SEO plugin. -->","yoast_head_json":{"title":"Carte Blanche \u00e0 Abdullah Miniawy - La Nuit des Ours Edition 2024","description":"Cette ann\u00e9e, carte blanche est donn\u00e9e \u00e0 Abdullah Miniawy en l'\u00c9glise de Vallorcine pour un concert in\u00e9dit \u00e0 LA NUIT DES OURS.","robots":{"index":"index","follow":"follow","max-snippet":"max-snippet:-1","max-image-preview":"max-image-preview:large","max-video-preview":"max-video-preview:-1"},"canonical":"https:\/\/lanuitdesours.lautre.net\/?p=3439","og_locale":"fr_FR","og_type":"article","og_title":"Carte Blanche \u00e0 Abdullah Miniawy - La Nuit des Ours Edition 2024","og_description":"Cette ann\u00e9e, carte blanche est donn\u00e9e \u00e0 Abdullah Miniawy en l'\u00c9glise de Vallorcine pour un concert in\u00e9dit \u00e0 LA NUIT DES OURS.","og_url":"https:\/\/lanuitdesours.lautre.net\/?p=3439","og_site_name":"La Nuit des Ours","article_publisher":"https:\/\/www.facebook.com\/lanuitdesours\/","article_published_time":"2024-07-19T00:00:38+00:00","article_modified_time":"2025-07-22T08:18:06+00:00","og_image":[{"width":2160,"height":1440,"url":"https:\/\/lanuitdesours.lautre.net\/wp-content\/uploads\/2024\/07\/Abdullah-Miniawy-credit-Camilla-Rehnstrand.jpg","type":"image\/jpeg"}],"author":"Cr\u00e9er c'est R\u00e9sister","twitter_card":"summary_large_image","twitter_misc":{"\u00c9crit par":"Cr\u00e9er c'est R\u00e9sister","Dur\u00e9e de lecture estim\u00e9e":"2 minutes"},"schema":{"@context":"https:\/\/schema.org","@graph":[{"@type":"Article","@id":"https:\/\/lanuitdesours.lautre.net\/?p=3439#article","isPartOf":{"@id":"https:\/\/lanuitdesours.lautre.net\/?p=3439"},"author":{"name":"Cr\u00e9er c'est R\u00e9sister","@id":"https:\/\/lanuitdesours.lautre.net\/#\/schema\/person\/1f4500f2f631d9916d6b39f1c0ba934c"},"headline":"Carte Blanche \u00e0 Abdullah Miniawy","datePublished":"2024-07-19T00:00:38+00:00","dateModified":"2025-07-22T08:18:06+00:00","mainEntityOfPage":{"@id":"https:\/\/lanuitdesours.lautre.net\/?p=3439"},"wordCount":361,"publisher":{"@id":"https:\/\/lanuitdesours.lautre.net\/#organization"},"image":{"@id":"https:\/\/lanuitdesours.lautre.net\/?p=3439#primaryimage"},"thumbnailUrl":"https:\/\/lanuitdesours.lautre.net\/wp-content\/uploads\/2024\/07\/Abdullah-Miniawy-credit-Camilla-Rehnstrand.jpg","keywords":["CARTE BLANCHE"],"articleSection":["Edition 2024"],"inLanguage":"fr-FR"},{"@type":"WebPage","@id":"https:\/\/lanuitdesours.lautre.net\/?p=3439","url":"https:\/\/lanuitdesours.lautre.net\/?p=3439","name":"Carte Blanche \u00e0 Abdullah Miniawy - La Nuit des Ours Edition 2024","isPartOf":{"@id":"https:\/\/lanuitdesours.lautre.net\/#website"},"primaryImageOfPage":{"@id":"https:\/\/lanuitdesours.lautre.net\/?p=3439#primaryimage"},"image":{"@id":"https:\/\/lanuitdesours.lautre.net\/?p=3439#primaryimage"},"thumbnailUrl":"https:\/\/lanuitdesours.lautre.net\/wp-content\/uploads\/2024\/07\/Abdullah-Miniawy-credit-Camilla-Rehnstrand.jpg","datePublished":"2024-07-19T00:00:38+00:00","dateModified":"2025-07-22T08:18:06+00:00","description":"Cette ann\u00e9e, carte blanche est donn\u00e9e \u00e0 Abdullah Miniawy en l'\u00c9glise de Vallorcine pour un concert in\u00e9dit \u00e0 LA NUIT DES OURS.","breadcrumb":{"@id":"https:\/\/lanuitdesours.lautre.net\/?p=3439#breadcrumb"},"inLanguage":"fr-FR","potentialAction":[{"@type":"ReadAction","target":["https:\/\/lanuitdesours.lautre.net\/?p=3439"]}]},{"@type":"ImageObject","inLanguage":"fr-FR","@id":"https:\/\/lanuitdesours.lautre.net\/?p=3439#primaryimage","url":"https:\/\/lanuitdesours.lautre.net\/wp-content\/uploads\/2024\/07\/Abdullah-Miniawy-credit-Camilla-Rehnstrand.jpg","contentUrl":"https:\/\/lanuitdesours.lautre.net\/wp-content\/uploads\/2024\/07\/Abdullah-Miniawy-credit-Camilla-Rehnstrand.jpg","width":2160,"height":1440,"caption":"ABDULLAH MINIAWY - INTONAL 2023 - photo: Camilla Rehnstrand for INTONAL"},{"@type":"BreadcrumbList","@id":"https:\/\/lanuitdesours.lautre.net\/?p=3439#breadcrumb","itemListElement":[{"@type":"ListItem","position":1,"name":"Accueil","item":"https:\/\/lanuitdesours.lautre.net\/"},{"@type":"ListItem","position":2,"name":"Carte Blanche \u00e0 Abdullah Miniawy"}]},{"@type":"WebSite","@id":"https:\/\/lanuitdesours.lautre.net\/#website","url":"https:\/\/lanuitdesours.lautre.net\/","name":"La Nuit des Ours","description":"CR\u00c9ER C&#039;EST R\u00c9SISTER | R\u00c9SISTER C&#039;EST CR\u00c9ER","publisher":{"@id":"https:\/\/lanuitdesours.lautre.net\/#organization"},"potentialAction":[{"@type":"SearchAction","target":{"@type":"EntryPoint","urlTemplate":"https:\/\/lanuitdesours.lautre.net\/?s={search_term_string}"},"query-input":{"@type":"PropertyValueSpecification","valueRequired":true,"valueName":"search_term_string"}}],"inLanguage":"fr-FR"},{"@type":"Organization","@id":"https:\/\/lanuitdesours.lautre.net\/#organization","name":"Association LA NUIT DES OURS","url":"https:\/\/lanuitdesours.lautre.net\/","logo":{"@type":"ImageObject","inLanguage":"fr-FR","@id":"https:\/\/lanuitdesours.lautre.net\/#\/schema\/logo\/image\/","url":"https:\/\/nuit-des-ours.com\/wp-content\/uploads\/2022\/07\/cropped-NDO_logo-noir_jaune.jpg","contentUrl":"https:\/\/nuit-des-ours.com\/wp-content\/uploads\/2022\/07\/cropped-NDO_logo-noir_jaune.jpg","width":512,"height":512,"caption":"Association LA NUIT DES OURS"},"image":{"@id":"https:\/\/lanuitdesours.lautre.net\/#\/schema\/logo\/image\/"},"sameAs":["https:\/\/www.facebook.com\/lanuitdesours\/","https:\/\/www.instagram.com\/lanuitdesours\/"]},{"@type":"Person","@id":"https:\/\/lanuitdesours.lautre.net\/#\/schema\/person\/1f4500f2f631d9916d6b39f1c0ba934c","name":"Cr\u00e9er c'est R\u00e9sister","image":{"@type":"ImageObject","inLanguage":"fr-FR","@id":"https:\/\/secure.gravatar.com\/avatar\/08f4e38908e105d843bc2bab0e7af2243257415b61b5fe99e955c21a5f61fc2b?s=96&d=mm&r=g","url":"https:\/\/secure.gravatar.com\/avatar\/08f4e38908e105d843bc2bab0e7af2243257415b61b5fe99e955c21a5f61fc2b?s=96&d=mm&r=g","contentUrl":"https:\/\/secure.gravatar.com\/avatar\/08f4e38908e105d843bc2bab0e7af2243257415b61b5fe99e955c21a5f61fc2b?s=96&d=mm&r=g","caption":"Cr\u00e9er c'est R\u00e9sister"},"sameAs":["http:\/\/www.lanuitdesours.lautre.net"],"url":"https:\/\/lanuitdesours.lautre.net\/?author=1"}]}},"_links":{"self":[{"href":"https:\/\/lanuitdesours.lautre.net\/index.php?rest_route=\/wp\/v2\/posts\/3439","targetHints":{"allow":["GET"]}}],"collection":[{"href":"https:\/\/lanuitdesours.lautre.net\/index.php?rest_route=\/wp\/v2\/posts"}],"about":[{"href":"https:\/\/lanuitdesours.lautre.net\/index.php?rest_route=\/wp\/v2\/types\/post"}],"author":[{"embeddable":true,"href":"https:\/\/lanuitdesours.lautre.net\/index.php?rest_route=\/wp\/v2\/users\/1"}],"replies":[{"embeddable":true,"href":"https:\/\/lanuitdesours.lautre.net\/index.php?rest_route=%2Fwp%2Fv2%2Fcomments&post=3439"}],"version-history":[{"count":37,"href":"https:\/\/lanuitdesours.lautre.net\/index.php?rest_route=\/wp\/v2\/posts\/3439\/revisions"}],"predecessor-version":[{"id":3813,"href":"https:\/\/lanuitdesours.lautre.net\/index.php?rest_route=\/wp\/v2\/posts\/3439\/revisions\/3813"}],"wp:featuredmedia":[{"embeddable":true,"href":"https:\/\/lanuitdesours.lautre.net\/index.php?rest_route=\/wp\/v2\/media\/3220"}],"wp:attachment":[{"href":"https:\/\/lanuitdesours.lautre.net\/index.php?rest_route=%2Fwp%2Fv2%2Fmedia&parent=3439"}],"wp:term":[{"taxonomy":"category","embeddable":true,"href":"https:\/\/lanuitdesours.lautre.net\/index.php?rest_route=%2Fwp%2Fv2%2Fcategories&post=3439"},{"taxonomy":"post_tag","embeddable":true,"href":"https:\/\/lanuitdesours.lautre.net\/index.php?rest_route=%2Fwp%2Fv2%2Ftags&post=3439"}],"curies":[{"name":"wp","href":"https:\/\/api.w.org\/{rel}","templated":true}]}}