{"id":3422,"date":"2024-07-19T02:04:12","date_gmt":"2024-07-19T00:04:12","guid":{"rendered":"https:\/\/nuit-des-ours.com\/?p=3422"},"modified":"2025-07-21T22:56:55","modified_gmt":"2025-07-21T20:56:55","slug":"la-nuit-en-plein-jour","status":"publish","type":"post","link":"https:\/\/lanuitdesours.lautre.net\/?p=3422","title":{"rendered":"La Nuit en Plein Jour"},"content":{"rendered":"\n<h2 class=\"wp-block-heading\">LA NUIT EN PLEIN JOUR, 12 AO\u00dbT 2024<\/h2>\n\n\n\n<p class=\"wp-block-paragraph\"><strong>Grande nouveaut\u00e9 cette ann\u00e9e, LA NUIT DES OURS se d\u00e9cline dans une version en plein jour !\u2028 <\/strong><br><strong><mark style=\"background-color:rgba(0, 0, 0, 0)\" class=\"has-inline-color has-accent-1-color\">LA NUIT EN PLEIN JOUR<\/mark> est donc une d\u00e9ambulation diurne entre diff\u00e9rents spectacles et sculptures d\u2019 \u00ab Arts du Chemin \u00bb, guid\u00e9e par des passeur-euses de savoir. \u00c7a permet de venir avec ses enfants.\u2028 L\u2019aventure est diff\u00e9rente, plus ax\u00e9e sur les spectacles mais toujours en pleine nature, en immersion entre for\u00eat, chemins et bosquets dans les territoires sauvages de Vallorcine en Haute-Savoie.<\/strong><mark style=\"background-color:rgba(0, 0, 0, 0)\" class=\"has-inline-color has-accent-1-color\"><strong> Sur r\u00e9servation (25\u20ac\/20\u20ac tarif r\u00e9duit\/15\u20ac tarif enfant).<\/strong><\/mark><\/p>\n\n\n\n<div class=\"wp-block-buttons is-content-justification-space-between is-layout-flex wp-container-core-buttons-is-layout-cfe5ce44 wp-block-buttons-is-layout-flex\">\n<div class=\"wp-block-button has-custom-font-size is-style-outline has-normal-font-size is-style-outline--1\"><a class=\"wp-block-button__link has-sitebg-color has-accent-2-background-color has-text-color has-background wp-element-button\" href=\"https:\/\/www.helloasso.com\/associations\/la-nuit-des-ours\/evenements\/evenements-artistiques-8-9-10-et-12-aout-edition-2024\" style=\"border-radius:0px\">R\u00c9SERVER<\/a><\/div>\n<\/div>\n\n\n\n<div style=\"height:30px\" aria-hidden=\"true\" class=\"wp-block-spacer\"><\/div>\n\n\n\n<!--more-->\n\n\n\n<h5 class=\"wp-block-heading\">A PARTIR DE 13h, <br>ACCUEIL de LA NUIT EN PLEIN JOUR aux Edelweiss (vers le Caf\u00e9\/Comptoir, derri\u00e8re la gare de Vallorcine), avec :<\/h5>\n\n\n\n<ul class=\"wp-block-list\">\n<li>Buvette<\/li>\n\n\n\n<li>Possibilit\u00e9 de restauration \u00e0 confirmer<\/li>\n<\/ul>\n\n\n\n<h5 class=\"wp-block-heading\">DE 13h45 A 14h30 :<\/h5>\n\n\n\n<div class=\"wp-block-columns is-layout-flex wp-container-core-columns-is-layout-8f761849 wp-block-columns-is-layout-flex\">\n<div class=\"wp-block-column is-layout-flow wp-block-column-is-layout-flow\">\n<h3 class=\"wp-block-heading\"><strong>Concert \u00e9lectro-acoustique de <a href=\"http:\/\/www.kristoff-k-roll.net\/\">Kristoff K-roll<\/a><\/strong><\/h3>\n\n\n\n<p class=\"wp-block-paragraph\"><strong><mark style=\"background-color:rgba(0, 0, 0, 0)\" class=\"has-inline-color has-accent-1-color\">Avec Carole Rieussec<\/mark><\/strong><mark style=\"background-color:rgba(0, 0, 0, 0)\" class=\"has-inline-color has-accent-1-color\"> et <\/mark><strong><mark style=\"background-color:rgba(0, 0, 0, 0)\" class=\"has-inline-color has-accent-1-color\">Jean-Kristoff Camps<br>Cr\u00e9ation<\/mark><\/strong><br>Le duo Kristoff K.Roll constitue une biblioth\u00e8que sonore de r\u00e9cits de r\u00eaves du monde : voyage, enregistrement, traduction et partages po\u00e9tiques multiples avec le public. Pour le duo, il s\u2019agit de donner \u00e0 entendre les r\u00e9cits de r\u00eave dans un flux sonore, qu\u2019il soit instrumental ou \u00e9lectroacoustique. Ainsi la biblioth\u00e8que se m\u00e9tamor- phose et g\u00e9n\u00e8re des cr\u00e9ations multiples. A Vallorcine, Kristoff K.Roll, apr\u00e8s deux jours de collecte de r\u00e9cits de r\u00eaves, propose une improvisation \u00e9lectroacoustique en direct. Allong\u00e9 dans l\u2019herbe, le corps caress\u00e9 par la brise, le public \u00e9coute le r\u00eave des autres iris\u00e9 de sonorit\u00e9s fantastiques.<\/p>\n<\/div>\n\n\n\n<div class=\"wp-block-column is-vertically-aligned-center is-layout-flow wp-block-column-is-layout-flow\"><div class=\"wp-block-image\">\n<figure class=\"aligncenter size-medium\"><img loading=\"lazy\" decoding=\"async\" width=\"300\" height=\"258\" src=\"https:\/\/nuit-des-ours.com\/wp-content\/uploads\/2024\/07\/Kristoff-K.Roll_1-300x258.jpg\" alt=\"\" class=\"wp-image-3427\" srcset=\"https:\/\/lanuitdesours.lautre.net\/wp-content\/uploads\/2024\/07\/Kristoff-K.Roll_1-300x258.jpg 300w, https:\/\/lanuitdesours.lautre.net\/wp-content\/uploads\/2024\/07\/Kristoff-K.Roll_1-348x300.jpg 348w, https:\/\/lanuitdesours.lautre.net\/wp-content\/uploads\/2024\/07\/Kristoff-K.Roll_1.jpg 418w\" sizes=\"auto, (max-width: 300px) 100vw, 300px\" \/><\/figure>\n<\/div><\/div>\n<\/div>\n\n\n\n<h5 class=\"wp-block-heading\">DE 14:30 A 19h30, LA NUIT EN PLEIN JOUR<br>Grande ballade guid\u00e9e \u00e0 la rencontre des Arts du Chemin et des 5 spectacles suivants :<\/h5>\n\n\n\n<div class=\"wp-block-columns is-layout-flex wp-container-core-columns-is-layout-8f761849 wp-block-columns-is-layout-flex\">\n<div class=\"wp-block-column is-layout-flow wp-block-column-is-layout-flow\">\n<h3 class=\"wp-block-heading\"><a href=\"https:\/\/guilhemfabre.com\/\">Guilhem Fabre<\/a> <br>piano camion uNopia<\/h3>\n\n\n\n<p class=\"wp-block-paragraph\">\u00c0 bord de son camion-sc\u00e8ne, Guilhem Fabre cherche \u00e0 proposer la musique sous des jours inattendus. D\u00e9su\u00e8te, chasse gard\u00e9e des privil\u00e9gi\u00e9s, abstraite, trop m\u00e9lancolique, les \u00e9tiquettes sont nombreuses et elles visent -malheureusement- souvent justes.\u2028<\/p>\n<\/div>\n\n\n\n<div class=\"wp-block-column is-vertically-aligned-center is-layout-flow wp-block-column-is-layout-flow\"><div class=\"wp-block-image\">\n<figure class=\"aligncenter size-medium\"><img loading=\"lazy\" decoding=\"async\" width=\"181\" height=\"300\" src=\"https:\/\/nuit-des-ours.com\/wp-content\/uploads\/2024\/07\/guilhemfabre_3-181x300.jpg\" alt=\"\" class=\"wp-image-3428\" srcset=\"https:\/\/lanuitdesours.lautre.net\/wp-content\/uploads\/2024\/07\/guilhemfabre_3-181x300.jpg 181w, https:\/\/lanuitdesours.lautre.net\/wp-content\/uploads\/2024\/07\/guilhemfabre_3.jpg 450w\" sizes=\"auto, (max-width: 181px) 100vw, 181px\" \/><\/figure>\n<\/div><\/div>\n<\/div>\n\n\n\n<div class=\"wp-block-columns is-layout-flex wp-container-core-columns-is-layout-8f761849 wp-block-columns-is-layout-flex\">\n<div class=\"wp-block-column is-layout-flow wp-block-column-is-layout-flow\">\n<h3 class=\"wp-block-heading\"><a href=\"https:\/\/www.fyndus.be\/\">FYNDUS<\/a><br>musique celtique. <\/h3>\n\n\n\n<p class=\"wp-block-paragraph\"><mark style=\"background-color:rgba(0, 0, 0, 0)\" class=\"has-inline-color has-accent-1-color\">Avec <\/mark><strong><mark style=\"background-color:rgba(0, 0, 0, 0)\" class=\"has-inline-color has-accent-1-color\">Emma Coopman<\/mark><\/strong><mark style=\"background-color:rgba(0, 0, 0, 0)\" class=\"has-inline-color has-accent-1-color\"> (voix, harpe celtique, accord\u00e9on diatonique) et <\/mark><strong><mark style=\"background-color:rgba(0, 0, 0, 0)\" class=\"has-inline-color has-accent-1-color\">Thomas Hoste<\/mark><\/strong><mark style=\"background-color:rgba(0, 0, 0, 0)\" class=\"has-inline-color has-accent-1-color\"> (vielle)<\/mark><br>Musique \u00e0 danser. <br>Musique \u00e0 boire. Et \u00e0 rire. <br>Musique du d\u00e9sir et de la nuit, musique de tripot, musique pour les elfes, les marins et les vagabonds. <br>Une musique du coup de foudre.<\/p>\n<\/div>\n\n\n\n<div class=\"wp-block-column is-vertically-aligned-center is-layout-flow wp-block-column-is-layout-flow\"><div class=\"wp-block-image\">\n<figure class=\"aligncenter size-medium\"><img loading=\"lazy\" decoding=\"async\" width=\"300\" height=\"200\" src=\"https:\/\/nuit-des-ours.com\/wp-content\/uploads\/2024\/07\/fyndus_1-300x200.jpg\" alt=\"\" class=\"wp-image-3429\" srcset=\"https:\/\/lanuitdesours.lautre.net\/wp-content\/uploads\/2024\/07\/fyndus_1-300x200.jpg 300w, https:\/\/lanuitdesours.lautre.net\/wp-content\/uploads\/2024\/07\/fyndus_1-1024x683.jpg 1024w, https:\/\/lanuitdesours.lautre.net\/wp-content\/uploads\/2024\/07\/fyndus_1-768x512.jpg 768w, https:\/\/lanuitdesours.lautre.net\/wp-content\/uploads\/2024\/07\/fyndus_1-1536x1024.jpg 1536w, https:\/\/lanuitdesours.lautre.net\/wp-content\/uploads\/2024\/07\/fyndus_1-450x300.jpg 450w, https:\/\/lanuitdesours.lautre.net\/wp-content\/uploads\/2024\/07\/fyndus_1.jpg 2048w\" sizes=\"auto, (max-width: 300px) 100vw, 300px\" \/><\/figure>\n<\/div><\/div>\n<\/div>\n\n\n\n<div class=\"wp-block-columns is-layout-flex wp-container-core-columns-is-layout-8f761849 wp-block-columns-is-layout-flex\">\n<div class=\"wp-block-column is-layout-flow wp-block-column-is-layout-flow\">\n<h3 class=\"wp-block-heading\">Faut-il encore manger de la viande ? \u00bb <br>(de Plutarque \u00e0 Joey Starr)<\/h3>\n\n\n\n<p class=\"wp-block-paragraph\"><mark style=\"background-color:rgba(0, 0, 0, 0)\" class=\"has-inline-color has-accent-1-color\">De et avec <\/mark><strong><mark style=\"background-color:rgba(0, 0, 0, 0)\" class=\"has-inline-color has-accent-1-color\">Bruno Rosaz<\/mark><\/strong><br><strong><mark style=\"background-color:rgba(0, 0, 0, 0)\" class=\"has-inline-color has-accent-1-color\">Cr\u00e9ation<\/mark><\/strong><br>Au menu : Plutarque : \u00ab trait\u00e9 sur les animaux \u00bb, Rabelais : \u00ab faut il manger de la viande ? \u00bb, La Fontaine : \u00ab le mouton, la ch\u00e8vre et le cochon \u00bb, Le menu du Banquet des 20 777 Maires lors de l\u2019Exposition Universelle de 1900, Brillat-Savarin : Aphorismes, Virgules musicales : Alain Souchon, Joey Starr, Boris Vian.<\/p>\n<\/div>\n\n\n\n<div class=\"wp-block-column is-vertically-aligned-center is-layout-flow wp-block-column-is-layout-flow\"><div class=\"wp-block-image wp-duotone-grayscale\">\n<figure class=\"aligncenter size-full\"><img loading=\"lazy\" decoding=\"async\" width=\"171\" height=\"185\" src=\"https:\/\/nuit-des-ours.com\/wp-content\/uploads\/2024\/07\/BrunoRosaz.jpg\" alt=\"\" class=\"wp-image-3430\" style=\"aspect-ratio:1;object-fit:contain\"\/><\/figure>\n<\/div><\/div>\n<\/div>\n\n\n\n<div class=\"wp-block-columns is-layout-flex wp-container-core-columns-is-layout-8f761849 wp-block-columns-is-layout-flex\">\n<div class=\"wp-block-column is-layout-flow wp-block-column-is-layout-flow\">\n<h3 class=\"wp-block-heading\">BAL(LES) <br>par la <a href=\"https:\/\/compagniezalatai.com\/bal-les\">Compagnie Zalatai<\/a> (cirque)<\/h3>\n\n\n\n<p class=\"wp-block-paragraph\"><mark style=\"background-color:rgba(0, 0, 0, 0)\" class=\"has-inline-color has-accent-1-color\">Avec <\/mark><strong><mark style=\"background-color:rgba(0, 0, 0, 0)\" class=\"has-inline-color has-accent-1-color\">Charlotte de la Bret\u00e8que<\/mark><\/strong><mark style=\"background-color:rgba(0, 0, 0, 0)\" class=\"has-inline-color has-accent-1-color\"> cordiste et <\/mark><strong><mark style=\"background-color:rgba(0, 0, 0, 0)\" class=\"has-inline-color has-accent-1-color\">Alexander Koblikov<\/mark><\/strong><mark style=\"background-color:rgba(0, 0, 0, 0)\" class=\"has-inline-color has-accent-1-color\"> jongleur<\/mark><br>Bal(les) nait de la rencontre de deux artistes. Une, plut\u00f4t acrobate et l\u2019autre, clairement jongleur\u2026 deux personnages qui jouent, se taquinent et se cherchent \u00e0 travers leurs langages respectifs.Bal(les) est un spectacle po\u00e9tique et touchant, tout en finesse.\u2028<\/p>\n<\/div>\n\n\n\n<div class=\"wp-block-column is-vertically-aligned-center is-layout-flow wp-block-column-is-layout-flow\"><div class=\"wp-block-image is-style-default\">\n<figure class=\"aligncenter size-medium\"><img loading=\"lazy\" decoding=\"async\" width=\"300\" height=\"199\" src=\"https:\/\/nuit-des-ours.com\/wp-content\/uploads\/2024\/07\/zalatai_1-300x199.jpg\" alt=\"\" class=\"wp-image-3431\" srcset=\"https:\/\/lanuitdesours.lautre.net\/wp-content\/uploads\/2024\/07\/zalatai_1-300x199.jpg 300w, https:\/\/lanuitdesours.lautre.net\/wp-content\/uploads\/2024\/07\/zalatai_1-768x510.jpg 768w, https:\/\/lanuitdesours.lautre.net\/wp-content\/uploads\/2024\/07\/zalatai_1-452x300.jpg 452w, https:\/\/lanuitdesours.lautre.net\/wp-content\/uploads\/2024\/07\/zalatai_1.jpg 780w\" sizes=\"auto, (max-width: 300px) 100vw, 300px\" \/><\/figure>\n<\/div><\/div>\n<\/div>\n\n\n\n<div class=\"wp-block-columns is-layout-flex wp-container-core-columns-is-layout-8f761849 wp-block-columns-is-layout-flex\">\n<div class=\"wp-block-column is-layout-flow wp-block-column-is-layout-flow\">\n<h3 class=\"wp-block-heading\">SYMPHONIE SUR CORDE(s). <\/h3>\n\n\n\n<p class=\"wp-block-paragraph\"><mark style=\"background-color:rgba(0, 0, 0, 0)\" class=\"has-inline-color has-accent-1-color\">Avec <\/mark><strong><mark style=\"background-color:rgba(0, 0, 0, 0)\" class=\"has-inline-color has-accent-1-color\">Francisca Alvare<\/mark><\/strong><mark style=\"background-color:rgba(0, 0, 0, 0)\" class=\"has-inline-color has-accent-1-color\"> danseuse contemporaine, pionni\u00e8re de la danse verticale, <\/mark><strong><mark style=\"background-color:rgba(0, 0, 0, 0)\" class=\"has-inline-color has-accent-1-color\">Nicolas Lochu <\/mark><\/strong><mark style=\"background-color:rgba(0, 0, 0, 0)\" class=\"has-inline-color has-accent-1-color\">danseur vertical, musicien et guide de haute montagne <\/mark><br>Pi\u00e8ce en 4 mouvements de danse verticale pour deux danseurs et une contrebasse. La corde (r)assure, elle cr\u00e9e aussi la vibration. Les cordes de la danse verticale et de la musique se croisent et dialoguent. Elles unissent la danse et la musique \u2013 elles relient le danseur et l\u2019instrument. La contrebasse danse et les danseurs jouent. La partition musicale devient une partition dans\u00e9e. Les mouvements des danseurs r\u00e9sonnent et cr\u00e9ent les mouvements de la symphonie.<\/p>\n<\/div>\n\n\n\n<div class=\"wp-block-column is-vertically-aligned-center is-layout-flow wp-block-column-is-layout-flow\"><div class=\"wp-block-image\">\n<figure class=\"aligncenter size-medium\"><img loading=\"lazy\" decoding=\"async\" width=\"300\" height=\"300\" src=\"https:\/\/nuit-des-ours.com\/wp-content\/uploads\/2024\/07\/symphoniesurcorde-300x300.jpg\" alt=\"\" class=\"wp-image-3432\" srcset=\"https:\/\/lanuitdesours.lautre.net\/wp-content\/uploads\/2024\/07\/symphoniesurcorde-300x300.jpg 300w, https:\/\/lanuitdesours.lautre.net\/wp-content\/uploads\/2024\/07\/symphoniesurcorde-150x150.jpg 150w, https:\/\/lanuitdesours.lautre.net\/wp-content\/uploads\/2024\/07\/symphoniesurcorde.jpg 532w\" sizes=\"auto, (max-width: 300px) 100vw, 300px\" \/><\/figure>\n<\/div><\/div>\n<\/div>\n\n\n\n<div class=\"wp-block-group\"><div class=\"wp-block-group__inner-container is-layout-constrained wp-block-group-is-layout-constrained\">\n<div class=\"wp-block-group\"><div class=\"wp-block-group__inner-container is-layout-constrained wp-block-group-is-layout-constrained\">\n<h5 class=\"wp-block-heading\">&gt;&gt; Pour cette d\u00e9ambulation, au moment de votre inscription \u00e0 LA NUIT DES OURS, vous choisissez votre guide parmi l\u2019une des 5 suivantes :<\/h5>\n\n\n\n<ul class=\"wp-block-list\">\n<li><strong><mark style=\"background-color:rgba(0, 0, 0, 0)\" class=\"has-inline-color has-accent-1-color\">Mado Ehrenborg<\/mark><\/strong> \u2013 Exploratrice sensible et gardienne de rivi\u00e8res : <strong>\u00ab La po\u00e9tique de l\u2019eau \u00bb <\/strong><br>L\u2019eau \u2013 ressource magique, universelle, vivifiante, intemporelle, belle, inspirante \u2013 source de vie et de libert\u00e9. Laisser libre cours \u00e0 la cr\u00e9ativit\u00e9 pour interpr\u00e9ter le fruit de cette exploration et d\u2019en faire m\u00e9moire par l\u2019\u00e9criture, la po\u00e9sie, le dessin, la peinture, l\u2019art dans la nature, les compositions sonores, la photo, les d\u00e9bats philosophiques, scientifiques ou po\u00e9tiques, la spiritualit\u00e9, les rituels ou tout \u00e7a \u00e0 la fois.\u2028<\/li>\n\n\n\n<li><strong><mark style=\"background-color:rgba(0, 0, 0, 0)\" class=\"has-inline-color has-accent-1-color\">Robin<\/mark><\/strong> \u2013 Explorateur depuis l\u2019enfance des bois et des rivi\u00e8res, du sauvage, des mati\u00e8res naturelles et plus particuli\u00e8rement du v\u00e9g\u00e9tal : <strong>\u00ab La Piste v\u00e9g\u00e9tale \u00bb <\/strong><br>Les plantes, compagnes depuis nos origines, sont notre fil conducteur sur les chemins de cette d\u00e9ambulation. Un aper\u00e7u des petites et grandes merveilles v\u00e9g\u00e9tales, du potentiel inestimable. Se donner envie de mieux comprendre, respecter et prot\u00e9ger ces \u00ab joyaux verts \u00bb.\u2028<\/li>\n\n\n\n<li><strong><mark style=\"background-color:rgba(0, 0, 0, 0)\" class=\"has-inline-color has-accent-1-color\">Pierre-Andr\u00e9 Bonaglia<\/mark><\/strong> \u2013 Naturaliste, guide pour Pro Natura et Centre National des donn\u00e9es et informations sur la faune suisse : <strong>\u00ab Faune et flore sur le chemin des papillons \u00bb <\/strong><br>Tendre l\u2019oreille pour essayer de comprendre ce que les papillons ont \u00e0 nous dire dans cette magnifique r\u00e9gion enrichie d\u2019un belle biodiversit\u00e9.\u2028<\/li>\n\n\n\n<li><strong><mark style=\"background-color:rgba(0, 0, 0, 0)\" class=\"has-inline-color has-accent-1-color\">Dominique Ancey<\/mark><\/strong> \u2013 Pr\u00e9sidente de l\u2019association Valorsn\u00e0 \u2013 racines et patrimoines et <strong><mark style=\"background-color:rgba(0, 0, 0, 0)\" class=\"has-inline-color has-accent-1-color\">Anne Saint Sauveur-Henn<\/mark><\/strong> \u2013 Professeure \u00e9m\u00e9rite des Universit\u00e9s, historienne :<br><strong>\u00ab Solidarit\u00e9 de Vallorcine face \u00e0 l\u2019exil tragique de Fritz et Lili Halbreich le 29 septembre 1942 \u00bb<\/strong> (d\u00e9conseill\u00e9 aux moins de 12 ans)<br>Que nous r\u00e9v\u00e8lent les archives in\u00e9dites sur l\u2019engagement solidaire d\u2019habitants de Vallorcine ? Quelle transmission ?\u2028<\/li>\n\n\n\n<li><strong><mark style=\"background-color:rgba(0, 0, 0, 0)\" class=\"has-inline-color has-accent-1-color\">Gilles Malatray<\/mark><\/strong> \u2013 Paysagiste sonore, promeneur \u00e9coutant, installateur d\u2019\u00e9coutes partag\u00e9es : <strong>\u00ab Pour une \u00e9cosophie de l\u2019\u00e9coute et des paysages sonores \u00bb <\/strong><br>\u00c9coutons l\u2019environnement, les \u00e9cosyst\u00e8mes, appr\u00e9hendons par l\u2019oreille nos milieux de vie. Entendons les cohabitations paysag\u00e8res, vivantes ou non. Auscultons l\u2019eau, la for\u00eat, le vivant\u2026 tout en marchant, jouons \u00e0 faire paysage \u00e0 port\u00e9e d\u2019oreille. Partageons des exp\u00e9riences pour co-construire une \u00e9cologie\/\u00e9cosophie sonore ludique, bienveillante et indisciplin\u00e9e.<\/li>\n<\/ul>\n<\/div><\/div>\n<\/div><\/div>\n\n\n\n<div style=\"height:50px\" aria-hidden=\"true\" class=\"wp-block-spacer\"><\/div>\n\n\n\n<h5 class=\"wp-block-heading\">A PARTIR DE 20h,<br>GRANDE SOIR\u00c9E FESTIVE ouverte \u00e0 tous.te.s, avec :<\/h5>\n\n\n\n<div class=\"wp-block-columns is-layout-flex wp-container-core-columns-is-layout-8f761849 wp-block-columns-is-layout-flex\">\n<div class=\"wp-block-column is-layout-flow wp-block-column-is-layout-flow\">\n<h3 class=\"wp-block-heading\">LAVACH\u2019, rock arm\u00e9nien<\/h3>\n\n\n\n<p class=\"wp-block-paragraph\">Bar \/ concert \/ bal de <a href=\"https:\/\/nuit-des-ours.com\/2024\/la-nuit-des-ours\/\">LA TOURN\u00c9E DES BISTROTS<\/a>, avec <br><mark style=\"background-color:rgba(0, 0, 0, 0)\" class=\"has-inline-color has-accent-1-color\"><strong>S\u00e9vane St\u00e9panian<\/strong> : chant, accord\u00e9on, clavier <\/mark><br><mark style=\"background-color:rgba(0, 0, 0, 0)\" class=\"has-inline-color has-accent-1-color\"><strong>Fr\u00e9d\u00e9ric Birau Maliszewski <\/strong>: batterie, chant, ch\u0153ur, sampler<br><strong>Yohan Rochetta<\/strong> : violon, ch\u0153ur<br><strong>Florian Garcin<\/strong> : guitare, ch\u0153ur<\/mark><\/p>\n\n\n\n<p class=\"wp-block-paragraph\">Insatiable explorateur des cultures du monde, le groupe d\u00e9ploie sur sc\u00e8ne son groove cosmopolite, ses chansons bigarr\u00e9es nourries de 20 ans de tourn\u00e9es en France, au Mexique, en Colombie, en Arm\u00e9nie, au Laos, aux Etats-Unis et en Europe de l\u2019Est. Le spectacle de Lavach\u2019 est un voyage po\u00e9tique et dansant, un road-movie musical dont l\u2019Arm\u00e9nie est le port d\u2019attache.<br>S\u00e9vane, la chanteuse aux racines arm\u00e9niennes, m\u00eale subtilement gouaille, rock\u2019n\u2019roll et m\u00e9lancolie. Virevoltant avec son accord\u00e9on, elle emm\u00e8ne son groupe dans une \u00e9nergie bastringue qui gagne aussit\u00f4t le public ! Un violoniste acrobate, un guitariste rugissant et un batteur explosif compl\u00e8tent ce quatuor d\u2019alchimistes.<\/p>\n<\/div>\n\n\n\n<div class=\"wp-block-column is-vertically-aligned-center is-layout-flow wp-block-column-is-layout-flow\"><div class=\"wp-block-image\">\n<figure class=\"aligncenter size-medium\"><img loading=\"lazy\" decoding=\"async\" width=\"300\" height=\"168\" src=\"https:\/\/nuit-des-ours.com\/wp-content\/uploads\/2024\/07\/LAVACH-300x168.jpg\" alt=\"\" class=\"wp-image-3434\" srcset=\"https:\/\/lanuitdesours.lautre.net\/wp-content\/uploads\/2024\/07\/LAVACH-300x168.jpg 300w, https:\/\/lanuitdesours.lautre.net\/wp-content\/uploads\/2024\/07\/LAVACH-768x431.jpg 768w, https:\/\/lanuitdesours.lautre.net\/wp-content\/uploads\/2024\/07\/LAVACH-496x278.jpg 496w, https:\/\/lanuitdesours.lautre.net\/wp-content\/uploads\/2024\/07\/LAVACH.jpg 906w\" sizes=\"auto, (max-width: 300px) 100vw, 300px\" \/><\/figure>\n<\/div><\/div>\n<\/div>\n\n\n\n<div style=\"height:50px\" aria-hidden=\"true\" class=\"wp-block-spacer\"><\/div>\n\n\n\n<div class=\"wp-block-buttons is-content-justification-space-between is-layout-flex wp-container-core-buttons-is-layout-cfe5ce44 wp-block-buttons-is-layout-flex\">\n<div class=\"wp-block-button has-custom-font-size is-style-outline has-normal-font-size is-style-outline--2\"><a class=\"wp-block-button__link has-sitebg-color has-accent-2-background-color has-text-color has-background wp-element-button\" href=\"https:\/\/www.helloasso.com\/associations\/la-nuit-des-ours\/evenements\/evenements-artistiques-8-9-10-et-12-aout-edition-2024\" style=\"border-radius:0px\">R\u00c9SERVER<\/a><\/div>\n<\/div>\n\n\n\n<div class=\"wp-block-group\"><div class=\"wp-block-group__inner-container is-layout-constrained wp-block-group-is-layout-constrained\">\n<h5 class=\"wp-block-heading\">Informations pratiques :<\/h5>\n\n\n\n<ul class=\"wp-block-list\">\n<li>Rendez-vous aux EDELWEISS (vers le Caf\u00e9\/comptoir, derri\u00e8re la gare de Vallorcine) \u00e0 partir de 13h.\u2028<\/li>\n\n\n\n<li>Si vous prenez le train, descendre \u00e0 la gare de Vallorcine.\u2028<\/li>\n\n\n\n<li>V\u00eatements adapt\u00e9s au climat dont bonnes chaussures de marche. Fruits secs et eau.\u2028<\/li>\n\n\n\n<li>Le circuit est de l\u2019ordre de 4 km avec une partie escarp\u00e9e et montante mais \u00e0 l\u2019ombre.\u2028<\/li>\n\n\n\n<li>Les enfants sont bienvenus, sous l\u2019enti\u00e8re responsabilit\u00e9 d\u2019un adulte.<\/li>\n<\/ul>\n<\/div><\/div>\n","protected":false},"excerpt":{"rendered":"<p>LE 12 AO\u00dbT 2024. Grande nouveaut\u00e9 cette ann\u00e9e, une d\u00e9ambulation en plein jour dans la nature, entre diff\u00e9rents spectacles et sculptures d\u2019Arts du Chemin, guid\u00e9e par des passeur-euses de savoir. Sur r\u00e9servation (25\u20ac\/20\u20ac tarif r\u00e9duit\/15\u20ac tarif enfant). <\/p>\n","protected":false},"author":1,"featured_media":3435,"comment_status":"closed","ping_status":"closed","sticky":false,"template":"","format":"standard","meta":{"footnotes":""},"categories":[37],"tags":[57,56],"class_list":["post-3422","post","type-post","status-publish","format-standard","has-post-thumbnail","hentry","category-edition-2024","tag-nuit-des-ours","tag-nuit-en-plein-jour"],"yoast_head":"<!-- This site is optimized with the Yoast SEO plugin v28.3 - https:\/\/yoast.com\/product\/yoast-seo-wordpress\/ -->\n<title>La Nuit en Plein Jour - La Nuit des Ours Edition 2024<\/title>\n<meta name=\"description\" content=\"12 AO\u00dbT 2024. LA NUIT EN PLEIN JOUR est une balade diurne en pleine nature, \u00e0 la d\u00e9couverte de spectacles et Arts du Chemin.\" \/>\n<meta name=\"robots\" content=\"index, follow, max-snippet:-1, max-image-preview:large, max-video-preview:-1\" \/>\n<link rel=\"canonical\" href=\"https:\/\/lanuitdesours.lautre.net\/?p=3422\" \/>\n<meta property=\"og:locale\" content=\"fr_FR\" \/>\n<meta property=\"og:type\" content=\"article\" \/>\n<meta property=\"og:title\" content=\"La Nuit en Plein Jour - La Nuit des Ours Edition 2024\" \/>\n<meta property=\"og:description\" content=\"12 AO\u00dbT 2024. LA NUIT EN PLEIN JOUR est une balade diurne en pleine nature, \u00e0 la d\u00e9couverte de spectacles et Arts du Chemin.\" \/>\n<meta property=\"og:url\" content=\"https:\/\/lanuitdesours.lautre.net\/?p=3422\" \/>\n<meta property=\"og:site_name\" content=\"La Nuit des Ours\" \/>\n<meta property=\"article:publisher\" content=\"https:\/\/www.facebook.com\/lanuitdesours\/\" \/>\n<meta property=\"article:published_time\" content=\"2024-07-19T00:04:12+00:00\" \/>\n<meta property=\"article:modified_time\" content=\"2025-07-21T20:56:55+00:00\" \/>\n<meta property=\"og:image\" content=\"https:\/\/lanuitdesours.lautre.net\/wp-content\/uploads\/2024\/07\/265-scaled.jpg\" \/>\n\t<meta property=\"og:image:width\" content=\"2560\" \/>\n\t<meta property=\"og:image:height\" content=\"1707\" \/>\n\t<meta property=\"og:image:type\" content=\"image\/jpeg\" \/>\n<meta name=\"author\" content=\"Cr\u00e9er c&#039;est R\u00e9sister\" \/>\n<meta name=\"twitter:card\" content=\"summary_large_image\" \/>\n<meta name=\"twitter:label1\" content=\"\u00c9crit par\" \/>\n\t<meta name=\"twitter:data1\" content=\"Cr\u00e9er c&#039;est R\u00e9sister\" \/>\n\t<meta name=\"twitter:label2\" content=\"Dur\u00e9e de lecture estim\u00e9e\" \/>\n\t<meta name=\"twitter:data2\" content=\"8 minutes\" \/>\n<script type=\"application\/ld+json\" class=\"yoast-schema-graph\">{\"@context\":\"https:\\\/\\\/schema.org\",\"@graph\":[{\"@type\":\"Article\",\"@id\":\"https:\\\/\\\/lanuitdesours.lautre.net\\\/?p=3422#article\",\"isPartOf\":{\"@id\":\"https:\\\/\\\/lanuitdesours.lautre.net\\\/?p=3422\"},\"author\":{\"name\":\"Cr\u00e9er c'est R\u00e9sister\",\"@id\":\"https:\\\/\\\/lanuitdesours.lautre.net\\\/#\\\/schema\\\/person\\\/1f4500f2f631d9916d6b39f1c0ba934c\"},\"headline\":\"La Nuit en Plein Jour\",\"datePublished\":\"2024-07-19T00:04:12+00:00\",\"dateModified\":\"2025-07-21T20:56:55+00:00\",\"mainEntityOfPage\":{\"@id\":\"https:\\\/\\\/lanuitdesours.lautre.net\\\/?p=3422\"},\"wordCount\":1236,\"publisher\":{\"@id\":\"https:\\\/\\\/lanuitdesours.lautre.net\\\/#organization\"},\"image\":{\"@id\":\"https:\\\/\\\/lanuitdesours.lautre.net\\\/?p=3422#primaryimage\"},\"thumbnailUrl\":\"https:\\\/\\\/lanuitdesours.lautre.net\\\/wp-content\\\/uploads\\\/2024\\\/07\\\/265-scaled.jpg\",\"keywords\":[\"NUIT DES OURS\",\"NUIT EN PLEIN JOUR\"],\"articleSection\":[\"Edition 2024\"],\"inLanguage\":\"fr-FR\"},{\"@type\":\"WebPage\",\"@id\":\"https:\\\/\\\/lanuitdesours.lautre.net\\\/?p=3422\",\"url\":\"https:\\\/\\\/lanuitdesours.lautre.net\\\/?p=3422\",\"name\":\"La Nuit en Plein Jour - La Nuit des Ours Edition 2024\",\"isPartOf\":{\"@id\":\"https:\\\/\\\/lanuitdesours.lautre.net\\\/#website\"},\"primaryImageOfPage\":{\"@id\":\"https:\\\/\\\/lanuitdesours.lautre.net\\\/?p=3422#primaryimage\"},\"image\":{\"@id\":\"https:\\\/\\\/lanuitdesours.lautre.net\\\/?p=3422#primaryimage\"},\"thumbnailUrl\":\"https:\\\/\\\/lanuitdesours.lautre.net\\\/wp-content\\\/uploads\\\/2024\\\/07\\\/265-scaled.jpg\",\"datePublished\":\"2024-07-19T00:04:12+00:00\",\"dateModified\":\"2025-07-21T20:56:55+00:00\",\"description\":\"12 AO\u00dbT 2024. LA NUIT EN PLEIN JOUR est une balade diurne en pleine nature, \u00e0 la d\u00e9couverte de spectacles et Arts du Chemin.\",\"breadcrumb\":{\"@id\":\"https:\\\/\\\/lanuitdesours.lautre.net\\\/?p=3422#breadcrumb\"},\"inLanguage\":\"fr-FR\",\"potentialAction\":[{\"@type\":\"ReadAction\",\"target\":[\"https:\\\/\\\/lanuitdesours.lautre.net\\\/?p=3422\"]}]},{\"@type\":\"ImageObject\",\"inLanguage\":\"fr-FR\",\"@id\":\"https:\\\/\\\/lanuitdesours.lautre.net\\\/?p=3422#primaryimage\",\"url\":\"https:\\\/\\\/lanuitdesours.lautre.net\\\/wp-content\\\/uploads\\\/2024\\\/07\\\/265-scaled.jpg\",\"contentUrl\":\"https:\\\/\\\/lanuitdesours.lautre.net\\\/wp-content\\\/uploads\\\/2024\\\/07\\\/265-scaled.jpg\",\"width\":2560,\"height\":1707,\"caption\":\"Th\u00e9r\u00e8se Bosc \u00a9 Nina Bompard\"},{\"@type\":\"BreadcrumbList\",\"@id\":\"https:\\\/\\\/lanuitdesours.lautre.net\\\/?p=3422#breadcrumb\",\"itemListElement\":[{\"@type\":\"ListItem\",\"position\":1,\"name\":\"Accueil\",\"item\":\"https:\\\/\\\/lanuitdesours.lautre.net\\\/\"},{\"@type\":\"ListItem\",\"position\":2,\"name\":\"La Nuit en Plein Jour\"}]},{\"@type\":\"WebSite\",\"@id\":\"https:\\\/\\\/lanuitdesours.lautre.net\\\/#website\",\"url\":\"https:\\\/\\\/lanuitdesours.lautre.net\\\/\",\"name\":\"La Nuit des Ours\",\"description\":\"CR\u00c9ER C&#039;EST R\u00c9SISTER | R\u00c9SISTER C&#039;EST CR\u00c9ER\",\"publisher\":{\"@id\":\"https:\\\/\\\/lanuitdesours.lautre.net\\\/#organization\"},\"potentialAction\":[{\"@type\":\"SearchAction\",\"target\":{\"@type\":\"EntryPoint\",\"urlTemplate\":\"https:\\\/\\\/lanuitdesours.lautre.net\\\/?s={search_term_string}\"},\"query-input\":{\"@type\":\"PropertyValueSpecification\",\"valueRequired\":true,\"valueName\":\"search_term_string\"}}],\"inLanguage\":\"fr-FR\"},{\"@type\":\"Organization\",\"@id\":\"https:\\\/\\\/lanuitdesours.lautre.net\\\/#organization\",\"name\":\"Association LA NUIT DES OURS\",\"url\":\"https:\\\/\\\/lanuitdesours.lautre.net\\\/\",\"logo\":{\"@type\":\"ImageObject\",\"inLanguage\":\"fr-FR\",\"@id\":\"https:\\\/\\\/lanuitdesours.lautre.net\\\/#\\\/schema\\\/logo\\\/image\\\/\",\"url\":\"https:\\\/\\\/nuit-des-ours.com\\\/wp-content\\\/uploads\\\/2022\\\/07\\\/cropped-NDO_logo-noir_jaune.jpg\",\"contentUrl\":\"https:\\\/\\\/nuit-des-ours.com\\\/wp-content\\\/uploads\\\/2022\\\/07\\\/cropped-NDO_logo-noir_jaune.jpg\",\"width\":512,\"height\":512,\"caption\":\"Association LA NUIT DES OURS\"},\"image\":{\"@id\":\"https:\\\/\\\/lanuitdesours.lautre.net\\\/#\\\/schema\\\/logo\\\/image\\\/\"},\"sameAs\":[\"https:\\\/\\\/www.facebook.com\\\/lanuitdesours\\\/\",\"https:\\\/\\\/www.instagram.com\\\/lanuitdesours\\\/\"]},{\"@type\":\"Person\",\"@id\":\"https:\\\/\\\/lanuitdesours.lautre.net\\\/#\\\/schema\\\/person\\\/1f4500f2f631d9916d6b39f1c0ba934c\",\"name\":\"Cr\u00e9er c'est R\u00e9sister\",\"image\":{\"@type\":\"ImageObject\",\"inLanguage\":\"fr-FR\",\"@id\":\"https:\\\/\\\/secure.gravatar.com\\\/avatar\\\/08f4e38908e105d843bc2bab0e7af2243257415b61b5fe99e955c21a5f61fc2b?s=96&d=mm&r=g\",\"url\":\"https:\\\/\\\/secure.gravatar.com\\\/avatar\\\/08f4e38908e105d843bc2bab0e7af2243257415b61b5fe99e955c21a5f61fc2b?s=96&d=mm&r=g\",\"contentUrl\":\"https:\\\/\\\/secure.gravatar.com\\\/avatar\\\/08f4e38908e105d843bc2bab0e7af2243257415b61b5fe99e955c21a5f61fc2b?s=96&d=mm&r=g\",\"caption\":\"Cr\u00e9er c'est R\u00e9sister\"},\"sameAs\":[\"http:\\\/\\\/www.lanuitdesours.lautre.net\"],\"url\":\"https:\\\/\\\/lanuitdesours.lautre.net\\\/?author=1\"}]}<\/script>\n<!-- \/ Yoast SEO plugin. -->","yoast_head_json":{"title":"La Nuit en Plein Jour - La Nuit des Ours Edition 2024","description":"12 AO\u00dbT 2024. LA NUIT EN PLEIN JOUR est une balade diurne en pleine nature, \u00e0 la d\u00e9couverte de spectacles et Arts du Chemin.","robots":{"index":"index","follow":"follow","max-snippet":"max-snippet:-1","max-image-preview":"max-image-preview:large","max-video-preview":"max-video-preview:-1"},"canonical":"https:\/\/lanuitdesours.lautre.net\/?p=3422","og_locale":"fr_FR","og_type":"article","og_title":"La Nuit en Plein Jour - La Nuit des Ours Edition 2024","og_description":"12 AO\u00dbT 2024. LA NUIT EN PLEIN JOUR est une balade diurne en pleine nature, \u00e0 la d\u00e9couverte de spectacles et Arts du Chemin.","og_url":"https:\/\/lanuitdesours.lautre.net\/?p=3422","og_site_name":"La Nuit des Ours","article_publisher":"https:\/\/www.facebook.com\/lanuitdesours\/","article_published_time":"2024-07-19T00:04:12+00:00","article_modified_time":"2025-07-21T20:56:55+00:00","og_image":[{"width":2560,"height":1707,"url":"https:\/\/lanuitdesours.lautre.net\/wp-content\/uploads\/2024\/07\/265-scaled.jpg","type":"image\/jpeg"}],"author":"Cr\u00e9er c'est R\u00e9sister","twitter_card":"summary_large_image","twitter_misc":{"\u00c9crit par":"Cr\u00e9er c'est R\u00e9sister","Dur\u00e9e de lecture estim\u00e9e":"8 minutes"},"schema":{"@context":"https:\/\/schema.org","@graph":[{"@type":"Article","@id":"https:\/\/lanuitdesours.lautre.net\/?p=3422#article","isPartOf":{"@id":"https:\/\/lanuitdesours.lautre.net\/?p=3422"},"author":{"name":"Cr\u00e9er c'est R\u00e9sister","@id":"https:\/\/lanuitdesours.lautre.net\/#\/schema\/person\/1f4500f2f631d9916d6b39f1c0ba934c"},"headline":"La Nuit en Plein Jour","datePublished":"2024-07-19T00:04:12+00:00","dateModified":"2025-07-21T20:56:55+00:00","mainEntityOfPage":{"@id":"https:\/\/lanuitdesours.lautre.net\/?p=3422"},"wordCount":1236,"publisher":{"@id":"https:\/\/lanuitdesours.lautre.net\/#organization"},"image":{"@id":"https:\/\/lanuitdesours.lautre.net\/?p=3422#primaryimage"},"thumbnailUrl":"https:\/\/lanuitdesours.lautre.net\/wp-content\/uploads\/2024\/07\/265-scaled.jpg","keywords":["NUIT DES OURS","NUIT EN PLEIN JOUR"],"articleSection":["Edition 2024"],"inLanguage":"fr-FR"},{"@type":"WebPage","@id":"https:\/\/lanuitdesours.lautre.net\/?p=3422","url":"https:\/\/lanuitdesours.lautre.net\/?p=3422","name":"La Nuit en Plein Jour - La Nuit des Ours Edition 2024","isPartOf":{"@id":"https:\/\/lanuitdesours.lautre.net\/#website"},"primaryImageOfPage":{"@id":"https:\/\/lanuitdesours.lautre.net\/?p=3422#primaryimage"},"image":{"@id":"https:\/\/lanuitdesours.lautre.net\/?p=3422#primaryimage"},"thumbnailUrl":"https:\/\/lanuitdesours.lautre.net\/wp-content\/uploads\/2024\/07\/265-scaled.jpg","datePublished":"2024-07-19T00:04:12+00:00","dateModified":"2025-07-21T20:56:55+00:00","description":"12 AO\u00dbT 2024. LA NUIT EN PLEIN JOUR est une balade diurne en pleine nature, \u00e0 la d\u00e9couverte de spectacles et Arts du Chemin.","breadcrumb":{"@id":"https:\/\/lanuitdesours.lautre.net\/?p=3422#breadcrumb"},"inLanguage":"fr-FR","potentialAction":[{"@type":"ReadAction","target":["https:\/\/lanuitdesours.lautre.net\/?p=3422"]}]},{"@type":"ImageObject","inLanguage":"fr-FR","@id":"https:\/\/lanuitdesours.lautre.net\/?p=3422#primaryimage","url":"https:\/\/lanuitdesours.lautre.net\/wp-content\/uploads\/2024\/07\/265-scaled.jpg","contentUrl":"https:\/\/lanuitdesours.lautre.net\/wp-content\/uploads\/2024\/07\/265-scaled.jpg","width":2560,"height":1707,"caption":"Th\u00e9r\u00e8se Bosc \u00a9 Nina Bompard"},{"@type":"BreadcrumbList","@id":"https:\/\/lanuitdesours.lautre.net\/?p=3422#breadcrumb","itemListElement":[{"@type":"ListItem","position":1,"name":"Accueil","item":"https:\/\/lanuitdesours.lautre.net\/"},{"@type":"ListItem","position":2,"name":"La Nuit en Plein Jour"}]},{"@type":"WebSite","@id":"https:\/\/lanuitdesours.lautre.net\/#website","url":"https:\/\/lanuitdesours.lautre.net\/","name":"La Nuit des Ours","description":"CR\u00c9ER C&#039;EST R\u00c9SISTER | R\u00c9SISTER C&#039;EST CR\u00c9ER","publisher":{"@id":"https:\/\/lanuitdesours.lautre.net\/#organization"},"potentialAction":[{"@type":"SearchAction","target":{"@type":"EntryPoint","urlTemplate":"https:\/\/lanuitdesours.lautre.net\/?s={search_term_string}"},"query-input":{"@type":"PropertyValueSpecification","valueRequired":true,"valueName":"search_term_string"}}],"inLanguage":"fr-FR"},{"@type":"Organization","@id":"https:\/\/lanuitdesours.lautre.net\/#organization","name":"Association LA NUIT DES OURS","url":"https:\/\/lanuitdesours.lautre.net\/","logo":{"@type":"ImageObject","inLanguage":"fr-FR","@id":"https:\/\/lanuitdesours.lautre.net\/#\/schema\/logo\/image\/","url":"https:\/\/nuit-des-ours.com\/wp-content\/uploads\/2022\/07\/cropped-NDO_logo-noir_jaune.jpg","contentUrl":"https:\/\/nuit-des-ours.com\/wp-content\/uploads\/2022\/07\/cropped-NDO_logo-noir_jaune.jpg","width":512,"height":512,"caption":"Association LA NUIT DES OURS"},"image":{"@id":"https:\/\/lanuitdesours.lautre.net\/#\/schema\/logo\/image\/"},"sameAs":["https:\/\/www.facebook.com\/lanuitdesours\/","https:\/\/www.instagram.com\/lanuitdesours\/"]},{"@type":"Person","@id":"https:\/\/lanuitdesours.lautre.net\/#\/schema\/person\/1f4500f2f631d9916d6b39f1c0ba934c","name":"Cr\u00e9er c'est R\u00e9sister","image":{"@type":"ImageObject","inLanguage":"fr-FR","@id":"https:\/\/secure.gravatar.com\/avatar\/08f4e38908e105d843bc2bab0e7af2243257415b61b5fe99e955c21a5f61fc2b?s=96&d=mm&r=g","url":"https:\/\/secure.gravatar.com\/avatar\/08f4e38908e105d843bc2bab0e7af2243257415b61b5fe99e955c21a5f61fc2b?s=96&d=mm&r=g","contentUrl":"https:\/\/secure.gravatar.com\/avatar\/08f4e38908e105d843bc2bab0e7af2243257415b61b5fe99e955c21a5f61fc2b?s=96&d=mm&r=g","caption":"Cr\u00e9er c'est R\u00e9sister"},"sameAs":["http:\/\/www.lanuitdesours.lautre.net"],"url":"https:\/\/lanuitdesours.lautre.net\/?author=1"}]}},"_links":{"self":[{"href":"https:\/\/lanuitdesours.lautre.net\/index.php?rest_route=\/wp\/v2\/posts\/3422","targetHints":{"allow":["GET"]}}],"collection":[{"href":"https:\/\/lanuitdesours.lautre.net\/index.php?rest_route=\/wp\/v2\/posts"}],"about":[{"href":"https:\/\/lanuitdesours.lautre.net\/index.php?rest_route=\/wp\/v2\/types\/post"}],"author":[{"embeddable":true,"href":"https:\/\/lanuitdesours.lautre.net\/index.php?rest_route=\/wp\/v2\/users\/1"}],"replies":[{"embeddable":true,"href":"https:\/\/lanuitdesours.lautre.net\/index.php?rest_route=%2Fwp%2Fv2%2Fcomments&post=3422"}],"version-history":[{"count":19,"href":"https:\/\/lanuitdesours.lautre.net\/index.php?rest_route=\/wp\/v2\/posts\/3422\/revisions"}],"predecessor-version":[{"id":3767,"href":"https:\/\/lanuitdesours.lautre.net\/index.php?rest_route=\/wp\/v2\/posts\/3422\/revisions\/3767"}],"wp:featuredmedia":[{"embeddable":true,"href":"https:\/\/lanuitdesours.lautre.net\/index.php?rest_route=\/wp\/v2\/media\/3435"}],"wp:attachment":[{"href":"https:\/\/lanuitdesours.lautre.net\/index.php?rest_route=%2Fwp%2Fv2%2Fmedia&parent=3422"}],"wp:term":[{"taxonomy":"category","embeddable":true,"href":"https:\/\/lanuitdesours.lautre.net\/index.php?rest_route=%2Fwp%2Fv2%2Fcategories&post=3422"},{"taxonomy":"post_tag","embeddable":true,"href":"https:\/\/lanuitdesours.lautre.net\/index.php?rest_route=%2Fwp%2Fv2%2Ftags&post=3422"}],"curies":[{"name":"wp","href":"https:\/\/api.w.org\/{rel}","templated":true}]}}