{"id":3385,"date":"2024-07-20T16:05:53","date_gmt":"2024-07-20T14:05:53","guid":{"rendered":"https:\/\/nuit-des-ours.com\/?p=3385"},"modified":"2025-07-20T23:14:15","modified_gmt":"2025-07-20T21:14:15","slug":"la-nuit-des-ours","status":"publish","type":"post","link":"https:\/\/lanuitdesours.lautre.net\/?p=3385","title":{"rendered":"La Nuit des Ours"},"content":{"rendered":"\n<h1 class=\"wp-block-heading\">LA NUIT DES OURS, 9 AO\u00dbT 2024<\/h1>\n\n\n\n<p class=\"wp-block-paragraph\"><strong><mark style=\"background-color:rgba(0, 0, 0, 0)\" class=\"has-inline-color has-accent-1-color\">LA NUIT DES OURS<\/mark>,<\/strong> <strong>qui a donn\u00e9 son nom au festival, est une d\u00e9ambulation nocturne entre diff\u00e9rents spectacles et sculptures d\u2019 \u00ab Arts du Chemin \u00bb, guid\u00e9e par des passeur-euses de savoir. Elle se passe en pleine nature, en immersion entre for\u00eat, chemins et bosquets dans les territoires sauvages de Vallorcine en Haute-Savoie.<\/strong> <mark style=\"background-color:rgba(0, 0, 0, 0)\" class=\"has-inline-color has-accent-1-color\"><strong>Sur r\u00e9servation (25\u20ac\/20\u20ac tarif r\u00e9duit).<\/strong><\/mark><\/p>\n\n\n\n<div class=\"wp-block-buttons is-content-justification-space-between is-layout-flex wp-container-core-buttons-is-layout-cfe5ce44 wp-block-buttons-is-layout-flex\">\n<div class=\"wp-block-button has-custom-font-size is-style-outline has-normal-font-size is-style-outline--1\"><a class=\"wp-block-button__link has-sitebg-color has-accent-2-background-color has-text-color has-background wp-element-button\" href=\"https:\/\/www.helloasso.com\/associations\/la-nuit-des-ours\/evenements\/evenements-artistiques-8-9-10-et-12-aout-edition-2024\" style=\"border-radius:0px\">R\u00c9SERVER<\/a><\/div>\n<\/div>\n\n\n\n<div style=\"height:50px\" aria-hidden=\"true\" class=\"wp-block-spacer\"><\/div>\n\n\n\n<!--more-->\n\n\n\n<h5 class=\"wp-block-heading\">A PARTIR DE 18h, ACCUEIL de LA NUIT DES OURS \u00e0 la buvette de LA POYA (au pied des pistes de ski)<\/h5>\n\n\n\n<p class=\"wp-block-paragraph\">Restauration et concert afin d\u2019initier la soir\u00e9e par une note conviviale, avec :<\/p>\n\n\n\n<ul class=\"wp-block-list\">\n<li>Buvette<\/li>\n\n\n\n<li>Repas indien pr\u00e9par\u00e9 par <strong>EQUIT\u00c9<\/strong> (participation libre et consciente)<\/li>\n\n\n\n<li>18:30 <strong>L\u2019ECHO DU BUET<\/strong>, la fanfare m\u00e9moire vivante de Vallorcine.<\/li>\n<\/ul>\n\n\n\n<h5 class=\"wp-block-heading\">DE 19:45 A MINUIT, d\u00e9ambulation onirique guid\u00e9e \u00e0 la rencontre des Arts du Chemin et des 5 spectacles suivants :<\/h5>\n\n\n\n<div class=\"wp-block-columns is-layout-flex wp-container-core-columns-is-layout-8f761849 wp-block-columns-is-layout-flex\">\n<div class=\"wp-block-column is-layout-flow wp-block-column-is-layout-flow\">\n<h3 class=\"wp-block-heading\">ENTRE \/ ANTRE <br>Compagnie BALLANDO<\/h3>\n\n\n\n<p class=\"wp-block-paragraph\"><strong><mark style=\"background-color:rgba(0, 0, 0, 0)\" class=\"has-inline-color has-accent-1-color\">Cr\u00e9ation Nuit des Ours 2024<br><\/mark><\/strong><mark style=\"background-color:rgba(0, 0, 0, 0)\" class=\"has-inline-color has-accent-1-color\">De et avec <\/mark><strong><mark style=\"background-color:rgba(0, 0, 0, 0)\" class=\"has-inline-color has-accent-1-color\">Romaine Cochet, Hugo Garnier, Mar\u00e8va Luchini<br><\/mark><\/strong><mark style=\"background-color:rgba(0, 0, 0, 0)\" class=\"has-inline-color has-accent-1-color\">Musique (cloches) <\/mark><strong><mark style=\"background-color:rgba(0, 0, 0, 0)\" class=\"has-inline-color has-accent-1-color\">Heidi Cochet<\/mark><\/strong><br>Cr\u00e9ation chor\u00e9graphique pour 3 personnages\/danseurs \u00e9voluant ensemble ou solitairement en pleine nature. <br>Ce qui nous s\u00e9pare\/ce qui nous lie. Les corps jouent ensemble avec les espaces et les interstices. Va et vient perp\u00e9tuel. Cr\u00e9er des interstices dans les \u00ab\u00a0encore possibles\u00a0\u00bb.<\/p>\n<\/div>\n\n\n\n<div class=\"wp-block-column is-vertically-aligned-center is-layout-flow wp-block-column-is-layout-flow\"><div class=\"wp-block-image\">\n<figure class=\"aligncenter size-medium\"><img loading=\"lazy\" decoding=\"async\" width=\"212\" height=\"300\" src=\"https:\/\/nuit-des-ours.com\/wp-content\/uploads\/2024\/07\/Capture-decran-2024-07-28-a-23.24.23-212x300.png\" alt=\"\" class=\"wp-image-3418\" srcset=\"https:\/\/lanuitdesours.lautre.net\/wp-content\/uploads\/2024\/07\/Capture-decran-2024-07-28-a-23.24.23-212x300.png 212w, https:\/\/lanuitdesours.lautre.net\/wp-content\/uploads\/2024\/07\/Capture-decran-2024-07-28-a-23.24.23.png 457w\" sizes=\"auto, (max-width: 212px) 100vw, 212px\" \/><\/figure>\n<\/div><\/div>\n<\/div>\n\n\n\n<div class=\"wp-block-columns is-layout-flex wp-container-core-columns-is-layout-8f761849 wp-block-columns-is-layout-flex\">\n<div class=\"wp-block-column is-layout-flow wp-block-column-is-layout-flow\">\n<h3 class=\"wp-block-heading\">MEKONG, le fleuve des 9 dragons <br><a href=\"https:\/\/anothaidancecompany.com\/mekong\">Anotha\u00ef Dance Company<\/a><\/h3>\n\n\n\n<p class=\"wp-block-paragraph\"><mark style=\"background-color:rgba(0, 0, 0, 0)\" class=\"has-inline-color has-accent-1-color\">Avec <strong><a href=\"https:\/\/linktr.ee\/yumicelia\">Yumi C\u00e9lia<\/a><\/strong> ta\u00efko (tambours japonais) et <strong>Th\u00f4 Anotha\u00ef <\/strong>danse<\/mark><br>Prenant sa source dans les neiges du Tibet oriental, le M\u00e9kong traverse six pays : Chine, Birmanie, Laos, Tha\u00eflande, Cambodge et Vietnam. C\u2019est \u00e0\u00a0l\u2019\u00e2ge de 4 ans que le chor\u00e9graphe l\u2019a travers\u00e9\u00a0afin de fuir son pays d\u2019origine, le Laos. M\u00e9moire des \u00e9migr\u00e9s qui ont franchit cette fronti\u00e8re naturelle afin de trouver leur libert\u00e9, Th\u00f4\u00a0Anotha\u00ef\u00a0nous invite \u00e0\u00a0parcourir \u00e0\u00a0ses c\u00f4t\u00e9s, ces instantan\u00e9s d\u2019images qui se d\u00e9voilent ici comme un hommage modeste et assur\u00e9. Une travers\u00e9e lente mais intensive, un p\u00e9riple dans une danse hip hop contemporaine sobre et \u00e9pur\u00e9e, port\u00e9e par les battements de tambours japonais.<\/p>\n<\/div>\n\n\n\n<div class=\"wp-block-column is-vertically-aligned-center is-layout-flow wp-block-column-is-layout-flow\"><div class=\"wp-block-image\">\n<figure class=\"aligncenter size-medium\"><img loading=\"lazy\" decoding=\"async\" width=\"300\" height=\"200\" src=\"https:\/\/nuit-des-ours.com\/wp-content\/uploads\/2024\/07\/\u00a9REVUP-Prod_Mekong_Anothai_20230504-15-300x200.jpg\" alt=\"\" class=\"wp-image-3417\" srcset=\"https:\/\/lanuitdesours.lautre.net\/wp-content\/uploads\/2024\/07\/\u00a9REVUP-Prod_Mekong_Anothai_20230504-15-300x200.jpg 300w, https:\/\/lanuitdesours.lautre.net\/wp-content\/uploads\/2024\/07\/\u00a9REVUP-Prod_Mekong_Anothai_20230504-15-1024x683.jpg 1024w, https:\/\/lanuitdesours.lautre.net\/wp-content\/uploads\/2024\/07\/\u00a9REVUP-Prod_Mekong_Anothai_20230504-15-768x512.jpg 768w, https:\/\/lanuitdesours.lautre.net\/wp-content\/uploads\/2024\/07\/\u00a9REVUP-Prod_Mekong_Anothai_20230504-15-1536x1024.jpg 1536w, https:\/\/lanuitdesours.lautre.net\/wp-content\/uploads\/2024\/07\/\u00a9REVUP-Prod_Mekong_Anothai_20230504-15-450x300.jpg 450w, https:\/\/lanuitdesours.lautre.net\/wp-content\/uploads\/2024\/07\/\u00a9REVUP-Prod_Mekong_Anothai_20230504-15.jpg 1620w\" sizes=\"auto, (max-width: 300px) 100vw, 300px\" \/><\/figure>\n<\/div><\/div>\n<\/div>\n\n\n\n<div class=\"wp-block-columns is-layout-flex wp-container-core-columns-is-layout-8f761849 wp-block-columns-is-layout-flex\">\n<div class=\"wp-block-column is-layout-flow wp-block-column-is-layout-flow\">\n<h3 class=\"wp-block-heading\">FOR\u00caT d\u2019Armand Gatti<\/h3>\n\n\n\n<p class=\"wp-block-paragraph\"><strong><mark style=\"background-color:rgba(0, 0, 0, 0)\" class=\"has-inline-color has-accent-1-color\">Reprise Cr\u00e9ation 2020<br><\/mark><\/strong><mark style=\"background-color:rgba(0, 0, 0, 0)\" class=\"has-inline-color has-accent-1-color\">Avec <\/mark><strong><mark style=\"background-color:rgba(0, 0, 0, 0)\" class=\"has-inline-color has-accent-1-color\">Louis Berth\u00e9l\u00e9my<\/mark><\/strong><br>Armand Gatti aurait 100 ans cette ann\u00e9e. Dramaturge fran\u00e7ais majeur, il participe adolescent \u00e0 la r\u00e9sistance en Corr\u00e8ze. Enfoui dans un creux au milieu de la for\u00eat, il commence \u00e0 construire sa vie et son oeuvre. Elle sera toute d\u00e9di\u00e9e \u00e0 l\u2019\u00e9criture. Le th\u00e9\u00e2tre sera comme une violente synth\u00e8se po\u00e9tique de l\u2019amour et de l\u2019engagement. Louis Berth\u00e9l\u00e9my et Bruno Boussagol ont r\u00e9alis\u00e9 un montage de textes significatifs.<br>Reprise de ce spectacle cr\u00e9\u00e9 pour LA NUIT DES OURS 2020 pour son actualit\u00e9.<\/p>\n<\/div>\n\n\n\n<div class=\"wp-block-column is-vertically-aligned-center is-layout-flow wp-block-column-is-layout-flow\"><div class=\"wp-block-image\">\n<figure class=\"aligncenter size-medium\"><img loading=\"lazy\" decoding=\"async\" width=\"300\" height=\"200\" src=\"https:\/\/nuit-des-ours.com\/wp-content\/uploads\/2024\/07\/louisberthelemy-300x200.jpg\" alt=\"\" class=\"wp-image-3414\" style=\"aspect-ratio:1;object-fit:contain\" srcset=\"https:\/\/lanuitdesours.lautre.net\/wp-content\/uploads\/2024\/07\/louisberthelemy-300x200.jpg 300w, https:\/\/lanuitdesours.lautre.net\/wp-content\/uploads\/2024\/07\/louisberthelemy-1024x683.jpg 1024w, https:\/\/lanuitdesours.lautre.net\/wp-content\/uploads\/2024\/07\/louisberthelemy-768x512.jpg 768w, https:\/\/lanuitdesours.lautre.net\/wp-content\/uploads\/2024\/07\/louisberthelemy-1536x1024.jpg 1536w, https:\/\/lanuitdesours.lautre.net\/wp-content\/uploads\/2024\/07\/louisberthelemy-450x300.jpg 450w, https:\/\/lanuitdesours.lautre.net\/wp-content\/uploads\/2024\/07\/louisberthelemy.jpg 2048w\" sizes=\"auto, (max-width: 300px) 100vw, 300px\" \/><\/figure>\n<\/div><\/div>\n<\/div>\n\n\n\n<div class=\"wp-block-columns is-layout-flex wp-container-core-columns-is-layout-8f761849 wp-block-columns-is-layout-flex\">\n<div class=\"wp-block-column is-layout-flow wp-block-column-is-layout-flow\">\n<h3 class=\"wp-block-heading\"><a href=\"https:\/\/www.lamalcoiffee.com\/\">LA MAL COIFF\u00c9E<\/a><br>groupe vocal occitan et f\u00e9minin<\/h3>\n\n\n\n<p class=\"wp-block-paragraph\"><mark style=\"background-color:rgba(0, 0, 0, 0)\" class=\"has-inline-color has-accent-1-color\">Avec : <\/mark><strong><mark style=\"background-color:rgba(0, 0, 0, 0)\" class=\"has-inline-color has-accent-1-color\">Karine Berny, Myriam Boisserie, Marie Coumes, La\u00ebtitia Dutech<br><\/mark><\/strong><mark style=\"background-color:rgba(0, 0, 0, 0)\" class=\"has-inline-color has-accent-1-color\">Musique et texte\u00a0: <\/mark><strong><mark style=\"background-color:rgba(0, 0, 0, 0)\" class=\"has-inline-color has-accent-1-color\">Laurent Cavali\u00e9<\/mark><\/strong><br>La Mal Coiff\u00e9e prend la parole contre toutes les dominations, coloniales, nationales, \u00e9conomiques, m\u00e9diatiques\u2026 Avec sa polyphonie et ses percussions, elle nous raconte nos h\u00e9ritages et nos histoires particuli\u00e8res. La langue occitane flamboie, toujours debout, toujours chantante, toujours pr\u00eate \u00e0 clamer ses solidarit\u00e9s, et \u00e0 se nourrir de toutes les \u00e9mancipations et r\u00e9sistances populaires de par le monde.<\/p>\n<\/div>\n\n\n\n<div class=\"wp-block-column is-vertically-aligned-center is-layout-flow wp-block-column-is-layout-flow\"><div class=\"wp-block-image is-style-default\">\n<figure class=\"aligncenter size-medium\"><img loading=\"lazy\" decoding=\"async\" width=\"300\" height=\"200\" src=\"https:\/\/nuit-des-ours.com\/wp-content\/uploads\/2024\/07\/lamalcoiffee_2-300x200.jpg\" alt=\"\" class=\"wp-image-3416\" srcset=\"https:\/\/lanuitdesours.lautre.net\/wp-content\/uploads\/2024\/07\/lamalcoiffee_2-300x200.jpg 300w, https:\/\/lanuitdesours.lautre.net\/wp-content\/uploads\/2024\/07\/lamalcoiffee_2-1024x683.jpg 1024w, https:\/\/lanuitdesours.lautre.net\/wp-content\/uploads\/2024\/07\/lamalcoiffee_2-768x512.jpg 768w, https:\/\/lanuitdesours.lautre.net\/wp-content\/uploads\/2024\/07\/lamalcoiffee_2-450x300.jpg 450w, https:\/\/lanuitdesours.lautre.net\/wp-content\/uploads\/2024\/07\/lamalcoiffee_2.jpg 1200w\" sizes=\"auto, (max-width: 300px) 100vw, 300px\" \/><\/figure>\n<\/div><\/div>\n<\/div>\n\n\n\n<div class=\"wp-block-columns is-layout-flex wp-container-core-columns-is-layout-8f761849 wp-block-columns-is-layout-flex\">\n<div class=\"wp-block-column is-layout-flow wp-block-column-is-layout-flow\">\n<h3 class=\"wp-block-heading\">L\u2019homme qui plantait des arbres <br>par le <a href=\"https:\/\/www.theatre-des-turbulences.com\/l-homme-qui-plantait-des-arbres\">th\u00e9\u00e2tre des Turbulences<\/a><\/h3>\n\n\n\n<p class=\"wp-block-paragraph\"><mark style=\"background-color:rgba(0, 0, 0, 0)\" class=\"has-inline-color has-accent-1-color\">Mise en sc\u00e8ne et jeu &#8211; <\/mark><strong><mark style=\"background-color:rgba(0, 0, 0, 0)\" class=\"has-inline-color has-accent-1-color\">Stella Serfaty <\/mark><\/strong><br><mark style=\"background-color:rgba(0, 0, 0, 0)\" class=\"has-inline-color has-accent-1-color\">Collaboration artistique &#8211; <\/mark><strong><mark style=\"background-color:rgba(0, 0, 0, 0)\" class=\"has-inline-color has-accent-1-color\">Fran\u00e7ois Frapier<br><\/mark><\/strong><mark style=\"background-color:rgba(0, 0, 0, 0)\" class=\"has-inline-color has-accent-1-color\">avec <\/mark><strong><mark style=\"background-color:rgba(0, 0, 0, 0)\" class=\"has-inline-color has-accent-1-color\">Ombline de Benque<\/mark><\/strong><mark style=\"background-color:rgba(0, 0, 0, 0)\" class=\"has-inline-color has-accent-1-color\"> marionnettiste et plasticienne<\/mark><br>Une superbe fable \u00e9cologique et humaniste, pour spectateur actif de Jean Giono. Un homme au cours d\u2019une longue promenade dans les Alpes de Haute-Provence rencontre un berger. Ce berger vit seul dans ce pays hostile. Il plante des arbres. Cent arbres chaque jour sans rien attendre en retour. Quelques ann\u00e9es plus tard apparaissent des for\u00eats de ch\u00eanes, de h\u00eatres, de bouleaux, de fr\u00eanes\u2026 L\u2019eau est revenue. Les villages se repeuplent. La lande aride et d\u00e9sol\u00e9e est devenue une terre pleine de vie\u2026 Le public accompagne le r\u00e9cit et devient partie prenante de l\u2019histoire.<\/p>\n<\/div>\n\n\n\n<div class=\"wp-block-column is-vertically-aligned-center is-layout-flow wp-block-column-is-layout-flow\"><div class=\"wp-block-image\">\n<figure class=\"aligncenter size-medium\"><img loading=\"lazy\" decoding=\"async\" width=\"216\" height=\"300\" src=\"https:\/\/nuit-des-ours.com\/wp-content\/uploads\/2024\/07\/Capture-decran-2024-07-28-a-23.58.57-216x300.png\" alt=\"\" class=\"wp-image-3415\" srcset=\"https:\/\/lanuitdesours.lautre.net\/wp-content\/uploads\/2024\/07\/Capture-decran-2024-07-28-a-23.58.57-216x300.png 216w, https:\/\/lanuitdesours.lautre.net\/wp-content\/uploads\/2024\/07\/Capture-decran-2024-07-28-a-23.58.57.png 461w\" sizes=\"auto, (max-width: 216px) 100vw, 216px\" \/><\/figure>\n<\/div><\/div>\n<\/div>\n\n\n\n<h5 class=\"wp-block-heading\">ARRIV\u00c9E VERS MINUIT<br>Pour finir, on se rassemble autour d\u2019un vin chaud pour terminer LA NUIT DES OURS avec le concert de :<\/h5>\n\n\n\n<h3 class=\"wp-block-heading\"><strong>HoBo\u2019s<\/strong><\/h3>\n\n\n\n<p class=\"wp-block-paragraph\">Les 4 musiciens vagabonds de nos montagnes<\/p>\n\n\n\n<div style=\"height:100px\" aria-hidden=\"true\" class=\"wp-block-spacer\"><\/div>\n\n\n\n<div class=\"wp-block-group\"><div class=\"wp-block-group__inner-container is-layout-constrained wp-block-group-is-layout-constrained\">\n<h5 class=\"wp-block-heading\">&gt;&gt; Pour cette d\u00e9ambulation, au moment de votre inscription \u00e0 LA NUIT DES OURS, vous choisissez votre guide parmi l\u2019une des 5 suivantes :<\/h5>\n\n\n\n<ul class=\"wp-block-list\">\n<li><strong><mark style=\"background-color:rgba(0, 0, 0, 0)\" class=\"has-inline-color has-accent-1-color\">Camille Sova<\/mark> \u2013<\/strong> po\u00e8te et animatrice d\u2019ateliers d\u2019\u00e9criture : <strong><strong>\u00ab <\/strong>R\u00eaver debout avec Don Quichotte, la lutte et l\u2019utopie<strong><strong> \u00bb<\/strong><\/strong> <\/strong><br>Figure mythique de la litt\u00e9rature, Don Quichotte n\u2019a aujourd\u2019hui rien perdu de son actualit\u00e9. R\u00eaveur pour certain-es, fou pour d\u2019autres, il est celui qui d\u00e9cide de vivre ses d\u00e9lires autant que ses d\u00e9sirs. Que peut-il aujourd\u2019hui nous apprendre sur les fa\u00e7ons d\u2019habiter un monde qui s\u2019\u00e9croule ?<\/li>\n\n\n\n<li><strong><mark style=\"background-color:rgba(0, 0, 0, 0)\" class=\"has-inline-color has-accent-1-color\">Nathalie Agenmuller<\/mark> \u2013<\/strong> guide de haute-montagne : <strong><strong><strong>\u00ab <\/strong><\/strong>La r\u00e9sistance des femmes, engagement aupr\u00e8s de Mountain Wilderness<strong><strong><strong> \u00bb<\/strong><\/strong><\/strong><\/strong> <br>Prise de conscience des objectifs environnementaux associ\u00e9s ainsi que des freins politiques. Qu\u2019est-ce qu\u2019un Sch\u00e9ma de Coh\u00e9rence Territoriale au pays Mont-Blanc-Arve-Giffre. Comment envisager l\u2019avenir ?<\/li>\n\n\n\n<li><strong><mark style=\"background-color:rgba(0, 0, 0, 0)\" class=\"has-inline-color has-accent-1-color\">Agn\u00e8s Prudhomme<\/mark> \u2013<\/strong> g\u00e9ologue : <strong><strong><strong>\u00ab <\/strong><\/strong>D\u00e9ambulation entre les pierres<strong><strong><strong> \u00bb<\/strong><\/strong><\/strong><\/strong> <br>Naissance de la g\u00e9ologie. Comment s\u2019est-on int\u00e9ress\u00e9 \u00e0 la terre depuis l\u2019antiquit\u00e9 ? Pourquoi la Terre est elle habitable ? Sur quoi marchons-nous ? Pourquoi nos montagnes ? La 6e extinction ?<\/li>\n\n\n\n<li><strong><mark style=\"background-color:rgba(0, 0, 0, 0)\" class=\"has-inline-color has-accent-1-color\">H\u00e9l\u00e8ne Altherr<\/mark> \u2013<\/strong> pharmacienne experte en sant\u00e9 naturelle &amp; fonctionnelle : <strong><strong><strong>\u00ab <\/strong><\/strong>A la table des pal\u00e9o-vallorcins<strong><strong><strong> \u00bb<\/strong><\/strong><\/strong><\/strong> <br>O\u00f9 se nourrir \u00e0 Vallorcine avant l\u2019agriculture et l\u2019\u00e9levage ? Qu\u2019est ce qu\u2019il nous reste aujourd\u2019hui de notre g\u00e9n\u00e9tique ancestrale : es-tu plut\u00f4t cueilleur ou chasseur ? Ou peut \u00eatre mi-figue mi-mammouth ?!<\/li>\n\n\n\n<li><strong><mark style=\"background-color:rgba(0, 0, 0, 0)\" class=\"has-inline-color has-accent-1-color\">Charlotte Carpentier<\/mark> \u2013<\/strong> doctorante en g\u00e9ographie : <strong><strong><strong>\u00ab <\/strong><\/strong>Les b\u00eates rouges<strong><strong> \u00bb<\/strong><\/strong><\/strong> <br>Le combat silencieux des cr\u00e9atures face \u00e0 l\u2019industrie de la mort.<\/li>\n<\/ul>\n<\/div><\/div>\n\n\n\n<div style=\"height:50px\" aria-hidden=\"true\" class=\"wp-block-spacer\"><\/div>\n\n\n\n<div class=\"wp-block-buttons is-content-justification-space-between is-layout-flex wp-container-core-buttons-is-layout-cfe5ce44 wp-block-buttons-is-layout-flex\">\n<div class=\"wp-block-button has-custom-font-size is-style-outline has-normal-font-size is-style-outline--2\"><a class=\"wp-block-button__link has-sitebg-color has-accent-2-background-color has-text-color has-background wp-element-button\" href=\"https:\/\/www.helloasso.com\/associations\/la-nuit-des-ours\/evenements\/evenements-artistiques-8-9-10-et-12-aout-edition-2024\" style=\"border-radius:0px\">R\u00c9SERVER<\/a><\/div>\n<\/div>\n\n\n\n<div class=\"wp-block-group\"><div class=\"wp-block-group__inner-container is-layout-constrained wp-block-group-is-layout-constrained\">\n<h5 class=\"wp-block-heading\">Informations pratiques :<\/h5>\n\n\n\n<ul class=\"wp-block-list\">\n<li>Rendez-vous \u00e0 LA BUVETTE de LA POYA (au pied des pistes de ski) \u00e0 partir de 18h.<\/li>\n\n\n\n<li>Si vous prenez le train, descendre \u00e0 la gare du Buet.<\/li>\n\n\n\n<li>Prendre des v\u00eatements chauds, un v\u00eatement l\u00e9ger contre la pluie, de bonnes chaussures de marche, des fruits secs et de l\u2019eau. Une lampe de poche pour \u00e9clairer ses pieds lorsque l\u2019on marche et ainsi pr\u00e9server la magie de la nuit.<\/li>\n\n\n\n<li>Le circuit fait environ 3 km. Quelques passages difficiles.<\/li>\n\n\n\n<li>Nous d\u00e9conseillons de venir avec des enfants de moins de 12 ans. Nous avons constat\u00e9 dans les \u00e9ditions pr\u00e9c\u00e9dentes qu\u2019ils pouvaient se fatiguer, se lasser et avoir envie de dormir.<\/li>\n<\/ul>\n<\/div><\/div>\n","protected":false},"excerpt":{"rendered":"<p>LE 9 AO\u00dbT 2024. Une d\u00e9ambulation nocturne en pleine nature, entre diff\u00e9rents spectacles et sculptures d\u2019Arts du Chemin, guid\u00e9e par des passeur-euses de savoir. Sur r\u00e9servation (25\u20ac\/20\u20ac tarif r\u00e9duit). <\/p>\n","protected":false},"author":1,"featured_media":733,"comment_status":"closed","ping_status":"closed","sticky":false,"template":"","format":"standard","meta":{"footnotes":""},"categories":[37],"tags":[57],"class_list":["post-3385","post","type-post","status-publish","format-standard","has-post-thumbnail","hentry","category-edition-2024","tag-nuit-des-ours"],"yoast_head":"<!-- This site is optimized with the Yoast SEO plugin v28.3 - https:\/\/yoast.com\/product\/yoast-seo-wordpress\/ -->\n<title>La Nuit des Ours - La Nuit des Ours Edition 2024<\/title>\n<meta name=\"description\" content=\"9 AO\u00dbT 2024. LA NUIT DES OURS est une balade nocturne en immersion entre for\u00eat et bosquets, \u00e0 la d\u00e9couverte de spectacles et Arts du Chemin.\" \/>\n<meta name=\"robots\" content=\"index, follow, max-snippet:-1, max-image-preview:large, max-video-preview:-1\" \/>\n<link rel=\"canonical\" href=\"https:\/\/lanuitdesours.lautre.net\/?p=3385\" \/>\n<meta property=\"og:locale\" content=\"fr_FR\" \/>\n<meta property=\"og:type\" content=\"article\" \/>\n<meta property=\"og:title\" content=\"La Nuit des Ours - La Nuit des Ours Edition 2024\" \/>\n<meta property=\"og:description\" content=\"9 AO\u00dbT 2024. LA NUIT DES OURS est une balade nocturne en immersion entre for\u00eat et bosquets, \u00e0 la d\u00e9couverte de spectacles et Arts du Chemin.\" \/>\n<meta property=\"og:url\" content=\"https:\/\/lanuitdesours.lautre.net\/?p=3385\" \/>\n<meta property=\"og:site_name\" content=\"La Nuit des Ours\" \/>\n<meta property=\"article:publisher\" content=\"https:\/\/www.facebook.com\/lanuitdesours\/\" \/>\n<meta property=\"article:published_time\" content=\"2024-07-20T14:05:53+00:00\" \/>\n<meta property=\"article:modified_time\" content=\"2025-07-20T21:14:15+00:00\" \/>\n<meta property=\"og:image\" content=\"https:\/\/lanuitdesours.lautre.net\/wp-content\/uploads\/2022\/07\/2019_tipi-reves.jpg\" \/>\n\t<meta property=\"og:image:width\" content=\"2048\" \/>\n\t<meta property=\"og:image:height\" content=\"1365\" \/>\n\t<meta property=\"og:image:type\" content=\"image\/jpeg\" \/>\n<meta name=\"author\" content=\"Cr\u00e9er c&#039;est R\u00e9sister\" \/>\n<meta name=\"twitter:card\" content=\"summary_large_image\" \/>\n<meta name=\"twitter:label1\" content=\"\u00c9crit par\" \/>\n\t<meta name=\"twitter:data1\" content=\"Cr\u00e9er c&#039;est R\u00e9sister\" \/>\n\t<meta name=\"twitter:label2\" content=\"Dur\u00e9e de lecture estim\u00e9e\" \/>\n\t<meta name=\"twitter:data2\" content=\"7 minutes\" \/>\n<script type=\"application\/ld+json\" class=\"yoast-schema-graph\">{\"@context\":\"https:\\\/\\\/schema.org\",\"@graph\":[{\"@type\":\"Article\",\"@id\":\"https:\\\/\\\/lanuitdesours.lautre.net\\\/?p=3385#article\",\"isPartOf\":{\"@id\":\"https:\\\/\\\/lanuitdesours.lautre.net\\\/?p=3385\"},\"author\":{\"name\":\"Cr\u00e9er c'est R\u00e9sister\",\"@id\":\"https:\\\/\\\/lanuitdesours.lautre.net\\\/#\\\/schema\\\/person\\\/1f4500f2f631d9916d6b39f1c0ba934c\"},\"headline\":\"La Nuit des Ours\",\"datePublished\":\"2024-07-20T14:05:53+00:00\",\"dateModified\":\"2025-07-20T21:14:15+00:00\",\"mainEntityOfPage\":{\"@id\":\"https:\\\/\\\/lanuitdesours.lautre.net\\\/?p=3385\"},\"wordCount\":1093,\"publisher\":{\"@id\":\"https:\\\/\\\/lanuitdesours.lautre.net\\\/#organization\"},\"image\":{\"@id\":\"https:\\\/\\\/lanuitdesours.lautre.net\\\/?p=3385#primaryimage\"},\"thumbnailUrl\":\"https:\\\/\\\/lanuitdesours.lautre.net\\\/wp-content\\\/uploads\\\/2022\\\/07\\\/2019_tipi-reves.jpg\",\"keywords\":[\"NUIT DES OURS\"],\"articleSection\":[\"Edition 2024\"],\"inLanguage\":\"fr-FR\"},{\"@type\":\"WebPage\",\"@id\":\"https:\\\/\\\/lanuitdesours.lautre.net\\\/?p=3385\",\"url\":\"https:\\\/\\\/lanuitdesours.lautre.net\\\/?p=3385\",\"name\":\"La Nuit des Ours - La Nuit des Ours Edition 2024\",\"isPartOf\":{\"@id\":\"https:\\\/\\\/lanuitdesours.lautre.net\\\/#website\"},\"primaryImageOfPage\":{\"@id\":\"https:\\\/\\\/lanuitdesours.lautre.net\\\/?p=3385#primaryimage\"},\"image\":{\"@id\":\"https:\\\/\\\/lanuitdesours.lautre.net\\\/?p=3385#primaryimage\"},\"thumbnailUrl\":\"https:\\\/\\\/lanuitdesours.lautre.net\\\/wp-content\\\/uploads\\\/2022\\\/07\\\/2019_tipi-reves.jpg\",\"datePublished\":\"2024-07-20T14:05:53+00:00\",\"dateModified\":\"2025-07-20T21:14:15+00:00\",\"description\":\"9 AO\u00dbT 2024. LA NUIT DES OURS est une balade nocturne en immersion entre for\u00eat et bosquets, \u00e0 la d\u00e9couverte de spectacles et Arts du Chemin.\",\"breadcrumb\":{\"@id\":\"https:\\\/\\\/lanuitdesours.lautre.net\\\/?p=3385#breadcrumb\"},\"inLanguage\":\"fr-FR\",\"potentialAction\":[{\"@type\":\"ReadAction\",\"target\":[\"https:\\\/\\\/lanuitdesours.lautre.net\\\/?p=3385\"]}]},{\"@type\":\"ImageObject\",\"inLanguage\":\"fr-FR\",\"@id\":\"https:\\\/\\\/lanuitdesours.lautre.net\\\/?p=3385#primaryimage\",\"url\":\"https:\\\/\\\/lanuitdesours.lautre.net\\\/wp-content\\\/uploads\\\/2022\\\/07\\\/2019_tipi-reves.jpg\",\"contentUrl\":\"https:\\\/\\\/lanuitdesours.lautre.net\\\/wp-content\\\/uploads\\\/2022\\\/07\\\/2019_tipi-reves.jpg\",\"width\":2048,\"height\":1365,\"caption\":\"\u24b8 Eric Courcier \\\/ LA NUIT DES OURS\"},{\"@type\":\"BreadcrumbList\",\"@id\":\"https:\\\/\\\/lanuitdesours.lautre.net\\\/?p=3385#breadcrumb\",\"itemListElement\":[{\"@type\":\"ListItem\",\"position\":1,\"name\":\"Accueil\",\"item\":\"https:\\\/\\\/lanuitdesours.lautre.net\\\/\"},{\"@type\":\"ListItem\",\"position\":2,\"name\":\"La Nuit des Ours\"}]},{\"@type\":\"WebSite\",\"@id\":\"https:\\\/\\\/lanuitdesours.lautre.net\\\/#website\",\"url\":\"https:\\\/\\\/lanuitdesours.lautre.net\\\/\",\"name\":\"La Nuit des Ours\",\"description\":\"CR\u00c9ER C&#039;EST R\u00c9SISTER | R\u00c9SISTER C&#039;EST CR\u00c9ER\",\"publisher\":{\"@id\":\"https:\\\/\\\/lanuitdesours.lautre.net\\\/#organization\"},\"potentialAction\":[{\"@type\":\"SearchAction\",\"target\":{\"@type\":\"EntryPoint\",\"urlTemplate\":\"https:\\\/\\\/lanuitdesours.lautre.net\\\/?s={search_term_string}\"},\"query-input\":{\"@type\":\"PropertyValueSpecification\",\"valueRequired\":true,\"valueName\":\"search_term_string\"}}],\"inLanguage\":\"fr-FR\"},{\"@type\":\"Organization\",\"@id\":\"https:\\\/\\\/lanuitdesours.lautre.net\\\/#organization\",\"name\":\"Association LA NUIT DES OURS\",\"url\":\"https:\\\/\\\/lanuitdesours.lautre.net\\\/\",\"logo\":{\"@type\":\"ImageObject\",\"inLanguage\":\"fr-FR\",\"@id\":\"https:\\\/\\\/lanuitdesours.lautre.net\\\/#\\\/schema\\\/logo\\\/image\\\/\",\"url\":\"https:\\\/\\\/nuit-des-ours.com\\\/wp-content\\\/uploads\\\/2022\\\/07\\\/cropped-NDO_logo-noir_jaune.jpg\",\"contentUrl\":\"https:\\\/\\\/nuit-des-ours.com\\\/wp-content\\\/uploads\\\/2022\\\/07\\\/cropped-NDO_logo-noir_jaune.jpg\",\"width\":512,\"height\":512,\"caption\":\"Association LA NUIT DES OURS\"},\"image\":{\"@id\":\"https:\\\/\\\/lanuitdesours.lautre.net\\\/#\\\/schema\\\/logo\\\/image\\\/\"},\"sameAs\":[\"https:\\\/\\\/www.facebook.com\\\/lanuitdesours\\\/\",\"https:\\\/\\\/www.instagram.com\\\/lanuitdesours\\\/\"]},{\"@type\":\"Person\",\"@id\":\"https:\\\/\\\/lanuitdesours.lautre.net\\\/#\\\/schema\\\/person\\\/1f4500f2f631d9916d6b39f1c0ba934c\",\"name\":\"Cr\u00e9er c'est R\u00e9sister\",\"image\":{\"@type\":\"ImageObject\",\"inLanguage\":\"fr-FR\",\"@id\":\"https:\\\/\\\/secure.gravatar.com\\\/avatar\\\/08f4e38908e105d843bc2bab0e7af2243257415b61b5fe99e955c21a5f61fc2b?s=96&d=mm&r=g\",\"url\":\"https:\\\/\\\/secure.gravatar.com\\\/avatar\\\/08f4e38908e105d843bc2bab0e7af2243257415b61b5fe99e955c21a5f61fc2b?s=96&d=mm&r=g\",\"contentUrl\":\"https:\\\/\\\/secure.gravatar.com\\\/avatar\\\/08f4e38908e105d843bc2bab0e7af2243257415b61b5fe99e955c21a5f61fc2b?s=96&d=mm&r=g\",\"caption\":\"Cr\u00e9er c'est R\u00e9sister\"},\"sameAs\":[\"http:\\\/\\\/www.lanuitdesours.lautre.net\"],\"url\":\"https:\\\/\\\/lanuitdesours.lautre.net\\\/?author=1\"}]}<\/script>\n<!-- \/ Yoast SEO plugin. -->","yoast_head_json":{"title":"La Nuit des Ours - La Nuit des Ours Edition 2024","description":"9 AO\u00dbT 2024. LA NUIT DES OURS est une balade nocturne en immersion entre for\u00eat et bosquets, \u00e0 la d\u00e9couverte de spectacles et Arts du Chemin.","robots":{"index":"index","follow":"follow","max-snippet":"max-snippet:-1","max-image-preview":"max-image-preview:large","max-video-preview":"max-video-preview:-1"},"canonical":"https:\/\/lanuitdesours.lautre.net\/?p=3385","og_locale":"fr_FR","og_type":"article","og_title":"La Nuit des Ours - La Nuit des Ours Edition 2024","og_description":"9 AO\u00dbT 2024. LA NUIT DES OURS est une balade nocturne en immersion entre for\u00eat et bosquets, \u00e0 la d\u00e9couverte de spectacles et Arts du Chemin.","og_url":"https:\/\/lanuitdesours.lautre.net\/?p=3385","og_site_name":"La Nuit des Ours","article_publisher":"https:\/\/www.facebook.com\/lanuitdesours\/","article_published_time":"2024-07-20T14:05:53+00:00","article_modified_time":"2025-07-20T21:14:15+00:00","og_image":[{"width":2048,"height":1365,"url":"https:\/\/lanuitdesours.lautre.net\/wp-content\/uploads\/2022\/07\/2019_tipi-reves.jpg","type":"image\/jpeg"}],"author":"Cr\u00e9er c'est R\u00e9sister","twitter_card":"summary_large_image","twitter_misc":{"\u00c9crit par":"Cr\u00e9er c'est R\u00e9sister","Dur\u00e9e de lecture estim\u00e9e":"7 minutes"},"schema":{"@context":"https:\/\/schema.org","@graph":[{"@type":"Article","@id":"https:\/\/lanuitdesours.lautre.net\/?p=3385#article","isPartOf":{"@id":"https:\/\/lanuitdesours.lautre.net\/?p=3385"},"author":{"name":"Cr\u00e9er c'est R\u00e9sister","@id":"https:\/\/lanuitdesours.lautre.net\/#\/schema\/person\/1f4500f2f631d9916d6b39f1c0ba934c"},"headline":"La Nuit des Ours","datePublished":"2024-07-20T14:05:53+00:00","dateModified":"2025-07-20T21:14:15+00:00","mainEntityOfPage":{"@id":"https:\/\/lanuitdesours.lautre.net\/?p=3385"},"wordCount":1093,"publisher":{"@id":"https:\/\/lanuitdesours.lautre.net\/#organization"},"image":{"@id":"https:\/\/lanuitdesours.lautre.net\/?p=3385#primaryimage"},"thumbnailUrl":"https:\/\/lanuitdesours.lautre.net\/wp-content\/uploads\/2022\/07\/2019_tipi-reves.jpg","keywords":["NUIT DES OURS"],"articleSection":["Edition 2024"],"inLanguage":"fr-FR"},{"@type":"WebPage","@id":"https:\/\/lanuitdesours.lautre.net\/?p=3385","url":"https:\/\/lanuitdesours.lautre.net\/?p=3385","name":"La Nuit des Ours - La Nuit des Ours Edition 2024","isPartOf":{"@id":"https:\/\/lanuitdesours.lautre.net\/#website"},"primaryImageOfPage":{"@id":"https:\/\/lanuitdesours.lautre.net\/?p=3385#primaryimage"},"image":{"@id":"https:\/\/lanuitdesours.lautre.net\/?p=3385#primaryimage"},"thumbnailUrl":"https:\/\/lanuitdesours.lautre.net\/wp-content\/uploads\/2022\/07\/2019_tipi-reves.jpg","datePublished":"2024-07-20T14:05:53+00:00","dateModified":"2025-07-20T21:14:15+00:00","description":"9 AO\u00dbT 2024. LA NUIT DES OURS est une balade nocturne en immersion entre for\u00eat et bosquets, \u00e0 la d\u00e9couverte de spectacles et Arts du Chemin.","breadcrumb":{"@id":"https:\/\/lanuitdesours.lautre.net\/?p=3385#breadcrumb"},"inLanguage":"fr-FR","potentialAction":[{"@type":"ReadAction","target":["https:\/\/lanuitdesours.lautre.net\/?p=3385"]}]},{"@type":"ImageObject","inLanguage":"fr-FR","@id":"https:\/\/lanuitdesours.lautre.net\/?p=3385#primaryimage","url":"https:\/\/lanuitdesours.lautre.net\/wp-content\/uploads\/2022\/07\/2019_tipi-reves.jpg","contentUrl":"https:\/\/lanuitdesours.lautre.net\/wp-content\/uploads\/2022\/07\/2019_tipi-reves.jpg","width":2048,"height":1365,"caption":"\u24b8 Eric Courcier \/ LA NUIT DES OURS"},{"@type":"BreadcrumbList","@id":"https:\/\/lanuitdesours.lautre.net\/?p=3385#breadcrumb","itemListElement":[{"@type":"ListItem","position":1,"name":"Accueil","item":"https:\/\/lanuitdesours.lautre.net\/"},{"@type":"ListItem","position":2,"name":"La Nuit des Ours"}]},{"@type":"WebSite","@id":"https:\/\/lanuitdesours.lautre.net\/#website","url":"https:\/\/lanuitdesours.lautre.net\/","name":"La Nuit des Ours","description":"CR\u00c9ER C&#039;EST R\u00c9SISTER | R\u00c9SISTER C&#039;EST CR\u00c9ER","publisher":{"@id":"https:\/\/lanuitdesours.lautre.net\/#organization"},"potentialAction":[{"@type":"SearchAction","target":{"@type":"EntryPoint","urlTemplate":"https:\/\/lanuitdesours.lautre.net\/?s={search_term_string}"},"query-input":{"@type":"PropertyValueSpecification","valueRequired":true,"valueName":"search_term_string"}}],"inLanguage":"fr-FR"},{"@type":"Organization","@id":"https:\/\/lanuitdesours.lautre.net\/#organization","name":"Association LA NUIT DES OURS","url":"https:\/\/lanuitdesours.lautre.net\/","logo":{"@type":"ImageObject","inLanguage":"fr-FR","@id":"https:\/\/lanuitdesours.lautre.net\/#\/schema\/logo\/image\/","url":"https:\/\/nuit-des-ours.com\/wp-content\/uploads\/2022\/07\/cropped-NDO_logo-noir_jaune.jpg","contentUrl":"https:\/\/nuit-des-ours.com\/wp-content\/uploads\/2022\/07\/cropped-NDO_logo-noir_jaune.jpg","width":512,"height":512,"caption":"Association LA NUIT DES OURS"},"image":{"@id":"https:\/\/lanuitdesours.lautre.net\/#\/schema\/logo\/image\/"},"sameAs":["https:\/\/www.facebook.com\/lanuitdesours\/","https:\/\/www.instagram.com\/lanuitdesours\/"]},{"@type":"Person","@id":"https:\/\/lanuitdesours.lautre.net\/#\/schema\/person\/1f4500f2f631d9916d6b39f1c0ba934c","name":"Cr\u00e9er c'est R\u00e9sister","image":{"@type":"ImageObject","inLanguage":"fr-FR","@id":"https:\/\/secure.gravatar.com\/avatar\/08f4e38908e105d843bc2bab0e7af2243257415b61b5fe99e955c21a5f61fc2b?s=96&d=mm&r=g","url":"https:\/\/secure.gravatar.com\/avatar\/08f4e38908e105d843bc2bab0e7af2243257415b61b5fe99e955c21a5f61fc2b?s=96&d=mm&r=g","contentUrl":"https:\/\/secure.gravatar.com\/avatar\/08f4e38908e105d843bc2bab0e7af2243257415b61b5fe99e955c21a5f61fc2b?s=96&d=mm&r=g","caption":"Cr\u00e9er c'est R\u00e9sister"},"sameAs":["http:\/\/www.lanuitdesours.lautre.net"],"url":"https:\/\/lanuitdesours.lautre.net\/?author=1"}]}},"_links":{"self":[{"href":"https:\/\/lanuitdesours.lautre.net\/index.php?rest_route=\/wp\/v2\/posts\/3385","targetHints":{"allow":["GET"]}}],"collection":[{"href":"https:\/\/lanuitdesours.lautre.net\/index.php?rest_route=\/wp\/v2\/posts"}],"about":[{"href":"https:\/\/lanuitdesours.lautre.net\/index.php?rest_route=\/wp\/v2\/types\/post"}],"author":[{"embeddable":true,"href":"https:\/\/lanuitdesours.lautre.net\/index.php?rest_route=\/wp\/v2\/users\/1"}],"replies":[{"embeddable":true,"href":"https:\/\/lanuitdesours.lautre.net\/index.php?rest_route=%2Fwp%2Fv2%2Fcomments&post=3385"}],"version-history":[{"count":22,"href":"https:\/\/lanuitdesours.lautre.net\/index.php?rest_route=\/wp\/v2\/posts\/3385\/revisions"}],"predecessor-version":[{"id":3771,"href":"https:\/\/lanuitdesours.lautre.net\/index.php?rest_route=\/wp\/v2\/posts\/3385\/revisions\/3771"}],"wp:featuredmedia":[{"embeddable":true,"href":"https:\/\/lanuitdesours.lautre.net\/index.php?rest_route=\/wp\/v2\/media\/733"}],"wp:attachment":[{"href":"https:\/\/lanuitdesours.lautre.net\/index.php?rest_route=%2Fwp%2Fv2%2Fmedia&parent=3385"}],"wp:term":[{"taxonomy":"category","embeddable":true,"href":"https:\/\/lanuitdesours.lautre.net\/index.php?rest_route=%2Fwp%2Fv2%2Fcategories&post=3385"},{"taxonomy":"post_tag","embeddable":true,"href":"https:\/\/lanuitdesours.lautre.net\/index.php?rest_route=%2Fwp%2Fv2%2Ftags&post=3385"}],"curies":[{"name":"wp","href":"https:\/\/api.w.org\/{rel}","templated":true}]}}