{"id":2105,"date":"2023-07-02T15:00:04","date_gmt":"2023-07-02T13:00:04","guid":{"rendered":"https:\/\/nuit-des-ours.com\/?p=2105"},"modified":"2024-07-30T14:44:41","modified_gmt":"2024-07-30T12:44:41","slug":"tournee-des-bistrots","status":"publish","type":"post","link":"https:\/\/lanuitdesours.lautre.net\/?p=2105","title":{"rendered":"Tourn\u00e9e des Bistrots"},"content":{"rendered":"\n<h2 class=\"wp-block-heading\">La Tourn\u00e9e des Bistrots<\/h2>\n\n\n\n<p class=\"wp-block-paragraph\">Rendez-vous l\u2019apr\u00e8s-midi, \u00e0 l\u2019ap\u00e9ro ou le soir pour <strong>LA TOURN\u00c9E DES BISTROTS<\/strong>, des concerts <strong>gratuits<\/strong> (hors consommations) organis\u00e9s en partenariat avec les buvettes, bistrots et restaurants de toute la vall\u00e9e, de Servoz (France) \u00e0 Trient (Suisse).<\/p>\n\n\n\n<h5 class=\"wp-block-heading\">Programme de la TOURN\u00c9E DES BISTROTS :<\/h5>\n\n\n\n<h3 class=\"wp-block-heading\"><a href=\"https:\/\/ktipietok-orkestar.jimdofree.com\/\" target=\"_blank\" rel=\"noreferrer noopener\">KTIPIETOK ORKESTAR <\/a><br><strong>que la f\u00eate commence<\/strong><\/h3>\n\n\n\n<p class=\"wp-block-paragraph\"><strong>Fanfare de 20 musicien(ne)s<\/strong><br>Les Cuivres, les percussions, les bois et l\u2019accord\u00e9on se m\u00ealent avec go\u00fbt pour vous interpr\u00e9ter des Rumbas d\u2019Europe de l\u2019Est, des Valses de tous les Continents, des Cumbias d\u2019Am\u00e9rique Latine, et des compositions originales. Ce sont tout autant le plaisir de faire de la musique et le bonheur simple d\u2019\u00eatre ensemble qui donnent au Ktipietok Orkestar cette \u00e9nergie contagieuse, ne laissant jamais son auditoire de marbre. Le spectateur devient danseur &#8230; La f\u00eate peut commencer.<\/p>\n\n\n\n<ul class=\"wp-block-list\">\n<li><mark style=\"background-color:rgba(0, 0, 0, 0)\" class=\"has-inline-color has-accent-1-color\">MARDI 1ER AO\u00dbT \u00c0 15H<\/mark> \u00e0 <strong>l\u2019H\u00f4tel Mont Fleuri <\/strong>de Finhaut<strong> <\/strong>(Suisse)<\/li>\n\n\n\n<li><mark style=\"background-color:rgba(0, 0, 0, 0)\" class=\"has-inline-color has-accent-1-color\">MARDI 1ER AO\u00dbT \u00c0 PARTIR DE 18H<\/mark> au <strong>March\u00e9 <\/strong>puis <strong>Chez Guy <\/strong>\u00e0 Vallorcine<\/li>\n<\/ul>\n\n\n\n<h3 class=\"wp-block-heading\"><a href=\"https:\/\/www.christian-paccoud.com\/paccoud-sister-system\/\" target=\"_blank\" rel=\"noreferrer noopener\">PACCOUD ET LE SISTER SYSTEM<\/a> <br><strong>une symphonie de trottoir<\/strong><\/h3>\n\n\n\n<p class=\"wp-block-paragraph\">Il\/elles arpentent la France de long en large, les th\u00e9\u00e2tres, les bistrots, la rue, passe et repasse sur de petites et grandes sc\u00e8nes, naviguant avec spontan\u00e9it\u00e9 entre le jeu d\u2019acteur et la complexit\u00e9 des arrangements vocaux, faisant r\u00e9sonner le chant, sans filet, dans des dramaturgies vocales \u00e9tonnantes et portant chaque mot comme on porte un bouquet de fleurs.<\/p>\n\n\n\n<ul class=\"wp-block-list\">\n<li><mark style=\"background-color:rgba(0, 0, 0, 0)\" class=\"has-inline-color has-accent-1-color\">MARDI 1ER \u00c0 18H<\/mark> au <strong><a href=\"https:\/\/www.instagram.com\/mumma_shack\/?hl=fr\" target=\"_blank\" rel=\"noreferrer noopener\">Shack<\/a> <\/strong>de Chamonix<\/li>\n\n\n\n<li><mark style=\"background-color:rgba(0, 0, 0, 0)\" class=\"has-inline-color has-accent-1-color\">MERCREDI 2 \u00c0 17H<\/mark> \u00e0 <strong><a href=\"https:\/\/m.facebook.com\/yourtetrient\/\" target=\"_blank\" rel=\"noreferrer noopener\">La Yourte des Amis<\/a><\/strong> \u00e0 Trient (Suisse)<\/li>\n<\/ul>\n\n\n\n<h3 class=\"wp-block-heading\"><a href=\"https:\/\/la-meute.net\/\" target=\"_blank\" rel=\"noreferrer noopener\">LA MEUTE <\/a><br><strong>po\u00e9sie sauvage<\/strong><\/h3>\n\n\n\n<p class=\"wp-block-paragraph\"><strong>Avec Roxane Perrin voix, Margaux Seon accord\u00e9on, Ma\u00eblle Bourry contrebasse, Florie Perroud batterie<\/strong> <br>La meute a le go\u00fbt des mots bruts, directs, incisifs.<br>La meute scande, slame, chante, crie, chuchote.<\/p>\n\n\n\n<ul class=\"wp-block-list\">\n<li><mark style=\"background-color:rgba(0, 0, 0, 0)\" class=\"has-inline-color has-accent-1-color\">MARDI 1ER \u00c0 21H30<\/mark> \u00e0 <strong><a href=\"https:\/\/www.instagram.com\/hi.chamonix\/\" target=\"_blank\" rel=\"noreferrer noopener\">l\u2019Auberge de jeunesse<\/a> <\/strong>\u00e0 Chamonix<\/li>\n\n\n\n<li><mark style=\"background-color:rgba(0, 0, 0, 0)\" class=\"has-inline-color has-accent-1-color\">MERCREDI 2 (heure \u00e0 confirmer)<\/mark> au <strong><a href=\"https:\/\/www.rolandchamonix.com\/\" target=\"_blank\" rel=\"noreferrer noopener\">Roland<\/a> <\/strong>de Chamonix<\/li>\n<\/ul>\n\n\n\n<h3 class=\"wp-block-heading\"><a href=\"https:\/\/m.soundcloud.com\/user-216109293\/sets\/pletzl-bandit\" target=\"_blank\" rel=\"noreferrer noopener\">PLETZL BANDIT <\/a><br><strong>musique klezmer for ever<\/strong><\/h3>\n\n\n\n<p class=\"wp-block-paragraph\"><strong>Avec Charles Rappoport violon, Samuel Maquin clarinette, Gheorghe Ciumasu accord\u00e9on et Henry Kisiel contrebasse<\/strong><br>En yiddish le Pletzl d\u00e9signe la petite place du village dans les bourgs juifs d\u2019Europe de l\u2019Est. Dans le sens commun en yiddish Bandit : d\u00e9signe quelqu\u2019un d\u2019astucieux, de malin, de s\u00e9duisant, bref comme diraient nos anciens, un \u00ab bon petit diable \u00bb. A l\u2019image des quatre musiciens de Pletzl Bandit, la musique Klezmer nous fait voyager aux sons de danses et de m\u00e9lodies tant\u00f4t gaies, tant\u00f4t nostalgiques.<\/p>\n\n\n\n<ul class=\"wp-block-list\">\n<li><mark style=\"background-color:rgba(0, 0, 0, 0)\" class=\"has-inline-color has-accent-1-color\">MERCREDI 2 \u00c0 18H<\/mark> au <strong><a href=\"https:\/\/www.instagram.com\/mumma_shack\/?hl=fr\" target=\"_blank\" rel=\"noreferrer noopener\">Shack<\/a> <\/strong>de Chamonix<\/li>\n\n\n\n<li><mark style=\"background-color:rgba(0, 0, 0, 0)\" class=\"has-inline-color has-accent-1-color\">JEUDI 3 \u00c0 18H<\/mark> \u00e0 <strong><a href=\"https:\/\/m.facebook.com\/profile.php?id=100076148136127\" target=\"_blank\" rel=\"noreferrer noopener\">The Office<\/a> <\/strong>\u00e0 Argenti\u00e8re<\/li>\n\n\n\n<li><mark style=\"background-color:rgba(0, 0, 0, 0)\" class=\"has-inline-color has-accent-1-color\">VENDREDI 4 \u00c0 21H30<\/mark> \u00e0 <strong><a href=\"https:\/\/www.instagram.com\/hi.chamonix\/\" target=\"_blank\" rel=\"noreferrer noopener\">l\u2019Auberge de jeunesse<\/a> <\/strong>de Chamonix<\/li>\n\n\n\n<li><mark style=\"background-color:rgba(0, 0, 0, 0)\" class=\"has-inline-color has-accent-1-color\">SAMEDI 5<\/mark> au <strong><a href=\"https:\/\/nuit-des-ours.com\/2023\/bivouac-des-ours\/\" target=\"_blank\" rel=\"noreferrer noopener\">Bivouac des Ours<\/a><\/strong><\/li>\n\n\n\n<li><mark style=\"background-color:rgba(0, 0, 0, 0)\" class=\"has-inline-color has-accent-1-color\">DIMANCHE 6 \u00c0 20H<\/mark> \u00e0 <strong><a href=\"https:\/\/m.facebook.com\/p\/H%C3%B4tel-Bar-Restaurant-du-Buet-100063673954808\/\" target=\"_blank\" rel=\"noreferrer noopener\">l\u2019H\u00f4tel du Buet<\/a> <\/strong><mark style=\"background-color:rgba(0, 0, 0, 0)\" class=\"has-inline-color has-accent-2-color\">(d\u00eener-cabaret 25\u20ac<\/mark> <mark style=\"background-color:rgba(0, 0, 0, 0)\" class=\"has-inline-color has-accent-2-color\">sur r\u00e9servation au 04 50 54 60 05)<\/mark><\/li>\n<\/ul>\n\n\n\n<h3 class=\"wp-block-heading\"><a href=\"https:\/\/www.instagram.com\/triptyque.groov\/\" target=\"_blank\" rel=\"noreferrer noopener\">TRIPTYQUE<\/a> <br><strong>un trio de jazz comme on n\u2019en fait plus<\/strong><\/h3>\n\n\n\n<p class=\"wp-block-paragraph\"><strong>Avec Jochen Pirling orgue Hammond, S\u00e9bastien Albertone batterie, Morgane Boucherit voix <\/strong><br>Pendant une nouvelle \u00ab r\u00e9sidence \u00bb \u00e0 Vallorcine le trio cherche, compose, \u00e9crit, harmonise.<br>Le r\u00e9sultat est \u00e9norme et en avant-premi\u00e8re pour LA TOURN\u00c9E DES BISTROTS.<br>@triptyque.groove<\/p>\n\n\n\n<ul class=\"wp-block-list\">\n<li><mark style=\"background-color:rgba(0, 0, 0, 0)\" class=\"has-inline-color has-accent-1-color\">MERCREDI 2 \u00c0 18H<\/mark> \u00e0 <strong><a href=\"https:\/\/la-petite-diligence-restaurant-vallorcine.eatbu.com\/?lang=fr\" target=\"_blank\" rel=\"noreferrer noopener\">La Petite Diligence<\/a> <\/strong>de Vallorcine<\/li>\n\n\n\n<li><mark style=\"background-color:rgba(0, 0, 0, 0)\" class=\"has-inline-color has-accent-1-color\">JEUDI 3 \u00c0 18H<\/mark> au <strong><a href=\"https:\/\/www.instagram.com\/mumma_shack\/?hl=fr\" target=\"_blank\" rel=\"noreferrer noopener\">Shack<\/a> <\/strong>de Chamonix<\/li>\n\n\n\n<li><mark style=\"background-color:rgba(0, 0, 0, 0)\" class=\"has-inline-color has-accent-1-color\">VENDREDI 4 \u00c0 12H<\/mark> au <strong><a href=\"https:\/\/m.facebook.com\/coldelaforclaz\/\" target=\"_blank\" rel=\"noreferrer noopener\">Restaurant de Col de la Forclaz<\/a> <\/strong>(Suisse)<\/li>\n\n\n\n<li><mark style=\"background-color:rgba(0, 0, 0, 0)\" class=\"has-inline-color has-accent-1-color\">SAMEDI 5 \u00e0 18H<\/mark> \u00e0 <strong><a href=\"https:\/\/m.facebook.com\/profile.php?id=100076148136127\" target=\"_blank\" rel=\"noreferrer noopener\">The Office<\/a> <\/strong>d\u2019Argenti\u00e8re<\/li>\n<\/ul>\n\n\n\n<h3 class=\"wp-block-heading\"><a href=\"https:\/\/m.youtube.com\/watch?v=4r2pmDbn5RQ\" target=\"_blank\" rel=\"noreferrer noopener\">JUSTINE ET RIKI <\/a><br><strong>la chanson de Paname<\/strong><\/h3>\n\n\n\n<p class=\"wp-block-paragraph\"><strong>Avec Justine J\u00e9r\u00e9mie chant et accord\u00e9on et Riki de la Butte aux Cailles gouaille<\/strong><br>Ils viennent d\u2019un quartier encore un peu populaire de Paris, La Butte aux Cailles. Des petites rues aux murs color\u00e9s de tags qui racontent l\u2019histoire des gens&#8230; des petits Caf\u00e9s&#8230; des terrasses. Au milieu on les trouve souvent. Justine J\u00e9r\u00e9mie et son Accord\u00e9on distillent d\u2019une voix claire des histoires m\u00e9lancoliques et joyeuses . Elle brille comme un soleil \u00e0 cot\u00e9 du gouailleur Riki de la Butte et son monde de po\u00e9sie, de chansons et de paroles r\u00e9volutionnaires.<\/p>\n\n\n\n<ul class=\"wp-block-list\">\n<li><mark style=\"background-color:rgba(0, 0, 0, 0)\" class=\"has-inline-color has-accent-1-color\">VENDREDI 4 \u00c0 18H<\/mark> \u00e0 <strong><a href=\"https:\/\/m.facebook.com\/profile.php?id=100063867518373\" target=\"_blank\" rel=\"noreferrer noopener\">La Maison du Lieutenant<\/a> <\/strong>de Servoz<\/li>\n\n\n\n<li><mark style=\"background-color:rgba(0, 0, 0, 0)\" class=\"has-inline-color has-accent-1-color\">SAMEDI 5 \u00c0 13H<\/mark> \u00e0 <strong><a href=\"https:\/\/buvetteduglaciertrient.ch\/\" target=\"_blank\" rel=\"noreferrer noopener\">La buvette du glacier du Trient<\/a> <\/strong>(Suisse)<\/li>\n\n\n\n<li><mark style=\"background-color:rgba(0, 0, 0, 0)\" class=\"has-inline-color has-accent-1-color\">DIMANCHE 6 \u00c0 18H<\/mark> au <strong><a href=\"https:\/\/www.instagram.com\/mumma_shack\/?hl=fr\" target=\"_blank\" rel=\"noreferrer noopener\">Shack<\/a> <\/strong>de Chamonix<\/li>\n\n\n\n<li><mark style=\"background-color:rgba(0, 0, 0, 0)\" class=\"has-inline-color has-accent-1-color\">LUNDI 7 \u00c0 18H30<\/mark> \u00e0 <strong>La Buvette de La Poya <\/strong>de Vallorcine (accueil de <a href=\"https:\/\/nuit-des-ours.com\/2023\/deux-nuits-des-ours-2023\/\" target=\"_blank\" rel=\"noreferrer noopener\"><strong>LA NUIT DES OUR<\/strong>S<\/a>)<\/li>\n\n\n\n<li><mark style=\"background-color:rgba(0, 0, 0, 0)\" class=\"has-inline-color has-accent-1-color\">MARDI 8 \u00c0 20H30<\/mark> au <strong><a href=\"https:\/\/www.lecafecomptoir.com\/\" target=\"_blank\" rel=\"noreferrer noopener\">Caf\u00e9-comptoir<\/a> <\/strong>de Vallorcine <mark style=\"background-color:rgba(0, 0, 0, 0)\" class=\"has-inline-color has-accent-2-color\"><mark style=\"background-color:rgba(0, 0, 0, 0)\" class=\"has-inline-color has-accent-2-color\">(d\u00eener-cabaret 28\u20ac<\/mark><\/mark> <mark style=\"background-color:rgba(0, 0, 0, 0)\" class=\"has-inline-color has-accent-2-color\"><mark style=\"background-color:rgba(0, 0, 0, 0)\" class=\"has-inline-color has-accent-2-color\">sur r\u00e9servation <\/mark>au 04 50 18 72 43)<\/mark><\/li>\n<\/ul>\n\n\n\n<h3 class=\"wp-block-heading\"><a href=\"https:\/\/www.contrebrassens.com\/\" target=\"_blank\" rel=\"noreferrer noopener\">CONTREBRASSENS<\/a><br>digressions musicales et surprises sonores autour de Georges<\/h3>\n\n\n\n<p class=\"wp-block-paragraph\"><strong>Avec Pauline Dupuy chant et contrebasse, Michael Wookey autres instruments<\/strong><br>Pauline Dupuy nous fait red\u00e9couvrir Brassens sous un \u00e9clairage neuf. R\u00e9v\u00e9lant la saveur musicale de ses m\u00e9lodies et la profondeur de ses textes, elle nous prom\u00e8ne dans des histoires, choisies autour de la femme&#8230; Apr\u00e8s avoir roul\u00e9 sa bosse seule avec sa contrebasse, la chanteuse s\u2019entoure \u00e0 pr\u00e9sent de complices invit\u00e9s \u00e0 se serrer avec elle tout contre Brassens. L\u2019univers fantasque et surprenant de Michael Wookey se marie avec merveille et justesse \u00e0 la douceur et la sobri\u00e9t\u00e9 de la contrebassiste.<\/p>\n\n\n\n<ul class=\"wp-block-list\">\n<li><mark style=\"background-color:rgba(0, 0, 0, 0)\" class=\"has-inline-color has-accent-1-color\">SAMEDI 5 \u00c0 18H<\/mark> \u00e0 <strong><a href=\"https:\/\/m.facebook.com\/profile.php?id=100063867518373\" target=\"_blank\" rel=\"noreferrer noopener\">La Maison du Lieutenant<\/a> <\/strong>\u00e0 Servoz<\/li>\n<\/ul>\n\n\n\n<h3 class=\"wp-block-heading\"><a href=\"https:\/\/lamaggese.fr\/index.php\/kantaliso-canti-damore-e-di-passione-dellitalia-populare\/\" target=\"_blank\" rel=\"noreferrer noopener\">KANTALISO<\/a> <br><strong>l\u2019\u00e2me de la chanson populaire italienne<\/strong><\/h3>\n\n\n\n<p class=\"wp-block-paragraph\"><strong>Avec Margherita Trefoloni chant et guitare, Samuel Zucca accord\u00e9on et Guillaume Fontanarosa violon <\/strong><br>C\u2019est dans ce m\u00e9lange d\u2019Italie actuelle et lointaine, d\u2019Italie pr\u00e9sente et fantasm\u00e9e, d\u2019Italie imaginaire et r\u00eav\u00e9e que les chants de KANTALISO prennent forme. Ils racontent principalement l\u2019amour, l\u2019amor che move il sole e l\u2019altre stelle , en partant des chants de tradition orale, suivant les traces des grands interpr\u00e8tes. <\/p>\n\n\n\n<ul class=\"wp-block-list\">\n<li><mark style=\"background-color:rgba(0, 0, 0, 0)\" class=\"has-inline-color has-accent-1-color\">VENDREDI 4 \u00c0 16H<\/mark> au <strong>Jardin de l\u2019EHPAD H\u00e9l\u00e8ne Couttet <\/strong>de Chamonix<\/li>\n\n\n\n<li><mark style=\"background-color:rgba(0, 0, 0, 0)\" class=\"has-inline-color has-accent-1-color\">SAMEDI 5 \u00c0 18H<\/mark> au <strong><a href=\"https:\/\/www.instagram.com\/mumma_shack\/?hl=fr\" target=\"_blank\" rel=\"noreferrer noopener\">Shack<\/a> <\/strong>de Chamonix<\/li>\n\n\n\n<li><mark style=\"background-color:rgba(0, 0, 0, 0)\" class=\"has-inline-color has-accent-1-color\">DIMANCHE 6 \u00c0 21H30<\/mark> \u00e0 <strong><a href=\"https:\/\/www.instagram.com\/hi.chamonix\/\" target=\"_blank\" rel=\"noreferrer noopener\">l\u2019Auberge de Jeunesse<\/a> <\/strong>de Chamonix<\/li>\n\n\n\n<li><mark style=\"background-color:rgba(0, 0, 0, 0)\" class=\"has-inline-color has-accent-1-color\">MARDI 8 \u00c0 18H30 <\/mark>au <strong><a href=\"https:\/\/www.lecafecomptoir.com\/\" target=\"_blank\" rel=\"noreferrer noopener\">Caf\u00e9 Comptoir <\/a><\/strong>de Vallorcine <mark style=\"background-color:rgba(0, 0, 0, 0)\" class=\"has-inline-color has-accent-2-color\">(d\u00eener-cabaret 28\u20ac<\/mark> <mark style=\"background-color:rgba(0, 0, 0, 0)\" class=\"has-inline-color has-accent-2-color\">sur r\u00e9servation au 04 50 18 72 43)<\/mark><\/li>\n<\/ul>\n","protected":false},"excerpt":{"rendered":"<p>DU 1er AU 8 AO\u00dbT. LA TOURN\u00c9E DES BISTROTS, des concerts gratuits organis\u00e9s en partenariat avec les buvettes, bistrots et restaurants de toute la vall\u00e9e, de Servoz (France) \u00e0 Trient (Suisse). <\/p>\n","protected":false},"author":1,"featured_media":371,"comment_status":"closed","ping_status":"closed","sticky":false,"template":"","format":"standard","meta":{"footnotes":""},"categories":[33],"tags":[],"class_list":["post-2105","post","type-post","status-publish","format-standard","has-post-thumbnail","hentry","category-edition-2023"],"yoast_head":"<!-- This site is optimized with the Yoast SEO plugin v28.3 - https:\/\/yoast.com\/product\/yoast-seo-wordpress\/ -->\n<title>Tourn\u00e9e des Bistrots - La Nuit des Ours Edition 2023<\/title>\n<meta name=\"description\" content=\"LA TOURN\u00c9E DES BISTROTS 2023, 1er AU 8 AO\u00dbT. Des concerts gratuits organis\u00e9s dans les buvettes, bistrots et restaurants de toute la vall\u00e9e.\" \/>\n<meta name=\"robots\" content=\"index, follow, max-snippet:-1, max-image-preview:large, max-video-preview:-1\" \/>\n<link rel=\"canonical\" href=\"https:\/\/lanuitdesours.lautre.net\/?p=2105\" \/>\n<meta property=\"og:locale\" content=\"fr_FR\" \/>\n<meta property=\"og:type\" content=\"article\" \/>\n<meta property=\"og:title\" content=\"Tourn\u00e9e des Bistrots - La Nuit des Ours Edition 2023\" \/>\n<meta property=\"og:description\" content=\"LA TOURN\u00c9E DES BISTROTS 2023, 1er AU 8 AO\u00dbT. Des concerts gratuits organis\u00e9s dans les buvettes, bistrots et restaurants de toute la vall\u00e9e.\" \/>\n<meta property=\"og:url\" content=\"https:\/\/lanuitdesours.lautre.net\/?p=2105\" \/>\n<meta property=\"og:site_name\" content=\"La Nuit des Ours\" \/>\n<meta property=\"article:publisher\" content=\"https:\/\/www.facebook.com\/lanuitdesours\/\" \/>\n<meta property=\"article:published_time\" content=\"2023-07-02T13:00:04+00:00\" \/>\n<meta property=\"article:modified_time\" content=\"2024-07-30T12:44:41+00:00\" \/>\n<meta property=\"og:image\" content=\"https:\/\/lanuitdesours.lautre.net\/wp-content\/uploads\/2022\/07\/Cascade_11juin_CorentinLeray@cocolecoco-6-scaled.jpg\" \/>\n\t<meta property=\"og:image:width\" content=\"2560\" \/>\n\t<meta property=\"og:image:height\" content=\"1702\" \/>\n\t<meta property=\"og:image:type\" content=\"image\/jpeg\" \/>\n<meta name=\"author\" content=\"Cr\u00e9er c&#039;est R\u00e9sister\" \/>\n<meta name=\"twitter:card\" content=\"summary_large_image\" \/>\n<meta name=\"twitter:label1\" content=\"\u00c9crit par\" \/>\n\t<meta name=\"twitter:data1\" content=\"Cr\u00e9er c&#039;est R\u00e9sister\" \/>\n\t<meta name=\"twitter:label2\" content=\"Dur\u00e9e de lecture estim\u00e9e\" \/>\n\t<meta name=\"twitter:data2\" content=\"5 minutes\" \/>\n<script type=\"application\/ld+json\" class=\"yoast-schema-graph\">{\"@context\":\"https:\\\/\\\/schema.org\",\"@graph\":[{\"@type\":\"Article\",\"@id\":\"https:\\\/\\\/lanuitdesours.lautre.net\\\/?p=2105#article\",\"isPartOf\":{\"@id\":\"https:\\\/\\\/lanuitdesours.lautre.net\\\/?p=2105\"},\"author\":{\"name\":\"Cr\u00e9er c'est R\u00e9sister\",\"@id\":\"https:\\\/\\\/lanuitdesours.lautre.net\\\/#\\\/schema\\\/person\\\/1f4500f2f631d9916d6b39f1c0ba934c\"},\"headline\":\"Tourn\u00e9e des Bistrots\",\"datePublished\":\"2023-07-02T13:00:04+00:00\",\"dateModified\":\"2024-07-30T12:44:41+00:00\",\"mainEntityOfPage\":{\"@id\":\"https:\\\/\\\/lanuitdesours.lautre.net\\\/?p=2105\"},\"wordCount\":937,\"publisher\":{\"@id\":\"https:\\\/\\\/lanuitdesours.lautre.net\\\/#organization\"},\"image\":{\"@id\":\"https:\\\/\\\/lanuitdesours.lautre.net\\\/?p=2105#primaryimage\"},\"thumbnailUrl\":\"https:\\\/\\\/lanuitdesours.lautre.net\\\/wp-content\\\/uploads\\\/2022\\\/07\\\/Cascade_11juin_CorentinLeray@cocolecoco-6-scaled.jpg\",\"articleSection\":[\"Edition 2023\"],\"inLanguage\":\"fr-FR\"},{\"@type\":\"WebPage\",\"@id\":\"https:\\\/\\\/lanuitdesours.lautre.net\\\/?p=2105\",\"url\":\"https:\\\/\\\/lanuitdesours.lautre.net\\\/?p=2105\",\"name\":\"Tourn\u00e9e des Bistrots - La Nuit des Ours Edition 2023\",\"isPartOf\":{\"@id\":\"https:\\\/\\\/lanuitdesours.lautre.net\\\/#website\"},\"primaryImageOfPage\":{\"@id\":\"https:\\\/\\\/lanuitdesours.lautre.net\\\/?p=2105#primaryimage\"},\"image\":{\"@id\":\"https:\\\/\\\/lanuitdesours.lautre.net\\\/?p=2105#primaryimage\"},\"thumbnailUrl\":\"https:\\\/\\\/lanuitdesours.lautre.net\\\/wp-content\\\/uploads\\\/2022\\\/07\\\/Cascade_11juin_CorentinLeray@cocolecoco-6-scaled.jpg\",\"datePublished\":\"2023-07-02T13:00:04+00:00\",\"dateModified\":\"2024-07-30T12:44:41+00:00\",\"description\":\"LA TOURN\u00c9E DES BISTROTS 2023, 1er AU 8 AO\u00dbT. Des concerts gratuits organis\u00e9s dans les buvettes, bistrots et restaurants de toute la vall\u00e9e.\",\"breadcrumb\":{\"@id\":\"https:\\\/\\\/lanuitdesours.lautre.net\\\/?p=2105#breadcrumb\"},\"inLanguage\":\"fr-FR\",\"potentialAction\":[{\"@type\":\"ReadAction\",\"target\":[\"https:\\\/\\\/lanuitdesours.lautre.net\\\/?p=2105\"]}]},{\"@type\":\"ImageObject\",\"inLanguage\":\"fr-FR\",\"@id\":\"https:\\\/\\\/lanuitdesours.lautre.net\\\/?p=2105#primaryimage\",\"url\":\"https:\\\/\\\/lanuitdesours.lautre.net\\\/wp-content\\\/uploads\\\/2022\\\/07\\\/Cascade_11juin_CorentinLeray@cocolecoco-6-scaled.jpg\",\"contentUrl\":\"https:\\\/\\\/lanuitdesours.lautre.net\\\/wp-content\\\/uploads\\\/2022\\\/07\\\/Cascade_11juin_CorentinLeray@cocolecoco-6-scaled.jpg\",\"width\":2560,\"height\":1702,\"caption\":\"\u24b8 Corentin Leray @cocolecoco\"},{\"@type\":\"BreadcrumbList\",\"@id\":\"https:\\\/\\\/lanuitdesours.lautre.net\\\/?p=2105#breadcrumb\",\"itemListElement\":[{\"@type\":\"ListItem\",\"position\":1,\"name\":\"Accueil\",\"item\":\"https:\\\/\\\/lanuitdesours.lautre.net\\\/\"},{\"@type\":\"ListItem\",\"position\":2,\"name\":\"Tourn\u00e9e des Bistrots\"}]},{\"@type\":\"WebSite\",\"@id\":\"https:\\\/\\\/lanuitdesours.lautre.net\\\/#website\",\"url\":\"https:\\\/\\\/lanuitdesours.lautre.net\\\/\",\"name\":\"La Nuit des Ours\",\"description\":\"CR\u00c9ER C&#039;EST R\u00c9SISTER | R\u00c9SISTER C&#039;EST CR\u00c9ER\",\"publisher\":{\"@id\":\"https:\\\/\\\/lanuitdesours.lautre.net\\\/#organization\"},\"potentialAction\":[{\"@type\":\"SearchAction\",\"target\":{\"@type\":\"EntryPoint\",\"urlTemplate\":\"https:\\\/\\\/lanuitdesours.lautre.net\\\/?s={search_term_string}\"},\"query-input\":{\"@type\":\"PropertyValueSpecification\",\"valueRequired\":true,\"valueName\":\"search_term_string\"}}],\"inLanguage\":\"fr-FR\"},{\"@type\":\"Organization\",\"@id\":\"https:\\\/\\\/lanuitdesours.lautre.net\\\/#organization\",\"name\":\"Association LA NUIT DES OURS\",\"url\":\"https:\\\/\\\/lanuitdesours.lautre.net\\\/\",\"logo\":{\"@type\":\"ImageObject\",\"inLanguage\":\"fr-FR\",\"@id\":\"https:\\\/\\\/lanuitdesours.lautre.net\\\/#\\\/schema\\\/logo\\\/image\\\/\",\"url\":\"https:\\\/\\\/nuit-des-ours.com\\\/wp-content\\\/uploads\\\/2022\\\/07\\\/cropped-NDO_logo-noir_jaune.jpg\",\"contentUrl\":\"https:\\\/\\\/nuit-des-ours.com\\\/wp-content\\\/uploads\\\/2022\\\/07\\\/cropped-NDO_logo-noir_jaune.jpg\",\"width\":512,\"height\":512,\"caption\":\"Association LA NUIT DES OURS\"},\"image\":{\"@id\":\"https:\\\/\\\/lanuitdesours.lautre.net\\\/#\\\/schema\\\/logo\\\/image\\\/\"},\"sameAs\":[\"https:\\\/\\\/www.facebook.com\\\/lanuitdesours\\\/\",\"https:\\\/\\\/www.instagram.com\\\/lanuitdesours\\\/\"]},{\"@type\":\"Person\",\"@id\":\"https:\\\/\\\/lanuitdesours.lautre.net\\\/#\\\/schema\\\/person\\\/1f4500f2f631d9916d6b39f1c0ba934c\",\"name\":\"Cr\u00e9er c'est R\u00e9sister\",\"image\":{\"@type\":\"ImageObject\",\"inLanguage\":\"fr-FR\",\"@id\":\"https:\\\/\\\/secure.gravatar.com\\\/avatar\\\/08f4e38908e105d843bc2bab0e7af2243257415b61b5fe99e955c21a5f61fc2b?s=96&d=mm&r=g\",\"url\":\"https:\\\/\\\/secure.gravatar.com\\\/avatar\\\/08f4e38908e105d843bc2bab0e7af2243257415b61b5fe99e955c21a5f61fc2b?s=96&d=mm&r=g\",\"contentUrl\":\"https:\\\/\\\/secure.gravatar.com\\\/avatar\\\/08f4e38908e105d843bc2bab0e7af2243257415b61b5fe99e955c21a5f61fc2b?s=96&d=mm&r=g\",\"caption\":\"Cr\u00e9er c'est R\u00e9sister\"},\"sameAs\":[\"http:\\\/\\\/www.lanuitdesours.lautre.net\"],\"url\":\"https:\\\/\\\/lanuitdesours.lautre.net\\\/?author=1\"}]}<\/script>\n<!-- \/ Yoast SEO plugin. -->","yoast_head_json":{"title":"Tourn\u00e9e des Bistrots - La Nuit des Ours Edition 2023","description":"LA TOURN\u00c9E DES BISTROTS 2023, 1er AU 8 AO\u00dbT. Des concerts gratuits organis\u00e9s dans les buvettes, bistrots et restaurants de toute la vall\u00e9e.","robots":{"index":"index","follow":"follow","max-snippet":"max-snippet:-1","max-image-preview":"max-image-preview:large","max-video-preview":"max-video-preview:-1"},"canonical":"https:\/\/lanuitdesours.lautre.net\/?p=2105","og_locale":"fr_FR","og_type":"article","og_title":"Tourn\u00e9e des Bistrots - La Nuit des Ours Edition 2023","og_description":"LA TOURN\u00c9E DES BISTROTS 2023, 1er AU 8 AO\u00dbT. Des concerts gratuits organis\u00e9s dans les buvettes, bistrots et restaurants de toute la vall\u00e9e.","og_url":"https:\/\/lanuitdesours.lautre.net\/?p=2105","og_site_name":"La Nuit des Ours","article_publisher":"https:\/\/www.facebook.com\/lanuitdesours\/","article_published_time":"2023-07-02T13:00:04+00:00","article_modified_time":"2024-07-30T12:44:41+00:00","og_image":[{"width":2560,"height":1702,"url":"https:\/\/lanuitdesours.lautre.net\/wp-content\/uploads\/2022\/07\/Cascade_11juin_CorentinLeray@cocolecoco-6-scaled.jpg","type":"image\/jpeg"}],"author":"Cr\u00e9er c'est R\u00e9sister","twitter_card":"summary_large_image","twitter_misc":{"\u00c9crit par":"Cr\u00e9er c'est R\u00e9sister","Dur\u00e9e de lecture estim\u00e9e":"5 minutes"},"schema":{"@context":"https:\/\/schema.org","@graph":[{"@type":"Article","@id":"https:\/\/lanuitdesours.lautre.net\/?p=2105#article","isPartOf":{"@id":"https:\/\/lanuitdesours.lautre.net\/?p=2105"},"author":{"name":"Cr\u00e9er c'est R\u00e9sister","@id":"https:\/\/lanuitdesours.lautre.net\/#\/schema\/person\/1f4500f2f631d9916d6b39f1c0ba934c"},"headline":"Tourn\u00e9e des Bistrots","datePublished":"2023-07-02T13:00:04+00:00","dateModified":"2024-07-30T12:44:41+00:00","mainEntityOfPage":{"@id":"https:\/\/lanuitdesours.lautre.net\/?p=2105"},"wordCount":937,"publisher":{"@id":"https:\/\/lanuitdesours.lautre.net\/#organization"},"image":{"@id":"https:\/\/lanuitdesours.lautre.net\/?p=2105#primaryimage"},"thumbnailUrl":"https:\/\/lanuitdesours.lautre.net\/wp-content\/uploads\/2022\/07\/Cascade_11juin_CorentinLeray@cocolecoco-6-scaled.jpg","articleSection":["Edition 2023"],"inLanguage":"fr-FR"},{"@type":"WebPage","@id":"https:\/\/lanuitdesours.lautre.net\/?p=2105","url":"https:\/\/lanuitdesours.lautre.net\/?p=2105","name":"Tourn\u00e9e des Bistrots - La Nuit des Ours Edition 2023","isPartOf":{"@id":"https:\/\/lanuitdesours.lautre.net\/#website"},"primaryImageOfPage":{"@id":"https:\/\/lanuitdesours.lautre.net\/?p=2105#primaryimage"},"image":{"@id":"https:\/\/lanuitdesours.lautre.net\/?p=2105#primaryimage"},"thumbnailUrl":"https:\/\/lanuitdesours.lautre.net\/wp-content\/uploads\/2022\/07\/Cascade_11juin_CorentinLeray@cocolecoco-6-scaled.jpg","datePublished":"2023-07-02T13:00:04+00:00","dateModified":"2024-07-30T12:44:41+00:00","description":"LA TOURN\u00c9E DES BISTROTS 2023, 1er AU 8 AO\u00dbT. Des concerts gratuits organis\u00e9s dans les buvettes, bistrots et restaurants de toute la vall\u00e9e.","breadcrumb":{"@id":"https:\/\/lanuitdesours.lautre.net\/?p=2105#breadcrumb"},"inLanguage":"fr-FR","potentialAction":[{"@type":"ReadAction","target":["https:\/\/lanuitdesours.lautre.net\/?p=2105"]}]},{"@type":"ImageObject","inLanguage":"fr-FR","@id":"https:\/\/lanuitdesours.lautre.net\/?p=2105#primaryimage","url":"https:\/\/lanuitdesours.lautre.net\/wp-content\/uploads\/2022\/07\/Cascade_11juin_CorentinLeray@cocolecoco-6-scaled.jpg","contentUrl":"https:\/\/lanuitdesours.lautre.net\/wp-content\/uploads\/2022\/07\/Cascade_11juin_CorentinLeray@cocolecoco-6-scaled.jpg","width":2560,"height":1702,"caption":"\u24b8 Corentin Leray @cocolecoco"},{"@type":"BreadcrumbList","@id":"https:\/\/lanuitdesours.lautre.net\/?p=2105#breadcrumb","itemListElement":[{"@type":"ListItem","position":1,"name":"Accueil","item":"https:\/\/lanuitdesours.lautre.net\/"},{"@type":"ListItem","position":2,"name":"Tourn\u00e9e des Bistrots"}]},{"@type":"WebSite","@id":"https:\/\/lanuitdesours.lautre.net\/#website","url":"https:\/\/lanuitdesours.lautre.net\/","name":"La Nuit des Ours","description":"CR\u00c9ER C&#039;EST R\u00c9SISTER | R\u00c9SISTER C&#039;EST CR\u00c9ER","publisher":{"@id":"https:\/\/lanuitdesours.lautre.net\/#organization"},"potentialAction":[{"@type":"SearchAction","target":{"@type":"EntryPoint","urlTemplate":"https:\/\/lanuitdesours.lautre.net\/?s={search_term_string}"},"query-input":{"@type":"PropertyValueSpecification","valueRequired":true,"valueName":"search_term_string"}}],"inLanguage":"fr-FR"},{"@type":"Organization","@id":"https:\/\/lanuitdesours.lautre.net\/#organization","name":"Association LA NUIT DES OURS","url":"https:\/\/lanuitdesours.lautre.net\/","logo":{"@type":"ImageObject","inLanguage":"fr-FR","@id":"https:\/\/lanuitdesours.lautre.net\/#\/schema\/logo\/image\/","url":"https:\/\/nuit-des-ours.com\/wp-content\/uploads\/2022\/07\/cropped-NDO_logo-noir_jaune.jpg","contentUrl":"https:\/\/nuit-des-ours.com\/wp-content\/uploads\/2022\/07\/cropped-NDO_logo-noir_jaune.jpg","width":512,"height":512,"caption":"Association LA NUIT DES OURS"},"image":{"@id":"https:\/\/lanuitdesours.lautre.net\/#\/schema\/logo\/image\/"},"sameAs":["https:\/\/www.facebook.com\/lanuitdesours\/","https:\/\/www.instagram.com\/lanuitdesours\/"]},{"@type":"Person","@id":"https:\/\/lanuitdesours.lautre.net\/#\/schema\/person\/1f4500f2f631d9916d6b39f1c0ba934c","name":"Cr\u00e9er c'est R\u00e9sister","image":{"@type":"ImageObject","inLanguage":"fr-FR","@id":"https:\/\/secure.gravatar.com\/avatar\/08f4e38908e105d843bc2bab0e7af2243257415b61b5fe99e955c21a5f61fc2b?s=96&d=mm&r=g","url":"https:\/\/secure.gravatar.com\/avatar\/08f4e38908e105d843bc2bab0e7af2243257415b61b5fe99e955c21a5f61fc2b?s=96&d=mm&r=g","contentUrl":"https:\/\/secure.gravatar.com\/avatar\/08f4e38908e105d843bc2bab0e7af2243257415b61b5fe99e955c21a5f61fc2b?s=96&d=mm&r=g","caption":"Cr\u00e9er c'est R\u00e9sister"},"sameAs":["http:\/\/www.lanuitdesours.lautre.net"],"url":"https:\/\/lanuitdesours.lautre.net\/?author=1"}]}},"_links":{"self":[{"href":"https:\/\/lanuitdesours.lautre.net\/index.php?rest_route=\/wp\/v2\/posts\/2105","targetHints":{"allow":["GET"]}}],"collection":[{"href":"https:\/\/lanuitdesours.lautre.net\/index.php?rest_route=\/wp\/v2\/posts"}],"about":[{"href":"https:\/\/lanuitdesours.lautre.net\/index.php?rest_route=\/wp\/v2\/types\/post"}],"author":[{"embeddable":true,"href":"https:\/\/lanuitdesours.lautre.net\/index.php?rest_route=\/wp\/v2\/users\/1"}],"replies":[{"embeddable":true,"href":"https:\/\/lanuitdesours.lautre.net\/index.php?rest_route=%2Fwp%2Fv2%2Fcomments&post=2105"}],"version-history":[{"count":26,"href":"https:\/\/lanuitdesours.lautre.net\/index.php?rest_route=\/wp\/v2\/posts\/2105\/revisions"}],"predecessor-version":[{"id":2205,"href":"https:\/\/lanuitdesours.lautre.net\/index.php?rest_route=\/wp\/v2\/posts\/2105\/revisions\/2205"}],"wp:featuredmedia":[{"embeddable":true,"href":"https:\/\/lanuitdesours.lautre.net\/index.php?rest_route=\/wp\/v2\/media\/371"}],"wp:attachment":[{"href":"https:\/\/lanuitdesours.lautre.net\/index.php?rest_route=%2Fwp%2Fv2%2Fmedia&parent=2105"}],"wp:term":[{"taxonomy":"category","embeddable":true,"href":"https:\/\/lanuitdesours.lautre.net\/index.php?rest_route=%2Fwp%2Fv2%2Fcategories&post=2105"},{"taxonomy":"post_tag","embeddable":true,"href":"https:\/\/lanuitdesours.lautre.net\/index.php?rest_route=%2Fwp%2Fv2%2Ftags&post=2105"}],"curies":[{"name":"wp","href":"https:\/\/api.w.org\/{rel}","templated":true}]}}