{"id":2067,"date":"2023-07-04T16:00:55","date_gmt":"2023-07-04T14:00:55","guid":{"rendered":"https:\/\/nuit-des-ours.com\/?p=2067"},"modified":"2023-08-03T02:30:46","modified_gmt":"2023-08-03T00:30:46","slug":"bivouac-des-ours","status":"publish","type":"post","link":"https:\/\/lanuitdesours.lautre.net\/?p=2067","title":{"rendered":"Bivouac des Ours &#8212; ANNUL\u00c9 et remplac\u00e9 par une soir\u00e9e musiques du monde SOUS LES VO\u00dbTES de l&rsquo;\u00e9glise de Vallorcine"},"content":{"rendered":"\n<h1 class=\"wp-block-heading\">BIVOUAC DES OURS, DU 5 AU 6 AO\u00dbT  &#8212; <mark style=\"background-color:rgba(0, 0, 0, 0)\" class=\"has-inline-color has-accent-1-color\">ANNUL\u00c9 POUR RAISON METEO<\/mark><\/h1>\n\n\n\n<p class=\"wp-block-paragraph\"><strong>LE BIVOUAC DES OURS<\/strong> est une grande balade et nuit au creux des montagnes, ponctu\u00e9e de musiques d&rsquo;ici et d&rsquo;ailleurs.<\/p>\n\n\n\n<h5 class=\"wp-block-heading\">Informations pratiques :<\/h5>\n\n\n\n<ul class=\"wp-block-list\">\n<li>Ev\u00e8nement pour tr\u00e8s bon(ne)s marcheurs\/euses <\/li>\n\n\n\n<li>D\u00e9but le 5 ao\u00fbt \u00e0 14h <\/li>\n\n\n\n<li>Fin le 6 vers 9h du matin (retour au Buet pour 11h)<\/li>\n\n\n\n<li>Il est recommand\u00e9 de venir et repartir du Buet en train<\/li>\n\n\n\n<li>Prendre duvet 0\u00b0, tarp\/tente, petit matelas souple, gourde, assiette et couverts, m\u00e9dicaments personnels<\/li>\n\n\n\n<li>Les repas (diner et petit d\u00e9jeuner) font partie du forfait (50\u20ac)<\/li>\n\n\n\n<li>Annulation en cas d\u2019orages<\/li>\n<\/ul>\n\n\n\n\n\n<h5 class=\"wp-block-heading\">Programme :<\/h5>\n\n\n\n<p class=\"wp-block-paragraph\"><strong><mark style=\"background-color:rgba(0, 0, 0, 0)\" class=\"has-inline-color has-accent-1-color\">14H :<\/mark><\/strong> <mark style=\"background-color:rgba(0, 0, 0, 0)\" class=\"has-inline-color has-accent-2-color\">Rendez vous \u00e0 la Buvette de LA POYA. Repr\u00e9sentation de :<\/mark><\/p>\n\n\n\n<div class=\"wp-block-group\"><div class=\"wp-block-group__inner-container is-layout-constrained wp-block-group-is-layout-constrained\">\n<h3 class=\"wp-block-heading\">ELLE sur le Camion-Sc\u00e8ne \u00ab uNopia \u00bb <\/h3>\n\n\n\n<p class=\"wp-block-paragraph\"><strong><mark style=\"background-color:rgba(0, 0, 0, 0)\" class=\"has-inline-color has-accent-1-color\">Avec Guilhem Fabre (piano) et Fran\u00e7ois Michonneau (\u00e9criture et jeu)<\/mark><\/strong><br>30 minutes avant de monter sur sc\u00e8ne, un pianiste voit sa vie d\u00e9filer et s\u2019interroge:<br>\u00ab que peux la musique ? \u00bb. R\u00e9ponse en mots et en musique avec Mozart, Liszt, Prokofiev&#8230;<\/p>\n<\/div><\/div>\n\n\n\n<hr class=\"wp-block-separator has-alpha-channel-opacity is-style-dots\"\/>\n\n\n\n<p class=\"wp-block-paragraph\"><mark style=\"background-color:rgba(0, 0, 0, 0)\" class=\"has-inline-color has-accent-2-color\">\u00c0 l\u2019issue de la repr\u00e9sentation : mont\u00e9e lente vers le bivouac (lieu non pr\u00e9cis\u00e9 intentionnellement, environ 1000m de d\u00e9nivel\u00e9 et petite demi-journ\u00e9e de marche), guid\u00e9e et comment\u00e9e par:<\/mark><\/p>\n\n\n\n<ul class=\"wp-block-list\">\n<li><strong>C\u00e9cile Gissinger<\/strong> accompagnatrice en montagne: <strong>\u00ab l\u2019adaptation \u00e0 l\u2019altitude des soci\u00e9t\u00e9s agro-pastorales, de la faune sauvage et de la flore de montagne \u00bb<\/strong><\/li>\n\n\n\n<li><strong>R\u00e9mi Egenlbrecht<\/strong> guide de haute montagne: <strong>\u00ab pourquoi j\u2019ai arr\u00eat\u00e9 d\u2019\u00eatre guide de montagne \u00bb<\/strong> <\/li>\n\n\n\n<li><strong>Nathalie Hagenmuller<\/strong> guide de haute montagne<\/li>\n<\/ul>\n\n\n\n<hr class=\"wp-block-separator has-alpha-channel-opacity is-style-dots\"\/>\n\n\n\n<p class=\"wp-block-paragraph\"><strong><mark style=\"background-color:rgba(0, 0, 0, 0)\" class=\"has-inline-color has-accent-1-color\">19H :<\/mark><\/strong> <mark style=\"background-color:rgba(0, 0, 0, 0)\" class=\"has-inline-color has-accent-2-color\">Installation du bivouac<\/mark><\/p>\n\n\n\n<p class=\"wp-block-paragraph\"><strong><mark style=\"background-color:rgba(0, 0, 0, 0)\" class=\"has-inline-color has-accent-1-color\">20H :<\/mark><\/strong><mark style=\"background-color:rgba(0, 0, 0, 0)\" class=\"has-inline-color has-accent-2-color\"> Diner (soupe, salade, barbecue, dessert) <\/mark><\/p>\n\n\n\n<p class=\"wp-block-paragraph\"><strong><mark style=\"background-color:rgba(0, 0, 0, 0)\" class=\"has-inline-color has-accent-1-color\">21H :<\/mark><\/strong> <mark style=\"background-color:rgba(0, 0, 0, 0)\" class=\"has-inline-color has-accent-2-color\">Concert<\/mark> :<\/p>\n\n\n\n<h3 class=\"wp-block-heading\">PLETZL BANDIT musique klezmer<\/h3>\n\n\n\n<p class=\"wp-block-paragraph\"><strong><mark style=\"background-color:rgba(0, 0, 0, 0)\" class=\"has-inline-color has-accent-1-color\">Avec Charles Rappoport: violon, Samuel Maquin: clarinette, Gheorghe Ciumasu: accord\u00e9on et Henry Kisiel: contrebasse<\/mark><\/strong><br>En yiddish le Pletzl d\u00e9signe la petite place du village dans les bourgs juifs d\u2019Europe de l\u2019Est. Dans le sens commun en yiddish Bandit : d\u00e9signe quelqu\u2019un d\u2019astucieux, de malin, de s\u00e9duisant, bref comme diraient nos anciens, un \u00ab bon petit diable \u00bb. \u00c0 l\u2019image des quatre musiciens de Pletzl Bandit, la musique Klezmer nous fait voyager aux sons de danses et de m\u00e9lodies tant\u00f4t gaies, tant\u00f4t nostalgiques.<\/p>\n\n\n\n<hr class=\"wp-block-separator has-alpha-channel-opacity is-style-dots\"\/>\n\n\n\n<p class=\"wp-block-paragraph\"><strong><mark style=\"background-color:rgba(0, 0, 0, 0)\" class=\"has-inline-color has-accent-1-color\">23H :<\/mark><\/strong> <mark style=\"background-color:rgba(0, 0, 0, 0)\" class=\"has-inline-color has-accent-2-color\">Concert :<\/mark><\/p>\n\n\n\n<h3 class=\"wp-block-heading\">PIERRE violoncelle solo<\/h3>\n\n\n\n<p class=\"wp-block-paragraph\">The lark ascending &#8211; Ralph Vaughan Williams \/ Danses roumaines &#8211; Bela Bartok \/ Sonate pour violoncelle et piano (sans piano) &#8211; Claude Debussy \/ Danse hongroise n\u00b05 &#8211; Johannes Brahms \/ Gigue, suite n\u00b02 &#8211; Johann Sebastian Bach \/ Romanze, concerto pour piano en La mineur, op. 7 &#8211; Clara Schumann<\/p>\n\n\n\n<hr class=\"wp-block-separator has-alpha-channel-opacity is-style-dots\"\/>\n\n\n\n<p class=\"wp-block-paragraph\"><strong><mark style=\"background-color:rgba(0, 0, 0, 0)\" class=\"has-inline-color has-accent-1-color\">0H30 :<\/mark><\/strong> <mark style=\"background-color:rgba(0, 0, 0, 0)\" class=\"has-inline-color has-accent-2-color\">Contemplation des \u00e9toiles, m\u00e9ditation, sommeil, r\u00eave.<\/mark><\/p>\n\n\n\n<div style=\"height:100px\" aria-hidden=\"true\" class=\"wp-block-spacer\"><\/div>\n\n\n\n<p class=\"wp-block-paragraph\"><strong><mark style=\"background-color:rgba(0, 0, 0, 0)\" class=\"has-inline-color has-accent-1-color\">6H : <\/mark><\/strong><mark style=\"background-color:rgba(0, 0, 0, 0)\" class=\"has-inline-color has-accent-2-color\">On se r\u00e9veille avec<\/mark> :<\/p>\n\n\n\n<h3 class=\"wp-block-heading\">SON\u00c2M SHAMANY <\/h3>\n\n\n\n<p class=\"wp-block-paragraph\"><strong><mark style=\"background-color:rgba(0, 0, 0, 0)\" class=\"has-inline-color has-accent-1-color\">Avec Dephine Burnet et Florent Demaison. <\/mark><\/strong><br>Fin de nuit sous les \u00e9toiles. <br>Tout en douceur, les sons cristallins et enchanteurs des bols tib\u00e9tains, des bols de cristal, du didgeridoo et du handpan.<\/p>\n\n\n\n<p class=\"wp-block-paragraph\"><strong><mark style=\"background-color:rgba(0, 0, 0, 0)\" class=\"has-inline-color has-accent-1-color\">6H30 :<\/mark><\/strong> <mark style=\"background-color:rgba(0, 0, 0, 0)\" class=\"has-inline-color has-accent-2-color\">Le soleil se l\u00e8ve sur la chaine du Mont-Blanc, avec :<\/mark><\/p>\n\n\n\n<h3 class=\"wp-block-heading\">YUMI CELIA ta\u00efko &amp;<br>ABDULLAH MINIAWY just sings<\/h3>\n\n\n\n<div style=\"height:100px\" aria-hidden=\"true\" class=\"wp-block-spacer\"><\/div>\n\n\n\n<hr class=\"wp-block-separator has-alpha-channel-opacity is-style-dots\"\/>\n\n\n\n<p class=\"wp-block-paragraph\"><strong><mark style=\"background-color:rgba(0, 0, 0, 0)\" class=\"has-inline-color has-accent-1-color\">8H : <\/mark><\/strong><mark style=\"background-color:rgba(0, 0, 0, 0)\" class=\"has-inline-color has-accent-2-color\">Petit d\u00e9jeuner avec : <\/mark><\/p>\n\n\n\n<h2 class=\"wp-block-heading\">ACID QUINTET <\/h2>\n\n\n\n<p class=\"wp-block-paragraph\"><strong><mark style=\"background-color:rgba(0, 0, 0, 0)\" class=\"has-inline-color has-accent-1-color\">Avec Ana\u00efs Mecenero: violon, Laurence Loyez: violon alto, Garance Alves: clarinette, Ulric Bouvier: violoncelle et Nicolas Bernette: vibraphone.<\/mark><\/strong><br>Acid Quintet nous emm\u00e8ne dans un voyage musical port\u00e9 par l\u2019atmosph\u00e8re myst\u00e9rieuse de ses compositions aux m\u00e9lodies envo\u00fbtantes compos\u00e9es par R\u00e9mi Subiobert.<\/p>\n\n\n\n<hr class=\"wp-block-separator has-alpha-channel-opacity is-style-dots\"\/>\n\n\n\n<p class=\"wp-block-paragraph\"><mark style=\"background-color:rgba(0, 0, 0, 0)\" class=\"has-inline-color has-accent-2-color\">Fin le 6 ao\u00fbt vers 9h du matin (retour au Buet pour 11h)<\/mark><\/p>\n\n\n","protected":false},"excerpt":{"rendered":"<p>DU 5 AU 6 AO\u00dbT 2023. Une grande balade et nuit au creux des montagnes, ponctu\u00e9e de musiques d&rsquo;ici et d&rsquo;ailleurs. Sur r\u00e9servation (50\u20ac avec repas). Annulation en cas d&rsquo;orage. <\/p>\n","protected":false},"author":1,"featured_media":375,"comment_status":"closed","ping_status":"closed","sticky":false,"template":"","format":"standard","meta":{"footnotes":""},"categories":[33],"tags":[],"class_list":["post-2067","post","type-post","status-publish","format-standard","has-post-thumbnail","hentry","category-edition-2023"],"yoast_head":"<!-- This site is optimized with the Yoast SEO plugin v28.3 - https:\/\/yoast.com\/product\/yoast-seo-wordpress\/ -->\n<title>Bivouac des Ours - ANNUL\u00c9 et remplac\u00e9 par une soir\u00e9e musiques du monde SOUS LES VO\u00dbTES de l&#039;\u00e9glise de Vallorcine - La Nuit des Ours Edition 2023<\/title>\n<meta name=\"description\" content=\"DU 5 AU 6 AO\u00dbT 2023. Le bivouac des ours est une grande balade et nuit au creux des montagnes, ponctu\u00e9e de musiques d&#039;ici et d&#039;ailleurs.\" \/>\n<meta name=\"robots\" content=\"index, follow, max-snippet:-1, max-image-preview:large, max-video-preview:-1\" \/>\n<link rel=\"canonical\" href=\"https:\/\/lanuitdesours.lautre.net\/?p=2067\" \/>\n<meta property=\"og:locale\" content=\"fr_FR\" \/>\n<meta property=\"og:type\" content=\"article\" \/>\n<meta property=\"og:title\" content=\"Bivouac des Ours - ANNUL\u00c9 et remplac\u00e9 par une soir\u00e9e musiques du monde SOUS LES VO\u00dbTES de l&#039;\u00e9glise de Vallorcine - La Nuit des Ours Edition 2023\" \/>\n<meta property=\"og:description\" content=\"DU 5 AU 6 AO\u00dbT 2023. Le bivouac des ours est une grande balade et nuit au creux des montagnes, ponctu\u00e9e de musiques d&#039;ici et d&#039;ailleurs.\" \/>\n<meta property=\"og:url\" content=\"https:\/\/lanuitdesours.lautre.net\/?p=2067\" \/>\n<meta property=\"og:site_name\" content=\"La Nuit des Ours\" \/>\n<meta property=\"article:publisher\" content=\"https:\/\/www.facebook.com\/lanuitdesours\/\" \/>\n<meta property=\"article:published_time\" content=\"2023-07-04T14:00:55+00:00\" \/>\n<meta property=\"article:modified_time\" content=\"2023-08-03T00:30:46+00:00\" \/>\n<meta property=\"og:image\" content=\"https:\/\/lanuitdesours.lautre.net\/wp-content\/uploads\/2022\/07\/Cascade_11juin_CorentinLeray@cocolecoco-8-scaled.jpg\" \/>\n\t<meta property=\"og:image:width\" content=\"1702\" \/>\n\t<meta property=\"og:image:height\" content=\"2560\" \/>\n\t<meta property=\"og:image:type\" content=\"image\/jpeg\" \/>\n<meta name=\"author\" content=\"Cr\u00e9er c&#039;est R\u00e9sister\" \/>\n<meta name=\"twitter:card\" content=\"summary_large_image\" \/>\n<meta name=\"twitter:label1\" content=\"\u00c9crit par\" \/>\n\t<meta name=\"twitter:data1\" content=\"Cr\u00e9er c&#039;est R\u00e9sister\" \/>\n\t<meta name=\"twitter:label2\" content=\"Dur\u00e9e de lecture estim\u00e9e\" \/>\n\t<meta name=\"twitter:data2\" content=\"3 minutes\" \/>\n<script type=\"application\/ld+json\" class=\"yoast-schema-graph\">{\"@context\":\"https:\\\/\\\/schema.org\",\"@graph\":[{\"@type\":\"Article\",\"@id\":\"https:\\\/\\\/lanuitdesours.lautre.net\\\/?p=2067#article\",\"isPartOf\":{\"@id\":\"https:\\\/\\\/lanuitdesours.lautre.net\\\/?p=2067\"},\"author\":{\"name\":\"Cr\u00e9er c'est R\u00e9sister\",\"@id\":\"https:\\\/\\\/lanuitdesours.lautre.net\\\/#\\\/schema\\\/person\\\/1f4500f2f631d9916d6b39f1c0ba934c\"},\"headline\":\"Bivouac des Ours &#8212; ANNUL\u00c9 et remplac\u00e9 par une soir\u00e9e musiques du monde SOUS LES VO\u00dbTES de l&rsquo;\u00e9glise de Vallorcine\",\"datePublished\":\"2023-07-04T14:00:55+00:00\",\"dateModified\":\"2023-08-03T00:30:46+00:00\",\"mainEntityOfPage\":{\"@id\":\"https:\\\/\\\/lanuitdesours.lautre.net\\\/?p=2067\"},\"wordCount\":567,\"publisher\":{\"@id\":\"https:\\\/\\\/lanuitdesours.lautre.net\\\/#organization\"},\"image\":{\"@id\":\"https:\\\/\\\/lanuitdesours.lautre.net\\\/?p=2067#primaryimage\"},\"thumbnailUrl\":\"https:\\\/\\\/lanuitdesours.lautre.net\\\/wp-content\\\/uploads\\\/2022\\\/07\\\/Cascade_11juin_CorentinLeray@cocolecoco-8-scaled.jpg\",\"articleSection\":[\"Edition 2023\"],\"inLanguage\":\"fr-FR\"},{\"@type\":\"WebPage\",\"@id\":\"https:\\\/\\\/lanuitdesours.lautre.net\\\/?p=2067\",\"url\":\"https:\\\/\\\/lanuitdesours.lautre.net\\\/?p=2067\",\"name\":\"Bivouac des Ours - ANNUL\u00c9 et remplac\u00e9 par une soir\u00e9e musiques du monde SOUS LES VO\u00dbTES de l'\u00e9glise de Vallorcine - La Nuit des Ours Edition 2023\",\"isPartOf\":{\"@id\":\"https:\\\/\\\/lanuitdesours.lautre.net\\\/#website\"},\"primaryImageOfPage\":{\"@id\":\"https:\\\/\\\/lanuitdesours.lautre.net\\\/?p=2067#primaryimage\"},\"image\":{\"@id\":\"https:\\\/\\\/lanuitdesours.lautre.net\\\/?p=2067#primaryimage\"},\"thumbnailUrl\":\"https:\\\/\\\/lanuitdesours.lautre.net\\\/wp-content\\\/uploads\\\/2022\\\/07\\\/Cascade_11juin_CorentinLeray@cocolecoco-8-scaled.jpg\",\"datePublished\":\"2023-07-04T14:00:55+00:00\",\"dateModified\":\"2023-08-03T00:30:46+00:00\",\"description\":\"DU 5 AU 6 AO\u00dbT 2023. Le bivouac des ours est une grande balade et nuit au creux des montagnes, ponctu\u00e9e de musiques d'ici et d'ailleurs.\",\"breadcrumb\":{\"@id\":\"https:\\\/\\\/lanuitdesours.lautre.net\\\/?p=2067#breadcrumb\"},\"inLanguage\":\"fr-FR\",\"potentialAction\":[{\"@type\":\"ReadAction\",\"target\":[\"https:\\\/\\\/lanuitdesours.lautre.net\\\/?p=2067\"]}]},{\"@type\":\"ImageObject\",\"inLanguage\":\"fr-FR\",\"@id\":\"https:\\\/\\\/lanuitdesours.lautre.net\\\/?p=2067#primaryimage\",\"url\":\"https:\\\/\\\/lanuitdesours.lautre.net\\\/wp-content\\\/uploads\\\/2022\\\/07\\\/Cascade_11juin_CorentinLeray@cocolecoco-8-scaled.jpg\",\"contentUrl\":\"https:\\\/\\\/lanuitdesours.lautre.net\\\/wp-content\\\/uploads\\\/2022\\\/07\\\/Cascade_11juin_CorentinLeray@cocolecoco-8-scaled.jpg\",\"width\":1702,\"height\":2560,\"caption\":\"\u24b8 Corentin Leray @cocolecoco\"},{\"@type\":\"BreadcrumbList\",\"@id\":\"https:\\\/\\\/lanuitdesours.lautre.net\\\/?p=2067#breadcrumb\",\"itemListElement\":[{\"@type\":\"ListItem\",\"position\":1,\"name\":\"Accueil\",\"item\":\"https:\\\/\\\/lanuitdesours.lautre.net\\\/\"},{\"@type\":\"ListItem\",\"position\":2,\"name\":\"Bivouac des Ours &#8212; ANNUL\u00c9 et remplac\u00e9 par une soir\u00e9e musiques du monde SOUS LES VO\u00dbTES de l&rsquo;\u00e9glise de Vallorcine\"}]},{\"@type\":\"WebSite\",\"@id\":\"https:\\\/\\\/lanuitdesours.lautre.net\\\/#website\",\"url\":\"https:\\\/\\\/lanuitdesours.lautre.net\\\/\",\"name\":\"La Nuit des Ours\",\"description\":\"CR\u00c9ER C&#039;EST R\u00c9SISTER | R\u00c9SISTER C&#039;EST CR\u00c9ER\",\"publisher\":{\"@id\":\"https:\\\/\\\/lanuitdesours.lautre.net\\\/#organization\"},\"potentialAction\":[{\"@type\":\"SearchAction\",\"target\":{\"@type\":\"EntryPoint\",\"urlTemplate\":\"https:\\\/\\\/lanuitdesours.lautre.net\\\/?s={search_term_string}\"},\"query-input\":{\"@type\":\"PropertyValueSpecification\",\"valueRequired\":true,\"valueName\":\"search_term_string\"}}],\"inLanguage\":\"fr-FR\"},{\"@type\":\"Organization\",\"@id\":\"https:\\\/\\\/lanuitdesours.lautre.net\\\/#organization\",\"name\":\"Association LA NUIT DES OURS\",\"url\":\"https:\\\/\\\/lanuitdesours.lautre.net\\\/\",\"logo\":{\"@type\":\"ImageObject\",\"inLanguage\":\"fr-FR\",\"@id\":\"https:\\\/\\\/lanuitdesours.lautre.net\\\/#\\\/schema\\\/logo\\\/image\\\/\",\"url\":\"https:\\\/\\\/nuit-des-ours.com\\\/wp-content\\\/uploads\\\/2022\\\/07\\\/cropped-NDO_logo-noir_jaune.jpg\",\"contentUrl\":\"https:\\\/\\\/nuit-des-ours.com\\\/wp-content\\\/uploads\\\/2022\\\/07\\\/cropped-NDO_logo-noir_jaune.jpg\",\"width\":512,\"height\":512,\"caption\":\"Association LA NUIT DES OURS\"},\"image\":{\"@id\":\"https:\\\/\\\/lanuitdesours.lautre.net\\\/#\\\/schema\\\/logo\\\/image\\\/\"},\"sameAs\":[\"https:\\\/\\\/www.facebook.com\\\/lanuitdesours\\\/\",\"https:\\\/\\\/www.instagram.com\\\/lanuitdesours\\\/\"]},{\"@type\":\"Person\",\"@id\":\"https:\\\/\\\/lanuitdesours.lautre.net\\\/#\\\/schema\\\/person\\\/1f4500f2f631d9916d6b39f1c0ba934c\",\"name\":\"Cr\u00e9er c'est R\u00e9sister\",\"image\":{\"@type\":\"ImageObject\",\"inLanguage\":\"fr-FR\",\"@id\":\"https:\\\/\\\/secure.gravatar.com\\\/avatar\\\/08f4e38908e105d843bc2bab0e7af2243257415b61b5fe99e955c21a5f61fc2b?s=96&d=mm&r=g\",\"url\":\"https:\\\/\\\/secure.gravatar.com\\\/avatar\\\/08f4e38908e105d843bc2bab0e7af2243257415b61b5fe99e955c21a5f61fc2b?s=96&d=mm&r=g\",\"contentUrl\":\"https:\\\/\\\/secure.gravatar.com\\\/avatar\\\/08f4e38908e105d843bc2bab0e7af2243257415b61b5fe99e955c21a5f61fc2b?s=96&d=mm&r=g\",\"caption\":\"Cr\u00e9er c'est R\u00e9sister\"},\"sameAs\":[\"http:\\\/\\\/www.lanuitdesours.lautre.net\"],\"url\":\"https:\\\/\\\/lanuitdesours.lautre.net\\\/?author=1\"}]}<\/script>\n<!-- \/ Yoast SEO plugin. -->","yoast_head_json":{"title":"Bivouac des Ours - ANNUL\u00c9 et remplac\u00e9 par une soir\u00e9e musiques du monde SOUS LES VO\u00dbTES de l'\u00e9glise de Vallorcine - La Nuit des Ours Edition 2023","description":"DU 5 AU 6 AO\u00dbT 2023. Le bivouac des ours est une grande balade et nuit au creux des montagnes, ponctu\u00e9e de musiques d'ici et d'ailleurs.","robots":{"index":"index","follow":"follow","max-snippet":"max-snippet:-1","max-image-preview":"max-image-preview:large","max-video-preview":"max-video-preview:-1"},"canonical":"https:\/\/lanuitdesours.lautre.net\/?p=2067","og_locale":"fr_FR","og_type":"article","og_title":"Bivouac des Ours - ANNUL\u00c9 et remplac\u00e9 par une soir\u00e9e musiques du monde SOUS LES VO\u00dbTES de l'\u00e9glise de Vallorcine - La Nuit des Ours Edition 2023","og_description":"DU 5 AU 6 AO\u00dbT 2023. Le bivouac des ours est une grande balade et nuit au creux des montagnes, ponctu\u00e9e de musiques d'ici et d'ailleurs.","og_url":"https:\/\/lanuitdesours.lautre.net\/?p=2067","og_site_name":"La Nuit des Ours","article_publisher":"https:\/\/www.facebook.com\/lanuitdesours\/","article_published_time":"2023-07-04T14:00:55+00:00","article_modified_time":"2023-08-03T00:30:46+00:00","og_image":[{"width":1702,"height":2560,"url":"https:\/\/lanuitdesours.lautre.net\/wp-content\/uploads\/2022\/07\/Cascade_11juin_CorentinLeray@cocolecoco-8-scaled.jpg","type":"image\/jpeg"}],"author":"Cr\u00e9er c'est R\u00e9sister","twitter_card":"summary_large_image","twitter_misc":{"\u00c9crit par":"Cr\u00e9er c'est R\u00e9sister","Dur\u00e9e de lecture estim\u00e9e":"3 minutes"},"schema":{"@context":"https:\/\/schema.org","@graph":[{"@type":"Article","@id":"https:\/\/lanuitdesours.lautre.net\/?p=2067#article","isPartOf":{"@id":"https:\/\/lanuitdesours.lautre.net\/?p=2067"},"author":{"name":"Cr\u00e9er c'est R\u00e9sister","@id":"https:\/\/lanuitdesours.lautre.net\/#\/schema\/person\/1f4500f2f631d9916d6b39f1c0ba934c"},"headline":"Bivouac des Ours &#8212; ANNUL\u00c9 et remplac\u00e9 par une soir\u00e9e musiques du monde SOUS LES VO\u00dbTES de l&rsquo;\u00e9glise de Vallorcine","datePublished":"2023-07-04T14:00:55+00:00","dateModified":"2023-08-03T00:30:46+00:00","mainEntityOfPage":{"@id":"https:\/\/lanuitdesours.lautre.net\/?p=2067"},"wordCount":567,"publisher":{"@id":"https:\/\/lanuitdesours.lautre.net\/#organization"},"image":{"@id":"https:\/\/lanuitdesours.lautre.net\/?p=2067#primaryimage"},"thumbnailUrl":"https:\/\/lanuitdesours.lautre.net\/wp-content\/uploads\/2022\/07\/Cascade_11juin_CorentinLeray@cocolecoco-8-scaled.jpg","articleSection":["Edition 2023"],"inLanguage":"fr-FR"},{"@type":"WebPage","@id":"https:\/\/lanuitdesours.lautre.net\/?p=2067","url":"https:\/\/lanuitdesours.lautre.net\/?p=2067","name":"Bivouac des Ours - ANNUL\u00c9 et remplac\u00e9 par une soir\u00e9e musiques du monde SOUS LES VO\u00dbTES de l'\u00e9glise de Vallorcine - La Nuit des Ours Edition 2023","isPartOf":{"@id":"https:\/\/lanuitdesours.lautre.net\/#website"},"primaryImageOfPage":{"@id":"https:\/\/lanuitdesours.lautre.net\/?p=2067#primaryimage"},"image":{"@id":"https:\/\/lanuitdesours.lautre.net\/?p=2067#primaryimage"},"thumbnailUrl":"https:\/\/lanuitdesours.lautre.net\/wp-content\/uploads\/2022\/07\/Cascade_11juin_CorentinLeray@cocolecoco-8-scaled.jpg","datePublished":"2023-07-04T14:00:55+00:00","dateModified":"2023-08-03T00:30:46+00:00","description":"DU 5 AU 6 AO\u00dbT 2023. Le bivouac des ours est une grande balade et nuit au creux des montagnes, ponctu\u00e9e de musiques d'ici et d'ailleurs.","breadcrumb":{"@id":"https:\/\/lanuitdesours.lautre.net\/?p=2067#breadcrumb"},"inLanguage":"fr-FR","potentialAction":[{"@type":"ReadAction","target":["https:\/\/lanuitdesours.lautre.net\/?p=2067"]}]},{"@type":"ImageObject","inLanguage":"fr-FR","@id":"https:\/\/lanuitdesours.lautre.net\/?p=2067#primaryimage","url":"https:\/\/lanuitdesours.lautre.net\/wp-content\/uploads\/2022\/07\/Cascade_11juin_CorentinLeray@cocolecoco-8-scaled.jpg","contentUrl":"https:\/\/lanuitdesours.lautre.net\/wp-content\/uploads\/2022\/07\/Cascade_11juin_CorentinLeray@cocolecoco-8-scaled.jpg","width":1702,"height":2560,"caption":"\u24b8 Corentin Leray @cocolecoco"},{"@type":"BreadcrumbList","@id":"https:\/\/lanuitdesours.lautre.net\/?p=2067#breadcrumb","itemListElement":[{"@type":"ListItem","position":1,"name":"Accueil","item":"https:\/\/lanuitdesours.lautre.net\/"},{"@type":"ListItem","position":2,"name":"Bivouac des Ours &#8212; ANNUL\u00c9 et remplac\u00e9 par une soir\u00e9e musiques du monde SOUS LES VO\u00dbTES de l&rsquo;\u00e9glise de Vallorcine"}]},{"@type":"WebSite","@id":"https:\/\/lanuitdesours.lautre.net\/#website","url":"https:\/\/lanuitdesours.lautre.net\/","name":"La Nuit des Ours","description":"CR\u00c9ER C&#039;EST R\u00c9SISTER | R\u00c9SISTER C&#039;EST CR\u00c9ER","publisher":{"@id":"https:\/\/lanuitdesours.lautre.net\/#organization"},"potentialAction":[{"@type":"SearchAction","target":{"@type":"EntryPoint","urlTemplate":"https:\/\/lanuitdesours.lautre.net\/?s={search_term_string}"},"query-input":{"@type":"PropertyValueSpecification","valueRequired":true,"valueName":"search_term_string"}}],"inLanguage":"fr-FR"},{"@type":"Organization","@id":"https:\/\/lanuitdesours.lautre.net\/#organization","name":"Association LA NUIT DES OURS","url":"https:\/\/lanuitdesours.lautre.net\/","logo":{"@type":"ImageObject","inLanguage":"fr-FR","@id":"https:\/\/lanuitdesours.lautre.net\/#\/schema\/logo\/image\/","url":"https:\/\/nuit-des-ours.com\/wp-content\/uploads\/2022\/07\/cropped-NDO_logo-noir_jaune.jpg","contentUrl":"https:\/\/nuit-des-ours.com\/wp-content\/uploads\/2022\/07\/cropped-NDO_logo-noir_jaune.jpg","width":512,"height":512,"caption":"Association LA NUIT DES OURS"},"image":{"@id":"https:\/\/lanuitdesours.lautre.net\/#\/schema\/logo\/image\/"},"sameAs":["https:\/\/www.facebook.com\/lanuitdesours\/","https:\/\/www.instagram.com\/lanuitdesours\/"]},{"@type":"Person","@id":"https:\/\/lanuitdesours.lautre.net\/#\/schema\/person\/1f4500f2f631d9916d6b39f1c0ba934c","name":"Cr\u00e9er c'est R\u00e9sister","image":{"@type":"ImageObject","inLanguage":"fr-FR","@id":"https:\/\/secure.gravatar.com\/avatar\/08f4e38908e105d843bc2bab0e7af2243257415b61b5fe99e955c21a5f61fc2b?s=96&d=mm&r=g","url":"https:\/\/secure.gravatar.com\/avatar\/08f4e38908e105d843bc2bab0e7af2243257415b61b5fe99e955c21a5f61fc2b?s=96&d=mm&r=g","contentUrl":"https:\/\/secure.gravatar.com\/avatar\/08f4e38908e105d843bc2bab0e7af2243257415b61b5fe99e955c21a5f61fc2b?s=96&d=mm&r=g","caption":"Cr\u00e9er c'est R\u00e9sister"},"sameAs":["http:\/\/www.lanuitdesours.lautre.net"],"url":"https:\/\/lanuitdesours.lautre.net\/?author=1"}]}},"_links":{"self":[{"href":"https:\/\/lanuitdesours.lautre.net\/index.php?rest_route=\/wp\/v2\/posts\/2067","targetHints":{"allow":["GET"]}}],"collection":[{"href":"https:\/\/lanuitdesours.lautre.net\/index.php?rest_route=\/wp\/v2\/posts"}],"about":[{"href":"https:\/\/lanuitdesours.lautre.net\/index.php?rest_route=\/wp\/v2\/types\/post"}],"author":[{"embeddable":true,"href":"https:\/\/lanuitdesours.lautre.net\/index.php?rest_route=\/wp\/v2\/users\/1"}],"replies":[{"embeddable":true,"href":"https:\/\/lanuitdesours.lautre.net\/index.php?rest_route=%2Fwp%2Fv2%2Fcomments&post=2067"}],"version-history":[{"count":16,"href":"https:\/\/lanuitdesours.lautre.net\/index.php?rest_route=\/wp\/v2\/posts\/2067\/revisions"}],"predecessor-version":[{"id":2685,"href":"https:\/\/lanuitdesours.lautre.net\/index.php?rest_route=\/wp\/v2\/posts\/2067\/revisions\/2685"}],"wp:featuredmedia":[{"embeddable":true,"href":"https:\/\/lanuitdesours.lautre.net\/index.php?rest_route=\/wp\/v2\/media\/375"}],"wp:attachment":[{"href":"https:\/\/lanuitdesours.lautre.net\/index.php?rest_route=%2Fwp%2Fv2%2Fmedia&parent=2067"}],"wp:term":[{"taxonomy":"category","embeddable":true,"href":"https:\/\/lanuitdesours.lautre.net\/index.php?rest_route=%2Fwp%2Fv2%2Fcategories&post=2067"},{"taxonomy":"post_tag","embeddable":true,"href":"https:\/\/lanuitdesours.lautre.net\/index.php?rest_route=%2Fwp%2Fv2%2Ftags&post=2067"}],"curies":[{"name":"wp","href":"https:\/\/api.w.org\/{rel}","templated":true}]}}