{"id":1999,"date":"2023-07-02T17:00:28","date_gmt":"2023-07-02T15:00:28","guid":{"rendered":"https:\/\/nuit-des-ours.com\/?p=1999"},"modified":"2024-07-30T14:54:19","modified_gmt":"2024-07-30T12:54:19","slug":"inauguration-fete-de-cloture","status":"publish","type":"post","link":"https:\/\/lanuitdesours.lautre.net\/?p=1999","title":{"rendered":"Inauguration &#038; F\u00eate de Cloture"},"content":{"rendered":"\n<h2 class=\"wp-block-heading\"><strong>S<\/strong>OIR\u00c9E D&rsquo;<strong>INAUGURATION<\/strong><\/h2>\n\n\n\n<p class=\"wp-block-paragraph\"><strong><mark style=\"background-color:rgba(0, 0, 0, 0)\" class=\"has-inline-color has-accent-1-color\">MARDI 1ER AO\u00dbT : <\/mark><\/strong><\/p>\n\n\n\n<h4 class=\"wp-block-heading\">Vernissage de l\u2019exposition de FABIEN HAREL<\/h4>\n\n\n\n<p class=\"wp-block-paragraph\"><strong><mark style=\"background-color:rgba(0, 0, 0, 0)\" class=\"has-inline-color has-accent-1-color\">17h30<\/mark><\/strong><br><strong>A l\u2019Office de tourisme de Vallorcine<\/strong> (acc\u00e8s gare de Vallorcine)<\/p>\n\n\n\n<p class=\"wp-block-paragraph\">Dipl\u00f4m\u00e9 de l\u2019\u00e9cole des Beaux-Arts de Clermont. Il r\u00e9alise ses dessins sur papier uniquement, \u00e0 plat sur le sol, \u00e0 l\u2019aide de baguettes m\u00e9talliques biseaut\u00e9es. C\u2019est ainsi qu\u2019il cr\u00e9e ses \u00e9claboussures, t\u00e2ches et coulures. Des accidents plus ou moins planifi\u00e9s qui font vibrer l\u2019oeuvre.<\/p>\n\n\n\n<h4 class=\"wp-block-heading\">La Tourn\u00e9e des bistrots <br>avec la fanfare KTIPIETOK ORKESTAR (20 musiciens) <\/h4>\n\n\n\n<p class=\"wp-block-paragraph\"><strong><mark style=\"background-color:rgba(0, 0, 0, 0)\" class=\"has-inline-color has-accent-1-color\">18h<\/mark><\/strong><br><strong>Au march\u00e9 de Vallorcine puis \u00ab chez GUY \u00bb <\/strong>(en face de l&rsquo;Office de Tourisme)<\/p>\n\n\n\n<p class=\"wp-block-paragraph\">Les cuivres, les percussions, les bois et l\u2019accord\u00e9on se m\u00ealent avec go\u00fbt pour vous interpr\u00e9ter des Rumbas d\u2019Europe de l\u2019Est, des Valses de tous les Continents, des Cumbias d\u2019Am\u00e9rique Latine, et bien s\u00fbr des compositions originales.<\/p>\n\n\n\n<div style=\"height:20px\" aria-hidden=\"true\" class=\"wp-block-spacer\"><\/div>\n\n\n\n<h2 class=\"wp-block-heading has-text-align-center\"><strong>&amp;<\/strong><\/h2>\n\n\n\n<h2 class=\"wp-block-heading\"><strong>GRANDE F\u00caTE DE CLOTURE <\/strong>au CAF\u00c9 COMPTOIR !<\/h2>\n\n\n\n<p class=\"wp-block-paragraph\"><strong><mark style=\"background-color:rgba(0, 0, 0, 0)\" class=\"has-inline-color has-accent-1-color\">MARDI 8 AO\u00dbT : <\/mark><\/strong><\/p>\n\n\n\n<h4 class=\"wp-block-heading\">Ap\u00e9ro \u00ab Little Italy \u00bb <br>avec KANTALISO chanson populaire d\u2019Italie<\/h4>\n\n\n\n<p class=\"wp-block-paragraph\"><strong><mark style=\"background-color:rgba(0, 0, 0, 0)\" class=\"has-inline-color has-accent-1-color\">D\u00c8S 18H30<\/mark><\/strong><br><strong>au CAF\u00c9-COMPTOIR <\/strong>(acc\u00e8s gare de Vallorcine)<\/p>\n\n\n\n<h4 class=\"wp-block-heading\">D\u00eener-cabaret \u00ab de La butte aux cailles \u00bb <br>avec JUSTINE et RIKI chanson populaire de Paris. <\/h4>\n\n\n\n<p class=\"wp-block-paragraph\"><mark style=\"background-color:rgba(0, 0, 0, 0)\" class=\"has-inline-color has-accent-1-color\"><strong>20h30<\/strong><\/mark><br><strong>au CAF\u00c9-COMPTOIR<mark style=\"background-color:rgba(0, 0, 0, 0)\" class=\"has-inline-color has-accent-1-color\"><\/mark> <\/strong>(acc\u00e8s gare de Vallorcine)<\/p>\n\n\n\n<p class=\"wp-block-paragraph\">Une soir\u00e9e festive pour clore cette 5e \u00e9dition de la NUIT DES OURS. <br><mark style=\"background-color:rgba(0, 0, 0, 0)\" class=\"has-inline-color has-accent-2-color\">Entr\u00e9e, plat, dessert (hors boissons) : 28 \u20ac. <\/mark><br><mark style=\"background-color:rgba(0, 0, 0, 0)\" class=\"has-inline-color has-accent-2-color\">R\u00e9servation obligatoire au Caf\u00e9-Comptoir : 04 50 18 72 43<\/mark><\/p>\n","protected":false},"excerpt":{"rendered":"<p>Deux soir\u00e9es festives \u00e0 Vallorcine pour l&rsquo;inauguration (1er AO\u00dbT) et la cloture (8 AO\u00dbT) de cette 5e \u00e9dition de la NUIT DES OURS. <\/p>\n","protected":false},"author":1,"featured_media":2033,"comment_status":"closed","ping_status":"closed","sticky":false,"template":"","format":"standard","meta":{"footnotes":""},"categories":[33],"tags":[],"class_list":["post-1999","post","type-post","status-publish","format-standard","has-post-thumbnail","hentry","category-edition-2023"],"yoast_head":"<!-- This site is optimized with the Yoast SEO plugin v28.3 - https:\/\/yoast.com\/product\/yoast-seo-wordpress\/ -->\n<title>Inauguration &amp; F\u00eate de Cloture - La Nuit des Ours Edition 2023<\/title>\n<meta name=\"description\" content=\"Deux soir\u00e9es festives \u00e0 Vallorcine pour l&#039;inauguration (1er AO\u00dbT) et la cloture (8 AO\u00dbT) de LA NUIT DES OURS 2023.\" \/>\n<meta name=\"robots\" content=\"index, follow, max-snippet:-1, max-image-preview:large, max-video-preview:-1\" \/>\n<link rel=\"canonical\" href=\"https:\/\/lanuitdesours.lautre.net\/?p=1999\" \/>\n<meta property=\"og:locale\" content=\"fr_FR\" \/>\n<meta property=\"og:type\" content=\"article\" \/>\n<meta property=\"og:title\" content=\"Inauguration &amp; F\u00eate de Cloture - La Nuit des Ours Edition 2023\" \/>\n<meta property=\"og:description\" content=\"Deux soir\u00e9es festives \u00e0 Vallorcine pour l&#039;inauguration (1er AO\u00dbT) et la cloture (8 AO\u00dbT) de LA NUIT DES OURS 2023.\" \/>\n<meta property=\"og:url\" content=\"https:\/\/lanuitdesours.lautre.net\/?p=1999\" \/>\n<meta property=\"og:site_name\" content=\"La Nuit des Ours\" \/>\n<meta property=\"article:publisher\" content=\"https:\/\/www.facebook.com\/lanuitdesours\/\" \/>\n<meta property=\"article:published_time\" content=\"2023-07-02T15:00:28+00:00\" \/>\n<meta property=\"article:modified_time\" content=\"2024-07-30T12:54:19+00:00\" \/>\n<meta property=\"og:image\" content=\"https:\/\/lanuitdesours.lautre.net\/wp-content\/uploads\/2023\/07\/2019_tables.jpg\" \/>\n\t<meta property=\"og:image:width\" content=\"2048\" \/>\n\t<meta property=\"og:image:height\" content=\"1365\" \/>\n\t<meta property=\"og:image:type\" content=\"image\/jpeg\" \/>\n<meta name=\"author\" content=\"Cr\u00e9er c&#039;est R\u00e9sister\" \/>\n<meta name=\"twitter:card\" content=\"summary_large_image\" \/>\n<meta name=\"twitter:label1\" content=\"\u00c9crit par\" \/>\n\t<meta name=\"twitter:data1\" content=\"Cr\u00e9er c&#039;est R\u00e9sister\" \/>\n\t<meta name=\"twitter:label2\" content=\"Dur\u00e9e de lecture estim\u00e9e\" \/>\n\t<meta name=\"twitter:data2\" content=\"2 minutes\" \/>\n<script type=\"application\/ld+json\" class=\"yoast-schema-graph\">{\"@context\":\"https:\\\/\\\/schema.org\",\"@graph\":[{\"@type\":\"Article\",\"@id\":\"https:\\\/\\\/lanuitdesours.lautre.net\\\/?p=1999#article\",\"isPartOf\":{\"@id\":\"https:\\\/\\\/lanuitdesours.lautre.net\\\/?p=1999\"},\"author\":{\"name\":\"Cr\u00e9er c'est R\u00e9sister\",\"@id\":\"https:\\\/\\\/lanuitdesours.lautre.net\\\/#\\\/schema\\\/person\\\/1f4500f2f631d9916d6b39f1c0ba934c\"},\"headline\":\"Inauguration &#038; F\u00eate de Cloture\",\"datePublished\":\"2023-07-02T15:00:28+00:00\",\"dateModified\":\"2024-07-30T12:54:19+00:00\",\"mainEntityOfPage\":{\"@id\":\"https:\\\/\\\/lanuitdesours.lautre.net\\\/?p=1999\"},\"wordCount\":240,\"publisher\":{\"@id\":\"https:\\\/\\\/lanuitdesours.lautre.net\\\/#organization\"},\"image\":{\"@id\":\"https:\\\/\\\/lanuitdesours.lautre.net\\\/?p=1999#primaryimage\"},\"thumbnailUrl\":\"https:\\\/\\\/lanuitdesours.lautre.net\\\/wp-content\\\/uploads\\\/2023\\\/07\\\/2019_tables.jpg\",\"articleSection\":[\"Edition 2023\"],\"inLanguage\":\"fr-FR\"},{\"@type\":\"WebPage\",\"@id\":\"https:\\\/\\\/lanuitdesours.lautre.net\\\/?p=1999\",\"url\":\"https:\\\/\\\/lanuitdesours.lautre.net\\\/?p=1999\",\"name\":\"Inauguration & F\u00eate de Cloture - La Nuit des Ours Edition 2023\",\"isPartOf\":{\"@id\":\"https:\\\/\\\/lanuitdesours.lautre.net\\\/#website\"},\"primaryImageOfPage\":{\"@id\":\"https:\\\/\\\/lanuitdesours.lautre.net\\\/?p=1999#primaryimage\"},\"image\":{\"@id\":\"https:\\\/\\\/lanuitdesours.lautre.net\\\/?p=1999#primaryimage\"},\"thumbnailUrl\":\"https:\\\/\\\/lanuitdesours.lautre.net\\\/wp-content\\\/uploads\\\/2023\\\/07\\\/2019_tables.jpg\",\"datePublished\":\"2023-07-02T15:00:28+00:00\",\"dateModified\":\"2024-07-30T12:54:19+00:00\",\"description\":\"Deux soir\u00e9es festives \u00e0 Vallorcine pour l'inauguration (1er AO\u00dbT) et la cloture (8 AO\u00dbT) de LA NUIT DES OURS 2023.\",\"breadcrumb\":{\"@id\":\"https:\\\/\\\/lanuitdesours.lautre.net\\\/?p=1999#breadcrumb\"},\"inLanguage\":\"fr-FR\",\"potentialAction\":[{\"@type\":\"ReadAction\",\"target\":[\"https:\\\/\\\/lanuitdesours.lautre.net\\\/?p=1999\"]}]},{\"@type\":\"ImageObject\",\"inLanguage\":\"fr-FR\",\"@id\":\"https:\\\/\\\/lanuitdesours.lautre.net\\\/?p=1999#primaryimage\",\"url\":\"https:\\\/\\\/lanuitdesours.lautre.net\\\/wp-content\\\/uploads\\\/2023\\\/07\\\/2019_tables.jpg\",\"contentUrl\":\"https:\\\/\\\/lanuitdesours.lautre.net\\\/wp-content\\\/uploads\\\/2023\\\/07\\\/2019_tables.jpg\",\"width\":2048,\"height\":1365},{\"@type\":\"BreadcrumbList\",\"@id\":\"https:\\\/\\\/lanuitdesours.lautre.net\\\/?p=1999#breadcrumb\",\"itemListElement\":[{\"@type\":\"ListItem\",\"position\":1,\"name\":\"Accueil\",\"item\":\"https:\\\/\\\/lanuitdesours.lautre.net\\\/\"},{\"@type\":\"ListItem\",\"position\":2,\"name\":\"Inauguration &#038; F\u00eate de Cloture\"}]},{\"@type\":\"WebSite\",\"@id\":\"https:\\\/\\\/lanuitdesours.lautre.net\\\/#website\",\"url\":\"https:\\\/\\\/lanuitdesours.lautre.net\\\/\",\"name\":\"La Nuit des Ours\",\"description\":\"CR\u00c9ER C&#039;EST R\u00c9SISTER | R\u00c9SISTER C&#039;EST CR\u00c9ER\",\"publisher\":{\"@id\":\"https:\\\/\\\/lanuitdesours.lautre.net\\\/#organization\"},\"potentialAction\":[{\"@type\":\"SearchAction\",\"target\":{\"@type\":\"EntryPoint\",\"urlTemplate\":\"https:\\\/\\\/lanuitdesours.lautre.net\\\/?s={search_term_string}\"},\"query-input\":{\"@type\":\"PropertyValueSpecification\",\"valueRequired\":true,\"valueName\":\"search_term_string\"}}],\"inLanguage\":\"fr-FR\"},{\"@type\":\"Organization\",\"@id\":\"https:\\\/\\\/lanuitdesours.lautre.net\\\/#organization\",\"name\":\"Association LA NUIT DES OURS\",\"url\":\"https:\\\/\\\/lanuitdesours.lautre.net\\\/\",\"logo\":{\"@type\":\"ImageObject\",\"inLanguage\":\"fr-FR\",\"@id\":\"https:\\\/\\\/lanuitdesours.lautre.net\\\/#\\\/schema\\\/logo\\\/image\\\/\",\"url\":\"https:\\\/\\\/nuit-des-ours.com\\\/wp-content\\\/uploads\\\/2022\\\/07\\\/cropped-NDO_logo-noir_jaune.jpg\",\"contentUrl\":\"https:\\\/\\\/nuit-des-ours.com\\\/wp-content\\\/uploads\\\/2022\\\/07\\\/cropped-NDO_logo-noir_jaune.jpg\",\"width\":512,\"height\":512,\"caption\":\"Association LA NUIT DES OURS\"},\"image\":{\"@id\":\"https:\\\/\\\/lanuitdesours.lautre.net\\\/#\\\/schema\\\/logo\\\/image\\\/\"},\"sameAs\":[\"https:\\\/\\\/www.facebook.com\\\/lanuitdesours\\\/\",\"https:\\\/\\\/www.instagram.com\\\/lanuitdesours\\\/\"]},{\"@type\":\"Person\",\"@id\":\"https:\\\/\\\/lanuitdesours.lautre.net\\\/#\\\/schema\\\/person\\\/1f4500f2f631d9916d6b39f1c0ba934c\",\"name\":\"Cr\u00e9er c'est R\u00e9sister\",\"image\":{\"@type\":\"ImageObject\",\"inLanguage\":\"fr-FR\",\"@id\":\"https:\\\/\\\/secure.gravatar.com\\\/avatar\\\/08f4e38908e105d843bc2bab0e7af2243257415b61b5fe99e955c21a5f61fc2b?s=96&d=mm&r=g\",\"url\":\"https:\\\/\\\/secure.gravatar.com\\\/avatar\\\/08f4e38908e105d843bc2bab0e7af2243257415b61b5fe99e955c21a5f61fc2b?s=96&d=mm&r=g\",\"contentUrl\":\"https:\\\/\\\/secure.gravatar.com\\\/avatar\\\/08f4e38908e105d843bc2bab0e7af2243257415b61b5fe99e955c21a5f61fc2b?s=96&d=mm&r=g\",\"caption\":\"Cr\u00e9er c'est R\u00e9sister\"},\"sameAs\":[\"http:\\\/\\\/www.lanuitdesours.lautre.net\"],\"url\":\"https:\\\/\\\/lanuitdesours.lautre.net\\\/?author=1\"}]}<\/script>\n<!-- \/ Yoast SEO plugin. -->","yoast_head_json":{"title":"Inauguration & F\u00eate de Cloture - La Nuit des Ours Edition 2023","description":"Deux soir\u00e9es festives \u00e0 Vallorcine pour l'inauguration (1er AO\u00dbT) et la cloture (8 AO\u00dbT) de LA NUIT DES OURS 2023.","robots":{"index":"index","follow":"follow","max-snippet":"max-snippet:-1","max-image-preview":"max-image-preview:large","max-video-preview":"max-video-preview:-1"},"canonical":"https:\/\/lanuitdesours.lautre.net\/?p=1999","og_locale":"fr_FR","og_type":"article","og_title":"Inauguration & F\u00eate de Cloture - La Nuit des Ours Edition 2023","og_description":"Deux soir\u00e9es festives \u00e0 Vallorcine pour l'inauguration (1er AO\u00dbT) et la cloture (8 AO\u00dbT) de LA NUIT DES OURS 2023.","og_url":"https:\/\/lanuitdesours.lautre.net\/?p=1999","og_site_name":"La Nuit des Ours","article_publisher":"https:\/\/www.facebook.com\/lanuitdesours\/","article_published_time":"2023-07-02T15:00:28+00:00","article_modified_time":"2024-07-30T12:54:19+00:00","og_image":[{"width":2048,"height":1365,"url":"https:\/\/lanuitdesours.lautre.net\/wp-content\/uploads\/2023\/07\/2019_tables.jpg","type":"image\/jpeg"}],"author":"Cr\u00e9er c'est R\u00e9sister","twitter_card":"summary_large_image","twitter_misc":{"\u00c9crit par":"Cr\u00e9er c'est R\u00e9sister","Dur\u00e9e de lecture estim\u00e9e":"2 minutes"},"schema":{"@context":"https:\/\/schema.org","@graph":[{"@type":"Article","@id":"https:\/\/lanuitdesours.lautre.net\/?p=1999#article","isPartOf":{"@id":"https:\/\/lanuitdesours.lautre.net\/?p=1999"},"author":{"name":"Cr\u00e9er c'est R\u00e9sister","@id":"https:\/\/lanuitdesours.lautre.net\/#\/schema\/person\/1f4500f2f631d9916d6b39f1c0ba934c"},"headline":"Inauguration &#038; F\u00eate de Cloture","datePublished":"2023-07-02T15:00:28+00:00","dateModified":"2024-07-30T12:54:19+00:00","mainEntityOfPage":{"@id":"https:\/\/lanuitdesours.lautre.net\/?p=1999"},"wordCount":240,"publisher":{"@id":"https:\/\/lanuitdesours.lautre.net\/#organization"},"image":{"@id":"https:\/\/lanuitdesours.lautre.net\/?p=1999#primaryimage"},"thumbnailUrl":"https:\/\/lanuitdesours.lautre.net\/wp-content\/uploads\/2023\/07\/2019_tables.jpg","articleSection":["Edition 2023"],"inLanguage":"fr-FR"},{"@type":"WebPage","@id":"https:\/\/lanuitdesours.lautre.net\/?p=1999","url":"https:\/\/lanuitdesours.lautre.net\/?p=1999","name":"Inauguration & F\u00eate de Cloture - La Nuit des Ours Edition 2023","isPartOf":{"@id":"https:\/\/lanuitdesours.lautre.net\/#website"},"primaryImageOfPage":{"@id":"https:\/\/lanuitdesours.lautre.net\/?p=1999#primaryimage"},"image":{"@id":"https:\/\/lanuitdesours.lautre.net\/?p=1999#primaryimage"},"thumbnailUrl":"https:\/\/lanuitdesours.lautre.net\/wp-content\/uploads\/2023\/07\/2019_tables.jpg","datePublished":"2023-07-02T15:00:28+00:00","dateModified":"2024-07-30T12:54:19+00:00","description":"Deux soir\u00e9es festives \u00e0 Vallorcine pour l'inauguration (1er AO\u00dbT) et la cloture (8 AO\u00dbT) de LA NUIT DES OURS 2023.","breadcrumb":{"@id":"https:\/\/lanuitdesours.lautre.net\/?p=1999#breadcrumb"},"inLanguage":"fr-FR","potentialAction":[{"@type":"ReadAction","target":["https:\/\/lanuitdesours.lautre.net\/?p=1999"]}]},{"@type":"ImageObject","inLanguage":"fr-FR","@id":"https:\/\/lanuitdesours.lautre.net\/?p=1999#primaryimage","url":"https:\/\/lanuitdesours.lautre.net\/wp-content\/uploads\/2023\/07\/2019_tables.jpg","contentUrl":"https:\/\/lanuitdesours.lautre.net\/wp-content\/uploads\/2023\/07\/2019_tables.jpg","width":2048,"height":1365},{"@type":"BreadcrumbList","@id":"https:\/\/lanuitdesours.lautre.net\/?p=1999#breadcrumb","itemListElement":[{"@type":"ListItem","position":1,"name":"Accueil","item":"https:\/\/lanuitdesours.lautre.net\/"},{"@type":"ListItem","position":2,"name":"Inauguration &#038; F\u00eate de Cloture"}]},{"@type":"WebSite","@id":"https:\/\/lanuitdesours.lautre.net\/#website","url":"https:\/\/lanuitdesours.lautre.net\/","name":"La Nuit des Ours","description":"CR\u00c9ER C&#039;EST R\u00c9SISTER | R\u00c9SISTER C&#039;EST CR\u00c9ER","publisher":{"@id":"https:\/\/lanuitdesours.lautre.net\/#organization"},"potentialAction":[{"@type":"SearchAction","target":{"@type":"EntryPoint","urlTemplate":"https:\/\/lanuitdesours.lautre.net\/?s={search_term_string}"},"query-input":{"@type":"PropertyValueSpecification","valueRequired":true,"valueName":"search_term_string"}}],"inLanguage":"fr-FR"},{"@type":"Organization","@id":"https:\/\/lanuitdesours.lautre.net\/#organization","name":"Association LA NUIT DES OURS","url":"https:\/\/lanuitdesours.lautre.net\/","logo":{"@type":"ImageObject","inLanguage":"fr-FR","@id":"https:\/\/lanuitdesours.lautre.net\/#\/schema\/logo\/image\/","url":"https:\/\/nuit-des-ours.com\/wp-content\/uploads\/2022\/07\/cropped-NDO_logo-noir_jaune.jpg","contentUrl":"https:\/\/nuit-des-ours.com\/wp-content\/uploads\/2022\/07\/cropped-NDO_logo-noir_jaune.jpg","width":512,"height":512,"caption":"Association LA NUIT DES OURS"},"image":{"@id":"https:\/\/lanuitdesours.lautre.net\/#\/schema\/logo\/image\/"},"sameAs":["https:\/\/www.facebook.com\/lanuitdesours\/","https:\/\/www.instagram.com\/lanuitdesours\/"]},{"@type":"Person","@id":"https:\/\/lanuitdesours.lautre.net\/#\/schema\/person\/1f4500f2f631d9916d6b39f1c0ba934c","name":"Cr\u00e9er c'est R\u00e9sister","image":{"@type":"ImageObject","inLanguage":"fr-FR","@id":"https:\/\/secure.gravatar.com\/avatar\/08f4e38908e105d843bc2bab0e7af2243257415b61b5fe99e955c21a5f61fc2b?s=96&d=mm&r=g","url":"https:\/\/secure.gravatar.com\/avatar\/08f4e38908e105d843bc2bab0e7af2243257415b61b5fe99e955c21a5f61fc2b?s=96&d=mm&r=g","contentUrl":"https:\/\/secure.gravatar.com\/avatar\/08f4e38908e105d843bc2bab0e7af2243257415b61b5fe99e955c21a5f61fc2b?s=96&d=mm&r=g","caption":"Cr\u00e9er c'est R\u00e9sister"},"sameAs":["http:\/\/www.lanuitdesours.lautre.net"],"url":"https:\/\/lanuitdesours.lautre.net\/?author=1"}]}},"_links":{"self":[{"href":"https:\/\/lanuitdesours.lautre.net\/index.php?rest_route=\/wp\/v2\/posts\/1999","targetHints":{"allow":["GET"]}}],"collection":[{"href":"https:\/\/lanuitdesours.lautre.net\/index.php?rest_route=\/wp\/v2\/posts"}],"about":[{"href":"https:\/\/lanuitdesours.lautre.net\/index.php?rest_route=\/wp\/v2\/types\/post"}],"author":[{"embeddable":true,"href":"https:\/\/lanuitdesours.lautre.net\/index.php?rest_route=\/wp\/v2\/users\/1"}],"replies":[{"embeddable":true,"href":"https:\/\/lanuitdesours.lautre.net\/index.php?rest_route=%2Fwp%2Fv2%2Fcomments&post=1999"}],"version-history":[{"count":16,"href":"https:\/\/lanuitdesours.lautre.net\/index.php?rest_route=\/wp\/v2\/posts\/1999\/revisions"}],"predecessor-version":[{"id":3774,"href":"https:\/\/lanuitdesours.lautre.net\/index.php?rest_route=\/wp\/v2\/posts\/1999\/revisions\/3774"}],"wp:featuredmedia":[{"embeddable":true,"href":"https:\/\/lanuitdesours.lautre.net\/index.php?rest_route=\/wp\/v2\/media\/2033"}],"wp:attachment":[{"href":"https:\/\/lanuitdesours.lautre.net\/index.php?rest_route=%2Fwp%2Fv2%2Fmedia&parent=1999"}],"wp:term":[{"taxonomy":"category","embeddable":true,"href":"https:\/\/lanuitdesours.lautre.net\/index.php?rest_route=%2Fwp%2Fv2%2Fcategories&post=1999"},{"taxonomy":"post_tag","embeddable":true,"href":"https:\/\/lanuitdesours.lautre.net\/index.php?rest_route=%2Fwp%2Fv2%2Ftags&post=1999"}],"curies":[{"name":"wp","href":"https:\/\/api.w.org\/{rel}","templated":true}]}}