{"id":1901,"date":"2023-07-03T17:00:22","date_gmt":"2023-07-03T15:00:22","guid":{"rendered":"https:\/\/nuit-des-ours.com\/?p=1901"},"modified":"2023-07-30T15:17:09","modified_gmt":"2023-07-30T13:17:09","slug":"rester-vivant","status":"publish","type":"post","link":"https:\/\/lanuitdesours.lautre.net\/?p=1901","title":{"rendered":"RESTER VIVANT"},"content":{"rendered":"\n<h1 class=\"wp-block-heading\">RESTER VIVANT, 2, 3 &amp; 4 AO\u00dbT<\/h1>\n\n\n\n<div class=\"wp-block-group\"><div class=\"wp-block-group__inner-container is-layout-constrained wp-block-group-is-layout-constrained\">\n<div class=\"wp-block-group\"><div class=\"wp-block-group__inner-container is-layout-constrained wp-block-group-is-layout-constrained\">\n<h6 class=\"wp-block-heading\"><strong>#1 une graine pour demain<\/strong><\/h6>\n\n\n\n<h3 class=\"wp-block-heading\"><mark style=\"background-color:#ff0099\" class=\"has-inline-color\"><strong>LA BIODIVERSIT\u00c9 : DU LOCAL AU GLOBAL, <\/strong><br><strong>DE LA SANT\u00c9 DES ECOSYST\u00c8MES \u00c0 LA SANT\u00c9 HUMAINE<\/strong><\/mark><\/h3>\n<\/div><\/div>\n<\/div><\/div>\n\n\n\n<div style=\"height:50px\" aria-hidden=\"true\" class=\"wp-block-spacer\"><\/div>\n\n\n\n<div class=\"wp-block-columns is-layout-flex wp-container-core-columns-is-layout-8f761849 wp-block-columns-is-layout-flex\">\n<div class=\"wp-block-column is-layout-flow wp-block-column-is-layout-flow\">\n<blockquote class=\"wp-block-quote is-layout-flow wp-block-quote-is-layout-flow\">\n<p class=\"wp-block-paragraph\"><strong>Comment la destruction massive de la biodiversit\u00e9 impacte la sant\u00e9 des \u00e9cosyst\u00e8mes jusqu\u2019\u00e0 la sant\u00e9 humaine, avec pour cons\u00e9quence les pand\u00e9mies que nous connaissons, et celles \u00e0 venir&#8230; <\/strong><\/p>\n\n\n\n<p class=\"wp-block-paragraph\"><br><strong>Pr\u00e9server la biodiversit\u00e9, c\u2019est prot\u00e9ger la sant\u00e9 des \u00e9cosyst\u00e8mes, et donc aussi la n\u00f4tre !<\/strong><\/p>\n<\/blockquote>\n<\/div>\n\n\n\n<div class=\"wp-block-column is-layout-flow wp-block-column-is-layout-flow\">\n<figure class=\"wp-block-gallery has-nested-images columns-default is-cropped wp-block-gallery-1 is-layout-flex wp-block-gallery-is-layout-flex\">\n<figure class=\"wp-block-image size-full\"><img loading=\"lazy\" decoding=\"async\" width=\"720\" height=\"537\" data-id=\"2469\" src=\"https:\/\/nuit-des-ours.com\/wp-content\/uploads\/2023\/07\/Affiche-LFDP-EVENT-720x537-1.jpg\" alt=\"\" class=\"wp-image-2469\" srcset=\"https:\/\/lanuitdesours.lautre.net\/wp-content\/uploads\/2023\/07\/Affiche-LFDP-EVENT-720x537-1.jpg 720w, https:\/\/lanuitdesours.lautre.net\/wp-content\/uploads\/2023\/07\/Affiche-LFDP-EVENT-720x537-1-300x224.jpg 300w, https:\/\/lanuitdesours.lautre.net\/wp-content\/uploads\/2023\/07\/Affiche-LFDP-EVENT-720x537-1-402x300.jpg 402w\" sizes=\"auto, (max-width: 720px) 100vw, 720px\" \/><\/figure>\n<\/figure>\n<\/div>\n<\/div>\n\n\n\n<div style=\"height:50px\" aria-hidden=\"true\" class=\"wp-block-spacer\"><\/div>\n\n\n\n<div class=\"wp-block-group\"><div class=\"wp-block-group__inner-container is-layout-constrained wp-block-group-is-layout-constrained\">\n<p class=\"wp-block-paragraph\" style=\"font-size:18px\"><strong><mark style=\"background-color:rgba(0, 0, 0, 0)\" class=\"has-inline-color has-accent-1-color\">RESTER VIVANT<\/mark><\/strong> est un espace-temps d\u2019\u00e9change, de coop\u00e9ration, et d\u2019exploration o\u00f9 l\u2019on s\u2019interroge sur notre rapport au monde, en partenariat avec <a href=\"https:\/\/lapetiteuniversite.net\/\" target=\"_blank\" rel=\"noreferrer noopener\">La Petite Universit\u00e9 de Chamonix<\/a>, Le <a href=\"http:\/\/boutchaboutch.com\/\" target=\"_blank\" rel=\"noreferrer noopener\">Boutch \u00e0 Boutch<\/a>, <a href=\"https:\/\/www.helloasso.com\/associations\/zouz-collective\" target=\"_blank\" rel=\"noreferrer noopener\">Zouz Collective<\/a> et <a href=\"https:\/\/www.cinemavox-chamonix.com\/les-amis-du-cinema\/\" target=\"_blank\" rel=\"noreferrer noopener\">Les Amis du Cin\u00e9ma de Chamonix<\/a>. <\/p>\n\n\n\n<figure class=\"wp-block-gallery has-nested-images columns-5 is-cropped wp-block-gallery-2 is-layout-flex wp-block-gallery-is-layout-flex\">\n<figure class=\"wp-block-image size-full\"><img loading=\"lazy\" decoding=\"async\" width=\"1600\" height=\"450\" data-id=\"279\" src=\"https:\/\/nuit-des-ours.com\/wp-content\/uploads\/2022\/07\/Rester-vivant_J1.jpg\" alt=\"\" class=\"wp-image-279\" srcset=\"https:\/\/lanuitdesours.lautre.net\/wp-content\/uploads\/2022\/07\/Rester-vivant_J1.jpg 1600w, https:\/\/lanuitdesours.lautre.net\/wp-content\/uploads\/2022\/07\/Rester-vivant_J1-300x84.jpg 300w, https:\/\/lanuitdesours.lautre.net\/wp-content\/uploads\/2022\/07\/Rester-vivant_J1-1024x288.jpg 1024w, https:\/\/lanuitdesours.lautre.net\/wp-content\/uploads\/2022\/07\/Rester-vivant_J1-768x216.jpg 768w, https:\/\/lanuitdesours.lautre.net\/wp-content\/uploads\/2022\/07\/Rester-vivant_J1-1536x432.jpg 1536w, https:\/\/lanuitdesours.lautre.net\/wp-content\/uploads\/2022\/07\/Rester-vivant_J1-496x140.jpg 496w\" sizes=\"auto, (max-width: 1600px) 100vw, 1600px\" \/><figcaption class=\"wp-element-caption\">\u24b8 Kyo Acerbis Kitayama @kyoak<\/figcaption><\/figure>\n<\/figure>\n<\/div><\/div>\n\n\n\n<div style=\"height:50px\" aria-hidden=\"true\" class=\"wp-block-spacer\"><\/div>\n\n\n\n<h5 class=\"wp-block-heading\"><strong>Informations pratiques :<\/strong><\/h5>\n\n\n\n<ul class=\"wp-block-list\">\n<li><strong>Participation gratuite<\/strong> (hors cin\u00e9ma et repas) <strong>pour les adh\u00e9rent.e.s \u00e0 au moins une des associations partenaires<\/strong> : <a href=\"https:\/\/lapetiteuniversite.net\/\" target=\"_blank\" rel=\"noreferrer noopener\">La Petite Universit\u00e9 de Chamonix<\/a>, Le <a href=\"http:\/\/boutchaboutch.com\/\" target=\"_blank\" rel=\"noreferrer noopener\">Boutch \u00e0 Boutch<\/a>, <a href=\"https:\/\/www.helloasso.com\/associations\/zouz-collective\" target=\"_blank\" rel=\"noreferrer noopener\">Zouz Collective<\/a>, <a href=\"https:\/\/www.cinemavox-chamonix.com\/les-amis-du-cinema\/\" target=\"_blank\" rel=\"noreferrer noopener\">Les Amis du Cin\u00e9ma<\/a>, La Nuit des Ours. <\/li>\n\n\n\n<li>Jauge limit\u00e9e, inscription obligatoire sur helloasso. <\/li>\n\n\n\n<li>Un des objectifs \u00e9tant de cr\u00e9er du lien, votre pr\u00e9sence est souhait\u00e9e sur les 3 jours, mais bienvenue tout de m\u00eame si vous ne pouvez participer qu\u2019\u00e0 certaines activit\u00e9s !<\/li>\n<\/ul>\n\n\n\n<div class=\"wp-block-buttons is-layout-flex wp-block-buttons-is-layout-flex\">\n<div class=\"wp-block-button is-style-outline is-style-outline--3\"><a class=\"wp-block-button__link has-normal-font-size has-custom-font-size wp-element-button\" href=\"https:\/\/www.helloasso.com\/associations\/la-nuit-des-ours\/evenements\/rester-vivant-6-7-et-8-aout-edition-2025\" style=\"border-radius:0px\" target=\"_blank\" rel=\"noreferrer noopener\">PARTICIPER<\/a><\/div>\n<\/div>\n\n\n\n<div style=\"height:50px\" aria-hidden=\"true\" class=\"wp-block-spacer\"><\/div>\n\n\n\n<h5 class=\"wp-block-heading\"><strong>Programme de RESTER VIVANT :<\/strong><\/h5>\n\n\n\n<h3 class=\"wp-block-heading\"><strong>MERCREDI 2 AO\u00dbT (exceptionnellement \u00e0 Chamonix) : <\/strong><br><strong><mark style=\"background-color:rgba(0, 0, 0, 0)\" class=\"has-inline-color has-accent-2-color\">LA BIODIVERSIT\u00c9, DU LOCAL AU GLOBAL<\/mark><\/strong><\/h3>\n\n\n\n<div class=\"wp-block-columns is-layout-flex wp-container-core-columns-is-layout-8f761849 wp-block-columns-is-layout-flex\">\n<div class=\"wp-block-column is-layout-flow wp-block-column-is-layout-flow\">\n<ul class=\"wp-block-list\">\n<li><em><strong><mark style=\"background-color:rgba(0, 0, 0, 0)\" class=\"has-inline-color has-accent-1-color\">RDV au Jardin des Barrats (gare des Moussoux)<\/mark><\/strong><\/em><\/li>\n\n\n\n<li><mark style=\"background-color:rgba(0, 0, 0, 0)\" class=\"has-inline-color has-accent-1-color\">13h &#8211; 15h :<\/mark> <strong>Atelier sur la biodiversit\u00e9 au jardin \u00ab Permaculture, compost &amp; autonomie nourrici\u00e8re \u00bb.<\/strong> Avec Guillaume Praz &amp; Joseph Brizzi (Boutch \u00e0 Boutch), David Vallas (mara\u00eecher bio) &amp; invit\u00e9.e.s.<\/li>\n\n\n\n<li><mark style=\"background-color:rgba(0, 0, 0, 0)\" class=\"has-inline-color has-accent-1-color\">15h : (D\u00e9part du Jardin)<\/mark> <strong>Atelier sur la biodiversit\u00e9 en for\u00eat : \u00ab Pourquoi les \u00e9pic\u00e9as meurent-ils ? \u00bb.<\/strong> Avec le Bostryche (petit col\u00e9opt\u00e8re ligniforme).<\/li>\n\n\n\n<li><mark style=\"background-color:rgba(0, 0, 0, 0)\" class=\"has-inline-color has-accent-1-color\">18h :<\/mark> <strong>Film documentaire \u00ab <a href=\"https:\/\/lafabriquedespandemies.com\/\" target=\"_blank\" rel=\"noreferrer noopener\">LA FABRIQUE DES PAND\u00c9MIES<\/a> \u00bb<\/strong> de Marie-Monique Robin. <mark style=\"background-color:rgba(0, 0, 0, 0)\" class=\"has-inline-color has-accent-1-color\">Au Cin\u00e9ma Vox<\/mark> (5\u20ac adh\u00e9rent.e.s \/ 10,50\u20ac).<\/li>\n\n\n\n<li><mark style=\"background-color:rgba(0, 0, 0, 0)\" class=\"has-inline-color has-accent-1-color\">21h :<\/mark> Possibilit\u00e9 de rejoindre le <strong>concert de <a href=\"https:\/\/la-meute.net\/\" target=\"_blank\" rel=\"noreferrer noopener\">LA MEUTE<\/a>, po\u00e9sie sauvage<\/strong> au Roland.<\/li>\n<\/ul>\n<\/div>\n\n\n\n<div class=\"wp-block-column is-vertically-aligned-bottom is-layout-flow wp-block-column-is-layout-flow\">\n<figure class=\"wp-block-embed is-type-video is-provider-youtube wp-block-embed-youtube wp-embed-aspect-16-9 wp-has-aspect-ratio\"><div class=\"wp-block-embed__wrapper\">\n<iframe loading=\"lazy\" title=\"La Fabrique des Pand\u00e9mies - Bande annonce\" width=\"1032\" height=\"581\" src=\"https:\/\/www.youtube.com\/embed\/goSMydAsF1k?feature=oembed\" frameborder=\"0\" allow=\"accelerometer; autoplay; clipboard-write; encrypted-media; gyroscope; picture-in-picture; web-share\" allowfullscreen><\/iframe>\n<\/div><\/figure>\n<\/div>\n<\/div>\n\n\n\n<div class=\"wp-block-buttons is-layout-flex wp-block-buttons-is-layout-flex\">\n<div class=\"wp-block-button is-style-outline is-style-outline--4\"><a class=\"wp-block-button__link has-normal-font-size has-custom-font-size wp-element-button\" href=\"https:\/\/www.helloasso.com\/associations\/la-nuit-des-ours\/evenements\/rester-vivant-6-7-et-8-aout-edition-2025\" style=\"border-radius:0px\" target=\"_blank\" rel=\"noreferrer noopener\">PARTICIPER<\/a><\/div>\n<\/div>\n\n\n\n<h3 class=\"wp-block-heading\"><strong>JEUDI 3 AO\u00dbT (Vallorcine) : <\/strong><br><strong><mark style=\"background-color:rgba(0, 0, 0, 0)\" class=\"has-inline-color has-accent-2-color\">DE LA SANT\u00c9 DES ECOSYST\u00c8MES \u00c0 LA SANT\u00c9 HUMAINE<\/mark><\/strong><\/h3>\n\n\n\n<ul class=\"wp-block-list\">\n<li><em><strong><mark style=\"background-color:rgba(0, 0, 0, 0)\" class=\"has-inline-color has-accent-1-color\">RDV \u00e0 la buvette de LA POYA (gare du Buet)<\/mark><\/strong><\/em><\/li>\n\n\n\n<li><mark style=\"background-color:rgba(0, 0, 0, 0)\" class=\"has-inline-color has-accent-1-color\">10h &#8211; 12h :<\/mark> Balade botanique <strong>\u00ab Les plantes de la cueillette \u00bb.<\/strong> Avec C\u00e9cile Borghini (botaniste) &amp; <a href=\"http:\/\/www.xavierdun.com\/\" target=\"_blank\" rel=\"noreferrer noopener\">Xavier Dunand<\/a> (herbaliste).<\/li>\n\n\n\n<li><mark style=\"background-color:rgba(0, 0, 0, 0)\" class=\"has-inline-color has-accent-1-color\">13h30 &#8211; 16h :<\/mark> <strong>TABLE RONDE \u00ab Pourquoi pr\u00e9server la biodiversit\u00e9, c\u2019est aussi prot\u00e9ger notre sant\u00e9 ? Vers une approche globale de la sant\u00e9 humaine \u00bb.<\/strong> Avec Marion Guitteny (conservatrice des R\u00e9serves Naturelles des Aiguilles Rouges), Coralie Amar (v\u00e9t\u00e9rinaire), Elsa Marin (m\u00e9decin addictologue) &amp; invit\u00e9.e.s.<\/li>\n\n\n\n<li><mark style=\"background-color:rgba(0, 0, 0, 0)\" class=\"has-inline-color has-accent-1-color\">18h :<\/mark> <strong>Atelier de design culinaire &amp; ap\u00e9ro avec les plantes de la cueillette \u00ab Entre \u00e9cosyst\u00e8me et cuisine po\u00e9tique \u00bb<\/strong> \u00e0 la <mark style=\"background-color:rgba(0, 0, 0, 0)\" class=\"has-inline-color has-accent-1-color\">Cascade de B\u00e9rard<\/mark>. Avec <a href=\"https:\/\/www.bettinperrine.com\/\" target=\"_blank\" rel=\"noreferrer noopener\">Perrine Bettin<\/a> (designer culinaire).<\/li>\n\n\n\n<li><mark style=\"background-color:rgba(0, 0, 0, 0)\" class=\"has-inline-color has-accent-1-color\">20h :<\/mark> <strong>Soir\u00e9e \u00ab \u00c9cosyst\u00e8me po\u00e9tique \u00bb<\/strong> \u00e0 la Cascade de B\u00e9rard. Avec <a href=\"https:\/\/www.andre-lariviere.fr\/\" target=\"_blank\" rel=\"noreferrer noopener\">Andr\u00e9 Larivi\u00e8re<\/a> (jardinier nomade, po\u00e8te militant, passeur de philosophie sans en avoir l\u2019air). <mark style=\"background-color:rgba(0, 0, 0, 0)\" class=\"has-inline-color has-accent-2-color\">Repas 25 \u20ac, sur r\u00e9servation.<\/mark><\/li>\n<\/ul>\n\n\n\n<div class=\"wp-block-buttons is-layout-flex wp-block-buttons-is-layout-flex\">\n<div class=\"wp-block-button is-style-outline is-style-outline--5\"><a class=\"wp-block-button__link has-normal-font-size has-custom-font-size wp-element-button\" href=\"https:\/\/www.helloasso.com\/associations\/la-nuit-des-ours\/evenements\/rester-vivant-6-7-et-8-aout-edition-2025\" style=\"border-radius:0px\" target=\"_blank\" rel=\"noreferrer noopener\">PARTICIPER<\/a><\/div>\n<\/div>\n\n\n\n<h3 class=\"wp-block-heading\"><strong>VENDREDI 4 AO\u00dbT (Vallorcine) : <\/strong><br><strong><mark style=\"background-color:rgba(0, 0, 0, 0)\" class=\"has-inline-color has-accent-2-color\">LA FABRIQUE DES UTOPIES<\/mark><\/strong><\/h3>\n\n\n\n<ul class=\"wp-block-list\">\n<li><em><strong><mark style=\"background-color:rgba(0, 0, 0, 0)\" class=\"has-inline-color has-accent-1-color\">RDV \u00e0 la Ruche (gare de Vallorcine)<\/mark><\/strong><\/em><\/li>\n\n\n\n<li><mark style=\"background-color:rgba(0, 0, 0, 0)\" class=\"has-inline-color has-accent-1-color\">11h :<\/mark> <strong>Spectacle avec 3 poules \u00ab <a href=\"http:\/\/www.aufilduvent.com\/spectacles\/j-ai-plante-un-oeuf\" target=\"_blank\" rel=\"noreferrer noopener\">J\u2019ai plant\u00e9 un oeuf<\/a> \u00bb<\/strong> par la Cie Au fil du vent. Tout public (d\u00e8s 3 ans). Odyss\u00e9e gallinac\u00e9e de salon qui interroge les cycles de la vie. Qui de l\u2019\u0153uf ou la poule est arriv\u00e9 le premier ? (&#8230;) Un temps de discussion est pr\u00e9vu apr\u00e8s le spectacle.<\/li>\n\n\n\n<li><mark style=\"background-color:rgba(0, 0, 0, 0)\" class=\"has-inline-color has-accent-1-color\">12h30 : (On se d\u00e9place vers LA POYA)<\/mark> Apportez votre miam pour un <strong>Pique-nique &amp; lecture participative \u00ab Utopies et dystopies au c\u0153ur de nos assiettes ! \u00bb<\/strong> Les participant.e.s sont invit\u00e9.e.s \u00e0 lire des extraits d\u2019un portrait de la France contemporaine qui dessine les contours de \u00ab Se nourrir en 2021 \u00bb.<\/li>\n\n\n\n<li><mark style=\"background-color:rgba(0, 0, 0, 0)\" class=\"has-inline-color has-accent-1-color\">14h &#8211; 16h30 :<\/mark> <strong><strong>\u00ab <\/strong>LA FABRIQUE DES UTOPIES<strong> \u00bb<\/strong>, rencontre des initiatives citoyennes vers un rapport plus \u00ab sain \u00bb \u00e0 la biodiversit\u00e9<\/strong>. Avec David Vallas (mara\u00eecher bio), Pascal Borghini (<a href=\"https:\/\/haute-savoie.confederationpaysanne.fr\/\" target=\"_blank\" rel=\"noreferrer noopener\">Conf\u00e9d\u00e9ration paysanne Haute-Savoie<\/a>), <a href=\"https:\/\/www.andre-lariviere.fr\/\" target=\"_blank\" rel=\"noreferrer noopener\">Andr\u00e9 Larivi\u00e8re<\/a> (maison autonome et production de semences) &amp; invit\u00e9.e.s.\u00a0<\/li>\n\n\n\n<li><mark style=\"background-color:rgba(0, 0, 0, 0)\" class=\"has-inline-color has-accent-1-color\">17h : <\/mark><strong>Atelier de d\u00e9couverte et d\u00e9gustation de vins \u00ab In Vino Veritas ! Biodiversit\u00e9 des vignes &amp; biodynamie \u00bb<\/strong>. Avec <a href=\"https:\/\/marta-vini.com\/\" target=\"_blank\" rel=\"noreferrer noopener\">Marta Vini<\/a> (exploratrice &amp; importatrice de vins respectueux de la Terre).<\/li>\n<\/ul>\n\n\n\n<div class=\"wp-block-buttons is-layout-flex wp-block-buttons-is-layout-flex\">\n<div class=\"wp-block-button is-style-outline is-style-outline--6\"><a class=\"wp-block-button__link has-normal-font-size has-custom-font-size wp-element-button\" href=\"https:\/\/www.helloasso.com\/associations\/la-nuit-des-ours\/evenements\/rester-vivant-6-7-et-8-aout-edition-2025\" style=\"border-radius:0px\" target=\"_blank\" rel=\"noreferrer noopener\">PARTICIPER<\/a><\/div>\n<\/div>\n","protected":false},"excerpt":{"rendered":"<p>RESTER VIVANT, 2, 3 &#038; 4 AO\u00dbT 2023. Un espace-temps d\u2019\u00e9change, de coop\u00e9ration, et d\u2019exploration o\u00f9 l\u2019on s\u2019interroge sur notre rapport au monde. #1 une graine pour demain \/ LA BIODIVERSIT\u00c9 : DU LOCAL AU GLOBAL, DE LA SANT\u00c9 DES ECOSYST\u00c8MES \u00c0 LA SANT\u00c9 HUMAINE. Sur inscription. <\/p>\n","protected":false},"author":1,"featured_media":2221,"comment_status":"closed","ping_status":"closed","sticky":false,"template":"","format":"standard","meta":{"footnotes":""},"categories":[33],"tags":[],"class_list":["post-1901","post","type-post","status-publish","format-standard","has-post-thumbnail","hentry","category-edition-2023"],"yoast_head":"<!-- This site is optimized with the Yoast SEO plugin v28.3 - https:\/\/yoast.com\/product\/yoast-seo-wordpress\/ -->\n<title>RESTER VIVANT - La Nuit des Ours Edition 2023<\/title>\n<meta name=\"description\" content=\"2, 3 &amp; 4 AO\u00dbT 2023. RESTER VIVANT est un espace-temps d\u2019\u00e9change, de coop\u00e9ration, d\u2019exploration &amp; d&#039;interrogation sur notre rapport au monde.\" \/>\n<meta name=\"robots\" content=\"index, follow, max-snippet:-1, max-image-preview:large, max-video-preview:-1\" \/>\n<link rel=\"canonical\" href=\"https:\/\/lanuitdesours.lautre.net\/?p=1901\" \/>\n<meta property=\"og:locale\" content=\"fr_FR\" \/>\n<meta property=\"og:type\" content=\"article\" \/>\n<meta property=\"og:title\" content=\"RESTER VIVANT - La Nuit des Ours Edition 2023\" \/>\n<meta property=\"og:description\" content=\"2, 3 &amp; 4 AO\u00dbT 2023. RESTER VIVANT est un espace-temps d\u2019\u00e9change, de coop\u00e9ration, d\u2019exploration &amp; d&#039;interrogation sur notre rapport au monde.\" \/>\n<meta property=\"og:url\" content=\"https:\/\/lanuitdesours.lautre.net\/?p=1901\" \/>\n<meta property=\"og:site_name\" content=\"La Nuit des Ours\" \/>\n<meta property=\"article:publisher\" content=\"https:\/\/www.facebook.com\/lanuitdesours\/\" \/>\n<meta property=\"article:published_time\" content=\"2023-07-03T15:00:22+00:00\" \/>\n<meta property=\"article:modified_time\" content=\"2023-07-30T13:17:09+00:00\" \/>\n<meta property=\"og:image\" content=\"https:\/\/lanuitdesours.lautre.net\/wp-content\/uploads\/2023\/06\/20230615_193400-scaled.jpg\" \/>\n\t<meta property=\"og:image:width\" content=\"1440\" \/>\n\t<meta property=\"og:image:height\" content=\"2560\" \/>\n\t<meta property=\"og:image:type\" content=\"image\/jpeg\" \/>\n<meta name=\"author\" content=\"Cr\u00e9er c&#039;est R\u00e9sister\" \/>\n<meta name=\"twitter:card\" content=\"summary_large_image\" \/>\n<meta name=\"twitter:label1\" content=\"\u00c9crit par\" \/>\n\t<meta name=\"twitter:data1\" content=\"Cr\u00e9er c&#039;est R\u00e9sister\" \/>\n\t<meta name=\"twitter:label2\" content=\"Dur\u00e9e de lecture estim\u00e9e\" \/>\n\t<meta name=\"twitter:data2\" content=\"4 minutes\" \/>\n<script type=\"application\/ld+json\" class=\"yoast-schema-graph\">{\"@context\":\"https:\\\/\\\/schema.org\",\"@graph\":[{\"@type\":\"Article\",\"@id\":\"https:\\\/\\\/lanuitdesours.lautre.net\\\/?p=1901#article\",\"isPartOf\":{\"@id\":\"https:\\\/\\\/lanuitdesours.lautre.net\\\/?p=1901\"},\"author\":{\"name\":\"Cr\u00e9er c'est R\u00e9sister\",\"@id\":\"https:\\\/\\\/lanuitdesours.lautre.net\\\/#\\\/schema\\\/person\\\/1f4500f2f631d9916d6b39f1c0ba934c\"},\"headline\":\"RESTER VIVANT\",\"datePublished\":\"2023-07-03T15:00:22+00:00\",\"dateModified\":\"2023-07-30T13:17:09+00:00\",\"mainEntityOfPage\":{\"@id\":\"https:\\\/\\\/lanuitdesours.lautre.net\\\/?p=1901\"},\"wordCount\":672,\"publisher\":{\"@id\":\"https:\\\/\\\/lanuitdesours.lautre.net\\\/#organization\"},\"image\":{\"@id\":\"https:\\\/\\\/lanuitdesours.lautre.net\\\/?p=1901#primaryimage\"},\"thumbnailUrl\":\"https:\\\/\\\/lanuitdesours.lautre.net\\\/wp-content\\\/uploads\\\/2023\\\/06\\\/20230615_193400-scaled.jpg\",\"articleSection\":[\"Edition 2023\"],\"inLanguage\":\"fr-FR\"},{\"@type\":\"WebPage\",\"@id\":\"https:\\\/\\\/lanuitdesours.lautre.net\\\/?p=1901\",\"url\":\"https:\\\/\\\/lanuitdesours.lautre.net\\\/?p=1901\",\"name\":\"RESTER VIVANT - La Nuit des Ours Edition 2023\",\"isPartOf\":{\"@id\":\"https:\\\/\\\/lanuitdesours.lautre.net\\\/#website\"},\"primaryImageOfPage\":{\"@id\":\"https:\\\/\\\/lanuitdesours.lautre.net\\\/?p=1901#primaryimage\"},\"image\":{\"@id\":\"https:\\\/\\\/lanuitdesours.lautre.net\\\/?p=1901#primaryimage\"},\"thumbnailUrl\":\"https:\\\/\\\/lanuitdesours.lautre.net\\\/wp-content\\\/uploads\\\/2023\\\/06\\\/20230615_193400-scaled.jpg\",\"datePublished\":\"2023-07-03T15:00:22+00:00\",\"dateModified\":\"2023-07-30T13:17:09+00:00\",\"description\":\"2, 3 & 4 AO\u00dbT 2023. RESTER VIVANT est un espace-temps d\u2019\u00e9change, de coop\u00e9ration, d\u2019exploration & d'interrogation sur notre rapport au monde.\",\"breadcrumb\":{\"@id\":\"https:\\\/\\\/lanuitdesours.lautre.net\\\/?p=1901#breadcrumb\"},\"inLanguage\":\"fr-FR\",\"potentialAction\":[{\"@type\":\"ReadAction\",\"target\":[\"https:\\\/\\\/lanuitdesours.lautre.net\\\/?p=1901\"]}]},{\"@type\":\"ImageObject\",\"inLanguage\":\"fr-FR\",\"@id\":\"https:\\\/\\\/lanuitdesours.lautre.net\\\/?p=1901#primaryimage\",\"url\":\"https:\\\/\\\/lanuitdesours.lautre.net\\\/wp-content\\\/uploads\\\/2023\\\/06\\\/20230615_193400-scaled.jpg\",\"contentUrl\":\"https:\\\/\\\/lanuitdesours.lautre.net\\\/wp-content\\\/uploads\\\/2023\\\/06\\\/20230615_193400-scaled.jpg\",\"width\":1440,\"height\":2560},{\"@type\":\"BreadcrumbList\",\"@id\":\"https:\\\/\\\/lanuitdesours.lautre.net\\\/?p=1901#breadcrumb\",\"itemListElement\":[{\"@type\":\"ListItem\",\"position\":1,\"name\":\"Accueil\",\"item\":\"https:\\\/\\\/lanuitdesours.lautre.net\\\/\"},{\"@type\":\"ListItem\",\"position\":2,\"name\":\"RESTER VIVANT\"}]},{\"@type\":\"WebSite\",\"@id\":\"https:\\\/\\\/lanuitdesours.lautre.net\\\/#website\",\"url\":\"https:\\\/\\\/lanuitdesours.lautre.net\\\/\",\"name\":\"La Nuit des Ours\",\"description\":\"CR\u00c9ER C&#039;EST R\u00c9SISTER | R\u00c9SISTER C&#039;EST CR\u00c9ER\",\"publisher\":{\"@id\":\"https:\\\/\\\/lanuitdesours.lautre.net\\\/#organization\"},\"potentialAction\":[{\"@type\":\"SearchAction\",\"target\":{\"@type\":\"EntryPoint\",\"urlTemplate\":\"https:\\\/\\\/lanuitdesours.lautre.net\\\/?s={search_term_string}\"},\"query-input\":{\"@type\":\"PropertyValueSpecification\",\"valueRequired\":true,\"valueName\":\"search_term_string\"}}],\"inLanguage\":\"fr-FR\"},{\"@type\":\"Organization\",\"@id\":\"https:\\\/\\\/lanuitdesours.lautre.net\\\/#organization\",\"name\":\"Association LA NUIT DES OURS\",\"url\":\"https:\\\/\\\/lanuitdesours.lautre.net\\\/\",\"logo\":{\"@type\":\"ImageObject\",\"inLanguage\":\"fr-FR\",\"@id\":\"https:\\\/\\\/lanuitdesours.lautre.net\\\/#\\\/schema\\\/logo\\\/image\\\/\",\"url\":\"https:\\\/\\\/nuit-des-ours.com\\\/wp-content\\\/uploads\\\/2022\\\/07\\\/cropped-NDO_logo-noir_jaune.jpg\",\"contentUrl\":\"https:\\\/\\\/nuit-des-ours.com\\\/wp-content\\\/uploads\\\/2022\\\/07\\\/cropped-NDO_logo-noir_jaune.jpg\",\"width\":512,\"height\":512,\"caption\":\"Association LA NUIT DES OURS\"},\"image\":{\"@id\":\"https:\\\/\\\/lanuitdesours.lautre.net\\\/#\\\/schema\\\/logo\\\/image\\\/\"},\"sameAs\":[\"https:\\\/\\\/www.facebook.com\\\/lanuitdesours\\\/\",\"https:\\\/\\\/www.instagram.com\\\/lanuitdesours\\\/\"]},{\"@type\":\"Person\",\"@id\":\"https:\\\/\\\/lanuitdesours.lautre.net\\\/#\\\/schema\\\/person\\\/1f4500f2f631d9916d6b39f1c0ba934c\",\"name\":\"Cr\u00e9er c'est R\u00e9sister\",\"image\":{\"@type\":\"ImageObject\",\"inLanguage\":\"fr-FR\",\"@id\":\"https:\\\/\\\/secure.gravatar.com\\\/avatar\\\/08f4e38908e105d843bc2bab0e7af2243257415b61b5fe99e955c21a5f61fc2b?s=96&d=mm&r=g\",\"url\":\"https:\\\/\\\/secure.gravatar.com\\\/avatar\\\/08f4e38908e105d843bc2bab0e7af2243257415b61b5fe99e955c21a5f61fc2b?s=96&d=mm&r=g\",\"contentUrl\":\"https:\\\/\\\/secure.gravatar.com\\\/avatar\\\/08f4e38908e105d843bc2bab0e7af2243257415b61b5fe99e955c21a5f61fc2b?s=96&d=mm&r=g\",\"caption\":\"Cr\u00e9er c'est R\u00e9sister\"},\"sameAs\":[\"http:\\\/\\\/www.lanuitdesours.lautre.net\"],\"url\":\"https:\\\/\\\/lanuitdesours.lautre.net\\\/?author=1\"}]}<\/script>\n<!-- \/ Yoast SEO plugin. -->","yoast_head_json":{"title":"RESTER VIVANT - La Nuit des Ours Edition 2023","description":"2, 3 & 4 AO\u00dbT 2023. RESTER VIVANT est un espace-temps d\u2019\u00e9change, de coop\u00e9ration, d\u2019exploration & d'interrogation sur notre rapport au monde.","robots":{"index":"index","follow":"follow","max-snippet":"max-snippet:-1","max-image-preview":"max-image-preview:large","max-video-preview":"max-video-preview:-1"},"canonical":"https:\/\/lanuitdesours.lautre.net\/?p=1901","og_locale":"fr_FR","og_type":"article","og_title":"RESTER VIVANT - La Nuit des Ours Edition 2023","og_description":"2, 3 & 4 AO\u00dbT 2023. RESTER VIVANT est un espace-temps d\u2019\u00e9change, de coop\u00e9ration, d\u2019exploration & d'interrogation sur notre rapport au monde.","og_url":"https:\/\/lanuitdesours.lautre.net\/?p=1901","og_site_name":"La Nuit des Ours","article_publisher":"https:\/\/www.facebook.com\/lanuitdesours\/","article_published_time":"2023-07-03T15:00:22+00:00","article_modified_time":"2023-07-30T13:17:09+00:00","og_image":[{"width":1440,"height":2560,"url":"https:\/\/lanuitdesours.lautre.net\/wp-content\/uploads\/2023\/06\/20230615_193400-scaled.jpg","type":"image\/jpeg"}],"author":"Cr\u00e9er c'est R\u00e9sister","twitter_card":"summary_large_image","twitter_misc":{"\u00c9crit par":"Cr\u00e9er c'est R\u00e9sister","Dur\u00e9e de lecture estim\u00e9e":"4 minutes"},"schema":{"@context":"https:\/\/schema.org","@graph":[{"@type":"Article","@id":"https:\/\/lanuitdesours.lautre.net\/?p=1901#article","isPartOf":{"@id":"https:\/\/lanuitdesours.lautre.net\/?p=1901"},"author":{"name":"Cr\u00e9er c'est R\u00e9sister","@id":"https:\/\/lanuitdesours.lautre.net\/#\/schema\/person\/1f4500f2f631d9916d6b39f1c0ba934c"},"headline":"RESTER VIVANT","datePublished":"2023-07-03T15:00:22+00:00","dateModified":"2023-07-30T13:17:09+00:00","mainEntityOfPage":{"@id":"https:\/\/lanuitdesours.lautre.net\/?p=1901"},"wordCount":672,"publisher":{"@id":"https:\/\/lanuitdesours.lautre.net\/#organization"},"image":{"@id":"https:\/\/lanuitdesours.lautre.net\/?p=1901#primaryimage"},"thumbnailUrl":"https:\/\/lanuitdesours.lautre.net\/wp-content\/uploads\/2023\/06\/20230615_193400-scaled.jpg","articleSection":["Edition 2023"],"inLanguage":"fr-FR"},{"@type":"WebPage","@id":"https:\/\/lanuitdesours.lautre.net\/?p=1901","url":"https:\/\/lanuitdesours.lautre.net\/?p=1901","name":"RESTER VIVANT - La Nuit des Ours Edition 2023","isPartOf":{"@id":"https:\/\/lanuitdesours.lautre.net\/#website"},"primaryImageOfPage":{"@id":"https:\/\/lanuitdesours.lautre.net\/?p=1901#primaryimage"},"image":{"@id":"https:\/\/lanuitdesours.lautre.net\/?p=1901#primaryimage"},"thumbnailUrl":"https:\/\/lanuitdesours.lautre.net\/wp-content\/uploads\/2023\/06\/20230615_193400-scaled.jpg","datePublished":"2023-07-03T15:00:22+00:00","dateModified":"2023-07-30T13:17:09+00:00","description":"2, 3 & 4 AO\u00dbT 2023. RESTER VIVANT est un espace-temps d\u2019\u00e9change, de coop\u00e9ration, d\u2019exploration & d'interrogation sur notre rapport au monde.","breadcrumb":{"@id":"https:\/\/lanuitdesours.lautre.net\/?p=1901#breadcrumb"},"inLanguage":"fr-FR","potentialAction":[{"@type":"ReadAction","target":["https:\/\/lanuitdesours.lautre.net\/?p=1901"]}]},{"@type":"ImageObject","inLanguage":"fr-FR","@id":"https:\/\/lanuitdesours.lautre.net\/?p=1901#primaryimage","url":"https:\/\/lanuitdesours.lautre.net\/wp-content\/uploads\/2023\/06\/20230615_193400-scaled.jpg","contentUrl":"https:\/\/lanuitdesours.lautre.net\/wp-content\/uploads\/2023\/06\/20230615_193400-scaled.jpg","width":1440,"height":2560},{"@type":"BreadcrumbList","@id":"https:\/\/lanuitdesours.lautre.net\/?p=1901#breadcrumb","itemListElement":[{"@type":"ListItem","position":1,"name":"Accueil","item":"https:\/\/lanuitdesours.lautre.net\/"},{"@type":"ListItem","position":2,"name":"RESTER VIVANT"}]},{"@type":"WebSite","@id":"https:\/\/lanuitdesours.lautre.net\/#website","url":"https:\/\/lanuitdesours.lautre.net\/","name":"La Nuit des Ours","description":"CR\u00c9ER C&#039;EST R\u00c9SISTER | R\u00c9SISTER C&#039;EST CR\u00c9ER","publisher":{"@id":"https:\/\/lanuitdesours.lautre.net\/#organization"},"potentialAction":[{"@type":"SearchAction","target":{"@type":"EntryPoint","urlTemplate":"https:\/\/lanuitdesours.lautre.net\/?s={search_term_string}"},"query-input":{"@type":"PropertyValueSpecification","valueRequired":true,"valueName":"search_term_string"}}],"inLanguage":"fr-FR"},{"@type":"Organization","@id":"https:\/\/lanuitdesours.lautre.net\/#organization","name":"Association LA NUIT DES OURS","url":"https:\/\/lanuitdesours.lautre.net\/","logo":{"@type":"ImageObject","inLanguage":"fr-FR","@id":"https:\/\/lanuitdesours.lautre.net\/#\/schema\/logo\/image\/","url":"https:\/\/nuit-des-ours.com\/wp-content\/uploads\/2022\/07\/cropped-NDO_logo-noir_jaune.jpg","contentUrl":"https:\/\/nuit-des-ours.com\/wp-content\/uploads\/2022\/07\/cropped-NDO_logo-noir_jaune.jpg","width":512,"height":512,"caption":"Association LA NUIT DES OURS"},"image":{"@id":"https:\/\/lanuitdesours.lautre.net\/#\/schema\/logo\/image\/"},"sameAs":["https:\/\/www.facebook.com\/lanuitdesours\/","https:\/\/www.instagram.com\/lanuitdesours\/"]},{"@type":"Person","@id":"https:\/\/lanuitdesours.lautre.net\/#\/schema\/person\/1f4500f2f631d9916d6b39f1c0ba934c","name":"Cr\u00e9er c'est R\u00e9sister","image":{"@type":"ImageObject","inLanguage":"fr-FR","@id":"https:\/\/secure.gravatar.com\/avatar\/08f4e38908e105d843bc2bab0e7af2243257415b61b5fe99e955c21a5f61fc2b?s=96&d=mm&r=g","url":"https:\/\/secure.gravatar.com\/avatar\/08f4e38908e105d843bc2bab0e7af2243257415b61b5fe99e955c21a5f61fc2b?s=96&d=mm&r=g","contentUrl":"https:\/\/secure.gravatar.com\/avatar\/08f4e38908e105d843bc2bab0e7af2243257415b61b5fe99e955c21a5f61fc2b?s=96&d=mm&r=g","caption":"Cr\u00e9er c'est R\u00e9sister"},"sameAs":["http:\/\/www.lanuitdesours.lautre.net"],"url":"https:\/\/lanuitdesours.lautre.net\/?author=1"}]}},"_links":{"self":[{"href":"https:\/\/lanuitdesours.lautre.net\/index.php?rest_route=\/wp\/v2\/posts\/1901","targetHints":{"allow":["GET"]}}],"collection":[{"href":"https:\/\/lanuitdesours.lautre.net\/index.php?rest_route=\/wp\/v2\/posts"}],"about":[{"href":"https:\/\/lanuitdesours.lautre.net\/index.php?rest_route=\/wp\/v2\/types\/post"}],"author":[{"embeddable":true,"href":"https:\/\/lanuitdesours.lautre.net\/index.php?rest_route=\/wp\/v2\/users\/1"}],"replies":[{"embeddable":true,"href":"https:\/\/lanuitdesours.lautre.net\/index.php?rest_route=%2Fwp%2Fv2%2Fcomments&post=1901"}],"version-history":[{"count":28,"href":"https:\/\/lanuitdesours.lautre.net\/index.php?rest_route=\/wp\/v2\/posts\/1901\/revisions"}],"predecessor-version":[{"id":2663,"href":"https:\/\/lanuitdesours.lautre.net\/index.php?rest_route=\/wp\/v2\/posts\/1901\/revisions\/2663"}],"wp:featuredmedia":[{"embeddable":true,"href":"https:\/\/lanuitdesours.lautre.net\/index.php?rest_route=\/wp\/v2\/media\/2221"}],"wp:attachment":[{"href":"https:\/\/lanuitdesours.lautre.net\/index.php?rest_route=%2Fwp%2Fv2%2Fmedia&parent=1901"}],"wp:term":[{"taxonomy":"category","embeddable":true,"href":"https:\/\/lanuitdesours.lautre.net\/index.php?rest_route=%2Fwp%2Fv2%2Fcategories&post=1901"},{"taxonomy":"post_tag","embeddable":true,"href":"https:\/\/lanuitdesours.lautre.net\/index.php?rest_route=%2Fwp%2Fv2%2Ftags&post=1901"}],"curies":[{"name":"wp","href":"https:\/\/api.w.org\/{rel}","templated":true}]}}