{"id":1847,"date":"2023-07-03T15:00:28","date_gmt":"2023-07-03T13:00:28","guid":{"rendered":"https:\/\/nuit-des-ours.com\/?p=1847"},"modified":"2024-07-30T14:42:49","modified_gmt":"2024-07-30T12:42:49","slug":"ateliers-2023","status":"publish","type":"post","link":"https:\/\/lanuitdesours.lautre.net\/?p=1847","title":{"rendered":"Ateliers"},"content":{"rendered":"\n<h1 class=\"wp-block-heading\">25 ATELIERS, DU 1er au 8 AO\u00dbT<\/h1>\n\n\n\n<p class=\"wp-block-paragraph\">Comme chaque ann\u00e9e, <strong>LA NUIT DES OURS<\/strong> propose des ateliers culture &amp; bien-\u00eatre \u00e0 Vallorcine.<\/p>\n\n\n\n<h5 class=\"wp-block-heading\">Informations pratiques :<\/h5>\n\n\n\n<ul class=\"wp-block-list\">\n<li>Les ateliers sont pr\u00e9vus pour 15 personnes maximum (sauf exception indiqu\u00e9e dans la description)<\/li>\n\n\n\n<li><mark style=\"background-color:rgba(0, 0, 0, 0)\" class=\"has-inline-color has-accent-1-color\">Rendez-vous \u00e0 la buvette de LA POYA<\/mark> 15 min avant le d\u00e9but de chaque atelier (sauf exception indiqu\u00e9e dans la description)<\/li>\n\n\n\n<li>Inscription obligatoire sur HelloAsso<\/li>\n<\/ul>\n\n\n\n<div class=\"wp-block-buttons is-layout-flex wp-block-buttons-is-layout-flex\">\n<div class=\"wp-block-button is-style-outline is-style-outline--1\"><a class=\"wp-block-button__link has-normal-font-size has-custom-font-size wp-element-button\" href=\"https:\/\/www.helloasso.com\/associations\/la-nuit-des-ours\/evenements\/ateliers-du-5-au-12-aout-edition-2025\" style=\"border-radius:0px\">S&rsquo;INSCRIRE<\/a><\/div>\n<\/div>\n\n\n\n<div style=\"height:20px\" aria-hidden=\"true\" class=\"wp-block-spacer\"><\/div>\n\n\n\n<h5 class=\"wp-block-heading\">Liste des ateliers de LA NUIT DES OURS (par ordre chronologique) :<\/h5>\n\n\n\n<h3 class=\"wp-block-heading\">\ud83d\udcfb R\u00e9aliser une \u00e9mission de radio<\/h3>\n\n\n\n<p class=\"wp-block-paragraph\">Avec la <strong>Radio des ours<\/strong><br>Apprendre et r\u00e9aliser une \u00e9mission de radio de A jusqu\u2019\u00e0 Z.<\/p>\n\n\n\n<ul class=\"wp-block-list\">\n<li><strong><mark style=\"background-color:rgba(0, 0, 0, 0)\" class=\"has-inline-color has-accent-1-color\">Les 1er et 2 ao\u00fbt de 9h30 \u00e0 16h30<\/mark><\/strong><\/li>\n\n\n\n<li>Pour 8 jeunes entre 8 et 15 ans. Journ\u00e9e continue : venir avec son repas et boisson. Cet atelier est engageant (participer aux 2 journ\u00e9es est n\u00e9cessaire). <\/li>\n<\/ul>\n\n\n\n<div class=\"wp-block-buttons is-layout-flex wp-block-buttons-is-layout-flex\">\n<div class=\"wp-block-button is-style-outline is-style-outline--2\"><a class=\"wp-block-button__link has-normal-font-size has-custom-font-size wp-element-button\" href=\"https:\/\/www.helloasso.com\/associations\/la-nuit-des-ours\/evenements\/ateliers-du-5-au-12-aout-edition-2025\" style=\"border-radius:0px\">S&rsquo;INSCRIRE<\/a><\/div>\n<\/div>\n\n\n\n<div style=\"height:20px\" aria-hidden=\"true\" class=\"wp-block-spacer\"><\/div>\n\n\n\n<h3 class=\"wp-block-heading\">\ud83d\udd8b\ufe0f Ecriture<\/h3>\n\n\n\n<p class=\"wp-block-paragraph\">Avec <strong>Charl\u00e8ne Dambreville<\/strong><br>Vous aimez les mots? Vous avez envie de jouer avec eux, de r\u00e9fl\u00e9chir, de donner vie \u00e0 une ou plusieurs histoires, sans aucune pression et le tout dans la joie? Alors ces ateliers sont faits pour vous. Ensemble, \u00e0 partir de th\u00e8mes, de livres, de pens\u00e9es philosophiques, de la nature qui nous entoure et de nos \u00e9motions, nous allons raconter des choses. Un vrai moment pour soi, \u00e0 vivre collectivement et pourquoi pas en famille?<\/p>\n\n\n\n<ul class=\"wp-block-list\">\n<li><strong><mark style=\"background-color:rgba(0, 0, 0, 0)\" class=\"has-inline-color has-accent-1-color\">Le 1er de 10h \u00e0 12h \/ Le 4 de 10h \u00e0 12h<\/mark><\/strong><\/li>\n\n\n\n<li>Tout public \u00e0 partir de 8 ans. Enfant accompagn\u00e9 s\u2019il a du mal \u00e0 \u00e9crire. Apportez un carnet\/des feuilles et un stylo qui marche. <\/li>\n<\/ul>\n\n\n\n<div class=\"wp-block-buttons is-layout-flex wp-block-buttons-is-layout-flex\">\n<div class=\"wp-block-button is-style-outline is-style-outline--3\"><a class=\"wp-block-button__link has-normal-font-size has-custom-font-size wp-element-button\" href=\"https:\/\/www.helloasso.com\/associations\/la-nuit-des-ours\/evenements\/ateliers-du-5-au-12-aout-edition-2025\" style=\"border-radius:0px\">S&rsquo;INSCRIRE<\/a><\/div>\n<\/div>\n\n\n\n<div style=\"height:20px\" aria-hidden=\"true\" class=\"wp-block-spacer\"><\/div>\n\n\n\n<h3 class=\"wp-block-heading\">\ud83d\udcac Philosopher avec les enfants (7\/11 ans)<\/h3>\n\n\n\n<p class=\"wp-block-paragraph\">Avec <strong>Marine Lemaire<\/strong> (intervenante en ateliers de philosophie avec les enfants et adolescent.es)<br><strong><em>EST-CE QUE C\u2019EST BIEN DE GRANDIR? <\/em><\/strong>Mais qu\u2019est-ce que cela signifie ? Est-ce que grandir en taille implique forc\u00e9ment plus de libert\u00e9 ? Grandir, est-ce changer ou bien rester toujours le m\u00eame ? Grandir est \u00e0 la fois source d\u2019angoisse, de d\u00e9sir, de fiert\u00e9 et d\u2019inqui\u00e9tude. C\u2019est en m\u00eame temps se perdre et se trouver. Comment \u00e0 la fois se transformer et rester moi-m\u00eame ?<\/p>\n\n\n\n<ul class=\"wp-block-list\">\n<li><strong><mark style=\"background-color:rgba(0, 0, 0, 0)\" class=\"has-inline-color has-accent-1-color\">Le 1er de 10h30 \u00e0 12h30<\/mark><\/strong><\/li>\n<\/ul>\n\n\n\n<div class=\"wp-block-buttons is-layout-flex wp-block-buttons-is-layout-flex\">\n<div class=\"wp-block-button is-style-outline is-style-outline--4\"><a class=\"wp-block-button__link has-normal-font-size has-custom-font-size wp-element-button\" href=\"https:\/\/www.helloasso.com\/associations\/la-nuit-des-ours\/evenements\/ateliers-du-5-au-12-aout-edition-2025\" style=\"border-radius:0px\">S&rsquo;INSCRIRE<\/a><\/div>\n<\/div>\n\n\n\n<div style=\"height:20px\" aria-hidden=\"true\" class=\"wp-block-spacer\"><\/div>\n\n\n\n<h3 class=\"wp-block-heading\">\u26ea Visite comment\u00e9e du Mus\u00e9e de Barberine<\/h3>\n\n\n\n<p class=\"wp-block-paragraph\">Par <strong><a href=\"http:\/\/www.xavierdun.com\/\" target=\"_blank\" rel=\"noreferrer noopener\">Xavier Dunand<\/a><\/strong> (guide du patrimoine)<\/p>\n\n\n\n<ul class=\"wp-block-list\">\n<li><strong><mark style=\"background-color:rgba(0, 0, 0, 0)\" class=\"has-inline-color has-accent-1-color\">Le 1er de 14h30 \u00e0 16h30 <\/mark><\/strong><\/li>\n\n\n\n<li>Rendez vous devant le mus\u00e9e de Barberine (parking visiteur ou \u00e0 pied depuis Vallorcine).<\/li>\n<\/ul>\n\n\n\n<div class=\"wp-block-buttons is-layout-flex wp-block-buttons-is-layout-flex\">\n<div class=\"wp-block-button is-style-outline is-style-outline--5\"><a class=\"wp-block-button__link has-normal-font-size has-custom-font-size wp-element-button\" href=\"https:\/\/www.helloasso.com\/associations\/la-nuit-des-ours\/evenements\/ateliers-du-5-au-12-aout-edition-2025\" style=\"border-radius:0px\">S&rsquo;INSCRIRE<\/a><\/div>\n<\/div>\n\n\n\n<div style=\"height:20px\" aria-hidden=\"true\" class=\"wp-block-spacer\"><\/div>\n\n\n\n<h3 class=\"wp-block-heading\">\ud83d\udcac Philosopher avec les adolescents (15\/18 ans)<\/h3>\n\n\n\n<p class=\"wp-block-paragraph\">Avec <strong>Marine Lemaire<\/strong> (intervenante en ateliers de philosophie avec les enfants et adolescent.es)<br><strong><em>QUI SUIS-JE ? <\/em><\/strong>Lors de cet atelier, vous serez invit\u00e9\u00b7es \u00e0 r\u00e9fl\u00e9chir \u00e0 la notion d\u2019identit\u00e9. Par quoi est d\u00e9finie mon identit\u00e9 ? Qu\u2019est-ce qui me diff\u00e9rencie de l\u2019autre ? Quelle diff\u00e9rence il y a entre identit\u00e9 et personnalit\u00e9 ?<\/p>\n\n\n\n<ul class=\"wp-block-list\">\n<li><strong><mark style=\"background-color:rgba(0, 0, 0, 0)\" class=\"has-inline-color has-accent-1-color\">Le 1er de 14h30 \u00e0 16h30<\/mark><\/strong><\/li>\n<\/ul>\n\n\n\n<div class=\"wp-block-buttons is-layout-flex wp-block-buttons-is-layout-flex\">\n<div class=\"wp-block-button is-style-outline is-style-outline--6\"><a class=\"wp-block-button__link has-normal-font-size has-custom-font-size wp-element-button\" href=\"https:\/\/www.helloasso.com\/associations\/la-nuit-des-ours\/evenements\/ateliers-du-5-au-12-aout-edition-2025\" style=\"border-radius:0px\">S&rsquo;INSCRIRE<\/a><\/div>\n<\/div>\n\n\n\n<div style=\"height:20px\" aria-hidden=\"true\" class=\"wp-block-spacer\"><\/div>\n\n\n\n<h3 class=\"wp-block-heading\">\u26ea Visite comment\u00e9e de l\u2019\u00e9glise de Vallorcine<\/h3>\n\n\n\n<p class=\"wp-block-paragraph\">par <strong><a href=\"https:\/\/www.vallorcine.fr\/Valorsna-racines-et-patrimoines-374\" target=\"_blank\" rel=\"noreferrer noopener\">Dominique Ancey<\/a><\/strong> (association Valorsn\u00e0, racines et patrimoines)<\/p>\n\n\n\n<ul class=\"wp-block-list\">\n<li><strong><mark style=\"background-color:rgba(0, 0, 0, 0)\" class=\"has-inline-color has-accent-1-color\">Le 2 \u00e0 10h <\/mark><\/strong><\/li>\n\n\n\n<li>Rendez vous devant l\u2019\u00e9glise de Vallorcine.<\/li>\n<\/ul>\n\n\n\n<div class=\"wp-block-buttons is-layout-flex wp-block-buttons-is-layout-flex\">\n<div class=\"wp-block-button is-style-outline is-style-outline--7\"><a class=\"wp-block-button__link has-normal-font-size has-custom-font-size wp-element-button\" href=\"https:\/\/www.helloasso.com\/associations\/la-nuit-des-ours\/evenements\/ateliers-du-5-au-12-aout-edition-2025\" style=\"border-radius:0px\">S&rsquo;INSCRIRE<\/a><\/div>\n<\/div>\n\n\n\n<div style=\"height:20px\" aria-hidden=\"true\" class=\"wp-block-spacer\"><\/div>\n\n\n\n<h3 class=\"wp-block-heading\">\u262f\ufe0f Yoga en pleine nature <\/h3>\n\n\n\n<p class=\"wp-block-paragraph\">Avec <strong><a href=\"http:\/\/www.xavierdun.com\/\" target=\"_blank\" rel=\"noreferrer noopener\">Xavier Dunand<\/a><\/strong> (enseignant de yoga)<\/p>\n\n\n\n<ul class=\"wp-block-list\">\n<li><mark style=\"background-color:rgba(0, 0, 0, 0)\" class=\"has-inline-color has-accent-1-color\">Le 2 de 14h \u00e0 16h<\/mark><\/li>\n<\/ul>\n\n\n\n<div class=\"wp-block-buttons is-layout-flex wp-block-buttons-is-layout-flex\">\n<div class=\"wp-block-button is-style-outline is-style-outline--8\"><a class=\"wp-block-button__link has-normal-font-size has-custom-font-size wp-element-button\" href=\"https:\/\/www.helloasso.com\/associations\/la-nuit-des-ours\/evenements\/ateliers-du-5-au-12-aout-edition-2025\" style=\"border-radius:0px\">S&rsquo;INSCRIRE<\/a><\/div>\n<\/div>\n\n\n\n<div style=\"height:20px\" aria-hidden=\"true\" class=\"wp-block-spacer\"><\/div>\n\n\n\n<h3 class=\"wp-block-heading\">\ud83c\udfa8 Dessiner un portrait<\/h3>\n\n\n\n<p class=\"wp-block-paragraph\">Avec <strong><a href=\"https:\/\/www.marie-extrasystole.fr\/\" target=\"_blank\" rel=\"noreferrer noopener\">Marie Extrasystole<\/a><\/strong> (artiste peintre upcycleuse)<br>Vous \u00eates convaincu de ne pas savoir dessiner ? C\u2019est parfait ! Cet atelier est pour vous. Au bout de 2h, vous aurez r\u00e9alisez un magnifique portrait dont vous ne vous seriez jamais senti capable.<\/p>\n\n\n\n<ul class=\"wp-block-list\">\n<li><mark style=\"background-color:rgba(0, 0, 0, 0)\" class=\"has-inline-color has-accent-1-color\">Le 3 de 14h30 \u00e0 16h30<\/mark><\/li>\n\n\n\n<li>Mat\u00e9riel fourni.<\/li>\n<\/ul>\n\n\n\n<div class=\"wp-block-buttons is-layout-flex wp-block-buttons-is-layout-flex\">\n<div class=\"wp-block-button is-style-outline is-style-outline--9\"><a class=\"wp-block-button__link has-normal-font-size has-custom-font-size wp-element-button\" href=\"https:\/\/www.helloasso.com\/associations\/la-nuit-des-ours\/evenements\/ateliers-du-5-au-12-aout-edition-2025\" style=\"border-radius:0px\">S&rsquo;INSCRIRE<\/a><\/div>\n<\/div>\n\n\n\n<div style=\"height:20px\" aria-hidden=\"true\" class=\"wp-block-spacer\"><\/div>\n\n\n\n<h3 class=\"wp-block-heading\">\ud83e\udea2 Vannerie sauvage et tressage <\/h3>\n\n\n\n<p class=\"wp-block-paragraph\">Avec <strong>Art et San\u00e9<\/strong><br>D\u00e9couvrir les v\u00e9g\u00e9taux des alentours utilisables pour r\u00e9aliser de la vannerie sauvage. Nous aborderons la vannerie al\u00e9atoire, la technique de cordage, quelques points, n\u0153uds&#8230; qui serviront par la suite pour \u00e9laborer vos cr\u00e9ations (paniers, nichoirs, d\u00e9corations&#8230;). Lors de ce temps vous d\u00e9couvrirez la vannerie sauvage \u00e0 travers l\u2019\u00e9laboration collective de structures qui seront r\u00e9alis\u00e9es sur le parcours de la Nuit des Ours.<\/p>\n\n\n\n<ul class=\"wp-block-list\">\n<li><mark style=\"background-color:rgba(0, 0, 0, 0)\" class=\"has-inline-color has-accent-1-color\">Le 3 de 10h \u00e0 12h et de 14h \u00e0 16h<\/mark><\/li>\n\n\n\n<li>\u00c0 partir de 7 ans (accompagn\u00e9), pour 10 personnes maximum.<\/li>\n<\/ul>\n\n\n\n<div class=\"wp-block-buttons is-layout-flex wp-block-buttons-is-layout-flex\">\n<div class=\"wp-block-button is-style-outline is-style-outline--10\"><a class=\"wp-block-button__link has-normal-font-size has-custom-font-size wp-element-button\" href=\"https:\/\/www.helloasso.com\/associations\/la-nuit-des-ours\/evenements\/ateliers-du-5-au-12-aout-edition-2025\" style=\"border-radius:0px\">S&rsquo;INSCRIRE<\/a><\/div>\n<\/div>\n\n\n\n<div style=\"height:20px\" aria-hidden=\"true\" class=\"wp-block-spacer\"><\/div>\n\n\n\n<h2 class=\"wp-block-heading\">\ud83e\udea2 Grand masque en \u00e9corce<\/h2>\n\n\n\n<p class=\"wp-block-paragraph\">Avec <strong>Art et San\u00e9<\/strong><\/p>\n\n\n\n<p class=\"wp-block-paragraph\">Cr\u00e9er son masque sauvage avec les \u00e9corces des arbres alentours. Inspir\u00e9s du mythe de \u00abL\u2019Homme sauvage\u00bb, une tradition pr\u00e9sente partout, y compris aujourd\u2019hui en Europe, dans le Valais voisin, le Val d\u2019Aoste&#8230;<\/p>\n\n\n\n<ul class=\"wp-block-list\">\n<li><mark style=\"background-color:rgba(0, 0, 0, 0)\" class=\"has-inline-color has-accent-1-color\">Le 4 de 10h \u00e0 12h et de 14h \u00e0 16h<\/mark><\/li>\n\n\n\n<li>\u00c0 partir de 7 ans (accompagn\u00e9), pour 10 personnes maximum.<\/li>\n<\/ul>\n\n\n\n<div class=\"wp-block-buttons is-layout-flex wp-block-buttons-is-layout-flex\">\n<div class=\"wp-block-button is-style-outline is-style-outline--11\"><a class=\"wp-block-button__link has-normal-font-size has-custom-font-size wp-element-button\" href=\"https:\/\/www.helloasso.com\/associations\/la-nuit-des-ours\/evenements\/ateliers-du-5-au-12-aout-edition-2025\" style=\"border-radius:0px\">S&rsquo;INSCRIRE<\/a><\/div>\n<\/div>\n\n\n\n<div style=\"height:20px\" aria-hidden=\"true\" class=\"wp-block-spacer\"><\/div>\n\n\n\n<h3 class=\"wp-block-heading\">\u262f\ufe0f Ballade sensorielle<\/h3>\n\n\n\n<p class=\"wp-block-paragraph\">Avec <strong><a href=\"https:\/\/qi-gong-nature.fr\/\" target=\"_blank\" rel=\"noreferrer noopener\">Tiphaine Breillot <\/a><\/strong><br>Un temps d\u2019immersion permettant gr\u00e2ce \u00e0 des activit\u00e9s sensorielles d\u2019acc\u00e9der \u00e0 un \u00e9tat de bien \u00eatre.<\/p>\n\n\n\n<ul class=\"wp-block-list\">\n<li><mark style=\"background-color:rgba(0, 0, 0, 0)\" class=\"has-inline-color has-accent-1-color\">Le 4 de 14h \u00e0 16h <\/mark><\/li>\n\n\n\n<li>\u00c0 partir de 7 ans (accompagn\u00e9). <\/li>\n<\/ul>\n\n\n\n<div class=\"wp-block-buttons is-layout-flex wp-block-buttons-is-layout-flex\">\n<div class=\"wp-block-button is-style-outline is-style-outline--12\"><a class=\"wp-block-button__link has-normal-font-size has-custom-font-size wp-element-button\" href=\"https:\/\/www.helloasso.com\/associations\/la-nuit-des-ours\/evenements\/ateliers-du-5-au-12-aout-edition-2025\" style=\"border-radius:0px\">S&rsquo;INSCRIRE<\/a><\/div>\n<\/div>\n\n\n\n<div style=\"height:20px\" aria-hidden=\"true\" class=\"wp-block-spacer\"><\/div>\n\n\n\n<h3 class=\"wp-block-heading\">\ud83c\udfad Participer au \u00ab Concert de tout le Monde \u00bb <\/h3>\n\n\n\n<p class=\"wp-block-paragraph\">Avec <strong>Son\u00e2m Shamany<\/strong> (Delphine Burnet et Florent Demaison)<br>Pr\u00e9sentation des instruments du Monde, intuitifs. Puis apr\u00e8s quelques exercices pratiques pour explorer les sons et les vibrations nous vous donnerons les bases et les cl\u00e9s pour r\u00e9aliser votre voyage sonore dans la for\u00eat.<\/p>\n\n\n\n<ul class=\"wp-block-list\">\n<li><mark style=\"background-color:rgba(0, 0, 0, 0)\" class=\"has-inline-color has-accent-1-color\">Le 4 de 14h30 \u00e0 16h30, restitution publique \u00e0 18h30 <\/mark><\/li>\n<\/ul>\n\n\n\n<div class=\"wp-block-buttons is-layout-flex wp-block-buttons-is-layout-flex\">\n<div class=\"wp-block-button is-style-outline is-style-outline--13\"><a class=\"wp-block-button__link has-normal-font-size has-custom-font-size wp-element-button\" href=\"https:\/\/www.helloasso.com\/associations\/la-nuit-des-ours\/evenements\/ateliers-du-5-au-12-aout-edition-2025\" style=\"border-radius:0px\">S&rsquo;INSCRIRE<\/a><\/div>\n<\/div>\n\n\n\n<div style=\"height:20px\" aria-hidden=\"true\" class=\"wp-block-spacer\"><\/div>\n\n\n\n<h3 class=\"wp-block-heading\">\ud83e\udea2 D\u00e9couverte de la laine feutr\u00e9e <\/h3>\n\n\n\n<p class=\"wp-block-paragraph\">Avec <strong>Myl\u00e8ne Chaput<\/strong> (feutri\u00e8re) <br>En duo parent\/enfants (5\/10 ans), pour 8 enfants accompagn\u00e9s maximum. D\u00e9couvrir en famille une technique ancestrale et cr\u00e9ation d\u2019un petit tableau en laine feutr\u00e9e. Apprendre \u00e0 poser la laine \u00e7ard\u00e9e brute pour composer un d\u00e9cor et \u00e0 frotter le tout \u00e0 l\u2019eau savonneuse pour en faire un tableau en textile non tiss\u00e9.<\/p>\n\n\n\n<ul class=\"wp-block-list\">\n<li><mark style=\"background-color:rgba(0, 0, 0, 0)\" class=\"has-inline-color has-accent-1-color\">Le 5 de 10h \u00e0 12h<\/mark><\/li>\n<\/ul>\n\n\n\n<div class=\"wp-block-buttons is-layout-flex wp-block-buttons-is-layout-flex\">\n<div class=\"wp-block-button is-style-outline is-style-outline--14\"><a class=\"wp-block-button__link has-normal-font-size has-custom-font-size wp-element-button\" href=\"https:\/\/www.helloasso.com\/associations\/la-nuit-des-ours\/evenements\/ateliers-du-5-au-12-aout-edition-2025\" style=\"border-radius:0px\">S&rsquo;INSCRIRE<\/a><\/div>\n<\/div>\n\n\n\n<div style=\"height:20px\" aria-hidden=\"true\" class=\"wp-block-spacer\"><\/div>\n\n\n\n<h3 class=\"wp-block-heading\">\ud83c\udfad Participer au spectacle musical ELLE d\u2019uNopia<\/h3>\n\n\n\n<p class=\"wp-block-paragraph\">Avec <strong>Coline Oddon <\/strong><br>Participez au spectacle musical d\u2019uNopia ELLE en apprenant des \u00e9l\u00e9ments musicaux (un petit chant, une percussion corporelle&#8230;) et th\u00e9\u00e2traux (une courte r\u00e9plique, des d\u00e9placements&#8230;). Au moment du concert, ces \u00e9l\u00e9ments s\u2019int\u00e9greront dans le d\u00e9roul\u00e9 du spectacle. Vous pouvez participer \u00e0 cet atelier que vous soyez inscrit ou non au BIVOUAC qui suis.<\/p>\n\n\n\n<ul class=\"wp-block-list\">\n<li><mark style=\"background-color:rgba(0, 0, 0, 0)\" class=\"has-inline-color has-accent-1-color\">Le 5 de 10h30 \u00e0 12h30, repr\u00e9sentation \u00e0 14h <\/mark><\/li>\n\n\n\n<li>\u00c0 partir de 12 ans.<\/li>\n<\/ul>\n\n\n\n<div class=\"wp-block-buttons is-layout-flex wp-block-buttons-is-layout-flex\">\n<div class=\"wp-block-button is-style-outline is-style-outline--15\"><a class=\"wp-block-button__link has-normal-font-size has-custom-font-size wp-element-button\" href=\"https:\/\/www.helloasso.com\/associations\/la-nuit-des-ours\/evenements\/ateliers-du-5-au-12-aout-edition-2025\" style=\"border-radius:0px\">S&rsquo;INSCRIRE<\/a><\/div>\n<\/div>\n\n\n\n<div style=\"height:20px\" aria-hidden=\"true\" class=\"wp-block-spacer\"><\/div>\n\n\n\n<h3 class=\"wp-block-heading\">\ud83e\udea2 D\u00e9couverte de la laine feutr\u00e9e <\/h3>\n\n\n\n<p class=\"wp-block-paragraph\">Avec <strong>Myl\u00e8ne Chaput<\/strong> (feutri\u00e8re) <br>D\u00e9couverte de la laine depuis la tonte du mouton de montagne jusqu\u2019au feutrage, des diff\u00e9rentes laines et du feutre \u00e0 travers l\u2019histoire. Cr\u00e9ation d\u2019un tableau en laine feutr\u00e9e \u00e0 partir d\u2019une plaque de pr\u00e9-feutre et de m\u00e8che que l\u2019on pose puis que l\u2019on frotte \u00e0 l\u2019eau savonneuse pour en faire un textile non tiss\u00e9. Enfin, cr\u00e9ation d\u2019un savon feutr\u00e9 ou d\u2019un porte cl\u00e9 en m\u00e8che de mouton.<\/p>\n\n\n\n<ul class=\"wp-block-list\">\n<li><mark style=\"background-color:rgba(0, 0, 0, 0)\" class=\"has-inline-color has-accent-1-color\">Le 5 de 14h \u00e0 16h<\/mark><\/li>\n\n\n\n<li>\u00c0 partir de 11 ans, pour 8 personnes maximum. <\/li>\n<\/ul>\n\n\n\n<div class=\"wp-block-buttons is-layout-flex wp-block-buttons-is-layout-flex\">\n<div class=\"wp-block-button is-style-outline is-style-outline--16\"><a class=\"wp-block-button__link has-normal-font-size has-custom-font-size wp-element-button\" href=\"https:\/\/www.helloasso.com\/associations\/la-nuit-des-ours\/evenements\/ateliers-du-5-au-12-aout-edition-2025\" style=\"border-radius:0px\">S&rsquo;INSCRIRE<\/a><\/div>\n<\/div>\n\n\n\n<div style=\"height:20px\" aria-hidden=\"true\" class=\"wp-block-spacer\"><\/div>\n\n\n\n<h3 class=\"wp-block-heading\">\ud83c\udfad Participer \u00e0 un spectacle chor\u00e9graphique<\/h3>\n\n\n\n<p class=\"wp-block-paragraph\">Avec <strong>Elodie Sicard<\/strong><br>Il s\u2019agit d\u2019une intervention simple mais qui sera r\u00e9p\u00e9t\u00e9e 5 fois entre 20h30 et minuit le soir m\u00eame. Il faut donc s\u2019engager. Les conditions ne sont pas faciles mais vous participez de pr\u00e8s \u00e0 une cr\u00e9ation chor\u00e9graphique.<\/p>\n\n\n\n<ul class=\"wp-block-list\">\n<li><mark style=\"background-color:rgba(0, 0, 0, 0)\" class=\"has-inline-color has-accent-1-color\">Le 7 de 10h \u00e0 12h, repr\u00e9sentations \u00e0 LA NUIT DES OURS le soir m\u00eame<\/mark><\/li>\n\n\n\n<li>Pour 6 personnes maximum en bonne condition physique, \u00e0 partir de 11 ans.<\/li>\n<\/ul>\n\n\n\n<div class=\"wp-block-buttons is-layout-flex wp-block-buttons-is-layout-flex\">\n<div class=\"wp-block-button is-style-outline is-style-outline--17\"><a class=\"wp-block-button__link has-normal-font-size has-custom-font-size wp-element-button\" href=\"https:\/\/www.helloasso.com\/associations\/la-nuit-des-ours\/evenements\/ateliers-du-5-au-12-aout-edition-2025\" style=\"border-radius:0px\">S&rsquo;INSCRIRE<\/a><\/div>\n<\/div>\n\n\n\n<div style=\"height:20px\" aria-hidden=\"true\" class=\"wp-block-spacer\"><\/div>\n\n\n\n<h3 class=\"wp-block-heading\">\u262f\ufe0f Qi Gong <\/h3>\n\n\n\n<p class=\"wp-block-paragraph\">Avec <strong><a href=\"https:\/\/qi-gong-nature.fr\/\" target=\"_blank\" rel=\"noreferrer noopener\">Tiphaine Breillot<\/a><\/strong><br>Le Qi Gong est une pratique ancestrale chinoise qui signifie litt\u00e9ralement travail (Gong) du souffle ou de l\u2019\u00e9nergie (Qi). Bas\u00e9 sur la m\u00e9decine traditionnelle chinoise, il vise \u00e0 r\u00e9tablir un \u00e9quilibre dans le corps en pratiquant des mouvements qui viennent stimuler la circulation \u00e9nerg\u00e9tique et renforcent la vitalit\u00e9.<\/p>\n\n\n\n<ul class=\"wp-block-list\">\n<li><mark style=\"background-color:rgba(0, 0, 0, 0)\" class=\"has-inline-color has-accent-1-color\">Le 5 de 14h \u00e0 16h<\/mark><\/li>\n\n\n\n<li>\u00c0 partir de 10 ans (accompagn\u00e9).<\/li>\n<\/ul>\n\n\n\n<div class=\"wp-block-buttons is-layout-flex wp-block-buttons-is-layout-flex\">\n<div class=\"wp-block-button is-style-outline is-style-outline--18\"><a class=\"wp-block-button__link has-normal-font-size has-custom-font-size wp-element-button\" href=\"https:\/\/www.helloasso.com\/associations\/la-nuit-des-ours\/evenements\/ateliers-du-5-au-12-aout-edition-2025\" style=\"border-radius:0px\">S&rsquo;INSCRIRE<\/a><\/div>\n<\/div>\n\n\n\n<div style=\"height:20px\" aria-hidden=\"true\" class=\"wp-block-spacer\"><\/div>\n\n\n\n<h3 class=\"wp-block-heading\">\ud83c\udfb6 Initiation au yodel<\/h3>\n\n\n\n<p class=\"wp-block-paragraph\">Avec <strong>Madeleine Dorner <\/strong><br>Le yodel est une technique de chant consistant \u00e0 passer rapidement de la voix de poitrine \u00e0 la voix de t\u00eate.<\/p>\n\n\n\n<ul class=\"wp-block-list\">\n<li><mark style=\"background-color:rgba(0, 0, 0, 0)\" class=\"has-inline-color has-accent-1-color\">Le 6 de 14h \u00e0 16h<\/mark><\/li>\n<\/ul>\n\n\n\n<div class=\"wp-block-buttons is-layout-flex wp-block-buttons-is-layout-flex\">\n<div class=\"wp-block-button is-style-outline is-style-outline--19\"><a class=\"wp-block-button__link has-normal-font-size has-custom-font-size wp-element-button\" href=\"https:\/\/www.helloasso.com\/associations\/la-nuit-des-ours\/evenements\/ateliers-du-5-au-12-aout-edition-2025\" style=\"border-radius:0px\">S&rsquo;INSCRIRE<\/a><\/div>\n<\/div>\n\n\n\n<div style=\"height:20px\" aria-hidden=\"true\" class=\"wp-block-spacer\"><\/div>\n\n\n\n<h3 class=\"wp-block-heading\">\ud83e\udea2 GRIGRI <\/h3>\n\n\n\n<p class=\"wp-block-paragraph\">Avec le <strong>Collectif Parce qu\u2019on est l\u00e0 <\/strong><br>Chacun(e) r\u00e9alise une poup\u00e9e de chiffon avec des \u00e9l\u00e9ments r\u00e9cup\u00e9r\u00e9s. Un petit texte tenu secret est cousu dans la poup\u00e9e. En fin de journ\u00e9e on rassemble et on coud toutes les poup\u00e9es autour d\u2019un arbre magique.<\/p>\n\n\n\n<ul class=\"wp-block-list\">\n<li><mark style=\"background-color:rgba(0, 0, 0, 0)\" class=\"has-inline-color has-accent-1-color\">Le 7 de 10h \u00e0 12h30 et de 15h \u00e0 18h<\/mark><\/li>\n<\/ul>\n\n\n\n<div class=\"wp-block-buttons is-layout-flex wp-block-buttons-is-layout-flex\">\n<div class=\"wp-block-button is-style-outline is-style-outline--20\"><a class=\"wp-block-button__link has-normal-font-size has-custom-font-size wp-element-button\" href=\"https:\/\/www.helloasso.com\/associations\/la-nuit-des-ours\/evenements\/ateliers-du-5-au-12-aout-edition-2025\" style=\"border-radius:0px\">S&rsquo;INSCRIRE<\/a><\/div>\n<\/div>\n\n\n\n<div style=\"height:20px\" aria-hidden=\"true\" class=\"wp-block-spacer\"><\/div>\n\n\n\n<h3 class=\"wp-block-heading\">\u26ea Visite comment\u00e9e du Mus\u00e9e de Barberine <\/h3>\n\n\n\n<p class=\"wp-block-paragraph\">par <strong>Oph\u00e9lie Belanger <\/strong>(doctorante en arch\u00e9ologie du b\u00e2ti)<\/p>\n\n\n\n<ul class=\"wp-block-list\">\n<li><mark style=\"background-color:rgba(0, 0, 0, 0)\" class=\"has-inline-color has-accent-1-color\">Le 7 \u00e0 14h30 <\/mark><\/li>\n\n\n\n<li>Rendez vous devant le mus\u00e9e de Barberine (parking visiteur ou \u00e0 pied depuis Vallorcine).<\/li>\n<\/ul>\n\n\n\n<div class=\"wp-block-buttons is-layout-flex wp-block-buttons-is-layout-flex\">\n<div class=\"wp-block-button is-style-outline is-style-outline--21\"><a class=\"wp-block-button__link has-normal-font-size has-custom-font-size wp-element-button\" href=\"https:\/\/www.helloasso.com\/associations\/la-nuit-des-ours\/evenements\/ateliers-du-5-au-12-aout-edition-2025\" style=\"border-radius:0px\">S&rsquo;INSCRIRE<\/a><\/div>\n<\/div>\n\n\n\n<div style=\"height:20px\" aria-hidden=\"true\" class=\"wp-block-spacer\"><\/div>\n\n\n\n<h3 class=\"wp-block-heading\">\u26ea Visite comment\u00e9e de l\u2019\u00e9glise de Vallorcine <\/h3>\n\n\n\n<p class=\"wp-block-paragraph\">par <strong><a href=\"https:\/\/www.vallorcine.fr\/Valorsna-racines-et-patrimoines-374\" target=\"_blank\" rel=\"noreferrer noopener\">Dominique Ancey<\/a><\/strong> (association Valorsn\u00e0, racines et patrimoines)<\/p>\n\n\n\n<ul class=\"wp-block-list\">\n<li><mark style=\"background-color:rgba(0, 0, 0, 0)\" class=\"has-inline-color has-accent-1-color\">Le 7 de 14h <\/mark><\/li>\n\n\n\n<li>Rendez vous devant l\u2019\u00e9glise de Vallorcine.<\/li>\n<\/ul>\n\n\n\n<div class=\"wp-block-buttons is-layout-flex wp-block-buttons-is-layout-flex\">\n<div class=\"wp-block-button is-style-outline is-style-outline--22\"><a class=\"wp-block-button__link has-normal-font-size has-custom-font-size wp-element-button\" href=\"https:\/\/www.helloasso.com\/associations\/la-nuit-des-ours\/evenements\/ateliers-du-5-au-12-aout-edition-2025\" style=\"border-radius:0px\">S&rsquo;INSCRIRE<\/a><\/div>\n<\/div>\n\n\n\n<div style=\"height:20px\" aria-hidden=\"true\" class=\"wp-block-spacer\"><\/div>\n\n\n\n<h3 class=\"wp-block-heading\">\ud83d\udcac Philosopher avec les enfants (7\/11 ans)<\/h3>\n\n\n\n<p class=\"wp-block-paragraph\">Avec <strong>Marine Lemaire<\/strong> (intervenante en ateliers de philosophie avec les enfants et adolescent.es)<br><strong><em>O\u00d9 EST LA NATURE ? A QUI APPARTIENT-ELLE ? <\/em><\/strong>La nature, o\u00f9 est-ce que \u00e7a commence, o\u00f9 est-ce que \u00e7a s\u2019arr\u00eate? Aux portes de la ville, \u00e0 la cl\u00f4ture du jardin ou \u00e0 l\u2019or\u00e9e du bois? Lorsque l\u2019humain intervient, est-ce encore la nature? La nature a-t-elle des droits? Avons-nous des devoirs \u00e0 son \u00e9gard? Quel rapport entretenons-nous avec elle? Apaisante ou dangereuse, belle ou laide, la nature a-t-elle un sens?<\/p>\n\n\n\n<ul class=\"wp-block-list\">\n<li><mark style=\"background-color:rgba(0, 0, 0, 0)\" class=\"has-inline-color has-accent-1-color\">Le 8 de 10h30 \u00e0 12h30<\/mark><\/li>\n<\/ul>\n\n\n\n<div class=\"wp-block-buttons is-layout-flex wp-block-buttons-is-layout-flex\">\n<div class=\"wp-block-button is-style-outline is-style-outline--23\"><a class=\"wp-block-button__link has-normal-font-size has-custom-font-size wp-element-button\" href=\"https:\/\/www.helloasso.com\/associations\/la-nuit-des-ours\/evenements\/ateliers-du-5-au-12-aout-edition-2025\" style=\"border-radius:0px\">S&rsquo;INSCRIRE<\/a><\/div>\n<\/div>\n\n\n\n<div style=\"height:20px\" aria-hidden=\"true\" class=\"wp-block-spacer\"><\/div>\n\n\n\n<h3 class=\"wp-block-heading\">\ud83d\udcac Philosopher avec les adolescents (15\/18 ans) <\/h3>\n\n\n\n<p class=\"wp-block-paragraph\">Avec <strong>Marine Lemaire<\/strong> (intervenante en ateliers de philosophie avec les enfants et adolescent.es)<br><strong><em>C\u2019EST QUOI L\u2019ART ? <\/em><\/strong>L\u2019art occupe une place importante dans la soci\u00e9t\u00e9. Une \u0153uvre d\u2019art doit-elle s\u2019inspirer de la r\u00e9alit\u00e9? La copier? Doit-elle \u00eatre unique? L\u2019art doit-il \u00eatre beau? Qui le d\u00e9cide? Doit-il \u00eatre utile? L\u2019art exprime-t-il des \u00e9motions? En procure-t-il? Peut-il nous apprendre \u00e0 regarder autrement? L\u2019art transforme-t-il le monde? Les artistes peuvent-iels le r\u00e9enchanter?<\/p>\n\n\n\n<ul class=\"wp-block-list\">\n<li><mark style=\"background-color:rgba(0, 0, 0, 0)\" class=\"has-inline-color has-accent-1-color\">Le 8 de 14h30 \u00e0 16h30<\/mark><\/li>\n<\/ul>\n\n\n\n<div class=\"wp-block-buttons is-layout-flex wp-block-buttons-is-layout-flex\">\n<div class=\"wp-block-button is-style-outline is-style-outline--24\"><a class=\"wp-block-button__link has-normal-font-size has-custom-font-size wp-element-button\" href=\"https:\/\/www.helloasso.com\/associations\/la-nuit-des-ours\/evenements\/ateliers-du-5-au-12-aout-edition-2025\" style=\"border-radius:0px\">S&rsquo;INSCRIRE<\/a><\/div>\n<\/div>\n\n\n\n<div style=\"height:20px\" aria-hidden=\"true\" class=\"wp-block-spacer\"><\/div>\n\n\n\n<h3 class=\"wp-block-heading\">\ud83c\udfa8 R\u00e9aliser un ou des anthotypes <\/h3>\n\n\n\n<p class=\"wp-block-paragraph\">Avec <strong>Kim Berguerand<\/strong><br>Un anthotype est une image cr\u00e9\u00e9e \u00e0 l\u2019aide de mat\u00e9riel photosensible provenant de plantes. Une \u00e9mulsion est fabriqu\u00e9e \u00e0 partir de feuilles de l\u00e9gumes sensibles \u00e0 la lumi\u00e8re. Une feuille de papier enduite est ensuite s\u00e9ch\u00e9e. Si on place une fleur par exemple sur le papier et qu\u2019on l\u2019expose \u00e0 la lumi\u00e8re directe du soleil, la couleur reste dans les parties ombrag\u00e9es. Chaque \u00e9tape sera r\u00e9alis\u00e9e jusqu\u2019\u00e0 la phase finale d\u2019une exposition des oeuvres \u00e0 partir de 18h30 au CAF\u00c9-COMPTOIR pour la soir\u00e9e de cl\u00f4ture de LA NUIT DES OURS.<\/p>\n\n\n\n<ul class=\"wp-block-list\">\n<li><mark style=\"background-color:rgba(0, 0, 0, 0)\" class=\"has-inline-color has-accent-1-color\">Le 8 de 14h30 \u00e0 17h30<\/mark><\/li>\n<\/ul>\n\n\n\n<div class=\"wp-block-buttons is-layout-flex wp-block-buttons-is-layout-flex\">\n<div class=\"wp-block-button is-style-outline is-style-outline--25\"><a class=\"wp-block-button__link has-normal-font-size has-custom-font-size wp-element-button\" href=\"https:\/\/www.helloasso.com\/associations\/la-nuit-des-ours\/evenements\/ateliers-du-5-au-12-aout-edition-2025\" style=\"border-radius:0px\">S&rsquo;INSCRIRE<\/a><\/div>\n<\/div>\n\n\n\n<div style=\"height:20px\" aria-hidden=\"true\" class=\"wp-block-spacer\"><\/div>\n","protected":false},"excerpt":{"rendered":"<p>25 ATELIERS DU 1er AU 8 AO\u00dbT 2023. Bien-\u00eatre, musique, radio, arts plastiques, artisanat, philosophie, h\u00e9ritage vallorcin, \u00e9criture\u2026 il y en a pour tous les go\u00fbts ! 5 \u20ac tarif unique enfant\/adulte, inscription obligatoire (jauges limit\u00e9es). <\/p>\n","protected":false},"author":1,"featured_media":727,"comment_status":"closed","ping_status":"closed","sticky":false,"template":"","format":"standard","meta":{"footnotes":""},"categories":[33],"tags":[],"class_list":["post-1847","post","type-post","status-publish","format-standard","has-post-thumbnail","hentry","category-edition-2023"],"yoast_head":"<!-- This site is optimized with the Yoast SEO plugin v28.3 - https:\/\/yoast.com\/product\/yoast-seo-wordpress\/ -->\n<title>Ateliers - Festival La Nuit des Ours Edition 2023<\/title>\n<meta name=\"description\" content=\"DU 1er AU 8 AO\u00dbT 2023. ATELIERS bien-\u00eatre, musique, radio, arts plastiques, artisanat, philosophie, h\u00e9ritage vallorcin, \u00e9criture\u2026\" \/>\n<meta name=\"robots\" content=\"index, follow, max-snippet:-1, max-image-preview:large, max-video-preview:-1\" \/>\n<link rel=\"canonical\" href=\"https:\/\/lanuitdesours.lautre.net\/?p=1847\" \/>\n<meta property=\"og:locale\" content=\"fr_FR\" \/>\n<meta property=\"og:type\" content=\"article\" \/>\n<meta property=\"og:title\" content=\"Ateliers - Festival La Nuit des Ours Edition 2023\" \/>\n<meta property=\"og:description\" content=\"DU 1er AU 8 AO\u00dbT 2023. ATELIERS bien-\u00eatre, musique, radio, arts plastiques, artisanat, philosophie, h\u00e9ritage vallorcin, \u00e9criture\u2026\" \/>\n<meta property=\"og:url\" content=\"https:\/\/lanuitdesours.lautre.net\/?p=1847\" \/>\n<meta property=\"og:site_name\" content=\"La Nuit des Ours\" \/>\n<meta property=\"article:publisher\" content=\"https:\/\/www.facebook.com\/lanuitdesours\/\" \/>\n<meta property=\"article:published_time\" content=\"2023-07-03T13:00:28+00:00\" \/>\n<meta property=\"article:modified_time\" content=\"2024-07-30T12:42:49+00:00\" \/>\n<meta property=\"og:image\" content=\"https:\/\/lanuitdesours.lautre.net\/wp-content\/uploads\/2022\/07\/297-scaled.jpg\" \/>\n\t<meta property=\"og:image:width\" content=\"2560\" \/>\n\t<meta property=\"og:image:height\" content=\"1707\" \/>\n\t<meta property=\"og:image:type\" content=\"image\/jpeg\" \/>\n<meta name=\"author\" content=\"Cr\u00e9er c&#039;est R\u00e9sister\" \/>\n<meta name=\"twitter:card\" content=\"summary_large_image\" \/>\n<meta name=\"twitter:label1\" content=\"\u00c9crit par\" \/>\n\t<meta name=\"twitter:data1\" content=\"Cr\u00e9er c&#039;est R\u00e9sister\" \/>\n\t<meta name=\"twitter:label2\" content=\"Dur\u00e9e de lecture estim\u00e9e\" \/>\n\t<meta name=\"twitter:data2\" content=\"211 minutes\" \/>\n<script type=\"application\/ld+json\" class=\"yoast-schema-graph\">{\"@context\":\"https:\\\/\\\/schema.org\",\"@graph\":[{\"@type\":\"Article\",\"@id\":\"https:\\\/\\\/lanuitdesours.lautre.net\\\/?p=1847#article\",\"isPartOf\":{\"@id\":\"https:\\\/\\\/lanuitdesours.lautre.net\\\/?p=1847\"},\"author\":{\"name\":\"Cr\u00e9er c'est R\u00e9sister\",\"@id\":\"https:\\\/\\\/lanuitdesours.lautre.net\\\/#\\\/schema\\\/person\\\/1f4500f2f631d9916d6b39f1c0ba934c\"},\"headline\":\"Ateliers\",\"datePublished\":\"2023-07-03T13:00:28+00:00\",\"dateModified\":\"2024-07-30T12:42:49+00:00\",\"mainEntityOfPage\":{\"@id\":\"https:\\\/\\\/lanuitdesours.lautre.net\\\/?p=1847\"},\"wordCount\":1633,\"publisher\":{\"@id\":\"https:\\\/\\\/lanuitdesours.lautre.net\\\/#organization\"},\"image\":{\"@id\":\"https:\\\/\\\/lanuitdesours.lautre.net\\\/?p=1847#primaryimage\"},\"thumbnailUrl\":\"https:\\\/\\\/lanuitdesours.lautre.net\\\/wp-content\\\/uploads\\\/2022\\\/07\\\/297-scaled.jpg\",\"articleSection\":[\"Edition 2023\"],\"inLanguage\":\"fr-FR\"},{\"@type\":\"WebPage\",\"@id\":\"https:\\\/\\\/lanuitdesours.lautre.net\\\/?p=1847\",\"url\":\"https:\\\/\\\/lanuitdesours.lautre.net\\\/?p=1847\",\"name\":\"Ateliers - Festival La Nuit des Ours Edition 2023\",\"isPartOf\":{\"@id\":\"https:\\\/\\\/lanuitdesours.lautre.net\\\/#website\"},\"primaryImageOfPage\":{\"@id\":\"https:\\\/\\\/lanuitdesours.lautre.net\\\/?p=1847#primaryimage\"},\"image\":{\"@id\":\"https:\\\/\\\/lanuitdesours.lautre.net\\\/?p=1847#primaryimage\"},\"thumbnailUrl\":\"https:\\\/\\\/lanuitdesours.lautre.net\\\/wp-content\\\/uploads\\\/2022\\\/07\\\/297-scaled.jpg\",\"datePublished\":\"2023-07-03T13:00:28+00:00\",\"dateModified\":\"2024-07-30T12:42:49+00:00\",\"description\":\"DU 1er AU 8 AO\u00dbT 2023. ATELIERS bien-\u00eatre, musique, radio, arts plastiques, artisanat, philosophie, h\u00e9ritage vallorcin, \u00e9criture\u2026\",\"breadcrumb\":{\"@id\":\"https:\\\/\\\/lanuitdesours.lautre.net\\\/?p=1847#breadcrumb\"},\"inLanguage\":\"fr-FR\",\"potentialAction\":[{\"@type\":\"ReadAction\",\"target\":[\"https:\\\/\\\/lanuitdesours.lautre.net\\\/?p=1847\"]}]},{\"@type\":\"ImageObject\",\"inLanguage\":\"fr-FR\",\"@id\":\"https:\\\/\\\/lanuitdesours.lautre.net\\\/?p=1847#primaryimage\",\"url\":\"https:\\\/\\\/lanuitdesours.lautre.net\\\/wp-content\\\/uploads\\\/2022\\\/07\\\/297-scaled.jpg\",\"contentUrl\":\"https:\\\/\\\/lanuitdesours.lautre.net\\\/wp-content\\\/uploads\\\/2022\\\/07\\\/297-scaled.jpg\",\"width\":2560,\"height\":1707,\"caption\":\"\u24b8 Nina Bompard\"},{\"@type\":\"BreadcrumbList\",\"@id\":\"https:\\\/\\\/lanuitdesours.lautre.net\\\/?p=1847#breadcrumb\",\"itemListElement\":[{\"@type\":\"ListItem\",\"position\":1,\"name\":\"Accueil\",\"item\":\"https:\\\/\\\/lanuitdesours.lautre.net\\\/\"},{\"@type\":\"ListItem\",\"position\":2,\"name\":\"Ateliers\"}]},{\"@type\":\"WebSite\",\"@id\":\"https:\\\/\\\/lanuitdesours.lautre.net\\\/#website\",\"url\":\"https:\\\/\\\/lanuitdesours.lautre.net\\\/\",\"name\":\"La Nuit des Ours\",\"description\":\"CR\u00c9ER C&#039;EST R\u00c9SISTER | R\u00c9SISTER C&#039;EST CR\u00c9ER\",\"publisher\":{\"@id\":\"https:\\\/\\\/lanuitdesours.lautre.net\\\/#organization\"},\"potentialAction\":[{\"@type\":\"SearchAction\",\"target\":{\"@type\":\"EntryPoint\",\"urlTemplate\":\"https:\\\/\\\/lanuitdesours.lautre.net\\\/?s={search_term_string}\"},\"query-input\":{\"@type\":\"PropertyValueSpecification\",\"valueRequired\":true,\"valueName\":\"search_term_string\"}}],\"inLanguage\":\"fr-FR\"},{\"@type\":\"Organization\",\"@id\":\"https:\\\/\\\/lanuitdesours.lautre.net\\\/#organization\",\"name\":\"Association LA NUIT DES OURS\",\"url\":\"https:\\\/\\\/lanuitdesours.lautre.net\\\/\",\"logo\":{\"@type\":\"ImageObject\",\"inLanguage\":\"fr-FR\",\"@id\":\"https:\\\/\\\/lanuitdesours.lautre.net\\\/#\\\/schema\\\/logo\\\/image\\\/\",\"url\":\"https:\\\/\\\/nuit-des-ours.com\\\/wp-content\\\/uploads\\\/2022\\\/07\\\/cropped-NDO_logo-noir_jaune.jpg\",\"contentUrl\":\"https:\\\/\\\/nuit-des-ours.com\\\/wp-content\\\/uploads\\\/2022\\\/07\\\/cropped-NDO_logo-noir_jaune.jpg\",\"width\":512,\"height\":512,\"caption\":\"Association LA NUIT DES OURS\"},\"image\":{\"@id\":\"https:\\\/\\\/lanuitdesours.lautre.net\\\/#\\\/schema\\\/logo\\\/image\\\/\"},\"sameAs\":[\"https:\\\/\\\/www.facebook.com\\\/lanuitdesours\\\/\",\"https:\\\/\\\/www.instagram.com\\\/lanuitdesours\\\/\"]},{\"@type\":\"Person\",\"@id\":\"https:\\\/\\\/lanuitdesours.lautre.net\\\/#\\\/schema\\\/person\\\/1f4500f2f631d9916d6b39f1c0ba934c\",\"name\":\"Cr\u00e9er c'est R\u00e9sister\",\"image\":{\"@type\":\"ImageObject\",\"inLanguage\":\"fr-FR\",\"@id\":\"https:\\\/\\\/secure.gravatar.com\\\/avatar\\\/08f4e38908e105d843bc2bab0e7af2243257415b61b5fe99e955c21a5f61fc2b?s=96&d=mm&r=g\",\"url\":\"https:\\\/\\\/secure.gravatar.com\\\/avatar\\\/08f4e38908e105d843bc2bab0e7af2243257415b61b5fe99e955c21a5f61fc2b?s=96&d=mm&r=g\",\"contentUrl\":\"https:\\\/\\\/secure.gravatar.com\\\/avatar\\\/08f4e38908e105d843bc2bab0e7af2243257415b61b5fe99e955c21a5f61fc2b?s=96&d=mm&r=g\",\"caption\":\"Cr\u00e9er c'est R\u00e9sister\"},\"sameAs\":[\"http:\\\/\\\/www.lanuitdesours.lautre.net\"],\"url\":\"https:\\\/\\\/lanuitdesours.lautre.net\\\/?author=1\"}]}<\/script>\n<!-- \/ Yoast SEO plugin. -->","yoast_head_json":{"title":"Ateliers - Festival La Nuit des Ours Edition 2023","description":"DU 1er AU 8 AO\u00dbT 2023. ATELIERS bien-\u00eatre, musique, radio, arts plastiques, artisanat, philosophie, h\u00e9ritage vallorcin, \u00e9criture\u2026","robots":{"index":"index","follow":"follow","max-snippet":"max-snippet:-1","max-image-preview":"max-image-preview:large","max-video-preview":"max-video-preview:-1"},"canonical":"https:\/\/lanuitdesours.lautre.net\/?p=1847","og_locale":"fr_FR","og_type":"article","og_title":"Ateliers - Festival La Nuit des Ours Edition 2023","og_description":"DU 1er AU 8 AO\u00dbT 2023. ATELIERS bien-\u00eatre, musique, radio, arts plastiques, artisanat, philosophie, h\u00e9ritage vallorcin, \u00e9criture\u2026","og_url":"https:\/\/lanuitdesours.lautre.net\/?p=1847","og_site_name":"La Nuit des Ours","article_publisher":"https:\/\/www.facebook.com\/lanuitdesours\/","article_published_time":"2023-07-03T13:00:28+00:00","article_modified_time":"2024-07-30T12:42:49+00:00","og_image":[{"width":2560,"height":1707,"url":"https:\/\/lanuitdesours.lautre.net\/wp-content\/uploads\/2022\/07\/297-scaled.jpg","type":"image\/jpeg"}],"author":"Cr\u00e9er c'est R\u00e9sister","twitter_card":"summary_large_image","twitter_misc":{"\u00c9crit par":"Cr\u00e9er c'est R\u00e9sister","Dur\u00e9e de lecture estim\u00e9e":"211 minutes"},"schema":{"@context":"https:\/\/schema.org","@graph":[{"@type":"Article","@id":"https:\/\/lanuitdesours.lautre.net\/?p=1847#article","isPartOf":{"@id":"https:\/\/lanuitdesours.lautre.net\/?p=1847"},"author":{"name":"Cr\u00e9er c'est R\u00e9sister","@id":"https:\/\/lanuitdesours.lautre.net\/#\/schema\/person\/1f4500f2f631d9916d6b39f1c0ba934c"},"headline":"Ateliers","datePublished":"2023-07-03T13:00:28+00:00","dateModified":"2024-07-30T12:42:49+00:00","mainEntityOfPage":{"@id":"https:\/\/lanuitdesours.lautre.net\/?p=1847"},"wordCount":1633,"publisher":{"@id":"https:\/\/lanuitdesours.lautre.net\/#organization"},"image":{"@id":"https:\/\/lanuitdesours.lautre.net\/?p=1847#primaryimage"},"thumbnailUrl":"https:\/\/lanuitdesours.lautre.net\/wp-content\/uploads\/2022\/07\/297-scaled.jpg","articleSection":["Edition 2023"],"inLanguage":"fr-FR"},{"@type":"WebPage","@id":"https:\/\/lanuitdesours.lautre.net\/?p=1847","url":"https:\/\/lanuitdesours.lautre.net\/?p=1847","name":"Ateliers - Festival La Nuit des Ours Edition 2023","isPartOf":{"@id":"https:\/\/lanuitdesours.lautre.net\/#website"},"primaryImageOfPage":{"@id":"https:\/\/lanuitdesours.lautre.net\/?p=1847#primaryimage"},"image":{"@id":"https:\/\/lanuitdesours.lautre.net\/?p=1847#primaryimage"},"thumbnailUrl":"https:\/\/lanuitdesours.lautre.net\/wp-content\/uploads\/2022\/07\/297-scaled.jpg","datePublished":"2023-07-03T13:00:28+00:00","dateModified":"2024-07-30T12:42:49+00:00","description":"DU 1er AU 8 AO\u00dbT 2023. ATELIERS bien-\u00eatre, musique, radio, arts plastiques, artisanat, philosophie, h\u00e9ritage vallorcin, \u00e9criture\u2026","breadcrumb":{"@id":"https:\/\/lanuitdesours.lautre.net\/?p=1847#breadcrumb"},"inLanguage":"fr-FR","potentialAction":[{"@type":"ReadAction","target":["https:\/\/lanuitdesours.lautre.net\/?p=1847"]}]},{"@type":"ImageObject","inLanguage":"fr-FR","@id":"https:\/\/lanuitdesours.lautre.net\/?p=1847#primaryimage","url":"https:\/\/lanuitdesours.lautre.net\/wp-content\/uploads\/2022\/07\/297-scaled.jpg","contentUrl":"https:\/\/lanuitdesours.lautre.net\/wp-content\/uploads\/2022\/07\/297-scaled.jpg","width":2560,"height":1707,"caption":"\u24b8 Nina Bompard"},{"@type":"BreadcrumbList","@id":"https:\/\/lanuitdesours.lautre.net\/?p=1847#breadcrumb","itemListElement":[{"@type":"ListItem","position":1,"name":"Accueil","item":"https:\/\/lanuitdesours.lautre.net\/"},{"@type":"ListItem","position":2,"name":"Ateliers"}]},{"@type":"WebSite","@id":"https:\/\/lanuitdesours.lautre.net\/#website","url":"https:\/\/lanuitdesours.lautre.net\/","name":"La Nuit des Ours","description":"CR\u00c9ER C&#039;EST R\u00c9SISTER | R\u00c9SISTER C&#039;EST CR\u00c9ER","publisher":{"@id":"https:\/\/lanuitdesours.lautre.net\/#organization"},"potentialAction":[{"@type":"SearchAction","target":{"@type":"EntryPoint","urlTemplate":"https:\/\/lanuitdesours.lautre.net\/?s={search_term_string}"},"query-input":{"@type":"PropertyValueSpecification","valueRequired":true,"valueName":"search_term_string"}}],"inLanguage":"fr-FR"},{"@type":"Organization","@id":"https:\/\/lanuitdesours.lautre.net\/#organization","name":"Association LA NUIT DES OURS","url":"https:\/\/lanuitdesours.lautre.net\/","logo":{"@type":"ImageObject","inLanguage":"fr-FR","@id":"https:\/\/lanuitdesours.lautre.net\/#\/schema\/logo\/image\/","url":"https:\/\/nuit-des-ours.com\/wp-content\/uploads\/2022\/07\/cropped-NDO_logo-noir_jaune.jpg","contentUrl":"https:\/\/nuit-des-ours.com\/wp-content\/uploads\/2022\/07\/cropped-NDO_logo-noir_jaune.jpg","width":512,"height":512,"caption":"Association LA NUIT DES OURS"},"image":{"@id":"https:\/\/lanuitdesours.lautre.net\/#\/schema\/logo\/image\/"},"sameAs":["https:\/\/www.facebook.com\/lanuitdesours\/","https:\/\/www.instagram.com\/lanuitdesours\/"]},{"@type":"Person","@id":"https:\/\/lanuitdesours.lautre.net\/#\/schema\/person\/1f4500f2f631d9916d6b39f1c0ba934c","name":"Cr\u00e9er c'est R\u00e9sister","image":{"@type":"ImageObject","inLanguage":"fr-FR","@id":"https:\/\/secure.gravatar.com\/avatar\/08f4e38908e105d843bc2bab0e7af2243257415b61b5fe99e955c21a5f61fc2b?s=96&d=mm&r=g","url":"https:\/\/secure.gravatar.com\/avatar\/08f4e38908e105d843bc2bab0e7af2243257415b61b5fe99e955c21a5f61fc2b?s=96&d=mm&r=g","contentUrl":"https:\/\/secure.gravatar.com\/avatar\/08f4e38908e105d843bc2bab0e7af2243257415b61b5fe99e955c21a5f61fc2b?s=96&d=mm&r=g","caption":"Cr\u00e9er c'est R\u00e9sister"},"sameAs":["http:\/\/www.lanuitdesours.lautre.net"],"url":"https:\/\/lanuitdesours.lautre.net\/?author=1"}]}},"_links":{"self":[{"href":"https:\/\/lanuitdesours.lautre.net\/index.php?rest_route=\/wp\/v2\/posts\/1847","targetHints":{"allow":["GET"]}}],"collection":[{"href":"https:\/\/lanuitdesours.lautre.net\/index.php?rest_route=\/wp\/v2\/posts"}],"about":[{"href":"https:\/\/lanuitdesours.lautre.net\/index.php?rest_route=\/wp\/v2\/types\/post"}],"author":[{"embeddable":true,"href":"https:\/\/lanuitdesours.lautre.net\/index.php?rest_route=\/wp\/v2\/users\/1"}],"replies":[{"embeddable":true,"href":"https:\/\/lanuitdesours.lautre.net\/index.php?rest_route=%2Fwp%2Fv2%2Fcomments&post=1847"}],"version-history":[{"count":26,"href":"https:\/\/lanuitdesours.lautre.net\/index.php?rest_route=\/wp\/v2\/posts\/1847\/revisions"}],"predecessor-version":[{"id":2653,"href":"https:\/\/lanuitdesours.lautre.net\/index.php?rest_route=\/wp\/v2\/posts\/1847\/revisions\/2653"}],"wp:featuredmedia":[{"embeddable":true,"href":"https:\/\/lanuitdesours.lautre.net\/index.php?rest_route=\/wp\/v2\/media\/727"}],"wp:attachment":[{"href":"https:\/\/lanuitdesours.lautre.net\/index.php?rest_route=%2Fwp%2Fv2%2Fmedia&parent=1847"}],"wp:term":[{"taxonomy":"category","embeddable":true,"href":"https:\/\/lanuitdesours.lautre.net\/index.php?rest_route=%2Fwp%2Fv2%2Fcategories&post=1847"},{"taxonomy":"post_tag","embeddable":true,"href":"https:\/\/lanuitdesours.lautre.net\/index.php?rest_route=%2Fwp%2Fv2%2Ftags&post=1847"}],"curies":[{"name":"wp","href":"https:\/\/api.w.org\/{rel}","templated":true}]}}