{"id":1783,"date":"2023-07-04T17:00:56","date_gmt":"2023-07-04T15:00:56","guid":{"rendered":"https:\/\/nuit-des-ours.com\/?p=1783"},"modified":"2024-08-04T14:54:23","modified_gmt":"2024-08-04T12:54:23","slug":"deux-nuits-des-ours-2023","status":"publish","type":"post","link":"https:\/\/lanuitdesours.lautre.net\/?p=1783","title":{"rendered":"Deux Nuits des Ours &#8212; Nuit du 4 ANNUL\u00c9E et remplac\u00e9e par le CABARET DES OURS"},"content":{"rendered":"\n<h1 class=\"wp-block-heading\">DEUX NUITS DES OURS, 4 &amp; 7 AO\u00dbT 2023<\/h1>\n\n\n\n<p class=\"wp-block-paragraph\"><strong><em>UNE NUIT DES OURS, c\u2019est une exp\u00e9rience artistique nocturne<\/em><\/strong><em><strong> en pleine nature o\u00f9 tous les sens sont sollicit\u00e9s\u2026 D\u00e8s la tomb\u00e9e du jour et jusqu\u2019au milieu de la nuit, un guide vous accompagne le long d\u2019un parcours \u00e0 travers la montagne, \u00e0 la rencontre de spectacles et performances, de sculptures d\u2019 \u00ab Arts du Chemin \u00bb et d\u2019exp\u00e9riences originales d\u2019immersion entre for\u00eat, chemins et bosquets.<\/strong> <\/em><\/p>\n\n\n\n<h2 class=\"wp-block-heading\"><mark style=\"background-color:#ff0099\" class=\"has-inline-color\">NUIT DES OURS DU VENDREDI 4 AO\u00dbT <\/mark><\/h2>\n\n\n\n<p class=\"wp-block-paragraph\"><em><strong><mark style=\"background-color:rgba(0, 0, 0, 0)\" class=\"has-inline-color has-accent-1-color\">Parcours relativement sportif<\/mark><\/strong><\/em><\/p>\n\n\n\n<h5 class=\"wp-block-heading\">Au moment de votre inscription \u00e0 la NUIT DES OURS, choisissez votre guide parmi les cinq suivants :<\/h5>\n\n\n\n<ol class=\"wp-block-list\">\n<li><strong>Eric Courcier<\/strong> guide et astronome amateur: <strong>\u00ab sous les \u00e9toiles exactement \u00bb<\/strong><\/li>\n\n\n\n<li><strong>Oph\u00e9lie Belanger<\/strong> doctorante en arch\u00e9ologie du b\u00e2ti: <strong>\u00ab promenade \u00e0 la rencontre de l\u2019art d\u2019habiter les pentes \u00bb<\/strong><\/li>\n\n\n\n<li><strong>C\u00e9cile Gissinger<\/strong> accompagnatrice en montagne: <strong>\u00ab grands projets inutiles ici comme ailleurs \u00bb<\/strong><\/li>\n\n\n\n<li><strong><a href=\"https:\/\/www.bettinperrine.com\/\" target=\"_blank\" rel=\"noreferrer noopener\">Perrine Bettin<\/a><\/strong> designer culinaire: <strong>\u00ab manger la for\u00eat \u00bb<\/strong><\/li>\n\n\n\n<li><strong>Agn\u00e8s Prudhomme<\/strong> g\u00e9ologue: <strong>\u00ab d\u00e9ambulation entre les pierres \u00bb<\/strong><\/li>\n<\/ol>\n\n\n\n\n\n<h5 class=\"wp-block-heading\">D\u00c9S 18H : ACCUEIL \u00e0 la buvette de LA POYA. <\/h5>\n\n\n\n<p class=\"wp-block-paragraph\">Restauration et concerts afin d\u2019initier LA NUIT DES OURS par une note festive et conviviale, avec :<\/p>\n\n\n\n<ul class=\"wp-block-list\">\n<li><strong><a href=\"https:\/\/marta-vini.com\/\" target=\"_blank\" rel=\"noreferrer noopener\">Marta Vini<\/a><\/strong><\/li>\n\n\n\n<li><strong>Les P\u2019tits plats de Hang-Vy<\/strong><\/li>\n\n\n\n<li><strong>\u00ab Le Concert de tout le Monde \u00bb<\/strong> dans la for\u00eat adjacente<\/li>\n\n\n\n<li>la Fanfare de <strong>LA TURBINE<\/strong><\/li>\n<\/ul>\n\n\n\n<p class=\"wp-block-paragraph\">Puis, constitution des groupes autour de vos guides respectifs. On fait connaissance.<\/p>\n\n\n\n<h5 class=\"wp-block-heading\">20H : D\u00c9PART. <br>Sur le circuit, les 5 groupes assistent successivement aux 5 spectacles suivants :<\/h5>\n\n\n\n<h3 class=\"wp-block-heading\">Collectif PARCE QU\u2019ON EST L\u00c0 <br>dans TES PETITS PIEDS DANS LES TRACES DE MES SABOTS.<\/h3>\n\n\n\n<p class=\"wp-block-paragraph\"><mark style=\"background-color:rgba(0, 0, 0, 0)\" class=\"has-inline-color has-accent-1-color\"><strong>De et avec Ren\u00e9e Defay. Accompagnement: Bruno Boussa<\/strong><\/mark><strong><mark style=\"background-color:rgba(0, 0, 0, 0)\" class=\"has-inline-color has-accent-1-color\">gol<\/mark><\/strong><br>On allait c\u00f4te \u00e0 c\u00f4te, lui mon Grand P\u00e8re avec sa canne, moi puis le chien Berg\u00e8re. On conduisait le troupeau. Il parlait tant\u00f4t fran\u00e7ais, tant\u00f4t patois et chantais d\u2019un ton na\u00eff, paillard et rigolard. Merveille d\u2019homme que ce pauvre homme, le premier qu\u2019il me f\u00fbt donn\u00e9 d\u2019aimer.<\/p>\n\n\n\n<h3 class=\"wp-block-heading\">Compagnie LA FUGUE <br>dans NADINE.<\/h3>\n\n\n\n<p class=\"wp-block-paragraph\"><strong><mark style=\"background-color:rgba(0, 0, 0, 0)\" class=\"has-inline-color has-accent-1-color\">De Judith Thi\u00e9baut. Avec Marie-Pascale Grenier<\/mark><\/strong><br>Nadine est aide-soignante en maison de retraite depuis 25 ans. Elle aime ses petites vieilles, surtout Aim\u00e9e, qui a fait partie du MLF. Aujourd\u2019hui elle revient de l\u2019enterrement de sa coll\u00e8gue Simone et n\u2019a pas le go\u00fbt d\u2019aller travailler. C\u2019est pourquoi elle s\u2019attarde avec nous sur ce chemin. Elle ne pensait pas se confier si facilement \u00e0 des inconnus, d\u2019habitude elle est discr\u00e8te.<\/p>\n\n\n\n<h3 class=\"wp-block-heading\">CONTREBRASSENS<\/h3>\n\n\n\n<p class=\"wp-block-paragraph\"><strong><mark style=\"background-color:rgba(0, 0, 0, 0)\" class=\"has-inline-color has-accent-1-color\">Chant et contrebasse: Pauline Dupuy. Autres instruments: Michael Wookey<\/mark><\/strong><br>Pauline Dupuy nous fait red\u00e9couvrir Brassens sous un \u00e9clairage neuf. R\u00e9v\u00e9lant la saveur musicale de ses m\u00e9lodies et la profondeur de ses textes, elle nous prom\u00e8ne dans des histoires, choisies autour de la femme&#8230; Apr\u00e8s avoir roul\u00e9 sa bosse seule avec sa contrebasse, la chanteuse s\u2019entoure \u00e0 pr\u00e9sent de complices invit\u00e9s \u00e0 se serrer avec elle tout contre Brassens. L\u2019univers fantasque et surprenant de Michael Wookey se marie avec merveille et justesse \u00e0 la douceur et la sobri\u00e9t\u00e9 de la contrebassiste.<\/p>\n\n\n\n<h3 class=\"wp-block-heading\">GUILHEM FABRE<\/h3>\n\n\n\n<p class=\"wp-block-paragraph\"><strong><mark style=\"background-color:rgba(0, 0, 0, 0)\" class=\"has-inline-color has-accent-1-color\">Concert de piano<\/mark><\/strong><br>R\u00e9cemment en concert salle Gaveau \u00e0 Paris il joue aussi sur les routes de France depuis son camion-sc\u00e8ne. Il fera \u00e9tape pour nous.<\/p>\n\n\n\n<h3 class=\"wp-block-heading\">Collectif MERCI POUR LA TENDRESSE<br>dans FEMME DANS LA FOR\u00caT<\/h3>\n\n\n\n<p class=\"wp-block-paragraph\"><strong><mark style=\"background-color:rgba(0, 0, 0, 0)\" class=\"has-inline-color has-accent-1-color\">Texte Julia Haenni, traduction Katharina Stalder. Une cr\u00e9ation collective avec Chiara Galliano, Margaux Maugendre, Annouck Saussier, Nina Vantieghem<\/mark><\/strong><br>Quatre com\u00e9diennes portent la voix diffract\u00e9e d\u2019une femme submerg\u00e9e par son quotidien. Le monde devient hostile et partout, se r\u00e9pand une horde de femmes. Elle n\u2019a plus d\u2019alternative : elle fuit \u00e0 travers la ville jusque dans la for\u00eat.<\/p>\n\n\n\n<h5 class=\"wp-block-heading\">VERS MINUIT, on se rassemble autour d\u2019un vin chaud <br>pour terminer la NUIT DES OURS avec le concert de :<\/h5>\n\n\n\n<h3 class=\"wp-block-heading\">PACCOUD ET LE SISTER SYSTEM<\/h3>\n\n\n\n<p class=\"wp-block-paragraph\">\u00ab Les filles elles savent pas quoi en faire des fleurs \u00bb<br>Paccoud c\u2019est la po\u00e9sie des rues et des bistrots d\u2019aujourd\u2019hui, jamais dupe de la violence des coups et des sentiments. Toujours aux bords des larmes, du rire ou du d\u00e9sespoir.<\/p>\n\n\n\n\n\n<h5 class=\"wp-block-heading\">Trains de retour apr\u00e8s LA NUIT DES OURS :<\/h5>\n\n\n\n<ul class=\"wp-block-list\">\n<li><mark style=\"background-color:rgba(0, 0, 0, 0)\" class=\"has-inline-color has-accent-2-color\"><em><strong>1H05 : vers Vallorcine puis Martigny<\/strong><\/em><\/mark><\/li>\n\n\n\n<li><mark style=\"background-color:rgba(0, 0, 0, 0)\" class=\"has-inline-color has-accent-2-color\"><em><strong>1H15 : vers Chamonix puis Les Houches <\/strong><\/em><\/mark><em>avec la fanfare de <strong>LA TURBINE<\/strong> pour un \u00ab tour du monde en 10 chansons de lutte \u00bb<\/em><\/li>\n<\/ul>\n\n\n\n<hr class=\"wp-block-separator has-alpha-channel-opacity is-style-default\"\/>\n\n\n\n<h2 class=\"wp-block-heading\"><mark style=\"background-color:#ff0099\" class=\"has-inline-color\">NUIT DES OURS DU LUNDI 7 AO\u00dbT <\/mark><\/h2>\n\n\n\n<p class=\"wp-block-paragraph\"><em><strong><mark style=\"background-color:rgba(0, 0, 0, 0)\" class=\"has-inline-color has-accent-1-color\">Parcours le plus facile <\/mark><\/strong><\/em><\/p>\n\n\n\n<h5 class=\"wp-block-heading\">Au moment de votre inscription \u00e0 la NUIT DES OURS, choisissez votre guide parmi les cinq suivants :<\/h5>\n\n\n\n<ol class=\"wp-block-list\">\n<li><strong>Anne Saint Sauveur <\/strong>historienne : <strong>\u00ab Parcours d\u2019exil, l\u2019exemple de Vallorcine \u00bb<\/strong><\/li>\n\n\n\n<li><strong>Nathalie Agenmuller<\/strong> guide de haute montagne : <strong>\u00ab R\u00e9sister aujourd\u2019hui \u00bb<\/strong><\/li>\n\n\n\n<li><strong>Marine Lemaire<\/strong> artiste plasticienne et sonore : <strong>\u00ab Comment habitons nous les espaces \u00bb<\/strong><\/li>\n\n\n\n<li><strong>R\u00e9mi Egelbrecht <\/strong>guide de haute montagne : <strong>\u00ab Les limites plan\u00e9taires: constats et solutions \u00bb<\/strong> <\/li>\n\n\n\n<li><strong>Melody Amoudruz<\/strong> animatrice en astronomie : <strong>\u00ab Mythologie et constellations \u00bb<\/strong><\/li>\n<\/ol>\n\n\n\n\n\n<h5 class=\"wp-block-heading\">D\u00c9S 18H : ACCUEIL \u00e0 la buvette de LA POYA. <\/h5>\n\n\n\n<p class=\"wp-block-paragraph\">Restauration et concerts afin d\u2019initier LA NUIT DES OURS par une note festive et conviviale, avec :<\/p>\n\n\n\n<ul class=\"wp-block-list\">\n<li><a href=\"https:\/\/marta-vini.com\/\" target=\"_blank\" rel=\"noreferrer noopener\"><strong>Marta Vini<\/strong><\/a><\/li>\n\n\n\n<li><strong>\u00ab Le cabaret de la Butte aux Cailles \u00bb<\/strong> de <strong>JUSTINE et RIKI <\/strong>la chanson de Paname<\/li>\n\n\n\n<li>Un concert de <strong>Cors des Alpes de l\u2019Echo du Buet<\/strong>.<\/li>\n<\/ul>\n\n\n\n<p class=\"wp-block-paragraph\">Constitution des groupes autour de vos guides respectifs. On fait connaissance.<\/p>\n\n\n\n<h5 class=\"wp-block-heading\">20H : D\u00c9PART pour un itin\u00e9raire in\u00e9dit ! <br>Sur ce nouveau circuit, vous assisterez aux 5 spectacles suivants :<\/h5>\n\n\n\n<h3 class=\"wp-block-heading\">KANTALISO chanson populaire italienne<\/h3>\n\n\n\n<p class=\"wp-block-paragraph\"><strong><mark style=\"background-color:rgba(0, 0, 0, 0)\" class=\"has-inline-color has-accent-1-color\">Avec Margherita Trefoloni: chant et guitare, Samuel Zucca: accord\u00e9on, Guillaume Fontanarosa: violon<\/mark><\/strong><br>C\u2019est dans ce m\u00e9lange d\u2019Italie actuelle et lointaine, d\u2019Italie pr\u00e9sente et fantasm\u00e9e, d\u2019Italie imaginaire et r\u00eav\u00e9e que les chants de KANTALISO prennent forme. Ils racontent principalement l\u2019amour, l\u2019amor che move il sole e l\u2019altre stelle , en partant des chants de tradition orale, suivant les traces des grands interpr\u00e8tes.<\/p>\n\n\n\n<h3 class=\"wp-block-heading\">Compagnie EUKARYOTA<br>dans LES ASPIRANTS<\/h3>\n\n\n\n<p class=\"wp-block-paragraph\"><strong><mark style=\"background-color:rgba(0, 0, 0, 0)\" class=\"has-inline-color has-accent-1-color\">De et avec ELODIE SICARD chor\u00e9graphe et danseuse<\/mark><\/strong><br>\u00c9lodie Sicard a dans\u00e9 pour Jan Fabre, Hans Den Broeck, Rom\u00e9o Castellucci&#8230; Elle cr\u00e9e sa compagnie Eukayota en 2014. Elle s\u2019immerge r\u00e9guli\u00e8rement en for\u00eat et c\u2019est de cette exp\u00e9rience qu\u2019elle rendra compte.<\/p>\n\n\n\n<h3 class=\"wp-block-heading\">MON DIEU CARAMEL<\/h3>\n\n\n\n<p class=\"wp-block-paragraph\"><strong><mark style=\"background-color:rgba(0, 0, 0, 0)\" class=\"has-inline-color has-accent-1-color\">De et avec Th\u00e9r\u00e8se Bosc<\/mark><\/strong><br>C\u2019est l\u2019histoire d\u2019un souvenir qui surgit comme un r\u00eave absurde au bout de 55 ans, o\u00f9 la petite fille que j\u2019\u00e9tais se serait engag\u00e9e dans les voix de la saintet\u00e9 si ce souvenir n\u2019avait \u00e9t\u00e9 m\u00e2chonn\u00e9 puis aval\u00e9 comme un caramel juste avant l\u2019\u00e2ge de raison. Cette histoire se situe entre Dieu et les Bouches du Rh\u00f4ne, entre Th\u00e9r\u00e8se d\u2019Avila et Th\u00e9r\u00e8se de l\u2019Enfant Jesus, entre pain au chocolat et grenadine , entre Carmel et caramel, entre fantaisie et cauchemar, entre secret et confidence, entre vous et moi.<\/p>\n\n\n\n<h3 class=\"wp-block-heading\">LA CHAMBRE-FOR\u00caT<\/h3>\n\n\n\n<p class=\"wp-block-paragraph\"><strong><mark style=\"background-color:rgba(0, 0, 0, 0)\" class=\"has-inline-color has-accent-1-color\">De et avec Camille Sova po\u00e8te et collagiste. Accompagnement: Bruno Boussagol<\/mark><\/strong><br>Je me suis promen\u00e9e dans la fin du monde et me suis r\u00e9fugi\u00e9e dans une chambre-for\u00eat. Je vous y invite pour \u00e9couter mes histoire en forme de po\u00e8mes. Il y est question de terre, de ciel, de vivant, d\u2019urgence, d\u2019oubli, de solitude et de naissance.<\/p>\n\n\n\n<h3 class=\"wp-block-heading\">FLY BY NIGHT Pour une \u00ab f\u00eate au village \u00bb<\/h3>\n\n\n\n<p class=\"wp-block-paragraph\"><strong><mark style=\"background-color:rgba(0, 0, 0, 0)\" class=\"has-inline-color has-accent-1-color\">Fly By night ce sont trois multi-instrumentistes<\/mark><\/strong> qui croisent des influences Jazz et folk, avec un beau travail d\u2019harmonies sur les voix pour un v\u00e9ritable voyage acoustique.<br>\u00c7a groove, \u00e7a swingue, \u00e7a chaloupe, et puis \u00e7a prend aux tripes, \u00e7a fait r\u00eaver, \u00e7a berce. Laissez-vous emporter par une danse et glissez-vous au centre d\u2019une f\u00eate aux couleurs du monde.<\/p>\n\n\n\n<h5 class=\"wp-block-heading\">VERS MINUIT, on se rassemble autour d\u2019un vin chaud<br>pour terminer la NUIT DES OURS avec le concert de :<\/h5>\n\n\n\n<h3 class=\"wp-block-heading\">FARAFINA<\/h3>\n\n\n\n<p class=\"wp-block-paragraph\">Farafina a \u00e9t\u00e9 fond\u00e9 il y a 45 ans par le balafoniste Mahama Konat\u00e9 \u00e0 Bobo-Dioulasso. Il est d\u00e9sormais dirig\u00e9 par Souleymane Sanou dit \u2018Mani\u2019 qui conduit le groupe \u00e0 travers le monde, multipliant les collaborations prestigieuses.<\/p>\n\n\n\n\n\n<h5 class=\"wp-block-heading\">Trains de retour apr\u00e8s LA NUIT DES OURS :<\/h5>\n\n\n\n<ul class=\"wp-block-list\">\n<li><strong><em><mark style=\"background-color:rgba(0, 0, 0, 0)\" class=\"has-inline-color has-accent-2-color\">1H05 : vers Vallorcine puis Martigny<\/mark><\/em><\/strong><\/li>\n\n\n\n<li><strong><em>1<mark style=\"background-color:rgba(0, 0, 0, 0)\" class=\"has-inline-color has-accent-2-color\">H15 : vers Les Houches<\/mark> <\/em><\/strong><em>avec la suite du concert de <\/em><strong><em>FARAFINA<\/em><\/strong><\/li>\n<\/ul>\n","protected":false},"excerpt":{"rendered":"<p>LES 4 &#038; 7 AO\u00dbT 2023. Une exp\u00e9rience artistique nocturne en pleine nature, \u00e0 la d\u00e9couverte de spectacles, de sculptures d\u2019 \u00abArts du Chemin\u00bb et d\u2019exp\u00e9riences originales d\u2019immersion entre for\u00eat, chemins et bosquets. Sur r\u00e9servation (25\u20ac\/18\u20ac tarif r\u00e9duit). <\/p>\n","protected":false},"author":1,"featured_media":55,"comment_status":"closed","ping_status":"closed","sticky":false,"template":"","format":"standard","meta":{"footnotes":""},"categories":[33],"tags":[],"class_list":["post-1783","post","type-post","status-publish","format-standard","has-post-thumbnail","hentry","category-edition-2023"],"yoast_head":"<!-- This site is optimized with the Yoast SEO plugin v28.3 - https:\/\/yoast.com\/product\/yoast-seo-wordpress\/ -->\n<title>Deux Nuits des Ours - Nuit du 4 ANNUL\u00c9E et remplac\u00e9e par le CABARET DES OURS - Festival La Nuit des Ours Edition 2023<\/title>\n<meta name=\"description\" content=\"NUITS DES OURS 4 &amp; 7 AO\u00dbT 2023. Balades nocturnes en immersion entre for\u00eat et bosquets, \u00e0 la d\u00e9couverte de spectacles et Arts du Chemin.\" \/>\n<meta name=\"robots\" content=\"noindex, follow\" \/>\n<meta property=\"og:locale\" content=\"fr_FR\" \/>\n<meta property=\"og:type\" content=\"article\" \/>\n<meta property=\"og:title\" content=\"Deux Nuits des Ours - Nuit du 4 ANNUL\u00c9E et remplac\u00e9e par le CABARET DES OURS - Festival La Nuit des Ours Edition 2023\" \/>\n<meta property=\"og:description\" content=\"NUITS DES OURS 4 &amp; 7 AO\u00dbT 2023. Balades nocturnes en immersion entre for\u00eat et bosquets, \u00e0 la d\u00e9couverte de spectacles et Arts du Chemin.\" \/>\n<meta property=\"og:url\" content=\"https:\/\/lanuitdesours.lautre.net\/?p=1783\" \/>\n<meta property=\"og:site_name\" content=\"La Nuit des Ours\" \/>\n<meta property=\"article:publisher\" content=\"https:\/\/www.facebook.com\/lanuitdesours\/\" \/>\n<meta property=\"article:published_time\" content=\"2023-07-04T15:00:56+00:00\" \/>\n<meta property=\"article:modified_time\" content=\"2024-08-04T12:54:23+00:00\" \/>\n<meta property=\"og:image\" content=\"https:\/\/lanuitdesours.lautre.net\/wp-content\/uploads\/2022\/07\/2019_tipi-lumie\u0300res.jpg\" \/>\n\t<meta property=\"og:image:width\" content=\"2048\" \/>\n\t<meta property=\"og:image:height\" content=\"1365\" \/>\n\t<meta property=\"og:image:type\" content=\"image\/jpeg\" \/>\n<meta name=\"author\" content=\"Cr\u00e9er c&#039;est R\u00e9sister\" \/>\n<meta name=\"twitter:card\" content=\"summary_large_image\" \/>\n<meta name=\"twitter:label1\" content=\"\u00c9crit par\" \/>\n\t<meta name=\"twitter:data1\" content=\"Cr\u00e9er c&#039;est R\u00e9sister\" \/>\n\t<meta name=\"twitter:label2\" content=\"Dur\u00e9e de lecture estim\u00e9e\" \/>\n\t<meta name=\"twitter:data2\" content=\"7 minutes\" \/>\n<script type=\"application\/ld+json\" class=\"yoast-schema-graph\">{\"@context\":\"https:\\\/\\\/schema.org\",\"@graph\":[{\"@type\":\"Article\",\"@id\":\"https:\\\/\\\/lanuitdesours.lautre.net\\\/?p=1783#article\",\"isPartOf\":{\"@id\":\"https:\\\/\\\/lanuitdesours.lautre.net\\\/?p=1783\"},\"author\":{\"name\":\"Cr\u00e9er c'est R\u00e9sister\",\"@id\":\"https:\\\/\\\/lanuitdesours.lautre.net\\\/#\\\/schema\\\/person\\\/1f4500f2f631d9916d6b39f1c0ba934c\"},\"headline\":\"Deux Nuits des Ours &#8212; Nuit du 4 ANNUL\u00c9E et remplac\u00e9e par le CABARET DES OURS\",\"datePublished\":\"2023-07-04T15:00:56+00:00\",\"dateModified\":\"2024-08-04T12:54:23+00:00\",\"mainEntityOfPage\":{\"@id\":\"https:\\\/\\\/lanuitdesours.lautre.net\\\/?p=1783\"},\"wordCount\":1361,\"publisher\":{\"@id\":\"https:\\\/\\\/lanuitdesours.lautre.net\\\/#organization\"},\"image\":{\"@id\":\"https:\\\/\\\/lanuitdesours.lautre.net\\\/?p=1783#primaryimage\"},\"thumbnailUrl\":\"https:\\\/\\\/lanuitdesours.lautre.net\\\/wp-content\\\/uploads\\\/2022\\\/07\\\/2019_tipi-lumie\u0300res.jpg\",\"articleSection\":[\"Edition 2023\"],\"inLanguage\":\"fr-FR\"},{\"@type\":\"WebPage\",\"@id\":\"https:\\\/\\\/lanuitdesours.lautre.net\\\/?p=1783\",\"url\":\"https:\\\/\\\/lanuitdesours.lautre.net\\\/?p=1783\",\"name\":\"Deux Nuits des Ours - Nuit du 4 ANNUL\u00c9E et remplac\u00e9e par le CABARET DES OURS - Festival La Nuit des Ours Edition 2023\",\"isPartOf\":{\"@id\":\"https:\\\/\\\/lanuitdesours.lautre.net\\\/#website\"},\"primaryImageOfPage\":{\"@id\":\"https:\\\/\\\/lanuitdesours.lautre.net\\\/?p=1783#primaryimage\"},\"image\":{\"@id\":\"https:\\\/\\\/lanuitdesours.lautre.net\\\/?p=1783#primaryimage\"},\"thumbnailUrl\":\"https:\\\/\\\/lanuitdesours.lautre.net\\\/wp-content\\\/uploads\\\/2022\\\/07\\\/2019_tipi-lumie\u0300res.jpg\",\"datePublished\":\"2023-07-04T15:00:56+00:00\",\"dateModified\":\"2024-08-04T12:54:23+00:00\",\"description\":\"NUITS DES OURS 4 & 7 AO\u00dbT 2023. Balades nocturnes en immersion entre for\u00eat et bosquets, \u00e0 la d\u00e9couverte de spectacles et Arts du Chemin.\",\"breadcrumb\":{\"@id\":\"https:\\\/\\\/lanuitdesours.lautre.net\\\/?p=1783#breadcrumb\"},\"inLanguage\":\"fr-FR\",\"potentialAction\":[{\"@type\":\"ReadAction\",\"target\":[\"https:\\\/\\\/lanuitdesours.lautre.net\\\/?p=1783\"]}]},{\"@type\":\"ImageObject\",\"inLanguage\":\"fr-FR\",\"@id\":\"https:\\\/\\\/lanuitdesours.lautre.net\\\/?p=1783#primaryimage\",\"url\":\"https:\\\/\\\/lanuitdesours.lautre.net\\\/wp-content\\\/uploads\\\/2022\\\/07\\\/2019_tipi-lumie\u0300res.jpg\",\"contentUrl\":\"https:\\\/\\\/lanuitdesours.lautre.net\\\/wp-content\\\/uploads\\\/2022\\\/07\\\/2019_tipi-lumie\u0300res.jpg\",\"width\":2048,\"height\":1365,\"caption\":\"La Nuit des Ours 2019 \u00a9 Eric Courcier\"},{\"@type\":\"BreadcrumbList\",\"@id\":\"https:\\\/\\\/lanuitdesours.lautre.net\\\/?p=1783#breadcrumb\",\"itemListElement\":[{\"@type\":\"ListItem\",\"position\":1,\"name\":\"Accueil\",\"item\":\"https:\\\/\\\/lanuitdesours.lautre.net\\\/\"},{\"@type\":\"ListItem\",\"position\":2,\"name\":\"Deux Nuits des Ours &#8212; Nuit du 4 ANNUL\u00c9E et remplac\u00e9e par le CABARET DES OURS\"}]},{\"@type\":\"WebSite\",\"@id\":\"https:\\\/\\\/lanuitdesours.lautre.net\\\/#website\",\"url\":\"https:\\\/\\\/lanuitdesours.lautre.net\\\/\",\"name\":\"La Nuit des Ours\",\"description\":\"CR\u00c9ER C&#039;EST R\u00c9SISTER | R\u00c9SISTER C&#039;EST CR\u00c9ER\",\"publisher\":{\"@id\":\"https:\\\/\\\/lanuitdesours.lautre.net\\\/#organization\"},\"potentialAction\":[{\"@type\":\"SearchAction\",\"target\":{\"@type\":\"EntryPoint\",\"urlTemplate\":\"https:\\\/\\\/lanuitdesours.lautre.net\\\/?s={search_term_string}\"},\"query-input\":{\"@type\":\"PropertyValueSpecification\",\"valueRequired\":true,\"valueName\":\"search_term_string\"}}],\"inLanguage\":\"fr-FR\"},{\"@type\":\"Organization\",\"@id\":\"https:\\\/\\\/lanuitdesours.lautre.net\\\/#organization\",\"name\":\"Association LA NUIT DES OURS\",\"url\":\"https:\\\/\\\/lanuitdesours.lautre.net\\\/\",\"logo\":{\"@type\":\"ImageObject\",\"inLanguage\":\"fr-FR\",\"@id\":\"https:\\\/\\\/lanuitdesours.lautre.net\\\/#\\\/schema\\\/logo\\\/image\\\/\",\"url\":\"https:\\\/\\\/nuit-des-ours.com\\\/wp-content\\\/uploads\\\/2022\\\/07\\\/cropped-NDO_logo-noir_jaune.jpg\",\"contentUrl\":\"https:\\\/\\\/nuit-des-ours.com\\\/wp-content\\\/uploads\\\/2022\\\/07\\\/cropped-NDO_logo-noir_jaune.jpg\",\"width\":512,\"height\":512,\"caption\":\"Association LA NUIT DES OURS\"},\"image\":{\"@id\":\"https:\\\/\\\/lanuitdesours.lautre.net\\\/#\\\/schema\\\/logo\\\/image\\\/\"},\"sameAs\":[\"https:\\\/\\\/www.facebook.com\\\/lanuitdesours\\\/\",\"https:\\\/\\\/www.instagram.com\\\/lanuitdesours\\\/\"]},{\"@type\":\"Person\",\"@id\":\"https:\\\/\\\/lanuitdesours.lautre.net\\\/#\\\/schema\\\/person\\\/1f4500f2f631d9916d6b39f1c0ba934c\",\"name\":\"Cr\u00e9er c'est R\u00e9sister\",\"image\":{\"@type\":\"ImageObject\",\"inLanguage\":\"fr-FR\",\"@id\":\"https:\\\/\\\/secure.gravatar.com\\\/avatar\\\/08f4e38908e105d843bc2bab0e7af2243257415b61b5fe99e955c21a5f61fc2b?s=96&d=mm&r=g\",\"url\":\"https:\\\/\\\/secure.gravatar.com\\\/avatar\\\/08f4e38908e105d843bc2bab0e7af2243257415b61b5fe99e955c21a5f61fc2b?s=96&d=mm&r=g\",\"contentUrl\":\"https:\\\/\\\/secure.gravatar.com\\\/avatar\\\/08f4e38908e105d843bc2bab0e7af2243257415b61b5fe99e955c21a5f61fc2b?s=96&d=mm&r=g\",\"caption\":\"Cr\u00e9er c'est R\u00e9sister\"},\"sameAs\":[\"http:\\\/\\\/www.lanuitdesours.lautre.net\"],\"url\":\"https:\\\/\\\/lanuitdesours.lautre.net\\\/?author=1\"}]}<\/script>\n<!-- \/ Yoast SEO plugin. -->","yoast_head_json":{"title":"Deux Nuits des Ours - Nuit du 4 ANNUL\u00c9E et remplac\u00e9e par le CABARET DES OURS - Festival La Nuit des Ours Edition 2023","description":"NUITS DES OURS 4 & 7 AO\u00dbT 2023. Balades nocturnes en immersion entre for\u00eat et bosquets, \u00e0 la d\u00e9couverte de spectacles et Arts du Chemin.","robots":{"index":"noindex","follow":"follow"},"og_locale":"fr_FR","og_type":"article","og_title":"Deux Nuits des Ours - Nuit du 4 ANNUL\u00c9E et remplac\u00e9e par le CABARET DES OURS - Festival La Nuit des Ours Edition 2023","og_description":"NUITS DES OURS 4 & 7 AO\u00dbT 2023. Balades nocturnes en immersion entre for\u00eat et bosquets, \u00e0 la d\u00e9couverte de spectacles et Arts du Chemin.","og_url":"https:\/\/lanuitdesours.lautre.net\/?p=1783","og_site_name":"La Nuit des Ours","article_publisher":"https:\/\/www.facebook.com\/lanuitdesours\/","article_published_time":"2023-07-04T15:00:56+00:00","article_modified_time":"2024-08-04T12:54:23+00:00","og_image":[{"width":2048,"height":1365,"url":"https:\/\/lanuitdesours.lautre.net\/wp-content\/uploads\/2022\/07\/2019_tipi-lumie\u0300res.jpg","type":"image\/jpeg"}],"author":"Cr\u00e9er c'est R\u00e9sister","twitter_card":"summary_large_image","twitter_misc":{"\u00c9crit par":"Cr\u00e9er c'est R\u00e9sister","Dur\u00e9e de lecture estim\u00e9e":"7 minutes"},"schema":{"@context":"https:\/\/schema.org","@graph":[{"@type":"Article","@id":"https:\/\/lanuitdesours.lautre.net\/?p=1783#article","isPartOf":{"@id":"https:\/\/lanuitdesours.lautre.net\/?p=1783"},"author":{"name":"Cr\u00e9er c'est R\u00e9sister","@id":"https:\/\/lanuitdesours.lautre.net\/#\/schema\/person\/1f4500f2f631d9916d6b39f1c0ba934c"},"headline":"Deux Nuits des Ours &#8212; Nuit du 4 ANNUL\u00c9E et remplac\u00e9e par le CABARET DES OURS","datePublished":"2023-07-04T15:00:56+00:00","dateModified":"2024-08-04T12:54:23+00:00","mainEntityOfPage":{"@id":"https:\/\/lanuitdesours.lautre.net\/?p=1783"},"wordCount":1361,"publisher":{"@id":"https:\/\/lanuitdesours.lautre.net\/#organization"},"image":{"@id":"https:\/\/lanuitdesours.lautre.net\/?p=1783#primaryimage"},"thumbnailUrl":"https:\/\/lanuitdesours.lautre.net\/wp-content\/uploads\/2022\/07\/2019_tipi-lumie\u0300res.jpg","articleSection":["Edition 2023"],"inLanguage":"fr-FR"},{"@type":"WebPage","@id":"https:\/\/lanuitdesours.lautre.net\/?p=1783","url":"https:\/\/lanuitdesours.lautre.net\/?p=1783","name":"Deux Nuits des Ours - Nuit du 4 ANNUL\u00c9E et remplac\u00e9e par le CABARET DES OURS - Festival La Nuit des Ours Edition 2023","isPartOf":{"@id":"https:\/\/lanuitdesours.lautre.net\/#website"},"primaryImageOfPage":{"@id":"https:\/\/lanuitdesours.lautre.net\/?p=1783#primaryimage"},"image":{"@id":"https:\/\/lanuitdesours.lautre.net\/?p=1783#primaryimage"},"thumbnailUrl":"https:\/\/lanuitdesours.lautre.net\/wp-content\/uploads\/2022\/07\/2019_tipi-lumie\u0300res.jpg","datePublished":"2023-07-04T15:00:56+00:00","dateModified":"2024-08-04T12:54:23+00:00","description":"NUITS DES OURS 4 & 7 AO\u00dbT 2023. Balades nocturnes en immersion entre for\u00eat et bosquets, \u00e0 la d\u00e9couverte de spectacles et Arts du Chemin.","breadcrumb":{"@id":"https:\/\/lanuitdesours.lautre.net\/?p=1783#breadcrumb"},"inLanguage":"fr-FR","potentialAction":[{"@type":"ReadAction","target":["https:\/\/lanuitdesours.lautre.net\/?p=1783"]}]},{"@type":"ImageObject","inLanguage":"fr-FR","@id":"https:\/\/lanuitdesours.lautre.net\/?p=1783#primaryimage","url":"https:\/\/lanuitdesours.lautre.net\/wp-content\/uploads\/2022\/07\/2019_tipi-lumie\u0300res.jpg","contentUrl":"https:\/\/lanuitdesours.lautre.net\/wp-content\/uploads\/2022\/07\/2019_tipi-lumie\u0300res.jpg","width":2048,"height":1365,"caption":"La Nuit des Ours 2019 \u00a9 Eric Courcier"},{"@type":"BreadcrumbList","@id":"https:\/\/lanuitdesours.lautre.net\/?p=1783#breadcrumb","itemListElement":[{"@type":"ListItem","position":1,"name":"Accueil","item":"https:\/\/lanuitdesours.lautre.net\/"},{"@type":"ListItem","position":2,"name":"Deux Nuits des Ours &#8212; Nuit du 4 ANNUL\u00c9E et remplac\u00e9e par le CABARET DES OURS"}]},{"@type":"WebSite","@id":"https:\/\/lanuitdesours.lautre.net\/#website","url":"https:\/\/lanuitdesours.lautre.net\/","name":"La Nuit des Ours","description":"CR\u00c9ER C&#039;EST R\u00c9SISTER | R\u00c9SISTER C&#039;EST CR\u00c9ER","publisher":{"@id":"https:\/\/lanuitdesours.lautre.net\/#organization"},"potentialAction":[{"@type":"SearchAction","target":{"@type":"EntryPoint","urlTemplate":"https:\/\/lanuitdesours.lautre.net\/?s={search_term_string}"},"query-input":{"@type":"PropertyValueSpecification","valueRequired":true,"valueName":"search_term_string"}}],"inLanguage":"fr-FR"},{"@type":"Organization","@id":"https:\/\/lanuitdesours.lautre.net\/#organization","name":"Association LA NUIT DES OURS","url":"https:\/\/lanuitdesours.lautre.net\/","logo":{"@type":"ImageObject","inLanguage":"fr-FR","@id":"https:\/\/lanuitdesours.lautre.net\/#\/schema\/logo\/image\/","url":"https:\/\/nuit-des-ours.com\/wp-content\/uploads\/2022\/07\/cropped-NDO_logo-noir_jaune.jpg","contentUrl":"https:\/\/nuit-des-ours.com\/wp-content\/uploads\/2022\/07\/cropped-NDO_logo-noir_jaune.jpg","width":512,"height":512,"caption":"Association LA NUIT DES OURS"},"image":{"@id":"https:\/\/lanuitdesours.lautre.net\/#\/schema\/logo\/image\/"},"sameAs":["https:\/\/www.facebook.com\/lanuitdesours\/","https:\/\/www.instagram.com\/lanuitdesours\/"]},{"@type":"Person","@id":"https:\/\/lanuitdesours.lautre.net\/#\/schema\/person\/1f4500f2f631d9916d6b39f1c0ba934c","name":"Cr\u00e9er c'est R\u00e9sister","image":{"@type":"ImageObject","inLanguage":"fr-FR","@id":"https:\/\/secure.gravatar.com\/avatar\/08f4e38908e105d843bc2bab0e7af2243257415b61b5fe99e955c21a5f61fc2b?s=96&d=mm&r=g","url":"https:\/\/secure.gravatar.com\/avatar\/08f4e38908e105d843bc2bab0e7af2243257415b61b5fe99e955c21a5f61fc2b?s=96&d=mm&r=g","contentUrl":"https:\/\/secure.gravatar.com\/avatar\/08f4e38908e105d843bc2bab0e7af2243257415b61b5fe99e955c21a5f61fc2b?s=96&d=mm&r=g","caption":"Cr\u00e9er c'est R\u00e9sister"},"sameAs":["http:\/\/www.lanuitdesours.lautre.net"],"url":"https:\/\/lanuitdesours.lautre.net\/?author=1"}]}},"_links":{"self":[{"href":"https:\/\/lanuitdesours.lautre.net\/index.php?rest_route=\/wp\/v2\/posts\/1783","targetHints":{"allow":["GET"]}}],"collection":[{"href":"https:\/\/lanuitdesours.lautre.net\/index.php?rest_route=\/wp\/v2\/posts"}],"about":[{"href":"https:\/\/lanuitdesours.lautre.net\/index.php?rest_route=\/wp\/v2\/types\/post"}],"author":[{"embeddable":true,"href":"https:\/\/lanuitdesours.lautre.net\/index.php?rest_route=\/wp\/v2\/users\/1"}],"replies":[{"embeddable":true,"href":"https:\/\/lanuitdesours.lautre.net\/index.php?rest_route=%2Fwp%2Fv2%2Fcomments&post=1783"}],"version-history":[{"count":20,"href":"https:\/\/lanuitdesours.lautre.net\/index.php?rest_route=\/wp\/v2\/posts\/1783\/revisions"}],"predecessor-version":[{"id":2683,"href":"https:\/\/lanuitdesours.lautre.net\/index.php?rest_route=\/wp\/v2\/posts\/1783\/revisions\/2683"}],"wp:featuredmedia":[{"embeddable":true,"href":"https:\/\/lanuitdesours.lautre.net\/index.php?rest_route=\/wp\/v2\/media\/55"}],"wp:attachment":[{"href":"https:\/\/lanuitdesours.lautre.net\/index.php?rest_route=%2Fwp%2Fv2%2Fmedia&parent=1783"}],"wp:term":[{"taxonomy":"category","embeddable":true,"href":"https:\/\/lanuitdesours.lautre.net\/index.php?rest_route=%2Fwp%2Fv2%2Fcategories&post=1783"},{"taxonomy":"post_tag","embeddable":true,"href":"https:\/\/lanuitdesours.lautre.net\/index.php?rest_route=%2Fwp%2Fv2%2Ftags&post=1783"}],"curies":[{"name":"wp","href":"https:\/\/api.w.org\/{rel}","templated":true}]}}